{"id":958,"date":"2014-10-07T19:57:10","date_gmt":"2014-10-07T17:57:10","guid":{"rendered":"http:\/\/reiseblock.ch\/wordpress\/?p=958"},"modified":"2017-05-24T09:06:28","modified_gmt":"2017-05-24T07:06:28","slug":"genf-geneve","status":"publish","type":"post","link":"https:\/\/reiseblock.ch\/wordpress\/genf-geneve\/","title":{"rendered":"Genf \u2013 Gen\u00e8ve: Schweizer St\u00e4dtetipp"},"content":{"rendered":"<div id=\"attachment_959\" style=\"width: 810px\" class=\"wp-caption alignleft\"><a href=\"http:\/\/reiseblock.ch\/wordpress\/wp-content\/uploads\/2014\/10\/Genf.jpg\"><img loading=\"lazy\" decoding=\"async\" aria-describedby=\"caption-attachment-959\" class=\"wp-image-959 size-full\" src=\"http:\/\/reiseblock.ch\/wordpress\/wp-content\/uploads\/2014\/10\/Genf.jpg\" alt=\"Sicht auf Genf von der Cath\u00e9drale Saint-Pierre\" width=\"800\" height=\"533\" srcset=\"https:\/\/reiseblock.ch\/wordpress\/wp-content\/uploads\/2014\/10\/Genf.jpg 800w, https:\/\/reiseblock.ch\/wordpress\/wp-content\/uploads\/2014\/10\/Genf-300x199.jpg 300w\" sizes=\"auto, (max-width: 800px) 100vw, 800px\" \/><\/a><p id=\"caption-attachment-959\" class=\"wp-caption-text\">Sicht auf Genf von der Cath\u00e9drale Saint-Pierre<\/p><\/div>\n<p><span style=\"font-size: 12pt;\">Ein Stadtbummel in <a href=\"http:\/\/www.geneve-tourisme.ch\/en\/home\/\" target=\"_blank\" rel=\"noopener noreferrer\">Genf<\/a> im Herbst: Vom Bahnhof aus gelangen wir \u00fcber die Fussg\u00e4ngerbr\u00fccke parallel zur Pont-Blanc-Br\u00fccke schnell ins Zentrum der Stadt. <!--more-->Zuerst \u00fcberqueren wir die Einkaufsstrassen Genfs, die Rue du Rhone und Rue du March\u00e9, um dann durch die alten H\u00e4user Genfs zur <a href=\"http:\/\/www.saintpierre-geneve.ch\/\" target=\"_blank\" rel=\"noopener noreferrer\">Cath\u00e9drale Saint-Pierre<\/a> hochzusteigen. Empfehlenswert ist es, die Zwillingst\u00fcrme der Kirche zu besuchen. Von der Spitze aus hat man eine fantastische Sicht auf die Stadt und deren Wahrzeichen, die Jet d&#8217;eau, der Wasserspringbrunnen im See.<\/span><\/p>\n<h3><strong>Im Zentrum von Genf<\/strong><\/h3>\n<p><span style=\"font-size: 12pt;\">Rund um die Kathedarale befindet sich die lauschige Altstadt mit ihren kleinen Gesch\u00e4ften und Restaurants, die oft ein paar Tische auf die Strasse gestellt haben. Nicht verpassen: die Promenade de la Treille mit den langen gr\u00fcnen B\u00e4nken.<br \/>\n<\/span><\/p>\n<p><span style=\"font-size: 12pt;\">Im Zentrum von Genf sind die Hotspots erstaunlich nahe beeinander und gut zu Fuss erreichbar. Wer die Jet d&#8217;eau von nahem bewundern m\u00f6chte, kann die Promenade den See entlang wandern, nach Belieben. Und wer die Stadt vom Wasser aus bewundern m\u00f6chte, schliesst den Stadtspaziergang mit einer Schifffahrt ab.<\/span><\/p>\n","protected":false},"excerpt":{"rendered":"<p>Ein Stadtbummel in Genf im Herbst: Vom Bahnhof aus gelangen wir \u00fcber die Fussg\u00e4ngerbr\u00fccke parallel zur Pont-Blanc-Br\u00fccke schnell ins Zentrum der Stadt.<\/p>\n","protected":false},"author":1,"featured_media":959,"comment_status":"open","ping_status":"open","sticky":false,"template":"","format":"standard","meta":{"footnotes":""},"categories":[8],"tags":[90,89,91,92],"class_list":["post-958","post","type-post","status-publish","format-standard","has-post-thumbnail","hentry","category-tipp","tag-geneve","tag-genf","tag-staedtetrip","tag-weekend"],"yoast_head":"<!-- This site is optimized with the Yoast SEO plugin v27.8 - https:\/\/yoast.com\/product\/yoast-seo-wordpress\/ -->\n<title>Genf \u2013 Gen\u00e8ve: Schweizer St\u00e4dtetipp &#8211; Reiseblock<\/title>\n<meta name=\"description\" content=\"Genf ist eine Stadt mit internationaler Ausstrahlung. Das alte Stadtzentrum \u00fcberzeugt ebenso wie das moderne Genf.\" \/>\n<meta name=\"robots\" content=\"index, follow, max-snippet:-1, max-image-preview:large, max-video-preview:-1\" \/>\n<link rel=\"canonical\" href=\"https:\/\/reiseblock.ch\/wordpress\/genf-geneve\/\" \/>\n<meta property=\"og:locale\" content=\"de_DE\" \/>\n<meta property=\"og:type\" content=\"article\" \/>\n<meta property=\"og:title\" content=\"Genf \u2013 Gen\u00e8ve: Schweizer St\u00e4dtetipp &#8211; Reiseblock\" \/>\n<meta property=\"og:description\" content=\"Genf ist eine Stadt mit internationaler Ausstrahlung. Das alte Stadtzentrum \u00fcberzeugt ebenso wie das moderne Genf.\" \/>\n<meta property=\"og:url\" content=\"https:\/\/reiseblock.ch\/wordpress\/genf-geneve\/\" \/>\n<meta property=\"og:site_name\" content=\"Reiseblock\" \/>\n<meta property=\"article:published_time\" content=\"2014-10-07T17:57:10+00:00\" \/>\n<meta property=\"article:modified_time\" content=\"2017-05-24T07:06:28+00:00\" \/>\n<meta property=\"og:image\" content=\"https:\/\/reiseblock.ch\/wordpress\/wp-content\/uploads\/2014\/10\/Genf.jpg\" \/>\n\t<meta property=\"og:image:width\" content=\"800\" \/>\n\t<meta property=\"og:image:height\" content=\"533\" \/>\n\t<meta property=\"og:image:type\" content=\"image\/jpeg\" \/>\n<meta name=\"author\" content=\"admin\" \/>\n<meta name=\"twitter:label1\" content=\"Verfasst von\" \/>\n\t<meta name=\"twitter:data1\" content=\"admin\" \/>\n\t<meta name=\"twitter:label2\" content=\"Gesch\u00e4tzte Lesezeit\" \/>\n\t<meta name=\"twitter:data2\" content=\"1\u00a0Minute\" \/>\n<script type=\"application\/ld+json\" class=\"yoast-schema-graph\">{\"@context\":\"https:\\\/\\\/schema.org\",\"@graph\":[{\"@type\":\"Article\",\"@id\":\"https:\\\/\\\/reiseblock.ch\\\/wordpress\\\/genf-geneve\\\/#article\",\"isPartOf\":{\"@id\":\"https:\\\/\\\/reiseblock.ch\\\/wordpress\\\/genf-geneve\\\/\"},\"author\":{\"name\":\"admin\",\"@id\":\"https:\\\/\\\/reiseblock.ch\\\/wordpress\\\/#\\\/schema\\\/person\\\/739b103f8e7941f579794d17e2187721\"},\"headline\":\"Genf \u2013 Gen\u00e8ve: Schweizer St\u00e4dtetipp\",\"datePublished\":\"2014-10-07T17:57:10+00:00\",\"dateModified\":\"2017-05-24T07:06:28+00:00\",\"mainEntityOfPage\":{\"@id\":\"https:\\\/\\\/reiseblock.ch\\\/wordpress\\\/genf-geneve\\\/\"},\"wordCount\":201,\"commentCount\":0,\"publisher\":{\"@id\":\"https:\\\/\\\/reiseblock.ch\\\/wordpress\\\/#\\\/schema\\\/person\\\/eafba14374f16d5fa4f73efd49243014\"},\"image\":{\"@id\":\"https:\\\/\\\/reiseblock.ch\\\/wordpress\\\/genf-geneve\\\/#primaryimage\"},\"thumbnailUrl\":\"https:\\\/\\\/reiseblock.ch\\\/wordpress\\\/wp-content\\\/uploads\\\/2014\\\/10\\\/Genf.jpg\",\"keywords\":[\"Gen\u00e8ve\",\"Genf\",\"St\u00e4dtetrip\",\"Weekend\"],\"articleSection\":[\"Tipp\"],\"inLanguage\":\"de\",\"potentialAction\":[{\"@type\":\"CommentAction\",\"name\":\"Comment\",\"target\":[\"https:\\\/\\\/reiseblock.ch\\\/wordpress\\\/genf-geneve\\\/#respond\"]}]},{\"@type\":\"WebPage\",\"@id\":\"https:\\\/\\\/reiseblock.ch\\\/wordpress\\\/genf-geneve\\\/\",\"url\":\"https:\\\/\\\/reiseblock.ch\\\/wordpress\\\/genf-geneve\\\/\",\"name\":\"Genf \u2013 Gen\u00e8ve: Schweizer St\u00e4dtetipp &#8211; Reiseblock\",\"isPartOf\":{\"@id\":\"https:\\\/\\\/reiseblock.ch\\\/wordpress\\\/#website\"},\"primaryImageOfPage\":{\"@id\":\"https:\\\/\\\/reiseblock.ch\\\/wordpress\\\/genf-geneve\\\/#primaryimage\"},\"image\":{\"@id\":\"https:\\\/\\\/reiseblock.ch\\\/wordpress\\\/genf-geneve\\\/#primaryimage\"},\"thumbnailUrl\":\"https:\\\/\\\/reiseblock.ch\\\/wordpress\\\/wp-content\\\/uploads\\\/2014\\\/10\\\/Genf.jpg\",\"datePublished\":\"2014-10-07T17:57:10+00:00\",\"dateModified\":\"2017-05-24T07:06:28+00:00\",\"description\":\"Genf ist eine Stadt mit internationaler Ausstrahlung. Das alte Stadtzentrum \u00fcberzeugt ebenso wie das moderne Genf.\",\"breadcrumb\":{\"@id\":\"https:\\\/\\\/reiseblock.ch\\\/wordpress\\\/genf-geneve\\\/#breadcrumb\"},\"inLanguage\":\"de\",\"potentialAction\":[{\"@type\":\"ReadAction\",\"target\":[\"https:\\\/\\\/reiseblock.ch\\\/wordpress\\\/genf-geneve\\\/\"]}]},{\"@type\":\"ImageObject\",\"inLanguage\":\"de\",\"@id\":\"https:\\\/\\\/reiseblock.ch\\\/wordpress\\\/genf-geneve\\\/#primaryimage\",\"url\":\"https:\\\/\\\/reiseblock.ch\\\/wordpress\\\/wp-content\\\/uploads\\\/2014\\\/10\\\/Genf.jpg\",\"contentUrl\":\"https:\\\/\\\/reiseblock.ch\\\/wordpress\\\/wp-content\\\/uploads\\\/2014\\\/10\\\/Genf.jpg\",\"width\":800,\"height\":533,\"caption\":\"Sicht auf die Stadt von der Cath\u00e9drale Saint Pierre\"},{\"@type\":\"BreadcrumbList\",\"@id\":\"https:\\\/\\\/reiseblock.ch\\\/wordpress\\\/genf-geneve\\\/#breadcrumb\",\"itemListElement\":[{\"@type\":\"ListItem\",\"position\":1,\"name\":\"Home\",\"item\":\"https:\\\/\\\/reiseblock.ch\\\/wordpress\\\/\"},{\"@type\":\"ListItem\",\"position\":2,\"name\":\"Genf \u2013 Gen\u00e8ve: Schweizer St\u00e4dtetipp\"}]},{\"@type\":\"WebSite\",\"@id\":\"https:\\\/\\\/reiseblock.ch\\\/wordpress\\\/#website\",\"url\":\"https:\\\/\\\/reiseblock.ch\\\/wordpress\\\/\",\"name\":\"Reiseblock\",\"description\":\"Ursula Kohlers ReiseWeise\",\"publisher\":{\"@id\":\"https:\\\/\\\/reiseblock.ch\\\/wordpress\\\/#\\\/schema\\\/person\\\/eafba14374f16d5fa4f73efd49243014\"},\"potentialAction\":[{\"@type\":\"SearchAction\",\"target\":{\"@type\":\"EntryPoint\",\"urlTemplate\":\"https:\\\/\\\/reiseblock.ch\\\/wordpress\\\/?s={search_term_string}\"},\"query-input\":{\"@type\":\"PropertyValueSpecification\",\"valueRequired\":true,\"valueName\":\"search_term_string\"}}],\"inLanguage\":\"de\"},{\"@type\":[\"Person\",\"Organization\"],\"@id\":\"https:\\\/\\\/reiseblock.ch\\\/wordpress\\\/#\\\/schema\\\/person\\\/eafba14374f16d5fa4f73efd49243014\",\"name\":\"Ursula Kohler\",\"image\":{\"@type\":\"ImageObject\",\"inLanguage\":\"de\",\"@id\":\"https:\\\/\\\/secure.gravatar.com\\\/avatar\\\/014d9b9a971f617638f4298cbb55f92d20b3bf0d1c9cc32f65333b2769bcf867?s=96&d=blank&r=g\",\"url\":\"https:\\\/\\\/secure.gravatar.com\\\/avatar\\\/014d9b9a971f617638f4298cbb55f92d20b3bf0d1c9cc32f65333b2769bcf867?s=96&d=blank&r=g\",\"contentUrl\":\"https:\\\/\\\/secure.gravatar.com\\\/avatar\\\/014d9b9a971f617638f4298cbb55f92d20b3bf0d1c9cc32f65333b2769bcf867?s=96&d=blank&r=g\",\"caption\":\"Ursula Kohler\"},\"logo\":{\"@id\":\"https:\\\/\\\/secure.gravatar.com\\\/avatar\\\/014d9b9a971f617638f4298cbb55f92d20b3bf0d1c9cc32f65333b2769bcf867?s=96&d=blank&r=g\"}},{\"@type\":\"Person\",\"@id\":\"https:\\\/\\\/reiseblock.ch\\\/wordpress\\\/#\\\/schema\\\/person\\\/739b103f8e7941f579794d17e2187721\",\"name\":\"admin\",\"image\":{\"@type\":\"ImageObject\",\"inLanguage\":\"de\",\"@id\":\"https:\\\/\\\/secure.gravatar.com\\\/avatar\\\/a0f702f22ecd58ce02800a54cb2055cabe1fa8d7cf75ab377ce2f2b8503f188c?s=96&d=blank&r=g\",\"url\":\"https:\\\/\\\/secure.gravatar.com\\\/avatar\\\/a0f702f22ecd58ce02800a54cb2055cabe1fa8d7cf75ab377ce2f2b8503f188c?s=96&d=blank&r=g\",\"contentUrl\":\"https:\\\/\\\/secure.gravatar.com\\\/avatar\\\/a0f702f22ecd58ce02800a54cb2055cabe1fa8d7cf75ab377ce2f2b8503f188c?s=96&d=blank&r=g\",\"caption\":\"admin\"},\"url\":\"https:\\\/\\\/reiseblock.ch\\\/wordpress\\\/author\\\/admin\\\/\"}]}<\/script>\n<!-- \/ Yoast SEO plugin. -->","yoast_head_json":{"title":"Genf \u2013 Gen\u00e8ve: Schweizer St\u00e4dtetipp &#8211; Reiseblock","description":"Genf ist eine Stadt mit internationaler Ausstrahlung. Das alte Stadtzentrum \u00fcberzeugt ebenso wie das moderne Genf.","robots":{"index":"index","follow":"follow","max-snippet":"max-snippet:-1","max-image-preview":"max-image-preview:large","max-video-preview":"max-video-preview:-1"},"canonical":"https:\/\/reiseblock.ch\/wordpress\/genf-geneve\/","og_locale":"de_DE","og_type":"article","og_title":"Genf \u2013 Gen\u00e8ve: Schweizer St\u00e4dtetipp &#8211; Reiseblock","og_description":"Genf ist eine Stadt mit internationaler Ausstrahlung. Das alte Stadtzentrum \u00fcberzeugt ebenso wie das moderne Genf.","og_url":"https:\/\/reiseblock.ch\/wordpress\/genf-geneve\/","og_site_name":"Reiseblock","article_published_time":"2014-10-07T17:57:10+00:00","article_modified_time":"2017-05-24T07:06:28+00:00","og_image":[{"width":800,"height":533,"url":"https:\/\/reiseblock.ch\/wordpress\/wp-content\/uploads\/2014\/10\/Genf.jpg","type":"image\/jpeg"}],"author":"admin","twitter_misc":{"Verfasst von":"admin","Gesch\u00e4tzte Lesezeit":"1\u00a0Minute"},"schema":{"@context":"https:\/\/schema.org","@graph":[{"@type":"Article","@id":"https:\/\/reiseblock.ch\/wordpress\/genf-geneve\/#article","isPartOf":{"@id":"https:\/\/reiseblock.ch\/wordpress\/genf-geneve\/"},"author":{"name":"admin","@id":"https:\/\/reiseblock.ch\/wordpress\/#\/schema\/person\/739b103f8e7941f579794d17e2187721"},"headline":"Genf \u2013 Gen\u00e8ve: Schweizer St\u00e4dtetipp","datePublished":"2014-10-07T17:57:10+00:00","dateModified":"2017-05-24T07:06:28+00:00","mainEntityOfPage":{"@id":"https:\/\/reiseblock.ch\/wordpress\/genf-geneve\/"},"wordCount":201,"commentCount":0,"publisher":{"@id":"https:\/\/reiseblock.ch\/wordpress\/#\/schema\/person\/eafba14374f16d5fa4f73efd49243014"},"image":{"@id":"https:\/\/reiseblock.ch\/wordpress\/genf-geneve\/#primaryimage"},"thumbnailUrl":"https:\/\/reiseblock.ch\/wordpress\/wp-content\/uploads\/2014\/10\/Genf.jpg","keywords":["Gen\u00e8ve","Genf","St\u00e4dtetrip","Weekend"],"articleSection":["Tipp"],"inLanguage":"de","potentialAction":[{"@type":"CommentAction","name":"Comment","target":["https:\/\/reiseblock.ch\/wordpress\/genf-geneve\/#respond"]}]},{"@type":"WebPage","@id":"https:\/\/reiseblock.ch\/wordpress\/genf-geneve\/","url":"https:\/\/reiseblock.ch\/wordpress\/genf-geneve\/","name":"Genf \u2013 Gen\u00e8ve: Schweizer St\u00e4dtetipp &#8211; Reiseblock","isPartOf":{"@id":"https:\/\/reiseblock.ch\/wordpress\/#website"},"primaryImageOfPage":{"@id":"https:\/\/reiseblock.ch\/wordpress\/genf-geneve\/#primaryimage"},"image":{"@id":"https:\/\/reiseblock.ch\/wordpress\/genf-geneve\/#primaryimage"},"thumbnailUrl":"https:\/\/reiseblock.ch\/wordpress\/wp-content\/uploads\/2014\/10\/Genf.jpg","datePublished":"2014-10-07T17:57:10+00:00","dateModified":"2017-05-24T07:06:28+00:00","description":"Genf ist eine Stadt mit internationaler Ausstrahlung. Das alte Stadtzentrum \u00fcberzeugt ebenso wie das moderne Genf.","breadcrumb":{"@id":"https:\/\/reiseblock.ch\/wordpress\/genf-geneve\/#breadcrumb"},"inLanguage":"de","potentialAction":[{"@type":"ReadAction","target":["https:\/\/reiseblock.ch\/wordpress\/genf-geneve\/"]}]},{"@type":"ImageObject","inLanguage":"de","@id":"https:\/\/reiseblock.ch\/wordpress\/genf-geneve\/#primaryimage","url":"https:\/\/reiseblock.ch\/wordpress\/wp-content\/uploads\/2014\/10\/Genf.jpg","contentUrl":"https:\/\/reiseblock.ch\/wordpress\/wp-content\/uploads\/2014\/10\/Genf.jpg","width":800,"height":533,"caption":"Sicht auf die Stadt von der Cath\u00e9drale Saint Pierre"},{"@type":"BreadcrumbList","@id":"https:\/\/reiseblock.ch\/wordpress\/genf-geneve\/#breadcrumb","itemListElement":[{"@type":"ListItem","position":1,"name":"Home","item":"https:\/\/reiseblock.ch\/wordpress\/"},{"@type":"ListItem","position":2,"name":"Genf \u2013 Gen\u00e8ve: Schweizer St\u00e4dtetipp"}]},{"@type":"WebSite","@id":"https:\/\/reiseblock.ch\/wordpress\/#website","url":"https:\/\/reiseblock.ch\/wordpress\/","name":"Reiseblock","description":"Ursula Kohlers ReiseWeise","publisher":{"@id":"https:\/\/reiseblock.ch\/wordpress\/#\/schema\/person\/eafba14374f16d5fa4f73efd49243014"},"potentialAction":[{"@type":"SearchAction","target":{"@type":"EntryPoint","urlTemplate":"https:\/\/reiseblock.ch\/wordpress\/?s={search_term_string}"},"query-input":{"@type":"PropertyValueSpecification","valueRequired":true,"valueName":"search_term_string"}}],"inLanguage":"de"},{"@type":["Person","Organization"],"@id":"https:\/\/reiseblock.ch\/wordpress\/#\/schema\/person\/eafba14374f16d5fa4f73efd49243014","name":"Ursula Kohler","image":{"@type":"ImageObject","inLanguage":"de","@id":"https:\/\/secure.gravatar.com\/avatar\/014d9b9a971f617638f4298cbb55f92d20b3bf0d1c9cc32f65333b2769bcf867?s=96&d=blank&r=g","url":"https:\/\/secure.gravatar.com\/avatar\/014d9b9a971f617638f4298cbb55f92d20b3bf0d1c9cc32f65333b2769bcf867?s=96&d=blank&r=g","contentUrl":"https:\/\/secure.gravatar.com\/avatar\/014d9b9a971f617638f4298cbb55f92d20b3bf0d1c9cc32f65333b2769bcf867?s=96&d=blank&r=g","caption":"Ursula Kohler"},"logo":{"@id":"https:\/\/secure.gravatar.com\/avatar\/014d9b9a971f617638f4298cbb55f92d20b3bf0d1c9cc32f65333b2769bcf867?s=96&d=blank&r=g"}},{"@type":"Person","@id":"https:\/\/reiseblock.ch\/wordpress\/#\/schema\/person\/739b103f8e7941f579794d17e2187721","name":"admin","image":{"@type":"ImageObject","inLanguage":"de","@id":"https:\/\/secure.gravatar.com\/avatar\/a0f702f22ecd58ce02800a54cb2055cabe1fa8d7cf75ab377ce2f2b8503f188c?s=96&d=blank&r=g","url":"https:\/\/secure.gravatar.com\/avatar\/a0f702f22ecd58ce02800a54cb2055cabe1fa8d7cf75ab377ce2f2b8503f188c?s=96&d=blank&r=g","contentUrl":"https:\/\/secure.gravatar.com\/avatar\/a0f702f22ecd58ce02800a54cb2055cabe1fa8d7cf75ab377ce2f2b8503f188c?s=96&d=blank&r=g","caption":"admin"},"url":"https:\/\/reiseblock.ch\/wordpress\/author\/admin\/"}]}},"_links":{"self":[{"href":"https:\/\/reiseblock.ch\/wordpress\/wp-json\/wp\/v2\/posts\/958","targetHints":{"allow":["GET"]}}],"collection":[{"href":"https:\/\/reiseblock.ch\/wordpress\/wp-json\/wp\/v2\/posts"}],"about":[{"href":"https:\/\/reiseblock.ch\/wordpress\/wp-json\/wp\/v2\/types\/post"}],"author":[{"embeddable":true,"href":"https:\/\/reiseblock.ch\/wordpress\/wp-json\/wp\/v2\/users\/1"}],"replies":[{"embeddable":true,"href":"https:\/\/reiseblock.ch\/wordpress\/wp-json\/wp\/v2\/comments?post=958"}],"version-history":[{"count":10,"href":"https:\/\/reiseblock.ch\/wordpress\/wp-json\/wp\/v2\/posts\/958\/revisions"}],"predecessor-version":[{"id":1805,"href":"https:\/\/reiseblock.ch\/wordpress\/wp-json\/wp\/v2\/posts\/958\/revisions\/1805"}],"wp:featuredmedia":[{"embeddable":true,"href":"https:\/\/reiseblock.ch\/wordpress\/wp-json\/wp\/v2\/media\/959"}],"wp:attachment":[{"href":"https:\/\/reiseblock.ch\/wordpress\/wp-json\/wp\/v2\/media?parent=958"}],"wp:term":[{"taxonomy":"category","embeddable":true,"href":"https:\/\/reiseblock.ch\/wordpress\/wp-json\/wp\/v2\/categories?post=958"},{"taxonomy":"post_tag","embeddable":true,"href":"https:\/\/reiseblock.ch\/wordpress\/wp-json\/wp\/v2\/tags?post=958"}],"curies":[{"name":"wp","href":"https:\/\/api.w.org\/{rel}","templated":true}]}}