{"id":925,"date":"2014-08-31T23:35:23","date_gmt":"2014-08-31T21:35:23","guid":{"rendered":"http:\/\/reiseblock.ch\/wordpress\/?p=925"},"modified":"2017-05-24T09:10:15","modified_gmt":"2017-05-24T07:10:15","slug":"durch-die-luefte-auf-die-felsenegg","status":"publish","type":"post","link":"https:\/\/reiseblock.ch\/wordpress\/durch-die-luefte-auf-die-felsenegg\/","title":{"rendered":"Im roten B\u00e4hnli auf die Felsenegg"},"content":{"rendered":"<div id=\"attachment_926\" style=\"width: 710px\" class=\"wp-caption alignleft\"><a href=\"http:\/\/reiseblock.ch\/wordpress\/wp-content\/uploads\/2014\/08\/Felsenegg.jpg\"><img loading=\"lazy\" decoding=\"async\" aria-describedby=\"caption-attachment-926\" class=\"wp-image-926\" src=\"http:\/\/reiseblock.ch\/wordpress\/wp-content\/uploads\/2014\/08\/Felsenegg.jpg\" alt=\"Die Luftseilbahn Felsenegg feiert dieses Jahr das 60-j\u00e4hrige Jubil\u00e4um\" width=\"700\" height=\"467\" srcset=\"https:\/\/reiseblock.ch\/wordpress\/wp-content\/uploads\/2014\/08\/Felsenegg.jpg 600w, https:\/\/reiseblock.ch\/wordpress\/wp-content\/uploads\/2014\/08\/Felsenegg-300x200.jpg 300w\" sizes=\"auto, (max-width: 700px) 100vw, 700px\" \/><\/a><p id=\"caption-attachment-926\" class=\"wp-caption-text\"><span style=\"font-family: Book Antiqua,Palatino; font-size: 12pt;\">Die Luftseilbahn Felsenegg feiert dieses Jahr das 60-j\u00e4hrige Jubil\u00e4um<\/span><\/p><\/div>\n<p><span style=\"font-size: 12pt; font-family: Book Antiqua,Palatino;\">Es regnet. Wieder einmal. Wir sitzen zwar im Trockenen in der Talstation der <a href=\"http:\/\/www.laf.ch\" target=\"_blank\" rel=\"noopener noreferrer\">Luftseilbahn Felsenegg<\/a>, \u00fcberlegen uns aber kurz, den R\u00fcckweg anzutreten. Sollen wir bei diesem Wetter wirklich auf den Albis? Doch wir wagen es und werden nicht entt\u00e4uscht.<!--more--> <\/span><\/p>\n<p><span style=\"font-size: 12pt; font-family: Book Antiqua,Palatino;\">In f\u00fcnf Minuten \u00fcberwinden wir 300 H\u00f6henmeter. Ein leichter Zugang auf die Albiskette. Oben angekommen sehen wir unter uns Adliswil und im Hintergrund den Z\u00fcrichsee. In Dunst und Nebel. Manchmal entpuppen sich genau diese Tage zu einem idealen Ausflug. Der Regen wird weniger, die Luft ist rein, die Wege leergefegt. Etwas mehr als eine Stunde dauert die Wanderung auf den Albis, vorbei am Panoramarestaurant Felsenegg und der Buchenegg. In die andere Richtung bis zum Uetliberg sinds gut 1,5 Stunden zu Fuss.<\/span><\/p>\n<p><span style=\"font-family: Book Antiqua,Palatino; font-size: 12pt;\">Wir gehen dabei den <a href=\"http:\/\/www.uetliberg.ch\/planetenweg\/\" target=\"_blank\" rel=\"noopener noreferrer\">Planetenweg<\/a> entlang. Die Planeten sind im Verh\u00e4ltnis ihrer Distanz angelegt und starten bei der Uetlibergbahn. So gelangen wir in immer k\u00fcrzerer Distanz zu Saturn, Jupiter und Merkur, bis wir bei der Sonne ankommen. Etwas motivierender ist der Weg von dieser Seite her!<\/span><\/p>\n<p>&nbsp;<\/p>\n<p>&nbsp;<\/p>\n","protected":false},"excerpt":{"rendered":"<p>Es regnet. Wieder einmal. Wir sitzen zwar im Trockenen in der Talstation der Luftseilbahn Felsenegg, \u00fcberlegen uns aber kurz, den R\u00fcckweg anzutreten. Sollen wir bei [&#8230;]<\/p>\n","protected":false},"author":1,"featured_media":926,"comment_status":"open","ping_status":"open","sticky":false,"template":"","format":"standard","meta":{"footnotes":""},"categories":[8],"tags":[46,83,84],"class_list":["post-925","post","type-post","status-publish","format-standard","has-post-thumbnail","hentry","category-tipp","tag-albis","tag-felsenegg","tag-uetliberg"],"yoast_head":"<!-- This site is optimized with the Yoast SEO plugin v27.8 - https:\/\/yoast.com\/product\/yoast-seo-wordpress\/ -->\n<title>Im roten B\u00e4hnli auf die Felsenegg &#8211; Reiseblock<\/title>\n<meta name=\"description\" content=\"Mit dem B\u00e4hnchen ist man schnell auf der Felsenegg und kann von hier aus tolle Wanderungen auf der Albiskette unternehmen \u2013 bei jedem Wetter.\" \/>\n<meta name=\"robots\" content=\"index, follow, max-snippet:-1, max-image-preview:large, max-video-preview:-1\" \/>\n<link rel=\"canonical\" href=\"https:\/\/reiseblock.ch\/wordpress\/durch-die-luefte-auf-die-felsenegg\/\" \/>\n<meta property=\"og:locale\" content=\"de_DE\" \/>\n<meta property=\"og:type\" content=\"article\" \/>\n<meta property=\"og:title\" content=\"Im roten B\u00e4hnli auf die Felsenegg &#8211; Reiseblock\" \/>\n<meta property=\"og:description\" content=\"Mit dem B\u00e4hnchen ist man schnell auf der Felsenegg und kann von hier aus tolle Wanderungen auf der Albiskette unternehmen \u2013 bei jedem Wetter.\" \/>\n<meta property=\"og:url\" content=\"https:\/\/reiseblock.ch\/wordpress\/durch-die-luefte-auf-die-felsenegg\/\" \/>\n<meta property=\"og:site_name\" content=\"Reiseblock\" \/>\n<meta property=\"article:published_time\" content=\"2014-08-31T21:35:23+00:00\" \/>\n<meta property=\"article:modified_time\" content=\"2017-05-24T07:10:15+00:00\" \/>\n<meta property=\"og:image\" content=\"https:\/\/reiseblock.ch\/wordpress\/wp-content\/uploads\/2014\/08\/Felsenegg.jpg\" \/>\n\t<meta property=\"og:image:width\" content=\"600\" \/>\n\t<meta property=\"og:image:height\" content=\"400\" \/>\n\t<meta property=\"og:image:type\" content=\"image\/jpeg\" \/>\n<meta name=\"author\" content=\"admin\" \/>\n<meta name=\"twitter:label1\" content=\"Verfasst von\" \/>\n\t<meta name=\"twitter:data1\" content=\"admin\" \/>\n\t<meta name=\"twitter:label2\" content=\"Gesch\u00e4tzte Lesezeit\" \/>\n\t<meta name=\"twitter:data2\" content=\"1\u00a0Minute\" \/>\n<script type=\"application\/ld+json\" class=\"yoast-schema-graph\">{\"@context\":\"https:\\\/\\\/schema.org\",\"@graph\":[{\"@type\":\"Article\",\"@id\":\"https:\\\/\\\/reiseblock.ch\\\/wordpress\\\/durch-die-luefte-auf-die-felsenegg\\\/#article\",\"isPartOf\":{\"@id\":\"https:\\\/\\\/reiseblock.ch\\\/wordpress\\\/durch-die-luefte-auf-die-felsenegg\\\/\"},\"author\":{\"name\":\"admin\",\"@id\":\"https:\\\/\\\/reiseblock.ch\\\/wordpress\\\/#\\\/schema\\\/person\\\/739b103f8e7941f579794d17e2187721\"},\"headline\":\"Im roten B\u00e4hnli auf die Felsenegg\",\"datePublished\":\"2014-08-31T21:35:23+00:00\",\"dateModified\":\"2017-05-24T07:10:15+00:00\",\"mainEntityOfPage\":{\"@id\":\"https:\\\/\\\/reiseblock.ch\\\/wordpress\\\/durch-die-luefte-auf-die-felsenegg\\\/\"},\"wordCount\":198,\"commentCount\":0,\"publisher\":{\"@id\":\"https:\\\/\\\/reiseblock.ch\\\/wordpress\\\/#\\\/schema\\\/person\\\/eafba14374f16d5fa4f73efd49243014\"},\"image\":{\"@id\":\"https:\\\/\\\/reiseblock.ch\\\/wordpress\\\/durch-die-luefte-auf-die-felsenegg\\\/#primaryimage\"},\"thumbnailUrl\":\"https:\\\/\\\/reiseblock.ch\\\/wordpress\\\/wp-content\\\/uploads\\\/2014\\\/08\\\/Felsenegg.jpg\",\"keywords\":[\"Albis\",\"Felsenegg\",\"Uetliberg\"],\"articleSection\":[\"Tipp\"],\"inLanguage\":\"de\",\"potentialAction\":[{\"@type\":\"CommentAction\",\"name\":\"Comment\",\"target\":[\"https:\\\/\\\/reiseblock.ch\\\/wordpress\\\/durch-die-luefte-auf-die-felsenegg\\\/#respond\"]}]},{\"@type\":\"WebPage\",\"@id\":\"https:\\\/\\\/reiseblock.ch\\\/wordpress\\\/durch-die-luefte-auf-die-felsenegg\\\/\",\"url\":\"https:\\\/\\\/reiseblock.ch\\\/wordpress\\\/durch-die-luefte-auf-die-felsenegg\\\/\",\"name\":\"Im roten B\u00e4hnli auf die Felsenegg &#8211; Reiseblock\",\"isPartOf\":{\"@id\":\"https:\\\/\\\/reiseblock.ch\\\/wordpress\\\/#website\"},\"primaryImageOfPage\":{\"@id\":\"https:\\\/\\\/reiseblock.ch\\\/wordpress\\\/durch-die-luefte-auf-die-felsenegg\\\/#primaryimage\"},\"image\":{\"@id\":\"https:\\\/\\\/reiseblock.ch\\\/wordpress\\\/durch-die-luefte-auf-die-felsenegg\\\/#primaryimage\"},\"thumbnailUrl\":\"https:\\\/\\\/reiseblock.ch\\\/wordpress\\\/wp-content\\\/uploads\\\/2014\\\/08\\\/Felsenegg.jpg\",\"datePublished\":\"2014-08-31T21:35:23+00:00\",\"dateModified\":\"2017-05-24T07:10:15+00:00\",\"description\":\"Mit dem B\u00e4hnchen ist man schnell auf der Felsenegg und kann von hier aus tolle Wanderungen auf der Albiskette unternehmen \u2013 bei jedem Wetter.\",\"breadcrumb\":{\"@id\":\"https:\\\/\\\/reiseblock.ch\\\/wordpress\\\/durch-die-luefte-auf-die-felsenegg\\\/#breadcrumb\"},\"inLanguage\":\"de\",\"potentialAction\":[{\"@type\":\"ReadAction\",\"target\":[\"https:\\\/\\\/reiseblock.ch\\\/wordpress\\\/durch-die-luefte-auf-die-felsenegg\\\/\"]}]},{\"@type\":\"ImageObject\",\"inLanguage\":\"de\",\"@id\":\"https:\\\/\\\/reiseblock.ch\\\/wordpress\\\/durch-die-luefte-auf-die-felsenegg\\\/#primaryimage\",\"url\":\"https:\\\/\\\/reiseblock.ch\\\/wordpress\\\/wp-content\\\/uploads\\\/2014\\\/08\\\/Felsenegg.jpg\",\"contentUrl\":\"https:\\\/\\\/reiseblock.ch\\\/wordpress\\\/wp-content\\\/uploads\\\/2014\\\/08\\\/Felsenegg.jpg\",\"width\":600,\"height\":400,\"caption\":\"Die Luftseilbahn Felsenegg feiert dieses Jahr das 60-j\u00e4hrige Jubil\u00e4um\"},{\"@type\":\"BreadcrumbList\",\"@id\":\"https:\\\/\\\/reiseblock.ch\\\/wordpress\\\/durch-die-luefte-auf-die-felsenegg\\\/#breadcrumb\",\"itemListElement\":[{\"@type\":\"ListItem\",\"position\":1,\"name\":\"Home\",\"item\":\"https:\\\/\\\/reiseblock.ch\\\/wordpress\\\/\"},{\"@type\":\"ListItem\",\"position\":2,\"name\":\"Im roten B\u00e4hnli auf die Felsenegg\"}]},{\"@type\":\"WebSite\",\"@id\":\"https:\\\/\\\/reiseblock.ch\\\/wordpress\\\/#website\",\"url\":\"https:\\\/\\\/reiseblock.ch\\\/wordpress\\\/\",\"name\":\"Reiseblock\",\"description\":\"Ursula Kohlers ReiseWeise\",\"publisher\":{\"@id\":\"https:\\\/\\\/reiseblock.ch\\\/wordpress\\\/#\\\/schema\\\/person\\\/eafba14374f16d5fa4f73efd49243014\"},\"potentialAction\":[{\"@type\":\"SearchAction\",\"target\":{\"@type\":\"EntryPoint\",\"urlTemplate\":\"https:\\\/\\\/reiseblock.ch\\\/wordpress\\\/?s={search_term_string}\"},\"query-input\":{\"@type\":\"PropertyValueSpecification\",\"valueRequired\":true,\"valueName\":\"search_term_string\"}}],\"inLanguage\":\"de\"},{\"@type\":[\"Person\",\"Organization\"],\"@id\":\"https:\\\/\\\/reiseblock.ch\\\/wordpress\\\/#\\\/schema\\\/person\\\/eafba14374f16d5fa4f73efd49243014\",\"name\":\"Ursula Kohler\",\"image\":{\"@type\":\"ImageObject\",\"inLanguage\":\"de\",\"@id\":\"https:\\\/\\\/secure.gravatar.com\\\/avatar\\\/014d9b9a971f617638f4298cbb55f92d20b3bf0d1c9cc32f65333b2769bcf867?s=96&d=blank&r=g\",\"url\":\"https:\\\/\\\/secure.gravatar.com\\\/avatar\\\/014d9b9a971f617638f4298cbb55f92d20b3bf0d1c9cc32f65333b2769bcf867?s=96&d=blank&r=g\",\"contentUrl\":\"https:\\\/\\\/secure.gravatar.com\\\/avatar\\\/014d9b9a971f617638f4298cbb55f92d20b3bf0d1c9cc32f65333b2769bcf867?s=96&d=blank&r=g\",\"caption\":\"Ursula Kohler\"},\"logo\":{\"@id\":\"https:\\\/\\\/secure.gravatar.com\\\/avatar\\\/014d9b9a971f617638f4298cbb55f92d20b3bf0d1c9cc32f65333b2769bcf867?s=96&d=blank&r=g\"}},{\"@type\":\"Person\",\"@id\":\"https:\\\/\\\/reiseblock.ch\\\/wordpress\\\/#\\\/schema\\\/person\\\/739b103f8e7941f579794d17e2187721\",\"name\":\"admin\",\"image\":{\"@type\":\"ImageObject\",\"inLanguage\":\"de\",\"@id\":\"https:\\\/\\\/secure.gravatar.com\\\/avatar\\\/a0f702f22ecd58ce02800a54cb2055cabe1fa8d7cf75ab377ce2f2b8503f188c?s=96&d=blank&r=g\",\"url\":\"https:\\\/\\\/secure.gravatar.com\\\/avatar\\\/a0f702f22ecd58ce02800a54cb2055cabe1fa8d7cf75ab377ce2f2b8503f188c?s=96&d=blank&r=g\",\"contentUrl\":\"https:\\\/\\\/secure.gravatar.com\\\/avatar\\\/a0f702f22ecd58ce02800a54cb2055cabe1fa8d7cf75ab377ce2f2b8503f188c?s=96&d=blank&r=g\",\"caption\":\"admin\"},\"url\":\"https:\\\/\\\/reiseblock.ch\\\/wordpress\\\/author\\\/admin\\\/\"}]}<\/script>\n<!-- \/ Yoast SEO plugin. -->","yoast_head_json":{"title":"Im roten B\u00e4hnli auf die Felsenegg &#8211; Reiseblock","description":"Mit dem B\u00e4hnchen ist man schnell auf der Felsenegg und kann von hier aus tolle Wanderungen auf der Albiskette unternehmen \u2013 bei jedem Wetter.","robots":{"index":"index","follow":"follow","max-snippet":"max-snippet:-1","max-image-preview":"max-image-preview:large","max-video-preview":"max-video-preview:-1"},"canonical":"https:\/\/reiseblock.ch\/wordpress\/durch-die-luefte-auf-die-felsenegg\/","og_locale":"de_DE","og_type":"article","og_title":"Im roten B\u00e4hnli auf die Felsenegg &#8211; Reiseblock","og_description":"Mit dem B\u00e4hnchen ist man schnell auf der Felsenegg und kann von hier aus tolle Wanderungen auf der Albiskette unternehmen \u2013 bei jedem Wetter.","og_url":"https:\/\/reiseblock.ch\/wordpress\/durch-die-luefte-auf-die-felsenegg\/","og_site_name":"Reiseblock","article_published_time":"2014-08-31T21:35:23+00:00","article_modified_time":"2017-05-24T07:10:15+00:00","og_image":[{"width":600,"height":400,"url":"https:\/\/reiseblock.ch\/wordpress\/wp-content\/uploads\/2014\/08\/Felsenegg.jpg","type":"image\/jpeg"}],"author":"admin","twitter_misc":{"Verfasst von":"admin","Gesch\u00e4tzte Lesezeit":"1\u00a0Minute"},"schema":{"@context":"https:\/\/schema.org","@graph":[{"@type":"Article","@id":"https:\/\/reiseblock.ch\/wordpress\/durch-die-luefte-auf-die-felsenegg\/#article","isPartOf":{"@id":"https:\/\/reiseblock.ch\/wordpress\/durch-die-luefte-auf-die-felsenegg\/"},"author":{"name":"admin","@id":"https:\/\/reiseblock.ch\/wordpress\/#\/schema\/person\/739b103f8e7941f579794d17e2187721"},"headline":"Im roten B\u00e4hnli auf die Felsenegg","datePublished":"2014-08-31T21:35:23+00:00","dateModified":"2017-05-24T07:10:15+00:00","mainEntityOfPage":{"@id":"https:\/\/reiseblock.ch\/wordpress\/durch-die-luefte-auf-die-felsenegg\/"},"wordCount":198,"commentCount":0,"publisher":{"@id":"https:\/\/reiseblock.ch\/wordpress\/#\/schema\/person\/eafba14374f16d5fa4f73efd49243014"},"image":{"@id":"https:\/\/reiseblock.ch\/wordpress\/durch-die-luefte-auf-die-felsenegg\/#primaryimage"},"thumbnailUrl":"https:\/\/reiseblock.ch\/wordpress\/wp-content\/uploads\/2014\/08\/Felsenegg.jpg","keywords":["Albis","Felsenegg","Uetliberg"],"articleSection":["Tipp"],"inLanguage":"de","potentialAction":[{"@type":"CommentAction","name":"Comment","target":["https:\/\/reiseblock.ch\/wordpress\/durch-die-luefte-auf-die-felsenegg\/#respond"]}]},{"@type":"WebPage","@id":"https:\/\/reiseblock.ch\/wordpress\/durch-die-luefte-auf-die-felsenegg\/","url":"https:\/\/reiseblock.ch\/wordpress\/durch-die-luefte-auf-die-felsenegg\/","name":"Im roten B\u00e4hnli auf die Felsenegg &#8211; Reiseblock","isPartOf":{"@id":"https:\/\/reiseblock.ch\/wordpress\/#website"},"primaryImageOfPage":{"@id":"https:\/\/reiseblock.ch\/wordpress\/durch-die-luefte-auf-die-felsenegg\/#primaryimage"},"image":{"@id":"https:\/\/reiseblock.ch\/wordpress\/durch-die-luefte-auf-die-felsenegg\/#primaryimage"},"thumbnailUrl":"https:\/\/reiseblock.ch\/wordpress\/wp-content\/uploads\/2014\/08\/Felsenegg.jpg","datePublished":"2014-08-31T21:35:23+00:00","dateModified":"2017-05-24T07:10:15+00:00","description":"Mit dem B\u00e4hnchen ist man schnell auf der Felsenegg und kann von hier aus tolle Wanderungen auf der Albiskette unternehmen \u2013 bei jedem Wetter.","breadcrumb":{"@id":"https:\/\/reiseblock.ch\/wordpress\/durch-die-luefte-auf-die-felsenegg\/#breadcrumb"},"inLanguage":"de","potentialAction":[{"@type":"ReadAction","target":["https:\/\/reiseblock.ch\/wordpress\/durch-die-luefte-auf-die-felsenegg\/"]}]},{"@type":"ImageObject","inLanguage":"de","@id":"https:\/\/reiseblock.ch\/wordpress\/durch-die-luefte-auf-die-felsenegg\/#primaryimage","url":"https:\/\/reiseblock.ch\/wordpress\/wp-content\/uploads\/2014\/08\/Felsenegg.jpg","contentUrl":"https:\/\/reiseblock.ch\/wordpress\/wp-content\/uploads\/2014\/08\/Felsenegg.jpg","width":600,"height":400,"caption":"Die Luftseilbahn Felsenegg feiert dieses Jahr das 60-j\u00e4hrige Jubil\u00e4um"},{"@type":"BreadcrumbList","@id":"https:\/\/reiseblock.ch\/wordpress\/durch-die-luefte-auf-die-felsenegg\/#breadcrumb","itemListElement":[{"@type":"ListItem","position":1,"name":"Home","item":"https:\/\/reiseblock.ch\/wordpress\/"},{"@type":"ListItem","position":2,"name":"Im roten B\u00e4hnli auf die Felsenegg"}]},{"@type":"WebSite","@id":"https:\/\/reiseblock.ch\/wordpress\/#website","url":"https:\/\/reiseblock.ch\/wordpress\/","name":"Reiseblock","description":"Ursula Kohlers ReiseWeise","publisher":{"@id":"https:\/\/reiseblock.ch\/wordpress\/#\/schema\/person\/eafba14374f16d5fa4f73efd49243014"},"potentialAction":[{"@type":"SearchAction","target":{"@type":"EntryPoint","urlTemplate":"https:\/\/reiseblock.ch\/wordpress\/?s={search_term_string}"},"query-input":{"@type":"PropertyValueSpecification","valueRequired":true,"valueName":"search_term_string"}}],"inLanguage":"de"},{"@type":["Person","Organization"],"@id":"https:\/\/reiseblock.ch\/wordpress\/#\/schema\/person\/eafba14374f16d5fa4f73efd49243014","name":"Ursula Kohler","image":{"@type":"ImageObject","inLanguage":"de","@id":"https:\/\/secure.gravatar.com\/avatar\/014d9b9a971f617638f4298cbb55f92d20b3bf0d1c9cc32f65333b2769bcf867?s=96&d=blank&r=g","url":"https:\/\/secure.gravatar.com\/avatar\/014d9b9a971f617638f4298cbb55f92d20b3bf0d1c9cc32f65333b2769bcf867?s=96&d=blank&r=g","contentUrl":"https:\/\/secure.gravatar.com\/avatar\/014d9b9a971f617638f4298cbb55f92d20b3bf0d1c9cc32f65333b2769bcf867?s=96&d=blank&r=g","caption":"Ursula Kohler"},"logo":{"@id":"https:\/\/secure.gravatar.com\/avatar\/014d9b9a971f617638f4298cbb55f92d20b3bf0d1c9cc32f65333b2769bcf867?s=96&d=blank&r=g"}},{"@type":"Person","@id":"https:\/\/reiseblock.ch\/wordpress\/#\/schema\/person\/739b103f8e7941f579794d17e2187721","name":"admin","image":{"@type":"ImageObject","inLanguage":"de","@id":"https:\/\/secure.gravatar.com\/avatar\/a0f702f22ecd58ce02800a54cb2055cabe1fa8d7cf75ab377ce2f2b8503f188c?s=96&d=blank&r=g","url":"https:\/\/secure.gravatar.com\/avatar\/a0f702f22ecd58ce02800a54cb2055cabe1fa8d7cf75ab377ce2f2b8503f188c?s=96&d=blank&r=g","contentUrl":"https:\/\/secure.gravatar.com\/avatar\/a0f702f22ecd58ce02800a54cb2055cabe1fa8d7cf75ab377ce2f2b8503f188c?s=96&d=blank&r=g","caption":"admin"},"url":"https:\/\/reiseblock.ch\/wordpress\/author\/admin\/"}]}},"_links":{"self":[{"href":"https:\/\/reiseblock.ch\/wordpress\/wp-json\/wp\/v2\/posts\/925","targetHints":{"allow":["GET"]}}],"collection":[{"href":"https:\/\/reiseblock.ch\/wordpress\/wp-json\/wp\/v2\/posts"}],"about":[{"href":"https:\/\/reiseblock.ch\/wordpress\/wp-json\/wp\/v2\/types\/post"}],"author":[{"embeddable":true,"href":"https:\/\/reiseblock.ch\/wordpress\/wp-json\/wp\/v2\/users\/1"}],"replies":[{"embeddable":true,"href":"https:\/\/reiseblock.ch\/wordpress\/wp-json\/wp\/v2\/comments?post=925"}],"version-history":[{"count":17,"href":"https:\/\/reiseblock.ch\/wordpress\/wp-json\/wp\/v2\/posts\/925\/revisions"}],"predecessor-version":[{"id":1809,"href":"https:\/\/reiseblock.ch\/wordpress\/wp-json\/wp\/v2\/posts\/925\/revisions\/1809"}],"wp:featuredmedia":[{"embeddable":true,"href":"https:\/\/reiseblock.ch\/wordpress\/wp-json\/wp\/v2\/media\/926"}],"wp:attachment":[{"href":"https:\/\/reiseblock.ch\/wordpress\/wp-json\/wp\/v2\/media?parent=925"}],"wp:term":[{"taxonomy":"category","embeddable":true,"href":"https:\/\/reiseblock.ch\/wordpress\/wp-json\/wp\/v2\/categories?post=925"},{"taxonomy":"post_tag","embeddable":true,"href":"https:\/\/reiseblock.ch\/wordpress\/wp-json\/wp\/v2\/tags?post=925"}],"curies":[{"name":"wp","href":"https:\/\/api.w.org\/{rel}","templated":true}]}}