{"id":856,"date":"2014-07-29T21:46:51","date_gmt":"2014-07-29T19:46:51","guid":{"rendered":"http:\/\/reiseblock.ch\/wordpress\/?p=856"},"modified":"2017-05-24T09:13:52","modified_gmt":"2017-05-24T07:13:52","slug":"paros-insel-der-kykladen","status":"publish","type":"post","link":"https:\/\/reiseblock.ch\/wordpress\/paros-insel-der-kykladen\/","title":{"rendered":"P\u00e1ros: Insel der Kykladen"},"content":{"rendered":"<div id=\"attachment_854\" style=\"width: 710px\" class=\"wp-caption alignleft\"><a href=\"http:\/\/reiseblock.ch\/wordpress\/wp-content\/uploads\/2014\/07\/image2.jpg\"><img loading=\"lazy\" decoding=\"async\" aria-describedby=\"caption-attachment-854\" class=\"wp-image-854 size-large\" src=\"http:\/\/reiseblock.ch\/wordpress\/wp-content\/uploads\/2014\/07\/image2-1024x765.jpg\" alt=\"P\u00e1ros ist windig und bei Surfern beliebt\" width=\"700\" height=\"523\" \/><\/a><p id=\"caption-attachment-854\" class=\"wp-caption-text\">P\u00e1ros ist windig und bei Surfern beliebt<\/p><\/div>\n<p><span style=\"font-size: 12pt;\">Gross ist die Insel nicht: ca. 25 km lang und bis 16 km breit. In vier Stunden erreicht man von Athen aus mit der F\u00e4hre die Kykladeninsel, mit der Schnellf\u00e4hre ist es noch weniger.<\/span><\/p>\n<p><span style=\"font-size: 12pt;\"><!--more-->Wer seine Unterkunft nicht schon gebucht hat, kann am Hafen auf eines der Angebote eingehen, die von den Anbietern auf hochgehaltenen Schiltern angepriesen werden. Der Ankunftshafen ist Hauptort zugleich: Pariki\u00e1.<\/span><\/p>\n<p><span style=\"font-size: 12pt;\">Hier gehts lebendig zu. Ruhiger ist die Ostk\u00fcste der Insel mit einigen sch\u00f6nen Str\u00e4nden. Mit 1 Kilometer ist der Golden Beach am l\u00e4ngsten. Da es hier immer windet, ziehen die Str\u00e4nde viele Surfer an. Wer Wind und Ruhe liebt, ist auf dieser Insel richtig. Die ganze Insel P\u00e1ros hat man in wenigen Stunden umrundet, h\u00fcbsch ist der alte Fischerort N\u00e1oussa. Durch die engen Gassen zu bummeln und die kleinen L\u00e4den zu besuchen, ist friedlich. P\u00e1ros bildet den Start unseres Inselh\u00fcpfens, das weiter nach N\u00e1xos und Santor\u00edni geht. Wir m\u00f6gen diese kleine, ruhige Insel, sind aber gleichzeitig gespannt auf die gr\u00f6sste der Kykladen, N\u00e1xos, unsere n\u00e4chste Etappe.<\/span><\/p>\n","protected":false},"excerpt":{"rendered":"<p>Gross ist die Insel nicht: ca. 25 km lang und bis 16 km breit. In vier Stunden erreicht man von Athen aus mit der F\u00e4hre [&#8230;]<\/p>\n","protected":false},"author":1,"featured_media":854,"comment_status":"open","ping_status":"open","sticky":false,"template":"","format":"standard","meta":{"footnotes":""},"categories":[10],"tags":[77,79,78],"class_list":["post-856","post","type-post","status-publish","format-standard","has-post-thumbnail","hentry","category-erlebt","tag-griechenland","tag-kykladen","tag-paros"],"yoast_head":"<!-- This site is optimized with the Yoast SEO plugin v27.8 - https:\/\/yoast.com\/product\/yoast-seo-wordpress\/ -->\n<title>P\u00e1ros: Insel der Kykladen &#8211; Reiseblock<\/title>\n<meta name=\"robots\" content=\"index, follow, max-snippet:-1, max-image-preview:large, max-video-preview:-1\" \/>\n<link rel=\"canonical\" href=\"https:\/\/reiseblock.ch\/wordpress\/paros-insel-der-kykladen\/\" \/>\n<meta property=\"og:locale\" content=\"de_DE\" \/>\n<meta property=\"og:type\" content=\"article\" \/>\n<meta property=\"og:title\" content=\"P\u00e1ros: Insel der Kykladen &#8211; Reiseblock\" \/>\n<meta property=\"og:description\" content=\"Gross ist die Insel nicht: ca. 25 km lang und bis 16 km breit. In vier Stunden erreicht man von Athen aus mit der F\u00e4hre [...]\" \/>\n<meta property=\"og:url\" content=\"https:\/\/reiseblock.ch\/wordpress\/paros-insel-der-kykladen\/\" \/>\n<meta property=\"og:site_name\" content=\"Reiseblock\" \/>\n<meta property=\"article:published_time\" content=\"2014-07-29T19:46:51+00:00\" \/>\n<meta property=\"article:modified_time\" content=\"2017-05-24T07:13:52+00:00\" \/>\n<meta property=\"og:image\" content=\"https:\/\/reiseblock.ch\/wordpress\/wp-content\/uploads\/2014\/07\/image2-e1495609971453.jpg\" \/>\n\t<meta property=\"og:image:width\" content=\"1000\" \/>\n\t<meta property=\"og:image:height\" content=\"747\" \/>\n\t<meta property=\"og:image:type\" content=\"image\/jpeg\" \/>\n<meta name=\"author\" content=\"admin\" \/>\n<meta name=\"twitter:label1\" content=\"Verfasst von\" \/>\n\t<meta name=\"twitter:data1\" content=\"admin\" \/>\n\t<meta name=\"twitter:label2\" content=\"Gesch\u00e4tzte Lesezeit\" \/>\n\t<meta name=\"twitter:data2\" content=\"1\u00a0Minute\" \/>\n<script type=\"application\/ld+json\" class=\"yoast-schema-graph\">{\"@context\":\"https:\\\/\\\/schema.org\",\"@graph\":[{\"@type\":\"Article\",\"@id\":\"https:\\\/\\\/reiseblock.ch\\\/wordpress\\\/paros-insel-der-kykladen\\\/#article\",\"isPartOf\":{\"@id\":\"https:\\\/\\\/reiseblock.ch\\\/wordpress\\\/paros-insel-der-kykladen\\\/\"},\"author\":{\"name\":\"admin\",\"@id\":\"https:\\\/\\\/reiseblock.ch\\\/wordpress\\\/#\\\/schema\\\/person\\\/739b103f8e7941f579794d17e2187721\"},\"headline\":\"P\u00e1ros: Insel der Kykladen\",\"datePublished\":\"2014-07-29T19:46:51+00:00\",\"dateModified\":\"2017-05-24T07:13:52+00:00\",\"mainEntityOfPage\":{\"@id\":\"https:\\\/\\\/reiseblock.ch\\\/wordpress\\\/paros-insel-der-kykladen\\\/\"},\"wordCount\":206,\"commentCount\":0,\"publisher\":{\"@id\":\"https:\\\/\\\/reiseblock.ch\\\/wordpress\\\/#\\\/schema\\\/person\\\/eafba14374f16d5fa4f73efd49243014\"},\"image\":{\"@id\":\"https:\\\/\\\/reiseblock.ch\\\/wordpress\\\/paros-insel-der-kykladen\\\/#primaryimage\"},\"thumbnailUrl\":\"https:\\\/\\\/reiseblock.ch\\\/wordpress\\\/wp-content\\\/uploads\\\/2014\\\/07\\\/image2-e1495609971453.jpg\",\"keywords\":[\"Griechenland\",\"Kykladen\",\"Par\u00f3s\"],\"articleSection\":[\"Erlebt\"],\"inLanguage\":\"de\",\"potentialAction\":[{\"@type\":\"CommentAction\",\"name\":\"Comment\",\"target\":[\"https:\\\/\\\/reiseblock.ch\\\/wordpress\\\/paros-insel-der-kykladen\\\/#respond\"]}]},{\"@type\":\"WebPage\",\"@id\":\"https:\\\/\\\/reiseblock.ch\\\/wordpress\\\/paros-insel-der-kykladen\\\/\",\"url\":\"https:\\\/\\\/reiseblock.ch\\\/wordpress\\\/paros-insel-der-kykladen\\\/\",\"name\":\"P\u00e1ros: Insel der Kykladen &#8211; Reiseblock\",\"isPartOf\":{\"@id\":\"https:\\\/\\\/reiseblock.ch\\\/wordpress\\\/#website\"},\"primaryImageOfPage\":{\"@id\":\"https:\\\/\\\/reiseblock.ch\\\/wordpress\\\/paros-insel-der-kykladen\\\/#primaryimage\"},\"image\":{\"@id\":\"https:\\\/\\\/reiseblock.ch\\\/wordpress\\\/paros-insel-der-kykladen\\\/#primaryimage\"},\"thumbnailUrl\":\"https:\\\/\\\/reiseblock.ch\\\/wordpress\\\/wp-content\\\/uploads\\\/2014\\\/07\\\/image2-e1495609971453.jpg\",\"datePublished\":\"2014-07-29T19:46:51+00:00\",\"dateModified\":\"2017-05-24T07:13:52+00:00\",\"breadcrumb\":{\"@id\":\"https:\\\/\\\/reiseblock.ch\\\/wordpress\\\/paros-insel-der-kykladen\\\/#breadcrumb\"},\"inLanguage\":\"de\",\"potentialAction\":[{\"@type\":\"ReadAction\",\"target\":[\"https:\\\/\\\/reiseblock.ch\\\/wordpress\\\/paros-insel-der-kykladen\\\/\"]}]},{\"@type\":\"ImageObject\",\"inLanguage\":\"de\",\"@id\":\"https:\\\/\\\/reiseblock.ch\\\/wordpress\\\/paros-insel-der-kykladen\\\/#primaryimage\",\"url\":\"https:\\\/\\\/reiseblock.ch\\\/wordpress\\\/wp-content\\\/uploads\\\/2014\\\/07\\\/image2-e1495609971453.jpg\",\"contentUrl\":\"https:\\\/\\\/reiseblock.ch\\\/wordpress\\\/wp-content\\\/uploads\\\/2014\\\/07\\\/image2-e1495609971453.jpg\",\"width\":1000,\"height\":747,\"caption\":\"Par\u00f3s ist windig und bei Surfern beliebt\"},{\"@type\":\"BreadcrumbList\",\"@id\":\"https:\\\/\\\/reiseblock.ch\\\/wordpress\\\/paros-insel-der-kykladen\\\/#breadcrumb\",\"itemListElement\":[{\"@type\":\"ListItem\",\"position\":1,\"name\":\"Home\",\"item\":\"https:\\\/\\\/reiseblock.ch\\\/wordpress\\\/\"},{\"@type\":\"ListItem\",\"position\":2,\"name\":\"P\u00e1ros: Insel der Kykladen\"}]},{\"@type\":\"WebSite\",\"@id\":\"https:\\\/\\\/reiseblock.ch\\\/wordpress\\\/#website\",\"url\":\"https:\\\/\\\/reiseblock.ch\\\/wordpress\\\/\",\"name\":\"Reiseblock\",\"description\":\"Ursula Kohlers ReiseWeise\",\"publisher\":{\"@id\":\"https:\\\/\\\/reiseblock.ch\\\/wordpress\\\/#\\\/schema\\\/person\\\/eafba14374f16d5fa4f73efd49243014\"},\"potentialAction\":[{\"@type\":\"SearchAction\",\"target\":{\"@type\":\"EntryPoint\",\"urlTemplate\":\"https:\\\/\\\/reiseblock.ch\\\/wordpress\\\/?s={search_term_string}\"},\"query-input\":{\"@type\":\"PropertyValueSpecification\",\"valueRequired\":true,\"valueName\":\"search_term_string\"}}],\"inLanguage\":\"de\"},{\"@type\":[\"Person\",\"Organization\"],\"@id\":\"https:\\\/\\\/reiseblock.ch\\\/wordpress\\\/#\\\/schema\\\/person\\\/eafba14374f16d5fa4f73efd49243014\",\"name\":\"Ursula Kohler\",\"image\":{\"@type\":\"ImageObject\",\"inLanguage\":\"de\",\"@id\":\"https:\\\/\\\/secure.gravatar.com\\\/avatar\\\/014d9b9a971f617638f4298cbb55f92d20b3bf0d1c9cc32f65333b2769bcf867?s=96&d=blank&r=g\",\"url\":\"https:\\\/\\\/secure.gravatar.com\\\/avatar\\\/014d9b9a971f617638f4298cbb55f92d20b3bf0d1c9cc32f65333b2769bcf867?s=96&d=blank&r=g\",\"contentUrl\":\"https:\\\/\\\/secure.gravatar.com\\\/avatar\\\/014d9b9a971f617638f4298cbb55f92d20b3bf0d1c9cc32f65333b2769bcf867?s=96&d=blank&r=g\",\"caption\":\"Ursula Kohler\"},\"logo\":{\"@id\":\"https:\\\/\\\/secure.gravatar.com\\\/avatar\\\/014d9b9a971f617638f4298cbb55f92d20b3bf0d1c9cc32f65333b2769bcf867?s=96&d=blank&r=g\"}},{\"@type\":\"Person\",\"@id\":\"https:\\\/\\\/reiseblock.ch\\\/wordpress\\\/#\\\/schema\\\/person\\\/739b103f8e7941f579794d17e2187721\",\"name\":\"admin\",\"image\":{\"@type\":\"ImageObject\",\"inLanguage\":\"de\",\"@id\":\"https:\\\/\\\/secure.gravatar.com\\\/avatar\\\/a0f702f22ecd58ce02800a54cb2055cabe1fa8d7cf75ab377ce2f2b8503f188c?s=96&d=blank&r=g\",\"url\":\"https:\\\/\\\/secure.gravatar.com\\\/avatar\\\/a0f702f22ecd58ce02800a54cb2055cabe1fa8d7cf75ab377ce2f2b8503f188c?s=96&d=blank&r=g\",\"contentUrl\":\"https:\\\/\\\/secure.gravatar.com\\\/avatar\\\/a0f702f22ecd58ce02800a54cb2055cabe1fa8d7cf75ab377ce2f2b8503f188c?s=96&d=blank&r=g\",\"caption\":\"admin\"},\"url\":\"https:\\\/\\\/reiseblock.ch\\\/wordpress\\\/author\\\/admin\\\/\"}]}<\/script>\n<!-- \/ Yoast SEO plugin. -->","yoast_head_json":{"title":"P\u00e1ros: Insel der Kykladen &#8211; Reiseblock","robots":{"index":"index","follow":"follow","max-snippet":"max-snippet:-1","max-image-preview":"max-image-preview:large","max-video-preview":"max-video-preview:-1"},"canonical":"https:\/\/reiseblock.ch\/wordpress\/paros-insel-der-kykladen\/","og_locale":"de_DE","og_type":"article","og_title":"P\u00e1ros: Insel der Kykladen &#8211; Reiseblock","og_description":"Gross ist die Insel nicht: ca. 25 km lang und bis 16 km breit. In vier Stunden erreicht man von Athen aus mit der F\u00e4hre [...]","og_url":"https:\/\/reiseblock.ch\/wordpress\/paros-insel-der-kykladen\/","og_site_name":"Reiseblock","article_published_time":"2014-07-29T19:46:51+00:00","article_modified_time":"2017-05-24T07:13:52+00:00","og_image":[{"width":1000,"height":747,"url":"https:\/\/reiseblock.ch\/wordpress\/wp-content\/uploads\/2014\/07\/image2-e1495609971453.jpg","type":"image\/jpeg"}],"author":"admin","twitter_misc":{"Verfasst von":"admin","Gesch\u00e4tzte Lesezeit":"1\u00a0Minute"},"schema":{"@context":"https:\/\/schema.org","@graph":[{"@type":"Article","@id":"https:\/\/reiseblock.ch\/wordpress\/paros-insel-der-kykladen\/#article","isPartOf":{"@id":"https:\/\/reiseblock.ch\/wordpress\/paros-insel-der-kykladen\/"},"author":{"name":"admin","@id":"https:\/\/reiseblock.ch\/wordpress\/#\/schema\/person\/739b103f8e7941f579794d17e2187721"},"headline":"P\u00e1ros: Insel der Kykladen","datePublished":"2014-07-29T19:46:51+00:00","dateModified":"2017-05-24T07:13:52+00:00","mainEntityOfPage":{"@id":"https:\/\/reiseblock.ch\/wordpress\/paros-insel-der-kykladen\/"},"wordCount":206,"commentCount":0,"publisher":{"@id":"https:\/\/reiseblock.ch\/wordpress\/#\/schema\/person\/eafba14374f16d5fa4f73efd49243014"},"image":{"@id":"https:\/\/reiseblock.ch\/wordpress\/paros-insel-der-kykladen\/#primaryimage"},"thumbnailUrl":"https:\/\/reiseblock.ch\/wordpress\/wp-content\/uploads\/2014\/07\/image2-e1495609971453.jpg","keywords":["Griechenland","Kykladen","Par\u00f3s"],"articleSection":["Erlebt"],"inLanguage":"de","potentialAction":[{"@type":"CommentAction","name":"Comment","target":["https:\/\/reiseblock.ch\/wordpress\/paros-insel-der-kykladen\/#respond"]}]},{"@type":"WebPage","@id":"https:\/\/reiseblock.ch\/wordpress\/paros-insel-der-kykladen\/","url":"https:\/\/reiseblock.ch\/wordpress\/paros-insel-der-kykladen\/","name":"P\u00e1ros: Insel der Kykladen &#8211; Reiseblock","isPartOf":{"@id":"https:\/\/reiseblock.ch\/wordpress\/#website"},"primaryImageOfPage":{"@id":"https:\/\/reiseblock.ch\/wordpress\/paros-insel-der-kykladen\/#primaryimage"},"image":{"@id":"https:\/\/reiseblock.ch\/wordpress\/paros-insel-der-kykladen\/#primaryimage"},"thumbnailUrl":"https:\/\/reiseblock.ch\/wordpress\/wp-content\/uploads\/2014\/07\/image2-e1495609971453.jpg","datePublished":"2014-07-29T19:46:51+00:00","dateModified":"2017-05-24T07:13:52+00:00","breadcrumb":{"@id":"https:\/\/reiseblock.ch\/wordpress\/paros-insel-der-kykladen\/#breadcrumb"},"inLanguage":"de","potentialAction":[{"@type":"ReadAction","target":["https:\/\/reiseblock.ch\/wordpress\/paros-insel-der-kykladen\/"]}]},{"@type":"ImageObject","inLanguage":"de","@id":"https:\/\/reiseblock.ch\/wordpress\/paros-insel-der-kykladen\/#primaryimage","url":"https:\/\/reiseblock.ch\/wordpress\/wp-content\/uploads\/2014\/07\/image2-e1495609971453.jpg","contentUrl":"https:\/\/reiseblock.ch\/wordpress\/wp-content\/uploads\/2014\/07\/image2-e1495609971453.jpg","width":1000,"height":747,"caption":"Par\u00f3s ist windig und bei Surfern beliebt"},{"@type":"BreadcrumbList","@id":"https:\/\/reiseblock.ch\/wordpress\/paros-insel-der-kykladen\/#breadcrumb","itemListElement":[{"@type":"ListItem","position":1,"name":"Home","item":"https:\/\/reiseblock.ch\/wordpress\/"},{"@type":"ListItem","position":2,"name":"P\u00e1ros: Insel der Kykladen"}]},{"@type":"WebSite","@id":"https:\/\/reiseblock.ch\/wordpress\/#website","url":"https:\/\/reiseblock.ch\/wordpress\/","name":"Reiseblock","description":"Ursula Kohlers ReiseWeise","publisher":{"@id":"https:\/\/reiseblock.ch\/wordpress\/#\/schema\/person\/eafba14374f16d5fa4f73efd49243014"},"potentialAction":[{"@type":"SearchAction","target":{"@type":"EntryPoint","urlTemplate":"https:\/\/reiseblock.ch\/wordpress\/?s={search_term_string}"},"query-input":{"@type":"PropertyValueSpecification","valueRequired":true,"valueName":"search_term_string"}}],"inLanguage":"de"},{"@type":["Person","Organization"],"@id":"https:\/\/reiseblock.ch\/wordpress\/#\/schema\/person\/eafba14374f16d5fa4f73efd49243014","name":"Ursula Kohler","image":{"@type":"ImageObject","inLanguage":"de","@id":"https:\/\/secure.gravatar.com\/avatar\/014d9b9a971f617638f4298cbb55f92d20b3bf0d1c9cc32f65333b2769bcf867?s=96&d=blank&r=g","url":"https:\/\/secure.gravatar.com\/avatar\/014d9b9a971f617638f4298cbb55f92d20b3bf0d1c9cc32f65333b2769bcf867?s=96&d=blank&r=g","contentUrl":"https:\/\/secure.gravatar.com\/avatar\/014d9b9a971f617638f4298cbb55f92d20b3bf0d1c9cc32f65333b2769bcf867?s=96&d=blank&r=g","caption":"Ursula Kohler"},"logo":{"@id":"https:\/\/secure.gravatar.com\/avatar\/014d9b9a971f617638f4298cbb55f92d20b3bf0d1c9cc32f65333b2769bcf867?s=96&d=blank&r=g"}},{"@type":"Person","@id":"https:\/\/reiseblock.ch\/wordpress\/#\/schema\/person\/739b103f8e7941f579794d17e2187721","name":"admin","image":{"@type":"ImageObject","inLanguage":"de","@id":"https:\/\/secure.gravatar.com\/avatar\/a0f702f22ecd58ce02800a54cb2055cabe1fa8d7cf75ab377ce2f2b8503f188c?s=96&d=blank&r=g","url":"https:\/\/secure.gravatar.com\/avatar\/a0f702f22ecd58ce02800a54cb2055cabe1fa8d7cf75ab377ce2f2b8503f188c?s=96&d=blank&r=g","contentUrl":"https:\/\/secure.gravatar.com\/avatar\/a0f702f22ecd58ce02800a54cb2055cabe1fa8d7cf75ab377ce2f2b8503f188c?s=96&d=blank&r=g","caption":"admin"},"url":"https:\/\/reiseblock.ch\/wordpress\/author\/admin\/"}]}},"_links":{"self":[{"href":"https:\/\/reiseblock.ch\/wordpress\/wp-json\/wp\/v2\/posts\/856","targetHints":{"allow":["GET"]}}],"collection":[{"href":"https:\/\/reiseblock.ch\/wordpress\/wp-json\/wp\/v2\/posts"}],"about":[{"href":"https:\/\/reiseblock.ch\/wordpress\/wp-json\/wp\/v2\/types\/post"}],"author":[{"embeddable":true,"href":"https:\/\/reiseblock.ch\/wordpress\/wp-json\/wp\/v2\/users\/1"}],"replies":[{"embeddable":true,"href":"https:\/\/reiseblock.ch\/wordpress\/wp-json\/wp\/v2\/comments?post=856"}],"version-history":[{"count":17,"href":"https:\/\/reiseblock.ch\/wordpress\/wp-json\/wp\/v2\/posts\/856\/revisions"}],"predecessor-version":[{"id":1812,"href":"https:\/\/reiseblock.ch\/wordpress\/wp-json\/wp\/v2\/posts\/856\/revisions\/1812"}],"wp:featuredmedia":[{"embeddable":true,"href":"https:\/\/reiseblock.ch\/wordpress\/wp-json\/wp\/v2\/media\/854"}],"wp:attachment":[{"href":"https:\/\/reiseblock.ch\/wordpress\/wp-json\/wp\/v2\/media?parent=856"}],"wp:term":[{"taxonomy":"category","embeddable":true,"href":"https:\/\/reiseblock.ch\/wordpress\/wp-json\/wp\/v2\/categories?post=856"},{"taxonomy":"post_tag","embeddable":true,"href":"https:\/\/reiseblock.ch\/wordpress\/wp-json\/wp\/v2\/tags?post=856"}],"curies":[{"name":"wp","href":"https:\/\/api.w.org\/{rel}","templated":true}]}}