{"id":817,"date":"2014-07-08T17:53:19","date_gmt":"2014-07-08T15:53:19","guid":{"rendered":"http:\/\/reiseblock.ch\/wordpress\/?p=817"},"modified":"2017-05-24T09:15:43","modified_gmt":"2017-05-24T07:15:43","slug":"bregenz","status":"publish","type":"post","link":"https:\/\/reiseblock.ch\/wordpress\/bregenz\/","title":{"rendered":"Bregenz: \u00f6sterreichisches Flair am Bodensee"},"content":{"rendered":"<div id=\"attachment_819\" style=\"width: 1010px\" class=\"wp-caption alignleft\"><a href=\"http:\/\/reiseblock.ch\/wordpress\/wp-content\/uploads\/2014\/07\/Pfaender.jpg\"><img loading=\"lazy\" decoding=\"async\" aria-describedby=\"caption-attachment-819\" class=\"wp-image-819 size-full\" src=\"http:\/\/reiseblock.ch\/wordpress\/wp-content\/uploads\/2014\/07\/Pfaender.jpg\" alt=\"Pfaender\" width=\"1000\" height=\"667\" srcset=\"https:\/\/reiseblock.ch\/wordpress\/wp-content\/uploads\/2014\/07\/Pfaender.jpg 1000w, https:\/\/reiseblock.ch\/wordpress\/wp-content\/uploads\/2014\/07\/Pfaender-300x200.jpg 300w\" sizes=\"auto, (max-width: 1000px) 100vw, 1000px\" \/><\/a><p id=\"caption-attachment-819\" class=\"wp-caption-text\">Der Hausberg von Bregenz: Beste Aussicht vom Pf\u00e4nder aus<\/p><\/div>\n<p><span style=\"font-size: 12pt;\">Das mit Abstand k\u00fcrzeste Seeufer am Bodensee geh\u00f6rt \u00d6sterreich. Voralberg, um genau zu sein. Wer \u00d6sterreich am Bodensee besuchen m\u00f6chte, startet am besten in <a href=\"http:\/\/www.bregenz.at\" target=\"_blank\" rel=\"noopener noreferrer\">Bregenz<\/a>. <!--more--><\/span><\/p>\n<p><span style=\"font-size: 12pt;\">Die Stadt ist \u00fcbersichtlich, bietet eine sch\u00f6ne Uferpromenade und kleine Altstadt. Juli und August finden die Bregenzer Festspiele statt, dieses Jahr mit der Zauberfl\u00f6te. Bregenz ist aber auch w\u00e4hrend der restlichen Monate des Jahres eine lebendige Kulturstadt mit Museen und Theater. Wer sich einen \u00dcberblick \u00fcber die Bodenseeregion verschaffen m\u00f6chte, besucht den Hausberg, den <a href=\"http:\/\/www.pfaender.at\" target=\"_blank\" rel=\"noopener noreferrer\">Pf\u00e4nder.<\/a> Von gut 1000 Metern \u00fcberblickt man bei gutem Wetter sowohl den See wie die Alpenlandschaft. Der Berg lockt mit einer Aussichtsterrasse, der Adlerwarte und dem Alpenwildpark.<\/span><\/p>\n<p><span style=\"font-size: 12pt;\">Dem Seeufer entlang Richtung Schweiz gelangt man an die Bregenzer Ach, den Rhein, den naturbelassenen Rohrspitz. Eine Gegend reich an zahlreicher Ausflugsm\u00f6glichkeiten, gerade auch mit dem Fahrrad. Zusammen mit dem Alten Rhein hat sich hier das sogenannte <a href=\"http:\/\/www.rheindelta.org\" target=\"_blank\" rel=\"noopener noreferrer\">Rheindelta <\/a>herausgebildet. Eine aussergew\u00f6hnliche Landschaft.<\/span><\/p>\n","protected":false},"excerpt":{"rendered":"<p>Das mit Abstand k\u00fcrzeste Seeufer am Bodensee geh\u00f6rt \u00d6sterreich. Voralberg, um genau zu sein. Wer \u00d6sterreich am Bodensee besuchen m\u00f6chte, startet am besten in Bregenz.<\/p>\n","protected":false},"author":1,"featured_media":819,"comment_status":"open","ping_status":"open","sticky":false,"template":"","format":"standard","meta":{"footnotes":""},"categories":[8],"tags":[43,70,71],"class_list":["post-817","post","type-post","status-publish","format-standard","has-post-thumbnail","hentry","category-tipp","tag-bodensee","tag-bregenz","tag-pfaender"],"yoast_head":"<!-- This site is optimized with the Yoast SEO plugin v27.8 - https:\/\/yoast.com\/product\/yoast-seo-wordpress\/ -->\n<title>Bregenz: \u00f6sterreichisches Flair am Bodensee &#8211; Reiseblock<\/title>\n<meta name=\"robots\" content=\"index, follow, max-snippet:-1, max-image-preview:large, max-video-preview:-1\" \/>\n<link rel=\"canonical\" href=\"https:\/\/reiseblock.ch\/wordpress\/bregenz\/\" \/>\n<meta property=\"og:locale\" content=\"de_DE\" \/>\n<meta property=\"og:type\" content=\"article\" \/>\n<meta property=\"og:title\" content=\"Bregenz: \u00f6sterreichisches Flair am Bodensee &#8211; Reiseblock\" \/>\n<meta property=\"og:description\" content=\"Das mit Abstand k\u00fcrzeste Seeufer am Bodensee geh\u00f6rt \u00d6sterreich. Voralberg, um genau zu sein. Wer \u00d6sterreich am Bodensee besuchen m\u00f6chte, startet am besten in Bregenz.\" \/>\n<meta property=\"og:url\" content=\"https:\/\/reiseblock.ch\/wordpress\/bregenz\/\" \/>\n<meta property=\"og:site_name\" content=\"Reiseblock\" \/>\n<meta property=\"article:published_time\" content=\"2014-07-08T15:53:19+00:00\" \/>\n<meta property=\"article:modified_time\" content=\"2017-05-24T07:15:43+00:00\" \/>\n<meta property=\"og:image\" content=\"https:\/\/reiseblock.ch\/wordpress\/wp-content\/uploads\/2014\/07\/Pfaender.jpg\" \/>\n\t<meta property=\"og:image:width\" content=\"1000\" \/>\n\t<meta property=\"og:image:height\" content=\"667\" \/>\n\t<meta property=\"og:image:type\" content=\"image\/jpeg\" \/>\n<meta name=\"author\" content=\"admin\" \/>\n<meta name=\"twitter:label1\" content=\"Verfasst von\" \/>\n\t<meta name=\"twitter:data1\" content=\"admin\" \/>\n\t<meta name=\"twitter:label2\" content=\"Gesch\u00e4tzte Lesezeit\" \/>\n\t<meta name=\"twitter:data2\" content=\"1\u00a0Minute\" \/>\n<script type=\"application\/ld+json\" class=\"yoast-schema-graph\">{\"@context\":\"https:\\\/\\\/schema.org\",\"@graph\":[{\"@type\":\"Article\",\"@id\":\"https:\\\/\\\/reiseblock.ch\\\/wordpress\\\/bregenz\\\/#article\",\"isPartOf\":{\"@id\":\"https:\\\/\\\/reiseblock.ch\\\/wordpress\\\/bregenz\\\/\"},\"author\":{\"name\":\"admin\",\"@id\":\"https:\\\/\\\/reiseblock.ch\\\/wordpress\\\/#\\\/schema\\\/person\\\/739b103f8e7941f579794d17e2187721\"},\"headline\":\"Bregenz: \u00f6sterreichisches Flair am Bodensee\",\"datePublished\":\"2014-07-08T15:53:19+00:00\",\"dateModified\":\"2017-05-24T07:15:43+00:00\",\"mainEntityOfPage\":{\"@id\":\"https:\\\/\\\/reiseblock.ch\\\/wordpress\\\/bregenz\\\/\"},\"wordCount\":179,\"commentCount\":0,\"publisher\":{\"@id\":\"https:\\\/\\\/reiseblock.ch\\\/wordpress\\\/#\\\/schema\\\/person\\\/eafba14374f16d5fa4f73efd49243014\"},\"image\":{\"@id\":\"https:\\\/\\\/reiseblock.ch\\\/wordpress\\\/bregenz\\\/#primaryimage\"},\"thumbnailUrl\":\"https:\\\/\\\/reiseblock.ch\\\/wordpress\\\/wp-content\\\/uploads\\\/2014\\\/07\\\/Pfaender.jpg\",\"keywords\":[\"Bodensee\",\"Bregenz\",\"Pf\u00e4nder\"],\"articleSection\":[\"Tipp\"],\"inLanguage\":\"de\",\"potentialAction\":[{\"@type\":\"CommentAction\",\"name\":\"Comment\",\"target\":[\"https:\\\/\\\/reiseblock.ch\\\/wordpress\\\/bregenz\\\/#respond\"]}]},{\"@type\":\"WebPage\",\"@id\":\"https:\\\/\\\/reiseblock.ch\\\/wordpress\\\/bregenz\\\/\",\"url\":\"https:\\\/\\\/reiseblock.ch\\\/wordpress\\\/bregenz\\\/\",\"name\":\"Bregenz: \u00f6sterreichisches Flair am Bodensee &#8211; Reiseblock\",\"isPartOf\":{\"@id\":\"https:\\\/\\\/reiseblock.ch\\\/wordpress\\\/#website\"},\"primaryImageOfPage\":{\"@id\":\"https:\\\/\\\/reiseblock.ch\\\/wordpress\\\/bregenz\\\/#primaryimage\"},\"image\":{\"@id\":\"https:\\\/\\\/reiseblock.ch\\\/wordpress\\\/bregenz\\\/#primaryimage\"},\"thumbnailUrl\":\"https:\\\/\\\/reiseblock.ch\\\/wordpress\\\/wp-content\\\/uploads\\\/2014\\\/07\\\/Pfaender.jpg\",\"datePublished\":\"2014-07-08T15:53:19+00:00\",\"dateModified\":\"2017-05-24T07:15:43+00:00\",\"breadcrumb\":{\"@id\":\"https:\\\/\\\/reiseblock.ch\\\/wordpress\\\/bregenz\\\/#breadcrumb\"},\"inLanguage\":\"de\",\"potentialAction\":[{\"@type\":\"ReadAction\",\"target\":[\"https:\\\/\\\/reiseblock.ch\\\/wordpress\\\/bregenz\\\/\"]}]},{\"@type\":\"ImageObject\",\"inLanguage\":\"de\",\"@id\":\"https:\\\/\\\/reiseblock.ch\\\/wordpress\\\/bregenz\\\/#primaryimage\",\"url\":\"https:\\\/\\\/reiseblock.ch\\\/wordpress\\\/wp-content\\\/uploads\\\/2014\\\/07\\\/Pfaender.jpg\",\"contentUrl\":\"https:\\\/\\\/reiseblock.ch\\\/wordpress\\\/wp-content\\\/uploads\\\/2014\\\/07\\\/Pfaender.jpg\",\"width\":1000,\"height\":667},{\"@type\":\"BreadcrumbList\",\"@id\":\"https:\\\/\\\/reiseblock.ch\\\/wordpress\\\/bregenz\\\/#breadcrumb\",\"itemListElement\":[{\"@type\":\"ListItem\",\"position\":1,\"name\":\"Home\",\"item\":\"https:\\\/\\\/reiseblock.ch\\\/wordpress\\\/\"},{\"@type\":\"ListItem\",\"position\":2,\"name\":\"Bregenz: \u00f6sterreichisches Flair am Bodensee\"}]},{\"@type\":\"WebSite\",\"@id\":\"https:\\\/\\\/reiseblock.ch\\\/wordpress\\\/#website\",\"url\":\"https:\\\/\\\/reiseblock.ch\\\/wordpress\\\/\",\"name\":\"Reiseblock\",\"description\":\"Ursula Kohlers ReiseWeise\",\"publisher\":{\"@id\":\"https:\\\/\\\/reiseblock.ch\\\/wordpress\\\/#\\\/schema\\\/person\\\/eafba14374f16d5fa4f73efd49243014\"},\"potentialAction\":[{\"@type\":\"SearchAction\",\"target\":{\"@type\":\"EntryPoint\",\"urlTemplate\":\"https:\\\/\\\/reiseblock.ch\\\/wordpress\\\/?s={search_term_string}\"},\"query-input\":{\"@type\":\"PropertyValueSpecification\",\"valueRequired\":true,\"valueName\":\"search_term_string\"}}],\"inLanguage\":\"de\"},{\"@type\":[\"Person\",\"Organization\"],\"@id\":\"https:\\\/\\\/reiseblock.ch\\\/wordpress\\\/#\\\/schema\\\/person\\\/eafba14374f16d5fa4f73efd49243014\",\"name\":\"Ursula Kohler\",\"image\":{\"@type\":\"ImageObject\",\"inLanguage\":\"de\",\"@id\":\"https:\\\/\\\/secure.gravatar.com\\\/avatar\\\/014d9b9a971f617638f4298cbb55f92d20b3bf0d1c9cc32f65333b2769bcf867?s=96&d=blank&r=g\",\"url\":\"https:\\\/\\\/secure.gravatar.com\\\/avatar\\\/014d9b9a971f617638f4298cbb55f92d20b3bf0d1c9cc32f65333b2769bcf867?s=96&d=blank&r=g\",\"contentUrl\":\"https:\\\/\\\/secure.gravatar.com\\\/avatar\\\/014d9b9a971f617638f4298cbb55f92d20b3bf0d1c9cc32f65333b2769bcf867?s=96&d=blank&r=g\",\"caption\":\"Ursula Kohler\"},\"logo\":{\"@id\":\"https:\\\/\\\/secure.gravatar.com\\\/avatar\\\/014d9b9a971f617638f4298cbb55f92d20b3bf0d1c9cc32f65333b2769bcf867?s=96&d=blank&r=g\"}},{\"@type\":\"Person\",\"@id\":\"https:\\\/\\\/reiseblock.ch\\\/wordpress\\\/#\\\/schema\\\/person\\\/739b103f8e7941f579794d17e2187721\",\"name\":\"admin\",\"image\":{\"@type\":\"ImageObject\",\"inLanguage\":\"de\",\"@id\":\"https:\\\/\\\/secure.gravatar.com\\\/avatar\\\/a0f702f22ecd58ce02800a54cb2055cabe1fa8d7cf75ab377ce2f2b8503f188c?s=96&d=blank&r=g\",\"url\":\"https:\\\/\\\/secure.gravatar.com\\\/avatar\\\/a0f702f22ecd58ce02800a54cb2055cabe1fa8d7cf75ab377ce2f2b8503f188c?s=96&d=blank&r=g\",\"contentUrl\":\"https:\\\/\\\/secure.gravatar.com\\\/avatar\\\/a0f702f22ecd58ce02800a54cb2055cabe1fa8d7cf75ab377ce2f2b8503f188c?s=96&d=blank&r=g\",\"caption\":\"admin\"},\"url\":\"https:\\\/\\\/reiseblock.ch\\\/wordpress\\\/author\\\/admin\\\/\"}]}<\/script>\n<!-- \/ Yoast SEO plugin. -->","yoast_head_json":{"title":"Bregenz: \u00f6sterreichisches Flair am Bodensee &#8211; Reiseblock","robots":{"index":"index","follow":"follow","max-snippet":"max-snippet:-1","max-image-preview":"max-image-preview:large","max-video-preview":"max-video-preview:-1"},"canonical":"https:\/\/reiseblock.ch\/wordpress\/bregenz\/","og_locale":"de_DE","og_type":"article","og_title":"Bregenz: \u00f6sterreichisches Flair am Bodensee &#8211; Reiseblock","og_description":"Das mit Abstand k\u00fcrzeste Seeufer am Bodensee geh\u00f6rt \u00d6sterreich. Voralberg, um genau zu sein. Wer \u00d6sterreich am Bodensee besuchen m\u00f6chte, startet am besten in Bregenz.","og_url":"https:\/\/reiseblock.ch\/wordpress\/bregenz\/","og_site_name":"Reiseblock","article_published_time":"2014-07-08T15:53:19+00:00","article_modified_time":"2017-05-24T07:15:43+00:00","og_image":[{"width":1000,"height":667,"url":"https:\/\/reiseblock.ch\/wordpress\/wp-content\/uploads\/2014\/07\/Pfaender.jpg","type":"image\/jpeg"}],"author":"admin","twitter_misc":{"Verfasst von":"admin","Gesch\u00e4tzte Lesezeit":"1\u00a0Minute"},"schema":{"@context":"https:\/\/schema.org","@graph":[{"@type":"Article","@id":"https:\/\/reiseblock.ch\/wordpress\/bregenz\/#article","isPartOf":{"@id":"https:\/\/reiseblock.ch\/wordpress\/bregenz\/"},"author":{"name":"admin","@id":"https:\/\/reiseblock.ch\/wordpress\/#\/schema\/person\/739b103f8e7941f579794d17e2187721"},"headline":"Bregenz: \u00f6sterreichisches Flair am Bodensee","datePublished":"2014-07-08T15:53:19+00:00","dateModified":"2017-05-24T07:15:43+00:00","mainEntityOfPage":{"@id":"https:\/\/reiseblock.ch\/wordpress\/bregenz\/"},"wordCount":179,"commentCount":0,"publisher":{"@id":"https:\/\/reiseblock.ch\/wordpress\/#\/schema\/person\/eafba14374f16d5fa4f73efd49243014"},"image":{"@id":"https:\/\/reiseblock.ch\/wordpress\/bregenz\/#primaryimage"},"thumbnailUrl":"https:\/\/reiseblock.ch\/wordpress\/wp-content\/uploads\/2014\/07\/Pfaender.jpg","keywords":["Bodensee","Bregenz","Pf\u00e4nder"],"articleSection":["Tipp"],"inLanguage":"de","potentialAction":[{"@type":"CommentAction","name":"Comment","target":["https:\/\/reiseblock.ch\/wordpress\/bregenz\/#respond"]}]},{"@type":"WebPage","@id":"https:\/\/reiseblock.ch\/wordpress\/bregenz\/","url":"https:\/\/reiseblock.ch\/wordpress\/bregenz\/","name":"Bregenz: \u00f6sterreichisches Flair am Bodensee &#8211; Reiseblock","isPartOf":{"@id":"https:\/\/reiseblock.ch\/wordpress\/#website"},"primaryImageOfPage":{"@id":"https:\/\/reiseblock.ch\/wordpress\/bregenz\/#primaryimage"},"image":{"@id":"https:\/\/reiseblock.ch\/wordpress\/bregenz\/#primaryimage"},"thumbnailUrl":"https:\/\/reiseblock.ch\/wordpress\/wp-content\/uploads\/2014\/07\/Pfaender.jpg","datePublished":"2014-07-08T15:53:19+00:00","dateModified":"2017-05-24T07:15:43+00:00","breadcrumb":{"@id":"https:\/\/reiseblock.ch\/wordpress\/bregenz\/#breadcrumb"},"inLanguage":"de","potentialAction":[{"@type":"ReadAction","target":["https:\/\/reiseblock.ch\/wordpress\/bregenz\/"]}]},{"@type":"ImageObject","inLanguage":"de","@id":"https:\/\/reiseblock.ch\/wordpress\/bregenz\/#primaryimage","url":"https:\/\/reiseblock.ch\/wordpress\/wp-content\/uploads\/2014\/07\/Pfaender.jpg","contentUrl":"https:\/\/reiseblock.ch\/wordpress\/wp-content\/uploads\/2014\/07\/Pfaender.jpg","width":1000,"height":667},{"@type":"BreadcrumbList","@id":"https:\/\/reiseblock.ch\/wordpress\/bregenz\/#breadcrumb","itemListElement":[{"@type":"ListItem","position":1,"name":"Home","item":"https:\/\/reiseblock.ch\/wordpress\/"},{"@type":"ListItem","position":2,"name":"Bregenz: \u00f6sterreichisches Flair am Bodensee"}]},{"@type":"WebSite","@id":"https:\/\/reiseblock.ch\/wordpress\/#website","url":"https:\/\/reiseblock.ch\/wordpress\/","name":"Reiseblock","description":"Ursula Kohlers ReiseWeise","publisher":{"@id":"https:\/\/reiseblock.ch\/wordpress\/#\/schema\/person\/eafba14374f16d5fa4f73efd49243014"},"potentialAction":[{"@type":"SearchAction","target":{"@type":"EntryPoint","urlTemplate":"https:\/\/reiseblock.ch\/wordpress\/?s={search_term_string}"},"query-input":{"@type":"PropertyValueSpecification","valueRequired":true,"valueName":"search_term_string"}}],"inLanguage":"de"},{"@type":["Person","Organization"],"@id":"https:\/\/reiseblock.ch\/wordpress\/#\/schema\/person\/eafba14374f16d5fa4f73efd49243014","name":"Ursula Kohler","image":{"@type":"ImageObject","inLanguage":"de","@id":"https:\/\/secure.gravatar.com\/avatar\/014d9b9a971f617638f4298cbb55f92d20b3bf0d1c9cc32f65333b2769bcf867?s=96&d=blank&r=g","url":"https:\/\/secure.gravatar.com\/avatar\/014d9b9a971f617638f4298cbb55f92d20b3bf0d1c9cc32f65333b2769bcf867?s=96&d=blank&r=g","contentUrl":"https:\/\/secure.gravatar.com\/avatar\/014d9b9a971f617638f4298cbb55f92d20b3bf0d1c9cc32f65333b2769bcf867?s=96&d=blank&r=g","caption":"Ursula Kohler"},"logo":{"@id":"https:\/\/secure.gravatar.com\/avatar\/014d9b9a971f617638f4298cbb55f92d20b3bf0d1c9cc32f65333b2769bcf867?s=96&d=blank&r=g"}},{"@type":"Person","@id":"https:\/\/reiseblock.ch\/wordpress\/#\/schema\/person\/739b103f8e7941f579794d17e2187721","name":"admin","image":{"@type":"ImageObject","inLanguage":"de","@id":"https:\/\/secure.gravatar.com\/avatar\/a0f702f22ecd58ce02800a54cb2055cabe1fa8d7cf75ab377ce2f2b8503f188c?s=96&d=blank&r=g","url":"https:\/\/secure.gravatar.com\/avatar\/a0f702f22ecd58ce02800a54cb2055cabe1fa8d7cf75ab377ce2f2b8503f188c?s=96&d=blank&r=g","contentUrl":"https:\/\/secure.gravatar.com\/avatar\/a0f702f22ecd58ce02800a54cb2055cabe1fa8d7cf75ab377ce2f2b8503f188c?s=96&d=blank&r=g","caption":"admin"},"url":"https:\/\/reiseblock.ch\/wordpress\/author\/admin\/"}]}},"_links":{"self":[{"href":"https:\/\/reiseblock.ch\/wordpress\/wp-json\/wp\/v2\/posts\/817","targetHints":{"allow":["GET"]}}],"collection":[{"href":"https:\/\/reiseblock.ch\/wordpress\/wp-json\/wp\/v2\/posts"}],"about":[{"href":"https:\/\/reiseblock.ch\/wordpress\/wp-json\/wp\/v2\/types\/post"}],"author":[{"embeddable":true,"href":"https:\/\/reiseblock.ch\/wordpress\/wp-json\/wp\/v2\/users\/1"}],"replies":[{"embeddable":true,"href":"https:\/\/reiseblock.ch\/wordpress\/wp-json\/wp\/v2\/comments?post=817"}],"version-history":[{"count":13,"href":"https:\/\/reiseblock.ch\/wordpress\/wp-json\/wp\/v2\/posts\/817\/revisions"}],"predecessor-version":[{"id":1814,"href":"https:\/\/reiseblock.ch\/wordpress\/wp-json\/wp\/v2\/posts\/817\/revisions\/1814"}],"wp:featuredmedia":[{"embeddable":true,"href":"https:\/\/reiseblock.ch\/wordpress\/wp-json\/wp\/v2\/media\/819"}],"wp:attachment":[{"href":"https:\/\/reiseblock.ch\/wordpress\/wp-json\/wp\/v2\/media?parent=817"}],"wp:term":[{"taxonomy":"category","embeddable":true,"href":"https:\/\/reiseblock.ch\/wordpress\/wp-json\/wp\/v2\/categories?post=817"},{"taxonomy":"post_tag","embeddable":true,"href":"https:\/\/reiseblock.ch\/wordpress\/wp-json\/wp\/v2\/tags?post=817"}],"curies":[{"name":"wp","href":"https:\/\/api.w.org\/{rel}","templated":true}]}}