{"id":745,"date":"2014-06-16T09:09:16","date_gmt":"2014-06-16T09:09:16","guid":{"rendered":"http:\/\/reiseblock.ch\/wordpress\/?p=745"},"modified":"2017-08-16T10:55:39","modified_gmt":"2017-08-16T08:55:39","slug":"das-matterhorn-sicht","status":"publish","type":"post","link":"https:\/\/reiseblock.ch\/wordpress\/das-matterhorn-sicht\/","title":{"rendered":"Das Matterhorn im Sucher"},"content":{"rendered":"<div id=\"attachment_772\" style=\"width: 1010px\" class=\"wp-caption alignleft\"><a href=\"http:\/\/reiseblock.ch\/wordpress\/wp-content\/uploads\/2014\/06\/Matterhorn_7.jpg\"><img loading=\"lazy\" decoding=\"async\" aria-describedby=\"caption-attachment-772\" class=\"wp-image-772 size-full\" src=\"http:\/\/reiseblock.ch\/wordpress\/wp-content\/uploads\/2014\/06\/Matterhorn_7.jpg\" alt=\"Matterhorn_7\" width=\"1000\" height=\"667\" srcset=\"https:\/\/reiseblock.ch\/wordpress\/wp-content\/uploads\/2014\/06\/Matterhorn_7.jpg 1000w, https:\/\/reiseblock.ch\/wordpress\/wp-content\/uploads\/2014\/06\/Matterhorn_7-300x200.jpg 300w\" sizes=\"auto, (max-width: 1000px) 100vw, 1000px\" \/><\/a><p id=\"caption-attachment-772\" class=\"wp-caption-text\">Das Matterhorn: der bekannteste Spitz der Schweiz<\/p><\/div>\n<p><span style=\"font-family: Book Antiqua,Palatino;\"><span style=\"font-size: 12pt;\">Es ist wohl eines der am meisten fotografierten Sujets: Das Matterhorn bei Zermatt mit 4478 Metern. Mit vielen anderen Touristen aus aller Welt waren wir eben \u2013 nicht zum ersten Mal \u2013 auf dem <a href=\"http:\/\/www.zermatt.ch\/Media\/Attraktionen\/Gornergrat\" target=\"_blank\" rel=\"noopener noreferrer\">Gornergrat<\/a>. <\/span><!--more--><\/span><\/p>\n<p><span style=\"font-size: 12pt; font-family: Book Antiqua,Palatino;\">Mit der Zahnradbahn erreichen wir das ganzj\u00e4hrig erschlossene Aussichtsplateau und Hotel auf 3089 Metern. Das Matterhorn zeigt sich einmal mehr, einmal weniger bedeckt von Wolken. Ein D\u00e9j\u00e0-vu.\u00a0<\/span><\/p>\n<p><span style=\"font-size: 12pt; font-family: Book Antiqua,Palatino;\">Haben wir nicht schon letztes Mal, beim Besuch vor einigen Jahren, ein Spiel mit Wolken rund um den ber\u00fchmten Spitz erlebt? Wir ersp\u00e4hen die <a href=\"http:\/\/www.hoernlihuette.ch\" target=\"_blank\" rel=\"noopener noreferrer\">H\u00f6rnlih\u00fctte<\/a>, erbaut 1911, die als Ausgangspunkt f\u00fcr die Matterhornbesteigung dient. Zum 150-j\u00e4hrigen Jubil\u00e4um der Erstbesteigung des Matterhorns wird sie zurzeit umgebaut und im Juli 2015 wiederer\u00f6ffnet. Bergsteiger\/-innen werden in der Zwischenzeit in einem Base Camp untergebracht. <\/span><\/p>\n<p><span style=\"font-size: 12pt; font-family: Book Antiqua,Palatino;\">Wir wenden uns weiteren Highlights auf dem Gornergrat zu. Die Sicht zum Gornergletscher mit der Monte-Rosa-H\u00fctte und der Dufourspitze, h\u00f6chster Punkt der Schweiz mit 4634 Metern,\u00a0 l\u00e4sst uns ebenso gerne verweilen. H\u00fcbsch auch der Blick zum Klein Matterhorn, das mit einer Luftseilbahn erreicht werden kann. Es ist Teil des ganzj\u00e4hrig ge\u00f6ffneten Skigebiets von Zermatt. Uns ist aber weniger nach Skifahren zumute. Wir nutzen den Abschluss unseres Ausflugs f\u00fcr einen kleinen Bummel durch die verkehrsfreien G\u00e4sschen von Zermatt.<\/span><\/p>\n<p>&nbsp;<\/p>\n","protected":false},"excerpt":{"rendered":"<p>Es ist wohl eines der am meisten fotografierten Sujets: Das Matterhorn bei Zermatt mit 4478 Metern. Mit vielen anderen Touristen aus aller Welt waren wir [&#8230;]<\/p>\n","protected":false},"author":1,"featured_media":750,"comment_status":"open","ping_status":"open","sticky":false,"template":"","format":"standard","meta":{"footnotes":""},"categories":[10],"tags":[63,23,60,64],"class_list":["post-745","post","type-post","status-publish","format-standard","has-post-thumbnail","hentry","category-erlebt","tag-matterhorn","tag-schweiz","tag-wallis","tag-zermatt"],"yoast_head":"<!-- This site is optimized with the Yoast SEO plugin v27.8 - https:\/\/yoast.com\/product\/yoast-seo-wordpress\/ -->\n<title>Das Matterhorn im Sucher &#8211; Reiseblock<\/title>\n<meta name=\"robots\" content=\"index, follow, max-snippet:-1, max-image-preview:large, max-video-preview:-1\" \/>\n<link rel=\"canonical\" href=\"https:\/\/reiseblock.ch\/wordpress\/das-matterhorn-sicht\/\" \/>\n<meta property=\"og:locale\" content=\"de_DE\" \/>\n<meta property=\"og:type\" content=\"article\" \/>\n<meta property=\"og:title\" content=\"Das Matterhorn im Sucher &#8211; Reiseblock\" \/>\n<meta property=\"og:description\" content=\"Es ist wohl eines der am meisten fotografierten Sujets: Das Matterhorn bei Zermatt mit 4478 Metern. Mit vielen anderen Touristen aus aller Welt waren wir [...]\" \/>\n<meta property=\"og:url\" content=\"https:\/\/reiseblock.ch\/wordpress\/das-matterhorn-sicht\/\" \/>\n<meta property=\"og:site_name\" content=\"Reiseblock\" \/>\n<meta property=\"article:published_time\" content=\"2014-06-16T09:09:16+00:00\" \/>\n<meta property=\"article:modified_time\" content=\"2017-08-16T08:55:39+00:00\" \/>\n<meta property=\"og:image\" content=\"https:\/\/reiseblock.ch\/wordpress\/wp-content\/uploads\/2014\/06\/Matterhorn_3.jpg\" \/>\n\t<meta property=\"og:image:width\" content=\"1000\" \/>\n\t<meta property=\"og:image:height\" content=\"667\" \/>\n\t<meta property=\"og:image:type\" content=\"image\/jpeg\" \/>\n<meta name=\"author\" content=\"admin\" \/>\n<meta name=\"twitter:label1\" content=\"Verfasst von\" \/>\n\t<meta name=\"twitter:data1\" content=\"admin\" \/>\n\t<meta name=\"twitter:label2\" content=\"Gesch\u00e4tzte Lesezeit\" \/>\n\t<meta name=\"twitter:data2\" content=\"1\u00a0Minute\" \/>\n<script type=\"application\/ld+json\" class=\"yoast-schema-graph\">{\"@context\":\"https:\\\/\\\/schema.org\",\"@graph\":[{\"@type\":\"Article\",\"@id\":\"https:\\\/\\\/reiseblock.ch\\\/wordpress\\\/das-matterhorn-sicht\\\/#article\",\"isPartOf\":{\"@id\":\"https:\\\/\\\/reiseblock.ch\\\/wordpress\\\/das-matterhorn-sicht\\\/\"},\"author\":{\"name\":\"admin\",\"@id\":\"https:\\\/\\\/reiseblock.ch\\\/wordpress\\\/#\\\/schema\\\/person\\\/739b103f8e7941f579794d17e2187721\"},\"headline\":\"Das Matterhorn im Sucher\",\"datePublished\":\"2014-06-16T09:09:16+00:00\",\"dateModified\":\"2017-08-16T08:55:39+00:00\",\"mainEntityOfPage\":{\"@id\":\"https:\\\/\\\/reiseblock.ch\\\/wordpress\\\/das-matterhorn-sicht\\\/\"},\"wordCount\":231,\"commentCount\":0,\"publisher\":{\"@id\":\"https:\\\/\\\/reiseblock.ch\\\/wordpress\\\/#\\\/schema\\\/person\\\/eafba14374f16d5fa4f73efd49243014\"},\"image\":{\"@id\":\"https:\\\/\\\/reiseblock.ch\\\/wordpress\\\/das-matterhorn-sicht\\\/#primaryimage\"},\"thumbnailUrl\":\"https:\\\/\\\/reiseblock.ch\\\/wordpress\\\/wp-content\\\/uploads\\\/2014\\\/06\\\/Matterhorn_3.jpg\",\"keywords\":[\"Matterhorn\",\"Schweiz\",\"Wallis\",\"Zermatt\"],\"articleSection\":[\"Erlebt\"],\"inLanguage\":\"de\",\"potentialAction\":[{\"@type\":\"CommentAction\",\"name\":\"Comment\",\"target\":[\"https:\\\/\\\/reiseblock.ch\\\/wordpress\\\/das-matterhorn-sicht\\\/#respond\"]}]},{\"@type\":\"WebPage\",\"@id\":\"https:\\\/\\\/reiseblock.ch\\\/wordpress\\\/das-matterhorn-sicht\\\/\",\"url\":\"https:\\\/\\\/reiseblock.ch\\\/wordpress\\\/das-matterhorn-sicht\\\/\",\"name\":\"Das Matterhorn im Sucher &#8211; Reiseblock\",\"isPartOf\":{\"@id\":\"https:\\\/\\\/reiseblock.ch\\\/wordpress\\\/#website\"},\"primaryImageOfPage\":{\"@id\":\"https:\\\/\\\/reiseblock.ch\\\/wordpress\\\/das-matterhorn-sicht\\\/#primaryimage\"},\"image\":{\"@id\":\"https:\\\/\\\/reiseblock.ch\\\/wordpress\\\/das-matterhorn-sicht\\\/#primaryimage\"},\"thumbnailUrl\":\"https:\\\/\\\/reiseblock.ch\\\/wordpress\\\/wp-content\\\/uploads\\\/2014\\\/06\\\/Matterhorn_3.jpg\",\"datePublished\":\"2014-06-16T09:09:16+00:00\",\"dateModified\":\"2017-08-16T08:55:39+00:00\",\"breadcrumb\":{\"@id\":\"https:\\\/\\\/reiseblock.ch\\\/wordpress\\\/das-matterhorn-sicht\\\/#breadcrumb\"},\"inLanguage\":\"de\",\"potentialAction\":[{\"@type\":\"ReadAction\",\"target\":[\"https:\\\/\\\/reiseblock.ch\\\/wordpress\\\/das-matterhorn-sicht\\\/\"]}]},{\"@type\":\"ImageObject\",\"inLanguage\":\"de\",\"@id\":\"https:\\\/\\\/reiseblock.ch\\\/wordpress\\\/das-matterhorn-sicht\\\/#primaryimage\",\"url\":\"https:\\\/\\\/reiseblock.ch\\\/wordpress\\\/wp-content\\\/uploads\\\/2014\\\/06\\\/Matterhorn_3.jpg\",\"contentUrl\":\"https:\\\/\\\/reiseblock.ch\\\/wordpress\\\/wp-content\\\/uploads\\\/2014\\\/06\\\/Matterhorn_3.jpg\",\"width\":1000,\"height\":667,\"caption\":\"Das Matterhorn: der bekannteste Spitz der Schweiz\"},{\"@type\":\"BreadcrumbList\",\"@id\":\"https:\\\/\\\/reiseblock.ch\\\/wordpress\\\/das-matterhorn-sicht\\\/#breadcrumb\",\"itemListElement\":[{\"@type\":\"ListItem\",\"position\":1,\"name\":\"Home\",\"item\":\"https:\\\/\\\/reiseblock.ch\\\/wordpress\\\/\"},{\"@type\":\"ListItem\",\"position\":2,\"name\":\"Das Matterhorn im Sucher\"}]},{\"@type\":\"WebSite\",\"@id\":\"https:\\\/\\\/reiseblock.ch\\\/wordpress\\\/#website\",\"url\":\"https:\\\/\\\/reiseblock.ch\\\/wordpress\\\/\",\"name\":\"Reiseblock\",\"description\":\"Ursula Kohlers ReiseWeise\",\"publisher\":{\"@id\":\"https:\\\/\\\/reiseblock.ch\\\/wordpress\\\/#\\\/schema\\\/person\\\/eafba14374f16d5fa4f73efd49243014\"},\"potentialAction\":[{\"@type\":\"SearchAction\",\"target\":{\"@type\":\"EntryPoint\",\"urlTemplate\":\"https:\\\/\\\/reiseblock.ch\\\/wordpress\\\/?s={search_term_string}\"},\"query-input\":{\"@type\":\"PropertyValueSpecification\",\"valueRequired\":true,\"valueName\":\"search_term_string\"}}],\"inLanguage\":\"de\"},{\"@type\":[\"Person\",\"Organization\"],\"@id\":\"https:\\\/\\\/reiseblock.ch\\\/wordpress\\\/#\\\/schema\\\/person\\\/eafba14374f16d5fa4f73efd49243014\",\"name\":\"Ursula Kohler\",\"image\":{\"@type\":\"ImageObject\",\"inLanguage\":\"de\",\"@id\":\"https:\\\/\\\/secure.gravatar.com\\\/avatar\\\/014d9b9a971f617638f4298cbb55f92d20b3bf0d1c9cc32f65333b2769bcf867?s=96&d=blank&r=g\",\"url\":\"https:\\\/\\\/secure.gravatar.com\\\/avatar\\\/014d9b9a971f617638f4298cbb55f92d20b3bf0d1c9cc32f65333b2769bcf867?s=96&d=blank&r=g\",\"contentUrl\":\"https:\\\/\\\/secure.gravatar.com\\\/avatar\\\/014d9b9a971f617638f4298cbb55f92d20b3bf0d1c9cc32f65333b2769bcf867?s=96&d=blank&r=g\",\"caption\":\"Ursula Kohler\"},\"logo\":{\"@id\":\"https:\\\/\\\/secure.gravatar.com\\\/avatar\\\/014d9b9a971f617638f4298cbb55f92d20b3bf0d1c9cc32f65333b2769bcf867?s=96&d=blank&r=g\"}},{\"@type\":\"Person\",\"@id\":\"https:\\\/\\\/reiseblock.ch\\\/wordpress\\\/#\\\/schema\\\/person\\\/739b103f8e7941f579794d17e2187721\",\"name\":\"admin\",\"image\":{\"@type\":\"ImageObject\",\"inLanguage\":\"de\",\"@id\":\"https:\\\/\\\/secure.gravatar.com\\\/avatar\\\/a0f702f22ecd58ce02800a54cb2055cabe1fa8d7cf75ab377ce2f2b8503f188c?s=96&d=blank&r=g\",\"url\":\"https:\\\/\\\/secure.gravatar.com\\\/avatar\\\/a0f702f22ecd58ce02800a54cb2055cabe1fa8d7cf75ab377ce2f2b8503f188c?s=96&d=blank&r=g\",\"contentUrl\":\"https:\\\/\\\/secure.gravatar.com\\\/avatar\\\/a0f702f22ecd58ce02800a54cb2055cabe1fa8d7cf75ab377ce2f2b8503f188c?s=96&d=blank&r=g\",\"caption\":\"admin\"},\"url\":\"https:\\\/\\\/reiseblock.ch\\\/wordpress\\\/author\\\/admin\\\/\"}]}<\/script>\n<!-- \/ Yoast SEO plugin. -->","yoast_head_json":{"title":"Das Matterhorn im Sucher &#8211; Reiseblock","robots":{"index":"index","follow":"follow","max-snippet":"max-snippet:-1","max-image-preview":"max-image-preview:large","max-video-preview":"max-video-preview:-1"},"canonical":"https:\/\/reiseblock.ch\/wordpress\/das-matterhorn-sicht\/","og_locale":"de_DE","og_type":"article","og_title":"Das Matterhorn im Sucher &#8211; Reiseblock","og_description":"Es ist wohl eines der am meisten fotografierten Sujets: Das Matterhorn bei Zermatt mit 4478 Metern. Mit vielen anderen Touristen aus aller Welt waren wir [...]","og_url":"https:\/\/reiseblock.ch\/wordpress\/das-matterhorn-sicht\/","og_site_name":"Reiseblock","article_published_time":"2014-06-16T09:09:16+00:00","article_modified_time":"2017-08-16T08:55:39+00:00","og_image":[{"width":1000,"height":667,"url":"https:\/\/reiseblock.ch\/wordpress\/wp-content\/uploads\/2014\/06\/Matterhorn_3.jpg","type":"image\/jpeg"}],"author":"admin","twitter_misc":{"Verfasst von":"admin","Gesch\u00e4tzte Lesezeit":"1\u00a0Minute"},"schema":{"@context":"https:\/\/schema.org","@graph":[{"@type":"Article","@id":"https:\/\/reiseblock.ch\/wordpress\/das-matterhorn-sicht\/#article","isPartOf":{"@id":"https:\/\/reiseblock.ch\/wordpress\/das-matterhorn-sicht\/"},"author":{"name":"admin","@id":"https:\/\/reiseblock.ch\/wordpress\/#\/schema\/person\/739b103f8e7941f579794d17e2187721"},"headline":"Das Matterhorn im Sucher","datePublished":"2014-06-16T09:09:16+00:00","dateModified":"2017-08-16T08:55:39+00:00","mainEntityOfPage":{"@id":"https:\/\/reiseblock.ch\/wordpress\/das-matterhorn-sicht\/"},"wordCount":231,"commentCount":0,"publisher":{"@id":"https:\/\/reiseblock.ch\/wordpress\/#\/schema\/person\/eafba14374f16d5fa4f73efd49243014"},"image":{"@id":"https:\/\/reiseblock.ch\/wordpress\/das-matterhorn-sicht\/#primaryimage"},"thumbnailUrl":"https:\/\/reiseblock.ch\/wordpress\/wp-content\/uploads\/2014\/06\/Matterhorn_3.jpg","keywords":["Matterhorn","Schweiz","Wallis","Zermatt"],"articleSection":["Erlebt"],"inLanguage":"de","potentialAction":[{"@type":"CommentAction","name":"Comment","target":["https:\/\/reiseblock.ch\/wordpress\/das-matterhorn-sicht\/#respond"]}]},{"@type":"WebPage","@id":"https:\/\/reiseblock.ch\/wordpress\/das-matterhorn-sicht\/","url":"https:\/\/reiseblock.ch\/wordpress\/das-matterhorn-sicht\/","name":"Das Matterhorn im Sucher &#8211; Reiseblock","isPartOf":{"@id":"https:\/\/reiseblock.ch\/wordpress\/#website"},"primaryImageOfPage":{"@id":"https:\/\/reiseblock.ch\/wordpress\/das-matterhorn-sicht\/#primaryimage"},"image":{"@id":"https:\/\/reiseblock.ch\/wordpress\/das-matterhorn-sicht\/#primaryimage"},"thumbnailUrl":"https:\/\/reiseblock.ch\/wordpress\/wp-content\/uploads\/2014\/06\/Matterhorn_3.jpg","datePublished":"2014-06-16T09:09:16+00:00","dateModified":"2017-08-16T08:55:39+00:00","breadcrumb":{"@id":"https:\/\/reiseblock.ch\/wordpress\/das-matterhorn-sicht\/#breadcrumb"},"inLanguage":"de","potentialAction":[{"@type":"ReadAction","target":["https:\/\/reiseblock.ch\/wordpress\/das-matterhorn-sicht\/"]}]},{"@type":"ImageObject","inLanguage":"de","@id":"https:\/\/reiseblock.ch\/wordpress\/das-matterhorn-sicht\/#primaryimage","url":"https:\/\/reiseblock.ch\/wordpress\/wp-content\/uploads\/2014\/06\/Matterhorn_3.jpg","contentUrl":"https:\/\/reiseblock.ch\/wordpress\/wp-content\/uploads\/2014\/06\/Matterhorn_3.jpg","width":1000,"height":667,"caption":"Das Matterhorn: der bekannteste Spitz der Schweiz"},{"@type":"BreadcrumbList","@id":"https:\/\/reiseblock.ch\/wordpress\/das-matterhorn-sicht\/#breadcrumb","itemListElement":[{"@type":"ListItem","position":1,"name":"Home","item":"https:\/\/reiseblock.ch\/wordpress\/"},{"@type":"ListItem","position":2,"name":"Das Matterhorn im Sucher"}]},{"@type":"WebSite","@id":"https:\/\/reiseblock.ch\/wordpress\/#website","url":"https:\/\/reiseblock.ch\/wordpress\/","name":"Reiseblock","description":"Ursula Kohlers ReiseWeise","publisher":{"@id":"https:\/\/reiseblock.ch\/wordpress\/#\/schema\/person\/eafba14374f16d5fa4f73efd49243014"},"potentialAction":[{"@type":"SearchAction","target":{"@type":"EntryPoint","urlTemplate":"https:\/\/reiseblock.ch\/wordpress\/?s={search_term_string}"},"query-input":{"@type":"PropertyValueSpecification","valueRequired":true,"valueName":"search_term_string"}}],"inLanguage":"de"},{"@type":["Person","Organization"],"@id":"https:\/\/reiseblock.ch\/wordpress\/#\/schema\/person\/eafba14374f16d5fa4f73efd49243014","name":"Ursula Kohler","image":{"@type":"ImageObject","inLanguage":"de","@id":"https:\/\/secure.gravatar.com\/avatar\/014d9b9a971f617638f4298cbb55f92d20b3bf0d1c9cc32f65333b2769bcf867?s=96&d=blank&r=g","url":"https:\/\/secure.gravatar.com\/avatar\/014d9b9a971f617638f4298cbb55f92d20b3bf0d1c9cc32f65333b2769bcf867?s=96&d=blank&r=g","contentUrl":"https:\/\/secure.gravatar.com\/avatar\/014d9b9a971f617638f4298cbb55f92d20b3bf0d1c9cc32f65333b2769bcf867?s=96&d=blank&r=g","caption":"Ursula Kohler"},"logo":{"@id":"https:\/\/secure.gravatar.com\/avatar\/014d9b9a971f617638f4298cbb55f92d20b3bf0d1c9cc32f65333b2769bcf867?s=96&d=blank&r=g"}},{"@type":"Person","@id":"https:\/\/reiseblock.ch\/wordpress\/#\/schema\/person\/739b103f8e7941f579794d17e2187721","name":"admin","image":{"@type":"ImageObject","inLanguage":"de","@id":"https:\/\/secure.gravatar.com\/avatar\/a0f702f22ecd58ce02800a54cb2055cabe1fa8d7cf75ab377ce2f2b8503f188c?s=96&d=blank&r=g","url":"https:\/\/secure.gravatar.com\/avatar\/a0f702f22ecd58ce02800a54cb2055cabe1fa8d7cf75ab377ce2f2b8503f188c?s=96&d=blank&r=g","contentUrl":"https:\/\/secure.gravatar.com\/avatar\/a0f702f22ecd58ce02800a54cb2055cabe1fa8d7cf75ab377ce2f2b8503f188c?s=96&d=blank&r=g","caption":"admin"},"url":"https:\/\/reiseblock.ch\/wordpress\/author\/admin\/"}]}},"_links":{"self":[{"href":"https:\/\/reiseblock.ch\/wordpress\/wp-json\/wp\/v2\/posts\/745","targetHints":{"allow":["GET"]}}],"collection":[{"href":"https:\/\/reiseblock.ch\/wordpress\/wp-json\/wp\/v2\/posts"}],"about":[{"href":"https:\/\/reiseblock.ch\/wordpress\/wp-json\/wp\/v2\/types\/post"}],"author":[{"embeddable":true,"href":"https:\/\/reiseblock.ch\/wordpress\/wp-json\/wp\/v2\/users\/1"}],"replies":[{"embeddable":true,"href":"https:\/\/reiseblock.ch\/wordpress\/wp-json\/wp\/v2\/comments?post=745"}],"version-history":[{"count":27,"href":"https:\/\/reiseblock.ch\/wordpress\/wp-json\/wp\/v2\/posts\/745\/revisions"}],"predecessor-version":[{"id":2063,"href":"https:\/\/reiseblock.ch\/wordpress\/wp-json\/wp\/v2\/posts\/745\/revisions\/2063"}],"wp:featuredmedia":[{"embeddable":true,"href":"https:\/\/reiseblock.ch\/wordpress\/wp-json\/wp\/v2\/media\/750"}],"wp:attachment":[{"href":"https:\/\/reiseblock.ch\/wordpress\/wp-json\/wp\/v2\/media?parent=745"}],"wp:term":[{"taxonomy":"category","embeddable":true,"href":"https:\/\/reiseblock.ch\/wordpress\/wp-json\/wp\/v2\/categories?post=745"},{"taxonomy":"post_tag","embeddable":true,"href":"https:\/\/reiseblock.ch\/wordpress\/wp-json\/wp\/v2\/tags?post=745"}],"curies":[{"name":"wp","href":"https:\/\/api.w.org\/{rel}","templated":true}]}}