{"id":721,"date":"2014-06-02T15:08:33","date_gmt":"2014-06-02T15:08:33","guid":{"rendered":"http:\/\/reiseblock.ch\/wordpress\/?p=721"},"modified":"2017-05-24T09:19:40","modified_gmt":"2017-05-24T07:19:40","slug":"von-der-walliser-sonne-gewaermt","status":"publish","type":"post","link":"https:\/\/reiseblock.ch\/wordpress\/von-der-walliser-sonne-gewaermt\/","title":{"rendered":"Von der Walliser Sonne gew\u00e4rmt"},"content":{"rendered":"<div id=\"attachment_725\" style=\"width: 1010px\" class=\"wp-caption alignleft\"><a href=\"http:\/\/reiseblock.ch\/wordpress\/wp-content\/uploads\/2014\/06\/Graechen_See_2.jpg\"><img loading=\"lazy\" decoding=\"async\" aria-describedby=\"caption-attachment-725\" class=\"wp-image-725 size-full\" src=\"http:\/\/reiseblock.ch\/wordpress\/wp-content\/uploads\/2014\/06\/Graechen_See_2.jpg\" alt=\"\" width=\"1000\" height=\"667\" srcset=\"https:\/\/reiseblock.ch\/wordpress\/wp-content\/uploads\/2014\/06\/Graechen_See_2.jpg 1000w, https:\/\/reiseblock.ch\/wordpress\/wp-content\/uploads\/2014\/06\/Graechen_See_2-300x200.jpg 300w\" sizes=\"auto, (max-width: 1000px) 100vw, 1000px\" \/><\/a><p id=\"caption-attachment-725\" class=\"wp-caption-text\">Das kleine Seelein liegt etwas oberhalb Gr\u00e4chen<\/p><\/div>\n<p><span style=\"font-size: 12pt;\">Die Temperaturen waren nicht viel versprechend. Dass es riskant ist, Anfang Juni auf 1700 Metern ein paar Ferientage zu verbringen, wussten wir. Aber \u2026<!--more--> um es gleich vorwegzunehmen: Grad Celsius ist etwas anderes als die warmen Strahlen am Walliser Sonnenhang in <a href=\"http:\/\/www.graechen.ch\" target=\"_blank\" rel=\"noopener noreferrer\">Gr\u00e4chen<\/a>. Viele G\u00e4ste haben sich noch nicht hierher verirrt, die Sommersaison beginnt auf dieser H\u00f6he sp\u00e4t. Aber unser Brot konnten wir aus drei B\u00e4ckereien aussuchen \u2013 wirklich fein! Von den vielen Sommeraktivit\u00e4ten konnten wir das meiste noch nicht machen, konnten uns den Sommerbetrieb aber lebhaft vorstellen. Daf\u00fcr hatten wir die Kneippanlage beim kleinen See f\u00fcr uns. <\/span><\/p>\n<p><span style=\"font-size: 12pt;\">Eine Besonderheit sind die Suonen, Wege entlang Bew\u00e4sserungssystemen. Gleich vier davon hat es in Gr\u00e4chen: Die \u00e4lteste soll bis ins 13. Jahrhundert zur\u00fcckgehen. Die Wasserleitungen dienten schon immer dazu, Wasser in sehr geringem Gef\u00e4lle vom Gletscher zu den Weiden zu f\u00fchren. Auch heute noch k\u00fcmmert sich ein Verein um die aufw\u00e4ndige Instandhaltung der Suonen. Die Wege verlaufen gr\u00f6sstenteils im Wald auf weichem, angenehmem Untergrund. Gr\u00e4chen ist in seinem Dorfkern autofrei und ist mit dem G\u00fctesiegel \u00abFamilien willkommen\u00bb ausgezeichnet. Wir kommen wieder \u2013 nur schon, um mit der Bahn auf die Hannigalp zu gondeln.<\/span><\/p>\n","protected":false},"excerpt":{"rendered":"<p>Die Temperaturen waren nicht viel versprechend. Dass es riskant ist, Anfang Juni auf 1700 Metern ein paar Ferientage zu verbringen, wussten wir. Aber \u2026<\/p>\n","protected":false},"author":1,"featured_media":725,"comment_status":"open","ping_status":"open","sticky":false,"template":"","format":"standard","meta":{"footnotes":""},"categories":[10],"tags":[59,23,60],"class_list":["post-721","post","type-post","status-publish","format-standard","has-post-thumbnail","hentry","category-erlebt","tag-graechen","tag-schweiz","tag-wallis"],"yoast_head":"<!-- This site is optimized with the Yoast SEO plugin v27.8 - https:\/\/yoast.com\/product\/yoast-seo-wordpress\/ -->\n<title>Von der Walliser Sonne gew\u00e4rmt &#8211; Reiseblock<\/title>\n<meta name=\"robots\" content=\"index, follow, max-snippet:-1, max-image-preview:large, max-video-preview:-1\" \/>\n<link rel=\"canonical\" href=\"https:\/\/reiseblock.ch\/wordpress\/von-der-walliser-sonne-gewaermt\/\" \/>\n<meta property=\"og:locale\" content=\"de_DE\" \/>\n<meta property=\"og:type\" content=\"article\" \/>\n<meta property=\"og:title\" content=\"Von der Walliser Sonne gew\u00e4rmt &#8211; Reiseblock\" \/>\n<meta property=\"og:description\" content=\"Die Temperaturen waren nicht viel versprechend. Dass es riskant ist, Anfang Juni auf 1700 Metern ein paar Ferientage zu verbringen, wussten wir. Aber \u2026\" \/>\n<meta property=\"og:url\" content=\"https:\/\/reiseblock.ch\/wordpress\/von-der-walliser-sonne-gewaermt\/\" \/>\n<meta property=\"og:site_name\" content=\"Reiseblock\" \/>\n<meta property=\"article:published_time\" content=\"2014-06-02T15:08:33+00:00\" \/>\n<meta property=\"article:modified_time\" content=\"2017-05-24T07:19:40+00:00\" \/>\n<meta property=\"og:image\" content=\"https:\/\/reiseblock.ch\/wordpress\/wp-content\/uploads\/2014\/06\/Graechen_See_2.jpg\" \/>\n\t<meta property=\"og:image:width\" content=\"1000\" \/>\n\t<meta property=\"og:image:height\" content=\"667\" \/>\n\t<meta property=\"og:image:type\" content=\"image\/jpeg\" \/>\n<meta name=\"author\" content=\"admin\" \/>\n<meta name=\"twitter:label1\" content=\"Verfasst von\" \/>\n\t<meta name=\"twitter:data1\" content=\"admin\" \/>\n\t<meta name=\"twitter:label2\" content=\"Gesch\u00e4tzte Lesezeit\" \/>\n\t<meta name=\"twitter:data2\" content=\"1\u00a0Minute\" \/>\n<script type=\"application\/ld+json\" class=\"yoast-schema-graph\">{\"@context\":\"https:\\\/\\\/schema.org\",\"@graph\":[{\"@type\":\"Article\",\"@id\":\"https:\\\/\\\/reiseblock.ch\\\/wordpress\\\/von-der-walliser-sonne-gewaermt\\\/#article\",\"isPartOf\":{\"@id\":\"https:\\\/\\\/reiseblock.ch\\\/wordpress\\\/von-der-walliser-sonne-gewaermt\\\/\"},\"author\":{\"name\":\"admin\",\"@id\":\"https:\\\/\\\/reiseblock.ch\\\/wordpress\\\/#\\\/schema\\\/person\\\/739b103f8e7941f579794d17e2187721\"},\"headline\":\"Von der Walliser Sonne gew\u00e4rmt\",\"datePublished\":\"2014-06-02T15:08:33+00:00\",\"dateModified\":\"2017-05-24T07:19:40+00:00\",\"mainEntityOfPage\":{\"@id\":\"https:\\\/\\\/reiseblock.ch\\\/wordpress\\\/von-der-walliser-sonne-gewaermt\\\/\"},\"wordCount\":224,\"commentCount\":0,\"publisher\":{\"@id\":\"https:\\\/\\\/reiseblock.ch\\\/wordpress\\\/#\\\/schema\\\/person\\\/eafba14374f16d5fa4f73efd49243014\"},\"image\":{\"@id\":\"https:\\\/\\\/reiseblock.ch\\\/wordpress\\\/von-der-walliser-sonne-gewaermt\\\/#primaryimage\"},\"thumbnailUrl\":\"https:\\\/\\\/reiseblock.ch\\\/wordpress\\\/wp-content\\\/uploads\\\/2014\\\/06\\\/Graechen_See_2.jpg\",\"keywords\":[\"Gr\u00e4chen\",\"Schweiz\",\"Wallis\"],\"articleSection\":[\"Erlebt\"],\"inLanguage\":\"de\",\"potentialAction\":[{\"@type\":\"CommentAction\",\"name\":\"Comment\",\"target\":[\"https:\\\/\\\/reiseblock.ch\\\/wordpress\\\/von-der-walliser-sonne-gewaermt\\\/#respond\"]}]},{\"@type\":\"WebPage\",\"@id\":\"https:\\\/\\\/reiseblock.ch\\\/wordpress\\\/von-der-walliser-sonne-gewaermt\\\/\",\"url\":\"https:\\\/\\\/reiseblock.ch\\\/wordpress\\\/von-der-walliser-sonne-gewaermt\\\/\",\"name\":\"Von der Walliser Sonne gew\u00e4rmt &#8211; Reiseblock\",\"isPartOf\":{\"@id\":\"https:\\\/\\\/reiseblock.ch\\\/wordpress\\\/#website\"},\"primaryImageOfPage\":{\"@id\":\"https:\\\/\\\/reiseblock.ch\\\/wordpress\\\/von-der-walliser-sonne-gewaermt\\\/#primaryimage\"},\"image\":{\"@id\":\"https:\\\/\\\/reiseblock.ch\\\/wordpress\\\/von-der-walliser-sonne-gewaermt\\\/#primaryimage\"},\"thumbnailUrl\":\"https:\\\/\\\/reiseblock.ch\\\/wordpress\\\/wp-content\\\/uploads\\\/2014\\\/06\\\/Graechen_See_2.jpg\",\"datePublished\":\"2014-06-02T15:08:33+00:00\",\"dateModified\":\"2017-05-24T07:19:40+00:00\",\"breadcrumb\":{\"@id\":\"https:\\\/\\\/reiseblock.ch\\\/wordpress\\\/von-der-walliser-sonne-gewaermt\\\/#breadcrumb\"},\"inLanguage\":\"de\",\"potentialAction\":[{\"@type\":\"ReadAction\",\"target\":[\"https:\\\/\\\/reiseblock.ch\\\/wordpress\\\/von-der-walliser-sonne-gewaermt\\\/\"]}]},{\"@type\":\"ImageObject\",\"inLanguage\":\"de\",\"@id\":\"https:\\\/\\\/reiseblock.ch\\\/wordpress\\\/von-der-walliser-sonne-gewaermt\\\/#primaryimage\",\"url\":\"https:\\\/\\\/reiseblock.ch\\\/wordpress\\\/wp-content\\\/uploads\\\/2014\\\/06\\\/Graechen_See_2.jpg\",\"contentUrl\":\"https:\\\/\\\/reiseblock.ch\\\/wordpress\\\/wp-content\\\/uploads\\\/2014\\\/06\\\/Graechen_See_2.jpg\",\"width\":1000,\"height\":667,\"caption\":\"Das kleine Seelein liegt etwas oberhalb Gr\u00e4chen\"},{\"@type\":\"BreadcrumbList\",\"@id\":\"https:\\\/\\\/reiseblock.ch\\\/wordpress\\\/von-der-walliser-sonne-gewaermt\\\/#breadcrumb\",\"itemListElement\":[{\"@type\":\"ListItem\",\"position\":1,\"name\":\"Home\",\"item\":\"https:\\\/\\\/reiseblock.ch\\\/wordpress\\\/\"},{\"@type\":\"ListItem\",\"position\":2,\"name\":\"Von der Walliser Sonne gew\u00e4rmt\"}]},{\"@type\":\"WebSite\",\"@id\":\"https:\\\/\\\/reiseblock.ch\\\/wordpress\\\/#website\",\"url\":\"https:\\\/\\\/reiseblock.ch\\\/wordpress\\\/\",\"name\":\"Reiseblock\",\"description\":\"Ursula Kohlers ReiseWeise\",\"publisher\":{\"@id\":\"https:\\\/\\\/reiseblock.ch\\\/wordpress\\\/#\\\/schema\\\/person\\\/eafba14374f16d5fa4f73efd49243014\"},\"potentialAction\":[{\"@type\":\"SearchAction\",\"target\":{\"@type\":\"EntryPoint\",\"urlTemplate\":\"https:\\\/\\\/reiseblock.ch\\\/wordpress\\\/?s={search_term_string}\"},\"query-input\":{\"@type\":\"PropertyValueSpecification\",\"valueRequired\":true,\"valueName\":\"search_term_string\"}}],\"inLanguage\":\"de\"},{\"@type\":[\"Person\",\"Organization\"],\"@id\":\"https:\\\/\\\/reiseblock.ch\\\/wordpress\\\/#\\\/schema\\\/person\\\/eafba14374f16d5fa4f73efd49243014\",\"name\":\"Ursula Kohler\",\"image\":{\"@type\":\"ImageObject\",\"inLanguage\":\"de\",\"@id\":\"https:\\\/\\\/secure.gravatar.com\\\/avatar\\\/014d9b9a971f617638f4298cbb55f92d20b3bf0d1c9cc32f65333b2769bcf867?s=96&d=blank&r=g\",\"url\":\"https:\\\/\\\/secure.gravatar.com\\\/avatar\\\/014d9b9a971f617638f4298cbb55f92d20b3bf0d1c9cc32f65333b2769bcf867?s=96&d=blank&r=g\",\"contentUrl\":\"https:\\\/\\\/secure.gravatar.com\\\/avatar\\\/014d9b9a971f617638f4298cbb55f92d20b3bf0d1c9cc32f65333b2769bcf867?s=96&d=blank&r=g\",\"caption\":\"Ursula Kohler\"},\"logo\":{\"@id\":\"https:\\\/\\\/secure.gravatar.com\\\/avatar\\\/014d9b9a971f617638f4298cbb55f92d20b3bf0d1c9cc32f65333b2769bcf867?s=96&d=blank&r=g\"}},{\"@type\":\"Person\",\"@id\":\"https:\\\/\\\/reiseblock.ch\\\/wordpress\\\/#\\\/schema\\\/person\\\/739b103f8e7941f579794d17e2187721\",\"name\":\"admin\",\"image\":{\"@type\":\"ImageObject\",\"inLanguage\":\"de\",\"@id\":\"https:\\\/\\\/secure.gravatar.com\\\/avatar\\\/a0f702f22ecd58ce02800a54cb2055cabe1fa8d7cf75ab377ce2f2b8503f188c?s=96&d=blank&r=g\",\"url\":\"https:\\\/\\\/secure.gravatar.com\\\/avatar\\\/a0f702f22ecd58ce02800a54cb2055cabe1fa8d7cf75ab377ce2f2b8503f188c?s=96&d=blank&r=g\",\"contentUrl\":\"https:\\\/\\\/secure.gravatar.com\\\/avatar\\\/a0f702f22ecd58ce02800a54cb2055cabe1fa8d7cf75ab377ce2f2b8503f188c?s=96&d=blank&r=g\",\"caption\":\"admin\"},\"url\":\"https:\\\/\\\/reiseblock.ch\\\/wordpress\\\/author\\\/admin\\\/\"}]}<\/script>\n<!-- \/ Yoast SEO plugin. -->","yoast_head_json":{"title":"Von der Walliser Sonne gew\u00e4rmt &#8211; Reiseblock","robots":{"index":"index","follow":"follow","max-snippet":"max-snippet:-1","max-image-preview":"max-image-preview:large","max-video-preview":"max-video-preview:-1"},"canonical":"https:\/\/reiseblock.ch\/wordpress\/von-der-walliser-sonne-gewaermt\/","og_locale":"de_DE","og_type":"article","og_title":"Von der Walliser Sonne gew\u00e4rmt &#8211; Reiseblock","og_description":"Die Temperaturen waren nicht viel versprechend. Dass es riskant ist, Anfang Juni auf 1700 Metern ein paar Ferientage zu verbringen, wussten wir. Aber \u2026","og_url":"https:\/\/reiseblock.ch\/wordpress\/von-der-walliser-sonne-gewaermt\/","og_site_name":"Reiseblock","article_published_time":"2014-06-02T15:08:33+00:00","article_modified_time":"2017-05-24T07:19:40+00:00","og_image":[{"width":1000,"height":667,"url":"https:\/\/reiseblock.ch\/wordpress\/wp-content\/uploads\/2014\/06\/Graechen_See_2.jpg","type":"image\/jpeg"}],"author":"admin","twitter_misc":{"Verfasst von":"admin","Gesch\u00e4tzte Lesezeit":"1\u00a0Minute"},"schema":{"@context":"https:\/\/schema.org","@graph":[{"@type":"Article","@id":"https:\/\/reiseblock.ch\/wordpress\/von-der-walliser-sonne-gewaermt\/#article","isPartOf":{"@id":"https:\/\/reiseblock.ch\/wordpress\/von-der-walliser-sonne-gewaermt\/"},"author":{"name":"admin","@id":"https:\/\/reiseblock.ch\/wordpress\/#\/schema\/person\/739b103f8e7941f579794d17e2187721"},"headline":"Von der Walliser Sonne gew\u00e4rmt","datePublished":"2014-06-02T15:08:33+00:00","dateModified":"2017-05-24T07:19:40+00:00","mainEntityOfPage":{"@id":"https:\/\/reiseblock.ch\/wordpress\/von-der-walliser-sonne-gewaermt\/"},"wordCount":224,"commentCount":0,"publisher":{"@id":"https:\/\/reiseblock.ch\/wordpress\/#\/schema\/person\/eafba14374f16d5fa4f73efd49243014"},"image":{"@id":"https:\/\/reiseblock.ch\/wordpress\/von-der-walliser-sonne-gewaermt\/#primaryimage"},"thumbnailUrl":"https:\/\/reiseblock.ch\/wordpress\/wp-content\/uploads\/2014\/06\/Graechen_See_2.jpg","keywords":["Gr\u00e4chen","Schweiz","Wallis"],"articleSection":["Erlebt"],"inLanguage":"de","potentialAction":[{"@type":"CommentAction","name":"Comment","target":["https:\/\/reiseblock.ch\/wordpress\/von-der-walliser-sonne-gewaermt\/#respond"]}]},{"@type":"WebPage","@id":"https:\/\/reiseblock.ch\/wordpress\/von-der-walliser-sonne-gewaermt\/","url":"https:\/\/reiseblock.ch\/wordpress\/von-der-walliser-sonne-gewaermt\/","name":"Von der Walliser Sonne gew\u00e4rmt &#8211; Reiseblock","isPartOf":{"@id":"https:\/\/reiseblock.ch\/wordpress\/#website"},"primaryImageOfPage":{"@id":"https:\/\/reiseblock.ch\/wordpress\/von-der-walliser-sonne-gewaermt\/#primaryimage"},"image":{"@id":"https:\/\/reiseblock.ch\/wordpress\/von-der-walliser-sonne-gewaermt\/#primaryimage"},"thumbnailUrl":"https:\/\/reiseblock.ch\/wordpress\/wp-content\/uploads\/2014\/06\/Graechen_See_2.jpg","datePublished":"2014-06-02T15:08:33+00:00","dateModified":"2017-05-24T07:19:40+00:00","breadcrumb":{"@id":"https:\/\/reiseblock.ch\/wordpress\/von-der-walliser-sonne-gewaermt\/#breadcrumb"},"inLanguage":"de","potentialAction":[{"@type":"ReadAction","target":["https:\/\/reiseblock.ch\/wordpress\/von-der-walliser-sonne-gewaermt\/"]}]},{"@type":"ImageObject","inLanguage":"de","@id":"https:\/\/reiseblock.ch\/wordpress\/von-der-walliser-sonne-gewaermt\/#primaryimage","url":"https:\/\/reiseblock.ch\/wordpress\/wp-content\/uploads\/2014\/06\/Graechen_See_2.jpg","contentUrl":"https:\/\/reiseblock.ch\/wordpress\/wp-content\/uploads\/2014\/06\/Graechen_See_2.jpg","width":1000,"height":667,"caption":"Das kleine Seelein liegt etwas oberhalb Gr\u00e4chen"},{"@type":"BreadcrumbList","@id":"https:\/\/reiseblock.ch\/wordpress\/von-der-walliser-sonne-gewaermt\/#breadcrumb","itemListElement":[{"@type":"ListItem","position":1,"name":"Home","item":"https:\/\/reiseblock.ch\/wordpress\/"},{"@type":"ListItem","position":2,"name":"Von der Walliser Sonne gew\u00e4rmt"}]},{"@type":"WebSite","@id":"https:\/\/reiseblock.ch\/wordpress\/#website","url":"https:\/\/reiseblock.ch\/wordpress\/","name":"Reiseblock","description":"Ursula Kohlers ReiseWeise","publisher":{"@id":"https:\/\/reiseblock.ch\/wordpress\/#\/schema\/person\/eafba14374f16d5fa4f73efd49243014"},"potentialAction":[{"@type":"SearchAction","target":{"@type":"EntryPoint","urlTemplate":"https:\/\/reiseblock.ch\/wordpress\/?s={search_term_string}"},"query-input":{"@type":"PropertyValueSpecification","valueRequired":true,"valueName":"search_term_string"}}],"inLanguage":"de"},{"@type":["Person","Organization"],"@id":"https:\/\/reiseblock.ch\/wordpress\/#\/schema\/person\/eafba14374f16d5fa4f73efd49243014","name":"Ursula Kohler","image":{"@type":"ImageObject","inLanguage":"de","@id":"https:\/\/secure.gravatar.com\/avatar\/014d9b9a971f617638f4298cbb55f92d20b3bf0d1c9cc32f65333b2769bcf867?s=96&d=blank&r=g","url":"https:\/\/secure.gravatar.com\/avatar\/014d9b9a971f617638f4298cbb55f92d20b3bf0d1c9cc32f65333b2769bcf867?s=96&d=blank&r=g","contentUrl":"https:\/\/secure.gravatar.com\/avatar\/014d9b9a971f617638f4298cbb55f92d20b3bf0d1c9cc32f65333b2769bcf867?s=96&d=blank&r=g","caption":"Ursula Kohler"},"logo":{"@id":"https:\/\/secure.gravatar.com\/avatar\/014d9b9a971f617638f4298cbb55f92d20b3bf0d1c9cc32f65333b2769bcf867?s=96&d=blank&r=g"}},{"@type":"Person","@id":"https:\/\/reiseblock.ch\/wordpress\/#\/schema\/person\/739b103f8e7941f579794d17e2187721","name":"admin","image":{"@type":"ImageObject","inLanguage":"de","@id":"https:\/\/secure.gravatar.com\/avatar\/a0f702f22ecd58ce02800a54cb2055cabe1fa8d7cf75ab377ce2f2b8503f188c?s=96&d=blank&r=g","url":"https:\/\/secure.gravatar.com\/avatar\/a0f702f22ecd58ce02800a54cb2055cabe1fa8d7cf75ab377ce2f2b8503f188c?s=96&d=blank&r=g","contentUrl":"https:\/\/secure.gravatar.com\/avatar\/a0f702f22ecd58ce02800a54cb2055cabe1fa8d7cf75ab377ce2f2b8503f188c?s=96&d=blank&r=g","caption":"admin"},"url":"https:\/\/reiseblock.ch\/wordpress\/author\/admin\/"}]}},"_links":{"self":[{"href":"https:\/\/reiseblock.ch\/wordpress\/wp-json\/wp\/v2\/posts\/721","targetHints":{"allow":["GET"]}}],"collection":[{"href":"https:\/\/reiseblock.ch\/wordpress\/wp-json\/wp\/v2\/posts"}],"about":[{"href":"https:\/\/reiseblock.ch\/wordpress\/wp-json\/wp\/v2\/types\/post"}],"author":[{"embeddable":true,"href":"https:\/\/reiseblock.ch\/wordpress\/wp-json\/wp\/v2\/users\/1"}],"replies":[{"embeddable":true,"href":"https:\/\/reiseblock.ch\/wordpress\/wp-json\/wp\/v2\/comments?post=721"}],"version-history":[{"count":7,"href":"https:\/\/reiseblock.ch\/wordpress\/wp-json\/wp\/v2\/posts\/721\/revisions"}],"predecessor-version":[{"id":1818,"href":"https:\/\/reiseblock.ch\/wordpress\/wp-json\/wp\/v2\/posts\/721\/revisions\/1818"}],"wp:featuredmedia":[{"embeddable":true,"href":"https:\/\/reiseblock.ch\/wordpress\/wp-json\/wp\/v2\/media\/725"}],"wp:attachment":[{"href":"https:\/\/reiseblock.ch\/wordpress\/wp-json\/wp\/v2\/media?parent=721"}],"wp:term":[{"taxonomy":"category","embeddable":true,"href":"https:\/\/reiseblock.ch\/wordpress\/wp-json\/wp\/v2\/categories?post=721"},{"taxonomy":"post_tag","embeddable":true,"href":"https:\/\/reiseblock.ch\/wordpress\/wp-json\/wp\/v2\/tags?post=721"}],"curies":[{"name":"wp","href":"https:\/\/api.w.org\/{rel}","templated":true}]}}