{"id":666,"date":"2014-05-12T18:05:22","date_gmt":"2014-05-12T18:05:22","guid":{"rendered":"http:\/\/reiseblock.ch\/wordpress\/?p=666"},"modified":"2017-08-16T10:42:25","modified_gmt":"2017-08-16T08:42:25","slug":"mit-den-basler-faehren-unterwegs","status":"publish","type":"post","link":"https:\/\/reiseblock.ch\/wordpress\/mit-den-basler-faehren-unterwegs\/","title":{"rendered":"Mit der Basler F\u00e4hri \u00fcber den Rhein"},"content":{"rendered":"<div id=\"attachment_667\" style=\"width: 710px\" class=\"wp-caption aligncenter\"><a href=\"http:\/\/reiseblock.ch\/wordpress\/wp-content\/uploads\/2014\/05\/Faehre_Basel.jpg\"><img loading=\"lazy\" decoding=\"async\" aria-describedby=\"caption-attachment-667\" class=\"wp-image-667 size-large\" src=\"http:\/\/reiseblock.ch\/wordpress\/wp-content\/uploads\/2014\/05\/Faehre_Basel-1024x682.jpg\" alt=\"\" width=\"700\" height=\"466\" \/><\/a><p id=\"caption-attachment-667\" class=\"wp-caption-text\">Die St. Alban-F\u00e4hre unterwegs<\/p><\/div>\n<p><span style=\"font-size: 12pt; font-family: Book Antiqua,Palatino;\">Die<a href=\"http:\/\/www.faehri.ch\/\" target=\"_blank\" rel=\"noopener noreferrer\"> Basler F\u00e4hren<\/a> sind etwas Spezielles. An vier Stellen in der Stadt f\u00fchren sie Passagiere von einem Ufer ans andere. Fliegende Br\u00fccken werden sie deswegen auch genannt. Seite Mitte des 19. Jahrhunderts verf\u00fcgt Basel \u00fcber diese aussergew\u00f6hnlichen Transportmittel.<!--more--> <\/span><\/p>\n<p><span style=\"font-size: 12pt; font-family: Book Antiqua,Palatino;\">Die F\u00e4hren setzen ganz ohne Kraft \u00fcber, nur durch die Flussstr\u00f6mung. Die Weidlingen \u00e4hnlichen Boote sind aus dem Stadtbild Basels nicht wegzudenken. Die F\u00e4hren fahren ganzj\u00e4hrig, ausser bei witterungsbedingten Pausen, haben aber jede einen eigenen Fahrplan. Die Preise sind moderat, auf dem Boot finden sowohl Kinderwagen wie Velo und Hunde Platz. Wer zu ruhigen Zeiten unterwegs ist, hat vielleicht das Gl\u00fcck, mit den F\u00e4hrim\u00e4nnern oder -frauen ein interessantes Gespr\u00e4ch zu f\u00fchren. Eine Flussbreite lang.<\/span><\/p>\n<p><span style=\"font-size: 12pt; font-family: Book Antiqua,Palatino;\">Die St. Alban-F\u00e4hre \u00abWild Maa\u00bb verbindet Kleinbasel mit dem sch\u00f6nen St. Alban-Quartier. Hier lohnt sich ein Besuch der <a href=\"http:\/\/www.papiermuseum.ch\" target=\"_blank\" rel=\"noopener noreferrer\">Papierm\u00fchle<\/a>. Auf der Kleinbasler Seite ist das <a href=\"http:\/\/www.tinguely-museum.com\" target=\"_blank\" rel=\"noopener noreferrer\">Tinguely-Museum<\/a> gleich ums Eck. Die M\u00fcnster-F\u00e4hre \u00abLeu\u00bb \u00fcberquert den Fluss auf der H\u00f6he des M\u00fcnsters. Die F\u00e4hre im Zentrum. Die Klingental-F\u00e4hre \u00abVogel Gryff\u00bb verkehrt nahe der Mittleren Rheinbr\u00fccke und f\u00fchrt direkt zum Kulturzentrum Kaserne. Etwas weiter entfernt f\u00e4hrt die St. Johann-F\u00e4hre vom St. Johann-Quartier ins Horburgquartier.<\/span><\/p>\n<p><span style=\"font-size: 12pt;\">\u00a0<\/span><\/p>\n","protected":false},"excerpt":{"rendered":"<p>Die Basler F\u00e4hren sind etwas Spezielles. An vier Stellen in der Stadt f\u00fchren sie Passagiere von einem Ufer ans andere. Fliegende Br\u00fccken werden sie deswegen [&#8230;]<\/p>\n","protected":false},"author":1,"featured_media":667,"comment_status":"open","ping_status":"open","sticky":false,"template":"","format":"standard","meta":{"footnotes":""},"categories":[8],"tags":[27,51,52],"class_list":["post-666","post","type-post","status-publish","format-standard","has-post-thumbnail","hentry","category-tipp","tag-basel","tag-faehren","tag-rhein"],"yoast_head":"<!-- This site is optimized with the Yoast SEO plugin v27.8 - https:\/\/yoast.com\/product\/yoast-seo-wordpress\/ -->\n<title>Mit der Basler F\u00e4hri \u00fcber den Rhein &#8211; Reiseblock<\/title>\n<meta name=\"description\" content=\"Die Basler F\u00e4hren auf dem Rhein sind etwas Besonderes und einen Ausflug wert.\" \/>\n<meta name=\"robots\" content=\"index, follow, max-snippet:-1, max-image-preview:large, max-video-preview:-1\" \/>\n<link rel=\"canonical\" href=\"https:\/\/reiseblock.ch\/wordpress\/mit-den-basler-faehren-unterwegs\/\" \/>\n<meta property=\"og:locale\" content=\"de_DE\" \/>\n<meta property=\"og:type\" content=\"article\" \/>\n<meta property=\"og:title\" content=\"Mit der Basler F\u00e4hri \u00fcber den Rhein &#8211; Reiseblock\" \/>\n<meta property=\"og:description\" content=\"Die Basler F\u00e4hren auf dem Rhein sind etwas Besonderes und einen Ausflug wert.\" \/>\n<meta property=\"og:url\" content=\"https:\/\/reiseblock.ch\/wordpress\/mit-den-basler-faehren-unterwegs\/\" \/>\n<meta property=\"og:site_name\" content=\"Reiseblock\" \/>\n<meta property=\"article:published_time\" content=\"2014-05-12T18:05:22+00:00\" \/>\n<meta property=\"article:modified_time\" content=\"2017-08-16T08:42:25+00:00\" \/>\n<meta property=\"og:image\" content=\"https:\/\/reiseblock.ch\/wordpress\/wp-content\/uploads\/2014\/05\/Faehre_Basel-e1495610587310.jpg\" \/>\n\t<meta property=\"og:image:width\" content=\"1000\" \/>\n\t<meta property=\"og:image:height\" content=\"667\" \/>\n\t<meta property=\"og:image:type\" content=\"image\/jpeg\" \/>\n<meta name=\"author\" content=\"admin\" \/>\n<meta name=\"twitter:label1\" content=\"Verfasst von\" \/>\n\t<meta name=\"twitter:data1\" content=\"admin\" \/>\n\t<meta name=\"twitter:label2\" content=\"Gesch\u00e4tzte Lesezeit\" \/>\n\t<meta name=\"twitter:data2\" content=\"1\u00a0Minute\" \/>\n<script type=\"application\/ld+json\" class=\"yoast-schema-graph\">{\"@context\":\"https:\\\/\\\/schema.org\",\"@graph\":[{\"@type\":\"Article\",\"@id\":\"https:\\\/\\\/reiseblock.ch\\\/wordpress\\\/mit-den-basler-faehren-unterwegs\\\/#article\",\"isPartOf\":{\"@id\":\"https:\\\/\\\/reiseblock.ch\\\/wordpress\\\/mit-den-basler-faehren-unterwegs\\\/\"},\"author\":{\"name\":\"admin\",\"@id\":\"https:\\\/\\\/reiseblock.ch\\\/wordpress\\\/#\\\/schema\\\/person\\\/739b103f8e7941f579794d17e2187721\"},\"headline\":\"Mit der Basler F\u00e4hri \u00fcber den Rhein\",\"datePublished\":\"2014-05-12T18:05:22+00:00\",\"dateModified\":\"2017-08-16T08:42:25+00:00\",\"mainEntityOfPage\":{\"@id\":\"https:\\\/\\\/reiseblock.ch\\\/wordpress\\\/mit-den-basler-faehren-unterwegs\\\/\"},\"wordCount\":229,\"commentCount\":0,\"publisher\":{\"@id\":\"https:\\\/\\\/reiseblock.ch\\\/wordpress\\\/#\\\/schema\\\/person\\\/eafba14374f16d5fa4f73efd49243014\"},\"image\":{\"@id\":\"https:\\\/\\\/reiseblock.ch\\\/wordpress\\\/mit-den-basler-faehren-unterwegs\\\/#primaryimage\"},\"thumbnailUrl\":\"https:\\\/\\\/reiseblock.ch\\\/wordpress\\\/wp-content\\\/uploads\\\/2014\\\/05\\\/Faehre_Basel-e1495610587310.jpg\",\"keywords\":[\"Basel\",\"F\u00e4hren\",\"Rhein\"],\"articleSection\":[\"Tipp\"],\"inLanguage\":\"de\",\"potentialAction\":[{\"@type\":\"CommentAction\",\"name\":\"Comment\",\"target\":[\"https:\\\/\\\/reiseblock.ch\\\/wordpress\\\/mit-den-basler-faehren-unterwegs\\\/#respond\"]}]},{\"@type\":\"WebPage\",\"@id\":\"https:\\\/\\\/reiseblock.ch\\\/wordpress\\\/mit-den-basler-faehren-unterwegs\\\/\",\"url\":\"https:\\\/\\\/reiseblock.ch\\\/wordpress\\\/mit-den-basler-faehren-unterwegs\\\/\",\"name\":\"Mit der Basler F\u00e4hri \u00fcber den Rhein &#8211; Reiseblock\",\"isPartOf\":{\"@id\":\"https:\\\/\\\/reiseblock.ch\\\/wordpress\\\/#website\"},\"primaryImageOfPage\":{\"@id\":\"https:\\\/\\\/reiseblock.ch\\\/wordpress\\\/mit-den-basler-faehren-unterwegs\\\/#primaryimage\"},\"image\":{\"@id\":\"https:\\\/\\\/reiseblock.ch\\\/wordpress\\\/mit-den-basler-faehren-unterwegs\\\/#primaryimage\"},\"thumbnailUrl\":\"https:\\\/\\\/reiseblock.ch\\\/wordpress\\\/wp-content\\\/uploads\\\/2014\\\/05\\\/Faehre_Basel-e1495610587310.jpg\",\"datePublished\":\"2014-05-12T18:05:22+00:00\",\"dateModified\":\"2017-08-16T08:42:25+00:00\",\"description\":\"Die Basler F\u00e4hren auf dem Rhein sind etwas Besonderes und einen Ausflug wert.\",\"breadcrumb\":{\"@id\":\"https:\\\/\\\/reiseblock.ch\\\/wordpress\\\/mit-den-basler-faehren-unterwegs\\\/#breadcrumb\"},\"inLanguage\":\"de\",\"potentialAction\":[{\"@type\":\"ReadAction\",\"target\":[\"https:\\\/\\\/reiseblock.ch\\\/wordpress\\\/mit-den-basler-faehren-unterwegs\\\/\"]}]},{\"@type\":\"ImageObject\",\"inLanguage\":\"de\",\"@id\":\"https:\\\/\\\/reiseblock.ch\\\/wordpress\\\/mit-den-basler-faehren-unterwegs\\\/#primaryimage\",\"url\":\"https:\\\/\\\/reiseblock.ch\\\/wordpress\\\/wp-content\\\/uploads\\\/2014\\\/05\\\/Faehre_Basel-e1495610587310.jpg\",\"contentUrl\":\"https:\\\/\\\/reiseblock.ch\\\/wordpress\\\/wp-content\\\/uploads\\\/2014\\\/05\\\/Faehre_Basel-e1495610587310.jpg\",\"width\":1000,\"height\":667,\"caption\":\"Velofahren macht zusammen noch mehr Spass\"},{\"@type\":\"BreadcrumbList\",\"@id\":\"https:\\\/\\\/reiseblock.ch\\\/wordpress\\\/mit-den-basler-faehren-unterwegs\\\/#breadcrumb\",\"itemListElement\":[{\"@type\":\"ListItem\",\"position\":1,\"name\":\"Home\",\"item\":\"https:\\\/\\\/reiseblock.ch\\\/wordpress\\\/\"},{\"@type\":\"ListItem\",\"position\":2,\"name\":\"Mit der Basler F\u00e4hri \u00fcber den Rhein\"}]},{\"@type\":\"WebSite\",\"@id\":\"https:\\\/\\\/reiseblock.ch\\\/wordpress\\\/#website\",\"url\":\"https:\\\/\\\/reiseblock.ch\\\/wordpress\\\/\",\"name\":\"Reiseblock\",\"description\":\"Ursula Kohlers ReiseWeise\",\"publisher\":{\"@id\":\"https:\\\/\\\/reiseblock.ch\\\/wordpress\\\/#\\\/schema\\\/person\\\/eafba14374f16d5fa4f73efd49243014\"},\"potentialAction\":[{\"@type\":\"SearchAction\",\"target\":{\"@type\":\"EntryPoint\",\"urlTemplate\":\"https:\\\/\\\/reiseblock.ch\\\/wordpress\\\/?s={search_term_string}\"},\"query-input\":{\"@type\":\"PropertyValueSpecification\",\"valueRequired\":true,\"valueName\":\"search_term_string\"}}],\"inLanguage\":\"de\"},{\"@type\":[\"Person\",\"Organization\"],\"@id\":\"https:\\\/\\\/reiseblock.ch\\\/wordpress\\\/#\\\/schema\\\/person\\\/eafba14374f16d5fa4f73efd49243014\",\"name\":\"Ursula Kohler\",\"image\":{\"@type\":\"ImageObject\",\"inLanguage\":\"de\",\"@id\":\"https:\\\/\\\/secure.gravatar.com\\\/avatar\\\/014d9b9a971f617638f4298cbb55f92d20b3bf0d1c9cc32f65333b2769bcf867?s=96&d=blank&r=g\",\"url\":\"https:\\\/\\\/secure.gravatar.com\\\/avatar\\\/014d9b9a971f617638f4298cbb55f92d20b3bf0d1c9cc32f65333b2769bcf867?s=96&d=blank&r=g\",\"contentUrl\":\"https:\\\/\\\/secure.gravatar.com\\\/avatar\\\/014d9b9a971f617638f4298cbb55f92d20b3bf0d1c9cc32f65333b2769bcf867?s=96&d=blank&r=g\",\"caption\":\"Ursula Kohler\"},\"logo\":{\"@id\":\"https:\\\/\\\/secure.gravatar.com\\\/avatar\\\/014d9b9a971f617638f4298cbb55f92d20b3bf0d1c9cc32f65333b2769bcf867?s=96&d=blank&r=g\"}},{\"@type\":\"Person\",\"@id\":\"https:\\\/\\\/reiseblock.ch\\\/wordpress\\\/#\\\/schema\\\/person\\\/739b103f8e7941f579794d17e2187721\",\"name\":\"admin\",\"image\":{\"@type\":\"ImageObject\",\"inLanguage\":\"de\",\"@id\":\"https:\\\/\\\/secure.gravatar.com\\\/avatar\\\/a0f702f22ecd58ce02800a54cb2055cabe1fa8d7cf75ab377ce2f2b8503f188c?s=96&d=blank&r=g\",\"url\":\"https:\\\/\\\/secure.gravatar.com\\\/avatar\\\/a0f702f22ecd58ce02800a54cb2055cabe1fa8d7cf75ab377ce2f2b8503f188c?s=96&d=blank&r=g\",\"contentUrl\":\"https:\\\/\\\/secure.gravatar.com\\\/avatar\\\/a0f702f22ecd58ce02800a54cb2055cabe1fa8d7cf75ab377ce2f2b8503f188c?s=96&d=blank&r=g\",\"caption\":\"admin\"},\"url\":\"https:\\\/\\\/reiseblock.ch\\\/wordpress\\\/author\\\/admin\\\/\"}]}<\/script>\n<!-- \/ Yoast SEO plugin. -->","yoast_head_json":{"title":"Mit der Basler F\u00e4hri \u00fcber den Rhein &#8211; Reiseblock","description":"Die Basler F\u00e4hren auf dem Rhein sind etwas Besonderes und einen Ausflug wert.","robots":{"index":"index","follow":"follow","max-snippet":"max-snippet:-1","max-image-preview":"max-image-preview:large","max-video-preview":"max-video-preview:-1"},"canonical":"https:\/\/reiseblock.ch\/wordpress\/mit-den-basler-faehren-unterwegs\/","og_locale":"de_DE","og_type":"article","og_title":"Mit der Basler F\u00e4hri \u00fcber den Rhein &#8211; Reiseblock","og_description":"Die Basler F\u00e4hren auf dem Rhein sind etwas Besonderes und einen Ausflug wert.","og_url":"https:\/\/reiseblock.ch\/wordpress\/mit-den-basler-faehren-unterwegs\/","og_site_name":"Reiseblock","article_published_time":"2014-05-12T18:05:22+00:00","article_modified_time":"2017-08-16T08:42:25+00:00","og_image":[{"width":1000,"height":667,"url":"https:\/\/reiseblock.ch\/wordpress\/wp-content\/uploads\/2014\/05\/Faehre_Basel-e1495610587310.jpg","type":"image\/jpeg"}],"author":"admin","twitter_misc":{"Verfasst von":"admin","Gesch\u00e4tzte Lesezeit":"1\u00a0Minute"},"schema":{"@context":"https:\/\/schema.org","@graph":[{"@type":"Article","@id":"https:\/\/reiseblock.ch\/wordpress\/mit-den-basler-faehren-unterwegs\/#article","isPartOf":{"@id":"https:\/\/reiseblock.ch\/wordpress\/mit-den-basler-faehren-unterwegs\/"},"author":{"name":"admin","@id":"https:\/\/reiseblock.ch\/wordpress\/#\/schema\/person\/739b103f8e7941f579794d17e2187721"},"headline":"Mit der Basler F\u00e4hri \u00fcber den Rhein","datePublished":"2014-05-12T18:05:22+00:00","dateModified":"2017-08-16T08:42:25+00:00","mainEntityOfPage":{"@id":"https:\/\/reiseblock.ch\/wordpress\/mit-den-basler-faehren-unterwegs\/"},"wordCount":229,"commentCount":0,"publisher":{"@id":"https:\/\/reiseblock.ch\/wordpress\/#\/schema\/person\/eafba14374f16d5fa4f73efd49243014"},"image":{"@id":"https:\/\/reiseblock.ch\/wordpress\/mit-den-basler-faehren-unterwegs\/#primaryimage"},"thumbnailUrl":"https:\/\/reiseblock.ch\/wordpress\/wp-content\/uploads\/2014\/05\/Faehre_Basel-e1495610587310.jpg","keywords":["Basel","F\u00e4hren","Rhein"],"articleSection":["Tipp"],"inLanguage":"de","potentialAction":[{"@type":"CommentAction","name":"Comment","target":["https:\/\/reiseblock.ch\/wordpress\/mit-den-basler-faehren-unterwegs\/#respond"]}]},{"@type":"WebPage","@id":"https:\/\/reiseblock.ch\/wordpress\/mit-den-basler-faehren-unterwegs\/","url":"https:\/\/reiseblock.ch\/wordpress\/mit-den-basler-faehren-unterwegs\/","name":"Mit der Basler F\u00e4hri \u00fcber den Rhein &#8211; Reiseblock","isPartOf":{"@id":"https:\/\/reiseblock.ch\/wordpress\/#website"},"primaryImageOfPage":{"@id":"https:\/\/reiseblock.ch\/wordpress\/mit-den-basler-faehren-unterwegs\/#primaryimage"},"image":{"@id":"https:\/\/reiseblock.ch\/wordpress\/mit-den-basler-faehren-unterwegs\/#primaryimage"},"thumbnailUrl":"https:\/\/reiseblock.ch\/wordpress\/wp-content\/uploads\/2014\/05\/Faehre_Basel-e1495610587310.jpg","datePublished":"2014-05-12T18:05:22+00:00","dateModified":"2017-08-16T08:42:25+00:00","description":"Die Basler F\u00e4hren auf dem Rhein sind etwas Besonderes und einen Ausflug wert.","breadcrumb":{"@id":"https:\/\/reiseblock.ch\/wordpress\/mit-den-basler-faehren-unterwegs\/#breadcrumb"},"inLanguage":"de","potentialAction":[{"@type":"ReadAction","target":["https:\/\/reiseblock.ch\/wordpress\/mit-den-basler-faehren-unterwegs\/"]}]},{"@type":"ImageObject","inLanguage":"de","@id":"https:\/\/reiseblock.ch\/wordpress\/mit-den-basler-faehren-unterwegs\/#primaryimage","url":"https:\/\/reiseblock.ch\/wordpress\/wp-content\/uploads\/2014\/05\/Faehre_Basel-e1495610587310.jpg","contentUrl":"https:\/\/reiseblock.ch\/wordpress\/wp-content\/uploads\/2014\/05\/Faehre_Basel-e1495610587310.jpg","width":1000,"height":667,"caption":"Velofahren macht zusammen noch mehr Spass"},{"@type":"BreadcrumbList","@id":"https:\/\/reiseblock.ch\/wordpress\/mit-den-basler-faehren-unterwegs\/#breadcrumb","itemListElement":[{"@type":"ListItem","position":1,"name":"Home","item":"https:\/\/reiseblock.ch\/wordpress\/"},{"@type":"ListItem","position":2,"name":"Mit der Basler F\u00e4hri \u00fcber den Rhein"}]},{"@type":"WebSite","@id":"https:\/\/reiseblock.ch\/wordpress\/#website","url":"https:\/\/reiseblock.ch\/wordpress\/","name":"Reiseblock","description":"Ursula Kohlers ReiseWeise","publisher":{"@id":"https:\/\/reiseblock.ch\/wordpress\/#\/schema\/person\/eafba14374f16d5fa4f73efd49243014"},"potentialAction":[{"@type":"SearchAction","target":{"@type":"EntryPoint","urlTemplate":"https:\/\/reiseblock.ch\/wordpress\/?s={search_term_string}"},"query-input":{"@type":"PropertyValueSpecification","valueRequired":true,"valueName":"search_term_string"}}],"inLanguage":"de"},{"@type":["Person","Organization"],"@id":"https:\/\/reiseblock.ch\/wordpress\/#\/schema\/person\/eafba14374f16d5fa4f73efd49243014","name":"Ursula Kohler","image":{"@type":"ImageObject","inLanguage":"de","@id":"https:\/\/secure.gravatar.com\/avatar\/014d9b9a971f617638f4298cbb55f92d20b3bf0d1c9cc32f65333b2769bcf867?s=96&d=blank&r=g","url":"https:\/\/secure.gravatar.com\/avatar\/014d9b9a971f617638f4298cbb55f92d20b3bf0d1c9cc32f65333b2769bcf867?s=96&d=blank&r=g","contentUrl":"https:\/\/secure.gravatar.com\/avatar\/014d9b9a971f617638f4298cbb55f92d20b3bf0d1c9cc32f65333b2769bcf867?s=96&d=blank&r=g","caption":"Ursula Kohler"},"logo":{"@id":"https:\/\/secure.gravatar.com\/avatar\/014d9b9a971f617638f4298cbb55f92d20b3bf0d1c9cc32f65333b2769bcf867?s=96&d=blank&r=g"}},{"@type":"Person","@id":"https:\/\/reiseblock.ch\/wordpress\/#\/schema\/person\/739b103f8e7941f579794d17e2187721","name":"admin","image":{"@type":"ImageObject","inLanguage":"de","@id":"https:\/\/secure.gravatar.com\/avatar\/a0f702f22ecd58ce02800a54cb2055cabe1fa8d7cf75ab377ce2f2b8503f188c?s=96&d=blank&r=g","url":"https:\/\/secure.gravatar.com\/avatar\/a0f702f22ecd58ce02800a54cb2055cabe1fa8d7cf75ab377ce2f2b8503f188c?s=96&d=blank&r=g","contentUrl":"https:\/\/secure.gravatar.com\/avatar\/a0f702f22ecd58ce02800a54cb2055cabe1fa8d7cf75ab377ce2f2b8503f188c?s=96&d=blank&r=g","caption":"admin"},"url":"https:\/\/reiseblock.ch\/wordpress\/author\/admin\/"}]}},"_links":{"self":[{"href":"https:\/\/reiseblock.ch\/wordpress\/wp-json\/wp\/v2\/posts\/666","targetHints":{"allow":["GET"]}}],"collection":[{"href":"https:\/\/reiseblock.ch\/wordpress\/wp-json\/wp\/v2\/posts"}],"about":[{"href":"https:\/\/reiseblock.ch\/wordpress\/wp-json\/wp\/v2\/types\/post"}],"author":[{"embeddable":true,"href":"https:\/\/reiseblock.ch\/wordpress\/wp-json\/wp\/v2\/users\/1"}],"replies":[{"embeddable":true,"href":"https:\/\/reiseblock.ch\/wordpress\/wp-json\/wp\/v2\/comments?post=666"}],"version-history":[{"count":17,"href":"https:\/\/reiseblock.ch\/wordpress\/wp-json\/wp\/v2\/posts\/666\/revisions"}],"predecessor-version":[{"id":2058,"href":"https:\/\/reiseblock.ch\/wordpress\/wp-json\/wp\/v2\/posts\/666\/revisions\/2058"}],"wp:featuredmedia":[{"embeddable":true,"href":"https:\/\/reiseblock.ch\/wordpress\/wp-json\/wp\/v2\/media\/667"}],"wp:attachment":[{"href":"https:\/\/reiseblock.ch\/wordpress\/wp-json\/wp\/v2\/media?parent=666"}],"wp:term":[{"taxonomy":"category","embeddable":true,"href":"https:\/\/reiseblock.ch\/wordpress\/wp-json\/wp\/v2\/categories?post=666"},{"taxonomy":"post_tag","embeddable":true,"href":"https:\/\/reiseblock.ch\/wordpress\/wp-json\/wp\/v2\/tags?post=666"}],"curies":[{"name":"wp","href":"https:\/\/api.w.org\/{rel}","templated":true}]}}