{"id":571,"date":"2014-04-27T19:26:00","date_gmt":"2014-04-27T19:26:00","guid":{"rendered":"http:\/\/reiseblock.ch\/wordpress\/?p=571"},"modified":"2017-05-24T09:27:53","modified_gmt":"2017-05-24T07:27:53","slug":"1200-meter-oder-700-meter-ueber-meer","status":"publish","type":"post","link":"https:\/\/reiseblock.ch\/wordpress\/1200-meter-oder-700-meter-ueber-meer\/","title":{"rendered":"1200 oder 700 Meter \u00fcber Meer?"},"content":{"rendered":"<div id=\"attachment_573\" style=\"width: 710px\" class=\"wp-caption alignleft\"><a href=\"http:\/\/reiseblock.ch\/wordpress\/wp-content\/uploads\/2014\/04\/Flumserberg_Blumenwiese.jpg\"><img loading=\"lazy\" decoding=\"async\" aria-describedby=\"caption-attachment-573\" class=\"wp-image-573 size-large\" src=\"http:\/\/reiseblock.ch\/wordpress\/wp-content\/uploads\/2014\/04\/Flumserberg_Blumenwiese-1024x576.jpg\" alt=\"In den Bergen verdr\u00e4ngen die ersten Blumen den Schnee\" width=\"700\" height=\"394\" \/><\/a><p id=\"caption-attachment-573\" class=\"wp-caption-text\">In den Bergen liegt noch Schnee<\/p><\/div>\n<div id=\"attachment_575\" style=\"width: 710px\" class=\"wp-caption alignleft\"><a href=\"http:\/\/reiseblock.ch\/wordpress\/wp-content\/uploads\/2014\/04\/2373fad581a79078a791998c76479df1.jpg\"><img loading=\"lazy\" decoding=\"async\" aria-describedby=\"caption-attachment-575\" class=\"wp-image-575 size-large\" src=\"http:\/\/reiseblock.ch\/wordpress\/wp-content\/uploads\/2014\/04\/2373fad581a79078a791998c76479df1-1024x576.jpg\" alt=\"Auf 700 Metern bl\u00fchts und bl\u00fchts\" width=\"700\" height=\"394\" \/><\/a><p id=\"caption-attachment-575\" class=\"wp-caption-text\">Auf 700 Metern bl\u00fchts und bl\u00fchts<\/p><\/div>\n<p><span style=\"font-size: 12pt; font-family: Book Antiqua,Palatino;\">Kaum werden die Bahnen im Fr\u00fchling nach den letzten Skiabfahrten abgestellt, wird es sehr ruhig in den Bergen. An Restaurants, Hotels, Gesch\u00e4ften sieht man \u00e4hnliche Schilder: Betriebsferien bis \u2026 irgendwann im Mai.<!--more--> Die Landschaft sieht pl\u00f6tzlich wie gefleckt aus, Schneefelder wechseln sich mit br\u00e4unlichen Wiesen ab. Wer m\u00f6chte da noch unterwegs sein? Sieht man doch im Flachland gr\u00fcne Wiesen und bl\u00fchende B\u00e4ume. Und doch, wer \u00f6fter mal \u00abanti-saisonal\u00bb unterwegs ist, kennt die positiven \u00dcberraschungen: unerwartet mildes Wetter, das sogar bereits einen Hauch von Sommer tr\u00e4gt; eine Luft, wie gereinigt nach dem lebhaften Winterbetrieb, die ersten Blumen, die sich, kaum ist die Schneedecke weg, nach oben strecken. <\/span><\/p>\n<p><span style=\"font-size: 12pt; font-family: Book Antiqua,Palatino;\">\u00dcberall wird gearbeitet, abtransportiert, was nicht zum Sommer passt, renoviert, was gerade noch unter dem Schnee verborgen lag. Ob \u00fcber 1000 oder unter 800 Metern: Gl\u00fccklich, wer mal kurz zwischen den Welten hin- und herwechseln darf.<\/span><\/p>\n","protected":false},"excerpt":{"rendered":"<p>Kaum werden die Bahnen im Fr\u00fchling nach den letzten Skiabfahrten abgestellt, wird es sehr ruhig in den Bergen. An Restaurants, Hotels, Gesch\u00e4ften sieht man \u00e4hnliche [&#8230;]<\/p>\n","protected":false},"author":1,"featured_media":573,"comment_status":"open","ping_status":"open","sticky":false,"template":"","format":"standard","meta":{"footnotes":""},"categories":[10],"tags":[28,45,23],"class_list":["post-571","post","type-post","status-publish","format-standard","has-post-thumbnail","hentry","category-erlebt","tag-berge","tag-fruehling","tag-schweiz"],"yoast_head":"<!-- This site is optimized with the Yoast SEO plugin v27.8 - https:\/\/yoast.com\/product\/yoast-seo-wordpress\/ -->\n<title>1200 oder 700 Meter \u00fcber Meer? &#8211; Reiseblock<\/title>\n<meta name=\"robots\" content=\"index, follow, max-snippet:-1, max-image-preview:large, max-video-preview:-1\" \/>\n<link rel=\"canonical\" href=\"https:\/\/reiseblock.ch\/wordpress\/1200-meter-oder-700-meter-ueber-meer\/\" \/>\n<meta property=\"og:locale\" content=\"de_DE\" \/>\n<meta property=\"og:type\" content=\"article\" \/>\n<meta property=\"og:title\" content=\"1200 oder 700 Meter \u00fcber Meer? &#8211; Reiseblock\" \/>\n<meta property=\"og:description\" content=\"Kaum werden die Bahnen im Fr\u00fchling nach den letzten Skiabfahrten abgestellt, wird es sehr ruhig in den Bergen. An Restaurants, Hotels, Gesch\u00e4ften sieht man \u00e4hnliche [...]\" \/>\n<meta property=\"og:url\" content=\"https:\/\/reiseblock.ch\/wordpress\/1200-meter-oder-700-meter-ueber-meer\/\" \/>\n<meta property=\"og:site_name\" content=\"Reiseblock\" \/>\n<meta property=\"article:published_time\" content=\"2014-04-27T19:26:00+00:00\" \/>\n<meta property=\"article:modified_time\" content=\"2017-05-24T07:27:53+00:00\" \/>\n<meta property=\"og:image\" content=\"https:\/\/reiseblock.ch\/wordpress\/wp-content\/uploads\/2014\/04\/Flumserberg_Blumenwiese-e1495610813825.jpg\" \/>\n\t<meta property=\"og:image:width\" content=\"800\" \/>\n\t<meta property=\"og:image:height\" content=\"450\" \/>\n\t<meta property=\"og:image:type\" content=\"image\/jpeg\" \/>\n<meta name=\"author\" content=\"admin\" \/>\n<meta name=\"twitter:label1\" content=\"Verfasst von\" \/>\n\t<meta name=\"twitter:data1\" content=\"admin\" \/>\n\t<meta name=\"twitter:label2\" content=\"Gesch\u00e4tzte Lesezeit\" \/>\n\t<meta name=\"twitter:data2\" content=\"1\u00a0Minute\" \/>\n<script type=\"application\/ld+json\" class=\"yoast-schema-graph\">{\"@context\":\"https:\\\/\\\/schema.org\",\"@graph\":[{\"@type\":\"Article\",\"@id\":\"https:\\\/\\\/reiseblock.ch\\\/wordpress\\\/1200-meter-oder-700-meter-ueber-meer\\\/#article\",\"isPartOf\":{\"@id\":\"https:\\\/\\\/reiseblock.ch\\\/wordpress\\\/1200-meter-oder-700-meter-ueber-meer\\\/\"},\"author\":{\"name\":\"admin\",\"@id\":\"https:\\\/\\\/reiseblock.ch\\\/wordpress\\\/#\\\/schema\\\/person\\\/739b103f8e7941f579794d17e2187721\"},\"headline\":\"1200 oder 700 Meter \u00fcber Meer?\",\"datePublished\":\"2014-04-27T19:26:00+00:00\",\"dateModified\":\"2017-05-24T07:27:53+00:00\",\"mainEntityOfPage\":{\"@id\":\"https:\\\/\\\/reiseblock.ch\\\/wordpress\\\/1200-meter-oder-700-meter-ueber-meer\\\/\"},\"wordCount\":180,\"commentCount\":0,\"publisher\":{\"@id\":\"https:\\\/\\\/reiseblock.ch\\\/wordpress\\\/#\\\/schema\\\/person\\\/eafba14374f16d5fa4f73efd49243014\"},\"image\":{\"@id\":\"https:\\\/\\\/reiseblock.ch\\\/wordpress\\\/1200-meter-oder-700-meter-ueber-meer\\\/#primaryimage\"},\"thumbnailUrl\":\"https:\\\/\\\/reiseblock.ch\\\/wordpress\\\/wp-content\\\/uploads\\\/2014\\\/04\\\/Flumserberg_Blumenwiese-e1495610813825.jpg\",\"keywords\":[\"Berge\",\"Fr\u00fchling\",\"Schweiz\"],\"articleSection\":[\"Erlebt\"],\"inLanguage\":\"de\",\"potentialAction\":[{\"@type\":\"CommentAction\",\"name\":\"Comment\",\"target\":[\"https:\\\/\\\/reiseblock.ch\\\/wordpress\\\/1200-meter-oder-700-meter-ueber-meer\\\/#respond\"]}]},{\"@type\":\"WebPage\",\"@id\":\"https:\\\/\\\/reiseblock.ch\\\/wordpress\\\/1200-meter-oder-700-meter-ueber-meer\\\/\",\"url\":\"https:\\\/\\\/reiseblock.ch\\\/wordpress\\\/1200-meter-oder-700-meter-ueber-meer\\\/\",\"name\":\"1200 oder 700 Meter \u00fcber Meer? &#8211; Reiseblock\",\"isPartOf\":{\"@id\":\"https:\\\/\\\/reiseblock.ch\\\/wordpress\\\/#website\"},\"primaryImageOfPage\":{\"@id\":\"https:\\\/\\\/reiseblock.ch\\\/wordpress\\\/1200-meter-oder-700-meter-ueber-meer\\\/#primaryimage\"},\"image\":{\"@id\":\"https:\\\/\\\/reiseblock.ch\\\/wordpress\\\/1200-meter-oder-700-meter-ueber-meer\\\/#primaryimage\"},\"thumbnailUrl\":\"https:\\\/\\\/reiseblock.ch\\\/wordpress\\\/wp-content\\\/uploads\\\/2014\\\/04\\\/Flumserberg_Blumenwiese-e1495610813825.jpg\",\"datePublished\":\"2014-04-27T19:26:00+00:00\",\"dateModified\":\"2017-05-24T07:27:53+00:00\",\"breadcrumb\":{\"@id\":\"https:\\\/\\\/reiseblock.ch\\\/wordpress\\\/1200-meter-oder-700-meter-ueber-meer\\\/#breadcrumb\"},\"inLanguage\":\"de\",\"potentialAction\":[{\"@type\":\"ReadAction\",\"target\":[\"https:\\\/\\\/reiseblock.ch\\\/wordpress\\\/1200-meter-oder-700-meter-ueber-meer\\\/\"]}]},{\"@type\":\"ImageObject\",\"inLanguage\":\"de\",\"@id\":\"https:\\\/\\\/reiseblock.ch\\\/wordpress\\\/1200-meter-oder-700-meter-ueber-meer\\\/#primaryimage\",\"url\":\"https:\\\/\\\/reiseblock.ch\\\/wordpress\\\/wp-content\\\/uploads\\\/2014\\\/04\\\/Flumserberg_Blumenwiese-e1495610813825.jpg\",\"contentUrl\":\"https:\\\/\\\/reiseblock.ch\\\/wordpress\\\/wp-content\\\/uploads\\\/2014\\\/04\\\/Flumserberg_Blumenwiese-e1495610813825.jpg\",\"width\":800,\"height\":450,\"caption\":\"In den Bergen liegt noch Schnee\"},{\"@type\":\"BreadcrumbList\",\"@id\":\"https:\\\/\\\/reiseblock.ch\\\/wordpress\\\/1200-meter-oder-700-meter-ueber-meer\\\/#breadcrumb\",\"itemListElement\":[{\"@type\":\"ListItem\",\"position\":1,\"name\":\"Home\",\"item\":\"https:\\\/\\\/reiseblock.ch\\\/wordpress\\\/\"},{\"@type\":\"ListItem\",\"position\":2,\"name\":\"1200 oder 700 Meter \u00fcber Meer?\"}]},{\"@type\":\"WebSite\",\"@id\":\"https:\\\/\\\/reiseblock.ch\\\/wordpress\\\/#website\",\"url\":\"https:\\\/\\\/reiseblock.ch\\\/wordpress\\\/\",\"name\":\"Reiseblock\",\"description\":\"Ursula Kohlers ReiseWeise\",\"publisher\":{\"@id\":\"https:\\\/\\\/reiseblock.ch\\\/wordpress\\\/#\\\/schema\\\/person\\\/eafba14374f16d5fa4f73efd49243014\"},\"potentialAction\":[{\"@type\":\"SearchAction\",\"target\":{\"@type\":\"EntryPoint\",\"urlTemplate\":\"https:\\\/\\\/reiseblock.ch\\\/wordpress\\\/?s={search_term_string}\"},\"query-input\":{\"@type\":\"PropertyValueSpecification\",\"valueRequired\":true,\"valueName\":\"search_term_string\"}}],\"inLanguage\":\"de\"},{\"@type\":[\"Person\",\"Organization\"],\"@id\":\"https:\\\/\\\/reiseblock.ch\\\/wordpress\\\/#\\\/schema\\\/person\\\/eafba14374f16d5fa4f73efd49243014\",\"name\":\"Ursula Kohler\",\"image\":{\"@type\":\"ImageObject\",\"inLanguage\":\"de\",\"@id\":\"https:\\\/\\\/secure.gravatar.com\\\/avatar\\\/014d9b9a971f617638f4298cbb55f92d20b3bf0d1c9cc32f65333b2769bcf867?s=96&d=blank&r=g\",\"url\":\"https:\\\/\\\/secure.gravatar.com\\\/avatar\\\/014d9b9a971f617638f4298cbb55f92d20b3bf0d1c9cc32f65333b2769bcf867?s=96&d=blank&r=g\",\"contentUrl\":\"https:\\\/\\\/secure.gravatar.com\\\/avatar\\\/014d9b9a971f617638f4298cbb55f92d20b3bf0d1c9cc32f65333b2769bcf867?s=96&d=blank&r=g\",\"caption\":\"Ursula Kohler\"},\"logo\":{\"@id\":\"https:\\\/\\\/secure.gravatar.com\\\/avatar\\\/014d9b9a971f617638f4298cbb55f92d20b3bf0d1c9cc32f65333b2769bcf867?s=96&d=blank&r=g\"}},{\"@type\":\"Person\",\"@id\":\"https:\\\/\\\/reiseblock.ch\\\/wordpress\\\/#\\\/schema\\\/person\\\/739b103f8e7941f579794d17e2187721\",\"name\":\"admin\",\"image\":{\"@type\":\"ImageObject\",\"inLanguage\":\"de\",\"@id\":\"https:\\\/\\\/secure.gravatar.com\\\/avatar\\\/a0f702f22ecd58ce02800a54cb2055cabe1fa8d7cf75ab377ce2f2b8503f188c?s=96&d=blank&r=g\",\"url\":\"https:\\\/\\\/secure.gravatar.com\\\/avatar\\\/a0f702f22ecd58ce02800a54cb2055cabe1fa8d7cf75ab377ce2f2b8503f188c?s=96&d=blank&r=g\",\"contentUrl\":\"https:\\\/\\\/secure.gravatar.com\\\/avatar\\\/a0f702f22ecd58ce02800a54cb2055cabe1fa8d7cf75ab377ce2f2b8503f188c?s=96&d=blank&r=g\",\"caption\":\"admin\"},\"url\":\"https:\\\/\\\/reiseblock.ch\\\/wordpress\\\/author\\\/admin\\\/\"}]}<\/script>\n<!-- \/ Yoast SEO plugin. -->","yoast_head_json":{"title":"1200 oder 700 Meter \u00fcber Meer? &#8211; Reiseblock","robots":{"index":"index","follow":"follow","max-snippet":"max-snippet:-1","max-image-preview":"max-image-preview:large","max-video-preview":"max-video-preview:-1"},"canonical":"https:\/\/reiseblock.ch\/wordpress\/1200-meter-oder-700-meter-ueber-meer\/","og_locale":"de_DE","og_type":"article","og_title":"1200 oder 700 Meter \u00fcber Meer? &#8211; Reiseblock","og_description":"Kaum werden die Bahnen im Fr\u00fchling nach den letzten Skiabfahrten abgestellt, wird es sehr ruhig in den Bergen. An Restaurants, Hotels, Gesch\u00e4ften sieht man \u00e4hnliche [...]","og_url":"https:\/\/reiseblock.ch\/wordpress\/1200-meter-oder-700-meter-ueber-meer\/","og_site_name":"Reiseblock","article_published_time":"2014-04-27T19:26:00+00:00","article_modified_time":"2017-05-24T07:27:53+00:00","og_image":[{"width":800,"height":450,"url":"https:\/\/reiseblock.ch\/wordpress\/wp-content\/uploads\/2014\/04\/Flumserberg_Blumenwiese-e1495610813825.jpg","type":"image\/jpeg"}],"author":"admin","twitter_misc":{"Verfasst von":"admin","Gesch\u00e4tzte Lesezeit":"1\u00a0Minute"},"schema":{"@context":"https:\/\/schema.org","@graph":[{"@type":"Article","@id":"https:\/\/reiseblock.ch\/wordpress\/1200-meter-oder-700-meter-ueber-meer\/#article","isPartOf":{"@id":"https:\/\/reiseblock.ch\/wordpress\/1200-meter-oder-700-meter-ueber-meer\/"},"author":{"name":"admin","@id":"https:\/\/reiseblock.ch\/wordpress\/#\/schema\/person\/739b103f8e7941f579794d17e2187721"},"headline":"1200 oder 700 Meter \u00fcber Meer?","datePublished":"2014-04-27T19:26:00+00:00","dateModified":"2017-05-24T07:27:53+00:00","mainEntityOfPage":{"@id":"https:\/\/reiseblock.ch\/wordpress\/1200-meter-oder-700-meter-ueber-meer\/"},"wordCount":180,"commentCount":0,"publisher":{"@id":"https:\/\/reiseblock.ch\/wordpress\/#\/schema\/person\/eafba14374f16d5fa4f73efd49243014"},"image":{"@id":"https:\/\/reiseblock.ch\/wordpress\/1200-meter-oder-700-meter-ueber-meer\/#primaryimage"},"thumbnailUrl":"https:\/\/reiseblock.ch\/wordpress\/wp-content\/uploads\/2014\/04\/Flumserberg_Blumenwiese-e1495610813825.jpg","keywords":["Berge","Fr\u00fchling","Schweiz"],"articleSection":["Erlebt"],"inLanguage":"de","potentialAction":[{"@type":"CommentAction","name":"Comment","target":["https:\/\/reiseblock.ch\/wordpress\/1200-meter-oder-700-meter-ueber-meer\/#respond"]}]},{"@type":"WebPage","@id":"https:\/\/reiseblock.ch\/wordpress\/1200-meter-oder-700-meter-ueber-meer\/","url":"https:\/\/reiseblock.ch\/wordpress\/1200-meter-oder-700-meter-ueber-meer\/","name":"1200 oder 700 Meter \u00fcber Meer? &#8211; Reiseblock","isPartOf":{"@id":"https:\/\/reiseblock.ch\/wordpress\/#website"},"primaryImageOfPage":{"@id":"https:\/\/reiseblock.ch\/wordpress\/1200-meter-oder-700-meter-ueber-meer\/#primaryimage"},"image":{"@id":"https:\/\/reiseblock.ch\/wordpress\/1200-meter-oder-700-meter-ueber-meer\/#primaryimage"},"thumbnailUrl":"https:\/\/reiseblock.ch\/wordpress\/wp-content\/uploads\/2014\/04\/Flumserberg_Blumenwiese-e1495610813825.jpg","datePublished":"2014-04-27T19:26:00+00:00","dateModified":"2017-05-24T07:27:53+00:00","breadcrumb":{"@id":"https:\/\/reiseblock.ch\/wordpress\/1200-meter-oder-700-meter-ueber-meer\/#breadcrumb"},"inLanguage":"de","potentialAction":[{"@type":"ReadAction","target":["https:\/\/reiseblock.ch\/wordpress\/1200-meter-oder-700-meter-ueber-meer\/"]}]},{"@type":"ImageObject","inLanguage":"de","@id":"https:\/\/reiseblock.ch\/wordpress\/1200-meter-oder-700-meter-ueber-meer\/#primaryimage","url":"https:\/\/reiseblock.ch\/wordpress\/wp-content\/uploads\/2014\/04\/Flumserberg_Blumenwiese-e1495610813825.jpg","contentUrl":"https:\/\/reiseblock.ch\/wordpress\/wp-content\/uploads\/2014\/04\/Flumserberg_Blumenwiese-e1495610813825.jpg","width":800,"height":450,"caption":"In den Bergen liegt noch Schnee"},{"@type":"BreadcrumbList","@id":"https:\/\/reiseblock.ch\/wordpress\/1200-meter-oder-700-meter-ueber-meer\/#breadcrumb","itemListElement":[{"@type":"ListItem","position":1,"name":"Home","item":"https:\/\/reiseblock.ch\/wordpress\/"},{"@type":"ListItem","position":2,"name":"1200 oder 700 Meter \u00fcber Meer?"}]},{"@type":"WebSite","@id":"https:\/\/reiseblock.ch\/wordpress\/#website","url":"https:\/\/reiseblock.ch\/wordpress\/","name":"Reiseblock","description":"Ursula Kohlers ReiseWeise","publisher":{"@id":"https:\/\/reiseblock.ch\/wordpress\/#\/schema\/person\/eafba14374f16d5fa4f73efd49243014"},"potentialAction":[{"@type":"SearchAction","target":{"@type":"EntryPoint","urlTemplate":"https:\/\/reiseblock.ch\/wordpress\/?s={search_term_string}"},"query-input":{"@type":"PropertyValueSpecification","valueRequired":true,"valueName":"search_term_string"}}],"inLanguage":"de"},{"@type":["Person","Organization"],"@id":"https:\/\/reiseblock.ch\/wordpress\/#\/schema\/person\/eafba14374f16d5fa4f73efd49243014","name":"Ursula Kohler","image":{"@type":"ImageObject","inLanguage":"de","@id":"https:\/\/secure.gravatar.com\/avatar\/014d9b9a971f617638f4298cbb55f92d20b3bf0d1c9cc32f65333b2769bcf867?s=96&d=blank&r=g","url":"https:\/\/secure.gravatar.com\/avatar\/014d9b9a971f617638f4298cbb55f92d20b3bf0d1c9cc32f65333b2769bcf867?s=96&d=blank&r=g","contentUrl":"https:\/\/secure.gravatar.com\/avatar\/014d9b9a971f617638f4298cbb55f92d20b3bf0d1c9cc32f65333b2769bcf867?s=96&d=blank&r=g","caption":"Ursula Kohler"},"logo":{"@id":"https:\/\/secure.gravatar.com\/avatar\/014d9b9a971f617638f4298cbb55f92d20b3bf0d1c9cc32f65333b2769bcf867?s=96&d=blank&r=g"}},{"@type":"Person","@id":"https:\/\/reiseblock.ch\/wordpress\/#\/schema\/person\/739b103f8e7941f579794d17e2187721","name":"admin","image":{"@type":"ImageObject","inLanguage":"de","@id":"https:\/\/secure.gravatar.com\/avatar\/a0f702f22ecd58ce02800a54cb2055cabe1fa8d7cf75ab377ce2f2b8503f188c?s=96&d=blank&r=g","url":"https:\/\/secure.gravatar.com\/avatar\/a0f702f22ecd58ce02800a54cb2055cabe1fa8d7cf75ab377ce2f2b8503f188c?s=96&d=blank&r=g","contentUrl":"https:\/\/secure.gravatar.com\/avatar\/a0f702f22ecd58ce02800a54cb2055cabe1fa8d7cf75ab377ce2f2b8503f188c?s=96&d=blank&r=g","caption":"admin"},"url":"https:\/\/reiseblock.ch\/wordpress\/author\/admin\/"}]}},"_links":{"self":[{"href":"https:\/\/reiseblock.ch\/wordpress\/wp-json\/wp\/v2\/posts\/571","targetHints":{"allow":["GET"]}}],"collection":[{"href":"https:\/\/reiseblock.ch\/wordpress\/wp-json\/wp\/v2\/posts"}],"about":[{"href":"https:\/\/reiseblock.ch\/wordpress\/wp-json\/wp\/v2\/types\/post"}],"author":[{"embeddable":true,"href":"https:\/\/reiseblock.ch\/wordpress\/wp-json\/wp\/v2\/users\/1"}],"replies":[{"embeddable":true,"href":"https:\/\/reiseblock.ch\/wordpress\/wp-json\/wp\/v2\/comments?post=571"}],"version-history":[{"count":26,"href":"https:\/\/reiseblock.ch\/wordpress\/wp-json\/wp\/v2\/posts\/571\/revisions"}],"predecessor-version":[{"id":1825,"href":"https:\/\/reiseblock.ch\/wordpress\/wp-json\/wp\/v2\/posts\/571\/revisions\/1825"}],"wp:featuredmedia":[{"embeddable":true,"href":"https:\/\/reiseblock.ch\/wordpress\/wp-json\/wp\/v2\/media\/573"}],"wp:attachment":[{"href":"https:\/\/reiseblock.ch\/wordpress\/wp-json\/wp\/v2\/media?parent=571"}],"wp:term":[{"taxonomy":"category","embeddable":true,"href":"https:\/\/reiseblock.ch\/wordpress\/wp-json\/wp\/v2\/categories?post=571"},{"taxonomy":"post_tag","embeddable":true,"href":"https:\/\/reiseblock.ch\/wordpress\/wp-json\/wp\/v2\/tags?post=571"}],"curies":[{"name":"wp","href":"https:\/\/api.w.org\/{rel}","templated":true}]}}