{"id":503,"date":"2014-04-21T16:19:30","date_gmt":"2014-04-21T16:19:30","guid":{"rendered":"http:\/\/reiseblock.ch\/wordpress\/?p=503"},"modified":"2017-05-24T09:29:37","modified_gmt":"2017-05-24T07:29:37","slug":"ueber-den-baumwipfeln","status":"publish","type":"post","link":"https:\/\/reiseblock.ch\/wordpress\/ueber-den-baumwipfeln\/","title":{"rendered":"\u00dcber den Baumwipfeln auf der Albis-Hochwacht"},"content":{"rendered":"<div id=\"attachment_506\" style=\"width: 1010px\" class=\"wp-caption alignleft\"><a href=\"http:\/\/reiseblock.ch\/wordpress\/wp-content\/uploads\/2014\/04\/Obersee_Web.jpg\"><img loading=\"lazy\" decoding=\"async\" aria-describedby=\"caption-attachment-506\" class=\"wp-image-506 size-full\" src=\"http:\/\/reiseblock.ch\/wordpress\/wp-content\/uploads\/2014\/04\/Obersee_Web.jpg\" alt=\"Albis-Hochwacht on the top \" width=\"1000\" height=\"516\" srcset=\"https:\/\/reiseblock.ch\/wordpress\/wp-content\/uploads\/2014\/04\/Obersee_Web.jpg 1000w, https:\/\/reiseblock.ch\/wordpress\/wp-content\/uploads\/2014\/04\/Obersee_Web-300x154.jpg 300w\" sizes=\"auto, (max-width: 1000px) 100vw, 1000px\" \/><\/a><p id=\"caption-attachment-506\" class=\"wp-caption-text\">Albis-Hochwacht on the top \u2013 wie ein Gem\u00e4lde<\/p><\/div>\n<p><span style=\"font-size: 12pt; font-family: Book Antiqua,Palatino;\">Gez\u00e4hlt habe ich sie nicht, aber nachgelesen: 152 Treppen f\u00fchren auf der Albis Hochwacht in den blauen Himmel hinauf. Es ist jedesmal dasselbe Turmerlebnis: Schritt f\u00fcr Schritt, rundherum, gehts in die H\u00f6he.<!--more--> <\/span><\/p>\n<p><span style=\"font-size: 12pt; font-family: Book Antiqua,Palatino;\">Und pl\u00f6tzlich l\u00e4sst man die letzten Baumwipfel unter sich und steht auf einer Plattform. Diese hier ist h\u00f6lzern und wurde bereits 1978 erbaut. Die Sicht ist \u2013 wie zu erwarten \u2013 top. 360 Grad. Blick auf den Z\u00fcrichsee, Obersee und Zugersee. In die Alpen. Auf der <a href=\"http:\/\/wanderland.ch\/de\/services\/orte\/ort-0437.html\" target=\"_blank\" rel=\"noopener noreferrer\">Albispassh\u00f6he<\/a> sind wir los und haben den Turm nach einer guten halben Stunde erreicht. Angek\u00fcndigt hat er sich durch die \u00abBr\u00e4teld\u00fcfte\u00bb der besetzten Feuerstellen am sicheren Boden. <\/span><\/p>\n<p><span style=\"font-size: 12pt; font-family: Book Antiqua,Palatino;\">Vom Turm aus geht eine klassische Tour weiter \u00fcber den h\u00f6chsten Punkt der Albiskette, B\u00fcrglen auf 915 Metern, bis zum Albishorn. Wir w\u00e4hlen f\u00fcr heute bei der Schnabell\u00fccke den Abstieg und wandern \u00fcber bl\u00fchende Fr\u00fchjahrswiesen zum T\u00fcrlersee. Alles in allem eine kurze 1,5-st\u00fcndige Wanderung, die erstaunlich viel Abwechslung bietet und beliebig verl\u00e4ngert werden kann.<\/span><\/p>\n","protected":false},"excerpt":{"rendered":"<p>Gez\u00e4hlt habe ich sie nicht, aber nachgelesen: 152 Treppen f\u00fchren auf der Albis Hochwacht in den blauen Himmel hinauf. Es ist jedesmal dasselbe Turmerlebnis: Schritt [&#8230;]<\/p>\n","protected":false},"author":1,"featured_media":506,"comment_status":"open","ping_status":"open","sticky":false,"template":"","format":"standard","meta":{"footnotes":""},"categories":[8],"tags":[46,23,47,41],"class_list":["post-503","post","type-post","status-publish","format-standard","has-post-thumbnail","hentry","category-tipp","tag-albis","tag-schweiz","tag-tuerlersee","tag-zuerich"],"yoast_head":"<!-- This site is optimized with the Yoast SEO plugin v27.8 - https:\/\/yoast.com\/product\/yoast-seo-wordpress\/ -->\n<title>\u00dcber den Baumwipfeln auf der Albis-Hochwacht &#8211; Reiseblock<\/title>\n<meta name=\"robots\" content=\"index, follow, max-snippet:-1, max-image-preview:large, max-video-preview:-1\" \/>\n<link rel=\"canonical\" href=\"https:\/\/reiseblock.ch\/wordpress\/ueber-den-baumwipfeln\/\" \/>\n<meta property=\"og:locale\" content=\"de_DE\" \/>\n<meta property=\"og:type\" content=\"article\" \/>\n<meta property=\"og:title\" content=\"\u00dcber den Baumwipfeln auf der Albis-Hochwacht &#8211; Reiseblock\" \/>\n<meta property=\"og:description\" content=\"Gez\u00e4hlt habe ich sie nicht, aber nachgelesen: 152 Treppen f\u00fchren auf der Albis Hochwacht in den blauen Himmel hinauf. Es ist jedesmal dasselbe Turmerlebnis: Schritt [...]\" \/>\n<meta property=\"og:url\" content=\"https:\/\/reiseblock.ch\/wordpress\/ueber-den-baumwipfeln\/\" \/>\n<meta property=\"og:site_name\" content=\"Reiseblock\" \/>\n<meta property=\"article:published_time\" content=\"2014-04-21T16:19:30+00:00\" \/>\n<meta property=\"article:modified_time\" content=\"2017-05-24T07:29:37+00:00\" \/>\n<meta property=\"og:image\" content=\"https:\/\/reiseblock.ch\/wordpress\/wp-content\/uploads\/2014\/04\/Obersee_Web.jpg\" \/>\n\t<meta property=\"og:image:width\" content=\"1000\" \/>\n\t<meta property=\"og:image:height\" content=\"516\" \/>\n\t<meta property=\"og:image:type\" content=\"image\/jpeg\" \/>\n<meta name=\"author\" content=\"admin\" \/>\n<meta name=\"twitter:label1\" content=\"Verfasst von\" \/>\n\t<meta name=\"twitter:data1\" content=\"admin\" \/>\n\t<meta name=\"twitter:label2\" content=\"Gesch\u00e4tzte Lesezeit\" \/>\n\t<meta name=\"twitter:data2\" content=\"1\u00a0Minute\" \/>\n<script type=\"application\/ld+json\" class=\"yoast-schema-graph\">{\"@context\":\"https:\\\/\\\/schema.org\",\"@graph\":[{\"@type\":\"Article\",\"@id\":\"https:\\\/\\\/reiseblock.ch\\\/wordpress\\\/ueber-den-baumwipfeln\\\/#article\",\"isPartOf\":{\"@id\":\"https:\\\/\\\/reiseblock.ch\\\/wordpress\\\/ueber-den-baumwipfeln\\\/\"},\"author\":{\"name\":\"admin\",\"@id\":\"https:\\\/\\\/reiseblock.ch\\\/wordpress\\\/#\\\/schema\\\/person\\\/739b103f8e7941f579794d17e2187721\"},\"headline\":\"\u00dcber den Baumwipfeln auf der Albis-Hochwacht\",\"datePublished\":\"2014-04-21T16:19:30+00:00\",\"dateModified\":\"2017-05-24T07:29:37+00:00\",\"mainEntityOfPage\":{\"@id\":\"https:\\\/\\\/reiseblock.ch\\\/wordpress\\\/ueber-den-baumwipfeln\\\/\"},\"wordCount\":196,\"commentCount\":0,\"publisher\":{\"@id\":\"https:\\\/\\\/reiseblock.ch\\\/wordpress\\\/#\\\/schema\\\/person\\\/eafba14374f16d5fa4f73efd49243014\"},\"image\":{\"@id\":\"https:\\\/\\\/reiseblock.ch\\\/wordpress\\\/ueber-den-baumwipfeln\\\/#primaryimage\"},\"thumbnailUrl\":\"https:\\\/\\\/reiseblock.ch\\\/wordpress\\\/wp-content\\\/uploads\\\/2014\\\/04\\\/Obersee_Web.jpg\",\"keywords\":[\"Albis\",\"Schweiz\",\"T\u00fcrlersee\",\"Z\u00fcrich\"],\"articleSection\":[\"Tipp\"],\"inLanguage\":\"de\",\"potentialAction\":[{\"@type\":\"CommentAction\",\"name\":\"Comment\",\"target\":[\"https:\\\/\\\/reiseblock.ch\\\/wordpress\\\/ueber-den-baumwipfeln\\\/#respond\"]}]},{\"@type\":\"WebPage\",\"@id\":\"https:\\\/\\\/reiseblock.ch\\\/wordpress\\\/ueber-den-baumwipfeln\\\/\",\"url\":\"https:\\\/\\\/reiseblock.ch\\\/wordpress\\\/ueber-den-baumwipfeln\\\/\",\"name\":\"\u00dcber den Baumwipfeln auf der Albis-Hochwacht &#8211; Reiseblock\",\"isPartOf\":{\"@id\":\"https:\\\/\\\/reiseblock.ch\\\/wordpress\\\/#website\"},\"primaryImageOfPage\":{\"@id\":\"https:\\\/\\\/reiseblock.ch\\\/wordpress\\\/ueber-den-baumwipfeln\\\/#primaryimage\"},\"image\":{\"@id\":\"https:\\\/\\\/reiseblock.ch\\\/wordpress\\\/ueber-den-baumwipfeln\\\/#primaryimage\"},\"thumbnailUrl\":\"https:\\\/\\\/reiseblock.ch\\\/wordpress\\\/wp-content\\\/uploads\\\/2014\\\/04\\\/Obersee_Web.jpg\",\"datePublished\":\"2014-04-21T16:19:30+00:00\",\"dateModified\":\"2017-05-24T07:29:37+00:00\",\"breadcrumb\":{\"@id\":\"https:\\\/\\\/reiseblock.ch\\\/wordpress\\\/ueber-den-baumwipfeln\\\/#breadcrumb\"},\"inLanguage\":\"de\",\"potentialAction\":[{\"@type\":\"ReadAction\",\"target\":[\"https:\\\/\\\/reiseblock.ch\\\/wordpress\\\/ueber-den-baumwipfeln\\\/\"]}]},{\"@type\":\"ImageObject\",\"inLanguage\":\"de\",\"@id\":\"https:\\\/\\\/reiseblock.ch\\\/wordpress\\\/ueber-den-baumwipfeln\\\/#primaryimage\",\"url\":\"https:\\\/\\\/reiseblock.ch\\\/wordpress\\\/wp-content\\\/uploads\\\/2014\\\/04\\\/Obersee_Web.jpg\",\"contentUrl\":\"https:\\\/\\\/reiseblock.ch\\\/wordpress\\\/wp-content\\\/uploads\\\/2014\\\/04\\\/Obersee_Web.jpg\",\"width\":1000,\"height\":516,\"caption\":\"Albis-Hochwacht on the top\"},{\"@type\":\"BreadcrumbList\",\"@id\":\"https:\\\/\\\/reiseblock.ch\\\/wordpress\\\/ueber-den-baumwipfeln\\\/#breadcrumb\",\"itemListElement\":[{\"@type\":\"ListItem\",\"position\":1,\"name\":\"Home\",\"item\":\"https:\\\/\\\/reiseblock.ch\\\/wordpress\\\/\"},{\"@type\":\"ListItem\",\"position\":2,\"name\":\"\u00dcber den Baumwipfeln auf der Albis-Hochwacht\"}]},{\"@type\":\"WebSite\",\"@id\":\"https:\\\/\\\/reiseblock.ch\\\/wordpress\\\/#website\",\"url\":\"https:\\\/\\\/reiseblock.ch\\\/wordpress\\\/\",\"name\":\"Reiseblock\",\"description\":\"Ursula Kohlers ReiseWeise\",\"publisher\":{\"@id\":\"https:\\\/\\\/reiseblock.ch\\\/wordpress\\\/#\\\/schema\\\/person\\\/eafba14374f16d5fa4f73efd49243014\"},\"potentialAction\":[{\"@type\":\"SearchAction\",\"target\":{\"@type\":\"EntryPoint\",\"urlTemplate\":\"https:\\\/\\\/reiseblock.ch\\\/wordpress\\\/?s={search_term_string}\"},\"query-input\":{\"@type\":\"PropertyValueSpecification\",\"valueRequired\":true,\"valueName\":\"search_term_string\"}}],\"inLanguage\":\"de\"},{\"@type\":[\"Person\",\"Organization\"],\"@id\":\"https:\\\/\\\/reiseblock.ch\\\/wordpress\\\/#\\\/schema\\\/person\\\/eafba14374f16d5fa4f73efd49243014\",\"name\":\"Ursula Kohler\",\"image\":{\"@type\":\"ImageObject\",\"inLanguage\":\"de\",\"@id\":\"https:\\\/\\\/secure.gravatar.com\\\/avatar\\\/014d9b9a971f617638f4298cbb55f92d20b3bf0d1c9cc32f65333b2769bcf867?s=96&d=blank&r=g\",\"url\":\"https:\\\/\\\/secure.gravatar.com\\\/avatar\\\/014d9b9a971f617638f4298cbb55f92d20b3bf0d1c9cc32f65333b2769bcf867?s=96&d=blank&r=g\",\"contentUrl\":\"https:\\\/\\\/secure.gravatar.com\\\/avatar\\\/014d9b9a971f617638f4298cbb55f92d20b3bf0d1c9cc32f65333b2769bcf867?s=96&d=blank&r=g\",\"caption\":\"Ursula Kohler\"},\"logo\":{\"@id\":\"https:\\\/\\\/secure.gravatar.com\\\/avatar\\\/014d9b9a971f617638f4298cbb55f92d20b3bf0d1c9cc32f65333b2769bcf867?s=96&d=blank&r=g\"}},{\"@type\":\"Person\",\"@id\":\"https:\\\/\\\/reiseblock.ch\\\/wordpress\\\/#\\\/schema\\\/person\\\/739b103f8e7941f579794d17e2187721\",\"name\":\"admin\",\"image\":{\"@type\":\"ImageObject\",\"inLanguage\":\"de\",\"@id\":\"https:\\\/\\\/secure.gravatar.com\\\/avatar\\\/a0f702f22ecd58ce02800a54cb2055cabe1fa8d7cf75ab377ce2f2b8503f188c?s=96&d=blank&r=g\",\"url\":\"https:\\\/\\\/secure.gravatar.com\\\/avatar\\\/a0f702f22ecd58ce02800a54cb2055cabe1fa8d7cf75ab377ce2f2b8503f188c?s=96&d=blank&r=g\",\"contentUrl\":\"https:\\\/\\\/secure.gravatar.com\\\/avatar\\\/a0f702f22ecd58ce02800a54cb2055cabe1fa8d7cf75ab377ce2f2b8503f188c?s=96&d=blank&r=g\",\"caption\":\"admin\"},\"url\":\"https:\\\/\\\/reiseblock.ch\\\/wordpress\\\/author\\\/admin\\\/\"}]}<\/script>\n<!-- \/ Yoast SEO plugin. -->","yoast_head_json":{"title":"\u00dcber den Baumwipfeln auf der Albis-Hochwacht &#8211; Reiseblock","robots":{"index":"index","follow":"follow","max-snippet":"max-snippet:-1","max-image-preview":"max-image-preview:large","max-video-preview":"max-video-preview:-1"},"canonical":"https:\/\/reiseblock.ch\/wordpress\/ueber-den-baumwipfeln\/","og_locale":"de_DE","og_type":"article","og_title":"\u00dcber den Baumwipfeln auf der Albis-Hochwacht &#8211; Reiseblock","og_description":"Gez\u00e4hlt habe ich sie nicht, aber nachgelesen: 152 Treppen f\u00fchren auf der Albis Hochwacht in den blauen Himmel hinauf. Es ist jedesmal dasselbe Turmerlebnis: Schritt [...]","og_url":"https:\/\/reiseblock.ch\/wordpress\/ueber-den-baumwipfeln\/","og_site_name":"Reiseblock","article_published_time":"2014-04-21T16:19:30+00:00","article_modified_time":"2017-05-24T07:29:37+00:00","og_image":[{"width":1000,"height":516,"url":"https:\/\/reiseblock.ch\/wordpress\/wp-content\/uploads\/2014\/04\/Obersee_Web.jpg","type":"image\/jpeg"}],"author":"admin","twitter_misc":{"Verfasst von":"admin","Gesch\u00e4tzte Lesezeit":"1\u00a0Minute"},"schema":{"@context":"https:\/\/schema.org","@graph":[{"@type":"Article","@id":"https:\/\/reiseblock.ch\/wordpress\/ueber-den-baumwipfeln\/#article","isPartOf":{"@id":"https:\/\/reiseblock.ch\/wordpress\/ueber-den-baumwipfeln\/"},"author":{"name":"admin","@id":"https:\/\/reiseblock.ch\/wordpress\/#\/schema\/person\/739b103f8e7941f579794d17e2187721"},"headline":"\u00dcber den Baumwipfeln auf der Albis-Hochwacht","datePublished":"2014-04-21T16:19:30+00:00","dateModified":"2017-05-24T07:29:37+00:00","mainEntityOfPage":{"@id":"https:\/\/reiseblock.ch\/wordpress\/ueber-den-baumwipfeln\/"},"wordCount":196,"commentCount":0,"publisher":{"@id":"https:\/\/reiseblock.ch\/wordpress\/#\/schema\/person\/eafba14374f16d5fa4f73efd49243014"},"image":{"@id":"https:\/\/reiseblock.ch\/wordpress\/ueber-den-baumwipfeln\/#primaryimage"},"thumbnailUrl":"https:\/\/reiseblock.ch\/wordpress\/wp-content\/uploads\/2014\/04\/Obersee_Web.jpg","keywords":["Albis","Schweiz","T\u00fcrlersee","Z\u00fcrich"],"articleSection":["Tipp"],"inLanguage":"de","potentialAction":[{"@type":"CommentAction","name":"Comment","target":["https:\/\/reiseblock.ch\/wordpress\/ueber-den-baumwipfeln\/#respond"]}]},{"@type":"WebPage","@id":"https:\/\/reiseblock.ch\/wordpress\/ueber-den-baumwipfeln\/","url":"https:\/\/reiseblock.ch\/wordpress\/ueber-den-baumwipfeln\/","name":"\u00dcber den Baumwipfeln auf der Albis-Hochwacht &#8211; Reiseblock","isPartOf":{"@id":"https:\/\/reiseblock.ch\/wordpress\/#website"},"primaryImageOfPage":{"@id":"https:\/\/reiseblock.ch\/wordpress\/ueber-den-baumwipfeln\/#primaryimage"},"image":{"@id":"https:\/\/reiseblock.ch\/wordpress\/ueber-den-baumwipfeln\/#primaryimage"},"thumbnailUrl":"https:\/\/reiseblock.ch\/wordpress\/wp-content\/uploads\/2014\/04\/Obersee_Web.jpg","datePublished":"2014-04-21T16:19:30+00:00","dateModified":"2017-05-24T07:29:37+00:00","breadcrumb":{"@id":"https:\/\/reiseblock.ch\/wordpress\/ueber-den-baumwipfeln\/#breadcrumb"},"inLanguage":"de","potentialAction":[{"@type":"ReadAction","target":["https:\/\/reiseblock.ch\/wordpress\/ueber-den-baumwipfeln\/"]}]},{"@type":"ImageObject","inLanguage":"de","@id":"https:\/\/reiseblock.ch\/wordpress\/ueber-den-baumwipfeln\/#primaryimage","url":"https:\/\/reiseblock.ch\/wordpress\/wp-content\/uploads\/2014\/04\/Obersee_Web.jpg","contentUrl":"https:\/\/reiseblock.ch\/wordpress\/wp-content\/uploads\/2014\/04\/Obersee_Web.jpg","width":1000,"height":516,"caption":"Albis-Hochwacht on the top"},{"@type":"BreadcrumbList","@id":"https:\/\/reiseblock.ch\/wordpress\/ueber-den-baumwipfeln\/#breadcrumb","itemListElement":[{"@type":"ListItem","position":1,"name":"Home","item":"https:\/\/reiseblock.ch\/wordpress\/"},{"@type":"ListItem","position":2,"name":"\u00dcber den Baumwipfeln auf der Albis-Hochwacht"}]},{"@type":"WebSite","@id":"https:\/\/reiseblock.ch\/wordpress\/#website","url":"https:\/\/reiseblock.ch\/wordpress\/","name":"Reiseblock","description":"Ursula Kohlers ReiseWeise","publisher":{"@id":"https:\/\/reiseblock.ch\/wordpress\/#\/schema\/person\/eafba14374f16d5fa4f73efd49243014"},"potentialAction":[{"@type":"SearchAction","target":{"@type":"EntryPoint","urlTemplate":"https:\/\/reiseblock.ch\/wordpress\/?s={search_term_string}"},"query-input":{"@type":"PropertyValueSpecification","valueRequired":true,"valueName":"search_term_string"}}],"inLanguage":"de"},{"@type":["Person","Organization"],"@id":"https:\/\/reiseblock.ch\/wordpress\/#\/schema\/person\/eafba14374f16d5fa4f73efd49243014","name":"Ursula Kohler","image":{"@type":"ImageObject","inLanguage":"de","@id":"https:\/\/secure.gravatar.com\/avatar\/014d9b9a971f617638f4298cbb55f92d20b3bf0d1c9cc32f65333b2769bcf867?s=96&d=blank&r=g","url":"https:\/\/secure.gravatar.com\/avatar\/014d9b9a971f617638f4298cbb55f92d20b3bf0d1c9cc32f65333b2769bcf867?s=96&d=blank&r=g","contentUrl":"https:\/\/secure.gravatar.com\/avatar\/014d9b9a971f617638f4298cbb55f92d20b3bf0d1c9cc32f65333b2769bcf867?s=96&d=blank&r=g","caption":"Ursula Kohler"},"logo":{"@id":"https:\/\/secure.gravatar.com\/avatar\/014d9b9a971f617638f4298cbb55f92d20b3bf0d1c9cc32f65333b2769bcf867?s=96&d=blank&r=g"}},{"@type":"Person","@id":"https:\/\/reiseblock.ch\/wordpress\/#\/schema\/person\/739b103f8e7941f579794d17e2187721","name":"admin","image":{"@type":"ImageObject","inLanguage":"de","@id":"https:\/\/secure.gravatar.com\/avatar\/a0f702f22ecd58ce02800a54cb2055cabe1fa8d7cf75ab377ce2f2b8503f188c?s=96&d=blank&r=g","url":"https:\/\/secure.gravatar.com\/avatar\/a0f702f22ecd58ce02800a54cb2055cabe1fa8d7cf75ab377ce2f2b8503f188c?s=96&d=blank&r=g","contentUrl":"https:\/\/secure.gravatar.com\/avatar\/a0f702f22ecd58ce02800a54cb2055cabe1fa8d7cf75ab377ce2f2b8503f188c?s=96&d=blank&r=g","caption":"admin"},"url":"https:\/\/reiseblock.ch\/wordpress\/author\/admin\/"}]}},"_links":{"self":[{"href":"https:\/\/reiseblock.ch\/wordpress\/wp-json\/wp\/v2\/posts\/503","targetHints":{"allow":["GET"]}}],"collection":[{"href":"https:\/\/reiseblock.ch\/wordpress\/wp-json\/wp\/v2\/posts"}],"about":[{"href":"https:\/\/reiseblock.ch\/wordpress\/wp-json\/wp\/v2\/types\/post"}],"author":[{"embeddable":true,"href":"https:\/\/reiseblock.ch\/wordpress\/wp-json\/wp\/v2\/users\/1"}],"replies":[{"embeddable":true,"href":"https:\/\/reiseblock.ch\/wordpress\/wp-json\/wp\/v2\/comments?post=503"}],"version-history":[{"count":15,"href":"https:\/\/reiseblock.ch\/wordpress\/wp-json\/wp\/v2\/posts\/503\/revisions"}],"predecessor-version":[{"id":1827,"href":"https:\/\/reiseblock.ch\/wordpress\/wp-json\/wp\/v2\/posts\/503\/revisions\/1827"}],"wp:featuredmedia":[{"embeddable":true,"href":"https:\/\/reiseblock.ch\/wordpress\/wp-json\/wp\/v2\/media\/506"}],"wp:attachment":[{"href":"https:\/\/reiseblock.ch\/wordpress\/wp-json\/wp\/v2\/media?parent=503"}],"wp:term":[{"taxonomy":"category","embeddable":true,"href":"https:\/\/reiseblock.ch\/wordpress\/wp-json\/wp\/v2\/categories?post=503"},{"taxonomy":"post_tag","embeddable":true,"href":"https:\/\/reiseblock.ch\/wordpress\/wp-json\/wp\/v2\/tags?post=503"}],"curies":[{"name":"wp","href":"https:\/\/api.w.org\/{rel}","templated":true}]}}