{"id":390,"date":"2014-03-29T12:29:17","date_gmt":"2014-03-29T12:29:17","guid":{"rendered":"http:\/\/reiseblock.ch\/wordpress\/?p=390"},"modified":"2017-08-16T10:52:44","modified_gmt":"2017-08-16T08:52:44","slug":"schon-plaene-fuer-die-sommerferien","status":"publish","type":"post","link":"https:\/\/reiseblock.ch\/wordpress\/schon-plaene-fuer-die-sommerferien\/","title":{"rendered":"Sommerferien schon gebucht?"},"content":{"rendered":"<div id=\"attachment_391\" style=\"width: 710px\" class=\"wp-caption alignleft\"><a href=\"http:\/\/reiseblock.ch\/wordpress\/wp-content\/uploads\/2014\/03\/Lofoten_A_Web.jpg\"><img loading=\"lazy\" decoding=\"async\" aria-describedby=\"caption-attachment-391\" class=\" wp-image-391\" src=\"http:\/\/reiseblock.ch\/wordpress\/wp-content\/uploads\/2014\/03\/Lofoten_A_Web-1024x682.jpg\" alt=\"\" width=\"700\" height=\"466\" \/><\/a><p id=\"caption-attachment-391\" class=\"wp-caption-text\">Fischerh\u00fctten auf den Lofoten in \u00c5<\/p><\/div>\n<p><span style=\"font-size: 12pt; font-family: Book Antiqua,Palatino;\">Ein Ferientipp f\u00fcr alle, die:<\/span><\/p>\n<ul>\n<li><span style=\"font-size: 12pt; font-family: Book Antiqua,Palatino;\">noch ein Reiseziel f\u00fcr den Sommer suchen,<\/span><\/li>\n<li><span style=\"font-size: 12pt; font-family: Book Antiqua,Palatino;\">ein neues Land in Europa entdecken wollen,<\/span><\/li>\n<li><span style=\"font-size: 12pt; font-family: Book Antiqua,Palatino;\">sich von Natursch\u00f6nheit bezaubern lassen<!--more-->,<\/span><\/li>\n<li><span style=\"font-size: 12pt; font-family: Book Antiqua,Palatino;\">gerne unterwegs sind und Neues entdecken,<\/span><\/li>\n<li><span style=\"font-size: 12pt; font-family: Book Antiqua,Palatino;\">immer schon mal das Licht des Nordens entdecken wollten:<\/span><\/li>\n<\/ul>\n<p><span style=\"font-size: 12pt; font-family: Book Antiqua,Palatino;\">Reist nach Norwegen, fahrt von Trondheim aus die K\u00fcstenstrasse entlang nach Norden bis zu den Lofoten!<\/span><\/p>\n<p><span style=\"font-size: 12pt; font-family: Book Antiqua,Palatino;\">Die <a href=\"http:\/\/www.kystriksveien.no\/index.krv?lng=en\" target=\"_blank\" rel=\"noopener noreferrer\">K\u00fcstenstrasse R17<\/a> entlang von Fjorden, W\u00e4ldern und farbigen H\u00e4usern ist ein unvergessliches Erlebnis. Das Wasser ist immer nah, die Strasse ist unterbrochen und wird mit 7 F\u00e4hrstrecken verbunden. Nur schon die F\u00e4hren sind ein Erlebnis f\u00fcr sich. Die k\u00fcrzeste Fahrt dauert 10, die l\u00e4ngste 60 Minuten. Unterwegs gibt es verschiedene \u00dcbernachtungsm\u00f6glichkeiten, Fischerh\u00fctten oder H\u00e4uschen auf einem Campingplatz waren unsere Lieblingsorte. Ein Abstecher, der sich besonders lohnt, sind die 15 Kilometer nach <a href=\"http:\/\/www.oscarbrygga.no\/\" target=\"_blank\" rel=\"noopener noreferrer\">Oscarbrygga<\/a>, ein abgelegener Pier, an dem lokale Schiffe verkehren. Es gibt ein Restaurant, ein Gesch\u00e4ft und eine fantastische Unterkunft. Die H\u00fctten stehen auf Stegen direkt am Meer. Viel Aussenterasse und herrliche Aussicht. Die Hurtigruten f\u00e4hrt direkt vor den Augen vorbei.<\/span><\/p>\n<p><span style=\"font-size: 12pt; font-family: Book Antiqua,Palatino;\">Zum kr\u00f6nenden Abschluss f\u00e4hrt von Bodo aus eine F\u00e4hre in drei Stunden auf die Lofoten. Von hier sind es ein paar Minuten zum Dorf mit dem k\u00fcrzesten Namen: \u00c5. Das Dorf ist eigentlich ein Museum, mit dem Stockfischmuseum einerseits und dem Fischerdorfmuseum anderseit. Es gibt eine B\u00e4ckerei, einen Laden, alte Boote. Alle Unterk\u00fcnfte in \u00c5 sind sch\u00f6n, wir haben ein <a href=\"http:\/\/www.lofotenferie.com\/\" target=\"_blank\" rel=\"noopener noreferrer\">rorbu der Jugendherberge<\/a> gemietet und w\u00fcrden am liebsten l\u00e4nger bleiben als die geplanten drei Tage.<br \/>\n<\/span><\/p>\n<p><span style=\"font-size: 12pt; font-family: Book Antiqua,Palatino;\">Es wird nie dunkel hier oben im Norden! Nachts um zw\u00f6lf Uhr springen die Kinder auf den Stegen herum. F\u00fcr Nachteulen ein Paradies. Wer den Norden einmal erlebt hat, den zieht es wohl immer wieder zur\u00fcck. Wegen der Landschaft, der Leute, des Lichts.<\/span><\/p>\n","protected":false},"excerpt":{"rendered":"<p>Ein Ferientipp f\u00fcr alle, die: noch ein Reiseziel f\u00fcr den Sommer suchen, ein neues Land in Europa entdecken wollen, sich von Natursch\u00f6nheit bezaubern lassen<\/p>\n","protected":false},"author":1,"featured_media":391,"comment_status":"open","ping_status":"open","sticky":false,"template":"","format":"standard","meta":{"footnotes":""},"categories":[8],"tags":[18,17,16],"class_list":["post-390","post","type-post","status-publish","format-standard","has-post-thumbnail","hentry","category-tipp","tag-kueste","tag-lofoten","tag-norwegen"],"yoast_head":"<!-- This site is optimized with the Yoast SEO plugin v27.8 - https:\/\/yoast.com\/product\/yoast-seo-wordpress\/ -->\n<title>Sommerferien schon gebucht? &#8211; Reiseblock<\/title>\n<meta name=\"robots\" content=\"index, follow, max-snippet:-1, max-image-preview:large, max-video-preview:-1\" \/>\n<link rel=\"canonical\" href=\"https:\/\/reiseblock.ch\/wordpress\/schon-plaene-fuer-die-sommerferien\/\" \/>\n<meta property=\"og:locale\" content=\"de_DE\" \/>\n<meta property=\"og:type\" content=\"article\" \/>\n<meta property=\"og:title\" content=\"Sommerferien schon gebucht? &#8211; Reiseblock\" \/>\n<meta property=\"og:description\" content=\"Ein Ferientipp f\u00fcr alle, die: noch ein Reiseziel f\u00fcr den Sommer suchen, ein neues Land in Europa entdecken wollen, sich von Natursch\u00f6nheit bezaubern lassen\" \/>\n<meta property=\"og:url\" content=\"https:\/\/reiseblock.ch\/wordpress\/schon-plaene-fuer-die-sommerferien\/\" \/>\n<meta property=\"og:site_name\" content=\"Reiseblock\" \/>\n<meta property=\"article:published_time\" content=\"2014-03-29T12:29:17+00:00\" \/>\n<meta property=\"article:modified_time\" content=\"2017-08-16T08:52:44+00:00\" \/>\n<meta property=\"og:image\" content=\"https:\/\/reiseblock.ch\/wordpress\/wp-content\/uploads\/2014\/03\/Lofoten_A_Web-e1495611424804.jpg\" \/>\n\t<meta property=\"og:image:width\" content=\"800\" \/>\n\t<meta property=\"og:image:height\" content=\"533\" \/>\n\t<meta property=\"og:image:type\" content=\"image\/jpeg\" \/>\n<meta name=\"author\" content=\"admin\" \/>\n<meta name=\"twitter:label1\" content=\"Verfasst von\" \/>\n\t<meta name=\"twitter:data1\" content=\"admin\" \/>\n\t<meta name=\"twitter:label2\" content=\"Gesch\u00e4tzte Lesezeit\" \/>\n\t<meta name=\"twitter:data2\" content=\"2\u00a0Minuten\" \/>\n<script type=\"application\/ld+json\" class=\"yoast-schema-graph\">{\"@context\":\"https:\\\/\\\/schema.org\",\"@graph\":[{\"@type\":\"Article\",\"@id\":\"https:\\\/\\\/reiseblock.ch\\\/wordpress\\\/schon-plaene-fuer-die-sommerferien\\\/#article\",\"isPartOf\":{\"@id\":\"https:\\\/\\\/reiseblock.ch\\\/wordpress\\\/schon-plaene-fuer-die-sommerferien\\\/\"},\"author\":{\"name\":\"admin\",\"@id\":\"https:\\\/\\\/reiseblock.ch\\\/wordpress\\\/#\\\/schema\\\/person\\\/739b103f8e7941f579794d17e2187721\"},\"headline\":\"Sommerferien schon gebucht?\",\"datePublished\":\"2014-03-29T12:29:17+00:00\",\"dateModified\":\"2017-08-16T08:52:44+00:00\",\"mainEntityOfPage\":{\"@id\":\"https:\\\/\\\/reiseblock.ch\\\/wordpress\\\/schon-plaene-fuer-die-sommerferien\\\/\"},\"wordCount\":325,\"commentCount\":0,\"publisher\":{\"@id\":\"https:\\\/\\\/reiseblock.ch\\\/wordpress\\\/#\\\/schema\\\/person\\\/eafba14374f16d5fa4f73efd49243014\"},\"image\":{\"@id\":\"https:\\\/\\\/reiseblock.ch\\\/wordpress\\\/schon-plaene-fuer-die-sommerferien\\\/#primaryimage\"},\"thumbnailUrl\":\"https:\\\/\\\/reiseblock.ch\\\/wordpress\\\/wp-content\\\/uploads\\\/2014\\\/03\\\/Lofoten_A_Web-e1495611424804.jpg\",\"keywords\":[\"K\u00fcste\",\"Lofoten\",\"Norwegen\"],\"articleSection\":[\"Tipp\"],\"inLanguage\":\"de\",\"potentialAction\":[{\"@type\":\"CommentAction\",\"name\":\"Comment\",\"target\":[\"https:\\\/\\\/reiseblock.ch\\\/wordpress\\\/schon-plaene-fuer-die-sommerferien\\\/#respond\"]}]},{\"@type\":\"WebPage\",\"@id\":\"https:\\\/\\\/reiseblock.ch\\\/wordpress\\\/schon-plaene-fuer-die-sommerferien\\\/\",\"url\":\"https:\\\/\\\/reiseblock.ch\\\/wordpress\\\/schon-plaene-fuer-die-sommerferien\\\/\",\"name\":\"Sommerferien schon gebucht? &#8211; Reiseblock\",\"isPartOf\":{\"@id\":\"https:\\\/\\\/reiseblock.ch\\\/wordpress\\\/#website\"},\"primaryImageOfPage\":{\"@id\":\"https:\\\/\\\/reiseblock.ch\\\/wordpress\\\/schon-plaene-fuer-die-sommerferien\\\/#primaryimage\"},\"image\":{\"@id\":\"https:\\\/\\\/reiseblock.ch\\\/wordpress\\\/schon-plaene-fuer-die-sommerferien\\\/#primaryimage\"},\"thumbnailUrl\":\"https:\\\/\\\/reiseblock.ch\\\/wordpress\\\/wp-content\\\/uploads\\\/2014\\\/03\\\/Lofoten_A_Web-e1495611424804.jpg\",\"datePublished\":\"2014-03-29T12:29:17+00:00\",\"dateModified\":\"2017-08-16T08:52:44+00:00\",\"breadcrumb\":{\"@id\":\"https:\\\/\\\/reiseblock.ch\\\/wordpress\\\/schon-plaene-fuer-die-sommerferien\\\/#breadcrumb\"},\"inLanguage\":\"de\",\"potentialAction\":[{\"@type\":\"ReadAction\",\"target\":[\"https:\\\/\\\/reiseblock.ch\\\/wordpress\\\/schon-plaene-fuer-die-sommerferien\\\/\"]}]},{\"@type\":\"ImageObject\",\"inLanguage\":\"de\",\"@id\":\"https:\\\/\\\/reiseblock.ch\\\/wordpress\\\/schon-plaene-fuer-die-sommerferien\\\/#primaryimage\",\"url\":\"https:\\\/\\\/reiseblock.ch\\\/wordpress\\\/wp-content\\\/uploads\\\/2014\\\/03\\\/Lofoten_A_Web-e1495611424804.jpg\",\"contentUrl\":\"https:\\\/\\\/reiseblock.ch\\\/wordpress\\\/wp-content\\\/uploads\\\/2014\\\/03\\\/Lofoten_A_Web-e1495611424804.jpg\",\"width\":800,\"height\":533,\"caption\":\"Fischerh\u00fctten auf den Lofoten\"},{\"@type\":\"BreadcrumbList\",\"@id\":\"https:\\\/\\\/reiseblock.ch\\\/wordpress\\\/schon-plaene-fuer-die-sommerferien\\\/#breadcrumb\",\"itemListElement\":[{\"@type\":\"ListItem\",\"position\":1,\"name\":\"Home\",\"item\":\"https:\\\/\\\/reiseblock.ch\\\/wordpress\\\/\"},{\"@type\":\"ListItem\",\"position\":2,\"name\":\"Sommerferien schon gebucht?\"}]},{\"@type\":\"WebSite\",\"@id\":\"https:\\\/\\\/reiseblock.ch\\\/wordpress\\\/#website\",\"url\":\"https:\\\/\\\/reiseblock.ch\\\/wordpress\\\/\",\"name\":\"Reiseblock\",\"description\":\"Ursula Kohlers ReiseWeise\",\"publisher\":{\"@id\":\"https:\\\/\\\/reiseblock.ch\\\/wordpress\\\/#\\\/schema\\\/person\\\/eafba14374f16d5fa4f73efd49243014\"},\"potentialAction\":[{\"@type\":\"SearchAction\",\"target\":{\"@type\":\"EntryPoint\",\"urlTemplate\":\"https:\\\/\\\/reiseblock.ch\\\/wordpress\\\/?s={search_term_string}\"},\"query-input\":{\"@type\":\"PropertyValueSpecification\",\"valueRequired\":true,\"valueName\":\"search_term_string\"}}],\"inLanguage\":\"de\"},{\"@type\":[\"Person\",\"Organization\"],\"@id\":\"https:\\\/\\\/reiseblock.ch\\\/wordpress\\\/#\\\/schema\\\/person\\\/eafba14374f16d5fa4f73efd49243014\",\"name\":\"Ursula Kohler\",\"image\":{\"@type\":\"ImageObject\",\"inLanguage\":\"de\",\"@id\":\"https:\\\/\\\/secure.gravatar.com\\\/avatar\\\/014d9b9a971f617638f4298cbb55f92d20b3bf0d1c9cc32f65333b2769bcf867?s=96&d=blank&r=g\",\"url\":\"https:\\\/\\\/secure.gravatar.com\\\/avatar\\\/014d9b9a971f617638f4298cbb55f92d20b3bf0d1c9cc32f65333b2769bcf867?s=96&d=blank&r=g\",\"contentUrl\":\"https:\\\/\\\/secure.gravatar.com\\\/avatar\\\/014d9b9a971f617638f4298cbb55f92d20b3bf0d1c9cc32f65333b2769bcf867?s=96&d=blank&r=g\",\"caption\":\"Ursula Kohler\"},\"logo\":{\"@id\":\"https:\\\/\\\/secure.gravatar.com\\\/avatar\\\/014d9b9a971f617638f4298cbb55f92d20b3bf0d1c9cc32f65333b2769bcf867?s=96&d=blank&r=g\"}},{\"@type\":\"Person\",\"@id\":\"https:\\\/\\\/reiseblock.ch\\\/wordpress\\\/#\\\/schema\\\/person\\\/739b103f8e7941f579794d17e2187721\",\"name\":\"admin\",\"image\":{\"@type\":\"ImageObject\",\"inLanguage\":\"de\",\"@id\":\"https:\\\/\\\/secure.gravatar.com\\\/avatar\\\/a0f702f22ecd58ce02800a54cb2055cabe1fa8d7cf75ab377ce2f2b8503f188c?s=96&d=blank&r=g\",\"url\":\"https:\\\/\\\/secure.gravatar.com\\\/avatar\\\/a0f702f22ecd58ce02800a54cb2055cabe1fa8d7cf75ab377ce2f2b8503f188c?s=96&d=blank&r=g\",\"contentUrl\":\"https:\\\/\\\/secure.gravatar.com\\\/avatar\\\/a0f702f22ecd58ce02800a54cb2055cabe1fa8d7cf75ab377ce2f2b8503f188c?s=96&d=blank&r=g\",\"caption\":\"admin\"},\"url\":\"https:\\\/\\\/reiseblock.ch\\\/wordpress\\\/author\\\/admin\\\/\"}]}<\/script>\n<!-- \/ Yoast SEO plugin. -->","yoast_head_json":{"title":"Sommerferien schon gebucht? &#8211; Reiseblock","robots":{"index":"index","follow":"follow","max-snippet":"max-snippet:-1","max-image-preview":"max-image-preview:large","max-video-preview":"max-video-preview:-1"},"canonical":"https:\/\/reiseblock.ch\/wordpress\/schon-plaene-fuer-die-sommerferien\/","og_locale":"de_DE","og_type":"article","og_title":"Sommerferien schon gebucht? &#8211; Reiseblock","og_description":"Ein Ferientipp f\u00fcr alle, die: noch ein Reiseziel f\u00fcr den Sommer suchen, ein neues Land in Europa entdecken wollen, sich von Natursch\u00f6nheit bezaubern lassen","og_url":"https:\/\/reiseblock.ch\/wordpress\/schon-plaene-fuer-die-sommerferien\/","og_site_name":"Reiseblock","article_published_time":"2014-03-29T12:29:17+00:00","article_modified_time":"2017-08-16T08:52:44+00:00","og_image":[{"width":800,"height":533,"url":"https:\/\/reiseblock.ch\/wordpress\/wp-content\/uploads\/2014\/03\/Lofoten_A_Web-e1495611424804.jpg","type":"image\/jpeg"}],"author":"admin","twitter_misc":{"Verfasst von":"admin","Gesch\u00e4tzte Lesezeit":"2\u00a0Minuten"},"schema":{"@context":"https:\/\/schema.org","@graph":[{"@type":"Article","@id":"https:\/\/reiseblock.ch\/wordpress\/schon-plaene-fuer-die-sommerferien\/#article","isPartOf":{"@id":"https:\/\/reiseblock.ch\/wordpress\/schon-plaene-fuer-die-sommerferien\/"},"author":{"name":"admin","@id":"https:\/\/reiseblock.ch\/wordpress\/#\/schema\/person\/739b103f8e7941f579794d17e2187721"},"headline":"Sommerferien schon gebucht?","datePublished":"2014-03-29T12:29:17+00:00","dateModified":"2017-08-16T08:52:44+00:00","mainEntityOfPage":{"@id":"https:\/\/reiseblock.ch\/wordpress\/schon-plaene-fuer-die-sommerferien\/"},"wordCount":325,"commentCount":0,"publisher":{"@id":"https:\/\/reiseblock.ch\/wordpress\/#\/schema\/person\/eafba14374f16d5fa4f73efd49243014"},"image":{"@id":"https:\/\/reiseblock.ch\/wordpress\/schon-plaene-fuer-die-sommerferien\/#primaryimage"},"thumbnailUrl":"https:\/\/reiseblock.ch\/wordpress\/wp-content\/uploads\/2014\/03\/Lofoten_A_Web-e1495611424804.jpg","keywords":["K\u00fcste","Lofoten","Norwegen"],"articleSection":["Tipp"],"inLanguage":"de","potentialAction":[{"@type":"CommentAction","name":"Comment","target":["https:\/\/reiseblock.ch\/wordpress\/schon-plaene-fuer-die-sommerferien\/#respond"]}]},{"@type":"WebPage","@id":"https:\/\/reiseblock.ch\/wordpress\/schon-plaene-fuer-die-sommerferien\/","url":"https:\/\/reiseblock.ch\/wordpress\/schon-plaene-fuer-die-sommerferien\/","name":"Sommerferien schon gebucht? &#8211; Reiseblock","isPartOf":{"@id":"https:\/\/reiseblock.ch\/wordpress\/#website"},"primaryImageOfPage":{"@id":"https:\/\/reiseblock.ch\/wordpress\/schon-plaene-fuer-die-sommerferien\/#primaryimage"},"image":{"@id":"https:\/\/reiseblock.ch\/wordpress\/schon-plaene-fuer-die-sommerferien\/#primaryimage"},"thumbnailUrl":"https:\/\/reiseblock.ch\/wordpress\/wp-content\/uploads\/2014\/03\/Lofoten_A_Web-e1495611424804.jpg","datePublished":"2014-03-29T12:29:17+00:00","dateModified":"2017-08-16T08:52:44+00:00","breadcrumb":{"@id":"https:\/\/reiseblock.ch\/wordpress\/schon-plaene-fuer-die-sommerferien\/#breadcrumb"},"inLanguage":"de","potentialAction":[{"@type":"ReadAction","target":["https:\/\/reiseblock.ch\/wordpress\/schon-plaene-fuer-die-sommerferien\/"]}]},{"@type":"ImageObject","inLanguage":"de","@id":"https:\/\/reiseblock.ch\/wordpress\/schon-plaene-fuer-die-sommerferien\/#primaryimage","url":"https:\/\/reiseblock.ch\/wordpress\/wp-content\/uploads\/2014\/03\/Lofoten_A_Web-e1495611424804.jpg","contentUrl":"https:\/\/reiseblock.ch\/wordpress\/wp-content\/uploads\/2014\/03\/Lofoten_A_Web-e1495611424804.jpg","width":800,"height":533,"caption":"Fischerh\u00fctten auf den Lofoten"},{"@type":"BreadcrumbList","@id":"https:\/\/reiseblock.ch\/wordpress\/schon-plaene-fuer-die-sommerferien\/#breadcrumb","itemListElement":[{"@type":"ListItem","position":1,"name":"Home","item":"https:\/\/reiseblock.ch\/wordpress\/"},{"@type":"ListItem","position":2,"name":"Sommerferien schon gebucht?"}]},{"@type":"WebSite","@id":"https:\/\/reiseblock.ch\/wordpress\/#website","url":"https:\/\/reiseblock.ch\/wordpress\/","name":"Reiseblock","description":"Ursula Kohlers ReiseWeise","publisher":{"@id":"https:\/\/reiseblock.ch\/wordpress\/#\/schema\/person\/eafba14374f16d5fa4f73efd49243014"},"potentialAction":[{"@type":"SearchAction","target":{"@type":"EntryPoint","urlTemplate":"https:\/\/reiseblock.ch\/wordpress\/?s={search_term_string}"},"query-input":{"@type":"PropertyValueSpecification","valueRequired":true,"valueName":"search_term_string"}}],"inLanguage":"de"},{"@type":["Person","Organization"],"@id":"https:\/\/reiseblock.ch\/wordpress\/#\/schema\/person\/eafba14374f16d5fa4f73efd49243014","name":"Ursula Kohler","image":{"@type":"ImageObject","inLanguage":"de","@id":"https:\/\/secure.gravatar.com\/avatar\/014d9b9a971f617638f4298cbb55f92d20b3bf0d1c9cc32f65333b2769bcf867?s=96&d=blank&r=g","url":"https:\/\/secure.gravatar.com\/avatar\/014d9b9a971f617638f4298cbb55f92d20b3bf0d1c9cc32f65333b2769bcf867?s=96&d=blank&r=g","contentUrl":"https:\/\/secure.gravatar.com\/avatar\/014d9b9a971f617638f4298cbb55f92d20b3bf0d1c9cc32f65333b2769bcf867?s=96&d=blank&r=g","caption":"Ursula Kohler"},"logo":{"@id":"https:\/\/secure.gravatar.com\/avatar\/014d9b9a971f617638f4298cbb55f92d20b3bf0d1c9cc32f65333b2769bcf867?s=96&d=blank&r=g"}},{"@type":"Person","@id":"https:\/\/reiseblock.ch\/wordpress\/#\/schema\/person\/739b103f8e7941f579794d17e2187721","name":"admin","image":{"@type":"ImageObject","inLanguage":"de","@id":"https:\/\/secure.gravatar.com\/avatar\/a0f702f22ecd58ce02800a54cb2055cabe1fa8d7cf75ab377ce2f2b8503f188c?s=96&d=blank&r=g","url":"https:\/\/secure.gravatar.com\/avatar\/a0f702f22ecd58ce02800a54cb2055cabe1fa8d7cf75ab377ce2f2b8503f188c?s=96&d=blank&r=g","contentUrl":"https:\/\/secure.gravatar.com\/avatar\/a0f702f22ecd58ce02800a54cb2055cabe1fa8d7cf75ab377ce2f2b8503f188c?s=96&d=blank&r=g","caption":"admin"},"url":"https:\/\/reiseblock.ch\/wordpress\/author\/admin\/"}]}},"_links":{"self":[{"href":"https:\/\/reiseblock.ch\/wordpress\/wp-json\/wp\/v2\/posts\/390","targetHints":{"allow":["GET"]}}],"collection":[{"href":"https:\/\/reiseblock.ch\/wordpress\/wp-json\/wp\/v2\/posts"}],"about":[{"href":"https:\/\/reiseblock.ch\/wordpress\/wp-json\/wp\/v2\/types\/post"}],"author":[{"embeddable":true,"href":"https:\/\/reiseblock.ch\/wordpress\/wp-json\/wp\/v2\/users\/1"}],"replies":[{"embeddable":true,"href":"https:\/\/reiseblock.ch\/wordpress\/wp-json\/wp\/v2\/comments?post=390"}],"version-history":[{"count":19,"href":"https:\/\/reiseblock.ch\/wordpress\/wp-json\/wp\/v2\/posts\/390\/revisions"}],"predecessor-version":[{"id":2060,"href":"https:\/\/reiseblock.ch\/wordpress\/wp-json\/wp\/v2\/posts\/390\/revisions\/2060"}],"wp:featuredmedia":[{"embeddable":true,"href":"https:\/\/reiseblock.ch\/wordpress\/wp-json\/wp\/v2\/media\/391"}],"wp:attachment":[{"href":"https:\/\/reiseblock.ch\/wordpress\/wp-json\/wp\/v2\/media?parent=390"}],"wp:term":[{"taxonomy":"category","embeddable":true,"href":"https:\/\/reiseblock.ch\/wordpress\/wp-json\/wp\/v2\/categories?post=390"},{"taxonomy":"post_tag","embeddable":true,"href":"https:\/\/reiseblock.ch\/wordpress\/wp-json\/wp\/v2\/tags?post=390"}],"curies":[{"name":"wp","href":"https:\/\/api.w.org\/{rel}","templated":true}]}}