{"id":3896,"date":"2026-01-11T00:16:36","date_gmt":"2026-01-10T23:16:36","guid":{"rendered":"https:\/\/reiseblock.ch\/wordpress\/?p=3896"},"modified":"2026-01-11T00:20:02","modified_gmt":"2026-01-10T23:20:02","slug":"il-duomo","status":"publish","type":"post","link":"https:\/\/reiseblock.ch\/wordpress\/il-duomo\/","title":{"rendered":"Il Duomo di Milano"},"content":{"rendered":"\n<p><em>Mailand wird w\u00e4hrend des Jahres von vielen Tourist:innen besucht. Warum die Stadt nicht mal ganz zu Beginn des Jahres besuchen? Eine ruhigere \u2013 und k\u00e4ltere \u2013 Zeit gibt es wohl kaum.<\/em><\/p>\n\n\n<div id=\"metaslider-id-3949\" style=\"max-width: 500px;\" class=\"ml-slider-3-109-0 metaslider metaslider-flex metaslider-3949 ml-slider has-dots-nav ms-theme-default-base\" role=\"region\" aria-label=\"Mailand\" data-height=\"500\" data-width=\"500\">\n    <div id=\"metaslider_container_3949\">\n        <div id=\"metaslider_3949\">\n            <ul aria-live='off' class='slides'>\n                <li style=\"display: block; width: 100%;\" class=\"slide-3950 ms-image \" aria-roledescription=\"slide\" data-date=\"2026-01-11 00:03:09\" data-filename=\"IMG_7394-scaled-500x500.jpeg\" data-slide-type=\"image\"><img loading=\"lazy\" decoding=\"async\" src=\"https:\/\/reiseblock.ch\/wordpress\/wp-content\/uploads\/2026\/01\/IMG_7394-scaled-500x500.jpeg\" height=\"500\" width=\"500\" alt=\"\" class=\"slider-3949 slide-3950 msDefaultImage\" title=\"IMG_7394\" \/><div class=\"caption-wrap\"><div class=\"caption\"><div>Der Dom auf den ersten Blick<\/div><\/div><\/div><\/li>\n                <li style=\"display: none; width: 100%;\" class=\"slide-3951 ms-image \" aria-roledescription=\"slide\" data-date=\"2026-01-11 00:03:09\" data-filename=\"IMG_7399-scaled-500x500.jpeg\" data-slide-type=\"image\"><img loading=\"lazy\" decoding=\"async\" src=\"https:\/\/reiseblock.ch\/wordpress\/wp-content\/uploads\/2026\/01\/IMG_7399-scaled-500x500.jpeg\" height=\"500\" width=\"500\" alt=\"\" class=\"slider-3949 slide-3951 msDefaultImage\" title=\"IMG_7399\" \/><div class=\"caption-wrap\"><div class=\"caption\"><div>Der Marmorboden im Dom<\/div><\/div><\/div><\/li>\n                <li style=\"display: none; width: 100%;\" class=\"slide-3952 ms-image \" aria-roledescription=\"slide\" data-date=\"2026-01-11 00:03:09\" data-filename=\"IMG_7413-scaled-500x500.jpeg\" data-slide-type=\"image\"><img loading=\"lazy\" decoding=\"async\" src=\"https:\/\/reiseblock.ch\/wordpress\/wp-content\/uploads\/2026\/01\/IMG_7413-scaled-500x500.jpeg\" height=\"500\" width=\"500\" alt=\"\" class=\"slider-3949 slide-3952 msDefaultImage\" title=\"IMG_7413\" \/><div class=\"caption-wrap\"><div class=\"caption\"><div>Die grosse Orgel<\/div><\/div><\/div><\/li>\n                <li style=\"display: none; width: 100%;\" class=\"slide-3953 ms-image \" aria-roledescription=\"slide\" data-date=\"2026-01-11 00:03:09\" data-filename=\"IMG_7438-scaled-500x500.jpeg\" data-slide-type=\"image\"><img loading=\"lazy\" decoding=\"async\" src=\"https:\/\/reiseblock.ch\/wordpress\/wp-content\/uploads\/2026\/01\/IMG_7438-scaled-500x500.jpeg\" height=\"500\" width=\"500\" alt=\"\" class=\"slider-3949 slide-3953 msDefaultImage\" title=\"IMG_7438\" \/><div class=\"caption-wrap\"><div class=\"caption\"><div>Viele Details<\/div><\/div><\/div><\/li>\n                <li style=\"display: none; width: 100%;\" class=\"slide-3956 ms-image \" aria-roledescription=\"slide\" data-date=\"2026-01-11 00:03:10\" data-filename=\"IMG_7482-scaled-500x500.jpeg\" data-slide-type=\"image\"><img loading=\"lazy\" decoding=\"async\" src=\"https:\/\/reiseblock.ch\/wordpress\/wp-content\/uploads\/2026\/01\/IMG_7482-scaled-500x500.jpeg\" height=\"500\" width=\"500\" alt=\"\" class=\"slider-3949 slide-3956 msDefaultImage\" title=\"IMG_7482\" \/><div class=\"caption-wrap\"><div class=\"caption\"><div>Rundgang auf den Terrassen<\/div><\/div><\/div><\/li>\n                <li style=\"display: none; width: 100%;\" class=\"slide-3954 ms-image \" aria-roledescription=\"slide\" data-date=\"2026-01-11 00:03:10\" data-filename=\"IMG_7466-scaled-500x500.jpeg\" data-slide-type=\"image\"><img loading=\"lazy\" decoding=\"async\" src=\"https:\/\/reiseblock.ch\/wordpress\/wp-content\/uploads\/2026\/01\/IMG_7466-scaled-500x500.jpeg\" height=\"500\" width=\"500\" alt=\"\" class=\"slider-3949 slide-3954 msDefaultImage\" title=\"IMG_7466\" \/><div class=\"caption-wrap\"><div class=\"caption\"><div>Das Modell<\/div><\/div><\/div><\/li>\n                <li style=\"display: none; width: 100%;\" class=\"slide-3962 ms-image \" aria-roledescription=\"slide\" data-date=\"2026-01-11 00:07:26\" data-filename=\"IMG_7487-scaled-500x500.jpeg\" data-slide-type=\"image\"><img loading=\"lazy\" decoding=\"async\" src=\"https:\/\/reiseblock.ch\/wordpress\/wp-content\/uploads\/2026\/01\/IMG_7487-scaled-500x500.jpeg\" height=\"500\" width=\"500\" alt=\"\" class=\"slider-3949 slide-3962 msDefaultImage\" title=\"IMG_7487\" \/><div class=\"caption-wrap\"><div class=\"caption\"><div>Das letzte Abendmahl von Leonardo da Vinci<\/div><\/div><\/div><\/li>\n                <li style=\"display: none; width: 100%;\" class=\"slide-3957 ms-image \" aria-roledescription=\"slide\" data-date=\"2026-01-11 00:05:53\" data-filename=\"IMG_7440-scaled-500x500.jpeg\" data-slide-type=\"image\"><img loading=\"lazy\" decoding=\"async\" src=\"https:\/\/reiseblock.ch\/wordpress\/wp-content\/uploads\/2026\/01\/IMG_7440-scaled-500x500.jpeg\" height=\"500\" width=\"500\" alt=\"\" class=\"slider-3949 slide-3957 msDefaultImage\" title=\"IMG_7440\" \/><div class=\"caption-wrap\"><div class=\"caption\"><div>Eingang zur Galeria Vittorio Emanuele<\/div><\/div><\/div><\/li>\n                <li style=\"display: none; width: 100%;\" class=\"slide-3958 ms-image \" aria-roledescription=\"slide\" data-date=\"2026-01-11 00:05:53\" data-filename=\"IMG_7475-scaled-500x500.jpeg\" data-slide-type=\"image\"><img loading=\"lazy\" decoding=\"async\" src=\"https:\/\/reiseblock.ch\/wordpress\/wp-content\/uploads\/2026\/01\/IMG_7475-scaled-500x500.jpeg\" height=\"500\" width=\"500\" alt=\"\" class=\"slider-3949 slide-3958 msDefaultImage\" title=\"IMG_7475\" \/><div class=\"caption-wrap\"><div class=\"caption\"><div>Dach der Galeria Vittorio Emanuele<\/div><\/div><\/div><\/li>\n                <li style=\"display: none; width: 100%;\" class=\"slide-3959 ms-image \" aria-roledescription=\"slide\" data-date=\"2026-01-11 00:05:53\" data-filename=\"IMG_7493-scaled-500x500.jpeg\" data-slide-type=\"image\"><img loading=\"lazy\" decoding=\"async\" src=\"https:\/\/reiseblock.ch\/wordpress\/wp-content\/uploads\/2026\/01\/IMG_7493-scaled-500x500.jpeg\" height=\"500\" width=\"500\" alt=\"\" class=\"slider-3949 slide-3959 msDefaultImage\" title=\"IMG_7493\" \/><div class=\"caption-wrap\"><div class=\"caption\"><div>Die Mail\u00e4nder Scala<\/div><\/div><\/div><\/li>\n                <li style=\"display: none; width: 100%;\" class=\"slide-3960 ms-image \" aria-roledescription=\"slide\" data-date=\"2026-01-11 00:05:53\" data-filename=\"IMG_7491-scaled-500x500.jpeg\" data-slide-type=\"image\"><img loading=\"lazy\" decoding=\"async\" src=\"https:\/\/reiseblock.ch\/wordpress\/wp-content\/uploads\/2026\/01\/IMG_7491-scaled-500x500.jpeg\" height=\"500\" width=\"500\" alt=\"\" class=\"slider-3949 slide-3960 msDefaultImage\" title=\"IMG_7491\" \/><div class=\"caption-wrap\"><div class=\"caption\"><div>Auf der B\u00fchne wird gearbeitet.<\/div><\/div><\/div><\/li>\n                <li style=\"display: none; width: 100%;\" class=\"slide-3961 ms-image \" aria-roledescription=\"slide\" data-date=\"2026-01-11 00:05:53\" data-filename=\"IMG_7498-scaled-e1768084620620-500x500.jpeg\" data-slide-type=\"image\"><img loading=\"lazy\" decoding=\"async\" src=\"https:\/\/reiseblock.ch\/wordpress\/wp-content\/uploads\/2026\/01\/IMG_7498-scaled-e1768084620620-500x500.jpeg\" height=\"500\" width=\"500\" alt=\"\" class=\"slider-3949 slide-3961 msDefaultImage\" title=\"IMG_7498\" \/><div class=\"caption-wrap\"><div class=\"caption\"><div>Wer die Sissi-Filme kennt, wird die Loge wiedererkennen.<\/div><\/div><\/div><\/li>\n                <li style=\"display: none; width: 100%;\" class=\"slide-3963 ms-image \" aria-roledescription=\"slide\" data-date=\"2026-01-11 00:07:27\" data-filename=\"IMG_7443-scaled-500x500.jpeg\" data-slide-type=\"image\"><img loading=\"lazy\" decoding=\"async\" src=\"https:\/\/reiseblock.ch\/wordpress\/wp-content\/uploads\/2026\/01\/IMG_7443-scaled-500x500.jpeg\" height=\"500\" width=\"500\" alt=\"\" class=\"slider-3949 slide-3963 msDefaultImage\" title=\"IMG_7443\" \/><div class=\"caption-wrap\"><div class=\"caption\"><div>Der Mail\u00e4nder Dom im Abendlicht<\/div><\/div><\/div><\/li>\n            <\/ul>\n        <\/div>\n        \n    <\/div>\n<\/div>\n\n\n\n<p>Wie oft bin ich schon in Mailand umgestiegen oder auf der Reise ans Meer passiert. Diesmal sollte es ein kurzer Einblick in die Metropole werden. Das Zentrum mit dem Dom stand im Fokus. <\/p>\n\n\n<h2 class=\"wp-block-post-title\">Il Duomo di Milano<\/h2>\n\n\n<p>Wenn man vom Bahnhof Milano mit der Metro Nr. 3 bis zur Haltestelle Duomo f\u00e4hrt und beim richtigen Aufgang auf dem Platz vor der Kathedrale ankommt, ist das ein fantastischer erster Eindruck. Anfang Januar liegt der Platz ruhig da, keine Kolonnen, nichts. <\/p>\n\n\n\n<p>Auch wenn es viele Angebote im Internet gibt, k\u00f6nnen Ticket bequem direkt neben dem <a href=\"https:\/\/www.duomomilano.it\/\" target=\"_blank\" rel=\"noreferrer noopener\">Dom<\/a> gekauft werden. Es gibt alle Varianten, Dom allein, Dom kombiniert mit den Terrassen, mit dem Museum, mit dem arch\u00e4ologischen Untergrund, fast line, mit Treppen oder LIft auf die Terrassen, mit oder ohne F\u00fchrung oder Audioguide usw. <\/p>\n\n\n\n<p>Der schnelle Zugang ist an diesem Wochentag nicht n\u00f6tig, leider sind die Terrassen wegen Eis und Rutschgefahr geschlossen, am n\u00e4chsten Tag kann man aber die mittlere Ebene besuchen, die auch schon sehr eindr\u00fccklich ist.<\/p>\n\n\n\n<p>Der Dom im Inneren ist auch eindr\u00fccklich, 5 Schiffe gibt es, viele farbige Fenster, eine imposante Orgel. Man kann verweilen und sich alles in Ruhe anschauen.<\/p>\n\n\n\n<p><strong>Arch\u00e4ologisches<\/strong><br>Sehr beeeindruckend ist der arch\u00e4ologische Untergrund, der verschiedene Schichten an Leben offenlegt. Da wurde einfach \u00fcber vergangenen H\u00e4usern gebaut. Zur\u00fcck gehen die Bauten bis in die ersten Jahrhundert n.Chr. <\/p>\n\n\n\n<p>Bevor das Museum des Doms besucht wird, empfiehlt sich eine kurze Pause in einem der Caf\u00e9s rundherum. Gleich neben dem Dom befindet sich die ber\u00fchmte Galerie Vittorio Emanuele mit all den Markenl\u00e4den. <\/p>\n\n\n\n<p><strong>Il Museo<\/strong><br>Das Dom-Museum hat viele Gegenst\u00e4nde zu bieten. Viele Skulpturen. Interessant, dabei auf die H\u00e4nde zu achten. Offenbar sind die H\u00e4nde etwas vom Schwierigsten, was hier gut zu sehen ist. <\/p>\n\n\n\n<h2 class=\"wp-block-heading\">Leonardo da Vinci<\/h2>\n\n\n\n<p>Gleich bei der Galerie Vittorio Emanuele befindet sich das<a href=\"https:\/\/www.leonardo3.net\/en\/\" target=\"_blank\" rel=\"noreferrer noopener\"> Leonardo-Museum3<\/a> zu da Vinci.. Es zeigt all die Erfindungen, die da Vinci auf Papier gebracht hat. Ebenso wird ein Raum dem ber\u00fchmten Abendmahl-Gem\u00e4de gewidmet (dessen Original aber nicht hier ausgestellt ist). Unglaublich, was f\u00fcr ein vielseitiges Genie da Vinci war. <\/p>\n\n\n\n<h2 class=\"wp-block-heading\">La Scala<\/h2>\n\n\n\n<p>Ein Blick in die ber\u00fchmte <a href=\"https:\/\/www.teatroallascala.org\/en\/index.html\" target=\"_blank\" rel=\"noreferrer noopener\">Mail\u00e4nder Scala <\/a>lohnt sich. Vor allem wenn einige Logen ge\u00f6ffnet sind und man den pr\u00e4chtigen Saal bewundern kann. Sind dann noch B\u00fchnenarbeiten und -vorbereitungen im Gang, umso besser. Das anschliessende Museum ist dagegen weniger spannend und auch etwas eint\u00f6nig kuratiert.<\/p>\n\n\n\n<p>Die Temperaturen sind tief, die Stimmung in der Stadt ist entspannt. N\u00e4chstes Mal ist ein Besuch der Aussenquartiere angesagt, denn all die Luxusmarken, die m\u00fcssen nicht sein.<\/p>\n\n\n\n<p><\/p>\n","protected":false},"excerpt":{"rendered":"<p>Mailand wird w\u00e4hrend des Jahres von vielen Tourist:innen besucht. Warum die Stadt nicht mal ganz zu Beginn des Jahres besuchen? Eine ruhigere \u2013 und k\u00e4ltere \u2013 Zeit gibt es wohl kaum.<\/p>\n","protected":false},"author":5,"featured_media":3911,"comment_status":"open","ping_status":"open","sticky":false,"template":"","format":"standard","meta":{"footnotes":""},"categories":[6],"tags":[],"class_list":["post-3896","post","type-post","status-publish","format-standard","has-post-thumbnail","hentry","category-beitrag"],"yoast_head":"<!-- This site is optimized with the Yoast SEO plugin v27.8 - https:\/\/yoast.com\/product\/yoast-seo-wordpress\/ -->\n<title>Il Duomo di Milano &#8211; Reiseblock<\/title>\n<meta name=\"description\" content=\"Entdecken Sie den Duomo in Mailand, eine beeindruckende Kathedrale, die w\u00e4hrend einer ruhigen Jahreszeit erlebt werden kann.\" \/>\n<meta name=\"robots\" content=\"index, follow, max-snippet:-1, max-image-preview:large, max-video-preview:-1\" \/>\n<link rel=\"canonical\" href=\"https:\/\/reiseblock.ch\/wordpress\/il-duomo\/\" \/>\n<meta property=\"og:locale\" content=\"de_DE\" \/>\n<meta property=\"og:type\" content=\"article\" \/>\n<meta property=\"og:title\" content=\"Il Duomo di Milano &#8211; Reiseblock\" \/>\n<meta property=\"og:description\" content=\"Entdecken Sie den Duomo in Mailand, eine beeindruckende Kathedrale, die w\u00e4hrend einer ruhigen Jahreszeit erlebt werden kann.\" \/>\n<meta property=\"og:url\" content=\"https:\/\/reiseblock.ch\/wordpress\/il-duomo\/\" \/>\n<meta property=\"og:site_name\" content=\"Reiseblock\" \/>\n<meta property=\"article:published_time\" content=\"2026-01-10T23:16:36+00:00\" \/>\n<meta property=\"article:modified_time\" content=\"2026-01-10T23:20:02+00:00\" \/>\n<meta property=\"og:image\" content=\"https:\/\/reiseblock.ch\/wordpress\/wp-content\/uploads\/2026\/01\/IMG_7438-scaled.jpeg\" \/>\n\t<meta property=\"og:image:width\" content=\"1920\" \/>\n\t<meta property=\"og:image:height\" content=\"2560\" \/>\n\t<meta property=\"og:image:type\" content=\"image\/jpeg\" \/>\n<meta name=\"author\" content=\"Ursula Kohler\" \/>\n<meta name=\"twitter:label1\" content=\"Verfasst von\" \/>\n\t<meta name=\"twitter:data1\" content=\"Ursula Kohler\" \/>\n\t<meta name=\"twitter:label2\" content=\"Gesch\u00e4tzte Lesezeit\" \/>\n\t<meta name=\"twitter:data2\" content=\"3\u00a0Minuten\" \/>\n<script type=\"application\/ld+json\" class=\"yoast-schema-graph\">{\"@context\":\"https:\\\/\\\/schema.org\",\"@graph\":[{\"@type\":\"Article\",\"@id\":\"https:\\\/\\\/reiseblock.ch\\\/wordpress\\\/il-duomo\\\/#article\",\"isPartOf\":{\"@id\":\"https:\\\/\\\/reiseblock.ch\\\/wordpress\\\/il-duomo\\\/\"},\"author\":{\"name\":\"Ursula Kohler\",\"@id\":\"https:\\\/\\\/reiseblock.ch\\\/wordpress\\\/#\\\/schema\\\/person\\\/eafba14374f16d5fa4f73efd49243014\"},\"headline\":\"Il Duomo di Milano\",\"datePublished\":\"2026-01-10T23:16:36+00:00\",\"dateModified\":\"2026-01-10T23:20:02+00:00\",\"mainEntityOfPage\":{\"@id\":\"https:\\\/\\\/reiseblock.ch\\\/wordpress\\\/il-duomo\\\/\"},\"wordCount\":471,\"commentCount\":0,\"publisher\":{\"@id\":\"https:\\\/\\\/reiseblock.ch\\\/wordpress\\\/#\\\/schema\\\/person\\\/eafba14374f16d5fa4f73efd49243014\"},\"image\":{\"@id\":\"https:\\\/\\\/reiseblock.ch\\\/wordpress\\\/il-duomo\\\/#primaryimage\"},\"thumbnailUrl\":\"https:\\\/\\\/reiseblock.ch\\\/wordpress\\\/wp-content\\\/uploads\\\/2026\\\/01\\\/IMG_7438-scaled.jpeg\",\"articleSection\":[\"Beitrag\"],\"inLanguage\":\"de\",\"potentialAction\":[{\"@type\":\"CommentAction\",\"name\":\"Comment\",\"target\":[\"https:\\\/\\\/reiseblock.ch\\\/wordpress\\\/il-duomo\\\/#respond\"]}]},{\"@type\":\"WebPage\",\"@id\":\"https:\\\/\\\/reiseblock.ch\\\/wordpress\\\/il-duomo\\\/\",\"url\":\"https:\\\/\\\/reiseblock.ch\\\/wordpress\\\/il-duomo\\\/\",\"name\":\"Il Duomo di Milano &#8211; Reiseblock\",\"isPartOf\":{\"@id\":\"https:\\\/\\\/reiseblock.ch\\\/wordpress\\\/#website\"},\"primaryImageOfPage\":{\"@id\":\"https:\\\/\\\/reiseblock.ch\\\/wordpress\\\/il-duomo\\\/#primaryimage\"},\"image\":{\"@id\":\"https:\\\/\\\/reiseblock.ch\\\/wordpress\\\/il-duomo\\\/#primaryimage\"},\"thumbnailUrl\":\"https:\\\/\\\/reiseblock.ch\\\/wordpress\\\/wp-content\\\/uploads\\\/2026\\\/01\\\/IMG_7438-scaled.jpeg\",\"datePublished\":\"2026-01-10T23:16:36+00:00\",\"dateModified\":\"2026-01-10T23:20:02+00:00\",\"description\":\"Entdecken Sie den Duomo in Mailand, eine beeindruckende Kathedrale, die w\u00e4hrend einer ruhigen Jahreszeit erlebt werden kann.\",\"breadcrumb\":{\"@id\":\"https:\\\/\\\/reiseblock.ch\\\/wordpress\\\/il-duomo\\\/#breadcrumb\"},\"inLanguage\":\"de\",\"potentialAction\":[{\"@type\":\"ReadAction\",\"target\":[\"https:\\\/\\\/reiseblock.ch\\\/wordpress\\\/il-duomo\\\/\"]}]},{\"@type\":\"ImageObject\",\"inLanguage\":\"de\",\"@id\":\"https:\\\/\\\/reiseblock.ch\\\/wordpress\\\/il-duomo\\\/#primaryimage\",\"url\":\"https:\\\/\\\/reiseblock.ch\\\/wordpress\\\/wp-content\\\/uploads\\\/2026\\\/01\\\/IMG_7438-scaled.jpeg\",\"contentUrl\":\"https:\\\/\\\/reiseblock.ch\\\/wordpress\\\/wp-content\\\/uploads\\\/2026\\\/01\\\/IMG_7438-scaled.jpeg\",\"width\":1920,\"height\":2560},{\"@type\":\"BreadcrumbList\",\"@id\":\"https:\\\/\\\/reiseblock.ch\\\/wordpress\\\/il-duomo\\\/#breadcrumb\",\"itemListElement\":[{\"@type\":\"ListItem\",\"position\":1,\"name\":\"Home\",\"item\":\"https:\\\/\\\/reiseblock.ch\\\/wordpress\\\/\"},{\"@type\":\"ListItem\",\"position\":2,\"name\":\"Il Duomo di Milano\"}]},{\"@type\":\"WebSite\",\"@id\":\"https:\\\/\\\/reiseblock.ch\\\/wordpress\\\/#website\",\"url\":\"https:\\\/\\\/reiseblock.ch\\\/wordpress\\\/\",\"name\":\"Reiseblock\",\"description\":\"Ursula Kohlers ReiseWeise\",\"publisher\":{\"@id\":\"https:\\\/\\\/reiseblock.ch\\\/wordpress\\\/#\\\/schema\\\/person\\\/eafba14374f16d5fa4f73efd49243014\"},\"potentialAction\":[{\"@type\":\"SearchAction\",\"target\":{\"@type\":\"EntryPoint\",\"urlTemplate\":\"https:\\\/\\\/reiseblock.ch\\\/wordpress\\\/?s={search_term_string}\"},\"query-input\":{\"@type\":\"PropertyValueSpecification\",\"valueRequired\":true,\"valueName\":\"search_term_string\"}}],\"inLanguage\":\"de\"},{\"@type\":[\"Person\",\"Organization\"],\"@id\":\"https:\\\/\\\/reiseblock.ch\\\/wordpress\\\/#\\\/schema\\\/person\\\/eafba14374f16d5fa4f73efd49243014\",\"name\":\"Ursula Kohler\",\"image\":{\"@type\":\"ImageObject\",\"inLanguage\":\"de\",\"@id\":\"https:\\\/\\\/secure.gravatar.com\\\/avatar\\\/014d9b9a971f617638f4298cbb55f92d20b3bf0d1c9cc32f65333b2769bcf867?s=96&d=blank&r=g\",\"url\":\"https:\\\/\\\/secure.gravatar.com\\\/avatar\\\/014d9b9a971f617638f4298cbb55f92d20b3bf0d1c9cc32f65333b2769bcf867?s=96&d=blank&r=g\",\"contentUrl\":\"https:\\\/\\\/secure.gravatar.com\\\/avatar\\\/014d9b9a971f617638f4298cbb55f92d20b3bf0d1c9cc32f65333b2769bcf867?s=96&d=blank&r=g\",\"caption\":\"Ursula Kohler\"},\"logo\":{\"@id\":\"https:\\\/\\\/secure.gravatar.com\\\/avatar\\\/014d9b9a971f617638f4298cbb55f92d20b3bf0d1c9cc32f65333b2769bcf867?s=96&d=blank&r=g\"},\"url\":\"https:\\\/\\\/reiseblock.ch\\\/wordpress\\\/author\\\/ursula-kohlerbluewin-ch\\\/\"}]}<\/script>\n<!-- \/ Yoast SEO plugin. -->","yoast_head_json":{"title":"Il Duomo di Milano &#8211; Reiseblock","description":"Entdecken Sie den Duomo in Mailand, eine beeindruckende Kathedrale, die w\u00e4hrend einer ruhigen Jahreszeit erlebt werden kann.","robots":{"index":"index","follow":"follow","max-snippet":"max-snippet:-1","max-image-preview":"max-image-preview:large","max-video-preview":"max-video-preview:-1"},"canonical":"https:\/\/reiseblock.ch\/wordpress\/il-duomo\/","og_locale":"de_DE","og_type":"article","og_title":"Il Duomo di Milano &#8211; Reiseblock","og_description":"Entdecken Sie den Duomo in Mailand, eine beeindruckende Kathedrale, die w\u00e4hrend einer ruhigen Jahreszeit erlebt werden kann.","og_url":"https:\/\/reiseblock.ch\/wordpress\/il-duomo\/","og_site_name":"Reiseblock","article_published_time":"2026-01-10T23:16:36+00:00","article_modified_time":"2026-01-10T23:20:02+00:00","og_image":[{"width":1920,"height":2560,"url":"https:\/\/reiseblock.ch\/wordpress\/wp-content\/uploads\/2026\/01\/IMG_7438-scaled.jpeg","type":"image\/jpeg"}],"author":"Ursula Kohler","twitter_misc":{"Verfasst von":"Ursula Kohler","Gesch\u00e4tzte Lesezeit":"3\u00a0Minuten"},"schema":{"@context":"https:\/\/schema.org","@graph":[{"@type":"Article","@id":"https:\/\/reiseblock.ch\/wordpress\/il-duomo\/#article","isPartOf":{"@id":"https:\/\/reiseblock.ch\/wordpress\/il-duomo\/"},"author":{"name":"Ursula Kohler","@id":"https:\/\/reiseblock.ch\/wordpress\/#\/schema\/person\/eafba14374f16d5fa4f73efd49243014"},"headline":"Il Duomo di Milano","datePublished":"2026-01-10T23:16:36+00:00","dateModified":"2026-01-10T23:20:02+00:00","mainEntityOfPage":{"@id":"https:\/\/reiseblock.ch\/wordpress\/il-duomo\/"},"wordCount":471,"commentCount":0,"publisher":{"@id":"https:\/\/reiseblock.ch\/wordpress\/#\/schema\/person\/eafba14374f16d5fa4f73efd49243014"},"image":{"@id":"https:\/\/reiseblock.ch\/wordpress\/il-duomo\/#primaryimage"},"thumbnailUrl":"https:\/\/reiseblock.ch\/wordpress\/wp-content\/uploads\/2026\/01\/IMG_7438-scaled.jpeg","articleSection":["Beitrag"],"inLanguage":"de","potentialAction":[{"@type":"CommentAction","name":"Comment","target":["https:\/\/reiseblock.ch\/wordpress\/il-duomo\/#respond"]}]},{"@type":"WebPage","@id":"https:\/\/reiseblock.ch\/wordpress\/il-duomo\/","url":"https:\/\/reiseblock.ch\/wordpress\/il-duomo\/","name":"Il Duomo di Milano &#8211; Reiseblock","isPartOf":{"@id":"https:\/\/reiseblock.ch\/wordpress\/#website"},"primaryImageOfPage":{"@id":"https:\/\/reiseblock.ch\/wordpress\/il-duomo\/#primaryimage"},"image":{"@id":"https:\/\/reiseblock.ch\/wordpress\/il-duomo\/#primaryimage"},"thumbnailUrl":"https:\/\/reiseblock.ch\/wordpress\/wp-content\/uploads\/2026\/01\/IMG_7438-scaled.jpeg","datePublished":"2026-01-10T23:16:36+00:00","dateModified":"2026-01-10T23:20:02+00:00","description":"Entdecken Sie den Duomo in Mailand, eine beeindruckende Kathedrale, die w\u00e4hrend einer ruhigen Jahreszeit erlebt werden kann.","breadcrumb":{"@id":"https:\/\/reiseblock.ch\/wordpress\/il-duomo\/#breadcrumb"},"inLanguage":"de","potentialAction":[{"@type":"ReadAction","target":["https:\/\/reiseblock.ch\/wordpress\/il-duomo\/"]}]},{"@type":"ImageObject","inLanguage":"de","@id":"https:\/\/reiseblock.ch\/wordpress\/il-duomo\/#primaryimage","url":"https:\/\/reiseblock.ch\/wordpress\/wp-content\/uploads\/2026\/01\/IMG_7438-scaled.jpeg","contentUrl":"https:\/\/reiseblock.ch\/wordpress\/wp-content\/uploads\/2026\/01\/IMG_7438-scaled.jpeg","width":1920,"height":2560},{"@type":"BreadcrumbList","@id":"https:\/\/reiseblock.ch\/wordpress\/il-duomo\/#breadcrumb","itemListElement":[{"@type":"ListItem","position":1,"name":"Home","item":"https:\/\/reiseblock.ch\/wordpress\/"},{"@type":"ListItem","position":2,"name":"Il Duomo di Milano"}]},{"@type":"WebSite","@id":"https:\/\/reiseblock.ch\/wordpress\/#website","url":"https:\/\/reiseblock.ch\/wordpress\/","name":"Reiseblock","description":"Ursula Kohlers ReiseWeise","publisher":{"@id":"https:\/\/reiseblock.ch\/wordpress\/#\/schema\/person\/eafba14374f16d5fa4f73efd49243014"},"potentialAction":[{"@type":"SearchAction","target":{"@type":"EntryPoint","urlTemplate":"https:\/\/reiseblock.ch\/wordpress\/?s={search_term_string}"},"query-input":{"@type":"PropertyValueSpecification","valueRequired":true,"valueName":"search_term_string"}}],"inLanguage":"de"},{"@type":["Person","Organization"],"@id":"https:\/\/reiseblock.ch\/wordpress\/#\/schema\/person\/eafba14374f16d5fa4f73efd49243014","name":"Ursula Kohler","image":{"@type":"ImageObject","inLanguage":"de","@id":"https:\/\/secure.gravatar.com\/avatar\/014d9b9a971f617638f4298cbb55f92d20b3bf0d1c9cc32f65333b2769bcf867?s=96&d=blank&r=g","url":"https:\/\/secure.gravatar.com\/avatar\/014d9b9a971f617638f4298cbb55f92d20b3bf0d1c9cc32f65333b2769bcf867?s=96&d=blank&r=g","contentUrl":"https:\/\/secure.gravatar.com\/avatar\/014d9b9a971f617638f4298cbb55f92d20b3bf0d1c9cc32f65333b2769bcf867?s=96&d=blank&r=g","caption":"Ursula Kohler"},"logo":{"@id":"https:\/\/secure.gravatar.com\/avatar\/014d9b9a971f617638f4298cbb55f92d20b3bf0d1c9cc32f65333b2769bcf867?s=96&d=blank&r=g"},"url":"https:\/\/reiseblock.ch\/wordpress\/author\/ursula-kohlerbluewin-ch\/"}]}},"_links":{"self":[{"href":"https:\/\/reiseblock.ch\/wordpress\/wp-json\/wp\/v2\/posts\/3896","targetHints":{"allow":["GET"]}}],"collection":[{"href":"https:\/\/reiseblock.ch\/wordpress\/wp-json\/wp\/v2\/posts"}],"about":[{"href":"https:\/\/reiseblock.ch\/wordpress\/wp-json\/wp\/v2\/types\/post"}],"author":[{"embeddable":true,"href":"https:\/\/reiseblock.ch\/wordpress\/wp-json\/wp\/v2\/users\/5"}],"replies":[{"embeddable":true,"href":"https:\/\/reiseblock.ch\/wordpress\/wp-json\/wp\/v2\/comments?post=3896"}],"version-history":[{"count":9,"href":"https:\/\/reiseblock.ch\/wordpress\/wp-json\/wp\/v2\/posts\/3896\/revisions"}],"predecessor-version":[{"id":3969,"href":"https:\/\/reiseblock.ch\/wordpress\/wp-json\/wp\/v2\/posts\/3896\/revisions\/3969"}],"wp:featuredmedia":[{"embeddable":true,"href":"https:\/\/reiseblock.ch\/wordpress\/wp-json\/wp\/v2\/media\/3911"}],"wp:attachment":[{"href":"https:\/\/reiseblock.ch\/wordpress\/wp-json\/wp\/v2\/media?parent=3896"}],"wp:term":[{"taxonomy":"category","embeddable":true,"href":"https:\/\/reiseblock.ch\/wordpress\/wp-json\/wp\/v2\/categories?post=3896"},{"taxonomy":"post_tag","embeddable":true,"href":"https:\/\/reiseblock.ch\/wordpress\/wp-json\/wp\/v2\/tags?post=3896"}],"curies":[{"name":"wp","href":"https:\/\/api.w.org\/{rel}","templated":true}]}}