{"id":3883,"date":"2025-11-15T18:44:51","date_gmt":"2025-11-15T17:44:51","guid":{"rendered":"https:\/\/reiseblock.ch\/wordpress\/?p=3883"},"modified":"2025-11-15T18:56:19","modified_gmt":"2025-11-15T17:56:19","slug":"philosophisches-picknick-durch-zuerich-die-winteredition","status":"publish","type":"post","link":"https:\/\/reiseblock.ch\/wordpress\/philosophisches-picknick-durch-zuerich-die-winteredition\/","title":{"rendered":"Philosophisches Picknick durch Z\u00fcrich \u2013 die Winteredition"},"content":{"rendered":"\n<figure class=\"wp-block-image size-large\"><a href=\"https:\/\/reiseblock.ch\/wordpress\/wp-content\/uploads\/2025\/11\/Bild_Kuchen.jpg\"><img loading=\"lazy\" decoding=\"async\" width=\"1024\" height=\"844\" src=\"https:\/\/reiseblock.ch\/wordpress\/wp-content\/uploads\/2025\/11\/Bild_Kuchen-1024x844.jpg\" alt=\"\" class=\"wp-image-3886\" srcset=\"https:\/\/reiseblock.ch\/wordpress\/wp-content\/uploads\/2025\/11\/Bild_Kuchen-1024x844.jpg 1024w, https:\/\/reiseblock.ch\/wordpress\/wp-content\/uploads\/2025\/11\/Bild_Kuchen-300x247.jpg 300w, https:\/\/reiseblock.ch\/wordpress\/wp-content\/uploads\/2025\/11\/Bild_Kuchen-768x633.jpg 768w, https:\/\/reiseblock.ch\/wordpress\/wp-content\/uploads\/2025\/11\/Bild_Kuchen.jpg 1417w\" sizes=\"auto, (max-width: 1024px) 100vw, 1024px\" \/><\/a><\/figure>\n\n\n\n<p>Nach dem ausgebuchten Event im Rahmen von \u00abZ\u00fcrich liest\u00bb gibt es f\u00fcr alle interessierten Teilnehmer:innen einen winterlichen Denkgang durch die Altstadt. Unterwegs reflektieren wir \u00fcber die Themen Heimat, Natur, Frieden, Arbeit und Gl\u00fcck \u2013 inspiriert von meinem Buch \u00abDenkgang \u2013 Philosophische Streifz\u00fcge in der Natur\u00bb. Dazu gibt\u2019s ein w\u00e4rmendes Picknick.<\/p>\n\n\n\n<p><a href=\"https:\/\/www.editionkohler.ch\" target=\"_blank\" rel=\"noreferrer noopener\"><strong>www.editionkohler.ch<\/strong><\/a><\/p>\n\n\n\n<p><strong>Datum: Mittwoch, 10. Dezember 2025, 12 bis 13.30 Uhr<br>Start: Innenhof der Zentralbibliothek Z\u00fcrich<br>Kosten: Fr. 20.\u2013 <br>Anmeldung: an <a href=\"mailto:ursula.kohler@bluewin.ch\" target=\"_blank\" rel=\"noreferrer noopener\">ursula.kohler@bluewin.ch<\/a><\/strong> oder direkt im Anmeldeformular:<\/p>\n\n\n\n<p><\/p>\n\n\n<style id=\"wpforms-css-vars-3828\">\n\t\t\t\t#wpforms-3828 {\n\t\t\t\t--wpforms-container-padding: 0px;\n--wpforms-container-border-width: 1px;\n--wpforms-container-border-radius: 3px;\n--wpforms-background-color: rgba(0, 0, 0, 0);\n--wpforms-field-size-input-height: 43px;\n--wpforms-field-size-input-spacing: 15px;\n--wpforms-field-size-font-size: 16px;\n--wpforms-field-size-line-height: 19px;\n--wpforms-field-size-padding-h: 14px;\n--wpforms-field-size-checkbox-size: 16px;\n--wpforms-field-size-sublabel-spacing: 5px;\n--wpforms-field-size-icon-size: 1;\n--wpforms-label-size-font-size: 16px;\n--wpforms-label-size-line-height: 19px;\n--wpforms-label-size-sublabel-font-size: 14px;\n--wpforms-label-size-sublabel-line-height: 17px;\n--wpforms-button-size-font-size: 17px;\n--wpforms-button-size-height: 41px;\n--wpforms-button-size-padding-h: 15px;\n--wpforms-button-size-margin-top: 10px;\n--wpforms-container-shadow-size-box-shadow: none;\n\t\t\t}\n\t\t\t<\/style><div class=\"wpforms-container wpforms-container-full wpforms-render-modern\" id=\"wpforms-3828\"><form id=\"wpforms-form-3828\" class=\"wpforms-validate wpforms-form wpforms-ajax-form\" data-formid=\"3828\" method=\"post\" enctype=\"multipart\/form-data\" action=\"\/wordpress\/wp-json\/wp\/v2\/posts\/3883\" data-token=\"dcf27bb0e7bfbc7e454093b20d338d80\" data-token-time=\"1788252337\"><noscript class=\"wpforms-error-noscript\">Bitte aktiviere JavaScript in deinem Browser, um dieses Formular fertigzustellen.<\/noscript><div id=\"wpforms-error-noscript\" style=\"display: none;\">Bitte aktiviere JavaScript in deinem Browser, um dieses Formular fertigzustellen.<\/div><div class=\"wpforms-field-container\"><div id=\"wpforms-3828-field_1-container\" class=\"wpforms-field wpforms-field-name\" data-field-id=\"1\"><fieldset><legend class=\"wpforms-field-label\">Name <span class=\"wpforms-required-label\" aria-hidden=\"true\">*<\/span><\/legend><div class=\"wpforms-field-row wpforms-field-medium\"><div class=\"wpforms-field-row-block wpforms-first wpforms-one-half\"><input type=\"text\" id=\"wpforms-3828-field_1\" class=\"wpforms-field-name-first wpforms-field-required\" name=\"wpforms[fields][1][first]\" aria-errormessage=\"wpforms-3828-field_1-error\" required><label for=\"wpforms-3828-field_1\" class=\"wpforms-field-sublabel after\">Vorname<\/label><\/div><div class=\"wpforms-field-row-block wpforms-one-half\"><input type=\"text\" id=\"wpforms-3828-field_1-last\" class=\"wpforms-field-name-last wpforms-field-required\" name=\"wpforms[fields][1][last]\" aria-errormessage=\"wpforms-3828-field_1-last-error\" required><label for=\"wpforms-3828-field_1-last\" class=\"wpforms-field-sublabel after\">Nachname<\/label><\/div><\/div><\/fieldset><\/div><div id=\"wpforms-3828-field_2-container\" class=\"wpforms-field wpforms-field-email\" data-field-id=\"2\"><label class=\"wpforms-field-label\" for=\"wpforms-3828-field_2\">E-Mail-Adresse <span class=\"wpforms-required-label\" aria-hidden=\"true\">*<\/span><\/label><input type=\"email\" id=\"wpforms-3828-field_2\" class=\"wpforms-field-medium wpforms-field-required\" name=\"wpforms[fields][2]\" spellcheck=\"false\" aria-errormessage=\"wpforms-3828-field_2-error\" required><\/div>\t\t<div id=\"wpforms-3828-field_4-container\"\n\t\t\tclass=\"wpforms-field wpforms-field-text\"\n\t\t\tdata-field-type=\"text\"\n\t\t\tdata-field-id=\"4\"\n\t\t\t>\n\t\t\t<label class=\"wpforms-field-label\" for=\"wpforms-3828-field_4\" >Name Nachricht Kommentar<\/label>\n\t\t\t<input type=\"text\" id=\"wpforms-3828-field_4\" class=\"wpforms-field-medium\" name=\"wpforms[fields][4]\" >\n\t\t<\/div>\n\t\t<div id=\"wpforms-3828-field_3-container\" class=\"wpforms-field wpforms-field-textarea\" data-field-id=\"3\"><label class=\"wpforms-field-label\" for=\"wpforms-3828-field_3\">Kommentar oder Nachricht<\/label><textarea id=\"wpforms-3828-field_3\" class=\"wpforms-field-medium\" name=\"wpforms[fields][3]\" aria-errormessage=\"wpforms-3828-field_3-error\" ><\/textarea><\/div><script>\n\t\t\t\t( function() {\n\t\t\t\t\tconst style = document.createElement( 'style' );\n\t\t\t\t\tstyle.appendChild( document.createTextNode( '#wpforms-3828-field_4-container { position: absolute !important; overflow: hidden !important; display: inline !important; height: 1px !important; width: 1px !important; z-index: -1000 !important; padding: 0 !important; } #wpforms-3828-field_4-container input { visibility: hidden; } #wpforms-conversational-form-page #wpforms-3828-field_4-container label { counter-increment: none; }' ) );\n\t\t\t\t\tdocument.head.appendChild( style );\n\t\t\t\t\tdocument.currentScript?.remove();\n\t\t\t\t} )();\n\t\t\t<\/script><\/div><!-- .wpforms-field-container --><div class=\"wpforms-submit-container\" ><input type=\"hidden\" name=\"wpforms[id]\" value=\"3828\"><input type=\"hidden\" name=\"page_title\" value=\"\"><input type=\"hidden\" name=\"page_url\" value=\"https:\/\/reiseblock.ch\/wordpress\/wp-json\/wp\/v2\/posts\/3883\"><input type=\"hidden\" name=\"url_referer\" value=\"\"><button type=\"submit\" name=\"wpforms[submit]\" id=\"wpforms-submit-3828\" class=\"wpforms-submit\" data-alt-text=\"Wird gesendet\u00a0\u2026\" data-submit-text=\"Anmeldung\" aria-live=\"assertive\" value=\"wpforms-submit\">Anmeldung<\/button><img loading=\"lazy\" decoding=\"async\" src=\"https:\/\/reiseblock.ch\/wordpress\/wp-content\/plugins\/wpforms-lite\/assets\/images\/submit-spin.svg\" class=\"wpforms-submit-spinner\" style=\"display: none;\" width=\"26\" height=\"26\" alt=\"Wird geladen\"><\/div><\/form><\/div>  <!-- .wpforms-container -->\n","protected":false},"excerpt":{"rendered":"<p>Am 10. Dezember startet mit der Winteredition die zweite Runde des Philosophischen Picknicks durch Z\u00fcrich.<\/p>\n","protected":false},"author":5,"featured_media":3886,"comment_status":"open","ping_status":"open","sticky":false,"template":"","format":"standard","meta":{"footnotes":""},"categories":[6],"tags":[],"class_list":["post-3883","post","type-post","status-publish","format-standard","has-post-thumbnail","hentry","category-beitrag"],"yoast_head":"<!-- This site is optimized with the Yoast SEO plugin v27.8 - https:\/\/yoast.com\/product\/yoast-seo-wordpress\/ -->\n<title>Philosophisches Picknick durch Z\u00fcrich \u2013 die Winteredition &#8211; Reiseblock<\/title>\n<meta name=\"robots\" content=\"index, follow, max-snippet:-1, max-image-preview:large, max-video-preview:-1\" \/>\n<link rel=\"canonical\" href=\"https:\/\/reiseblock.ch\/wordpress\/philosophisches-picknick-durch-zuerich-die-winteredition\/\" \/>\n<meta property=\"og:locale\" content=\"de_DE\" \/>\n<meta property=\"og:type\" content=\"article\" \/>\n<meta property=\"og:title\" content=\"Philosophisches Picknick durch Z\u00fcrich \u2013 die Winteredition &#8211; Reiseblock\" \/>\n<meta property=\"og:description\" content=\"Am 10. Dezember startet mit der Winteredition die zweite Runde des Philosophischen Picknicks durch Z\u00fcrich.\" \/>\n<meta property=\"og:url\" content=\"https:\/\/reiseblock.ch\/wordpress\/philosophisches-picknick-durch-zuerich-die-winteredition\/\" \/>\n<meta property=\"og:site_name\" content=\"Reiseblock\" \/>\n<meta property=\"article:published_time\" content=\"2025-11-15T17:44:51+00:00\" \/>\n<meta property=\"article:modified_time\" content=\"2025-11-15T17:56:19+00:00\" \/>\n<meta property=\"og:image\" content=\"https:\/\/reiseblock.ch\/wordpress\/wp-content\/uploads\/2025\/11\/Bild_Kuchen.jpg\" \/>\n\t<meta property=\"og:image:width\" content=\"1417\" \/>\n\t<meta property=\"og:image:height\" content=\"1168\" \/>\n\t<meta property=\"og:image:type\" content=\"image\/jpeg\" \/>\n<meta name=\"author\" content=\"Ursula Kohler\" \/>\n<meta name=\"twitter:label1\" content=\"Verfasst von\" \/>\n\t<meta name=\"twitter:data1\" content=\"Ursula Kohler\" \/>\n\t<meta name=\"twitter:label2\" content=\"Gesch\u00e4tzte Lesezeit\" \/>\n\t<meta name=\"twitter:data2\" content=\"1\u00a0Minute\" \/>\n<script type=\"application\/ld+json\" class=\"yoast-schema-graph\">{\"@context\":\"https:\\\/\\\/schema.org\",\"@graph\":[{\"@type\":\"Article\",\"@id\":\"https:\\\/\\\/reiseblock.ch\\\/wordpress\\\/philosophisches-picknick-durch-zuerich-die-winteredition\\\/#article\",\"isPartOf\":{\"@id\":\"https:\\\/\\\/reiseblock.ch\\\/wordpress\\\/philosophisches-picknick-durch-zuerich-die-winteredition\\\/\"},\"author\":{\"name\":\"Ursula Kohler\",\"@id\":\"https:\\\/\\\/reiseblock.ch\\\/wordpress\\\/#\\\/schema\\\/person\\\/eafba14374f16d5fa4f73efd49243014\"},\"headline\":\"Philosophisches Picknick durch Z\u00fcrich \u2013 die Winteredition\",\"datePublished\":\"2025-11-15T17:44:51+00:00\",\"dateModified\":\"2025-11-15T17:56:19+00:00\",\"mainEntityOfPage\":{\"@id\":\"https:\\\/\\\/reiseblock.ch\\\/wordpress\\\/philosophisches-picknick-durch-zuerich-die-winteredition\\\/\"},\"wordCount\":88,\"commentCount\":0,\"publisher\":{\"@id\":\"https:\\\/\\\/reiseblock.ch\\\/wordpress\\\/#\\\/schema\\\/person\\\/eafba14374f16d5fa4f73efd49243014\"},\"image\":{\"@id\":\"https:\\\/\\\/reiseblock.ch\\\/wordpress\\\/philosophisches-picknick-durch-zuerich-die-winteredition\\\/#primaryimage\"},\"thumbnailUrl\":\"https:\\\/\\\/reiseblock.ch\\\/wordpress\\\/wp-content\\\/uploads\\\/2025\\\/11\\\/Bild_Kuchen.jpg\",\"articleSection\":[\"Beitrag\"],\"inLanguage\":\"de\",\"potentialAction\":[{\"@type\":\"CommentAction\",\"name\":\"Comment\",\"target\":[\"https:\\\/\\\/reiseblock.ch\\\/wordpress\\\/philosophisches-picknick-durch-zuerich-die-winteredition\\\/#respond\"]}]},{\"@type\":\"WebPage\",\"@id\":\"https:\\\/\\\/reiseblock.ch\\\/wordpress\\\/philosophisches-picknick-durch-zuerich-die-winteredition\\\/\",\"url\":\"https:\\\/\\\/reiseblock.ch\\\/wordpress\\\/philosophisches-picknick-durch-zuerich-die-winteredition\\\/\",\"name\":\"Philosophisches Picknick durch Z\u00fcrich \u2013 die Winteredition &#8211; Reiseblock\",\"isPartOf\":{\"@id\":\"https:\\\/\\\/reiseblock.ch\\\/wordpress\\\/#website\"},\"primaryImageOfPage\":{\"@id\":\"https:\\\/\\\/reiseblock.ch\\\/wordpress\\\/philosophisches-picknick-durch-zuerich-die-winteredition\\\/#primaryimage\"},\"image\":{\"@id\":\"https:\\\/\\\/reiseblock.ch\\\/wordpress\\\/philosophisches-picknick-durch-zuerich-die-winteredition\\\/#primaryimage\"},\"thumbnailUrl\":\"https:\\\/\\\/reiseblock.ch\\\/wordpress\\\/wp-content\\\/uploads\\\/2025\\\/11\\\/Bild_Kuchen.jpg\",\"datePublished\":\"2025-11-15T17:44:51+00:00\",\"dateModified\":\"2025-11-15T17:56:19+00:00\",\"breadcrumb\":{\"@id\":\"https:\\\/\\\/reiseblock.ch\\\/wordpress\\\/philosophisches-picknick-durch-zuerich-die-winteredition\\\/#breadcrumb\"},\"inLanguage\":\"de\",\"potentialAction\":[{\"@type\":\"ReadAction\",\"target\":[\"https:\\\/\\\/reiseblock.ch\\\/wordpress\\\/philosophisches-picknick-durch-zuerich-die-winteredition\\\/\"]}]},{\"@type\":\"ImageObject\",\"inLanguage\":\"de\",\"@id\":\"https:\\\/\\\/reiseblock.ch\\\/wordpress\\\/philosophisches-picknick-durch-zuerich-die-winteredition\\\/#primaryimage\",\"url\":\"https:\\\/\\\/reiseblock.ch\\\/wordpress\\\/wp-content\\\/uploads\\\/2025\\\/11\\\/Bild_Kuchen.jpg\",\"contentUrl\":\"https:\\\/\\\/reiseblock.ch\\\/wordpress\\\/wp-content\\\/uploads\\\/2025\\\/11\\\/Bild_Kuchen.jpg\",\"width\":1417,\"height\":1168},{\"@type\":\"BreadcrumbList\",\"@id\":\"https:\\\/\\\/reiseblock.ch\\\/wordpress\\\/philosophisches-picknick-durch-zuerich-die-winteredition\\\/#breadcrumb\",\"itemListElement\":[{\"@type\":\"ListItem\",\"position\":1,\"name\":\"Home\",\"item\":\"https:\\\/\\\/reiseblock.ch\\\/wordpress\\\/\"},{\"@type\":\"ListItem\",\"position\":2,\"name\":\"Philosophisches Picknick durch Z\u00fcrich \u2013 die Winteredition\"}]},{\"@type\":\"WebSite\",\"@id\":\"https:\\\/\\\/reiseblock.ch\\\/wordpress\\\/#website\",\"url\":\"https:\\\/\\\/reiseblock.ch\\\/wordpress\\\/\",\"name\":\"Reiseblock\",\"description\":\"Ursula Kohlers ReiseWeise\",\"publisher\":{\"@id\":\"https:\\\/\\\/reiseblock.ch\\\/wordpress\\\/#\\\/schema\\\/person\\\/eafba14374f16d5fa4f73efd49243014\"},\"potentialAction\":[{\"@type\":\"SearchAction\",\"target\":{\"@type\":\"EntryPoint\",\"urlTemplate\":\"https:\\\/\\\/reiseblock.ch\\\/wordpress\\\/?s={search_term_string}\"},\"query-input\":{\"@type\":\"PropertyValueSpecification\",\"valueRequired\":true,\"valueName\":\"search_term_string\"}}],\"inLanguage\":\"de\"},{\"@type\":[\"Person\",\"Organization\"],\"@id\":\"https:\\\/\\\/reiseblock.ch\\\/wordpress\\\/#\\\/schema\\\/person\\\/eafba14374f16d5fa4f73efd49243014\",\"name\":\"Ursula Kohler\",\"image\":{\"@type\":\"ImageObject\",\"inLanguage\":\"de\",\"@id\":\"https:\\\/\\\/secure.gravatar.com\\\/avatar\\\/014d9b9a971f617638f4298cbb55f92d20b3bf0d1c9cc32f65333b2769bcf867?s=96&d=blank&r=g\",\"url\":\"https:\\\/\\\/secure.gravatar.com\\\/avatar\\\/014d9b9a971f617638f4298cbb55f92d20b3bf0d1c9cc32f65333b2769bcf867?s=96&d=blank&r=g\",\"contentUrl\":\"https:\\\/\\\/secure.gravatar.com\\\/avatar\\\/014d9b9a971f617638f4298cbb55f92d20b3bf0d1c9cc32f65333b2769bcf867?s=96&d=blank&r=g\",\"caption\":\"Ursula Kohler\"},\"logo\":{\"@id\":\"https:\\\/\\\/secure.gravatar.com\\\/avatar\\\/014d9b9a971f617638f4298cbb55f92d20b3bf0d1c9cc32f65333b2769bcf867?s=96&d=blank&r=g\"},\"url\":\"https:\\\/\\\/reiseblock.ch\\\/wordpress\\\/author\\\/ursula-kohlerbluewin-ch\\\/\"}]}<\/script>\n<!-- \/ Yoast SEO plugin. -->","yoast_head_json":{"title":"Philosophisches Picknick durch Z\u00fcrich \u2013 die Winteredition &#8211; Reiseblock","robots":{"index":"index","follow":"follow","max-snippet":"max-snippet:-1","max-image-preview":"max-image-preview:large","max-video-preview":"max-video-preview:-1"},"canonical":"https:\/\/reiseblock.ch\/wordpress\/philosophisches-picknick-durch-zuerich-die-winteredition\/","og_locale":"de_DE","og_type":"article","og_title":"Philosophisches Picknick durch Z\u00fcrich \u2013 die Winteredition &#8211; Reiseblock","og_description":"Am 10. Dezember startet mit der Winteredition die zweite Runde des Philosophischen Picknicks durch Z\u00fcrich.","og_url":"https:\/\/reiseblock.ch\/wordpress\/philosophisches-picknick-durch-zuerich-die-winteredition\/","og_site_name":"Reiseblock","article_published_time":"2025-11-15T17:44:51+00:00","article_modified_time":"2025-11-15T17:56:19+00:00","og_image":[{"width":1417,"height":1168,"url":"https:\/\/reiseblock.ch\/wordpress\/wp-content\/uploads\/2025\/11\/Bild_Kuchen.jpg","type":"image\/jpeg"}],"author":"Ursula Kohler","twitter_misc":{"Verfasst von":"Ursula Kohler","Gesch\u00e4tzte Lesezeit":"1\u00a0Minute"},"schema":{"@context":"https:\/\/schema.org","@graph":[{"@type":"Article","@id":"https:\/\/reiseblock.ch\/wordpress\/philosophisches-picknick-durch-zuerich-die-winteredition\/#article","isPartOf":{"@id":"https:\/\/reiseblock.ch\/wordpress\/philosophisches-picknick-durch-zuerich-die-winteredition\/"},"author":{"name":"Ursula Kohler","@id":"https:\/\/reiseblock.ch\/wordpress\/#\/schema\/person\/eafba14374f16d5fa4f73efd49243014"},"headline":"Philosophisches Picknick durch Z\u00fcrich \u2013 die Winteredition","datePublished":"2025-11-15T17:44:51+00:00","dateModified":"2025-11-15T17:56:19+00:00","mainEntityOfPage":{"@id":"https:\/\/reiseblock.ch\/wordpress\/philosophisches-picknick-durch-zuerich-die-winteredition\/"},"wordCount":88,"commentCount":0,"publisher":{"@id":"https:\/\/reiseblock.ch\/wordpress\/#\/schema\/person\/eafba14374f16d5fa4f73efd49243014"},"image":{"@id":"https:\/\/reiseblock.ch\/wordpress\/philosophisches-picknick-durch-zuerich-die-winteredition\/#primaryimage"},"thumbnailUrl":"https:\/\/reiseblock.ch\/wordpress\/wp-content\/uploads\/2025\/11\/Bild_Kuchen.jpg","articleSection":["Beitrag"],"inLanguage":"de","potentialAction":[{"@type":"CommentAction","name":"Comment","target":["https:\/\/reiseblock.ch\/wordpress\/philosophisches-picknick-durch-zuerich-die-winteredition\/#respond"]}]},{"@type":"WebPage","@id":"https:\/\/reiseblock.ch\/wordpress\/philosophisches-picknick-durch-zuerich-die-winteredition\/","url":"https:\/\/reiseblock.ch\/wordpress\/philosophisches-picknick-durch-zuerich-die-winteredition\/","name":"Philosophisches Picknick durch Z\u00fcrich \u2013 die Winteredition &#8211; Reiseblock","isPartOf":{"@id":"https:\/\/reiseblock.ch\/wordpress\/#website"},"primaryImageOfPage":{"@id":"https:\/\/reiseblock.ch\/wordpress\/philosophisches-picknick-durch-zuerich-die-winteredition\/#primaryimage"},"image":{"@id":"https:\/\/reiseblock.ch\/wordpress\/philosophisches-picknick-durch-zuerich-die-winteredition\/#primaryimage"},"thumbnailUrl":"https:\/\/reiseblock.ch\/wordpress\/wp-content\/uploads\/2025\/11\/Bild_Kuchen.jpg","datePublished":"2025-11-15T17:44:51+00:00","dateModified":"2025-11-15T17:56:19+00:00","breadcrumb":{"@id":"https:\/\/reiseblock.ch\/wordpress\/philosophisches-picknick-durch-zuerich-die-winteredition\/#breadcrumb"},"inLanguage":"de","potentialAction":[{"@type":"ReadAction","target":["https:\/\/reiseblock.ch\/wordpress\/philosophisches-picknick-durch-zuerich-die-winteredition\/"]}]},{"@type":"ImageObject","inLanguage":"de","@id":"https:\/\/reiseblock.ch\/wordpress\/philosophisches-picknick-durch-zuerich-die-winteredition\/#primaryimage","url":"https:\/\/reiseblock.ch\/wordpress\/wp-content\/uploads\/2025\/11\/Bild_Kuchen.jpg","contentUrl":"https:\/\/reiseblock.ch\/wordpress\/wp-content\/uploads\/2025\/11\/Bild_Kuchen.jpg","width":1417,"height":1168},{"@type":"BreadcrumbList","@id":"https:\/\/reiseblock.ch\/wordpress\/philosophisches-picknick-durch-zuerich-die-winteredition\/#breadcrumb","itemListElement":[{"@type":"ListItem","position":1,"name":"Home","item":"https:\/\/reiseblock.ch\/wordpress\/"},{"@type":"ListItem","position":2,"name":"Philosophisches Picknick durch Z\u00fcrich \u2013 die Winteredition"}]},{"@type":"WebSite","@id":"https:\/\/reiseblock.ch\/wordpress\/#website","url":"https:\/\/reiseblock.ch\/wordpress\/","name":"Reiseblock","description":"Ursula Kohlers ReiseWeise","publisher":{"@id":"https:\/\/reiseblock.ch\/wordpress\/#\/schema\/person\/eafba14374f16d5fa4f73efd49243014"},"potentialAction":[{"@type":"SearchAction","target":{"@type":"EntryPoint","urlTemplate":"https:\/\/reiseblock.ch\/wordpress\/?s={search_term_string}"},"query-input":{"@type":"PropertyValueSpecification","valueRequired":true,"valueName":"search_term_string"}}],"inLanguage":"de"},{"@type":["Person","Organization"],"@id":"https:\/\/reiseblock.ch\/wordpress\/#\/schema\/person\/eafba14374f16d5fa4f73efd49243014","name":"Ursula Kohler","image":{"@type":"ImageObject","inLanguage":"de","@id":"https:\/\/secure.gravatar.com\/avatar\/014d9b9a971f617638f4298cbb55f92d20b3bf0d1c9cc32f65333b2769bcf867?s=96&d=blank&r=g","url":"https:\/\/secure.gravatar.com\/avatar\/014d9b9a971f617638f4298cbb55f92d20b3bf0d1c9cc32f65333b2769bcf867?s=96&d=blank&r=g","contentUrl":"https:\/\/secure.gravatar.com\/avatar\/014d9b9a971f617638f4298cbb55f92d20b3bf0d1c9cc32f65333b2769bcf867?s=96&d=blank&r=g","caption":"Ursula Kohler"},"logo":{"@id":"https:\/\/secure.gravatar.com\/avatar\/014d9b9a971f617638f4298cbb55f92d20b3bf0d1c9cc32f65333b2769bcf867?s=96&d=blank&r=g"},"url":"https:\/\/reiseblock.ch\/wordpress\/author\/ursula-kohlerbluewin-ch\/"}]}},"_links":{"self":[{"href":"https:\/\/reiseblock.ch\/wordpress\/wp-json\/wp\/v2\/posts\/3883","targetHints":{"allow":["GET"]}}],"collection":[{"href":"https:\/\/reiseblock.ch\/wordpress\/wp-json\/wp\/v2\/posts"}],"about":[{"href":"https:\/\/reiseblock.ch\/wordpress\/wp-json\/wp\/v2\/types\/post"}],"author":[{"embeddable":true,"href":"https:\/\/reiseblock.ch\/wordpress\/wp-json\/wp\/v2\/users\/5"}],"replies":[{"embeddable":true,"href":"https:\/\/reiseblock.ch\/wordpress\/wp-json\/wp\/v2\/comments?post=3883"}],"version-history":[{"count":6,"href":"https:\/\/reiseblock.ch\/wordpress\/wp-json\/wp\/v2\/posts\/3883\/revisions"}],"predecessor-version":[{"id":3894,"href":"https:\/\/reiseblock.ch\/wordpress\/wp-json\/wp\/v2\/posts\/3883\/revisions\/3894"}],"wp:featuredmedia":[{"embeddable":true,"href":"https:\/\/reiseblock.ch\/wordpress\/wp-json\/wp\/v2\/media\/3886"}],"wp:attachment":[{"href":"https:\/\/reiseblock.ch\/wordpress\/wp-json\/wp\/v2\/media?parent=3883"}],"wp:term":[{"taxonomy":"category","embeddable":true,"href":"https:\/\/reiseblock.ch\/wordpress\/wp-json\/wp\/v2\/categories?post=3883"},{"taxonomy":"post_tag","embeddable":true,"href":"https:\/\/reiseblock.ch\/wordpress\/wp-json\/wp\/v2\/tags?post=3883"}],"curies":[{"name":"wp","href":"https:\/\/api.w.org\/{rel}","templated":true}]}}