{"id":3844,"date":"2025-11-08T20:07:07","date_gmt":"2025-11-08T19:07:07","guid":{"rendered":"https:\/\/reiseblock.ch\/wordpress\/?p=3844"},"modified":"2025-11-08T20:57:19","modified_gmt":"2025-11-08T19:57:19","slug":"herbstwanderung-im-goms","status":"publish","type":"post","link":"https:\/\/reiseblock.ch\/wordpress\/herbstwanderung-im-goms\/","title":{"rendered":"Herbstwanderung im Goms"},"content":{"rendered":"\n<p><em>Wohin im Herbst? Im Goms gibt es viele sch\u00f6ne und leichte Wanderwege, die sich lohnen. Der Schnee liegt erst in den h\u00f6heren Lagen und die Temperaturen sind angenehm. Die Sonne taucht alles in ein goldenes Licht.<\/em><\/p>\n\n\n<div id=\"metaslider-id-3856\" style=\"width: 100%;\" class=\"ml-slider-3-109-0 metaslider metaslider-flex metaslider-3856 ml-slider has-dots-nav ms-theme-default-base\" role=\"region\" aria-label=\"Fieschertal\" data-height=\"300\" data-width=\"700\">\n    <div id=\"metaslider_container_3856\">\n        <div id=\"metaslider_3856\">\n            <ul aria-live='off' class='slides'>\n                <li style=\"display: block; width: 100%;\" class=\"slide-3866 ms-image \" aria-roledescription=\"slide\" data-date=\"2025-11-08 19:54:20\" data-filename=\"Weg.jpg\" data-slide-type=\"image\"><img loading=\"lazy\" decoding=\"async\" src=\"https:\/\/reiseblock.ch\/wordpress\/wp-content\/uploads\/2025\/11\/Weg.jpg\" height=\"300\" width=\"700\" alt=\"\" class=\"slider-3856 slide-3866 msDefaultImage\" title=\"Weg\" \/><div class=\"caption-wrap\"><div class=\"caption\"><div>Sch\u00f6ne Wanderwege<\/div><\/div><\/div><\/li>\n                <li style=\"display: none; width: 100%;\" class=\"slide-3865 ms-image \" aria-roledescription=\"slide\" data-date=\"2025-11-08 19:54:20\" data-filename=\"Fiesch_2.jpg\" data-slide-type=\"image\"><img loading=\"lazy\" decoding=\"async\" src=\"https:\/\/reiseblock.ch\/wordpress\/wp-content\/uploads\/2025\/11\/Fiesch_2.jpg\" height=\"300\" width=\"700\" alt=\"\" class=\"slider-3856 slide-3865 msDefaultImage\" title=\"Fiesch_2\" \/><div class=\"caption-wrap\"><div class=\"caption\"><div>Blick durchs Dickicht auf Fiesch<\/div><\/div><\/div><\/li>\n                <li style=\"display: none; width: 100%;\" class=\"slide-3864 ms-image \" aria-roledescription=\"slide\" data-date=\"2025-11-08 19:54:20\" data-filename=\"Wald.jpg\" data-slide-type=\"image\"><img loading=\"lazy\" decoding=\"async\" src=\"https:\/\/reiseblock.ch\/wordpress\/wp-content\/uploads\/2025\/11\/Wald.jpg\" height=\"300\" width=\"700\" alt=\"\" class=\"slider-3856 slide-3864 msDefaultImage\" title=\"Wald\" \/><div class=\"caption-wrap\"><div class=\"caption\"><div>Waldwege<\/div><\/div><\/div><\/li>\n                <li style=\"display: none; width: 100%;\" class=\"slide-3863 ms-image \" aria-roledescription=\"slide\" data-date=\"2025-11-08 19:54:20\" data-filename=\"Herbst.jpg\" data-slide-type=\"image\"><img loading=\"lazy\" decoding=\"async\" src=\"https:\/\/reiseblock.ch\/wordpress\/wp-content\/uploads\/2025\/11\/Herbst.jpg\" height=\"300\" width=\"700\" alt=\"\" class=\"slider-3856 slide-3863 msDefaultImage\" title=\"Herbst\" \/><div class=\"caption-wrap\"><div class=\"caption\"><div>Herbststimmung<\/div><\/div><\/div><\/li>\n                <li style=\"display: none; width: 100%;\" class=\"slide-3861 ms-image \" aria-roledescription=\"slide\" data-date=\"2025-11-08 19:54:19\" data-filename=\"Fieschertal_Zentrum.jpg\" data-slide-type=\"image\"><img loading=\"lazy\" decoding=\"async\" src=\"https:\/\/reiseblock.ch\/wordpress\/wp-content\/uploads\/2025\/11\/Fieschertal_Zentrum.jpg\" height=\"300\" width=\"700\" alt=\"\" class=\"slider-3856 slide-3861 msDefaultImage\" title=\"Fieschertal_Zentrum\" \/><div class=\"caption-wrap\"><div class=\"caption\"><div>Dorfplatz Fieschertal<\/div><\/div><\/div><\/li>\n                <li style=\"display: none; width: 100%;\" class=\"slide-3858 ms-image \" aria-roledescription=\"slide\" data-date=\"2025-11-08 19:54:19\" data-filename=\"Tunnel.jpg\" data-slide-type=\"image\"><img loading=\"lazy\" decoding=\"async\" src=\"https:\/\/reiseblock.ch\/wordpress\/wp-content\/uploads\/2025\/11\/Tunnel.jpg\" height=\"300\" width=\"700\" alt=\"\" class=\"slider-3856 slide-3858 msDefaultImage\" title=\"Tunnel\" \/><div class=\"caption-wrap\"><div class=\"caption\"><div>Zugstunnel<\/div><\/div><\/div><\/li>\n                <li style=\"display: none; width: 100%;\" class=\"slide-3857 ms-image \" aria-roledescription=\"slide\" data-date=\"2025-11-08 19:54:19\" data-filename=\"Fiesch.jpg\" data-slide-type=\"image\"><img loading=\"lazy\" decoding=\"async\" src=\"https:\/\/reiseblock.ch\/wordpress\/wp-content\/uploads\/2025\/11\/Fiesch.jpg\" height=\"300\" width=\"700\" alt=\"\" class=\"slider-3856 slide-3857 msDefaultImage\" title=\"Fiesch\" \/><div class=\"caption-wrap\"><div class=\"caption\"><div>Fiesch<\/div><\/div><\/div><\/li>\n            <\/ul>\n        <\/div>\n        \n    <\/div>\n<\/div>\n\n\n\n<p>Der Zug bringt Wander:innen zu jedem Ausgangspunkt im Goms. Ein guter Startpunkt ist Lax. Von hier aus f\u00fchrt der Weg direkt etwas in die H\u00f6he, bevor er dann immer leicht durch Wald und Wiesen f\u00fchrt. Wir passieren Fiesch oberhalb des Dorfes und kommen beim neuen Hub, der Bahnstation und Talstation der Bahn auf die Fiescheralp ist. In diesen Tagen ist Revision, die Bahn steht ausnahmsweise still. Wer auf die Fiescheralp gelangen m\u00f6chte, muss den Ersatzbus nehmen, der einige wenige Male am Tag f\u00e4hrt.<\/p>\n\n\n\n<h2 class=\"wp-block-heading\">Im Fieschertal<\/h2>\n\n\n\n<p>Auf dem waldigen Weg gibt es zwischendurch Ausblicke auf Bellwald, den kleinen Ferienort im Wallis. Nach gut 1,5 Stunden befinden wir uns oberhalb von Fieschtal. Nach einem kurzen Abstieg gehts in ca. einer halben Stunde entlang des Flusses Wysswasser nach Fiesch. Hier k\u00f6nnen wir kurz durchs Dort schlendern oder direkt zur Bahnstation gehen. Nicht vergessen den eigenen Proviant einzupacken. Zwischensaison heisst auch, dass Restaurant oft geschlossen haben so wie das Hotel Alpenblick in Fieschertal. Eine Tour, die beliebig verk\u00fcrzt oder verl\u00e4ngert werden kann. <\/p>\n","protected":false},"excerpt":{"rendered":"<p>Wohin im Herbst? Im Goms gibt es viele sch\u00f6ne und leichte Wanderwege, die sich lohnen. Der Schnee liegt erst in den h\u00f6heren Lagen und die Temperaturen sind angenehm. Die Sonne taucht alles in ein goldenes Licht.<\/p>\n","protected":false},"author":5,"featured_media":3852,"comment_status":"open","ping_status":"open","sticky":false,"template":"","format":"standard","meta":{"footnotes":""},"categories":[6,8],"tags":[139,60,12],"class_list":["post-3844","post","type-post","status-publish","format-standard","has-post-thumbnail","hentry","category-beitrag","category-tipp","tag-herbst","tag-wallis","tag-wandern"],"yoast_head":"<!-- This site is optimized with the Yoast SEO plugin v27.8 - https:\/\/yoast.com\/product\/yoast-seo-wordpress\/ -->\n<title>Herbstwanderung im Goms &#8211; Reiseblock<\/title>\n<meta name=\"description\" content=\"Eine leichte Herbstwanderung im Goms f\u00fchrt von Lax \u00fcber Fieschertal nach Fiesch. Die Tour ist individuell anpassbar.\" \/>\n<meta name=\"robots\" content=\"index, follow, max-snippet:-1, max-image-preview:large, max-video-preview:-1\" \/>\n<link rel=\"canonical\" href=\"https:\/\/reiseblock.ch\/wordpress\/herbstwanderung-im-goms\/\" \/>\n<meta property=\"og:locale\" content=\"de_DE\" \/>\n<meta property=\"og:type\" content=\"article\" \/>\n<meta property=\"og:title\" content=\"Herbstwanderung im Goms &#8211; Reiseblock\" \/>\n<meta property=\"og:description\" content=\"Eine leichte Herbstwanderung im Goms f\u00fchrt von Lax \u00fcber Fieschertal nach Fiesch. Die Tour ist individuell anpassbar.\" \/>\n<meta property=\"og:url\" content=\"https:\/\/reiseblock.ch\/wordpress\/herbstwanderung-im-goms\/\" \/>\n<meta property=\"og:site_name\" content=\"Reiseblock\" \/>\n<meta property=\"article:published_time\" content=\"2025-11-08T19:07:07+00:00\" \/>\n<meta property=\"article:modified_time\" content=\"2025-11-08T19:57:19+00:00\" \/>\n<meta property=\"og:image\" content=\"https:\/\/reiseblock.ch\/wordpress\/wp-content\/uploads\/2025\/11\/Herbst.jpg\" \/>\n\t<meta property=\"og:image:width\" content=\"1417\" \/>\n\t<meta property=\"og:image:height\" content=\"1063\" \/>\n\t<meta property=\"og:image:type\" content=\"image\/jpeg\" \/>\n<meta name=\"author\" content=\"Ursula Kohler\" \/>\n<meta name=\"twitter:label1\" content=\"Verfasst von\" \/>\n\t<meta name=\"twitter:data1\" content=\"Ursula Kohler\" \/>\n\t<meta name=\"twitter:label2\" content=\"Gesch\u00e4tzte Lesezeit\" \/>\n\t<meta name=\"twitter:data2\" content=\"2\u00a0Minuten\" \/>\n<script type=\"application\/ld+json\" class=\"yoast-schema-graph\">{\"@context\":\"https:\\\/\\\/schema.org\",\"@graph\":[{\"@type\":\"Article\",\"@id\":\"https:\\\/\\\/reiseblock.ch\\\/wordpress\\\/herbstwanderung-im-goms\\\/#article\",\"isPartOf\":{\"@id\":\"https:\\\/\\\/reiseblock.ch\\\/wordpress\\\/herbstwanderung-im-goms\\\/\"},\"author\":{\"name\":\"Ursula Kohler\",\"@id\":\"https:\\\/\\\/reiseblock.ch\\\/wordpress\\\/#\\\/schema\\\/person\\\/eafba14374f16d5fa4f73efd49243014\"},\"headline\":\"Herbstwanderung im Goms\",\"datePublished\":\"2025-11-08T19:07:07+00:00\",\"dateModified\":\"2025-11-08T19:57:19+00:00\",\"mainEntityOfPage\":{\"@id\":\"https:\\\/\\\/reiseblock.ch\\\/wordpress\\\/herbstwanderung-im-goms\\\/\"},\"wordCount\":219,\"commentCount\":0,\"publisher\":{\"@id\":\"https:\\\/\\\/reiseblock.ch\\\/wordpress\\\/#\\\/schema\\\/person\\\/eafba14374f16d5fa4f73efd49243014\"},\"image\":{\"@id\":\"https:\\\/\\\/reiseblock.ch\\\/wordpress\\\/herbstwanderung-im-goms\\\/#primaryimage\"},\"thumbnailUrl\":\"https:\\\/\\\/reiseblock.ch\\\/wordpress\\\/wp-content\\\/uploads\\\/2025\\\/11\\\/Herbst.jpg\",\"keywords\":[\"Herbst\",\"Wallis\",\"Wandern\"],\"articleSection\":[\"Beitrag\",\"Tipp\"],\"inLanguage\":\"de\",\"potentialAction\":[{\"@type\":\"CommentAction\",\"name\":\"Comment\",\"target\":[\"https:\\\/\\\/reiseblock.ch\\\/wordpress\\\/herbstwanderung-im-goms\\\/#respond\"]}]},{\"@type\":\"WebPage\",\"@id\":\"https:\\\/\\\/reiseblock.ch\\\/wordpress\\\/herbstwanderung-im-goms\\\/\",\"url\":\"https:\\\/\\\/reiseblock.ch\\\/wordpress\\\/herbstwanderung-im-goms\\\/\",\"name\":\"Herbstwanderung im Goms &#8211; Reiseblock\",\"isPartOf\":{\"@id\":\"https:\\\/\\\/reiseblock.ch\\\/wordpress\\\/#website\"},\"primaryImageOfPage\":{\"@id\":\"https:\\\/\\\/reiseblock.ch\\\/wordpress\\\/herbstwanderung-im-goms\\\/#primaryimage\"},\"image\":{\"@id\":\"https:\\\/\\\/reiseblock.ch\\\/wordpress\\\/herbstwanderung-im-goms\\\/#primaryimage\"},\"thumbnailUrl\":\"https:\\\/\\\/reiseblock.ch\\\/wordpress\\\/wp-content\\\/uploads\\\/2025\\\/11\\\/Herbst.jpg\",\"datePublished\":\"2025-11-08T19:07:07+00:00\",\"dateModified\":\"2025-11-08T19:57:19+00:00\",\"description\":\"Eine leichte Herbstwanderung im Goms f\u00fchrt von Lax \u00fcber Fieschertal nach Fiesch. Die Tour ist individuell anpassbar.\",\"breadcrumb\":{\"@id\":\"https:\\\/\\\/reiseblock.ch\\\/wordpress\\\/herbstwanderung-im-goms\\\/#breadcrumb\"},\"inLanguage\":\"de\",\"potentialAction\":[{\"@type\":\"ReadAction\",\"target\":[\"https:\\\/\\\/reiseblock.ch\\\/wordpress\\\/herbstwanderung-im-goms\\\/\"]}]},{\"@type\":\"ImageObject\",\"inLanguage\":\"de\",\"@id\":\"https:\\\/\\\/reiseblock.ch\\\/wordpress\\\/herbstwanderung-im-goms\\\/#primaryimage\",\"url\":\"https:\\\/\\\/reiseblock.ch\\\/wordpress\\\/wp-content\\\/uploads\\\/2025\\\/11\\\/Herbst.jpg\",\"contentUrl\":\"https:\\\/\\\/reiseblock.ch\\\/wordpress\\\/wp-content\\\/uploads\\\/2025\\\/11\\\/Herbst.jpg\",\"width\":1417,\"height\":1063},{\"@type\":\"BreadcrumbList\",\"@id\":\"https:\\\/\\\/reiseblock.ch\\\/wordpress\\\/herbstwanderung-im-goms\\\/#breadcrumb\",\"itemListElement\":[{\"@type\":\"ListItem\",\"position\":1,\"name\":\"Home\",\"item\":\"https:\\\/\\\/reiseblock.ch\\\/wordpress\\\/\"},{\"@type\":\"ListItem\",\"position\":2,\"name\":\"Herbstwanderung im Goms\"}]},{\"@type\":\"WebSite\",\"@id\":\"https:\\\/\\\/reiseblock.ch\\\/wordpress\\\/#website\",\"url\":\"https:\\\/\\\/reiseblock.ch\\\/wordpress\\\/\",\"name\":\"Reiseblock\",\"description\":\"Ursula Kohlers ReiseWeise\",\"publisher\":{\"@id\":\"https:\\\/\\\/reiseblock.ch\\\/wordpress\\\/#\\\/schema\\\/person\\\/eafba14374f16d5fa4f73efd49243014\"},\"potentialAction\":[{\"@type\":\"SearchAction\",\"target\":{\"@type\":\"EntryPoint\",\"urlTemplate\":\"https:\\\/\\\/reiseblock.ch\\\/wordpress\\\/?s={search_term_string}\"},\"query-input\":{\"@type\":\"PropertyValueSpecification\",\"valueRequired\":true,\"valueName\":\"search_term_string\"}}],\"inLanguage\":\"de\"},{\"@type\":[\"Person\",\"Organization\"],\"@id\":\"https:\\\/\\\/reiseblock.ch\\\/wordpress\\\/#\\\/schema\\\/person\\\/eafba14374f16d5fa4f73efd49243014\",\"name\":\"Ursula Kohler\",\"image\":{\"@type\":\"ImageObject\",\"inLanguage\":\"de\",\"@id\":\"https:\\\/\\\/secure.gravatar.com\\\/avatar\\\/014d9b9a971f617638f4298cbb55f92d20b3bf0d1c9cc32f65333b2769bcf867?s=96&d=blank&r=g\",\"url\":\"https:\\\/\\\/secure.gravatar.com\\\/avatar\\\/014d9b9a971f617638f4298cbb55f92d20b3bf0d1c9cc32f65333b2769bcf867?s=96&d=blank&r=g\",\"contentUrl\":\"https:\\\/\\\/secure.gravatar.com\\\/avatar\\\/014d9b9a971f617638f4298cbb55f92d20b3bf0d1c9cc32f65333b2769bcf867?s=96&d=blank&r=g\",\"caption\":\"Ursula Kohler\"},\"logo\":{\"@id\":\"https:\\\/\\\/secure.gravatar.com\\\/avatar\\\/014d9b9a971f617638f4298cbb55f92d20b3bf0d1c9cc32f65333b2769bcf867?s=96&d=blank&r=g\"},\"url\":\"https:\\\/\\\/reiseblock.ch\\\/wordpress\\\/author\\\/ursula-kohlerbluewin-ch\\\/\"}]}<\/script>\n<!-- \/ Yoast SEO plugin. -->","yoast_head_json":{"title":"Herbstwanderung im Goms &#8211; Reiseblock","description":"Eine leichte Herbstwanderung im Goms f\u00fchrt von Lax \u00fcber Fieschertal nach Fiesch. Die Tour ist individuell anpassbar.","robots":{"index":"index","follow":"follow","max-snippet":"max-snippet:-1","max-image-preview":"max-image-preview:large","max-video-preview":"max-video-preview:-1"},"canonical":"https:\/\/reiseblock.ch\/wordpress\/herbstwanderung-im-goms\/","og_locale":"de_DE","og_type":"article","og_title":"Herbstwanderung im Goms &#8211; Reiseblock","og_description":"Eine leichte Herbstwanderung im Goms f\u00fchrt von Lax \u00fcber Fieschertal nach Fiesch. Die Tour ist individuell anpassbar.","og_url":"https:\/\/reiseblock.ch\/wordpress\/herbstwanderung-im-goms\/","og_site_name":"Reiseblock","article_published_time":"2025-11-08T19:07:07+00:00","article_modified_time":"2025-11-08T19:57:19+00:00","og_image":[{"width":1417,"height":1063,"url":"https:\/\/reiseblock.ch\/wordpress\/wp-content\/uploads\/2025\/11\/Herbst.jpg","type":"image\/jpeg"}],"author":"Ursula Kohler","twitter_misc":{"Verfasst von":"Ursula Kohler","Gesch\u00e4tzte Lesezeit":"2\u00a0Minuten"},"schema":{"@context":"https:\/\/schema.org","@graph":[{"@type":"Article","@id":"https:\/\/reiseblock.ch\/wordpress\/herbstwanderung-im-goms\/#article","isPartOf":{"@id":"https:\/\/reiseblock.ch\/wordpress\/herbstwanderung-im-goms\/"},"author":{"name":"Ursula Kohler","@id":"https:\/\/reiseblock.ch\/wordpress\/#\/schema\/person\/eafba14374f16d5fa4f73efd49243014"},"headline":"Herbstwanderung im Goms","datePublished":"2025-11-08T19:07:07+00:00","dateModified":"2025-11-08T19:57:19+00:00","mainEntityOfPage":{"@id":"https:\/\/reiseblock.ch\/wordpress\/herbstwanderung-im-goms\/"},"wordCount":219,"commentCount":0,"publisher":{"@id":"https:\/\/reiseblock.ch\/wordpress\/#\/schema\/person\/eafba14374f16d5fa4f73efd49243014"},"image":{"@id":"https:\/\/reiseblock.ch\/wordpress\/herbstwanderung-im-goms\/#primaryimage"},"thumbnailUrl":"https:\/\/reiseblock.ch\/wordpress\/wp-content\/uploads\/2025\/11\/Herbst.jpg","keywords":["Herbst","Wallis","Wandern"],"articleSection":["Beitrag","Tipp"],"inLanguage":"de","potentialAction":[{"@type":"CommentAction","name":"Comment","target":["https:\/\/reiseblock.ch\/wordpress\/herbstwanderung-im-goms\/#respond"]}]},{"@type":"WebPage","@id":"https:\/\/reiseblock.ch\/wordpress\/herbstwanderung-im-goms\/","url":"https:\/\/reiseblock.ch\/wordpress\/herbstwanderung-im-goms\/","name":"Herbstwanderung im Goms &#8211; Reiseblock","isPartOf":{"@id":"https:\/\/reiseblock.ch\/wordpress\/#website"},"primaryImageOfPage":{"@id":"https:\/\/reiseblock.ch\/wordpress\/herbstwanderung-im-goms\/#primaryimage"},"image":{"@id":"https:\/\/reiseblock.ch\/wordpress\/herbstwanderung-im-goms\/#primaryimage"},"thumbnailUrl":"https:\/\/reiseblock.ch\/wordpress\/wp-content\/uploads\/2025\/11\/Herbst.jpg","datePublished":"2025-11-08T19:07:07+00:00","dateModified":"2025-11-08T19:57:19+00:00","description":"Eine leichte Herbstwanderung im Goms f\u00fchrt von Lax \u00fcber Fieschertal nach Fiesch. Die Tour ist individuell anpassbar.","breadcrumb":{"@id":"https:\/\/reiseblock.ch\/wordpress\/herbstwanderung-im-goms\/#breadcrumb"},"inLanguage":"de","potentialAction":[{"@type":"ReadAction","target":["https:\/\/reiseblock.ch\/wordpress\/herbstwanderung-im-goms\/"]}]},{"@type":"ImageObject","inLanguage":"de","@id":"https:\/\/reiseblock.ch\/wordpress\/herbstwanderung-im-goms\/#primaryimage","url":"https:\/\/reiseblock.ch\/wordpress\/wp-content\/uploads\/2025\/11\/Herbst.jpg","contentUrl":"https:\/\/reiseblock.ch\/wordpress\/wp-content\/uploads\/2025\/11\/Herbst.jpg","width":1417,"height":1063},{"@type":"BreadcrumbList","@id":"https:\/\/reiseblock.ch\/wordpress\/herbstwanderung-im-goms\/#breadcrumb","itemListElement":[{"@type":"ListItem","position":1,"name":"Home","item":"https:\/\/reiseblock.ch\/wordpress\/"},{"@type":"ListItem","position":2,"name":"Herbstwanderung im Goms"}]},{"@type":"WebSite","@id":"https:\/\/reiseblock.ch\/wordpress\/#website","url":"https:\/\/reiseblock.ch\/wordpress\/","name":"Reiseblock","description":"Ursula Kohlers ReiseWeise","publisher":{"@id":"https:\/\/reiseblock.ch\/wordpress\/#\/schema\/person\/eafba14374f16d5fa4f73efd49243014"},"potentialAction":[{"@type":"SearchAction","target":{"@type":"EntryPoint","urlTemplate":"https:\/\/reiseblock.ch\/wordpress\/?s={search_term_string}"},"query-input":{"@type":"PropertyValueSpecification","valueRequired":true,"valueName":"search_term_string"}}],"inLanguage":"de"},{"@type":["Person","Organization"],"@id":"https:\/\/reiseblock.ch\/wordpress\/#\/schema\/person\/eafba14374f16d5fa4f73efd49243014","name":"Ursula Kohler","image":{"@type":"ImageObject","inLanguage":"de","@id":"https:\/\/secure.gravatar.com\/avatar\/014d9b9a971f617638f4298cbb55f92d20b3bf0d1c9cc32f65333b2769bcf867?s=96&d=blank&r=g","url":"https:\/\/secure.gravatar.com\/avatar\/014d9b9a971f617638f4298cbb55f92d20b3bf0d1c9cc32f65333b2769bcf867?s=96&d=blank&r=g","contentUrl":"https:\/\/secure.gravatar.com\/avatar\/014d9b9a971f617638f4298cbb55f92d20b3bf0d1c9cc32f65333b2769bcf867?s=96&d=blank&r=g","caption":"Ursula Kohler"},"logo":{"@id":"https:\/\/secure.gravatar.com\/avatar\/014d9b9a971f617638f4298cbb55f92d20b3bf0d1c9cc32f65333b2769bcf867?s=96&d=blank&r=g"},"url":"https:\/\/reiseblock.ch\/wordpress\/author\/ursula-kohlerbluewin-ch\/"}]}},"_links":{"self":[{"href":"https:\/\/reiseblock.ch\/wordpress\/wp-json\/wp\/v2\/posts\/3844","targetHints":{"allow":["GET"]}}],"collection":[{"href":"https:\/\/reiseblock.ch\/wordpress\/wp-json\/wp\/v2\/posts"}],"about":[{"href":"https:\/\/reiseblock.ch\/wordpress\/wp-json\/wp\/v2\/types\/post"}],"author":[{"embeddable":true,"href":"https:\/\/reiseblock.ch\/wordpress\/wp-json\/wp\/v2\/users\/5"}],"replies":[{"embeddable":true,"href":"https:\/\/reiseblock.ch\/wordpress\/wp-json\/wp\/v2\/comments?post=3844"}],"version-history":[{"count":3,"href":"https:\/\/reiseblock.ch\/wordpress\/wp-json\/wp\/v2\/posts\/3844\/revisions"}],"predecessor-version":[{"id":3868,"href":"https:\/\/reiseblock.ch\/wordpress\/wp-json\/wp\/v2\/posts\/3844\/revisions\/3868"}],"wp:featuredmedia":[{"embeddable":true,"href":"https:\/\/reiseblock.ch\/wordpress\/wp-json\/wp\/v2\/media\/3852"}],"wp:attachment":[{"href":"https:\/\/reiseblock.ch\/wordpress\/wp-json\/wp\/v2\/media?parent=3844"}],"wp:term":[{"taxonomy":"category","embeddable":true,"href":"https:\/\/reiseblock.ch\/wordpress\/wp-json\/wp\/v2\/categories?post=3844"},{"taxonomy":"post_tag","embeddable":true,"href":"https:\/\/reiseblock.ch\/wordpress\/wp-json\/wp\/v2\/tags?post=3844"}],"curies":[{"name":"wp","href":"https:\/\/api.w.org\/{rel}","templated":true}]}}