{"id":3733,"date":"2023-09-10T19:49:08","date_gmt":"2023-09-10T17:49:08","guid":{"rendered":"https:\/\/reiseblock.ch\/wordpress\/?p=3733"},"modified":"2025-11-08T21:04:37","modified_gmt":"2025-11-08T20:04:37","slug":"hoehenweg-der-superlative","status":"publish","type":"post","link":"https:\/\/reiseblock.ch\/wordpress\/hoehenweg-der-superlative\/","title":{"rendered":"H\u00f6henweg der Superlative"},"content":{"rendered":"\n<p><em>Die alpine Bergwanderung vom Betterhorn zum Eggishorn im Wallis hat es in sich! Es darf und muss gekraxelt werden, der Weg ist aber ausgezeichnet angelegt und an den schwierigsten Stellen mit Stahlseilen abgesichert.<\/em><\/p>\n\n\n\n<p><\/p>\n\n\n<div id=\"metaslider-id-3736\" style=\"max-width: 700px;\" class=\"ml-slider-3-109-0 metaslider metaslider-flex metaslider-3736 ml-slider has-dots-nav ms-theme-default\" role=\"region\" aria-label=\"H\u00f6henweg\" data-height=\"400\" data-width=\"700\">\n    <div id=\"metaslider_container_3736\">\n        <div id=\"metaslider_3736\">\n            <ul class='slides'>\n                <li style=\"display: block; width: 100%;\" class=\"slide-3756 ms-image \" aria-roledescription=\"slide\" data-date=\"2023-09-10 19:39:46\" data-filename=\"Wanderzecichen-567x324.jpg\" data-slide-type=\"image\"><img loading=\"lazy\" decoding=\"async\" src=\"https:\/\/reiseblock.ch\/wordpress\/wp-content\/uploads\/2023\/09\/Wanderzecichen-567x324.jpg\" height=\"400\" width=\"700\" alt=\"Besser immer auf dem Weg bleiben.\" class=\"slider-3736 slide-3756 msDefaultImage\" title=\"Wanderzecichen\" \/><div class=\"caption-wrap\"><div class=\"caption\">Besser immer auf dem Weg bleiben.<\/div><\/div><\/li>\n                <li style=\"display: none; width: 100%;\" class=\"slide-3752 ms-image \" aria-roledescription=\"slide\" data-date=\"2023-09-10 19:39:46\" data-filename=\"Grat_3jpg-567x324.jpg\" data-slide-type=\"image\"><img loading=\"lazy\" decoding=\"async\" src=\"https:\/\/reiseblock.ch\/wordpress\/wp-content\/uploads\/2023\/09\/Grat_3jpg-567x324.jpg\" height=\"400\" width=\"700\" alt=\"Es ist felsig.\" class=\"slider-3736 slide-3752 msDefaultImage\" title=\"Grat_3jpg\" \/><div class=\"caption-wrap\"><div class=\"caption\">Es ist und bleibt felsig.<\/div><\/div><\/li>\n                <li style=\"display: none; width: 100%;\" class=\"slide-3755 ms-image \" aria-roledescription=\"slide\" data-date=\"2023-09-10 19:39:46\" data-filename=\"Blick_zurueck-567x324.jpg\" data-slide-type=\"image\"><img loading=\"lazy\" decoding=\"async\" src=\"https:\/\/reiseblock.ch\/wordpress\/wp-content\/uploads\/2023\/09\/Blick_zurueck-567x324.jpg\" height=\"400\" width=\"700\" alt=\"\" class=\"slider-3736 slide-3755 msDefaultImage\" title=\"Blick_zuru\u0308ck\" \/><div class=\"caption-wrap\"><div class=\"caption\">Blick zur\u00fcck zur Bettmeralp, im Hintergrund das Matterhorn.<\/div><\/div><\/li>\n                <li style=\"display: none; width: 100%;\" class=\"slide-3751 ms-image \" aria-roledescription=\"slide\" data-date=\"2023-09-10 19:39:46\" data-filename=\"Grat_2-scaled-700x400.jpg\" data-slide-type=\"image\"><img loading=\"lazy\" decoding=\"async\" src=\"https:\/\/reiseblock.ch\/wordpress\/wp-content\/uploads\/2023\/09\/Grat_2-scaled-700x400.jpg\" height=\"400\" width=\"700\" alt=\"So siehts der Grat aus.\" class=\"slider-3736 slide-3751 msDefaultImage\" title=\"Grat_2\" \/><div class=\"caption-wrap\"><div class=\"caption\">So siehts der Grat aus.<\/div><\/div><\/li>\n                <li style=\"display: none; width: 100%;\" class=\"slide-3749 ms-image \" aria-roledescription=\"slide\" data-date=\"2023-09-10 19:39:46\" data-filename=\"Aletschwand-567x324.jpg\" data-slide-type=\"image\"><img loading=\"lazy\" decoding=\"async\" src=\"https:\/\/reiseblock.ch\/wordpress\/wp-content\/uploads\/2023\/09\/Aletschwand-567x324.jpg\" height=\"400\" width=\"700\" alt=\"Der Gletscherrand war schon mal h\u00f6her.\" class=\"slider-3736 slide-3749 msDefaultImage\" title=\"Aletschwand\" \/><div class=\"caption-wrap\"><div class=\"caption\">Der Gletscherrand war schon mal h\u00f6her.<\/div><\/div><\/li>\n                <li style=\"display: none; width: 100%;\" class=\"slide-3753 ms-image \" aria-roledescription=\"slide\" data-date=\"2023-09-10 19:39:46\" data-filename=\"Grat_4-567x324.jpg\" data-slide-type=\"image\"><img loading=\"lazy\" decoding=\"async\" src=\"https:\/\/reiseblock.ch\/wordpress\/wp-content\/uploads\/2023\/09\/Grat_4-567x324.jpg\" height=\"400\" width=\"700\" alt=\"Immer wieder anders: der Blick auf den Aletschgletscher.\" class=\"slider-3736 slide-3753 msDefaultImage\" title=\"Grat_4\" \/><div class=\"caption-wrap\"><div class=\"caption\">Immer wieder anders: der Blick auf den Aletschgletscher.<\/div><\/div><\/li>\n                <li style=\"display: none; width: 100%;\" class=\"slide-3754 ms-image \" aria-roledescription=\"slide\" data-date=\"2023-09-10 19:39:46\" data-filename=\"Grat_5-567x324.jpg\" data-slide-type=\"image\"><img loading=\"lazy\" decoding=\"async\" src=\"https:\/\/reiseblock.ch\/wordpress\/wp-content\/uploads\/2023\/09\/Grat_5-567x324.jpg\" height=\"400\" width=\"700\" alt=\"Besser auf dem Weg bleiben.\" class=\"slider-3736 slide-3754 msDefaultImage\" title=\"Grat_5\" \/><div class=\"caption-wrap\"><div class=\"caption\">Fels und Gletscher.<\/div><\/div><\/li>\n                <li style=\"display: none; width: 100%;\" class=\"slide-3748 ms-image \" aria-roledescription=\"slide\" data-date=\"2023-09-10 19:39:46\" data-filename=\"Grat-567x324.jpg\" data-slide-type=\"image\"><img loading=\"lazy\" decoding=\"async\" src=\"https:\/\/reiseblock.ch\/wordpress\/wp-content\/uploads\/2023\/09\/Grat-567x324.jpg\" height=\"400\" width=\"700\" alt=\"Auf und ab auf dem Grat\" class=\"slider-3736 slide-3748 msDefaultImage\" title=\"Grat\" \/><div class=\"caption-wrap\"><div class=\"caption\">Blick zur\u00fcck zum Gratweg.<\/div><\/div><\/li>\n                <li style=\"display: none; width: 100%;\" class=\"slide-3747 ms-image \" aria-roledescription=\"slide\" data-date=\"2023-09-10 19:39:46\" data-filename=\"Klettersteig-567x324.jpg\" data-slide-type=\"image\"><img loading=\"lazy\" decoding=\"async\" src=\"https:\/\/reiseblock.ch\/wordpress\/wp-content\/uploads\/2023\/09\/Klettersteig-567x324.jpg\" height=\"400\" width=\"700\" alt=\"Der Klettersteig unterhalb dem Eggishorn\" class=\"slider-3736 slide-3747 msDefaultImage\" title=\"Klettersteig\" \/><div class=\"caption-wrap\"><div class=\"caption\">Der Klettersteig unterhalb dem Eggishorn.<\/div><\/div><\/li>\n                <li style=\"display: none; width: 100%;\" class=\"slide-3750 ms-image \" aria-roledescription=\"slide\" data-date=\"2023-09-10 19:39:46\" data-filename=\"Eggishorn-567x324.jpg\" data-slide-type=\"image\"><img loading=\"lazy\" decoding=\"async\" src=\"https:\/\/reiseblock.ch\/wordpress\/wp-content\/uploads\/2023\/09\/Eggishorn-567x324.jpg\" height=\"400\" width=\"700\" alt=\"Auf dem Eggishorn\" class=\"slider-3736 slide-3750 msDefaultImage\" title=\"Eggishorn\" \/><div class=\"caption-wrap\"><div class=\"caption\">Auf dem Eggishorn<\/div><\/div><\/li>\n            <\/ul>\n        <\/div>\n        \n    <\/div>\n<\/div>\n\n\n\n<p>Vorweg: Diese Tour des Schwierigkeitsgrades T4 eignet sich f\u00fcr trittsichere und schwindelfreie Personen, die sich sportliche Herausforderungen gewohnt sind. Mit Kindern w\u00fcrde ich es nicht wagen, auch wenn es selten Eltern und Kinder unterwegs haben soll. Ideal f\u00fcr diese Tour \u00fcber Gesteinslandschaft ist sicher auch trockenes Wetter.  <\/p>\n\n\n\n<p><strong>Den Aletschgletscher immer im Blick<\/strong><\/p>\n\n\n\n<p>Empfehlenswert ist der Start auf dem Bettmerhorn, dann hat man den Aletschgletscher immer im Blick. Doch erst mal gilt es von der Bergstation auf den Gipfel zu gelangen. Der Einstieg ist doch happiger als gedacht, aber mit ca. 30 Minuten auch nicht zu lange. <\/p>\n\n\n\n<p>Es ist nicht so, dass eine lockere Gratwanderung folgen w\u00fcrde, hat man den Aufstieg mal geschafft. Es bleibt eine Kraxelei, manchmal mit H\u00e4nden und F\u00fcssen. Eine gute Sicherheit neben den zum Teil angebrachten Stahlseilen bieten meist auch die grossen Steine, an denen man sich festhalten kann. Mit St\u00f6cken zu gehen, scheint mir wenig empfehlenswert, sind diese doch eher im Weg. <\/p>\n\n\n\n<p>Zwei, drei wirklich schwierige Stellen, der Rest ist eigentlich gut begehbar, aber fordert einiges an Kondition, gerade wenn man die Kletterei weniger gewohnt ist. Es lohnt sich auf jeden Fall, immer wieder mal kleine Pausen einzulegen und die Sicht auf den Aletschgletscher und die umliegende Bergwelt zu geniessen. <\/p>\n\n\n\n<p><strong>Eggihorn zum Abschluss<\/strong><\/p>\n\n\n\n<p>Der Abstieg ist kurz und heftig, geht durch ein Couloir. Und ganz am Schluss ist dann noch der Aufstieg auf das Eggishorn zu bew\u00e4ltigen. Hier wechselt dann die Szenerie, die Aussicht auf den Aletschgletscher ist weiterhin fantastisch, aber der mit der Bahn erreichbare Hotspot kontrastiert schon stark mit der zur\u00fcckgelegten H\u00f6henwanderung. Von daher ist kein langer Aufenthalt n\u00f6tig und die Bahn bringt die Besucher:innen im Halbstundentakt auf die Fiescheralp. <\/p>\n","protected":false},"excerpt":{"rendered":"<p>Die alpine Bergwanderung vom Betterhorn zum Eggishorn im Wallis hat es in sich! Es darf und muss gekraxelt werden, der Weg ist aber ausgezeichnet angelegt und an den schwierigsten Stellen mit Stahlseilen abgesichert.<\/p>\n","protected":false},"author":5,"featured_media":3746,"comment_status":"open","ping_status":"open","sticky":false,"template":"","format":"standard","meta":{"footnotes":""},"categories":[6],"tags":[],"class_list":["post-3733","post","type-post","status-publish","format-standard","has-post-thumbnail","hentry","category-beitrag"],"yoast_head":"<!-- This site is optimized with the Yoast SEO plugin v27.8 - https:\/\/yoast.com\/product\/yoast-seo-wordpress\/ -->\n<title>H\u00f6henweg der Superlative &#8211; Reiseblock<\/title>\n<meta name=\"description\" content=\"Der H\u00f6henweg Bettmerhorn \u2013 Fiescherhorn bietet einige Herausforderungen, aber auch frantastische Ausblicke f\u00fcr ge\u00fcbte Wanderer.\" \/>\n<meta name=\"robots\" content=\"index, follow, max-snippet:-1, max-image-preview:large, max-video-preview:-1\" \/>\n<link rel=\"canonical\" href=\"https:\/\/reiseblock.ch\/wordpress\/hoehenweg-der-superlative\/\" \/>\n<meta property=\"og:locale\" content=\"de_DE\" \/>\n<meta property=\"og:type\" content=\"article\" \/>\n<meta property=\"og:title\" content=\"H\u00f6henweg der Superlative &#8211; Reiseblock\" \/>\n<meta property=\"og:description\" content=\"Der H\u00f6henweg Bettmerhorn \u2013 Fiescherhorn bietet einige Herausforderungen, aber auch frantastische Ausblicke f\u00fcr ge\u00fcbte Wanderer.\" \/>\n<meta property=\"og:url\" content=\"https:\/\/reiseblock.ch\/wordpress\/hoehenweg-der-superlative\/\" \/>\n<meta property=\"og:site_name\" content=\"Reiseblock\" \/>\n<meta property=\"article:published_time\" content=\"2023-09-10T17:49:08+00:00\" \/>\n<meta property=\"article:modified_time\" content=\"2025-11-08T20:04:37+00:00\" \/>\n<meta property=\"og:image\" content=\"https:\/\/reiseblock.ch\/wordpress\/wp-content\/uploads\/2023\/09\/Wanderzecichen.jpg\" \/>\n\t<meta property=\"og:image:width\" content=\"567\" \/>\n\t<meta property=\"og:image:height\" content=\"489\" \/>\n\t<meta property=\"og:image:type\" content=\"image\/jpeg\" \/>\n<meta name=\"author\" content=\"Ursula Kohler\" \/>\n<meta name=\"twitter:label1\" content=\"Verfasst von\" \/>\n\t<meta name=\"twitter:data1\" content=\"Ursula Kohler\" \/>\n\t<meta name=\"twitter:label2\" content=\"Gesch\u00e4tzte Lesezeit\" \/>\n\t<meta name=\"twitter:data2\" content=\"2\u00a0Minuten\" \/>\n<script type=\"application\/ld+json\" class=\"yoast-schema-graph\">{\"@context\":\"https:\\\/\\\/schema.org\",\"@graph\":[{\"@type\":\"Article\",\"@id\":\"https:\\\/\\\/reiseblock.ch\\\/wordpress\\\/hoehenweg-der-superlative\\\/#article\",\"isPartOf\":{\"@id\":\"https:\\\/\\\/reiseblock.ch\\\/wordpress\\\/hoehenweg-der-superlative\\\/\"},\"author\":{\"name\":\"Ursula Kohler\",\"@id\":\"https:\\\/\\\/reiseblock.ch\\\/wordpress\\\/#\\\/schema\\\/person\\\/eafba14374f16d5fa4f73efd49243014\"},\"headline\":\"H\u00f6henweg der Superlative\",\"datePublished\":\"2023-09-10T17:49:08+00:00\",\"dateModified\":\"2025-11-08T20:04:37+00:00\",\"mainEntityOfPage\":{\"@id\":\"https:\\\/\\\/reiseblock.ch\\\/wordpress\\\/hoehenweg-der-superlative\\\/\"},\"wordCount\":326,\"commentCount\":0,\"publisher\":{\"@id\":\"https:\\\/\\\/reiseblock.ch\\\/wordpress\\\/#\\\/schema\\\/person\\\/eafba14374f16d5fa4f73efd49243014\"},\"image\":{\"@id\":\"https:\\\/\\\/reiseblock.ch\\\/wordpress\\\/hoehenweg-der-superlative\\\/#primaryimage\"},\"thumbnailUrl\":\"https:\\\/\\\/reiseblock.ch\\\/wordpress\\\/wp-content\\\/uploads\\\/2023\\\/09\\\/Wanderzecichen.jpg\",\"articleSection\":[\"Beitrag\"],\"inLanguage\":\"de\",\"potentialAction\":[{\"@type\":\"CommentAction\",\"name\":\"Comment\",\"target\":[\"https:\\\/\\\/reiseblock.ch\\\/wordpress\\\/hoehenweg-der-superlative\\\/#respond\"]}]},{\"@type\":\"WebPage\",\"@id\":\"https:\\\/\\\/reiseblock.ch\\\/wordpress\\\/hoehenweg-der-superlative\\\/\",\"url\":\"https:\\\/\\\/reiseblock.ch\\\/wordpress\\\/hoehenweg-der-superlative\\\/\",\"name\":\"H\u00f6henweg der Superlative &#8211; Reiseblock\",\"isPartOf\":{\"@id\":\"https:\\\/\\\/reiseblock.ch\\\/wordpress\\\/#website\"},\"primaryImageOfPage\":{\"@id\":\"https:\\\/\\\/reiseblock.ch\\\/wordpress\\\/hoehenweg-der-superlative\\\/#primaryimage\"},\"image\":{\"@id\":\"https:\\\/\\\/reiseblock.ch\\\/wordpress\\\/hoehenweg-der-superlative\\\/#primaryimage\"},\"thumbnailUrl\":\"https:\\\/\\\/reiseblock.ch\\\/wordpress\\\/wp-content\\\/uploads\\\/2023\\\/09\\\/Wanderzecichen.jpg\",\"datePublished\":\"2023-09-10T17:49:08+00:00\",\"dateModified\":\"2025-11-08T20:04:37+00:00\",\"description\":\"Der H\u00f6henweg Bettmerhorn \u2013 Fiescherhorn bietet einige Herausforderungen, aber auch frantastische Ausblicke f\u00fcr ge\u00fcbte Wanderer.\",\"breadcrumb\":{\"@id\":\"https:\\\/\\\/reiseblock.ch\\\/wordpress\\\/hoehenweg-der-superlative\\\/#breadcrumb\"},\"inLanguage\":\"de\",\"potentialAction\":[{\"@type\":\"ReadAction\",\"target\":[\"https:\\\/\\\/reiseblock.ch\\\/wordpress\\\/hoehenweg-der-superlative\\\/\"]}]},{\"@type\":\"ImageObject\",\"inLanguage\":\"de\",\"@id\":\"https:\\\/\\\/reiseblock.ch\\\/wordpress\\\/hoehenweg-der-superlative\\\/#primaryimage\",\"url\":\"https:\\\/\\\/reiseblock.ch\\\/wordpress\\\/wp-content\\\/uploads\\\/2023\\\/09\\\/Wanderzecichen.jpg\",\"contentUrl\":\"https:\\\/\\\/reiseblock.ch\\\/wordpress\\\/wp-content\\\/uploads\\\/2023\\\/09\\\/Wanderzecichen.jpg\",\"width\":567,\"height\":489,\"caption\":\"Besser immer auf dem Weg bleiben.\"},{\"@type\":\"BreadcrumbList\",\"@id\":\"https:\\\/\\\/reiseblock.ch\\\/wordpress\\\/hoehenweg-der-superlative\\\/#breadcrumb\",\"itemListElement\":[{\"@type\":\"ListItem\",\"position\":1,\"name\":\"Home\",\"item\":\"https:\\\/\\\/reiseblock.ch\\\/wordpress\\\/\"},{\"@type\":\"ListItem\",\"position\":2,\"name\":\"H\u00f6henweg der Superlative\"}]},{\"@type\":\"WebSite\",\"@id\":\"https:\\\/\\\/reiseblock.ch\\\/wordpress\\\/#website\",\"url\":\"https:\\\/\\\/reiseblock.ch\\\/wordpress\\\/\",\"name\":\"Reiseblock\",\"description\":\"Ursula Kohlers ReiseWeise\",\"publisher\":{\"@id\":\"https:\\\/\\\/reiseblock.ch\\\/wordpress\\\/#\\\/schema\\\/person\\\/eafba14374f16d5fa4f73efd49243014\"},\"potentialAction\":[{\"@type\":\"SearchAction\",\"target\":{\"@type\":\"EntryPoint\",\"urlTemplate\":\"https:\\\/\\\/reiseblock.ch\\\/wordpress\\\/?s={search_term_string}\"},\"query-input\":{\"@type\":\"PropertyValueSpecification\",\"valueRequired\":true,\"valueName\":\"search_term_string\"}}],\"inLanguage\":\"de\"},{\"@type\":[\"Person\",\"Organization\"],\"@id\":\"https:\\\/\\\/reiseblock.ch\\\/wordpress\\\/#\\\/schema\\\/person\\\/eafba14374f16d5fa4f73efd49243014\",\"name\":\"Ursula Kohler\",\"image\":{\"@type\":\"ImageObject\",\"inLanguage\":\"de\",\"@id\":\"https:\\\/\\\/secure.gravatar.com\\\/avatar\\\/014d9b9a971f617638f4298cbb55f92d20b3bf0d1c9cc32f65333b2769bcf867?s=96&d=blank&r=g\",\"url\":\"https:\\\/\\\/secure.gravatar.com\\\/avatar\\\/014d9b9a971f617638f4298cbb55f92d20b3bf0d1c9cc32f65333b2769bcf867?s=96&d=blank&r=g\",\"contentUrl\":\"https:\\\/\\\/secure.gravatar.com\\\/avatar\\\/014d9b9a971f617638f4298cbb55f92d20b3bf0d1c9cc32f65333b2769bcf867?s=96&d=blank&r=g\",\"caption\":\"Ursula Kohler\"},\"logo\":{\"@id\":\"https:\\\/\\\/secure.gravatar.com\\\/avatar\\\/014d9b9a971f617638f4298cbb55f92d20b3bf0d1c9cc32f65333b2769bcf867?s=96&d=blank&r=g\"},\"url\":\"https:\\\/\\\/reiseblock.ch\\\/wordpress\\\/author\\\/ursula-kohlerbluewin-ch\\\/\"}]}<\/script>\n<!-- \/ Yoast SEO plugin. -->","yoast_head_json":{"title":"H\u00f6henweg der Superlative &#8211; Reiseblock","description":"Der H\u00f6henweg Bettmerhorn \u2013 Fiescherhorn bietet einige Herausforderungen, aber auch frantastische Ausblicke f\u00fcr ge\u00fcbte Wanderer.","robots":{"index":"index","follow":"follow","max-snippet":"max-snippet:-1","max-image-preview":"max-image-preview:large","max-video-preview":"max-video-preview:-1"},"canonical":"https:\/\/reiseblock.ch\/wordpress\/hoehenweg-der-superlative\/","og_locale":"de_DE","og_type":"article","og_title":"H\u00f6henweg der Superlative &#8211; Reiseblock","og_description":"Der H\u00f6henweg Bettmerhorn \u2013 Fiescherhorn bietet einige Herausforderungen, aber auch frantastische Ausblicke f\u00fcr ge\u00fcbte Wanderer.","og_url":"https:\/\/reiseblock.ch\/wordpress\/hoehenweg-der-superlative\/","og_site_name":"Reiseblock","article_published_time":"2023-09-10T17:49:08+00:00","article_modified_time":"2025-11-08T20:04:37+00:00","og_image":[{"width":567,"height":489,"url":"https:\/\/reiseblock.ch\/wordpress\/wp-content\/uploads\/2023\/09\/Wanderzecichen.jpg","type":"image\/jpeg"}],"author":"Ursula Kohler","twitter_misc":{"Verfasst von":"Ursula Kohler","Gesch\u00e4tzte Lesezeit":"2\u00a0Minuten"},"schema":{"@context":"https:\/\/schema.org","@graph":[{"@type":"Article","@id":"https:\/\/reiseblock.ch\/wordpress\/hoehenweg-der-superlative\/#article","isPartOf":{"@id":"https:\/\/reiseblock.ch\/wordpress\/hoehenweg-der-superlative\/"},"author":{"name":"Ursula Kohler","@id":"https:\/\/reiseblock.ch\/wordpress\/#\/schema\/person\/eafba14374f16d5fa4f73efd49243014"},"headline":"H\u00f6henweg der Superlative","datePublished":"2023-09-10T17:49:08+00:00","dateModified":"2025-11-08T20:04:37+00:00","mainEntityOfPage":{"@id":"https:\/\/reiseblock.ch\/wordpress\/hoehenweg-der-superlative\/"},"wordCount":326,"commentCount":0,"publisher":{"@id":"https:\/\/reiseblock.ch\/wordpress\/#\/schema\/person\/eafba14374f16d5fa4f73efd49243014"},"image":{"@id":"https:\/\/reiseblock.ch\/wordpress\/hoehenweg-der-superlative\/#primaryimage"},"thumbnailUrl":"https:\/\/reiseblock.ch\/wordpress\/wp-content\/uploads\/2023\/09\/Wanderzecichen.jpg","articleSection":["Beitrag"],"inLanguage":"de","potentialAction":[{"@type":"CommentAction","name":"Comment","target":["https:\/\/reiseblock.ch\/wordpress\/hoehenweg-der-superlative\/#respond"]}]},{"@type":"WebPage","@id":"https:\/\/reiseblock.ch\/wordpress\/hoehenweg-der-superlative\/","url":"https:\/\/reiseblock.ch\/wordpress\/hoehenweg-der-superlative\/","name":"H\u00f6henweg der Superlative &#8211; Reiseblock","isPartOf":{"@id":"https:\/\/reiseblock.ch\/wordpress\/#website"},"primaryImageOfPage":{"@id":"https:\/\/reiseblock.ch\/wordpress\/hoehenweg-der-superlative\/#primaryimage"},"image":{"@id":"https:\/\/reiseblock.ch\/wordpress\/hoehenweg-der-superlative\/#primaryimage"},"thumbnailUrl":"https:\/\/reiseblock.ch\/wordpress\/wp-content\/uploads\/2023\/09\/Wanderzecichen.jpg","datePublished":"2023-09-10T17:49:08+00:00","dateModified":"2025-11-08T20:04:37+00:00","description":"Der H\u00f6henweg Bettmerhorn \u2013 Fiescherhorn bietet einige Herausforderungen, aber auch frantastische Ausblicke f\u00fcr ge\u00fcbte Wanderer.","breadcrumb":{"@id":"https:\/\/reiseblock.ch\/wordpress\/hoehenweg-der-superlative\/#breadcrumb"},"inLanguage":"de","potentialAction":[{"@type":"ReadAction","target":["https:\/\/reiseblock.ch\/wordpress\/hoehenweg-der-superlative\/"]}]},{"@type":"ImageObject","inLanguage":"de","@id":"https:\/\/reiseblock.ch\/wordpress\/hoehenweg-der-superlative\/#primaryimage","url":"https:\/\/reiseblock.ch\/wordpress\/wp-content\/uploads\/2023\/09\/Wanderzecichen.jpg","contentUrl":"https:\/\/reiseblock.ch\/wordpress\/wp-content\/uploads\/2023\/09\/Wanderzecichen.jpg","width":567,"height":489,"caption":"Besser immer auf dem Weg bleiben."},{"@type":"BreadcrumbList","@id":"https:\/\/reiseblock.ch\/wordpress\/hoehenweg-der-superlative\/#breadcrumb","itemListElement":[{"@type":"ListItem","position":1,"name":"Home","item":"https:\/\/reiseblock.ch\/wordpress\/"},{"@type":"ListItem","position":2,"name":"H\u00f6henweg der Superlative"}]},{"@type":"WebSite","@id":"https:\/\/reiseblock.ch\/wordpress\/#website","url":"https:\/\/reiseblock.ch\/wordpress\/","name":"Reiseblock","description":"Ursula Kohlers ReiseWeise","publisher":{"@id":"https:\/\/reiseblock.ch\/wordpress\/#\/schema\/person\/eafba14374f16d5fa4f73efd49243014"},"potentialAction":[{"@type":"SearchAction","target":{"@type":"EntryPoint","urlTemplate":"https:\/\/reiseblock.ch\/wordpress\/?s={search_term_string}"},"query-input":{"@type":"PropertyValueSpecification","valueRequired":true,"valueName":"search_term_string"}}],"inLanguage":"de"},{"@type":["Person","Organization"],"@id":"https:\/\/reiseblock.ch\/wordpress\/#\/schema\/person\/eafba14374f16d5fa4f73efd49243014","name":"Ursula Kohler","image":{"@type":"ImageObject","inLanguage":"de","@id":"https:\/\/secure.gravatar.com\/avatar\/014d9b9a971f617638f4298cbb55f92d20b3bf0d1c9cc32f65333b2769bcf867?s=96&d=blank&r=g","url":"https:\/\/secure.gravatar.com\/avatar\/014d9b9a971f617638f4298cbb55f92d20b3bf0d1c9cc32f65333b2769bcf867?s=96&d=blank&r=g","contentUrl":"https:\/\/secure.gravatar.com\/avatar\/014d9b9a971f617638f4298cbb55f92d20b3bf0d1c9cc32f65333b2769bcf867?s=96&d=blank&r=g","caption":"Ursula Kohler"},"logo":{"@id":"https:\/\/secure.gravatar.com\/avatar\/014d9b9a971f617638f4298cbb55f92d20b3bf0d1c9cc32f65333b2769bcf867?s=96&d=blank&r=g"},"url":"https:\/\/reiseblock.ch\/wordpress\/author\/ursula-kohlerbluewin-ch\/"}]}},"_links":{"self":[{"href":"https:\/\/reiseblock.ch\/wordpress\/wp-json\/wp\/v2\/posts\/3733","targetHints":{"allow":["GET"]}}],"collection":[{"href":"https:\/\/reiseblock.ch\/wordpress\/wp-json\/wp\/v2\/posts"}],"about":[{"href":"https:\/\/reiseblock.ch\/wordpress\/wp-json\/wp\/v2\/types\/post"}],"author":[{"embeddable":true,"href":"https:\/\/reiseblock.ch\/wordpress\/wp-json\/wp\/v2\/users\/5"}],"replies":[{"embeddable":true,"href":"https:\/\/reiseblock.ch\/wordpress\/wp-json\/wp\/v2\/comments?post=3733"}],"version-history":[{"count":3,"href":"https:\/\/reiseblock.ch\/wordpress\/wp-json\/wp\/v2\/posts\/3733\/revisions"}],"predecessor-version":[{"id":3757,"href":"https:\/\/reiseblock.ch\/wordpress\/wp-json\/wp\/v2\/posts\/3733\/revisions\/3757"}],"wp:featuredmedia":[{"embeddable":true,"href":"https:\/\/reiseblock.ch\/wordpress\/wp-json\/wp\/v2\/media\/3746"}],"wp:attachment":[{"href":"https:\/\/reiseblock.ch\/wordpress\/wp-json\/wp\/v2\/media?parent=3733"}],"wp:term":[{"taxonomy":"category","embeddable":true,"href":"https:\/\/reiseblock.ch\/wordpress\/wp-json\/wp\/v2\/categories?post=3733"},{"taxonomy":"post_tag","embeddable":true,"href":"https:\/\/reiseblock.ch\/wordpress\/wp-json\/wp\/v2\/tags?post=3733"}],"curies":[{"name":"wp","href":"https:\/\/api.w.org\/{rel}","templated":true}]}}