{"id":3712,"date":"2023-09-03T21:40:57","date_gmt":"2023-09-03T19:40:57","guid":{"rendered":"https:\/\/reiseblock.ch\/wordpress\/?p=3712"},"modified":"2025-11-08T21:07:53","modified_gmt":"2025-11-08T20:07:53","slug":"zuercher-velotour","status":"publish","type":"post","link":"https:\/\/reiseblock.ch\/wordpress\/zuercher-velotour\/","title":{"rendered":"Z\u00fcrcher Velotour"},"content":{"rendered":"\n<p><em>Der Herbst eignet sich perfekt, um im n\u00e4heren Umfeld eine Velotour zu starten. Diesmal gehts ins Z\u00fcrcher Unterland.<\/em><\/p>\n\n\n<div id=\"metaslider-id-3716\" style=\"max-width: 700px;\" class=\"ml-slider-3-109-0 metaslider metaslider-flex metaslider-3716 ml-slider has-dots-nav ms-theme-default\" role=\"region\" aria-label=\"Velotour Z\u00fcrich\" data-height=\"400\" data-width=\"700\">\n    <div id=\"metaslider_container_3716\">\n        <div id=\"metaslider_3716\">\n            <ul class='slides'>\n                <li style=\"display: block; width: 100%;\" class=\"slide-3727 ms-image \" aria-roledescription=\"slide\" data-date=\"2023-09-03 21:31:55\" data-filename=\"Weg-567x324.jpg\" data-slide-type=\"image\"><img loading=\"lazy\" decoding=\"async\" src=\"https:\/\/reiseblock.ch\/wordpress\/wp-content\/uploads\/2023\/09\/Weg-567x324.jpg\" height=\"400\" width=\"700\" alt=\"Angenehme Wege zum Velofahren\" class=\"slider-3716 slide-3727 msDefaultImage\" title=\"Weg\" \/><div class=\"caption-wrap\"><div class=\"caption\">Angenehme Wege zum Velofahren<\/div><\/div><\/li>\n                <li style=\"display: none; width: 100%;\" class=\"slide-3730 ms-image \" aria-roledescription=\"slide\" data-date=\"2023-09-03 21:31:56\" data-filename=\"Strasse-567x324.jpg\" data-slide-type=\"image\"><img loading=\"lazy\" decoding=\"async\" src=\"https:\/\/reiseblock.ch\/wordpress\/wp-content\/uploads\/2023\/09\/Strasse-567x324.jpg\" height=\"400\" width=\"700\" alt=\"Das ganze Dorf ist ein Fest\" class=\"slider-3716 slide-3730 msDefaultImage\" title=\"Strasse\" \/><div class=\"caption-wrap\"><div class=\"caption\">Das ganze Dorf ist ein Fest<\/div><\/div><\/li>\n                <li style=\"display: none; width: 100%;\" class=\"slide-3729 ms-image \" aria-roledescription=\"slide\" data-date=\"2023-09-03 21:31:55\" data-filename=\"Traktoren-567x324.jpg\" data-slide-type=\"image\"><img loading=\"lazy\" decoding=\"async\" src=\"https:\/\/reiseblock.ch\/wordpress\/wp-content\/uploads\/2023\/09\/Traktoren-567x324.jpg\" height=\"400\" width=\"700\" alt=\"Traktorenausstellung\" class=\"slider-3716 slide-3729 msDefaultImage\" title=\"Traktoren\" \/><div class=\"caption-wrap\"><div class=\"caption\">Auch die Traktoren fehlen nicht<\/div><\/div><\/li>\n                <li style=\"display: none; width: 100%;\" class=\"slide-3728 ms-image \" aria-roledescription=\"slide\" data-date=\"2023-09-03 21:31:55\" data-filename=\"Schwingen-567x324.jpg\" data-slide-type=\"image\"><img loading=\"lazy\" decoding=\"async\" src=\"https:\/\/reiseblock.ch\/wordpress\/wp-content\/uploads\/2023\/09\/Schwingen-567x324.jpg\" height=\"400\" width=\"700\" alt=\"\" class=\"slider-3716 slide-3728 msDefaultImage\" title=\"Schwingen\" \/><div class=\"caption-wrap\"><div class=\"caption\">Sogar das Schwingen ist integriert<\/div><\/div><\/li>\n                <li style=\"display: none; width: 100%;\" class=\"slide-3726 ms-image \" aria-roledescription=\"slide\" data-date=\"2023-09-03 21:31:55\" data-filename=\"Golfplatz-567x324.jpg\" data-slide-type=\"image\"><img loading=\"lazy\" decoding=\"async\" src=\"https:\/\/reiseblock.ch\/wordpress\/wp-content\/uploads\/2023\/09\/Golfplatz-567x324.jpg\" height=\"400\" width=\"700\" alt=\"Entlang des Golfplatzes\" class=\"slider-3716 slide-3726 msDefaultImage\" title=\"Golfplatz\" \/><div class=\"caption-wrap\"><div class=\"caption\">Entlang des Golfplatzes<\/div><\/div><\/li>\n                <li style=\"display: none; width: 100%;\" class=\"slide-3725 ms-image \" aria-roledescription=\"slide\" data-date=\"2023-09-03 21:31:55\" data-filename=\"Haeuser-567x324.jpg\" data-slide-type=\"image\"><img loading=\"lazy\" decoding=\"async\" src=\"https:\/\/reiseblock.ch\/wordpress\/wp-content\/uploads\/2023\/09\/Haeuser-567x324.jpg\" height=\"400\" width=\"700\" alt=\"Es wird gebaut\" class=\"slider-3716 slide-3725 msDefaultImage\" title=\"Ha\u0308user\" \/><div class=\"caption-wrap\"><div class=\"caption\">Es wird gebaut<\/div><\/div><\/li>\n                <li style=\"display: none; width: 100%;\" class=\"slide-3724 ms-image \" aria-roledescription=\"slide\" data-date=\"2023-09-03 21:31:55\" data-filename=\"Werdhoelzli-567x324.jpg\" data-slide-type=\"image\"><img loading=\"lazy\" decoding=\"async\" src=\"https:\/\/reiseblock.ch\/wordpress\/wp-content\/uploads\/2023\/09\/Werdhoelzli-567x324.jpg\" height=\"400\" width=\"700\" alt=\"Das Boot setzt \u00fcber zum Kloster Fahr\" class=\"slider-3716 slide-3724 msDefaultImage\" title=\"Werdho\u0308lzli\" \/><div class=\"caption-wrap\"><div class=\"caption\">Das Boot setzt \u00fcber zum Kloster Fahr<\/div><\/div><\/li>\n            <\/ul>\n        <\/div>\n        \n    <\/div>\n<\/div>\n\n\n\n<p>Wir k\u00f6nnen diese Tour mitten in der Stadt Z\u00fcrich beginnen, wo sie offiziell startet. Wer m\u00f6chte, kann aber auch bei der ETH H\u00f6nggerberg beginnen und sich so den ersten und einzigen Aufstieg der Route ersparen.<\/p>\n\n\n\n<p>Die nationalen Veloruten haben einen grossen Vorteil: Sie sind kaum zu verfehlen und leiten uns zuverl\u00e4ssig durch das Gel\u00e4nde. Diesmal folgen wir erst der Nummer 32 und fahren schon bald am Oberen Katzensee vorbei. Es erstaunt immer wieder, wie schnell die Szene von st\u00e4dtisch auf l\u00e4ndlich wechselt.<\/p>\n\n\n\n<p><strong>Zwischenstopp Watterfest<\/strong><\/p>\n\n\n\n<p>Auf angnehmem Weg gelangen wir nach Watt in der Gemeinde Regensdorf. Zuf\u00e4llig findet an diesem Wochenende das Watterfest statt, eine Gelegenheit, vom Sattel zu steigen und durch die St\u00e4nde zu schlendern. <\/p>\n\n\n\n<p>Entlang des Furtbachs gehts nach Adlikon, wo wir auf die Route 5, die nach Baden f\u00fchrt, wechseln. In Otelfingen fahren wir entlang des Golfparks und machen hier einen kleinen Zwischenstopp. Im Selbstbedienungsrestaurant der Migros gehts umkompliziert zu und her.<\/p>\n\n\n\n<p><strong>Auf der Route 66<\/strong><\/p>\n\n\n\n<p>Bei W\u00fcrenlos entscheiden wir uns, an die Limmat zu fahren und hier auf die Route 66 zu treffen, die uns entlang des Flusses zur\u00fcck nach Z\u00fcrich bringt. <\/p>\n\n\n\n<p>Eine abwechslungsreiche Tour, die mit 30 bis 40 Kilometern gut zu bew\u00e4ltigen ist und auch jederzeit variiert werden kann.<\/p>\n","protected":false},"excerpt":{"rendered":"<p>Der Herbst eignet sich perfekt, um im n\u00e4heren Umfeld eine Velotour zu starten. Diesmal gehts ins Z\u00fcrcher Unter<\/p>\n","protected":false},"author":5,"featured_media":3717,"comment_status":"open","ping_status":"open","sticky":false,"template":"","format":"standard","meta":{"footnotes":""},"categories":[6],"tags":[],"class_list":["post-3712","post","type-post","status-publish","format-standard","has-post-thumbnail","hentry","category-beitrag"],"yoast_head":"<!-- This site is optimized with the Yoast SEO plugin v27.8 - https:\/\/yoast.com\/product\/yoast-seo-wordpress\/ -->\n<title>Velotour Z\u00fcrichsee: Entdecken Sie Landschaft und Stadt &#8211; Reiseblock<\/title>\n<meta name=\"description\" content=\"Eine leichte Velotour auf den national ausgeschilderten Veloroute f\u00fchrt uns ins Z\u00fcrcher Unterland. Eine variantenreiche Tagestour.\" \/>\n<meta name=\"robots\" content=\"index, follow, max-snippet:-1, max-image-preview:large, max-video-preview:-1\" \/>\n<link rel=\"canonical\" href=\"https:\/\/reiseblock.ch\/wordpress\/zuercher-velotour\/\" \/>\n<meta property=\"og:locale\" content=\"de_DE\" \/>\n<meta property=\"og:type\" content=\"article\" \/>\n<meta property=\"og:title\" content=\"Velotour Z\u00fcrichsee: Entdecken Sie Landschaft und Stadt &#8211; Reiseblock\" \/>\n<meta property=\"og:description\" content=\"Eine leichte Velotour auf den national ausgeschilderten Veloroute f\u00fchrt uns ins Z\u00fcrcher Unterland. Eine variantenreiche Tagestour.\" \/>\n<meta property=\"og:url\" content=\"https:\/\/reiseblock.ch\/wordpress\/zuercher-velotour\/\" \/>\n<meta property=\"og:site_name\" content=\"Reiseblock\" \/>\n<meta property=\"article:published_time\" content=\"2023-09-03T19:40:57+00:00\" \/>\n<meta property=\"article:modified_time\" content=\"2025-11-08T20:07:53+00:00\" \/>\n<meta property=\"og:image\" content=\"https:\/\/reiseblock.ch\/wordpress\/wp-content\/uploads\/2023\/09\/Werdhoelzli.jpg\" \/>\n\t<meta property=\"og:image:width\" content=\"567\" \/>\n\t<meta property=\"og:image:height\" content=\"425\" \/>\n\t<meta property=\"og:image:type\" content=\"image\/jpeg\" \/>\n<meta name=\"author\" content=\"Ursula Kohler\" \/>\n<meta name=\"twitter:label1\" content=\"Verfasst von\" \/>\n\t<meta name=\"twitter:data1\" content=\"Ursula Kohler\" \/>\n\t<meta name=\"twitter:label2\" content=\"Gesch\u00e4tzte Lesezeit\" \/>\n\t<meta name=\"twitter:data2\" content=\"2\u00a0Minuten\" \/>\n<script type=\"application\/ld+json\" class=\"yoast-schema-graph\">{\"@context\":\"https:\\\/\\\/schema.org\",\"@graph\":[{\"@type\":\"Article\",\"@id\":\"https:\\\/\\\/reiseblock.ch\\\/wordpress\\\/zuercher-velotour\\\/#article\",\"isPartOf\":{\"@id\":\"https:\\\/\\\/reiseblock.ch\\\/wordpress\\\/zuercher-velotour\\\/\"},\"author\":{\"name\":\"Ursula Kohler\",\"@id\":\"https:\\\/\\\/reiseblock.ch\\\/wordpress\\\/#\\\/schema\\\/person\\\/eafba14374f16d5fa4f73efd49243014\"},\"headline\":\"Z\u00fcrcher Velotour\",\"datePublished\":\"2023-09-03T19:40:57+00:00\",\"dateModified\":\"2025-11-08T20:07:53+00:00\",\"mainEntityOfPage\":{\"@id\":\"https:\\\/\\\/reiseblock.ch\\\/wordpress\\\/zuercher-velotour\\\/\"},\"wordCount\":238,\"commentCount\":0,\"publisher\":{\"@id\":\"https:\\\/\\\/reiseblock.ch\\\/wordpress\\\/#\\\/schema\\\/person\\\/eafba14374f16d5fa4f73efd49243014\"},\"image\":{\"@id\":\"https:\\\/\\\/reiseblock.ch\\\/wordpress\\\/zuercher-velotour\\\/#primaryimage\"},\"thumbnailUrl\":\"https:\\\/\\\/reiseblock.ch\\\/wordpress\\\/wp-content\\\/uploads\\\/2023\\\/09\\\/Werdhoelzli.jpg\",\"articleSection\":[\"Beitrag\"],\"inLanguage\":\"de\",\"potentialAction\":[{\"@type\":\"CommentAction\",\"name\":\"Comment\",\"target\":[\"https:\\\/\\\/reiseblock.ch\\\/wordpress\\\/zuercher-velotour\\\/#respond\"]}]},{\"@type\":\"WebPage\",\"@id\":\"https:\\\/\\\/reiseblock.ch\\\/wordpress\\\/zuercher-velotour\\\/\",\"url\":\"https:\\\/\\\/reiseblock.ch\\\/wordpress\\\/zuercher-velotour\\\/\",\"name\":\"Velotour Z\u00fcrichsee: Entdecken Sie Landschaft und Stadt &#8211; Reiseblock\",\"isPartOf\":{\"@id\":\"https:\\\/\\\/reiseblock.ch\\\/wordpress\\\/#website\"},\"primaryImageOfPage\":{\"@id\":\"https:\\\/\\\/reiseblock.ch\\\/wordpress\\\/zuercher-velotour\\\/#primaryimage\"},\"image\":{\"@id\":\"https:\\\/\\\/reiseblock.ch\\\/wordpress\\\/zuercher-velotour\\\/#primaryimage\"},\"thumbnailUrl\":\"https:\\\/\\\/reiseblock.ch\\\/wordpress\\\/wp-content\\\/uploads\\\/2023\\\/09\\\/Werdhoelzli.jpg\",\"datePublished\":\"2023-09-03T19:40:57+00:00\",\"dateModified\":\"2025-11-08T20:07:53+00:00\",\"description\":\"Eine leichte Velotour auf den national ausgeschilderten Veloroute f\u00fchrt uns ins Z\u00fcrcher Unterland. Eine variantenreiche Tagestour.\",\"breadcrumb\":{\"@id\":\"https:\\\/\\\/reiseblock.ch\\\/wordpress\\\/zuercher-velotour\\\/#breadcrumb\"},\"inLanguage\":\"de\",\"potentialAction\":[{\"@type\":\"ReadAction\",\"target\":[\"https:\\\/\\\/reiseblock.ch\\\/wordpress\\\/zuercher-velotour\\\/\"]}]},{\"@type\":\"ImageObject\",\"inLanguage\":\"de\",\"@id\":\"https:\\\/\\\/reiseblock.ch\\\/wordpress\\\/zuercher-velotour\\\/#primaryimage\",\"url\":\"https:\\\/\\\/reiseblock.ch\\\/wordpress\\\/wp-content\\\/uploads\\\/2023\\\/09\\\/Werdhoelzli.jpg\",\"contentUrl\":\"https:\\\/\\\/reiseblock.ch\\\/wordpress\\\/wp-content\\\/uploads\\\/2023\\\/09\\\/Werdhoelzli.jpg\",\"width\":567,\"height\":425,\"caption\":\"Das Boot setzt \u00fcber zum Kloster Fahr\"},{\"@type\":\"BreadcrumbList\",\"@id\":\"https:\\\/\\\/reiseblock.ch\\\/wordpress\\\/zuercher-velotour\\\/#breadcrumb\",\"itemListElement\":[{\"@type\":\"ListItem\",\"position\":1,\"name\":\"Home\",\"item\":\"https:\\\/\\\/reiseblock.ch\\\/wordpress\\\/\"},{\"@type\":\"ListItem\",\"position\":2,\"name\":\"Z\u00fcrcher Velotour\"}]},{\"@type\":\"WebSite\",\"@id\":\"https:\\\/\\\/reiseblock.ch\\\/wordpress\\\/#website\",\"url\":\"https:\\\/\\\/reiseblock.ch\\\/wordpress\\\/\",\"name\":\"Reiseblock\",\"description\":\"Ursula Kohlers ReiseWeise\",\"publisher\":{\"@id\":\"https:\\\/\\\/reiseblock.ch\\\/wordpress\\\/#\\\/schema\\\/person\\\/eafba14374f16d5fa4f73efd49243014\"},\"potentialAction\":[{\"@type\":\"SearchAction\",\"target\":{\"@type\":\"EntryPoint\",\"urlTemplate\":\"https:\\\/\\\/reiseblock.ch\\\/wordpress\\\/?s={search_term_string}\"},\"query-input\":{\"@type\":\"PropertyValueSpecification\",\"valueRequired\":true,\"valueName\":\"search_term_string\"}}],\"inLanguage\":\"de\"},{\"@type\":[\"Person\",\"Organization\"],\"@id\":\"https:\\\/\\\/reiseblock.ch\\\/wordpress\\\/#\\\/schema\\\/person\\\/eafba14374f16d5fa4f73efd49243014\",\"name\":\"Ursula Kohler\",\"image\":{\"@type\":\"ImageObject\",\"inLanguage\":\"de\",\"@id\":\"https:\\\/\\\/secure.gravatar.com\\\/avatar\\\/014d9b9a971f617638f4298cbb55f92d20b3bf0d1c9cc32f65333b2769bcf867?s=96&d=blank&r=g\",\"url\":\"https:\\\/\\\/secure.gravatar.com\\\/avatar\\\/014d9b9a971f617638f4298cbb55f92d20b3bf0d1c9cc32f65333b2769bcf867?s=96&d=blank&r=g\",\"contentUrl\":\"https:\\\/\\\/secure.gravatar.com\\\/avatar\\\/014d9b9a971f617638f4298cbb55f92d20b3bf0d1c9cc32f65333b2769bcf867?s=96&d=blank&r=g\",\"caption\":\"Ursula Kohler\"},\"logo\":{\"@id\":\"https:\\\/\\\/secure.gravatar.com\\\/avatar\\\/014d9b9a971f617638f4298cbb55f92d20b3bf0d1c9cc32f65333b2769bcf867?s=96&d=blank&r=g\"},\"url\":\"https:\\\/\\\/reiseblock.ch\\\/wordpress\\\/author\\\/ursula-kohlerbluewin-ch\\\/\"}]}<\/script>\n<!-- \/ Yoast SEO plugin. -->","yoast_head_json":{"title":"Velotour Z\u00fcrichsee: Entdecken Sie Landschaft und Stadt &#8211; Reiseblock","description":"Eine leichte Velotour auf den national ausgeschilderten Veloroute f\u00fchrt uns ins Z\u00fcrcher Unterland. Eine variantenreiche Tagestour.","robots":{"index":"index","follow":"follow","max-snippet":"max-snippet:-1","max-image-preview":"max-image-preview:large","max-video-preview":"max-video-preview:-1"},"canonical":"https:\/\/reiseblock.ch\/wordpress\/zuercher-velotour\/","og_locale":"de_DE","og_type":"article","og_title":"Velotour Z\u00fcrichsee: Entdecken Sie Landschaft und Stadt &#8211; Reiseblock","og_description":"Eine leichte Velotour auf den national ausgeschilderten Veloroute f\u00fchrt uns ins Z\u00fcrcher Unterland. Eine variantenreiche Tagestour.","og_url":"https:\/\/reiseblock.ch\/wordpress\/zuercher-velotour\/","og_site_name":"Reiseblock","article_published_time":"2023-09-03T19:40:57+00:00","article_modified_time":"2025-11-08T20:07:53+00:00","og_image":[{"width":567,"height":425,"url":"https:\/\/reiseblock.ch\/wordpress\/wp-content\/uploads\/2023\/09\/Werdhoelzli.jpg","type":"image\/jpeg"}],"author":"Ursula Kohler","twitter_misc":{"Verfasst von":"Ursula Kohler","Gesch\u00e4tzte Lesezeit":"2\u00a0Minuten"},"schema":{"@context":"https:\/\/schema.org","@graph":[{"@type":"Article","@id":"https:\/\/reiseblock.ch\/wordpress\/zuercher-velotour\/#article","isPartOf":{"@id":"https:\/\/reiseblock.ch\/wordpress\/zuercher-velotour\/"},"author":{"name":"Ursula Kohler","@id":"https:\/\/reiseblock.ch\/wordpress\/#\/schema\/person\/eafba14374f16d5fa4f73efd49243014"},"headline":"Z\u00fcrcher Velotour","datePublished":"2023-09-03T19:40:57+00:00","dateModified":"2025-11-08T20:07:53+00:00","mainEntityOfPage":{"@id":"https:\/\/reiseblock.ch\/wordpress\/zuercher-velotour\/"},"wordCount":238,"commentCount":0,"publisher":{"@id":"https:\/\/reiseblock.ch\/wordpress\/#\/schema\/person\/eafba14374f16d5fa4f73efd49243014"},"image":{"@id":"https:\/\/reiseblock.ch\/wordpress\/zuercher-velotour\/#primaryimage"},"thumbnailUrl":"https:\/\/reiseblock.ch\/wordpress\/wp-content\/uploads\/2023\/09\/Werdhoelzli.jpg","articleSection":["Beitrag"],"inLanguage":"de","potentialAction":[{"@type":"CommentAction","name":"Comment","target":["https:\/\/reiseblock.ch\/wordpress\/zuercher-velotour\/#respond"]}]},{"@type":"WebPage","@id":"https:\/\/reiseblock.ch\/wordpress\/zuercher-velotour\/","url":"https:\/\/reiseblock.ch\/wordpress\/zuercher-velotour\/","name":"Velotour Z\u00fcrichsee: Entdecken Sie Landschaft und Stadt &#8211; Reiseblock","isPartOf":{"@id":"https:\/\/reiseblock.ch\/wordpress\/#website"},"primaryImageOfPage":{"@id":"https:\/\/reiseblock.ch\/wordpress\/zuercher-velotour\/#primaryimage"},"image":{"@id":"https:\/\/reiseblock.ch\/wordpress\/zuercher-velotour\/#primaryimage"},"thumbnailUrl":"https:\/\/reiseblock.ch\/wordpress\/wp-content\/uploads\/2023\/09\/Werdhoelzli.jpg","datePublished":"2023-09-03T19:40:57+00:00","dateModified":"2025-11-08T20:07:53+00:00","description":"Eine leichte Velotour auf den national ausgeschilderten Veloroute f\u00fchrt uns ins Z\u00fcrcher Unterland. Eine variantenreiche Tagestour.","breadcrumb":{"@id":"https:\/\/reiseblock.ch\/wordpress\/zuercher-velotour\/#breadcrumb"},"inLanguage":"de","potentialAction":[{"@type":"ReadAction","target":["https:\/\/reiseblock.ch\/wordpress\/zuercher-velotour\/"]}]},{"@type":"ImageObject","inLanguage":"de","@id":"https:\/\/reiseblock.ch\/wordpress\/zuercher-velotour\/#primaryimage","url":"https:\/\/reiseblock.ch\/wordpress\/wp-content\/uploads\/2023\/09\/Werdhoelzli.jpg","contentUrl":"https:\/\/reiseblock.ch\/wordpress\/wp-content\/uploads\/2023\/09\/Werdhoelzli.jpg","width":567,"height":425,"caption":"Das Boot setzt \u00fcber zum Kloster Fahr"},{"@type":"BreadcrumbList","@id":"https:\/\/reiseblock.ch\/wordpress\/zuercher-velotour\/#breadcrumb","itemListElement":[{"@type":"ListItem","position":1,"name":"Home","item":"https:\/\/reiseblock.ch\/wordpress\/"},{"@type":"ListItem","position":2,"name":"Z\u00fcrcher Velotour"}]},{"@type":"WebSite","@id":"https:\/\/reiseblock.ch\/wordpress\/#website","url":"https:\/\/reiseblock.ch\/wordpress\/","name":"Reiseblock","description":"Ursula Kohlers ReiseWeise","publisher":{"@id":"https:\/\/reiseblock.ch\/wordpress\/#\/schema\/person\/eafba14374f16d5fa4f73efd49243014"},"potentialAction":[{"@type":"SearchAction","target":{"@type":"EntryPoint","urlTemplate":"https:\/\/reiseblock.ch\/wordpress\/?s={search_term_string}"},"query-input":{"@type":"PropertyValueSpecification","valueRequired":true,"valueName":"search_term_string"}}],"inLanguage":"de"},{"@type":["Person","Organization"],"@id":"https:\/\/reiseblock.ch\/wordpress\/#\/schema\/person\/eafba14374f16d5fa4f73efd49243014","name":"Ursula Kohler","image":{"@type":"ImageObject","inLanguage":"de","@id":"https:\/\/secure.gravatar.com\/avatar\/014d9b9a971f617638f4298cbb55f92d20b3bf0d1c9cc32f65333b2769bcf867?s=96&d=blank&r=g","url":"https:\/\/secure.gravatar.com\/avatar\/014d9b9a971f617638f4298cbb55f92d20b3bf0d1c9cc32f65333b2769bcf867?s=96&d=blank&r=g","contentUrl":"https:\/\/secure.gravatar.com\/avatar\/014d9b9a971f617638f4298cbb55f92d20b3bf0d1c9cc32f65333b2769bcf867?s=96&d=blank&r=g","caption":"Ursula Kohler"},"logo":{"@id":"https:\/\/secure.gravatar.com\/avatar\/014d9b9a971f617638f4298cbb55f92d20b3bf0d1c9cc32f65333b2769bcf867?s=96&d=blank&r=g"},"url":"https:\/\/reiseblock.ch\/wordpress\/author\/ursula-kohlerbluewin-ch\/"}]}},"_links":{"self":[{"href":"https:\/\/reiseblock.ch\/wordpress\/wp-json\/wp\/v2\/posts\/3712","targetHints":{"allow":["GET"]}}],"collection":[{"href":"https:\/\/reiseblock.ch\/wordpress\/wp-json\/wp\/v2\/posts"}],"about":[{"href":"https:\/\/reiseblock.ch\/wordpress\/wp-json\/wp\/v2\/types\/post"}],"author":[{"embeddable":true,"href":"https:\/\/reiseblock.ch\/wordpress\/wp-json\/wp\/v2\/users\/5"}],"replies":[{"embeddable":true,"href":"https:\/\/reiseblock.ch\/wordpress\/wp-json\/wp\/v2\/comments?post=3712"}],"version-history":[{"count":5,"href":"https:\/\/reiseblock.ch\/wordpress\/wp-json\/wp\/v2\/posts\/3712\/revisions"}],"predecessor-version":[{"id":3732,"href":"https:\/\/reiseblock.ch\/wordpress\/wp-json\/wp\/v2\/posts\/3712\/revisions\/3732"}],"wp:featuredmedia":[{"embeddable":true,"href":"https:\/\/reiseblock.ch\/wordpress\/wp-json\/wp\/v2\/media\/3717"}],"wp:attachment":[{"href":"https:\/\/reiseblock.ch\/wordpress\/wp-json\/wp\/v2\/media?parent=3712"}],"wp:term":[{"taxonomy":"category","embeddable":true,"href":"https:\/\/reiseblock.ch\/wordpress\/wp-json\/wp\/v2\/categories?post=3712"},{"taxonomy":"post_tag","embeddable":true,"href":"https:\/\/reiseblock.ch\/wordpress\/wp-json\/wp\/v2\/tags?post=3712"}],"curies":[{"name":"wp","href":"https:\/\/api.w.org\/{rel}","templated":true}]}}