{"id":363,"date":"2014-03-23T20:52:48","date_gmt":"2014-03-23T20:52:48","guid":{"rendered":"http:\/\/reiseblock.ch\/wordpress\/?p=363"},"modified":"2017-08-16T10:49:13","modified_gmt":"2017-08-16T08:49:13","slug":"die-kleine-staedereise","status":"publish","type":"post","link":"https:\/\/reiseblock.ch\/wordpress\/die-kleine-staedereise\/","title":{"rendered":"Die kleine St\u00e4dtereise nach St. Gallen"},"content":{"rendered":"<div id=\"attachment_364\" style=\"width: 710px\" class=\"wp-caption alignnone\"><a href=\"http:\/\/reiseblock.ch\/wordpress\/wp-content\/uploads\/2014\/03\/Theater_St.Gallen_Web.jpg\"><img loading=\"lazy\" decoding=\"async\" aria-describedby=\"caption-attachment-364\" class=\" wp-image-364 size-large\" src=\"http:\/\/reiseblock.ch\/wordpress\/wp-content\/uploads\/2014\/03\/Theater_St.Gallen_Web-1024x907.jpg\" alt=\"Theater_St.Gallen_Web\" width=\"700\" height=\"620\" \/><\/a><p id=\"caption-attachment-364\" class=\"wp-caption-text\">Blick durch die Fensterfront ins Theater St. Gallen<\/p><\/div>\n<p><span style=\"font-size: 12pt; font-family: Book Antiqua,Palatino;\">Musicals in Paris, Berlin oder Wien: Das klingt gut. Und haben wir auch schon gesehen und erlebt. Doch diesmal reisen wir ins nahe St. Gallen, um die Weltpremiere des neuen Musicals Artus<a href=\"http:\/\/www.theatersg.ch\/artus-excalibur\" target=\"_blank\" rel=\"noopener noreferrer\"> <\/a>zu sehen. <!--more--><\/span><\/p>\n<p><span style=\"font-size: 12pt; font-family: Book Antiqua,Palatino;\">Gespielt wird im Theater im Stadtpark St. Gallen. Das Geb\u00e4ude aus den 60er-Jahren wirkt auf den ersten Eindruck etwas untypisch und unscheinbar, was aber mehr als wettgemacht wird durch den raffiniert bestuhlten Vorstellungsraum und erst das St\u00fcck selbst. Vom ersten Akt an sind wir gefangen genommen von der Musik, der Stimmung und dem B\u00fchnenbild. Kenner der Musicalscene treffen auf bekannte Darsteller, die in den besagten St\u00e4dten Wien, Berlin oder London aufgetreten sind. Die Artus-Legende spielt im Britannien des fr\u00fchen Mittelalters. Ein Drama im klassischen Sinn, bei dem sich alles um die grossen Fragen der menschlichen Existenz dreht. Uns hat die darstellerische Leistung aller Protagonisten und das Gesamtbild \u00fcberzeugt. <\/span><\/p>\n<p><span style=\"font-size: 12pt; font-family: Book Antiqua,Palatino;\">Ein Grund mehr, <a href=\"http:\/\/www.stgallen.ch\" target=\"_blank\" rel=\"noopener noreferrer\">St. Gallen<\/a>, das f\u00fcr viele nicht direkt am Weg liegt, zu besuchen. Es muss ja nicht an einem M\u00e4rzsonntag mit Wintereinbruch und Schnee wie heute sein. Sondern: An einem warmen Fr\u00fchlingstag durch die Stadt bummeln, das Weltkulturerbe <a href=\"http:\/\/www.st.gallen-bodensee.ch\/de\/staedte-weltkultur\/unesco-weltkulturerbe\" target=\"_blank\" rel=\"noopener noreferrer\">\u00abStiftsbezirk\u00bb<\/a> besuchen, sich von den Stoffen und Farben im <a href=\"http:\/\/www.textilmuseum.ch\/\" target=\"_blank\" rel=\"noopener noreferrer\">Textilmuseum<\/a> bezaubern lassen und in der roten Stadtlounge von Pipilotti Rist ausruhen &#8230;<\/span><\/p>\n","protected":false},"excerpt":{"rendered":"<p>Musicals in Paris, Berlin oder Wien: Das klingt gut. Und haben wir auch schon gesehen und erlebt. Doch diesmal reisen wir ins nahe St. Gallen, [&#8230;]<\/p>\n","protected":false},"author":1,"featured_media":364,"comment_status":"open","ping_status":"open","sticky":false,"template":"","format":"standard","meta":{"footnotes":""},"categories":[8],"tags":[24,23,25,21],"class_list":["post-363","post","type-post","status-publish","format-standard","has-post-thumbnail","hentry","category-tipp","tag-musical","tag-schweiz","tag-st-gallen","tag-stadt"],"yoast_head":"<!-- This site is optimized with the Yoast SEO plugin v27.8 - https:\/\/yoast.com\/product\/yoast-seo-wordpress\/ -->\n<title>Die kleine St\u00e4dtereise nach St. Gallen &#8211; Reiseblock<\/title>\n<meta name=\"robots\" content=\"index, follow, max-snippet:-1, max-image-preview:large, max-video-preview:-1\" \/>\n<link rel=\"canonical\" href=\"https:\/\/reiseblock.ch\/wordpress\/die-kleine-staedereise\/\" \/>\n<meta property=\"og:locale\" content=\"de_DE\" \/>\n<meta property=\"og:type\" content=\"article\" \/>\n<meta property=\"og:title\" content=\"Die kleine St\u00e4dtereise nach St. Gallen &#8211; Reiseblock\" \/>\n<meta property=\"og:description\" content=\"Musicals in Paris, Berlin oder Wien: Das klingt gut. Und haben wir auch schon gesehen und erlebt. Doch diesmal reisen wir ins nahe St. Gallen, [...]\" \/>\n<meta property=\"og:url\" content=\"https:\/\/reiseblock.ch\/wordpress\/die-kleine-staedereise\/\" \/>\n<meta property=\"og:site_name\" content=\"Reiseblock\" \/>\n<meta property=\"article:published_time\" content=\"2014-03-23T20:52:48+00:00\" \/>\n<meta property=\"article:modified_time\" content=\"2017-08-16T08:49:13+00:00\" \/>\n<meta property=\"og:image\" content=\"https:\/\/reiseblock.ch\/wordpress\/wp-content\/uploads\/2014\/03\/Theater_St.Gallen_Web-e1495611574720.jpg\" \/>\n\t<meta property=\"og:image:width\" content=\"1000\" \/>\n\t<meta property=\"og:image:height\" content=\"887\" \/>\n\t<meta property=\"og:image:type\" content=\"image\/jpeg\" \/>\n<meta name=\"author\" content=\"admin\" \/>\n<meta name=\"twitter:label1\" content=\"Verfasst von\" \/>\n\t<meta name=\"twitter:data1\" content=\"admin\" \/>\n\t<meta name=\"twitter:label2\" content=\"Gesch\u00e4tzte Lesezeit\" \/>\n\t<meta name=\"twitter:data2\" content=\"1\u00a0Minute\" \/>\n<script type=\"application\/ld+json\" class=\"yoast-schema-graph\">{\"@context\":\"https:\\\/\\\/schema.org\",\"@graph\":[{\"@type\":\"Article\",\"@id\":\"https:\\\/\\\/reiseblock.ch\\\/wordpress\\\/die-kleine-staedereise\\\/#article\",\"isPartOf\":{\"@id\":\"https:\\\/\\\/reiseblock.ch\\\/wordpress\\\/die-kleine-staedereise\\\/\"},\"author\":{\"name\":\"admin\",\"@id\":\"https:\\\/\\\/reiseblock.ch\\\/wordpress\\\/#\\\/schema\\\/person\\\/739b103f8e7941f579794d17e2187721\"},\"headline\":\"Die kleine St\u00e4dtereise nach St. Gallen\",\"datePublished\":\"2014-03-23T20:52:48+00:00\",\"dateModified\":\"2017-08-16T08:49:13+00:00\",\"mainEntityOfPage\":{\"@id\":\"https:\\\/\\\/reiseblock.ch\\\/wordpress\\\/die-kleine-staedereise\\\/\"},\"wordCount\":233,\"commentCount\":0,\"publisher\":{\"@id\":\"https:\\\/\\\/reiseblock.ch\\\/wordpress\\\/#\\\/schema\\\/person\\\/eafba14374f16d5fa4f73efd49243014\"},\"image\":{\"@id\":\"https:\\\/\\\/reiseblock.ch\\\/wordpress\\\/die-kleine-staedereise\\\/#primaryimage\"},\"thumbnailUrl\":\"https:\\\/\\\/reiseblock.ch\\\/wordpress\\\/wp-content\\\/uploads\\\/2014\\\/03\\\/Theater_St.Gallen_Web-e1495611574720.jpg\",\"keywords\":[\"Musical\",\"Schweiz\",\"St. Gallen\",\"Stadt\"],\"articleSection\":[\"Tipp\"],\"inLanguage\":\"de\",\"potentialAction\":[{\"@type\":\"CommentAction\",\"name\":\"Comment\",\"target\":[\"https:\\\/\\\/reiseblock.ch\\\/wordpress\\\/die-kleine-staedereise\\\/#respond\"]}]},{\"@type\":\"WebPage\",\"@id\":\"https:\\\/\\\/reiseblock.ch\\\/wordpress\\\/die-kleine-staedereise\\\/\",\"url\":\"https:\\\/\\\/reiseblock.ch\\\/wordpress\\\/die-kleine-staedereise\\\/\",\"name\":\"Die kleine St\u00e4dtereise nach St. Gallen &#8211; Reiseblock\",\"isPartOf\":{\"@id\":\"https:\\\/\\\/reiseblock.ch\\\/wordpress\\\/#website\"},\"primaryImageOfPage\":{\"@id\":\"https:\\\/\\\/reiseblock.ch\\\/wordpress\\\/die-kleine-staedereise\\\/#primaryimage\"},\"image\":{\"@id\":\"https:\\\/\\\/reiseblock.ch\\\/wordpress\\\/die-kleine-staedereise\\\/#primaryimage\"},\"thumbnailUrl\":\"https:\\\/\\\/reiseblock.ch\\\/wordpress\\\/wp-content\\\/uploads\\\/2014\\\/03\\\/Theater_St.Gallen_Web-e1495611574720.jpg\",\"datePublished\":\"2014-03-23T20:52:48+00:00\",\"dateModified\":\"2017-08-16T08:49:13+00:00\",\"breadcrumb\":{\"@id\":\"https:\\\/\\\/reiseblock.ch\\\/wordpress\\\/die-kleine-staedereise\\\/#breadcrumb\"},\"inLanguage\":\"de\",\"potentialAction\":[{\"@type\":\"ReadAction\",\"target\":[\"https:\\\/\\\/reiseblock.ch\\\/wordpress\\\/die-kleine-staedereise\\\/\"]}]},{\"@type\":\"ImageObject\",\"inLanguage\":\"de\",\"@id\":\"https:\\\/\\\/reiseblock.ch\\\/wordpress\\\/die-kleine-staedereise\\\/#primaryimage\",\"url\":\"https:\\\/\\\/reiseblock.ch\\\/wordpress\\\/wp-content\\\/uploads\\\/2014\\\/03\\\/Theater_St.Gallen_Web-e1495611574720.jpg\",\"contentUrl\":\"https:\\\/\\\/reiseblock.ch\\\/wordpress\\\/wp-content\\\/uploads\\\/2014\\\/03\\\/Theater_St.Gallen_Web-e1495611574720.jpg\",\"width\":1000,\"height\":887},{\"@type\":\"BreadcrumbList\",\"@id\":\"https:\\\/\\\/reiseblock.ch\\\/wordpress\\\/die-kleine-staedereise\\\/#breadcrumb\",\"itemListElement\":[{\"@type\":\"ListItem\",\"position\":1,\"name\":\"Home\",\"item\":\"https:\\\/\\\/reiseblock.ch\\\/wordpress\\\/\"},{\"@type\":\"ListItem\",\"position\":2,\"name\":\"Die kleine St\u00e4dtereise nach St. Gallen\"}]},{\"@type\":\"WebSite\",\"@id\":\"https:\\\/\\\/reiseblock.ch\\\/wordpress\\\/#website\",\"url\":\"https:\\\/\\\/reiseblock.ch\\\/wordpress\\\/\",\"name\":\"Reiseblock\",\"description\":\"Ursula Kohlers ReiseWeise\",\"publisher\":{\"@id\":\"https:\\\/\\\/reiseblock.ch\\\/wordpress\\\/#\\\/schema\\\/person\\\/eafba14374f16d5fa4f73efd49243014\"},\"potentialAction\":[{\"@type\":\"SearchAction\",\"target\":{\"@type\":\"EntryPoint\",\"urlTemplate\":\"https:\\\/\\\/reiseblock.ch\\\/wordpress\\\/?s={search_term_string}\"},\"query-input\":{\"@type\":\"PropertyValueSpecification\",\"valueRequired\":true,\"valueName\":\"search_term_string\"}}],\"inLanguage\":\"de\"},{\"@type\":[\"Person\",\"Organization\"],\"@id\":\"https:\\\/\\\/reiseblock.ch\\\/wordpress\\\/#\\\/schema\\\/person\\\/eafba14374f16d5fa4f73efd49243014\",\"name\":\"Ursula Kohler\",\"image\":{\"@type\":\"ImageObject\",\"inLanguage\":\"de\",\"@id\":\"https:\\\/\\\/secure.gravatar.com\\\/avatar\\\/014d9b9a971f617638f4298cbb55f92d20b3bf0d1c9cc32f65333b2769bcf867?s=96&d=blank&r=g\",\"url\":\"https:\\\/\\\/secure.gravatar.com\\\/avatar\\\/014d9b9a971f617638f4298cbb55f92d20b3bf0d1c9cc32f65333b2769bcf867?s=96&d=blank&r=g\",\"contentUrl\":\"https:\\\/\\\/secure.gravatar.com\\\/avatar\\\/014d9b9a971f617638f4298cbb55f92d20b3bf0d1c9cc32f65333b2769bcf867?s=96&d=blank&r=g\",\"caption\":\"Ursula Kohler\"},\"logo\":{\"@id\":\"https:\\\/\\\/secure.gravatar.com\\\/avatar\\\/014d9b9a971f617638f4298cbb55f92d20b3bf0d1c9cc32f65333b2769bcf867?s=96&d=blank&r=g\"}},{\"@type\":\"Person\",\"@id\":\"https:\\\/\\\/reiseblock.ch\\\/wordpress\\\/#\\\/schema\\\/person\\\/739b103f8e7941f579794d17e2187721\",\"name\":\"admin\",\"image\":{\"@type\":\"ImageObject\",\"inLanguage\":\"de\",\"@id\":\"https:\\\/\\\/secure.gravatar.com\\\/avatar\\\/a0f702f22ecd58ce02800a54cb2055cabe1fa8d7cf75ab377ce2f2b8503f188c?s=96&d=blank&r=g\",\"url\":\"https:\\\/\\\/secure.gravatar.com\\\/avatar\\\/a0f702f22ecd58ce02800a54cb2055cabe1fa8d7cf75ab377ce2f2b8503f188c?s=96&d=blank&r=g\",\"contentUrl\":\"https:\\\/\\\/secure.gravatar.com\\\/avatar\\\/a0f702f22ecd58ce02800a54cb2055cabe1fa8d7cf75ab377ce2f2b8503f188c?s=96&d=blank&r=g\",\"caption\":\"admin\"},\"url\":\"https:\\\/\\\/reiseblock.ch\\\/wordpress\\\/author\\\/admin\\\/\"}]}<\/script>\n<!-- \/ Yoast SEO plugin. -->","yoast_head_json":{"title":"Die kleine St\u00e4dtereise nach St. Gallen &#8211; Reiseblock","robots":{"index":"index","follow":"follow","max-snippet":"max-snippet:-1","max-image-preview":"max-image-preview:large","max-video-preview":"max-video-preview:-1"},"canonical":"https:\/\/reiseblock.ch\/wordpress\/die-kleine-staedereise\/","og_locale":"de_DE","og_type":"article","og_title":"Die kleine St\u00e4dtereise nach St. Gallen &#8211; Reiseblock","og_description":"Musicals in Paris, Berlin oder Wien: Das klingt gut. Und haben wir auch schon gesehen und erlebt. Doch diesmal reisen wir ins nahe St. Gallen, [...]","og_url":"https:\/\/reiseblock.ch\/wordpress\/die-kleine-staedereise\/","og_site_name":"Reiseblock","article_published_time":"2014-03-23T20:52:48+00:00","article_modified_time":"2017-08-16T08:49:13+00:00","og_image":[{"width":1000,"height":887,"url":"https:\/\/reiseblock.ch\/wordpress\/wp-content\/uploads\/2014\/03\/Theater_St.Gallen_Web-e1495611574720.jpg","type":"image\/jpeg"}],"author":"admin","twitter_misc":{"Verfasst von":"admin","Gesch\u00e4tzte Lesezeit":"1\u00a0Minute"},"schema":{"@context":"https:\/\/schema.org","@graph":[{"@type":"Article","@id":"https:\/\/reiseblock.ch\/wordpress\/die-kleine-staedereise\/#article","isPartOf":{"@id":"https:\/\/reiseblock.ch\/wordpress\/die-kleine-staedereise\/"},"author":{"name":"admin","@id":"https:\/\/reiseblock.ch\/wordpress\/#\/schema\/person\/739b103f8e7941f579794d17e2187721"},"headline":"Die kleine St\u00e4dtereise nach St. Gallen","datePublished":"2014-03-23T20:52:48+00:00","dateModified":"2017-08-16T08:49:13+00:00","mainEntityOfPage":{"@id":"https:\/\/reiseblock.ch\/wordpress\/die-kleine-staedereise\/"},"wordCount":233,"commentCount":0,"publisher":{"@id":"https:\/\/reiseblock.ch\/wordpress\/#\/schema\/person\/eafba14374f16d5fa4f73efd49243014"},"image":{"@id":"https:\/\/reiseblock.ch\/wordpress\/die-kleine-staedereise\/#primaryimage"},"thumbnailUrl":"https:\/\/reiseblock.ch\/wordpress\/wp-content\/uploads\/2014\/03\/Theater_St.Gallen_Web-e1495611574720.jpg","keywords":["Musical","Schweiz","St. Gallen","Stadt"],"articleSection":["Tipp"],"inLanguage":"de","potentialAction":[{"@type":"CommentAction","name":"Comment","target":["https:\/\/reiseblock.ch\/wordpress\/die-kleine-staedereise\/#respond"]}]},{"@type":"WebPage","@id":"https:\/\/reiseblock.ch\/wordpress\/die-kleine-staedereise\/","url":"https:\/\/reiseblock.ch\/wordpress\/die-kleine-staedereise\/","name":"Die kleine St\u00e4dtereise nach St. Gallen &#8211; Reiseblock","isPartOf":{"@id":"https:\/\/reiseblock.ch\/wordpress\/#website"},"primaryImageOfPage":{"@id":"https:\/\/reiseblock.ch\/wordpress\/die-kleine-staedereise\/#primaryimage"},"image":{"@id":"https:\/\/reiseblock.ch\/wordpress\/die-kleine-staedereise\/#primaryimage"},"thumbnailUrl":"https:\/\/reiseblock.ch\/wordpress\/wp-content\/uploads\/2014\/03\/Theater_St.Gallen_Web-e1495611574720.jpg","datePublished":"2014-03-23T20:52:48+00:00","dateModified":"2017-08-16T08:49:13+00:00","breadcrumb":{"@id":"https:\/\/reiseblock.ch\/wordpress\/die-kleine-staedereise\/#breadcrumb"},"inLanguage":"de","potentialAction":[{"@type":"ReadAction","target":["https:\/\/reiseblock.ch\/wordpress\/die-kleine-staedereise\/"]}]},{"@type":"ImageObject","inLanguage":"de","@id":"https:\/\/reiseblock.ch\/wordpress\/die-kleine-staedereise\/#primaryimage","url":"https:\/\/reiseblock.ch\/wordpress\/wp-content\/uploads\/2014\/03\/Theater_St.Gallen_Web-e1495611574720.jpg","contentUrl":"https:\/\/reiseblock.ch\/wordpress\/wp-content\/uploads\/2014\/03\/Theater_St.Gallen_Web-e1495611574720.jpg","width":1000,"height":887},{"@type":"BreadcrumbList","@id":"https:\/\/reiseblock.ch\/wordpress\/die-kleine-staedereise\/#breadcrumb","itemListElement":[{"@type":"ListItem","position":1,"name":"Home","item":"https:\/\/reiseblock.ch\/wordpress\/"},{"@type":"ListItem","position":2,"name":"Die kleine St\u00e4dtereise nach St. Gallen"}]},{"@type":"WebSite","@id":"https:\/\/reiseblock.ch\/wordpress\/#website","url":"https:\/\/reiseblock.ch\/wordpress\/","name":"Reiseblock","description":"Ursula Kohlers ReiseWeise","publisher":{"@id":"https:\/\/reiseblock.ch\/wordpress\/#\/schema\/person\/eafba14374f16d5fa4f73efd49243014"},"potentialAction":[{"@type":"SearchAction","target":{"@type":"EntryPoint","urlTemplate":"https:\/\/reiseblock.ch\/wordpress\/?s={search_term_string}"},"query-input":{"@type":"PropertyValueSpecification","valueRequired":true,"valueName":"search_term_string"}}],"inLanguage":"de"},{"@type":["Person","Organization"],"@id":"https:\/\/reiseblock.ch\/wordpress\/#\/schema\/person\/eafba14374f16d5fa4f73efd49243014","name":"Ursula Kohler","image":{"@type":"ImageObject","inLanguage":"de","@id":"https:\/\/secure.gravatar.com\/avatar\/014d9b9a971f617638f4298cbb55f92d20b3bf0d1c9cc32f65333b2769bcf867?s=96&d=blank&r=g","url":"https:\/\/secure.gravatar.com\/avatar\/014d9b9a971f617638f4298cbb55f92d20b3bf0d1c9cc32f65333b2769bcf867?s=96&d=blank&r=g","contentUrl":"https:\/\/secure.gravatar.com\/avatar\/014d9b9a971f617638f4298cbb55f92d20b3bf0d1c9cc32f65333b2769bcf867?s=96&d=blank&r=g","caption":"Ursula Kohler"},"logo":{"@id":"https:\/\/secure.gravatar.com\/avatar\/014d9b9a971f617638f4298cbb55f92d20b3bf0d1c9cc32f65333b2769bcf867?s=96&d=blank&r=g"}},{"@type":"Person","@id":"https:\/\/reiseblock.ch\/wordpress\/#\/schema\/person\/739b103f8e7941f579794d17e2187721","name":"admin","image":{"@type":"ImageObject","inLanguage":"de","@id":"https:\/\/secure.gravatar.com\/avatar\/a0f702f22ecd58ce02800a54cb2055cabe1fa8d7cf75ab377ce2f2b8503f188c?s=96&d=blank&r=g","url":"https:\/\/secure.gravatar.com\/avatar\/a0f702f22ecd58ce02800a54cb2055cabe1fa8d7cf75ab377ce2f2b8503f188c?s=96&d=blank&r=g","contentUrl":"https:\/\/secure.gravatar.com\/avatar\/a0f702f22ecd58ce02800a54cb2055cabe1fa8d7cf75ab377ce2f2b8503f188c?s=96&d=blank&r=g","caption":"admin"},"url":"https:\/\/reiseblock.ch\/wordpress\/author\/admin\/"}]}},"_links":{"self":[{"href":"https:\/\/reiseblock.ch\/wordpress\/wp-json\/wp\/v2\/posts\/363","targetHints":{"allow":["GET"]}}],"collection":[{"href":"https:\/\/reiseblock.ch\/wordpress\/wp-json\/wp\/v2\/posts"}],"about":[{"href":"https:\/\/reiseblock.ch\/wordpress\/wp-json\/wp\/v2\/types\/post"}],"author":[{"embeddable":true,"href":"https:\/\/reiseblock.ch\/wordpress\/wp-json\/wp\/v2\/users\/1"}],"replies":[{"embeddable":true,"href":"https:\/\/reiseblock.ch\/wordpress\/wp-json\/wp\/v2\/comments?post=363"}],"version-history":[{"count":18,"href":"https:\/\/reiseblock.ch\/wordpress\/wp-json\/wp\/v2\/posts\/363\/revisions"}],"predecessor-version":[{"id":2059,"href":"https:\/\/reiseblock.ch\/wordpress\/wp-json\/wp\/v2\/posts\/363\/revisions\/2059"}],"wp:featuredmedia":[{"embeddable":true,"href":"https:\/\/reiseblock.ch\/wordpress\/wp-json\/wp\/v2\/media\/364"}],"wp:attachment":[{"href":"https:\/\/reiseblock.ch\/wordpress\/wp-json\/wp\/v2\/media?parent=363"}],"wp:term":[{"taxonomy":"category","embeddable":true,"href":"https:\/\/reiseblock.ch\/wordpress\/wp-json\/wp\/v2\/categories?post=363"},{"taxonomy":"post_tag","embeddable":true,"href":"https:\/\/reiseblock.ch\/wordpress\/wp-json\/wp\/v2\/tags?post=363"}],"curies":[{"name":"wp","href":"https:\/\/api.w.org\/{rel}","templated":true}]}}