{"id":3620,"date":"2023-04-01T20:45:11","date_gmt":"2023-04-01T18:45:11","guid":{"rendered":"https:\/\/reiseblock.ch\/wordpress\/?p=3620"},"modified":"2025-11-08T21:11:25","modified_gmt":"2025-11-08T20:11:25","slug":"pflanzen-und-naturreicher-spaziergang","status":"publish","type":"post","link":"https:\/\/reiseblock.ch\/wordpress\/pflanzen-und-naturreicher-spaziergang\/","title":{"rendered":"Pflanzen- und naturreicher Spaziergang"},"content":{"rendered":"\n<p><em>Vor zwei Jahren fand in \u00dcberlingen die Landesgartenschau statt. F\u00fcr Pflanzenliebhaber:innen lohnt sich der Besuch des h\u00fcbschen St\u00e4dtchens auch heute noch. Auf dem Gartenkulturpfad gehts entlang einiger Parks und G\u00e4rten.<\/em><\/p>\n\n\n\n<p><\/p>\n\n\n\n<p><\/p>\n\n\n\n<p><\/p>\n\n\n<div id=\"metaslider-id-3626\" style=\"max-width: 750px; margin: 0 auto;\" class=\"ml-slider-3-109-0 metaslider metaslider-nivo metaslider-3626 ml-slider ms-theme-default\" role=\"region\" aria-label=\"\u00dcberlingen\" data-height=\"550\" data-width=\"750\">\n    <div id=\"metaslider_container_3626\">\n        <div class='slider-wrapper theme-default'><div class='ribbon'><\/div><div id='metaslider_3626' class='nivoSlider'><img loading=\"lazy\" decoding=\"async\" src=\"https:\/\/reiseblock.ch\/wordpress\/wp-content\/uploads\/2023\/04\/Ueberlingen_1_Web-574x420.jpg\" height=\"550\" width=\"750\" data-caption=\"Sch&ouml;ne Stimmung am See\" title=\"U\u0308berlingen_1_Web\" alt=\"Sch\u00f6ne Stimmung am See\" class=\"slider-3626 slide-3651 msDefaultImage\" \/><img loading=\"lazy\" decoding=\"async\" src=\"https:\/\/reiseblock.ch\/wordpress\/wp-content\/uploads\/2023\/04\/Ueberlingen_2a_Web-538x395.jpg\" height=\"550\" width=\"750\" data-caption=\"Durch den Park\" title=\"U\u0308berlingen_2a_Web\" alt=\"Durch den Park\" class=\"slider-3626 slide-3652 msDefaultImage\" \/><img loading=\"lazy\" decoding=\"async\" src=\"https:\/\/reiseblock.ch\/wordpress\/wp-content\/uploads\/2023\/04\/Ueberlingen_3_web-567x415.jpg\" height=\"550\" width=\"750\" data-caption=\"Das neue Sukkulentenhaus\" title=\"U\u0308berlingen_3_web\" alt=\"Das neue Sukkulentenhaus\" class=\"slider-3626 slide-3653 msDefaultImage\" \/><img loading=\"lazy\" decoding=\"async\" src=\"https:\/\/reiseblock.ch\/wordpress\/wp-content\/uploads\/2023\/04\/Ueberlingen_4a_Web-567x415.jpg\" height=\"550\" width=\"750\" data-caption=\"Unglaubliche Pflanze\" title=\"U\u0308berlingen_4a_Web\" alt=\"Unglaubliche Pflanze\" class=\"slider-3626 slide-3656 msDefaultImage\" \/><img loading=\"lazy\" decoding=\"async\" src=\"https:\/\/reiseblock.ch\/wordpress\/wp-content\/uploads\/2023\/04\/Ueberlingen_5_web-567x415.jpg\" height=\"550\" width=\"750\" data-caption=\"In Pflanzenfamilien gruppiert\" title=\"U\u0308berlingen_5_web\" alt=\"In Pflanzenfamilien gruppiert\" class=\"slider-3626 slide-3655 msDefaultImage\" \/><img loading=\"lazy\" decoding=\"async\" src=\"https:\/\/reiseblock.ch\/wordpress\/wp-content\/uploads\/2023\/04\/Ueberlingen_6a_web-567x415.jpg\" height=\"550\" width=\"750\" data-caption=\"Verschiedene Exemplare\" title=\"U\u0308berlingen_6a_web\" alt=\"Verschiedene Exemplare\" class=\"slider-3626 slide-3646 msDefaultImage\" \/><img loading=\"lazy\" decoding=\"async\" src=\"https:\/\/reiseblock.ch\/wordpress\/wp-content\/uploads\/2023\/04\/Ueberlingen_7a_web-567x415.jpg\" height=\"550\" width=\"750\" data-caption=\"Am Stadtgraben\" title=\"U\u0308berlingen_7a_web\" alt=\"Am Stadtgraben\" class=\"slider-3626 slide-3648 msDefaultImage\" \/><img loading=\"lazy\" decoding=\"async\" src=\"https:\/\/reiseblock.ch\/wordpress\/wp-content\/uploads\/2023\/04\/Ueberlingen_9_Web-567x415.jpg\" height=\"550\" width=\"750\" data-caption=\"In der Altstadt\" title=\"U\u0308berlingen_9_Web\" alt=\"In der Altstadt\" class=\"slider-3626 slide-3649 msDefaultImage\" \/><img loading=\"lazy\" decoding=\"async\" src=\"https:\/\/reiseblock.ch\/wordpress\/wp-content\/uploads\/2023\/04\/Ueberlingen_6_web-567x415.jpg\" height=\"550\" width=\"750\" data-caption=\"Es gibt viel zu entdecken\" title=\"U\u0308berlingen_6_web\" alt=\"Es gibt viel zu entdecken\" class=\"slider-3626 slide-3650 msDefaultImage\" \/><\/div><\/div>\n        \n    <\/div>\n<\/div>\n\n\n\n<p>Auch wenn es f\u00fcr die Vegetation noch fr\u00fch im Jahr ist, lohnt sich der Rundgang durch die Gr\u00fcnanlagen und die Ortschaft. Start ist der Badgarten am See. Villeng\u00e4rten, oberer Stadtgarten, Rosengarten, Menzinger G\u00e4rten sind weitere Stationen auf dem rund 4 Kilometer langen Weg. Je nach Jahreszeit ist die Vegetation zur\u00fcckhaltend bis \u00fcppig. Ganzj\u00e4hrig ge\u00f6ffnet ist das Pflanzenhaus mit einer ausserordentlichen Kakteensammlung. Rund 1.000 ausgestellte Kakteen und Sukkulenten sollen es sein. Wir bestaunen diese speziellen Formen der Natur. Hintergrundwissen gibt es kaum dazu, wir lassen uns von unseren Augen leiten.  <\/p>\n\n\n\n<p><strong>Therme \u00dcberlingen<\/strong><\/p>\n\n\n\n<p>Vorbei an der Therme \u00dcberlingen gelangt man zum Stadtgarten, der bereits 1875 angelegt wurde. Im 19. Jahrhundert wurde die Badekultur am Bodensee entdeckt. Vor unserem inneren Auge sehen wir die Badeg\u00e4ste durch den Park schlendern. Die Badetherme selbst hat heute wenig Beschauliches, an einem Sonntagnachmittag ist hier sehr viel Betrieb.<\/p>\n\n\n\n<p><strong>Seepromenade<\/strong><\/p>\n\n\n\n<p>Wir passieren den oberen Teil des Weges, der rund um das Zentrum f\u00fchrt. Auf einer Bank geniessen wir die Sicht auf den See, bevor es wieder hinunter ins Zentrum und an die Seepromenade geht. Hier findet man auch im Fr\u00fchjahr eine Auswahl an Restaurants. Im Sommer wird der Ort sehr belebt sein und Ferienfeeling bieten.<\/p>\n\n\n\n<p>Ein Ausflug nach <a href=\"https:\/\/www.ueberlingen-bodensee.de\/\" target=\"_blank\" rel=\"noreferrer noopener\">\u00dcberlingen<\/a> lohnt sich w\u00e4hrend des ganzen Jahres. Der Sommer bietet sicher viel, aber zu anderen Zeiten hat man daf\u00fcr den Vorteil, dass es ruhig und gem\u00fctlich ist.<\/p>\n","protected":false},"excerpt":{"rendered":"<p>Vor zwei Jahren fand in \u00dcberlingen die Landesgartenschau statt. F\u00fcr Pflanzenliebhaber:innen lohnt sich der Besuch des h\u00fcbschen St\u00e4dtchens auch heute noch. Auf dem Gartenkulturpfad gehts entlang einiger Parks und G\u00e4rten.<\/p>\n","protected":false},"author":5,"featured_media":3640,"comment_status":"open","ping_status":"open","sticky":false,"template":"","format":"standard","meta":{"footnotes":""},"categories":[6],"tags":[],"class_list":["post-3620","post","type-post","status-publish","format-standard","has-post-thumbnail","hentry","category-beitrag"],"yoast_head":"<!-- This site is optimized with the Yoast SEO plugin v27.8 - https:\/\/yoast.com\/product\/yoast-seo-wordpress\/ -->\n<title>Pflanzen- und naturreicher Spaziergang &#8211; Reiseblock<\/title>\n<meta name=\"description\" content=\"Auf dem Gartenkulturpfad in \u00dcberlingen gibt es einiges zu entdecken, ob im Pflanzenbereich oder im St\u00e4dtchenbereich.\" \/>\n<meta name=\"robots\" content=\"index, follow, max-snippet:-1, max-image-preview:large, max-video-preview:-1\" \/>\n<link rel=\"canonical\" href=\"https:\/\/reiseblock.ch\/wordpress\/pflanzen-und-naturreicher-spaziergang\/\" \/>\n<meta property=\"og:locale\" content=\"de_DE\" \/>\n<meta property=\"og:type\" content=\"article\" \/>\n<meta property=\"og:title\" content=\"Pflanzen- und naturreicher Spaziergang &#8211; Reiseblock\" \/>\n<meta property=\"og:description\" content=\"Auf dem Gartenkulturpfad in \u00dcberlingen gibt es einiges zu entdecken, ob im Pflanzenbereich oder im St\u00e4dtchenbereich.\" \/>\n<meta property=\"og:url\" content=\"https:\/\/reiseblock.ch\/wordpress\/pflanzen-und-naturreicher-spaziergang\/\" \/>\n<meta property=\"og:site_name\" content=\"Reiseblock\" \/>\n<meta property=\"article:published_time\" content=\"2023-04-01T18:45:11+00:00\" \/>\n<meta property=\"article:modified_time\" content=\"2025-11-08T20:11:25+00:00\" \/>\n<meta property=\"og:image\" content=\"https:\/\/reiseblock.ch\/wordpress\/wp-content\/uploads\/2023\/04\/Ueberlingen_5_web.jpg\" \/>\n\t<meta property=\"og:image:width\" content=\"567\" \/>\n\t<meta property=\"og:image:height\" content=\"756\" \/>\n\t<meta property=\"og:image:type\" content=\"image\/jpeg\" \/>\n<meta name=\"author\" content=\"Ursula Kohler\" \/>\n<meta name=\"twitter:label1\" content=\"Verfasst von\" \/>\n\t<meta name=\"twitter:data1\" content=\"Ursula Kohler\" \/>\n\t<meta name=\"twitter:label2\" content=\"Gesch\u00e4tzte Lesezeit\" \/>\n\t<meta name=\"twitter:data2\" content=\"2\u00a0Minuten\" \/>\n<script type=\"application\/ld+json\" class=\"yoast-schema-graph\">{\"@context\":\"https:\\\/\\\/schema.org\",\"@graph\":[{\"@type\":\"Article\",\"@id\":\"https:\\\/\\\/reiseblock.ch\\\/wordpress\\\/pflanzen-und-naturreicher-spaziergang\\\/#article\",\"isPartOf\":{\"@id\":\"https:\\\/\\\/reiseblock.ch\\\/wordpress\\\/pflanzen-und-naturreicher-spaziergang\\\/\"},\"author\":{\"name\":\"Ursula Kohler\",\"@id\":\"https:\\\/\\\/reiseblock.ch\\\/wordpress\\\/#\\\/schema\\\/person\\\/eafba14374f16d5fa4f73efd49243014\"},\"headline\":\"Pflanzen- und naturreicher Spaziergang\",\"datePublished\":\"2023-04-01T18:45:11+00:00\",\"dateModified\":\"2025-11-08T20:11:25+00:00\",\"mainEntityOfPage\":{\"@id\":\"https:\\\/\\\/reiseblock.ch\\\/wordpress\\\/pflanzen-und-naturreicher-spaziergang\\\/\"},\"wordCount\":278,\"commentCount\":0,\"publisher\":{\"@id\":\"https:\\\/\\\/reiseblock.ch\\\/wordpress\\\/#\\\/schema\\\/person\\\/eafba14374f16d5fa4f73efd49243014\"},\"image\":{\"@id\":\"https:\\\/\\\/reiseblock.ch\\\/wordpress\\\/pflanzen-und-naturreicher-spaziergang\\\/#primaryimage\"},\"thumbnailUrl\":\"https:\\\/\\\/reiseblock.ch\\\/wordpress\\\/wp-content\\\/uploads\\\/2023\\\/04\\\/Ueberlingen_5_web.jpg\",\"articleSection\":[\"Beitrag\"],\"inLanguage\":\"de\",\"potentialAction\":[{\"@type\":\"CommentAction\",\"name\":\"Comment\",\"target\":[\"https:\\\/\\\/reiseblock.ch\\\/wordpress\\\/pflanzen-und-naturreicher-spaziergang\\\/#respond\"]}]},{\"@type\":\"WebPage\",\"@id\":\"https:\\\/\\\/reiseblock.ch\\\/wordpress\\\/pflanzen-und-naturreicher-spaziergang\\\/\",\"url\":\"https:\\\/\\\/reiseblock.ch\\\/wordpress\\\/pflanzen-und-naturreicher-spaziergang\\\/\",\"name\":\"Pflanzen- und naturreicher Spaziergang &#8211; Reiseblock\",\"isPartOf\":{\"@id\":\"https:\\\/\\\/reiseblock.ch\\\/wordpress\\\/#website\"},\"primaryImageOfPage\":{\"@id\":\"https:\\\/\\\/reiseblock.ch\\\/wordpress\\\/pflanzen-und-naturreicher-spaziergang\\\/#primaryimage\"},\"image\":{\"@id\":\"https:\\\/\\\/reiseblock.ch\\\/wordpress\\\/pflanzen-und-naturreicher-spaziergang\\\/#primaryimage\"},\"thumbnailUrl\":\"https:\\\/\\\/reiseblock.ch\\\/wordpress\\\/wp-content\\\/uploads\\\/2023\\\/04\\\/Ueberlingen_5_web.jpg\",\"datePublished\":\"2023-04-01T18:45:11+00:00\",\"dateModified\":\"2025-11-08T20:11:25+00:00\",\"description\":\"Auf dem Gartenkulturpfad in \u00dcberlingen gibt es einiges zu entdecken, ob im Pflanzenbereich oder im St\u00e4dtchenbereich.\",\"breadcrumb\":{\"@id\":\"https:\\\/\\\/reiseblock.ch\\\/wordpress\\\/pflanzen-und-naturreicher-spaziergang\\\/#breadcrumb\"},\"inLanguage\":\"de\",\"potentialAction\":[{\"@type\":\"ReadAction\",\"target\":[\"https:\\\/\\\/reiseblock.ch\\\/wordpress\\\/pflanzen-und-naturreicher-spaziergang\\\/\"]}]},{\"@type\":\"ImageObject\",\"inLanguage\":\"de\",\"@id\":\"https:\\\/\\\/reiseblock.ch\\\/wordpress\\\/pflanzen-und-naturreicher-spaziergang\\\/#primaryimage\",\"url\":\"https:\\\/\\\/reiseblock.ch\\\/wordpress\\\/wp-content\\\/uploads\\\/2023\\\/04\\\/Ueberlingen_5_web.jpg\",\"contentUrl\":\"https:\\\/\\\/reiseblock.ch\\\/wordpress\\\/wp-content\\\/uploads\\\/2023\\\/04\\\/Ueberlingen_5_web.jpg\",\"width\":567,\"height\":756,\"caption\":\"In Pflanzenfamilien gruppiert\"},{\"@type\":\"BreadcrumbList\",\"@id\":\"https:\\\/\\\/reiseblock.ch\\\/wordpress\\\/pflanzen-und-naturreicher-spaziergang\\\/#breadcrumb\",\"itemListElement\":[{\"@type\":\"ListItem\",\"position\":1,\"name\":\"Home\",\"item\":\"https:\\\/\\\/reiseblock.ch\\\/wordpress\\\/\"},{\"@type\":\"ListItem\",\"position\":2,\"name\":\"Pflanzen- und naturreicher Spaziergang\"}]},{\"@type\":\"WebSite\",\"@id\":\"https:\\\/\\\/reiseblock.ch\\\/wordpress\\\/#website\",\"url\":\"https:\\\/\\\/reiseblock.ch\\\/wordpress\\\/\",\"name\":\"Reiseblock\",\"description\":\"Ursula Kohlers ReiseWeise\",\"publisher\":{\"@id\":\"https:\\\/\\\/reiseblock.ch\\\/wordpress\\\/#\\\/schema\\\/person\\\/eafba14374f16d5fa4f73efd49243014\"},\"potentialAction\":[{\"@type\":\"SearchAction\",\"target\":{\"@type\":\"EntryPoint\",\"urlTemplate\":\"https:\\\/\\\/reiseblock.ch\\\/wordpress\\\/?s={search_term_string}\"},\"query-input\":{\"@type\":\"PropertyValueSpecification\",\"valueRequired\":true,\"valueName\":\"search_term_string\"}}],\"inLanguage\":\"de\"},{\"@type\":[\"Person\",\"Organization\"],\"@id\":\"https:\\\/\\\/reiseblock.ch\\\/wordpress\\\/#\\\/schema\\\/person\\\/eafba14374f16d5fa4f73efd49243014\",\"name\":\"Ursula Kohler\",\"image\":{\"@type\":\"ImageObject\",\"inLanguage\":\"de\",\"@id\":\"https:\\\/\\\/secure.gravatar.com\\\/avatar\\\/014d9b9a971f617638f4298cbb55f92d20b3bf0d1c9cc32f65333b2769bcf867?s=96&d=blank&r=g\",\"url\":\"https:\\\/\\\/secure.gravatar.com\\\/avatar\\\/014d9b9a971f617638f4298cbb55f92d20b3bf0d1c9cc32f65333b2769bcf867?s=96&d=blank&r=g\",\"contentUrl\":\"https:\\\/\\\/secure.gravatar.com\\\/avatar\\\/014d9b9a971f617638f4298cbb55f92d20b3bf0d1c9cc32f65333b2769bcf867?s=96&d=blank&r=g\",\"caption\":\"Ursula Kohler\"},\"logo\":{\"@id\":\"https:\\\/\\\/secure.gravatar.com\\\/avatar\\\/014d9b9a971f617638f4298cbb55f92d20b3bf0d1c9cc32f65333b2769bcf867?s=96&d=blank&r=g\"},\"url\":\"https:\\\/\\\/reiseblock.ch\\\/wordpress\\\/author\\\/ursula-kohlerbluewin-ch\\\/\"}]}<\/script>\n<!-- \/ Yoast SEO plugin. -->","yoast_head_json":{"title":"Pflanzen- und naturreicher Spaziergang &#8211; Reiseblock","description":"Auf dem Gartenkulturpfad in \u00dcberlingen gibt es einiges zu entdecken, ob im Pflanzenbereich oder im St\u00e4dtchenbereich.","robots":{"index":"index","follow":"follow","max-snippet":"max-snippet:-1","max-image-preview":"max-image-preview:large","max-video-preview":"max-video-preview:-1"},"canonical":"https:\/\/reiseblock.ch\/wordpress\/pflanzen-und-naturreicher-spaziergang\/","og_locale":"de_DE","og_type":"article","og_title":"Pflanzen- und naturreicher Spaziergang &#8211; Reiseblock","og_description":"Auf dem Gartenkulturpfad in \u00dcberlingen gibt es einiges zu entdecken, ob im Pflanzenbereich oder im St\u00e4dtchenbereich.","og_url":"https:\/\/reiseblock.ch\/wordpress\/pflanzen-und-naturreicher-spaziergang\/","og_site_name":"Reiseblock","article_published_time":"2023-04-01T18:45:11+00:00","article_modified_time":"2025-11-08T20:11:25+00:00","og_image":[{"width":567,"height":756,"url":"https:\/\/reiseblock.ch\/wordpress\/wp-content\/uploads\/2023\/04\/Ueberlingen_5_web.jpg","type":"image\/jpeg"}],"author":"Ursula Kohler","twitter_misc":{"Verfasst von":"Ursula Kohler","Gesch\u00e4tzte Lesezeit":"2\u00a0Minuten"},"schema":{"@context":"https:\/\/schema.org","@graph":[{"@type":"Article","@id":"https:\/\/reiseblock.ch\/wordpress\/pflanzen-und-naturreicher-spaziergang\/#article","isPartOf":{"@id":"https:\/\/reiseblock.ch\/wordpress\/pflanzen-und-naturreicher-spaziergang\/"},"author":{"name":"Ursula Kohler","@id":"https:\/\/reiseblock.ch\/wordpress\/#\/schema\/person\/eafba14374f16d5fa4f73efd49243014"},"headline":"Pflanzen- und naturreicher Spaziergang","datePublished":"2023-04-01T18:45:11+00:00","dateModified":"2025-11-08T20:11:25+00:00","mainEntityOfPage":{"@id":"https:\/\/reiseblock.ch\/wordpress\/pflanzen-und-naturreicher-spaziergang\/"},"wordCount":278,"commentCount":0,"publisher":{"@id":"https:\/\/reiseblock.ch\/wordpress\/#\/schema\/person\/eafba14374f16d5fa4f73efd49243014"},"image":{"@id":"https:\/\/reiseblock.ch\/wordpress\/pflanzen-und-naturreicher-spaziergang\/#primaryimage"},"thumbnailUrl":"https:\/\/reiseblock.ch\/wordpress\/wp-content\/uploads\/2023\/04\/Ueberlingen_5_web.jpg","articleSection":["Beitrag"],"inLanguage":"de","potentialAction":[{"@type":"CommentAction","name":"Comment","target":["https:\/\/reiseblock.ch\/wordpress\/pflanzen-und-naturreicher-spaziergang\/#respond"]}]},{"@type":"WebPage","@id":"https:\/\/reiseblock.ch\/wordpress\/pflanzen-und-naturreicher-spaziergang\/","url":"https:\/\/reiseblock.ch\/wordpress\/pflanzen-und-naturreicher-spaziergang\/","name":"Pflanzen- und naturreicher Spaziergang &#8211; Reiseblock","isPartOf":{"@id":"https:\/\/reiseblock.ch\/wordpress\/#website"},"primaryImageOfPage":{"@id":"https:\/\/reiseblock.ch\/wordpress\/pflanzen-und-naturreicher-spaziergang\/#primaryimage"},"image":{"@id":"https:\/\/reiseblock.ch\/wordpress\/pflanzen-und-naturreicher-spaziergang\/#primaryimage"},"thumbnailUrl":"https:\/\/reiseblock.ch\/wordpress\/wp-content\/uploads\/2023\/04\/Ueberlingen_5_web.jpg","datePublished":"2023-04-01T18:45:11+00:00","dateModified":"2025-11-08T20:11:25+00:00","description":"Auf dem Gartenkulturpfad in \u00dcberlingen gibt es einiges zu entdecken, ob im Pflanzenbereich oder im St\u00e4dtchenbereich.","breadcrumb":{"@id":"https:\/\/reiseblock.ch\/wordpress\/pflanzen-und-naturreicher-spaziergang\/#breadcrumb"},"inLanguage":"de","potentialAction":[{"@type":"ReadAction","target":["https:\/\/reiseblock.ch\/wordpress\/pflanzen-und-naturreicher-spaziergang\/"]}]},{"@type":"ImageObject","inLanguage":"de","@id":"https:\/\/reiseblock.ch\/wordpress\/pflanzen-und-naturreicher-spaziergang\/#primaryimage","url":"https:\/\/reiseblock.ch\/wordpress\/wp-content\/uploads\/2023\/04\/Ueberlingen_5_web.jpg","contentUrl":"https:\/\/reiseblock.ch\/wordpress\/wp-content\/uploads\/2023\/04\/Ueberlingen_5_web.jpg","width":567,"height":756,"caption":"In Pflanzenfamilien gruppiert"},{"@type":"BreadcrumbList","@id":"https:\/\/reiseblock.ch\/wordpress\/pflanzen-und-naturreicher-spaziergang\/#breadcrumb","itemListElement":[{"@type":"ListItem","position":1,"name":"Home","item":"https:\/\/reiseblock.ch\/wordpress\/"},{"@type":"ListItem","position":2,"name":"Pflanzen- und naturreicher Spaziergang"}]},{"@type":"WebSite","@id":"https:\/\/reiseblock.ch\/wordpress\/#website","url":"https:\/\/reiseblock.ch\/wordpress\/","name":"Reiseblock","description":"Ursula Kohlers ReiseWeise","publisher":{"@id":"https:\/\/reiseblock.ch\/wordpress\/#\/schema\/person\/eafba14374f16d5fa4f73efd49243014"},"potentialAction":[{"@type":"SearchAction","target":{"@type":"EntryPoint","urlTemplate":"https:\/\/reiseblock.ch\/wordpress\/?s={search_term_string}"},"query-input":{"@type":"PropertyValueSpecification","valueRequired":true,"valueName":"search_term_string"}}],"inLanguage":"de"},{"@type":["Person","Organization"],"@id":"https:\/\/reiseblock.ch\/wordpress\/#\/schema\/person\/eafba14374f16d5fa4f73efd49243014","name":"Ursula Kohler","image":{"@type":"ImageObject","inLanguage":"de","@id":"https:\/\/secure.gravatar.com\/avatar\/014d9b9a971f617638f4298cbb55f92d20b3bf0d1c9cc32f65333b2769bcf867?s=96&d=blank&r=g","url":"https:\/\/secure.gravatar.com\/avatar\/014d9b9a971f617638f4298cbb55f92d20b3bf0d1c9cc32f65333b2769bcf867?s=96&d=blank&r=g","contentUrl":"https:\/\/secure.gravatar.com\/avatar\/014d9b9a971f617638f4298cbb55f92d20b3bf0d1c9cc32f65333b2769bcf867?s=96&d=blank&r=g","caption":"Ursula Kohler"},"logo":{"@id":"https:\/\/secure.gravatar.com\/avatar\/014d9b9a971f617638f4298cbb55f92d20b3bf0d1c9cc32f65333b2769bcf867?s=96&d=blank&r=g"},"url":"https:\/\/reiseblock.ch\/wordpress\/author\/ursula-kohlerbluewin-ch\/"}]}},"_links":{"self":[{"href":"https:\/\/reiseblock.ch\/wordpress\/wp-json\/wp\/v2\/posts\/3620","targetHints":{"allow":["GET"]}}],"collection":[{"href":"https:\/\/reiseblock.ch\/wordpress\/wp-json\/wp\/v2\/posts"}],"about":[{"href":"https:\/\/reiseblock.ch\/wordpress\/wp-json\/wp\/v2\/types\/post"}],"author":[{"embeddable":true,"href":"https:\/\/reiseblock.ch\/wordpress\/wp-json\/wp\/v2\/users\/5"}],"replies":[{"embeddable":true,"href":"https:\/\/reiseblock.ch\/wordpress\/wp-json\/wp\/v2\/comments?post=3620"}],"version-history":[{"count":10,"href":"https:\/\/reiseblock.ch\/wordpress\/wp-json\/wp\/v2\/posts\/3620\/revisions"}],"predecessor-version":[{"id":3662,"href":"https:\/\/reiseblock.ch\/wordpress\/wp-json\/wp\/v2\/posts\/3620\/revisions\/3662"}],"wp:featuredmedia":[{"embeddable":true,"href":"https:\/\/reiseblock.ch\/wordpress\/wp-json\/wp\/v2\/media\/3640"}],"wp:attachment":[{"href":"https:\/\/reiseblock.ch\/wordpress\/wp-json\/wp\/v2\/media?parent=3620"}],"wp:term":[{"taxonomy":"category","embeddable":true,"href":"https:\/\/reiseblock.ch\/wordpress\/wp-json\/wp\/v2\/categories?post=3620"},{"taxonomy":"post_tag","embeddable":true,"href":"https:\/\/reiseblock.ch\/wordpress\/wp-json\/wp\/v2\/tags?post=3620"}],"curies":[{"name":"wp","href":"https:\/\/api.w.org\/{rel}","templated":true}]}}