{"id":351,"date":"2014-03-16T22:00:00","date_gmt":"2014-03-16T22:00:00","guid":{"rendered":"http:\/\/reiseblock.ch\/wordpress\/?p=351"},"modified":"2017-05-24T09:45:23","modified_gmt":"2017-05-24T07:45:23","slug":"leipzig-tag-3","status":"publish","type":"post","link":"https:\/\/reiseblock.ch\/wordpress\/leipzig-tag-3\/","title":{"rendered":"Leipzig: Tsch\u00fcss(li)"},"content":{"rendered":"<div id=\"attachment_337\" style=\"width: 710px\" class=\"wp-caption alignleft\"><a href=\"http:\/\/reiseblock.ch\/wordpress\/wp-content\/uploads\/2014\/03\/Kaffemuseum.jpg\"><img loading=\"lazy\" decoding=\"async\" aria-describedby=\"caption-attachment-337\" class=\"wp-image-337 size-large\" src=\"http:\/\/reiseblock.ch\/wordpress\/wp-content\/uploads\/2014\/03\/Kaffemuseum-1024x717.jpg\" alt=\"Der Eingang zum Kaffeemuseum in Leipzig\" width=\"700\" height=\"490\" \/><\/a><p id=\"caption-attachment-337\" class=\"wp-caption-text\">Der Eingang zum Kaffeemuseum in Leipzig<\/p><\/div>\n<p style=\"text-align: justify;\"><span style=\"font-family: Book Antiqua,Palatino; font-size: 12pt;\">Dieser Tag soll der Stadt Leipzig gewidmet sein. Doch gestartet wird mit einer Veranstaltung aus dem unabh\u00e4ngigen Kunst- und Literaturprojekt \u00abAlles sCHweiz \u2013 oder was?\u00bb<!--more--> <\/span><\/p>\n<p style=\"text-align: justify;\"><span style=\"font-family: Book Antiqua,Palatino; font-size: 12pt;\">Als Nicht-Fussballfan lasse ich mich auf die Lesung und Diskussion mit Musik: \u00abFussball trifft Literatur\u00bb mit Pedro Lenz, Sebastian Krumbiegel und Marcel Reif, moderiert von Initiator Beat Toniolo, ein \u2013 und bereue es gar nicht. Ein gelungener Start in diesen letzten Leipziger Tag. Zwei Museen stehen auf dem Plan: <\/span><\/p>\n<p style=\"text-align: justify;\"><span style=\"font-family: Book Antiqua,Palatino; font-size: 12pt;\">Das <a href=\"http:\/\/www.coffebaum.de\/museum\/index.php\" target=\"_blank\" rel=\"noopener noreferrer\">Kaffeemuseum<\/a> mit dem wunderbaren alten Kaffeehaus \u00abZum Arabischen Coffe Baum\u00bb. Das verwinkelte Haus ist nicht ganz einfach zu finden, was daf\u00fcr mit einem Sitzplatz im Kaffeehaus belohnt wird. <\/span><\/p>\n<p style=\"text-align: justify;\"><span style=\"font-family: Book Antiqua,Palatino; font-size: 12pt;\">Leipzig als ehemalige Stadt innerhalb der DDR l\u00e4dt Besucherinnen und Besucher ein, sich im <a href=\"https:\/\/www.hdg.de\/zeitgeschichtliches-forum\/\" target=\"_blank\" rel=\"noopener noreferrer\">Zeitgeschichtlichen Forum<\/a> mit der Geschichte der DDR zu befassen. Und auch wenn es nicht mein erster Besuch in einem Museum zur DDR ist, verweile ich hier, bis die R\u00e4ume schliessen. <\/span><\/p>\n<p><span style=\"font-family: Book Antiqua,Palatino; font-size: 12pt;\">Es g\u00e4be noch vieles zu sehen, man k\u00f6nnte nochmals durch die Passagen (geschlossene Lauben durch die H\u00e4user) schlendern, die Umgebung der Stadt besuchen. Es ist eine offene Stadt, die sicher einen Besuch wert ist. Aus der Arbeit mit deutschen Kolleginnen und Kollegen ist mir das \u00abTsch\u00fcss\u00bb auch zu Leuten, die man gar nicht kennt, vertraut. Hier in Leipzig musste ich schmunzeln, als ich mehr als einmal beim Verlassen eines Gesch\u00e4ftes h\u00f6rte: Tsch\u00fcssli.<\/span><\/p>\n","protected":false},"excerpt":{"rendered":"<p>Dieser Tag soll der Stadt Leipzig gewidmet sein. Doch gestartet wird mit einer Veranstaltung aus dem unabh\u00e4ngigen Kunst- und Literaturprojekt \u00abAlles sCHweiz \u2013 oder was?\u00bb<\/p>\n","protected":false},"author":1,"featured_media":337,"comment_status":"open","ping_status":"open","sticky":false,"template":"","format":"standard","meta":{"footnotes":""},"categories":[10],"tags":[20,19,21],"class_list":["post-351","post","type-post","status-publish","format-standard","has-post-thumbnail","hentry","category-erlebt","tag-deutschland","tag-leipzig","tag-stadt"],"yoast_head":"<!-- This site is optimized with the Yoast SEO plugin v27.8 - https:\/\/yoast.com\/product\/yoast-seo-wordpress\/ -->\n<title>Leipzig: Tsch\u00fcss(li) &#8211; Reiseblock<\/title>\n<meta name=\"robots\" content=\"index, follow, max-snippet:-1, max-image-preview:large, max-video-preview:-1\" \/>\n<link rel=\"canonical\" href=\"https:\/\/reiseblock.ch\/wordpress\/leipzig-tag-3\/\" \/>\n<meta property=\"og:locale\" content=\"de_DE\" \/>\n<meta property=\"og:type\" content=\"article\" \/>\n<meta property=\"og:title\" content=\"Leipzig: Tsch\u00fcss(li) &#8211; Reiseblock\" \/>\n<meta property=\"og:description\" content=\"Dieser Tag soll der Stadt Leipzig gewidmet sein. Doch gestartet wird mit einer Veranstaltung aus dem unabh\u00e4ngigen Kunst- und Literaturprojekt \u00abAlles sCHweiz \u2013 oder was?\u00bb\" \/>\n<meta property=\"og:url\" content=\"https:\/\/reiseblock.ch\/wordpress\/leipzig-tag-3\/\" \/>\n<meta property=\"og:site_name\" content=\"Reiseblock\" \/>\n<meta property=\"article:published_time\" content=\"2014-03-16T22:00:00+00:00\" \/>\n<meta property=\"article:modified_time\" content=\"2017-05-24T07:45:23+00:00\" \/>\n<meta property=\"og:image\" content=\"https:\/\/reiseblock.ch\/wordpress\/wp-content\/uploads\/2014\/03\/Kaffemuseum-e1495611634714.jpg\" \/>\n\t<meta property=\"og:image:width\" content=\"800\" \/>\n\t<meta property=\"og:image:height\" content=\"561\" \/>\n\t<meta property=\"og:image:type\" content=\"image\/jpeg\" \/>\n<meta name=\"author\" content=\"admin\" \/>\n<meta name=\"twitter:label1\" content=\"Verfasst von\" \/>\n\t<meta name=\"twitter:data1\" content=\"admin\" \/>\n\t<meta name=\"twitter:label2\" content=\"Gesch\u00e4tzte Lesezeit\" \/>\n\t<meta name=\"twitter:data2\" content=\"1\u00a0Minute\" \/>\n<script type=\"application\/ld+json\" class=\"yoast-schema-graph\">{\"@context\":\"https:\\\/\\\/schema.org\",\"@graph\":[{\"@type\":\"Article\",\"@id\":\"https:\\\/\\\/reiseblock.ch\\\/wordpress\\\/leipzig-tag-3\\\/#article\",\"isPartOf\":{\"@id\":\"https:\\\/\\\/reiseblock.ch\\\/wordpress\\\/leipzig-tag-3\\\/\"},\"author\":{\"name\":\"admin\",\"@id\":\"https:\\\/\\\/reiseblock.ch\\\/wordpress\\\/#\\\/schema\\\/person\\\/739b103f8e7941f579794d17e2187721\"},\"headline\":\"Leipzig: Tsch\u00fcss(li)\",\"datePublished\":\"2014-03-16T22:00:00+00:00\",\"dateModified\":\"2017-05-24T07:45:23+00:00\",\"mainEntityOfPage\":{\"@id\":\"https:\\\/\\\/reiseblock.ch\\\/wordpress\\\/leipzig-tag-3\\\/\"},\"wordCount\":245,\"commentCount\":0,\"publisher\":{\"@id\":\"https:\\\/\\\/reiseblock.ch\\\/wordpress\\\/#\\\/schema\\\/person\\\/eafba14374f16d5fa4f73efd49243014\"},\"image\":{\"@id\":\"https:\\\/\\\/reiseblock.ch\\\/wordpress\\\/leipzig-tag-3\\\/#primaryimage\"},\"thumbnailUrl\":\"https:\\\/\\\/reiseblock.ch\\\/wordpress\\\/wp-content\\\/uploads\\\/2014\\\/03\\\/Kaffemuseum-e1495611634714.jpg\",\"keywords\":[\"Deutschland\",\"Leipzig\",\"Stadt\"],\"articleSection\":[\"Erlebt\"],\"inLanguage\":\"de\",\"potentialAction\":[{\"@type\":\"CommentAction\",\"name\":\"Comment\",\"target\":[\"https:\\\/\\\/reiseblock.ch\\\/wordpress\\\/leipzig-tag-3\\\/#respond\"]}]},{\"@type\":\"WebPage\",\"@id\":\"https:\\\/\\\/reiseblock.ch\\\/wordpress\\\/leipzig-tag-3\\\/\",\"url\":\"https:\\\/\\\/reiseblock.ch\\\/wordpress\\\/leipzig-tag-3\\\/\",\"name\":\"Leipzig: Tsch\u00fcss(li) &#8211; Reiseblock\",\"isPartOf\":{\"@id\":\"https:\\\/\\\/reiseblock.ch\\\/wordpress\\\/#website\"},\"primaryImageOfPage\":{\"@id\":\"https:\\\/\\\/reiseblock.ch\\\/wordpress\\\/leipzig-tag-3\\\/#primaryimage\"},\"image\":{\"@id\":\"https:\\\/\\\/reiseblock.ch\\\/wordpress\\\/leipzig-tag-3\\\/#primaryimage\"},\"thumbnailUrl\":\"https:\\\/\\\/reiseblock.ch\\\/wordpress\\\/wp-content\\\/uploads\\\/2014\\\/03\\\/Kaffemuseum-e1495611634714.jpg\",\"datePublished\":\"2014-03-16T22:00:00+00:00\",\"dateModified\":\"2017-05-24T07:45:23+00:00\",\"breadcrumb\":{\"@id\":\"https:\\\/\\\/reiseblock.ch\\\/wordpress\\\/leipzig-tag-3\\\/#breadcrumb\"},\"inLanguage\":\"de\",\"potentialAction\":[{\"@type\":\"ReadAction\",\"target\":[\"https:\\\/\\\/reiseblock.ch\\\/wordpress\\\/leipzig-tag-3\\\/\"]}]},{\"@type\":\"ImageObject\",\"inLanguage\":\"de\",\"@id\":\"https:\\\/\\\/reiseblock.ch\\\/wordpress\\\/leipzig-tag-3\\\/#primaryimage\",\"url\":\"https:\\\/\\\/reiseblock.ch\\\/wordpress\\\/wp-content\\\/uploads\\\/2014\\\/03\\\/Kaffemuseum-e1495611634714.jpg\",\"contentUrl\":\"https:\\\/\\\/reiseblock.ch\\\/wordpress\\\/wp-content\\\/uploads\\\/2014\\\/03\\\/Kaffemuseum-e1495611634714.jpg\",\"width\":800,\"height\":561,\"caption\":\"Der Eingang zum Kaffeemuseum in Leipzig\"},{\"@type\":\"BreadcrumbList\",\"@id\":\"https:\\\/\\\/reiseblock.ch\\\/wordpress\\\/leipzig-tag-3\\\/#breadcrumb\",\"itemListElement\":[{\"@type\":\"ListItem\",\"position\":1,\"name\":\"Home\",\"item\":\"https:\\\/\\\/reiseblock.ch\\\/wordpress\\\/\"},{\"@type\":\"ListItem\",\"position\":2,\"name\":\"Leipzig: Tsch\u00fcss(li)\"}]},{\"@type\":\"WebSite\",\"@id\":\"https:\\\/\\\/reiseblock.ch\\\/wordpress\\\/#website\",\"url\":\"https:\\\/\\\/reiseblock.ch\\\/wordpress\\\/\",\"name\":\"Reiseblock\",\"description\":\"Ursula Kohlers ReiseWeise\",\"publisher\":{\"@id\":\"https:\\\/\\\/reiseblock.ch\\\/wordpress\\\/#\\\/schema\\\/person\\\/eafba14374f16d5fa4f73efd49243014\"},\"potentialAction\":[{\"@type\":\"SearchAction\",\"target\":{\"@type\":\"EntryPoint\",\"urlTemplate\":\"https:\\\/\\\/reiseblock.ch\\\/wordpress\\\/?s={search_term_string}\"},\"query-input\":{\"@type\":\"PropertyValueSpecification\",\"valueRequired\":true,\"valueName\":\"search_term_string\"}}],\"inLanguage\":\"de\"},{\"@type\":[\"Person\",\"Organization\"],\"@id\":\"https:\\\/\\\/reiseblock.ch\\\/wordpress\\\/#\\\/schema\\\/person\\\/eafba14374f16d5fa4f73efd49243014\",\"name\":\"Ursula Kohler\",\"image\":{\"@type\":\"ImageObject\",\"inLanguage\":\"de\",\"@id\":\"https:\\\/\\\/secure.gravatar.com\\\/avatar\\\/014d9b9a971f617638f4298cbb55f92d20b3bf0d1c9cc32f65333b2769bcf867?s=96&d=blank&r=g\",\"url\":\"https:\\\/\\\/secure.gravatar.com\\\/avatar\\\/014d9b9a971f617638f4298cbb55f92d20b3bf0d1c9cc32f65333b2769bcf867?s=96&d=blank&r=g\",\"contentUrl\":\"https:\\\/\\\/secure.gravatar.com\\\/avatar\\\/014d9b9a971f617638f4298cbb55f92d20b3bf0d1c9cc32f65333b2769bcf867?s=96&d=blank&r=g\",\"caption\":\"Ursula Kohler\"},\"logo\":{\"@id\":\"https:\\\/\\\/secure.gravatar.com\\\/avatar\\\/014d9b9a971f617638f4298cbb55f92d20b3bf0d1c9cc32f65333b2769bcf867?s=96&d=blank&r=g\"}},{\"@type\":\"Person\",\"@id\":\"https:\\\/\\\/reiseblock.ch\\\/wordpress\\\/#\\\/schema\\\/person\\\/739b103f8e7941f579794d17e2187721\",\"name\":\"admin\",\"image\":{\"@type\":\"ImageObject\",\"inLanguage\":\"de\",\"@id\":\"https:\\\/\\\/secure.gravatar.com\\\/avatar\\\/a0f702f22ecd58ce02800a54cb2055cabe1fa8d7cf75ab377ce2f2b8503f188c?s=96&d=blank&r=g\",\"url\":\"https:\\\/\\\/secure.gravatar.com\\\/avatar\\\/a0f702f22ecd58ce02800a54cb2055cabe1fa8d7cf75ab377ce2f2b8503f188c?s=96&d=blank&r=g\",\"contentUrl\":\"https:\\\/\\\/secure.gravatar.com\\\/avatar\\\/a0f702f22ecd58ce02800a54cb2055cabe1fa8d7cf75ab377ce2f2b8503f188c?s=96&d=blank&r=g\",\"caption\":\"admin\"},\"url\":\"https:\\\/\\\/reiseblock.ch\\\/wordpress\\\/author\\\/admin\\\/\"}]}<\/script>\n<!-- \/ Yoast SEO plugin. -->","yoast_head_json":{"title":"Leipzig: Tsch\u00fcss(li) &#8211; Reiseblock","robots":{"index":"index","follow":"follow","max-snippet":"max-snippet:-1","max-image-preview":"max-image-preview:large","max-video-preview":"max-video-preview:-1"},"canonical":"https:\/\/reiseblock.ch\/wordpress\/leipzig-tag-3\/","og_locale":"de_DE","og_type":"article","og_title":"Leipzig: Tsch\u00fcss(li) &#8211; Reiseblock","og_description":"Dieser Tag soll der Stadt Leipzig gewidmet sein. Doch gestartet wird mit einer Veranstaltung aus dem unabh\u00e4ngigen Kunst- und Literaturprojekt \u00abAlles sCHweiz \u2013 oder was?\u00bb","og_url":"https:\/\/reiseblock.ch\/wordpress\/leipzig-tag-3\/","og_site_name":"Reiseblock","article_published_time":"2014-03-16T22:00:00+00:00","article_modified_time":"2017-05-24T07:45:23+00:00","og_image":[{"width":800,"height":561,"url":"https:\/\/reiseblock.ch\/wordpress\/wp-content\/uploads\/2014\/03\/Kaffemuseum-e1495611634714.jpg","type":"image\/jpeg"}],"author":"admin","twitter_misc":{"Verfasst von":"admin","Gesch\u00e4tzte Lesezeit":"1\u00a0Minute"},"schema":{"@context":"https:\/\/schema.org","@graph":[{"@type":"Article","@id":"https:\/\/reiseblock.ch\/wordpress\/leipzig-tag-3\/#article","isPartOf":{"@id":"https:\/\/reiseblock.ch\/wordpress\/leipzig-tag-3\/"},"author":{"name":"admin","@id":"https:\/\/reiseblock.ch\/wordpress\/#\/schema\/person\/739b103f8e7941f579794d17e2187721"},"headline":"Leipzig: Tsch\u00fcss(li)","datePublished":"2014-03-16T22:00:00+00:00","dateModified":"2017-05-24T07:45:23+00:00","mainEntityOfPage":{"@id":"https:\/\/reiseblock.ch\/wordpress\/leipzig-tag-3\/"},"wordCount":245,"commentCount":0,"publisher":{"@id":"https:\/\/reiseblock.ch\/wordpress\/#\/schema\/person\/eafba14374f16d5fa4f73efd49243014"},"image":{"@id":"https:\/\/reiseblock.ch\/wordpress\/leipzig-tag-3\/#primaryimage"},"thumbnailUrl":"https:\/\/reiseblock.ch\/wordpress\/wp-content\/uploads\/2014\/03\/Kaffemuseum-e1495611634714.jpg","keywords":["Deutschland","Leipzig","Stadt"],"articleSection":["Erlebt"],"inLanguage":"de","potentialAction":[{"@type":"CommentAction","name":"Comment","target":["https:\/\/reiseblock.ch\/wordpress\/leipzig-tag-3\/#respond"]}]},{"@type":"WebPage","@id":"https:\/\/reiseblock.ch\/wordpress\/leipzig-tag-3\/","url":"https:\/\/reiseblock.ch\/wordpress\/leipzig-tag-3\/","name":"Leipzig: Tsch\u00fcss(li) &#8211; Reiseblock","isPartOf":{"@id":"https:\/\/reiseblock.ch\/wordpress\/#website"},"primaryImageOfPage":{"@id":"https:\/\/reiseblock.ch\/wordpress\/leipzig-tag-3\/#primaryimage"},"image":{"@id":"https:\/\/reiseblock.ch\/wordpress\/leipzig-tag-3\/#primaryimage"},"thumbnailUrl":"https:\/\/reiseblock.ch\/wordpress\/wp-content\/uploads\/2014\/03\/Kaffemuseum-e1495611634714.jpg","datePublished":"2014-03-16T22:00:00+00:00","dateModified":"2017-05-24T07:45:23+00:00","breadcrumb":{"@id":"https:\/\/reiseblock.ch\/wordpress\/leipzig-tag-3\/#breadcrumb"},"inLanguage":"de","potentialAction":[{"@type":"ReadAction","target":["https:\/\/reiseblock.ch\/wordpress\/leipzig-tag-3\/"]}]},{"@type":"ImageObject","inLanguage":"de","@id":"https:\/\/reiseblock.ch\/wordpress\/leipzig-tag-3\/#primaryimage","url":"https:\/\/reiseblock.ch\/wordpress\/wp-content\/uploads\/2014\/03\/Kaffemuseum-e1495611634714.jpg","contentUrl":"https:\/\/reiseblock.ch\/wordpress\/wp-content\/uploads\/2014\/03\/Kaffemuseum-e1495611634714.jpg","width":800,"height":561,"caption":"Der Eingang zum Kaffeemuseum in Leipzig"},{"@type":"BreadcrumbList","@id":"https:\/\/reiseblock.ch\/wordpress\/leipzig-tag-3\/#breadcrumb","itemListElement":[{"@type":"ListItem","position":1,"name":"Home","item":"https:\/\/reiseblock.ch\/wordpress\/"},{"@type":"ListItem","position":2,"name":"Leipzig: Tsch\u00fcss(li)"}]},{"@type":"WebSite","@id":"https:\/\/reiseblock.ch\/wordpress\/#website","url":"https:\/\/reiseblock.ch\/wordpress\/","name":"Reiseblock","description":"Ursula Kohlers ReiseWeise","publisher":{"@id":"https:\/\/reiseblock.ch\/wordpress\/#\/schema\/person\/eafba14374f16d5fa4f73efd49243014"},"potentialAction":[{"@type":"SearchAction","target":{"@type":"EntryPoint","urlTemplate":"https:\/\/reiseblock.ch\/wordpress\/?s={search_term_string}"},"query-input":{"@type":"PropertyValueSpecification","valueRequired":true,"valueName":"search_term_string"}}],"inLanguage":"de"},{"@type":["Person","Organization"],"@id":"https:\/\/reiseblock.ch\/wordpress\/#\/schema\/person\/eafba14374f16d5fa4f73efd49243014","name":"Ursula Kohler","image":{"@type":"ImageObject","inLanguage":"de","@id":"https:\/\/secure.gravatar.com\/avatar\/014d9b9a971f617638f4298cbb55f92d20b3bf0d1c9cc32f65333b2769bcf867?s=96&d=blank&r=g","url":"https:\/\/secure.gravatar.com\/avatar\/014d9b9a971f617638f4298cbb55f92d20b3bf0d1c9cc32f65333b2769bcf867?s=96&d=blank&r=g","contentUrl":"https:\/\/secure.gravatar.com\/avatar\/014d9b9a971f617638f4298cbb55f92d20b3bf0d1c9cc32f65333b2769bcf867?s=96&d=blank&r=g","caption":"Ursula Kohler"},"logo":{"@id":"https:\/\/secure.gravatar.com\/avatar\/014d9b9a971f617638f4298cbb55f92d20b3bf0d1c9cc32f65333b2769bcf867?s=96&d=blank&r=g"}},{"@type":"Person","@id":"https:\/\/reiseblock.ch\/wordpress\/#\/schema\/person\/739b103f8e7941f579794d17e2187721","name":"admin","image":{"@type":"ImageObject","inLanguage":"de","@id":"https:\/\/secure.gravatar.com\/avatar\/a0f702f22ecd58ce02800a54cb2055cabe1fa8d7cf75ab377ce2f2b8503f188c?s=96&d=blank&r=g","url":"https:\/\/secure.gravatar.com\/avatar\/a0f702f22ecd58ce02800a54cb2055cabe1fa8d7cf75ab377ce2f2b8503f188c?s=96&d=blank&r=g","contentUrl":"https:\/\/secure.gravatar.com\/avatar\/a0f702f22ecd58ce02800a54cb2055cabe1fa8d7cf75ab377ce2f2b8503f188c?s=96&d=blank&r=g","caption":"admin"},"url":"https:\/\/reiseblock.ch\/wordpress\/author\/admin\/"}]}},"_links":{"self":[{"href":"https:\/\/reiseblock.ch\/wordpress\/wp-json\/wp\/v2\/posts\/351","targetHints":{"allow":["GET"]}}],"collection":[{"href":"https:\/\/reiseblock.ch\/wordpress\/wp-json\/wp\/v2\/posts"}],"about":[{"href":"https:\/\/reiseblock.ch\/wordpress\/wp-json\/wp\/v2\/types\/post"}],"author":[{"embeddable":true,"href":"https:\/\/reiseblock.ch\/wordpress\/wp-json\/wp\/v2\/users\/1"}],"replies":[{"embeddable":true,"href":"https:\/\/reiseblock.ch\/wordpress\/wp-json\/wp\/v2\/comments?post=351"}],"version-history":[{"count":18,"href":"https:\/\/reiseblock.ch\/wordpress\/wp-json\/wp\/v2\/posts\/351\/revisions"}],"predecessor-version":[{"id":1833,"href":"https:\/\/reiseblock.ch\/wordpress\/wp-json\/wp\/v2\/posts\/351\/revisions\/1833"}],"wp:featuredmedia":[{"embeddable":true,"href":"https:\/\/reiseblock.ch\/wordpress\/wp-json\/wp\/v2\/media\/337"}],"wp:attachment":[{"href":"https:\/\/reiseblock.ch\/wordpress\/wp-json\/wp\/v2\/media?parent=351"}],"wp:term":[{"taxonomy":"category","embeddable":true,"href":"https:\/\/reiseblock.ch\/wordpress\/wp-json\/wp\/v2\/categories?post=351"},{"taxonomy":"post_tag","embeddable":true,"href":"https:\/\/reiseblock.ch\/wordpress\/wp-json\/wp\/v2\/tags?post=351"}],"curies":[{"name":"wp","href":"https:\/\/api.w.org\/{rel}","templated":true}]}}