{"id":346,"date":"2014-03-15T22:00:53","date_gmt":"2014-03-15T22:00:53","guid":{"rendered":"http:\/\/reiseblock.ch\/wordpress\/?p=346"},"modified":"2017-05-24T09:46:44","modified_gmt":"2017-05-24T07:46:44","slug":"346","status":"publish","type":"post","link":"https:\/\/reiseblock.ch\/wordpress\/346\/","title":{"rendered":"Leipzig: Tag 2"},"content":{"rendered":"<div id=\"attachment_343\" style=\"width: 710px\" class=\"wp-caption aligncenter\"><a href=\"http:\/\/reiseblock.ch\/wordpress\/wp-content\/uploads\/2014\/03\/Schweizer_Stand.jpg\"><img loading=\"lazy\" decoding=\"async\" aria-describedby=\"caption-attachment-343\" class=\"wp-image-343 size-large\" src=\"http:\/\/reiseblock.ch\/wordpress\/wp-content\/uploads\/2014\/03\/Schweizer_Stand-1024x764.jpg\" alt=\"Der Schweizer Gemeinschaftsstand \u2013 immer gut besucht\" width=\"700\" height=\"522\" \/><\/a><p id=\"caption-attachment-343\" class=\"wp-caption-text\">Der Schweizer Gemeinschaftsstand \u2013 immer gut besucht<\/p><\/div>\n<p><span style=\"font-family: Book Antiqua,Palatino; font-size: 12pt;\">Auch bei guter Vorbereitung kommt es anders als geplant. Die vielen Besucherinnen und Besucher an diesem Samstag lassen mich zum Teil bei sorgf\u00e4ltig ausgesuchten Veranstaltungen fl\u00fcchten.<!--more--> Leipzig ist eine Publikumsmesse, das wird sp\u00e4testens heute klar. Aber es gibt ja nicht nur das Messegel\u00e4nde, sondern auch diverse Veranstaltungen in der Stadt. Im Schauspielhaus diskutieren und lesen Autorinnen und Autoren wie Lukas \u00a0B\u00e4rfuss, Peter Stamm, Melinda Nadj Abonji, Milena Moser. Und sind im Get\u00fcmmel der vielen Menschen erste Sinnfragen solcher Riesenveranstaltungen aufgetaucht, so verfl\u00fcchtigen sich diese am Abend wieder. Die Schweiz und Leipzig, das scheint ganz gut zusammenzugehen.<\/span><\/p>\n<p><span style=\"font-family: Book Antiqua,Palatino; font-size: 12pt;\"><a href=\"http:\/\/reiseblock.ch\/wordpress\/wp-content\/uploads\/2014\/03\/Manga_1.jpg\"><img loading=\"lazy\" decoding=\"async\" class=\"alignleft size-thumbnail wp-image-339\" src=\"http:\/\/reiseblock.ch\/wordpress\/wp-content\/uploads\/2014\/03\/Manga_1-150x150.jpg\" alt=\"Manga_1\" width=\"150\" height=\"150\" srcset=\"https:\/\/reiseblock.ch\/wordpress\/wp-content\/uploads\/2014\/03\/Manga_1-150x150.jpg 150w, https:\/\/reiseblock.ch\/wordpress\/wp-content\/uploads\/2014\/03\/Manga_1-50x50.jpg 50w\" sizes=\"auto, (max-width: 150px) 100vw, 150px\" \/><\/a>Immer wieder tauchen verkleidete Figuren an der Messe auf. Ich brauche zwei Tage, um richtig zu verstehen, was es mit diesen \u00abschr\u00e4gen V\u00f6geln\u00bb auf sich hat. Es sind junge Besucherinnen und Besucher der Manga-Messe, offiziell Manga Comic Convention, die zusammen mit der Buchmesse stattfindet. Sie verkleiden sich nach ihren Lieblingsfiguren der japanischen Comics oder lassen ihrer Fantasie einfach freien Lauf.<\/span><\/p>\n","protected":false},"excerpt":{"rendered":"<p>Auch bei guter Vorbereitung kommt es anders als geplant. Die vielen Besucherinnen und Besucher an diesem Samstag lassen mich zum Teil bei sorgf\u00e4ltig ausgesuchten Veranstaltungen [&#8230;]<\/p>\n","protected":false},"author":1,"featured_media":343,"comment_status":"open","ping_status":"open","sticky":false,"template":"","format":"standard","meta":{"footnotes":""},"categories":[10],"tags":[22,20,19],"class_list":["post-346","post","type-post","status-publish","format-standard","has-post-thumbnail","hentry","category-erlebt","tag-buchmesse","tag-deutschland","tag-leipzig"],"yoast_head":"<!-- This site is optimized with the Yoast SEO plugin v27.8 - https:\/\/yoast.com\/product\/yoast-seo-wordpress\/ -->\n<title>Leipzig: Tag 2 &#8211; Reiseblock<\/title>\n<meta name=\"robots\" content=\"index, follow, max-snippet:-1, max-image-preview:large, max-video-preview:-1\" \/>\n<link rel=\"canonical\" href=\"https:\/\/reiseblock.ch\/wordpress\/346\/\" \/>\n<meta property=\"og:locale\" content=\"de_DE\" \/>\n<meta property=\"og:type\" content=\"article\" \/>\n<meta property=\"og:title\" content=\"Leipzig: Tag 2 &#8211; Reiseblock\" \/>\n<meta property=\"og:description\" content=\"Auch bei guter Vorbereitung kommt es anders als geplant. Die vielen Besucherinnen und Besucher an diesem Samstag lassen mich zum Teil bei sorgf\u00e4ltig ausgesuchten Veranstaltungen [...]\" \/>\n<meta property=\"og:url\" content=\"https:\/\/reiseblock.ch\/wordpress\/346\/\" \/>\n<meta property=\"og:site_name\" content=\"Reiseblock\" \/>\n<meta property=\"article:published_time\" content=\"2014-03-15T22:00:53+00:00\" \/>\n<meta property=\"article:modified_time\" content=\"2017-05-24T07:46:44+00:00\" \/>\n<meta property=\"og:image\" content=\"https:\/\/reiseblock.ch\/wordpress\/wp-content\/uploads\/2014\/03\/Schweizer_Stand-e1495611956325.jpg\" \/>\n\t<meta property=\"og:image:width\" content=\"800\" \/>\n\t<meta property=\"og:image:height\" content=\"597\" \/>\n\t<meta property=\"og:image:type\" content=\"image\/jpeg\" \/>\n<meta name=\"author\" content=\"admin\" \/>\n<meta name=\"twitter:label1\" content=\"Verfasst von\" \/>\n\t<meta name=\"twitter:data1\" content=\"admin\" \/>\n\t<meta name=\"twitter:label2\" content=\"Gesch\u00e4tzte Lesezeit\" \/>\n\t<meta name=\"twitter:data2\" content=\"1\u00a0Minute\" \/>\n<script type=\"application\/ld+json\" class=\"yoast-schema-graph\">{\"@context\":\"https:\\\/\\\/schema.org\",\"@graph\":[{\"@type\":\"Article\",\"@id\":\"https:\\\/\\\/reiseblock.ch\\\/wordpress\\\/346\\\/#article\",\"isPartOf\":{\"@id\":\"https:\\\/\\\/reiseblock.ch\\\/wordpress\\\/346\\\/\"},\"author\":{\"name\":\"admin\",\"@id\":\"https:\\\/\\\/reiseblock.ch\\\/wordpress\\\/#\\\/schema\\\/person\\\/739b103f8e7941f579794d17e2187721\"},\"headline\":\"Leipzig: Tag 2\",\"datePublished\":\"2014-03-15T22:00:53+00:00\",\"dateModified\":\"2017-05-24T07:46:44+00:00\",\"mainEntityOfPage\":{\"@id\":\"https:\\\/\\\/reiseblock.ch\\\/wordpress\\\/346\\\/\"},\"wordCount\":180,\"commentCount\":0,\"publisher\":{\"@id\":\"https:\\\/\\\/reiseblock.ch\\\/wordpress\\\/#\\\/schema\\\/person\\\/eafba14374f16d5fa4f73efd49243014\"},\"image\":{\"@id\":\"https:\\\/\\\/reiseblock.ch\\\/wordpress\\\/346\\\/#primaryimage\"},\"thumbnailUrl\":\"https:\\\/\\\/reiseblock.ch\\\/wordpress\\\/wp-content\\\/uploads\\\/2014\\\/03\\\/Schweizer_Stand-e1495611956325.jpg\",\"keywords\":[\"Buchmesse\",\"Deutschland\",\"Leipzig\"],\"articleSection\":[\"Erlebt\"],\"inLanguage\":\"de\",\"potentialAction\":[{\"@type\":\"CommentAction\",\"name\":\"Comment\",\"target\":[\"https:\\\/\\\/reiseblock.ch\\\/wordpress\\\/346\\\/#respond\"]}]},{\"@type\":\"WebPage\",\"@id\":\"https:\\\/\\\/reiseblock.ch\\\/wordpress\\\/346\\\/\",\"url\":\"https:\\\/\\\/reiseblock.ch\\\/wordpress\\\/346\\\/\",\"name\":\"Leipzig: Tag 2 &#8211; Reiseblock\",\"isPartOf\":{\"@id\":\"https:\\\/\\\/reiseblock.ch\\\/wordpress\\\/#website\"},\"primaryImageOfPage\":{\"@id\":\"https:\\\/\\\/reiseblock.ch\\\/wordpress\\\/346\\\/#primaryimage\"},\"image\":{\"@id\":\"https:\\\/\\\/reiseblock.ch\\\/wordpress\\\/346\\\/#primaryimage\"},\"thumbnailUrl\":\"https:\\\/\\\/reiseblock.ch\\\/wordpress\\\/wp-content\\\/uploads\\\/2014\\\/03\\\/Schweizer_Stand-e1495611956325.jpg\",\"datePublished\":\"2014-03-15T22:00:53+00:00\",\"dateModified\":\"2017-05-24T07:46:44+00:00\",\"breadcrumb\":{\"@id\":\"https:\\\/\\\/reiseblock.ch\\\/wordpress\\\/346\\\/#breadcrumb\"},\"inLanguage\":\"de\",\"potentialAction\":[{\"@type\":\"ReadAction\",\"target\":[\"https:\\\/\\\/reiseblock.ch\\\/wordpress\\\/346\\\/\"]}]},{\"@type\":\"ImageObject\",\"inLanguage\":\"de\",\"@id\":\"https:\\\/\\\/reiseblock.ch\\\/wordpress\\\/346\\\/#primaryimage\",\"url\":\"https:\\\/\\\/reiseblock.ch\\\/wordpress\\\/wp-content\\\/uploads\\\/2014\\\/03\\\/Schweizer_Stand-e1495611956325.jpg\",\"contentUrl\":\"https:\\\/\\\/reiseblock.ch\\\/wordpress\\\/wp-content\\\/uploads\\\/2014\\\/03\\\/Schweizer_Stand-e1495611956325.jpg\",\"width\":800,\"height\":597,\"caption\":\"Der Schweizer Gemeinschaftsstand \u2013 immer gut besucht\"},{\"@type\":\"BreadcrumbList\",\"@id\":\"https:\\\/\\\/reiseblock.ch\\\/wordpress\\\/346\\\/#breadcrumb\",\"itemListElement\":[{\"@type\":\"ListItem\",\"position\":1,\"name\":\"Home\",\"item\":\"https:\\\/\\\/reiseblock.ch\\\/wordpress\\\/\"},{\"@type\":\"ListItem\",\"position\":2,\"name\":\"Leipzig: Tag 2\"}]},{\"@type\":\"WebSite\",\"@id\":\"https:\\\/\\\/reiseblock.ch\\\/wordpress\\\/#website\",\"url\":\"https:\\\/\\\/reiseblock.ch\\\/wordpress\\\/\",\"name\":\"Reiseblock\",\"description\":\"Ursula Kohlers ReiseWeise\",\"publisher\":{\"@id\":\"https:\\\/\\\/reiseblock.ch\\\/wordpress\\\/#\\\/schema\\\/person\\\/eafba14374f16d5fa4f73efd49243014\"},\"potentialAction\":[{\"@type\":\"SearchAction\",\"target\":{\"@type\":\"EntryPoint\",\"urlTemplate\":\"https:\\\/\\\/reiseblock.ch\\\/wordpress\\\/?s={search_term_string}\"},\"query-input\":{\"@type\":\"PropertyValueSpecification\",\"valueRequired\":true,\"valueName\":\"search_term_string\"}}],\"inLanguage\":\"de\"},{\"@type\":[\"Person\",\"Organization\"],\"@id\":\"https:\\\/\\\/reiseblock.ch\\\/wordpress\\\/#\\\/schema\\\/person\\\/eafba14374f16d5fa4f73efd49243014\",\"name\":\"Ursula Kohler\",\"image\":{\"@type\":\"ImageObject\",\"inLanguage\":\"de\",\"@id\":\"https:\\\/\\\/secure.gravatar.com\\\/avatar\\\/014d9b9a971f617638f4298cbb55f92d20b3bf0d1c9cc32f65333b2769bcf867?s=96&d=blank&r=g\",\"url\":\"https:\\\/\\\/secure.gravatar.com\\\/avatar\\\/014d9b9a971f617638f4298cbb55f92d20b3bf0d1c9cc32f65333b2769bcf867?s=96&d=blank&r=g\",\"contentUrl\":\"https:\\\/\\\/secure.gravatar.com\\\/avatar\\\/014d9b9a971f617638f4298cbb55f92d20b3bf0d1c9cc32f65333b2769bcf867?s=96&d=blank&r=g\",\"caption\":\"Ursula Kohler\"},\"logo\":{\"@id\":\"https:\\\/\\\/secure.gravatar.com\\\/avatar\\\/014d9b9a971f617638f4298cbb55f92d20b3bf0d1c9cc32f65333b2769bcf867?s=96&d=blank&r=g\"}},{\"@type\":\"Person\",\"@id\":\"https:\\\/\\\/reiseblock.ch\\\/wordpress\\\/#\\\/schema\\\/person\\\/739b103f8e7941f579794d17e2187721\",\"name\":\"admin\",\"image\":{\"@type\":\"ImageObject\",\"inLanguage\":\"de\",\"@id\":\"https:\\\/\\\/secure.gravatar.com\\\/avatar\\\/a0f702f22ecd58ce02800a54cb2055cabe1fa8d7cf75ab377ce2f2b8503f188c?s=96&d=blank&r=g\",\"url\":\"https:\\\/\\\/secure.gravatar.com\\\/avatar\\\/a0f702f22ecd58ce02800a54cb2055cabe1fa8d7cf75ab377ce2f2b8503f188c?s=96&d=blank&r=g\",\"contentUrl\":\"https:\\\/\\\/secure.gravatar.com\\\/avatar\\\/a0f702f22ecd58ce02800a54cb2055cabe1fa8d7cf75ab377ce2f2b8503f188c?s=96&d=blank&r=g\",\"caption\":\"admin\"},\"url\":\"https:\\\/\\\/reiseblock.ch\\\/wordpress\\\/author\\\/admin\\\/\"}]}<\/script>\n<!-- \/ Yoast SEO plugin. -->","yoast_head_json":{"title":"Leipzig: Tag 2 &#8211; Reiseblock","robots":{"index":"index","follow":"follow","max-snippet":"max-snippet:-1","max-image-preview":"max-image-preview:large","max-video-preview":"max-video-preview:-1"},"canonical":"https:\/\/reiseblock.ch\/wordpress\/346\/","og_locale":"de_DE","og_type":"article","og_title":"Leipzig: Tag 2 &#8211; Reiseblock","og_description":"Auch bei guter Vorbereitung kommt es anders als geplant. Die vielen Besucherinnen und Besucher an diesem Samstag lassen mich zum Teil bei sorgf\u00e4ltig ausgesuchten Veranstaltungen [...]","og_url":"https:\/\/reiseblock.ch\/wordpress\/346\/","og_site_name":"Reiseblock","article_published_time":"2014-03-15T22:00:53+00:00","article_modified_time":"2017-05-24T07:46:44+00:00","og_image":[{"width":800,"height":597,"url":"https:\/\/reiseblock.ch\/wordpress\/wp-content\/uploads\/2014\/03\/Schweizer_Stand-e1495611956325.jpg","type":"image\/jpeg"}],"author":"admin","twitter_misc":{"Verfasst von":"admin","Gesch\u00e4tzte Lesezeit":"1\u00a0Minute"},"schema":{"@context":"https:\/\/schema.org","@graph":[{"@type":"Article","@id":"https:\/\/reiseblock.ch\/wordpress\/346\/#article","isPartOf":{"@id":"https:\/\/reiseblock.ch\/wordpress\/346\/"},"author":{"name":"admin","@id":"https:\/\/reiseblock.ch\/wordpress\/#\/schema\/person\/739b103f8e7941f579794d17e2187721"},"headline":"Leipzig: Tag 2","datePublished":"2014-03-15T22:00:53+00:00","dateModified":"2017-05-24T07:46:44+00:00","mainEntityOfPage":{"@id":"https:\/\/reiseblock.ch\/wordpress\/346\/"},"wordCount":180,"commentCount":0,"publisher":{"@id":"https:\/\/reiseblock.ch\/wordpress\/#\/schema\/person\/eafba14374f16d5fa4f73efd49243014"},"image":{"@id":"https:\/\/reiseblock.ch\/wordpress\/346\/#primaryimage"},"thumbnailUrl":"https:\/\/reiseblock.ch\/wordpress\/wp-content\/uploads\/2014\/03\/Schweizer_Stand-e1495611956325.jpg","keywords":["Buchmesse","Deutschland","Leipzig"],"articleSection":["Erlebt"],"inLanguage":"de","potentialAction":[{"@type":"CommentAction","name":"Comment","target":["https:\/\/reiseblock.ch\/wordpress\/346\/#respond"]}]},{"@type":"WebPage","@id":"https:\/\/reiseblock.ch\/wordpress\/346\/","url":"https:\/\/reiseblock.ch\/wordpress\/346\/","name":"Leipzig: Tag 2 &#8211; Reiseblock","isPartOf":{"@id":"https:\/\/reiseblock.ch\/wordpress\/#website"},"primaryImageOfPage":{"@id":"https:\/\/reiseblock.ch\/wordpress\/346\/#primaryimage"},"image":{"@id":"https:\/\/reiseblock.ch\/wordpress\/346\/#primaryimage"},"thumbnailUrl":"https:\/\/reiseblock.ch\/wordpress\/wp-content\/uploads\/2014\/03\/Schweizer_Stand-e1495611956325.jpg","datePublished":"2014-03-15T22:00:53+00:00","dateModified":"2017-05-24T07:46:44+00:00","breadcrumb":{"@id":"https:\/\/reiseblock.ch\/wordpress\/346\/#breadcrumb"},"inLanguage":"de","potentialAction":[{"@type":"ReadAction","target":["https:\/\/reiseblock.ch\/wordpress\/346\/"]}]},{"@type":"ImageObject","inLanguage":"de","@id":"https:\/\/reiseblock.ch\/wordpress\/346\/#primaryimage","url":"https:\/\/reiseblock.ch\/wordpress\/wp-content\/uploads\/2014\/03\/Schweizer_Stand-e1495611956325.jpg","contentUrl":"https:\/\/reiseblock.ch\/wordpress\/wp-content\/uploads\/2014\/03\/Schweizer_Stand-e1495611956325.jpg","width":800,"height":597,"caption":"Der Schweizer Gemeinschaftsstand \u2013 immer gut besucht"},{"@type":"BreadcrumbList","@id":"https:\/\/reiseblock.ch\/wordpress\/346\/#breadcrumb","itemListElement":[{"@type":"ListItem","position":1,"name":"Home","item":"https:\/\/reiseblock.ch\/wordpress\/"},{"@type":"ListItem","position":2,"name":"Leipzig: Tag 2"}]},{"@type":"WebSite","@id":"https:\/\/reiseblock.ch\/wordpress\/#website","url":"https:\/\/reiseblock.ch\/wordpress\/","name":"Reiseblock","description":"Ursula Kohlers ReiseWeise","publisher":{"@id":"https:\/\/reiseblock.ch\/wordpress\/#\/schema\/person\/eafba14374f16d5fa4f73efd49243014"},"potentialAction":[{"@type":"SearchAction","target":{"@type":"EntryPoint","urlTemplate":"https:\/\/reiseblock.ch\/wordpress\/?s={search_term_string}"},"query-input":{"@type":"PropertyValueSpecification","valueRequired":true,"valueName":"search_term_string"}}],"inLanguage":"de"},{"@type":["Person","Organization"],"@id":"https:\/\/reiseblock.ch\/wordpress\/#\/schema\/person\/eafba14374f16d5fa4f73efd49243014","name":"Ursula Kohler","image":{"@type":"ImageObject","inLanguage":"de","@id":"https:\/\/secure.gravatar.com\/avatar\/014d9b9a971f617638f4298cbb55f92d20b3bf0d1c9cc32f65333b2769bcf867?s=96&d=blank&r=g","url":"https:\/\/secure.gravatar.com\/avatar\/014d9b9a971f617638f4298cbb55f92d20b3bf0d1c9cc32f65333b2769bcf867?s=96&d=blank&r=g","contentUrl":"https:\/\/secure.gravatar.com\/avatar\/014d9b9a971f617638f4298cbb55f92d20b3bf0d1c9cc32f65333b2769bcf867?s=96&d=blank&r=g","caption":"Ursula Kohler"},"logo":{"@id":"https:\/\/secure.gravatar.com\/avatar\/014d9b9a971f617638f4298cbb55f92d20b3bf0d1c9cc32f65333b2769bcf867?s=96&d=blank&r=g"}},{"@type":"Person","@id":"https:\/\/reiseblock.ch\/wordpress\/#\/schema\/person\/739b103f8e7941f579794d17e2187721","name":"admin","image":{"@type":"ImageObject","inLanguage":"de","@id":"https:\/\/secure.gravatar.com\/avatar\/a0f702f22ecd58ce02800a54cb2055cabe1fa8d7cf75ab377ce2f2b8503f188c?s=96&d=blank&r=g","url":"https:\/\/secure.gravatar.com\/avatar\/a0f702f22ecd58ce02800a54cb2055cabe1fa8d7cf75ab377ce2f2b8503f188c?s=96&d=blank&r=g","contentUrl":"https:\/\/secure.gravatar.com\/avatar\/a0f702f22ecd58ce02800a54cb2055cabe1fa8d7cf75ab377ce2f2b8503f188c?s=96&d=blank&r=g","caption":"admin"},"url":"https:\/\/reiseblock.ch\/wordpress\/author\/admin\/"}]}},"_links":{"self":[{"href":"https:\/\/reiseblock.ch\/wordpress\/wp-json\/wp\/v2\/posts\/346","targetHints":{"allow":["GET"]}}],"collection":[{"href":"https:\/\/reiseblock.ch\/wordpress\/wp-json\/wp\/v2\/posts"}],"about":[{"href":"https:\/\/reiseblock.ch\/wordpress\/wp-json\/wp\/v2\/types\/post"}],"author":[{"embeddable":true,"href":"https:\/\/reiseblock.ch\/wordpress\/wp-json\/wp\/v2\/users\/1"}],"replies":[{"embeddable":true,"href":"https:\/\/reiseblock.ch\/wordpress\/wp-json\/wp\/v2\/comments?post=346"}],"version-history":[{"count":11,"href":"https:\/\/reiseblock.ch\/wordpress\/wp-json\/wp\/v2\/posts\/346\/revisions"}],"predecessor-version":[{"id":1834,"href":"https:\/\/reiseblock.ch\/wordpress\/wp-json\/wp\/v2\/posts\/346\/revisions\/1834"}],"wp:featuredmedia":[{"embeddable":true,"href":"https:\/\/reiseblock.ch\/wordpress\/wp-json\/wp\/v2\/media\/343"}],"wp:attachment":[{"href":"https:\/\/reiseblock.ch\/wordpress\/wp-json\/wp\/v2\/media?parent=346"}],"wp:term":[{"taxonomy":"category","embeddable":true,"href":"https:\/\/reiseblock.ch\/wordpress\/wp-json\/wp\/v2\/categories?post=346"},{"taxonomy":"post_tag","embeddable":true,"href":"https:\/\/reiseblock.ch\/wordpress\/wp-json\/wp\/v2\/tags?post=346"}],"curies":[{"name":"wp","href":"https:\/\/api.w.org\/{rel}","templated":true}]}}