{"id":3444,"date":"2025-07-12T09:39:00","date_gmt":"2025-07-12T07:39:00","guid":{"rendered":"https:\/\/reiseblock.ch\/wordpress\/?p=3444"},"modified":"2025-07-12T18:31:09","modified_gmt":"2025-07-12T16:31:09","slug":"minitour-inklusive-museum","status":"publish","type":"post","link":"https:\/\/reiseblock.ch\/wordpress\/minitour-inklusive-museum\/","title":{"rendered":"Minitour inklusive Museum"},"content":{"rendered":"\n<p><em>Die Tour von Hombrechtikon nach St\u00e4fa ist kurz. Das hat aber seinen Grund: Schliesslich brauchen wir noch Energie f\u00fcr den anschliessenden Besuch im Museum Farb.<\/em><\/p>\n\n\n<div id=\"metaslider-id-3448\" style=\"max-width: 750px; margin: 0 auto;\" class=\"ml-slider-3-109-0 metaslider metaslider-nivo metaslider-3448 ml-slider ms-theme-default\" role=\"region\" aria-label=\"Neue Slideshow\" data-height=\"550\" data-width=\"750\">\n    <div id=\"metaslider_container_3448\">\n        <div class='slider-wrapper theme-default'><div class='ribbon'><\/div><div id='metaslider_3448' class='nivoSlider'><img loading=\"lazy\" decoding=\"async\" src=\"https:\/\/reiseblock.ch\/wordpress\/wp-content\/uploads\/2021\/07\/Weg-454x333.jpg\" height=\"550\" width=\"750\" data-caption=\"Auf dem Weg von Hombrechtikon nach St&auml;fa\" title=\"Weg\" alt=\"\" class=\"slider-3448 slide-3457 msDefaultImage\" \/><img loading=\"lazy\" decoding=\"async\" src=\"https:\/\/reiseblock.ch\/wordpress\/wp-content\/uploads\/2021\/07\/Landschaft-454x333.jpg\" height=\"550\" width=\"750\" data-caption=\"Durch weite Landschaft wandern\" title=\"Landschaft\" alt=\"\" class=\"slider-3448 slide-3459 msDefaultImage\" \/><img loading=\"lazy\" decoding=\"async\" src=\"https:\/\/reiseblock.ch\/wordpress\/wp-content\/uploads\/2021\/07\/Museum-1-500x366.jpg\" height=\"550\" width=\"750\" data-caption=\"Das sch&ouml;ne Museum zur Farb in St&auml;fa\" title=\"Museum\" alt=\"\" class=\"slider-3448 slide-3458 msDefaultImage\" \/><img loading=\"lazy\" decoding=\"async\" src=\"https:\/\/reiseblock.ch\/wordpress\/wp-content\/uploads\/2021\/07\/Kueche_2-425x312.jpg\" height=\"550\" width=\"750\" data-caption=\"Im Museum steht noch eine alte K&uuml;che\" title=\"Kueche_2\" alt=\"\" class=\"slider-3448 slide-3461 msDefaultImage\" \/><img loading=\"lazy\" decoding=\"async\" src=\"https:\/\/reiseblock.ch\/wordpress\/wp-content\/uploads\/2021\/07\/haus-426x313.jpg\" height=\"550\" width=\"750\" data-caption=\"Die gute alte Stube\" title=\"haus\" alt=\"\" class=\"slider-3448 slide-3462 msDefaultImage\" \/><img loading=\"lazy\" decoding=\"async\" src=\"https:\/\/reiseblock.ch\/wordpress\/wp-content\/uploads\/2021\/07\/Faerberkamille-454x333.jpg\" height=\"550\" width=\"750\" data-caption=\"Im Museumsgarten findet sich die F&auml;rberkamille\" title=\"Faerberkamille\" alt=\"\" class=\"slider-3448 slide-3463 msDefaultImage\" \/><img loading=\"lazy\" decoding=\"async\" src=\"https:\/\/reiseblock.ch\/wordpress\/wp-content\/uploads\/2021\/07\/Eingang_Museum-495x363.jpg\" height=\"550\" width=\"750\" data-caption=\"Vor dem Eingang des Museums l&auml;sst sich ruhen\" title=\"Eingang_Museum\" alt=\"\" class=\"slider-3448 slide-3464 msDefaultImage\" \/><\/div><\/div>\n        \n    <\/div>\n<\/div>\n\n\n\n<p>Start ist bei der Busstation Hombrechtikon, D\u00f6rfli. Von Bubikon aus hat uns der Bus bis hierher gefahren. Und nun f\u00fchrt der Wanderweg direkt bis an den Z\u00fcrichsee. Ein kleines St\u00fcck wandern wir sogar auf dem Z\u00fcrichsee-Rundweg, bevor wir Richtung St\u00e4fa abzweigen. <\/p>\n\n\n\n<p><strong>Museum zur Farb<\/strong><\/p>\n\n\n\n<p>Eine knappe Stunde nur dauert der Weg durch Wald und Wiesen, bis wir in St\u00e4fa Dorf ankommen. Hier befindet sich das Museum zur Farb, unser eigentliches Ziel des heutigen Tages. In den Sommermonaten (ausser Sommerferien) hat es immer sonntags von 14 bis 17 Uhr und donnerstags von 18 bis 21 Uhr ge\u00f6ffnet. Der Empfang ist sehr freundlich und pers\u00f6nlich. Wir werden durch das <a href=\"https:\/\/lesegesellschaft.ch\/museum-zur-farb\" target=\"_blank\" rel=\"noreferrer noopener\">Haus<\/a> gef\u00fchrt, das eine bewegte Geschichte hinter sich hat.<\/p>\n\n\n\n<p>In der Dauerausstellung wird der St\u00e4fner Handel beschreiben, ein Konflikt zwischen der Landbev\u00f6lkerung und der Stadt. Es ist die Zeit nach der Franz\u00f6sischen Revolution Ende des 18. Jahrhunderts. <\/p>\n\n\n\n<p>Bereits 1730 hat der F\u00e4rbermeister Johannes Pfenninger das Haus erweitert und darin eine F\u00e4rberei betrieben. Seit 1944 ist das Haus im Besitz der St\u00e4fner Lesegesellschaft.<\/p>\n\n\n\n<p><strong>Sonderausstellungen<\/strong><\/p>\n\n\n\n<p>Neben den Dauerausstellungen werden regelm\u00e4ssig Sonderausstellungen angeboten. Zurzeit ist sie dem K\u00fcnstler Karl Landolt zum 100. Geburtstag gewidmet. <\/p>\n\n\n\n<p><strong>Schifffahrt zum Abschluss<\/strong><\/p>\n\n\n\n<p>Vom Museum aus ist es nur ein kurzer Weg an den See. Die anregende Tour mit Museumsbesuch kann ideal mit einer <a href=\"https:\/\/www.zsg.ch\/de\/\" target=\"_blank\" rel=\"noreferrer noopener\">Schifffahrt<\/a> auf dem Z\u00fcrichsee abgerundet werden.<\/p>\n\n\n\n<p><\/p>\n","protected":false},"excerpt":{"rendered":"<p>Die Tour von Hombrechtikon nach St\u00e4fa ist kurz. Das hat aber seinen Grund: Schliesslich brauchen wir noch Energie f\u00fcr den anschliessenden Besuch im Museum Farb.<\/p>\n","protected":false},"author":5,"featured_media":3456,"comment_status":"open","ping_status":"open","sticky":false,"template":"","format":"standard","meta":{"footnotes":""},"categories":[6],"tags":[],"class_list":["post-3444","post","type-post","status-publish","format-standard","has-post-thumbnail","hentry","category-beitrag"],"yoast_head":"<!-- This site is optimized with the Yoast SEO plugin v27.8 - https:\/\/yoast.com\/product\/yoast-seo-wordpress\/ -->\n<title>Minitour inklusive Museum &#8211; Reiseblock<\/title>\n<meta name=\"description\" content=\"Eine kurze Route von Hombrechtikon nach St\u00e4fa f\u00fchrt direkt beim Museum zur Farb vorbei. Ein Besuch lohnt sich.\" \/>\n<meta name=\"robots\" content=\"index, follow, max-snippet:-1, max-image-preview:large, max-video-preview:-1\" \/>\n<link rel=\"canonical\" href=\"https:\/\/reiseblock.ch\/wordpress\/minitour-inklusive-museum\/\" \/>\n<meta property=\"og:locale\" content=\"de_DE\" \/>\n<meta property=\"og:type\" content=\"article\" \/>\n<meta property=\"og:title\" content=\"Minitour inklusive Museum &#8211; Reiseblock\" \/>\n<meta property=\"og:description\" content=\"Eine kurze Route von Hombrechtikon nach St\u00e4fa f\u00fchrt direkt beim Museum zur Farb vorbei. Ein Besuch lohnt sich.\" \/>\n<meta property=\"og:url\" content=\"https:\/\/reiseblock.ch\/wordpress\/minitour-inklusive-museum\/\" \/>\n<meta property=\"og:site_name\" content=\"Reiseblock\" \/>\n<meta property=\"article:published_time\" content=\"2025-07-12T07:39:00+00:00\" \/>\n<meta property=\"article:modified_time\" content=\"2025-07-12T16:31:09+00:00\" \/>\n<meta property=\"og:image\" content=\"https:\/\/reiseblock.ch\/wordpress\/wp-content\/uploads\/2021\/07\/Weg.jpg\" \/>\n\t<meta property=\"og:image:width\" content=\"500\" \/>\n\t<meta property=\"og:image:height\" content=\"333\" \/>\n\t<meta property=\"og:image:type\" content=\"image\/jpeg\" \/>\n<meta name=\"author\" content=\"Ursula Kohler\" \/>\n<meta name=\"twitter:label1\" content=\"Verfasst von\" \/>\n\t<meta name=\"twitter:data1\" content=\"Ursula Kohler\" \/>\n\t<meta name=\"twitter:label2\" content=\"Gesch\u00e4tzte Lesezeit\" \/>\n\t<meta name=\"twitter:data2\" content=\"2\u00a0Minuten\" \/>\n<script type=\"application\/ld+json\" class=\"yoast-schema-graph\">{\"@context\":\"https:\\\/\\\/schema.org\",\"@graph\":[{\"@type\":\"Article\",\"@id\":\"https:\\\/\\\/reiseblock.ch\\\/wordpress\\\/minitour-inklusive-museum\\\/#article\",\"isPartOf\":{\"@id\":\"https:\\\/\\\/reiseblock.ch\\\/wordpress\\\/minitour-inklusive-museum\\\/\"},\"author\":{\"name\":\"Ursula Kohler\",\"@id\":\"https:\\\/\\\/reiseblock.ch\\\/wordpress\\\/#\\\/schema\\\/person\\\/eafba14374f16d5fa4f73efd49243014\"},\"headline\":\"Minitour inklusive Museum\",\"datePublished\":\"2025-07-12T07:39:00+00:00\",\"dateModified\":\"2025-07-12T16:31:09+00:00\",\"mainEntityOfPage\":{\"@id\":\"https:\\\/\\\/reiseblock.ch\\\/wordpress\\\/minitour-inklusive-museum\\\/\"},\"wordCount\":261,\"commentCount\":0,\"publisher\":{\"@id\":\"https:\\\/\\\/reiseblock.ch\\\/wordpress\\\/#\\\/schema\\\/person\\\/eafba14374f16d5fa4f73efd49243014\"},\"image\":{\"@id\":\"https:\\\/\\\/reiseblock.ch\\\/wordpress\\\/minitour-inklusive-museum\\\/#primaryimage\"},\"thumbnailUrl\":\"https:\\\/\\\/reiseblock.ch\\\/wordpress\\\/wp-content\\\/uploads\\\/2021\\\/07\\\/Weg.jpg\",\"articleSection\":[\"Beitrag\"],\"inLanguage\":\"de\",\"potentialAction\":[{\"@type\":\"CommentAction\",\"name\":\"Comment\",\"target\":[\"https:\\\/\\\/reiseblock.ch\\\/wordpress\\\/minitour-inklusive-museum\\\/#respond\"]}]},{\"@type\":\"WebPage\",\"@id\":\"https:\\\/\\\/reiseblock.ch\\\/wordpress\\\/minitour-inklusive-museum\\\/\",\"url\":\"https:\\\/\\\/reiseblock.ch\\\/wordpress\\\/minitour-inklusive-museum\\\/\",\"name\":\"Minitour inklusive Museum &#8211; Reiseblock\",\"isPartOf\":{\"@id\":\"https:\\\/\\\/reiseblock.ch\\\/wordpress\\\/#website\"},\"primaryImageOfPage\":{\"@id\":\"https:\\\/\\\/reiseblock.ch\\\/wordpress\\\/minitour-inklusive-museum\\\/#primaryimage\"},\"image\":{\"@id\":\"https:\\\/\\\/reiseblock.ch\\\/wordpress\\\/minitour-inklusive-museum\\\/#primaryimage\"},\"thumbnailUrl\":\"https:\\\/\\\/reiseblock.ch\\\/wordpress\\\/wp-content\\\/uploads\\\/2021\\\/07\\\/Weg.jpg\",\"datePublished\":\"2025-07-12T07:39:00+00:00\",\"dateModified\":\"2025-07-12T16:31:09+00:00\",\"description\":\"Eine kurze Route von Hombrechtikon nach St\u00e4fa f\u00fchrt direkt beim Museum zur Farb vorbei. Ein Besuch lohnt sich.\",\"breadcrumb\":{\"@id\":\"https:\\\/\\\/reiseblock.ch\\\/wordpress\\\/minitour-inklusive-museum\\\/#breadcrumb\"},\"inLanguage\":\"de\",\"potentialAction\":[{\"@type\":\"ReadAction\",\"target\":[\"https:\\\/\\\/reiseblock.ch\\\/wordpress\\\/minitour-inklusive-museum\\\/\"]}]},{\"@type\":\"ImageObject\",\"inLanguage\":\"de\",\"@id\":\"https:\\\/\\\/reiseblock.ch\\\/wordpress\\\/minitour-inklusive-museum\\\/#primaryimage\",\"url\":\"https:\\\/\\\/reiseblock.ch\\\/wordpress\\\/wp-content\\\/uploads\\\/2021\\\/07\\\/Weg.jpg\",\"contentUrl\":\"https:\\\/\\\/reiseblock.ch\\\/wordpress\\\/wp-content\\\/uploads\\\/2021\\\/07\\\/Weg.jpg\",\"width\":500,\"height\":333,\"caption\":\"Auf dem Weg von Hombrechtikon nach St\u00e4fa\"},{\"@type\":\"BreadcrumbList\",\"@id\":\"https:\\\/\\\/reiseblock.ch\\\/wordpress\\\/minitour-inklusive-museum\\\/#breadcrumb\",\"itemListElement\":[{\"@type\":\"ListItem\",\"position\":1,\"name\":\"Home\",\"item\":\"https:\\\/\\\/reiseblock.ch\\\/wordpress\\\/\"},{\"@type\":\"ListItem\",\"position\":2,\"name\":\"Minitour inklusive Museum\"}]},{\"@type\":\"WebSite\",\"@id\":\"https:\\\/\\\/reiseblock.ch\\\/wordpress\\\/#website\",\"url\":\"https:\\\/\\\/reiseblock.ch\\\/wordpress\\\/\",\"name\":\"Reiseblock\",\"description\":\"Ursula Kohlers ReiseWeise\",\"publisher\":{\"@id\":\"https:\\\/\\\/reiseblock.ch\\\/wordpress\\\/#\\\/schema\\\/person\\\/eafba14374f16d5fa4f73efd49243014\"},\"potentialAction\":[{\"@type\":\"SearchAction\",\"target\":{\"@type\":\"EntryPoint\",\"urlTemplate\":\"https:\\\/\\\/reiseblock.ch\\\/wordpress\\\/?s={search_term_string}\"},\"query-input\":{\"@type\":\"PropertyValueSpecification\",\"valueRequired\":true,\"valueName\":\"search_term_string\"}}],\"inLanguage\":\"de\"},{\"@type\":[\"Person\",\"Organization\"],\"@id\":\"https:\\\/\\\/reiseblock.ch\\\/wordpress\\\/#\\\/schema\\\/person\\\/eafba14374f16d5fa4f73efd49243014\",\"name\":\"Ursula Kohler\",\"image\":{\"@type\":\"ImageObject\",\"inLanguage\":\"de\",\"@id\":\"https:\\\/\\\/secure.gravatar.com\\\/avatar\\\/014d9b9a971f617638f4298cbb55f92d20b3bf0d1c9cc32f65333b2769bcf867?s=96&d=blank&r=g\",\"url\":\"https:\\\/\\\/secure.gravatar.com\\\/avatar\\\/014d9b9a971f617638f4298cbb55f92d20b3bf0d1c9cc32f65333b2769bcf867?s=96&d=blank&r=g\",\"contentUrl\":\"https:\\\/\\\/secure.gravatar.com\\\/avatar\\\/014d9b9a971f617638f4298cbb55f92d20b3bf0d1c9cc32f65333b2769bcf867?s=96&d=blank&r=g\",\"caption\":\"Ursula Kohler\"},\"logo\":{\"@id\":\"https:\\\/\\\/secure.gravatar.com\\\/avatar\\\/014d9b9a971f617638f4298cbb55f92d20b3bf0d1c9cc32f65333b2769bcf867?s=96&d=blank&r=g\"},\"url\":\"https:\\\/\\\/reiseblock.ch\\\/wordpress\\\/author\\\/ursula-kohlerbluewin-ch\\\/\"}]}<\/script>\n<!-- \/ Yoast SEO plugin. -->","yoast_head_json":{"title":"Minitour inklusive Museum &#8211; Reiseblock","description":"Eine kurze Route von Hombrechtikon nach St\u00e4fa f\u00fchrt direkt beim Museum zur Farb vorbei. Ein Besuch lohnt sich.","robots":{"index":"index","follow":"follow","max-snippet":"max-snippet:-1","max-image-preview":"max-image-preview:large","max-video-preview":"max-video-preview:-1"},"canonical":"https:\/\/reiseblock.ch\/wordpress\/minitour-inklusive-museum\/","og_locale":"de_DE","og_type":"article","og_title":"Minitour inklusive Museum &#8211; Reiseblock","og_description":"Eine kurze Route von Hombrechtikon nach St\u00e4fa f\u00fchrt direkt beim Museum zur Farb vorbei. Ein Besuch lohnt sich.","og_url":"https:\/\/reiseblock.ch\/wordpress\/minitour-inklusive-museum\/","og_site_name":"Reiseblock","article_published_time":"2025-07-12T07:39:00+00:00","article_modified_time":"2025-07-12T16:31:09+00:00","og_image":[{"width":500,"height":333,"url":"https:\/\/reiseblock.ch\/wordpress\/wp-content\/uploads\/2021\/07\/Weg.jpg","type":"image\/jpeg"}],"author":"Ursula Kohler","twitter_misc":{"Verfasst von":"Ursula Kohler","Gesch\u00e4tzte Lesezeit":"2\u00a0Minuten"},"schema":{"@context":"https:\/\/schema.org","@graph":[{"@type":"Article","@id":"https:\/\/reiseblock.ch\/wordpress\/minitour-inklusive-museum\/#article","isPartOf":{"@id":"https:\/\/reiseblock.ch\/wordpress\/minitour-inklusive-museum\/"},"author":{"name":"Ursula Kohler","@id":"https:\/\/reiseblock.ch\/wordpress\/#\/schema\/person\/eafba14374f16d5fa4f73efd49243014"},"headline":"Minitour inklusive Museum","datePublished":"2025-07-12T07:39:00+00:00","dateModified":"2025-07-12T16:31:09+00:00","mainEntityOfPage":{"@id":"https:\/\/reiseblock.ch\/wordpress\/minitour-inklusive-museum\/"},"wordCount":261,"commentCount":0,"publisher":{"@id":"https:\/\/reiseblock.ch\/wordpress\/#\/schema\/person\/eafba14374f16d5fa4f73efd49243014"},"image":{"@id":"https:\/\/reiseblock.ch\/wordpress\/minitour-inklusive-museum\/#primaryimage"},"thumbnailUrl":"https:\/\/reiseblock.ch\/wordpress\/wp-content\/uploads\/2021\/07\/Weg.jpg","articleSection":["Beitrag"],"inLanguage":"de","potentialAction":[{"@type":"CommentAction","name":"Comment","target":["https:\/\/reiseblock.ch\/wordpress\/minitour-inklusive-museum\/#respond"]}]},{"@type":"WebPage","@id":"https:\/\/reiseblock.ch\/wordpress\/minitour-inklusive-museum\/","url":"https:\/\/reiseblock.ch\/wordpress\/minitour-inklusive-museum\/","name":"Minitour inklusive Museum &#8211; Reiseblock","isPartOf":{"@id":"https:\/\/reiseblock.ch\/wordpress\/#website"},"primaryImageOfPage":{"@id":"https:\/\/reiseblock.ch\/wordpress\/minitour-inklusive-museum\/#primaryimage"},"image":{"@id":"https:\/\/reiseblock.ch\/wordpress\/minitour-inklusive-museum\/#primaryimage"},"thumbnailUrl":"https:\/\/reiseblock.ch\/wordpress\/wp-content\/uploads\/2021\/07\/Weg.jpg","datePublished":"2025-07-12T07:39:00+00:00","dateModified":"2025-07-12T16:31:09+00:00","description":"Eine kurze Route von Hombrechtikon nach St\u00e4fa f\u00fchrt direkt beim Museum zur Farb vorbei. Ein Besuch lohnt sich.","breadcrumb":{"@id":"https:\/\/reiseblock.ch\/wordpress\/minitour-inklusive-museum\/#breadcrumb"},"inLanguage":"de","potentialAction":[{"@type":"ReadAction","target":["https:\/\/reiseblock.ch\/wordpress\/minitour-inklusive-museum\/"]}]},{"@type":"ImageObject","inLanguage":"de","@id":"https:\/\/reiseblock.ch\/wordpress\/minitour-inklusive-museum\/#primaryimage","url":"https:\/\/reiseblock.ch\/wordpress\/wp-content\/uploads\/2021\/07\/Weg.jpg","contentUrl":"https:\/\/reiseblock.ch\/wordpress\/wp-content\/uploads\/2021\/07\/Weg.jpg","width":500,"height":333,"caption":"Auf dem Weg von Hombrechtikon nach St\u00e4fa"},{"@type":"BreadcrumbList","@id":"https:\/\/reiseblock.ch\/wordpress\/minitour-inklusive-museum\/#breadcrumb","itemListElement":[{"@type":"ListItem","position":1,"name":"Home","item":"https:\/\/reiseblock.ch\/wordpress\/"},{"@type":"ListItem","position":2,"name":"Minitour inklusive Museum"}]},{"@type":"WebSite","@id":"https:\/\/reiseblock.ch\/wordpress\/#website","url":"https:\/\/reiseblock.ch\/wordpress\/","name":"Reiseblock","description":"Ursula Kohlers ReiseWeise","publisher":{"@id":"https:\/\/reiseblock.ch\/wordpress\/#\/schema\/person\/eafba14374f16d5fa4f73efd49243014"},"potentialAction":[{"@type":"SearchAction","target":{"@type":"EntryPoint","urlTemplate":"https:\/\/reiseblock.ch\/wordpress\/?s={search_term_string}"},"query-input":{"@type":"PropertyValueSpecification","valueRequired":true,"valueName":"search_term_string"}}],"inLanguage":"de"},{"@type":["Person","Organization"],"@id":"https:\/\/reiseblock.ch\/wordpress\/#\/schema\/person\/eafba14374f16d5fa4f73efd49243014","name":"Ursula Kohler","image":{"@type":"ImageObject","inLanguage":"de","@id":"https:\/\/secure.gravatar.com\/avatar\/014d9b9a971f617638f4298cbb55f92d20b3bf0d1c9cc32f65333b2769bcf867?s=96&d=blank&r=g","url":"https:\/\/secure.gravatar.com\/avatar\/014d9b9a971f617638f4298cbb55f92d20b3bf0d1c9cc32f65333b2769bcf867?s=96&d=blank&r=g","contentUrl":"https:\/\/secure.gravatar.com\/avatar\/014d9b9a971f617638f4298cbb55f92d20b3bf0d1c9cc32f65333b2769bcf867?s=96&d=blank&r=g","caption":"Ursula Kohler"},"logo":{"@id":"https:\/\/secure.gravatar.com\/avatar\/014d9b9a971f617638f4298cbb55f92d20b3bf0d1c9cc32f65333b2769bcf867?s=96&d=blank&r=g"},"url":"https:\/\/reiseblock.ch\/wordpress\/author\/ursula-kohlerbluewin-ch\/"}]}},"_links":{"self":[{"href":"https:\/\/reiseblock.ch\/wordpress\/wp-json\/wp\/v2\/posts\/3444","targetHints":{"allow":["GET"]}}],"collection":[{"href":"https:\/\/reiseblock.ch\/wordpress\/wp-json\/wp\/v2\/posts"}],"about":[{"href":"https:\/\/reiseblock.ch\/wordpress\/wp-json\/wp\/v2\/types\/post"}],"author":[{"embeddable":true,"href":"https:\/\/reiseblock.ch\/wordpress\/wp-json\/wp\/v2\/users\/5"}],"replies":[{"embeddable":true,"href":"https:\/\/reiseblock.ch\/wordpress\/wp-json\/wp\/v2\/comments?post=3444"}],"version-history":[{"count":11,"href":"https:\/\/reiseblock.ch\/wordpress\/wp-json\/wp\/v2\/posts\/3444\/revisions"}],"predecessor-version":[{"id":3808,"href":"https:\/\/reiseblock.ch\/wordpress\/wp-json\/wp\/v2\/posts\/3444\/revisions\/3808"}],"wp:featuredmedia":[{"embeddable":true,"href":"https:\/\/reiseblock.ch\/wordpress\/wp-json\/wp\/v2\/media\/3456"}],"wp:attachment":[{"href":"https:\/\/reiseblock.ch\/wordpress\/wp-json\/wp\/v2\/media?parent=3444"}],"wp:term":[{"taxonomy":"category","embeddable":true,"href":"https:\/\/reiseblock.ch\/wordpress\/wp-json\/wp\/v2\/categories?post=3444"},{"taxonomy":"post_tag","embeddable":true,"href":"https:\/\/reiseblock.ch\/wordpress\/wp-json\/wp\/v2\/tags?post=3444"}],"curies":[{"name":"wp","href":"https:\/\/api.w.org\/{rel}","templated":true}]}}