{"id":3386,"date":"2022-06-14T20:30:00","date_gmt":"2022-06-14T18:30:00","guid":{"rendered":"https:\/\/reiseblock.ch\/wordpress\/?p=3386"},"modified":"2022-06-19T18:47:51","modified_gmt":"2022-06-19T16:47:51","slug":"blau-blau-ist-der-caumasee","status":"publish","type":"post","link":"https:\/\/reiseblock.ch\/wordpress\/blau-blau-ist-der-caumasee\/","title":{"rendered":"Blau, blau ist der Caumasee in Flims"},"content":{"rendered":"\n<p><em>Wer hat nicht schon ein Bild dieses tiefblauen Sees irgendwo gesehen? Und vielleicht nicht mal gewusst, um welches Gew\u00e4sser es sich handelt. Am Caumasee: Was die Farbe anbelangt, versprechen die Bilder nicht zu viel. <\/em><\/p>\n\n\n<div id=\"metaslider-id-3392\" style=\"max-width: 750px; margin: 0 auto;\" class=\"ml-slider-3-109-0 metaslider metaslider-nivo metaslider-3392 ml-slider ms-theme-default\" role=\"region\" aria-label=\"Caumasee\" data-height=\"550\" data-width=\"750\">\n    <div id=\"metaslider_container_3392\">\n        <div class='slider-wrapper theme-default'><div class='ribbon'><\/div><div id='metaslider_3392' class='nivoSlider'><img loading=\"lazy\" decoding=\"async\" src=\"https:\/\/reiseblock.ch\/wordpress\/wp-content\/uploads\/2021\/06\/Caumasee-454x333.jpg\" height=\"550\" width=\"750\" data-caption=\"Am Caumasee\" title=\"Caumasee\" alt=\"\" class=\"slider-3392 slide-3402 msDefaultImage\" \/><img loading=\"lazy\" decoding=\"async\" src=\"https:\/\/reiseblock.ch\/wordpress\/wp-content\/uploads\/2021\/06\/Caumasee_Badi-454x333.jpg\" height=\"550\" width=\"750\" data-caption=\"Blick auf die Badi\" title=\"Caumasee_Badi\" alt=\"\" class=\"slider-3392 slide-3404 msDefaultImage\" \/><img loading=\"lazy\" decoding=\"async\" src=\"https:\/\/reiseblock.ch\/wordpress\/wp-content\/uploads\/2021\/06\/Caumasee_Baden-454x333.jpg\" height=\"550\" width=\"750\" data-caption=\"Uferleben\" title=\"Caumasee_Baden\" alt=\"\" class=\"slider-3392 slide-3403 msDefaultImage\" \/><img loading=\"lazy\" decoding=\"async\" src=\"https:\/\/reiseblock.ch\/wordpress\/wp-content\/uploads\/2021\/06\/Caumasee_Baeume-454x333.jpg\" height=\"550\" width=\"750\" data-caption=\"Durch die B&auml;ume hindurch\" title=\"Caumasee_Baeume\" alt=\"\" class=\"slider-3392 slide-3405 msDefaultImage\" \/><img loading=\"lazy\" decoding=\"async\" src=\"https:\/\/reiseblock.ch\/wordpress\/wp-content\/uploads\/2021\/06\/Caumasee_Weg-454x333.jpg\" height=\"550\" width=\"750\" data-caption=\"Rund um den See\" title=\"Caumasee_Weg\" alt=\"\" class=\"slider-3392 slide-3406 msDefaultImage\" \/><img loading=\"lazy\" decoding=\"async\" src=\"https:\/\/reiseblock.ch\/wordpress\/wp-content\/uploads\/2021\/06\/Caumasee_Gitter-454x333.jpg\" height=\"550\" width=\"750\" data-caption=\"Das Gitter tr&uuml;bt leider die Sicht\" title=\"Caumasee_Gitter\" alt=\"\" class=\"slider-3392 slide-3407 msDefaultImage\" \/><img loading=\"lazy\" decoding=\"async\" src=\"https:\/\/reiseblock.ch\/wordpress\/wp-content\/uploads\/2021\/06\/Caumasee_Wasser-454x333.jpg\" height=\"550\" width=\"750\" data-caption=\"Pures Wasser\" title=\"Caumasee_Wasser\" alt=\"\" class=\"slider-3392 slide-3408 msDefaultImage\" \/><img loading=\"lazy\" decoding=\"async\" src=\"https:\/\/reiseblock.ch\/wordpress\/wp-content\/uploads\/2021\/06\/Caumasee_4-454x333.jpg\" height=\"550\" width=\"750\" data-caption=\"Das Wasser ver&auml;ndert die Farbe immer wieder\" title=\"Caumasee_4\" alt=\"\" class=\"slider-3392 slide-3409 msDefaultImage\" \/><\/div><\/div>\n        \n    <\/div>\n<\/div>\n\n\n\n<p>Wenn man von Flims her den Weg zum Caumaweg sucht, sieht man das blaue Wasser schon von weitem durch die B\u00e4ume schimmern. Als wir den See besucht haben, gab es eingangs Wald etwas Verwirrung, weil es hiess, dass der Besuch kostenpflichtig sei. Die App, die zum Zahlen zur Verf\u00fcgung stand, war dann aber alles andere als benutzerfreundlich. Was es mit der Bezahlung genau auf sich hat, wurde uns erst beim See selber bewusst.<\/p>\n\n\n\n<p><strong>Das besondere Schwimmbad<\/strong><\/p>\n\n\n\n<p>Denn man muss wissen, dass der gr\u00f6sste Teil des Ufergel\u00e4ndes abgesperrt ist und nur mit einem Ticket besucht werden kann. Es ist eine Art Badeanstalt mit viel Gel\u00e4nde, sch\u00f6nen, lauschigen Pl\u00e4tzchen und einem Restaurant. Am besten plant man einen Tag ein und geniesst den Aufenthalt. In Coronazeiten ist die Anzahl zugelassener Besucher beschr\u00e4nkt, weswegen wir am Eingang des W\u00e4dchens darauf aufmerksam gemacht wurden.<\/p>\n\n\n\n<p><strong>Der Lift nach oben<\/strong><\/p>\n\n\n\n<p>Uns blieb nicht genug Zeit, uns am See niederzulassen, aber immerhin gen\u00fcgend, um den See zu umrunden. Auch da gibt es sch\u00f6ne Stellen, aber leider, muss man sagen, st\u00f6rt der weitherum gespannte Draht das Vern\u00fcgen etwas. Wer am Ende zu m\u00fcde ist, um den Heimweg zu Fuss anzutreten, kann den Lift benutzen.<\/p>\n\n\n\n<p>Der <a href=\"https:\/\/www.caumasee.ch\/\" target=\"_blank\" rel=\"noreferrer noopener nofollow\">Caumasee <\/a>ist sicherlich einen Besuch wert, n\u00e4chstes Mal einfach mit mehr Zeit!<\/p>\n","protected":false},"excerpt":{"rendered":"<p>Wer hat nicht schon ein Bild dieses tiefblauen Sees irgendwo gesehen? Und vielleicht nicht mal gewusst, um welches Gew\u00e4sser es sich handelt. Am Caumasee: Was die Farbe anbelangt, versprechen die Bilder nicht zu viel. <\/p>\n","protected":false},"author":5,"featured_media":3393,"comment_status":"open","ping_status":"open","sticky":false,"template":"","format":"standard","meta":{"footnotes":""},"categories":[10],"tags":[398,396,397],"class_list":["post-3386","post","type-post","status-publish","format-standard","has-post-thumbnail","hentry","category-erlebt","tag-bergsee","tag-caumasee","tag-flims"],"yoast_head":"<!-- This site is optimized with the Yoast SEO plugin v27.8 - https:\/\/yoast.com\/product\/yoast-seo-wordpress\/ -->\n<title>Blau, blau ist der Caumasee in Flims &#8211; Reiseblock<\/title>\n<meta name=\"description\" content=\"Der Caumasee ist so blau, wie er auf den Bildern aussieht. Einen Besuch ist er wert.\" \/>\n<meta name=\"robots\" content=\"index, follow, max-snippet:-1, max-image-preview:large, max-video-preview:-1\" \/>\n<link rel=\"canonical\" href=\"https:\/\/reiseblock.ch\/wordpress\/blau-blau-ist-der-caumasee\/\" \/>\n<meta property=\"og:locale\" content=\"de_DE\" \/>\n<meta property=\"og:type\" content=\"article\" \/>\n<meta property=\"og:title\" content=\"Blau, blau ist der Caumasee in Flims &#8211; Reiseblock\" \/>\n<meta property=\"og:description\" content=\"Der Caumasee ist so blau, wie er auf den Bildern aussieht. Einen Besuch ist er wert.\" \/>\n<meta property=\"og:url\" content=\"https:\/\/reiseblock.ch\/wordpress\/blau-blau-ist-der-caumasee\/\" \/>\n<meta property=\"og:site_name\" content=\"Reiseblock\" \/>\n<meta property=\"article:published_time\" content=\"2022-06-14T18:30:00+00:00\" \/>\n<meta property=\"article:modified_time\" content=\"2022-06-19T16:47:51+00:00\" \/>\n<meta property=\"og:image\" content=\"https:\/\/reiseblock.ch\/wordpress\/wp-content\/uploads\/2021\/06\/Caumasee.jpg\" \/>\n\t<meta property=\"og:image:width\" content=\"500\" \/>\n\t<meta property=\"og:image:height\" content=\"333\" \/>\n\t<meta property=\"og:image:type\" content=\"image\/jpeg\" \/>\n<meta name=\"author\" content=\"Ursula Kohler\" \/>\n<meta name=\"twitter:label1\" content=\"Verfasst von\" \/>\n\t<meta name=\"twitter:data1\" content=\"Ursula Kohler\" \/>\n\t<meta name=\"twitter:label2\" content=\"Gesch\u00e4tzte Lesezeit\" \/>\n\t<meta name=\"twitter:data2\" content=\"2\u00a0Minuten\" \/>\n<script type=\"application\/ld+json\" class=\"yoast-schema-graph\">{\"@context\":\"https:\\\/\\\/schema.org\",\"@graph\":[{\"@type\":\"Article\",\"@id\":\"https:\\\/\\\/reiseblock.ch\\\/wordpress\\\/blau-blau-ist-der-caumasee\\\/#article\",\"isPartOf\":{\"@id\":\"https:\\\/\\\/reiseblock.ch\\\/wordpress\\\/blau-blau-ist-der-caumasee\\\/\"},\"author\":{\"name\":\"Ursula Kohler\",\"@id\":\"https:\\\/\\\/reiseblock.ch\\\/wordpress\\\/#\\\/schema\\\/person\\\/eafba14374f16d5fa4f73efd49243014\"},\"headline\":\"Blau, blau ist der Caumasee in Flims\",\"datePublished\":\"2022-06-14T18:30:00+00:00\",\"dateModified\":\"2022-06-19T16:47:51+00:00\",\"mainEntityOfPage\":{\"@id\":\"https:\\\/\\\/reiseblock.ch\\\/wordpress\\\/blau-blau-ist-der-caumasee\\\/\"},\"wordCount\":267,\"commentCount\":0,\"publisher\":{\"@id\":\"https:\\\/\\\/reiseblock.ch\\\/wordpress\\\/#\\\/schema\\\/person\\\/eafba14374f16d5fa4f73efd49243014\"},\"image\":{\"@id\":\"https:\\\/\\\/reiseblock.ch\\\/wordpress\\\/blau-blau-ist-der-caumasee\\\/#primaryimage\"},\"thumbnailUrl\":\"https:\\\/\\\/reiseblock.ch\\\/wordpress\\\/wp-content\\\/uploads\\\/2021\\\/06\\\/Caumasee.jpg\",\"keywords\":[\"Bergsee\",\"Caumasee\",\"Flims\"],\"articleSection\":[\"Erlebt\"],\"inLanguage\":\"de\",\"potentialAction\":[{\"@type\":\"CommentAction\",\"name\":\"Comment\",\"target\":[\"https:\\\/\\\/reiseblock.ch\\\/wordpress\\\/blau-blau-ist-der-caumasee\\\/#respond\"]}]},{\"@type\":\"WebPage\",\"@id\":\"https:\\\/\\\/reiseblock.ch\\\/wordpress\\\/blau-blau-ist-der-caumasee\\\/\",\"url\":\"https:\\\/\\\/reiseblock.ch\\\/wordpress\\\/blau-blau-ist-der-caumasee\\\/\",\"name\":\"Blau, blau ist der Caumasee in Flims &#8211; Reiseblock\",\"isPartOf\":{\"@id\":\"https:\\\/\\\/reiseblock.ch\\\/wordpress\\\/#website\"},\"primaryImageOfPage\":{\"@id\":\"https:\\\/\\\/reiseblock.ch\\\/wordpress\\\/blau-blau-ist-der-caumasee\\\/#primaryimage\"},\"image\":{\"@id\":\"https:\\\/\\\/reiseblock.ch\\\/wordpress\\\/blau-blau-ist-der-caumasee\\\/#primaryimage\"},\"thumbnailUrl\":\"https:\\\/\\\/reiseblock.ch\\\/wordpress\\\/wp-content\\\/uploads\\\/2021\\\/06\\\/Caumasee.jpg\",\"datePublished\":\"2022-06-14T18:30:00+00:00\",\"dateModified\":\"2022-06-19T16:47:51+00:00\",\"description\":\"Der Caumasee ist so blau, wie er auf den Bildern aussieht. Einen Besuch ist er wert.\",\"breadcrumb\":{\"@id\":\"https:\\\/\\\/reiseblock.ch\\\/wordpress\\\/blau-blau-ist-der-caumasee\\\/#breadcrumb\"},\"inLanguage\":\"de\",\"potentialAction\":[{\"@type\":\"ReadAction\",\"target\":[\"https:\\\/\\\/reiseblock.ch\\\/wordpress\\\/blau-blau-ist-der-caumasee\\\/\"]}]},{\"@type\":\"ImageObject\",\"inLanguage\":\"de\",\"@id\":\"https:\\\/\\\/reiseblock.ch\\\/wordpress\\\/blau-blau-ist-der-caumasee\\\/#primaryimage\",\"url\":\"https:\\\/\\\/reiseblock.ch\\\/wordpress\\\/wp-content\\\/uploads\\\/2021\\\/06\\\/Caumasee.jpg\",\"contentUrl\":\"https:\\\/\\\/reiseblock.ch\\\/wordpress\\\/wp-content\\\/uploads\\\/2021\\\/06\\\/Caumasee.jpg\",\"width\":500,\"height\":333,\"caption\":\"Am Caumasee\"},{\"@type\":\"BreadcrumbList\",\"@id\":\"https:\\\/\\\/reiseblock.ch\\\/wordpress\\\/blau-blau-ist-der-caumasee\\\/#breadcrumb\",\"itemListElement\":[{\"@type\":\"ListItem\",\"position\":1,\"name\":\"Home\",\"item\":\"https:\\\/\\\/reiseblock.ch\\\/wordpress\\\/\"},{\"@type\":\"ListItem\",\"position\":2,\"name\":\"Blau, blau ist der Caumasee in Flims\"}]},{\"@type\":\"WebSite\",\"@id\":\"https:\\\/\\\/reiseblock.ch\\\/wordpress\\\/#website\",\"url\":\"https:\\\/\\\/reiseblock.ch\\\/wordpress\\\/\",\"name\":\"Reiseblock\",\"description\":\"Ursula Kohlers ReiseWeise\",\"publisher\":{\"@id\":\"https:\\\/\\\/reiseblock.ch\\\/wordpress\\\/#\\\/schema\\\/person\\\/eafba14374f16d5fa4f73efd49243014\"},\"potentialAction\":[{\"@type\":\"SearchAction\",\"target\":{\"@type\":\"EntryPoint\",\"urlTemplate\":\"https:\\\/\\\/reiseblock.ch\\\/wordpress\\\/?s={search_term_string}\"},\"query-input\":{\"@type\":\"PropertyValueSpecification\",\"valueRequired\":true,\"valueName\":\"search_term_string\"}}],\"inLanguage\":\"de\"},{\"@type\":[\"Person\",\"Organization\"],\"@id\":\"https:\\\/\\\/reiseblock.ch\\\/wordpress\\\/#\\\/schema\\\/person\\\/eafba14374f16d5fa4f73efd49243014\",\"name\":\"Ursula Kohler\",\"image\":{\"@type\":\"ImageObject\",\"inLanguage\":\"de\",\"@id\":\"https:\\\/\\\/secure.gravatar.com\\\/avatar\\\/014d9b9a971f617638f4298cbb55f92d20b3bf0d1c9cc32f65333b2769bcf867?s=96&d=blank&r=g\",\"url\":\"https:\\\/\\\/secure.gravatar.com\\\/avatar\\\/014d9b9a971f617638f4298cbb55f92d20b3bf0d1c9cc32f65333b2769bcf867?s=96&d=blank&r=g\",\"contentUrl\":\"https:\\\/\\\/secure.gravatar.com\\\/avatar\\\/014d9b9a971f617638f4298cbb55f92d20b3bf0d1c9cc32f65333b2769bcf867?s=96&d=blank&r=g\",\"caption\":\"Ursula Kohler\"},\"logo\":{\"@id\":\"https:\\\/\\\/secure.gravatar.com\\\/avatar\\\/014d9b9a971f617638f4298cbb55f92d20b3bf0d1c9cc32f65333b2769bcf867?s=96&d=blank&r=g\"},\"url\":\"https:\\\/\\\/reiseblock.ch\\\/wordpress\\\/author\\\/ursula-kohlerbluewin-ch\\\/\"}]}<\/script>\n<!-- \/ Yoast SEO plugin. -->","yoast_head_json":{"title":"Blau, blau ist der Caumasee in Flims &#8211; Reiseblock","description":"Der Caumasee ist so blau, wie er auf den Bildern aussieht. Einen Besuch ist er wert.","robots":{"index":"index","follow":"follow","max-snippet":"max-snippet:-1","max-image-preview":"max-image-preview:large","max-video-preview":"max-video-preview:-1"},"canonical":"https:\/\/reiseblock.ch\/wordpress\/blau-blau-ist-der-caumasee\/","og_locale":"de_DE","og_type":"article","og_title":"Blau, blau ist der Caumasee in Flims &#8211; Reiseblock","og_description":"Der Caumasee ist so blau, wie er auf den Bildern aussieht. Einen Besuch ist er wert.","og_url":"https:\/\/reiseblock.ch\/wordpress\/blau-blau-ist-der-caumasee\/","og_site_name":"Reiseblock","article_published_time":"2022-06-14T18:30:00+00:00","article_modified_time":"2022-06-19T16:47:51+00:00","og_image":[{"width":500,"height":333,"url":"https:\/\/reiseblock.ch\/wordpress\/wp-content\/uploads\/2021\/06\/Caumasee.jpg","type":"image\/jpeg"}],"author":"Ursula Kohler","twitter_misc":{"Verfasst von":"Ursula Kohler","Gesch\u00e4tzte Lesezeit":"2\u00a0Minuten"},"schema":{"@context":"https:\/\/schema.org","@graph":[{"@type":"Article","@id":"https:\/\/reiseblock.ch\/wordpress\/blau-blau-ist-der-caumasee\/#article","isPartOf":{"@id":"https:\/\/reiseblock.ch\/wordpress\/blau-blau-ist-der-caumasee\/"},"author":{"name":"Ursula Kohler","@id":"https:\/\/reiseblock.ch\/wordpress\/#\/schema\/person\/eafba14374f16d5fa4f73efd49243014"},"headline":"Blau, blau ist der Caumasee in Flims","datePublished":"2022-06-14T18:30:00+00:00","dateModified":"2022-06-19T16:47:51+00:00","mainEntityOfPage":{"@id":"https:\/\/reiseblock.ch\/wordpress\/blau-blau-ist-der-caumasee\/"},"wordCount":267,"commentCount":0,"publisher":{"@id":"https:\/\/reiseblock.ch\/wordpress\/#\/schema\/person\/eafba14374f16d5fa4f73efd49243014"},"image":{"@id":"https:\/\/reiseblock.ch\/wordpress\/blau-blau-ist-der-caumasee\/#primaryimage"},"thumbnailUrl":"https:\/\/reiseblock.ch\/wordpress\/wp-content\/uploads\/2021\/06\/Caumasee.jpg","keywords":["Bergsee","Caumasee","Flims"],"articleSection":["Erlebt"],"inLanguage":"de","potentialAction":[{"@type":"CommentAction","name":"Comment","target":["https:\/\/reiseblock.ch\/wordpress\/blau-blau-ist-der-caumasee\/#respond"]}]},{"@type":"WebPage","@id":"https:\/\/reiseblock.ch\/wordpress\/blau-blau-ist-der-caumasee\/","url":"https:\/\/reiseblock.ch\/wordpress\/blau-blau-ist-der-caumasee\/","name":"Blau, blau ist der Caumasee in Flims &#8211; Reiseblock","isPartOf":{"@id":"https:\/\/reiseblock.ch\/wordpress\/#website"},"primaryImageOfPage":{"@id":"https:\/\/reiseblock.ch\/wordpress\/blau-blau-ist-der-caumasee\/#primaryimage"},"image":{"@id":"https:\/\/reiseblock.ch\/wordpress\/blau-blau-ist-der-caumasee\/#primaryimage"},"thumbnailUrl":"https:\/\/reiseblock.ch\/wordpress\/wp-content\/uploads\/2021\/06\/Caumasee.jpg","datePublished":"2022-06-14T18:30:00+00:00","dateModified":"2022-06-19T16:47:51+00:00","description":"Der Caumasee ist so blau, wie er auf den Bildern aussieht. Einen Besuch ist er wert.","breadcrumb":{"@id":"https:\/\/reiseblock.ch\/wordpress\/blau-blau-ist-der-caumasee\/#breadcrumb"},"inLanguage":"de","potentialAction":[{"@type":"ReadAction","target":["https:\/\/reiseblock.ch\/wordpress\/blau-blau-ist-der-caumasee\/"]}]},{"@type":"ImageObject","inLanguage":"de","@id":"https:\/\/reiseblock.ch\/wordpress\/blau-blau-ist-der-caumasee\/#primaryimage","url":"https:\/\/reiseblock.ch\/wordpress\/wp-content\/uploads\/2021\/06\/Caumasee.jpg","contentUrl":"https:\/\/reiseblock.ch\/wordpress\/wp-content\/uploads\/2021\/06\/Caumasee.jpg","width":500,"height":333,"caption":"Am Caumasee"},{"@type":"BreadcrumbList","@id":"https:\/\/reiseblock.ch\/wordpress\/blau-blau-ist-der-caumasee\/#breadcrumb","itemListElement":[{"@type":"ListItem","position":1,"name":"Home","item":"https:\/\/reiseblock.ch\/wordpress\/"},{"@type":"ListItem","position":2,"name":"Blau, blau ist der Caumasee in Flims"}]},{"@type":"WebSite","@id":"https:\/\/reiseblock.ch\/wordpress\/#website","url":"https:\/\/reiseblock.ch\/wordpress\/","name":"Reiseblock","description":"Ursula Kohlers ReiseWeise","publisher":{"@id":"https:\/\/reiseblock.ch\/wordpress\/#\/schema\/person\/eafba14374f16d5fa4f73efd49243014"},"potentialAction":[{"@type":"SearchAction","target":{"@type":"EntryPoint","urlTemplate":"https:\/\/reiseblock.ch\/wordpress\/?s={search_term_string}"},"query-input":{"@type":"PropertyValueSpecification","valueRequired":true,"valueName":"search_term_string"}}],"inLanguage":"de"},{"@type":["Person","Organization"],"@id":"https:\/\/reiseblock.ch\/wordpress\/#\/schema\/person\/eafba14374f16d5fa4f73efd49243014","name":"Ursula Kohler","image":{"@type":"ImageObject","inLanguage":"de","@id":"https:\/\/secure.gravatar.com\/avatar\/014d9b9a971f617638f4298cbb55f92d20b3bf0d1c9cc32f65333b2769bcf867?s=96&d=blank&r=g","url":"https:\/\/secure.gravatar.com\/avatar\/014d9b9a971f617638f4298cbb55f92d20b3bf0d1c9cc32f65333b2769bcf867?s=96&d=blank&r=g","contentUrl":"https:\/\/secure.gravatar.com\/avatar\/014d9b9a971f617638f4298cbb55f92d20b3bf0d1c9cc32f65333b2769bcf867?s=96&d=blank&r=g","caption":"Ursula Kohler"},"logo":{"@id":"https:\/\/secure.gravatar.com\/avatar\/014d9b9a971f617638f4298cbb55f92d20b3bf0d1c9cc32f65333b2769bcf867?s=96&d=blank&r=g"},"url":"https:\/\/reiseblock.ch\/wordpress\/author\/ursula-kohlerbluewin-ch\/"}]}},"_links":{"self":[{"href":"https:\/\/reiseblock.ch\/wordpress\/wp-json\/wp\/v2\/posts\/3386","targetHints":{"allow":["GET"]}}],"collection":[{"href":"https:\/\/reiseblock.ch\/wordpress\/wp-json\/wp\/v2\/posts"}],"about":[{"href":"https:\/\/reiseblock.ch\/wordpress\/wp-json\/wp\/v2\/types\/post"}],"author":[{"embeddable":true,"href":"https:\/\/reiseblock.ch\/wordpress\/wp-json\/wp\/v2\/users\/5"}],"replies":[{"embeddable":true,"href":"https:\/\/reiseblock.ch\/wordpress\/wp-json\/wp\/v2\/comments?post=3386"}],"version-history":[{"count":9,"href":"https:\/\/reiseblock.ch\/wordpress\/wp-json\/wp\/v2\/posts\/3386\/revisions"}],"predecessor-version":[{"id":3415,"href":"https:\/\/reiseblock.ch\/wordpress\/wp-json\/wp\/v2\/posts\/3386\/revisions\/3415"}],"wp:featuredmedia":[{"embeddable":true,"href":"https:\/\/reiseblock.ch\/wordpress\/wp-json\/wp\/v2\/media\/3393"}],"wp:attachment":[{"href":"https:\/\/reiseblock.ch\/wordpress\/wp-json\/wp\/v2\/media?parent=3386"}],"wp:term":[{"taxonomy":"category","embeddable":true,"href":"https:\/\/reiseblock.ch\/wordpress\/wp-json\/wp\/v2\/categories?post=3386"},{"taxonomy":"post_tag","embeddable":true,"href":"https:\/\/reiseblock.ch\/wordpress\/wp-json\/wp\/v2\/tags?post=3386"}],"curies":[{"name":"wp","href":"https:\/\/api.w.org\/{rel}","templated":true}]}}