{"id":3352,"date":"2022-05-01T11:00:00","date_gmt":"2022-05-01T09:00:00","guid":{"rendered":"https:\/\/reiseblock.ch\/wordpress\/?p=3352"},"modified":"2022-05-01T11:40:32","modified_gmt":"2022-05-01T09:40:32","slug":"das-bergell-ruft","status":"publish","type":"post","link":"https:\/\/reiseblock.ch\/wordpress\/das-bergell-ruft\/","title":{"rendered":"Das Bergell ruft"},"content":{"rendered":"\n<p><em>Das Bergell als Grenztal liegt aus vielen Ecken der Schweiz nicht gerade am Weg. Ist man einmal dort, ist die lange Anreise schnell vergessen.<\/em><\/p>\n\n\n\n<!--more-->\n\n\n\n<p><\/p>\n\n\n<div id=\"metaslider-id-3355\" style=\"max-width: 750px; margin: 0 auto;\" class=\"ml-slider-3-109-0 metaslider metaslider-nivo metaslider-3355 ml-slider ms-theme-default\" role=\"region\" aria-label=\"Bergell\" data-height=\"550\" data-width=\"750\">\n    <div id=\"metaslider_container_3355\">\n        <div class='slider-wrapper theme-default'><div class='ribbon'><\/div><div id='metaslider_3355' class='nivoSlider'><img loading=\"lazy\" decoding=\"async\" src=\"https:\/\/reiseblock.ch\/wordpress\/wp-content\/uploads\/2021\/05\/Hoehenweg-454x333.jpg\" height=\"550\" width=\"750\" data-caption=\"Das Bergell &ndash; wundesch&ouml;nes Tal\" title=\"Hoehenweg\" alt=\"\" class=\"slider-3355 slide-3374 msDefaultImage\" \/><img loading=\"lazy\" decoding=\"async\" src=\"https:\/\/reiseblock.ch\/wordpress\/wp-content\/uploads\/2021\/05\/Casaccia-477x350.jpg\" height=\"550\" width=\"750\" data-caption=\"Casaccia am Eingang des Tals\" title=\"Casaccia\" alt=\"\" class=\"slider-3355 slide-3369 msDefaultImage\" \/><img loading=\"lazy\" decoding=\"async\" src=\"https:\/\/reiseblock.ch\/wordpress\/wp-content\/uploads\/2021\/05\/hoehenweg_2-454x333.jpg\" height=\"550\" width=\"750\" data-caption=\"Auf dem Panoramaweg \" title=\"hoehenweg_2\" alt=\"\" class=\"slider-3355 slide-3372 msDefaultImage\" \/><img loading=\"lazy\" decoding=\"async\" src=\"https:\/\/reiseblock.ch\/wordpress\/wp-content\/uploads\/2021\/05\/Stampa-454x333.jpg\" height=\"550\" width=\"750\" data-caption=\"Blick nach Stampa, Heimat der Giacomettis\" title=\"Stampa\" alt=\"\" class=\"slider-3355 slide-3376 msDefaultImage\" \/><img loading=\"lazy\" decoding=\"async\" src=\"https:\/\/reiseblock.ch\/wordpress\/wp-content\/uploads\/2021\/05\/Talsperre-454x333.jpg\" height=\"550\" width=\"750\" data-caption=\"Nossa Donna &ndash; Talsperre des Bergells\" title=\"Talsperre\" alt=\"\" class=\"slider-3355 slide-3377 msDefaultImage\" \/><img loading=\"lazy\" decoding=\"async\" src=\"https:\/\/reiseblock.ch\/wordpress\/wp-content\/uploads\/2021\/05\/Bondo-454x333.jpg\" height=\"550\" width=\"750\" data-caption=\"Dorfkern von Bondo\" title=\"Bondo\" alt=\"\" class=\"slider-3355 slide-3368 msDefaultImage\" \/><img loading=\"lazy\" decoding=\"async\" src=\"https:\/\/reiseblock.ch\/wordpress\/wp-content\/uploads\/2021\/05\/Piazza_Soglio-454x333.jpg\" height=\"550\" width=\"750\" data-caption=\"Vor dem Palazzo in Soglio\" title=\"Piazza_Soglio\" alt=\"\" class=\"slider-3355 slide-3375 msDefaultImage\" \/><img loading=\"lazy\" decoding=\"async\" src=\"https:\/\/reiseblock.ch\/wordpress\/wp-content\/uploads\/2021\/05\/Castasegna-454x333.jpg\" height=\"550\" width=\"750\" data-caption=\"Grenzdorf Castasegna\" title=\"Castasegna\" alt=\"\" class=\"slider-3355 slide-3371 msDefaultImage\" \/><\/div><\/div>\n        \n    <\/div>\n<\/div>\n\n\n\n<p>Bereits das Oberengadin mit Sils und Maloja ist eine wunderbare Landschaft, in der man nur zu gut verweilen kann. Es lohnt sich aber auch, die 1000 H\u00f6henmeter hinunter ins Bergell zu \u00fcberwinden, am besten mit dem Postauto. Eingangs Tal, in Casaccia, findet man einen leichten Einstieg in den Panoramaweg oder auch den Weg durchs Tal.<\/p>\n\n\n\n<p>In Casaccia treffen auch diejenigen ein, die auf der ViaSett von Bivio \u00fcber den Septimerpass gewandert sind.<\/p>\n\n\n\n<p><strong>Paradiesisches Soglio<\/strong><\/p>\n\n\n\n<p>Auf dem Panoramaweg gelangt man durchs ganze Bergell bis nach Soglio. Der h\u00fcbsche Ort liegt mit 1000 H\u00f6henmetern auf einer Sonnenterrasse. Im Jahr 2015 wurde Soglio zum sch\u00f6nsten Ort der Schweiz gek\u00fcrt. Giovanni Segantini hat es sogar als Schwelle zum Paradies, \u00abla soglia del paradiso\u00bb, bezeichnet. Auf der Piazza vor dem Palazzo der B\u00fcndner Adelsfamilie von Salis l\u00e4sst es sich nach der Tour gutgehen lassen.<\/p>\n\n\n\n<p>Bis an die Grenze in Castasegna dauert es eine knappe Stunde zu Fuss, abw\u00e4rts durch sch\u00f6ne Kastanienb\u00e4ume.<\/p>\n\n\n\n<p><strong>Sch\u00f6ner Talweg durchs Bergell<\/strong><\/p>\n\n\n\n<p>Die ViaSett f\u00fchrt ab Casaccia weiter durch das Tal. Hier gelangt man durch die sch\u00f6nen Bergeller D\u00f6rfer Vicosoprano, Borgonova, Stampa, Promontagna und Bondo, das 2017 von einem Bergsturz getroffen wurde.<\/p>\n\n\n\n<p>Am besten bleibt man mehrere Tage im <a href=\"https:\/\/www.bregaglia.ch\/de\/\">Bergell<\/a>, dann reicht die Zeit f\u00fcr die vielen sch\u00f6nen Wege und D\u00f6rfer.<\/p>\n\n\n\n<!--more-->\n\n\n\n<p><\/p>\n","protected":false},"excerpt":{"rendered":"<p>Das Bergell als Grenztal liegt aus vielen Ecken der Schweiz nicht gerade am Weg. Ist man einmal dort, ist die lange Anreise schnell vergessen.<\/p>\n","protected":false},"author":5,"featured_media":3363,"comment_status":"open","ping_status":"open","sticky":false,"template":"","format":"standard","meta":{"footnotes":""},"categories":[6],"tags":[],"class_list":["post-3352","post","type-post","status-publish","format-standard","has-post-thumbnail","hentry","category-beitrag"],"yoast_head":"<!-- This site is optimized with the Yoast SEO plugin v27.8 - https:\/\/yoast.com\/product\/yoast-seo-wordpress\/ -->\n<title>Das Bergell ruft &#8211; Reiseblock<\/title>\n<meta name=\"robots\" content=\"index, follow, max-snippet:-1, max-image-preview:large, max-video-preview:-1\" \/>\n<link rel=\"canonical\" href=\"https:\/\/reiseblock.ch\/wordpress\/das-bergell-ruft\/\" \/>\n<meta property=\"og:locale\" content=\"de_DE\" \/>\n<meta property=\"og:type\" content=\"article\" \/>\n<meta property=\"og:title\" content=\"Das Bergell ruft &#8211; Reiseblock\" \/>\n<meta property=\"og:description\" content=\"Das Bergell als Grenztal liegt aus vielen Ecken der Schweiz nicht gerade am Weg. Ist man einmal dort, ist die lange Anreise schnell vergessen.\" \/>\n<meta property=\"og:url\" content=\"https:\/\/reiseblock.ch\/wordpress\/das-bergell-ruft\/\" \/>\n<meta property=\"og:site_name\" content=\"Reiseblock\" \/>\n<meta property=\"article:published_time\" content=\"2022-05-01T09:00:00+00:00\" \/>\n<meta property=\"article:modified_time\" content=\"2022-05-01T09:40:32+00:00\" \/>\n<meta property=\"og:image\" content=\"https:\/\/reiseblock.ch\/wordpress\/wp-content\/uploads\/2021\/05\/Hoehenweg.jpg\" \/>\n\t<meta property=\"og:image:width\" content=\"500\" \/>\n\t<meta property=\"og:image:height\" content=\"333\" \/>\n\t<meta property=\"og:image:type\" content=\"image\/jpeg\" \/>\n<meta name=\"author\" content=\"Ursula Kohler\" \/>\n<meta name=\"twitter:label1\" content=\"Verfasst von\" \/>\n\t<meta name=\"twitter:data1\" content=\"Ursula Kohler\" \/>\n\t<meta name=\"twitter:label2\" content=\"Gesch\u00e4tzte Lesezeit\" \/>\n\t<meta name=\"twitter:data2\" content=\"2\u00a0Minuten\" \/>\n<script type=\"application\/ld+json\" class=\"yoast-schema-graph\">{\"@context\":\"https:\\\/\\\/schema.org\",\"@graph\":[{\"@type\":\"Article\",\"@id\":\"https:\\\/\\\/reiseblock.ch\\\/wordpress\\\/das-bergell-ruft\\\/#article\",\"isPartOf\":{\"@id\":\"https:\\\/\\\/reiseblock.ch\\\/wordpress\\\/das-bergell-ruft\\\/\"},\"author\":{\"name\":\"Ursula Kohler\",\"@id\":\"https:\\\/\\\/reiseblock.ch\\\/wordpress\\\/#\\\/schema\\\/person\\\/eafba14374f16d5fa4f73efd49243014\"},\"headline\":\"Das Bergell ruft\",\"datePublished\":\"2022-05-01T09:00:00+00:00\",\"dateModified\":\"2022-05-01T09:40:32+00:00\",\"mainEntityOfPage\":{\"@id\":\"https:\\\/\\\/reiseblock.ch\\\/wordpress\\\/das-bergell-ruft\\\/\"},\"wordCount\":251,\"commentCount\":0,\"publisher\":{\"@id\":\"https:\\\/\\\/reiseblock.ch\\\/wordpress\\\/#\\\/schema\\\/person\\\/eafba14374f16d5fa4f73efd49243014\"},\"image\":{\"@id\":\"https:\\\/\\\/reiseblock.ch\\\/wordpress\\\/das-bergell-ruft\\\/#primaryimage\"},\"thumbnailUrl\":\"https:\\\/\\\/reiseblock.ch\\\/wordpress\\\/wp-content\\\/uploads\\\/2021\\\/05\\\/Hoehenweg.jpg\",\"articleSection\":[\"Beitrag\"],\"inLanguage\":\"de\",\"potentialAction\":[{\"@type\":\"CommentAction\",\"name\":\"Comment\",\"target\":[\"https:\\\/\\\/reiseblock.ch\\\/wordpress\\\/das-bergell-ruft\\\/#respond\"]}]},{\"@type\":\"WebPage\",\"@id\":\"https:\\\/\\\/reiseblock.ch\\\/wordpress\\\/das-bergell-ruft\\\/\",\"url\":\"https:\\\/\\\/reiseblock.ch\\\/wordpress\\\/das-bergell-ruft\\\/\",\"name\":\"Das Bergell ruft &#8211; Reiseblock\",\"isPartOf\":{\"@id\":\"https:\\\/\\\/reiseblock.ch\\\/wordpress\\\/#website\"},\"primaryImageOfPage\":{\"@id\":\"https:\\\/\\\/reiseblock.ch\\\/wordpress\\\/das-bergell-ruft\\\/#primaryimage\"},\"image\":{\"@id\":\"https:\\\/\\\/reiseblock.ch\\\/wordpress\\\/das-bergell-ruft\\\/#primaryimage\"},\"thumbnailUrl\":\"https:\\\/\\\/reiseblock.ch\\\/wordpress\\\/wp-content\\\/uploads\\\/2021\\\/05\\\/Hoehenweg.jpg\",\"datePublished\":\"2022-05-01T09:00:00+00:00\",\"dateModified\":\"2022-05-01T09:40:32+00:00\",\"breadcrumb\":{\"@id\":\"https:\\\/\\\/reiseblock.ch\\\/wordpress\\\/das-bergell-ruft\\\/#breadcrumb\"},\"inLanguage\":\"de\",\"potentialAction\":[{\"@type\":\"ReadAction\",\"target\":[\"https:\\\/\\\/reiseblock.ch\\\/wordpress\\\/das-bergell-ruft\\\/\"]}]},{\"@type\":\"ImageObject\",\"inLanguage\":\"de\",\"@id\":\"https:\\\/\\\/reiseblock.ch\\\/wordpress\\\/das-bergell-ruft\\\/#primaryimage\",\"url\":\"https:\\\/\\\/reiseblock.ch\\\/wordpress\\\/wp-content\\\/uploads\\\/2021\\\/05\\\/Hoehenweg.jpg\",\"contentUrl\":\"https:\\\/\\\/reiseblock.ch\\\/wordpress\\\/wp-content\\\/uploads\\\/2021\\\/05\\\/Hoehenweg.jpg\",\"width\":500,\"height\":333,\"caption\":\"Das Bergell \u2013 wundesch\u00f6nes Tal\"},{\"@type\":\"BreadcrumbList\",\"@id\":\"https:\\\/\\\/reiseblock.ch\\\/wordpress\\\/das-bergell-ruft\\\/#breadcrumb\",\"itemListElement\":[{\"@type\":\"ListItem\",\"position\":1,\"name\":\"Home\",\"item\":\"https:\\\/\\\/reiseblock.ch\\\/wordpress\\\/\"},{\"@type\":\"ListItem\",\"position\":2,\"name\":\"Das Bergell ruft\"}]},{\"@type\":\"WebSite\",\"@id\":\"https:\\\/\\\/reiseblock.ch\\\/wordpress\\\/#website\",\"url\":\"https:\\\/\\\/reiseblock.ch\\\/wordpress\\\/\",\"name\":\"Reiseblock\",\"description\":\"Ursula Kohlers ReiseWeise\",\"publisher\":{\"@id\":\"https:\\\/\\\/reiseblock.ch\\\/wordpress\\\/#\\\/schema\\\/person\\\/eafba14374f16d5fa4f73efd49243014\"},\"potentialAction\":[{\"@type\":\"SearchAction\",\"target\":{\"@type\":\"EntryPoint\",\"urlTemplate\":\"https:\\\/\\\/reiseblock.ch\\\/wordpress\\\/?s={search_term_string}\"},\"query-input\":{\"@type\":\"PropertyValueSpecification\",\"valueRequired\":true,\"valueName\":\"search_term_string\"}}],\"inLanguage\":\"de\"},{\"@type\":[\"Person\",\"Organization\"],\"@id\":\"https:\\\/\\\/reiseblock.ch\\\/wordpress\\\/#\\\/schema\\\/person\\\/eafba14374f16d5fa4f73efd49243014\",\"name\":\"Ursula Kohler\",\"image\":{\"@type\":\"ImageObject\",\"inLanguage\":\"de\",\"@id\":\"https:\\\/\\\/secure.gravatar.com\\\/avatar\\\/014d9b9a971f617638f4298cbb55f92d20b3bf0d1c9cc32f65333b2769bcf867?s=96&d=blank&r=g\",\"url\":\"https:\\\/\\\/secure.gravatar.com\\\/avatar\\\/014d9b9a971f617638f4298cbb55f92d20b3bf0d1c9cc32f65333b2769bcf867?s=96&d=blank&r=g\",\"contentUrl\":\"https:\\\/\\\/secure.gravatar.com\\\/avatar\\\/014d9b9a971f617638f4298cbb55f92d20b3bf0d1c9cc32f65333b2769bcf867?s=96&d=blank&r=g\",\"caption\":\"Ursula Kohler\"},\"logo\":{\"@id\":\"https:\\\/\\\/secure.gravatar.com\\\/avatar\\\/014d9b9a971f617638f4298cbb55f92d20b3bf0d1c9cc32f65333b2769bcf867?s=96&d=blank&r=g\"},\"url\":\"https:\\\/\\\/reiseblock.ch\\\/wordpress\\\/author\\\/ursula-kohlerbluewin-ch\\\/\"}]}<\/script>\n<!-- \/ Yoast SEO plugin. -->","yoast_head_json":{"title":"Das Bergell ruft &#8211; Reiseblock","robots":{"index":"index","follow":"follow","max-snippet":"max-snippet:-1","max-image-preview":"max-image-preview:large","max-video-preview":"max-video-preview:-1"},"canonical":"https:\/\/reiseblock.ch\/wordpress\/das-bergell-ruft\/","og_locale":"de_DE","og_type":"article","og_title":"Das Bergell ruft &#8211; Reiseblock","og_description":"Das Bergell als Grenztal liegt aus vielen Ecken der Schweiz nicht gerade am Weg. Ist man einmal dort, ist die lange Anreise schnell vergessen.","og_url":"https:\/\/reiseblock.ch\/wordpress\/das-bergell-ruft\/","og_site_name":"Reiseblock","article_published_time":"2022-05-01T09:00:00+00:00","article_modified_time":"2022-05-01T09:40:32+00:00","og_image":[{"width":500,"height":333,"url":"https:\/\/reiseblock.ch\/wordpress\/wp-content\/uploads\/2021\/05\/Hoehenweg.jpg","type":"image\/jpeg"}],"author":"Ursula Kohler","twitter_misc":{"Verfasst von":"Ursula Kohler","Gesch\u00e4tzte Lesezeit":"2\u00a0Minuten"},"schema":{"@context":"https:\/\/schema.org","@graph":[{"@type":"Article","@id":"https:\/\/reiseblock.ch\/wordpress\/das-bergell-ruft\/#article","isPartOf":{"@id":"https:\/\/reiseblock.ch\/wordpress\/das-bergell-ruft\/"},"author":{"name":"Ursula Kohler","@id":"https:\/\/reiseblock.ch\/wordpress\/#\/schema\/person\/eafba14374f16d5fa4f73efd49243014"},"headline":"Das Bergell ruft","datePublished":"2022-05-01T09:00:00+00:00","dateModified":"2022-05-01T09:40:32+00:00","mainEntityOfPage":{"@id":"https:\/\/reiseblock.ch\/wordpress\/das-bergell-ruft\/"},"wordCount":251,"commentCount":0,"publisher":{"@id":"https:\/\/reiseblock.ch\/wordpress\/#\/schema\/person\/eafba14374f16d5fa4f73efd49243014"},"image":{"@id":"https:\/\/reiseblock.ch\/wordpress\/das-bergell-ruft\/#primaryimage"},"thumbnailUrl":"https:\/\/reiseblock.ch\/wordpress\/wp-content\/uploads\/2021\/05\/Hoehenweg.jpg","articleSection":["Beitrag"],"inLanguage":"de","potentialAction":[{"@type":"CommentAction","name":"Comment","target":["https:\/\/reiseblock.ch\/wordpress\/das-bergell-ruft\/#respond"]}]},{"@type":"WebPage","@id":"https:\/\/reiseblock.ch\/wordpress\/das-bergell-ruft\/","url":"https:\/\/reiseblock.ch\/wordpress\/das-bergell-ruft\/","name":"Das Bergell ruft &#8211; Reiseblock","isPartOf":{"@id":"https:\/\/reiseblock.ch\/wordpress\/#website"},"primaryImageOfPage":{"@id":"https:\/\/reiseblock.ch\/wordpress\/das-bergell-ruft\/#primaryimage"},"image":{"@id":"https:\/\/reiseblock.ch\/wordpress\/das-bergell-ruft\/#primaryimage"},"thumbnailUrl":"https:\/\/reiseblock.ch\/wordpress\/wp-content\/uploads\/2021\/05\/Hoehenweg.jpg","datePublished":"2022-05-01T09:00:00+00:00","dateModified":"2022-05-01T09:40:32+00:00","breadcrumb":{"@id":"https:\/\/reiseblock.ch\/wordpress\/das-bergell-ruft\/#breadcrumb"},"inLanguage":"de","potentialAction":[{"@type":"ReadAction","target":["https:\/\/reiseblock.ch\/wordpress\/das-bergell-ruft\/"]}]},{"@type":"ImageObject","inLanguage":"de","@id":"https:\/\/reiseblock.ch\/wordpress\/das-bergell-ruft\/#primaryimage","url":"https:\/\/reiseblock.ch\/wordpress\/wp-content\/uploads\/2021\/05\/Hoehenweg.jpg","contentUrl":"https:\/\/reiseblock.ch\/wordpress\/wp-content\/uploads\/2021\/05\/Hoehenweg.jpg","width":500,"height":333,"caption":"Das Bergell \u2013 wundesch\u00f6nes Tal"},{"@type":"BreadcrumbList","@id":"https:\/\/reiseblock.ch\/wordpress\/das-bergell-ruft\/#breadcrumb","itemListElement":[{"@type":"ListItem","position":1,"name":"Home","item":"https:\/\/reiseblock.ch\/wordpress\/"},{"@type":"ListItem","position":2,"name":"Das Bergell ruft"}]},{"@type":"WebSite","@id":"https:\/\/reiseblock.ch\/wordpress\/#website","url":"https:\/\/reiseblock.ch\/wordpress\/","name":"Reiseblock","description":"Ursula Kohlers ReiseWeise","publisher":{"@id":"https:\/\/reiseblock.ch\/wordpress\/#\/schema\/person\/eafba14374f16d5fa4f73efd49243014"},"potentialAction":[{"@type":"SearchAction","target":{"@type":"EntryPoint","urlTemplate":"https:\/\/reiseblock.ch\/wordpress\/?s={search_term_string}"},"query-input":{"@type":"PropertyValueSpecification","valueRequired":true,"valueName":"search_term_string"}}],"inLanguage":"de"},{"@type":["Person","Organization"],"@id":"https:\/\/reiseblock.ch\/wordpress\/#\/schema\/person\/eafba14374f16d5fa4f73efd49243014","name":"Ursula Kohler","image":{"@type":"ImageObject","inLanguage":"de","@id":"https:\/\/secure.gravatar.com\/avatar\/014d9b9a971f617638f4298cbb55f92d20b3bf0d1c9cc32f65333b2769bcf867?s=96&d=blank&r=g","url":"https:\/\/secure.gravatar.com\/avatar\/014d9b9a971f617638f4298cbb55f92d20b3bf0d1c9cc32f65333b2769bcf867?s=96&d=blank&r=g","contentUrl":"https:\/\/secure.gravatar.com\/avatar\/014d9b9a971f617638f4298cbb55f92d20b3bf0d1c9cc32f65333b2769bcf867?s=96&d=blank&r=g","caption":"Ursula Kohler"},"logo":{"@id":"https:\/\/secure.gravatar.com\/avatar\/014d9b9a971f617638f4298cbb55f92d20b3bf0d1c9cc32f65333b2769bcf867?s=96&d=blank&r=g"},"url":"https:\/\/reiseblock.ch\/wordpress\/author\/ursula-kohlerbluewin-ch\/"}]}},"_links":{"self":[{"href":"https:\/\/reiseblock.ch\/wordpress\/wp-json\/wp\/v2\/posts\/3352","targetHints":{"allow":["GET"]}}],"collection":[{"href":"https:\/\/reiseblock.ch\/wordpress\/wp-json\/wp\/v2\/posts"}],"about":[{"href":"https:\/\/reiseblock.ch\/wordpress\/wp-json\/wp\/v2\/types\/post"}],"author":[{"embeddable":true,"href":"https:\/\/reiseblock.ch\/wordpress\/wp-json\/wp\/v2\/users\/5"}],"replies":[{"embeddable":true,"href":"https:\/\/reiseblock.ch\/wordpress\/wp-json\/wp\/v2\/comments?post=3352"}],"version-history":[{"count":5,"href":"https:\/\/reiseblock.ch\/wordpress\/wp-json\/wp\/v2\/posts\/3352\/revisions"}],"predecessor-version":[{"id":3382,"href":"https:\/\/reiseblock.ch\/wordpress\/wp-json\/wp\/v2\/posts\/3352\/revisions\/3382"}],"wp:featuredmedia":[{"embeddable":true,"href":"https:\/\/reiseblock.ch\/wordpress\/wp-json\/wp\/v2\/media\/3363"}],"wp:attachment":[{"href":"https:\/\/reiseblock.ch\/wordpress\/wp-json\/wp\/v2\/media?parent=3352"}],"wp:term":[{"taxonomy":"category","embeddable":true,"href":"https:\/\/reiseblock.ch\/wordpress\/wp-json\/wp\/v2\/categories?post=3352"},{"taxonomy":"post_tag","embeddable":true,"href":"https:\/\/reiseblock.ch\/wordpress\/wp-json\/wp\/v2\/tags?post=3352"}],"curies":[{"name":"wp","href":"https:\/\/api.w.org\/{rel}","templated":true}]}}