{"id":3318,"date":"2025-05-13T19:33:00","date_gmt":"2025-05-13T17:33:00","guid":{"rendered":"https:\/\/reiseblock.ch\/wordpress\/?p=3318"},"modified":"2025-06-01T22:22:45","modified_gmt":"2025-06-01T20:22:45","slug":"rund-um-den-albis","status":"publish","type":"post","link":"https:\/\/reiseblock.ch\/wordpress\/rund-um-den-albis\/","title":{"rendered":"Viele Wege f\u00fchren \u00fcber den Albis"},"content":{"rendered":"\n<p><em>Die Albiskette bietet unz\u00e4hlige M\u00f6glichkeiten f\u00fcr k\u00fcrzere oder l\u00e4ngere Touren. Aussicht, sch\u00f6ne Restaurants(-terrassen), Wasser, Wald \u2013 die Priorit\u00e4ten k\u00f6nnen frei gew\u00e4hlt werden.<\/em> <em>Wir w\u00e4hlen den \u00dcbergang vom Sihlwald \u00fcber die Schnabell\u00fccken bis zum T\u00fcrlersee.<\/em><\/p>\n\n\n<p><!--more--><\/p>\n\n\n<div id=\"metaslider-id-3331\" style=\"max-width: 750px; margin: 0 auto;\" class=\"ml-slider-3-109-0 metaslider metaslider-nivo metaslider-3331 ml-slider ms-theme-default\" role=\"region\" aria-label=\"Schnabell\u00fccken\" data-height=\"550\" data-width=\"750\">\n    <div id=\"metaslider_container_3331\">\n        <div class='slider-wrapper theme-default'><div class='ribbon'><\/div><div id='metaslider_3331' class='nivoSlider'><img loading=\"lazy\" decoding=\"async\" src=\"https:\/\/reiseblock.ch\/wordpress\/wp-content\/uploads\/2021\/05\/Bild_11-454x333.jpg\" height=\"550\" width=\"750\" data-caption=\"Start in Sihlwald\" title=\"Bild_11\" alt=\"\" class=\"slider-3331 slide-3332 msDefaultImage\" \/><img loading=\"lazy\" decoding=\"async\" src=\"https:\/\/reiseblock.ch\/wordpress\/wp-content\/uploads\/2021\/05\/Bild_2-454x333.jpg\" height=\"550\" width=\"750\" data-caption=\"Durch den sch&ouml;nen Wald in die H&ouml;he\" title=\"Bild_2\" alt=\"\" class=\"slider-3331 slide-3335 msDefaultImage\" \/><img loading=\"lazy\" decoding=\"async\" src=\"https:\/\/reiseblock.ch\/wordpress\/wp-content\/uploads\/2021\/05\/Bild_9-454x333.jpg\" height=\"550\" width=\"750\" data-caption=\"&Uuml;bergang Schnabell&uuml;cken\" title=\"Bild_9\" alt=\"\" class=\"slider-3331 slide-3334 msDefaultImage\" \/><img loading=\"lazy\" decoding=\"async\" src=\"https:\/\/reiseblock.ch\/wordpress\/wp-content\/uploads\/2021\/05\/Bild_3-454x333.jpg\" height=\"550\" width=\"750\" data-caption=\"Bis hierher geht die Kernzone des Wildparks\" title=\"Bild_3\" alt=\"\" class=\"slider-3331 slide-3336 msDefaultImage\" \/><img loading=\"lazy\" decoding=\"async\" src=\"https:\/\/reiseblock.ch\/wordpress\/wp-content\/uploads\/2021\/05\/Bild_4-454x333.jpg\" height=\"550\" width=\"750\" data-caption=\"Abstecher zur Hochwacht\" title=\"Bild_4\" alt=\"\" class=\"slider-3331 slide-3337 msDefaultImage\" \/><img loading=\"lazy\" decoding=\"async\" src=\"https:\/\/reiseblock.ch\/wordpress\/wp-content\/uploads\/2021\/05\/Bild_12-454x333.jpg\" height=\"550\" width=\"750\" data-caption=\"Sicht bis nach Z&uuml;rich vom Turm aus\" title=\"Bild_12\" alt=\"\" class=\"slider-3331 slide-3346 msDefaultImage\" \/><img loading=\"lazy\" decoding=\"async\" src=\"https:\/\/reiseblock.ch\/wordpress\/wp-content\/uploads\/2021\/05\/Bild_6-454x333.jpg\" height=\"550\" width=\"750\" data-caption=\"Abstieg Richtung T&uuml;rlersee\" title=\"Bild_6\" alt=\"\" class=\"slider-3331 slide-3338 msDefaultImage\" \/><img loading=\"lazy\" decoding=\"async\" src=\"https:\/\/reiseblock.ch\/wordpress\/wp-content\/uploads\/2021\/05\/Bild_13-454x333.jpg\" height=\"550\" width=\"750\" data-caption=\"Zwischen den B&auml;umen ist der T&uuml;rlersee sichtbar\" title=\"Bild_13\" alt=\"\" class=\"slider-3331 slide-3345 msDefaultImage\" \/><\/div><\/div>\n        \n    <\/div>\n<\/div>\n\n\n\n<p>Die markante Bergkette umrahmt das linke Z\u00fcrichseeufer und reicht von der Stadt Z\u00fcrich bis ins Sihltal. An verschiedenen Orten kann der Albis \u00fcberschritten werden: Vom Triemli aus gelangt man direkt auf den Uetliberg, vom Albisguetli f\u00fchrt ein steiler Weg \u00fcber einen etwas tiefer gelegenen Einschnitt weiter nach Sellenb\u00fcren im Reppischtal. Sch\u00f6n ist auch der Aufstieg von Leimbach auf die Balderen und weiter nach Stallikon. Von Adliswil kann man zu Fuss zur Felsenegg wandern, muss aber nicht. Denn hier f\u00fchrt die <a href=\"https:\/\/www.szu.ch\/de\/ueber-die-szu\/felseneggbahn\/\" target=\"_blank\" rel=\"noreferrer noopener\">Felseneggbahn<\/a> direkt in die H\u00f6he. Buchenegg, Albispass sind weitere \u00dcberg\u00e4nge, die zu Fuss, aber auch mit dem Auto erreichbar sind.<\/p>\n\n\n\n<p><strong>Historischer Fussweg Schnabell\u00fccken<\/strong><\/p>\n\n\n\n<p>Ein spezieller und hier empfohlener \u00dcbergang geht \u00fcber die Schnabell\u00fccken. Wir starten in Sihlwald \u2013 wenn wir denn hier \u00fcberhaupt wegkommen. Denn hier befindet sich der <a href=\"https:\/\/www.wildnispark.ch\/\" target=\"_blank\" rel=\"noreferrer noopener\">Wildnispark<\/a>. Der Naturerlebnispark Sihlwald, insgesamt ein 1100 ha grosser Buchenwald,  ist jederzeit frei zug\u00e4nglich. Es gibt einen Walderlebnispfad und Wildnis-Spielplatz. Das Besucherzentrum mit Buchshop und Naturmuseum ist im Sommerhalbjahr t\u00e4glich ge\u00f6ffnet.<\/p>\n\n\n\n<p>Der einst\u00fcndige Aufstieg durch den Wald, der bis zur Schnabell\u00fccken zum Wildnispark geh\u00f6rt, ist steil, aber gerade im Sommer angenehm k\u00fchl. Wir befinden uns hier auf einem historischen \u00dcbergang. \u00dcber Ursprung, Bedeutung und Bezug zur mittelalterlichen Schnabelburg, deren Ruine in der N\u00e4he liegt, gehen die Meinungen jedoch auseinander. <\/p>\n\n\n\n<p><strong>T\u00fcrlersee: kein Geheimtipp mehr<\/strong><\/p>\n\n\n\n<p>Ein vietelst\u00fcndiger Abstecher f\u00fchrt zum Aussichtsturm Hochwacht mit Feuerstelle. Ab Schnabell\u00fccken gehts \u00fcber einen steilen Treppenweg weiter, bis wir aus dem Wald treten und mit einem Blick bis zum Zugersee und den Bergen im Hintergrund belohnt werden. Richtung T\u00fcfenbach und Vollenweid gelangen wir nach rund 50 Minuten an den T\u00fcrlersee. Wer noch Energie hat, umrundet diesen sch\u00f6nen kleinen See. Auf jeden Fall lohnt sich der Besuch im <a href=\"https:\/\/www.camping-tuerlersee.ch\/de\/home\">Strandbad T\u00fcrlerssee. <\/a>Nur haben diesen friedlichen Ort auch schon andere vor uns entdeckt!<\/p>\n\n\n\n<p><br><\/p>\n\n\n\n<p><\/p>\n","protected":false},"excerpt":{"rendered":"<p>Die Albiskette bietet unz\u00e4hlige M\u00f6glichkeiten f\u00fcr k\u00fcrzere oder l\u00e4ngere Touren. Aussicht, sch\u00f6ne Restaurants(-terrassen), Wasser, Wald \u2013 die Priorit\u00e4ten k\u00f6nnen frei gew\u00e4hlt werden. Wir w\u00e4hlen den \u00dcbergang vom Sihlwald \u00fcber die Schnabell\u00fccken. bis zum T\u00fcrlersee.<\/p>\n","protected":false},"author":5,"featured_media":3328,"comment_status":"open","ping_status":"open","sticky":false,"template":"","format":"standard","meta":{"footnotes":""},"categories":[6],"tags":[],"class_list":["post-3318","post","type-post","status-publish","format-standard","has-post-thumbnail","hentry","category-beitrag"],"yoast_head":"<!-- This site is optimized with the Yoast SEO plugin v27.8 - https:\/\/yoast.com\/product\/yoast-seo-wordpress\/ -->\n<title>Viele Wege f\u00fchren \u00fcber den Albis &#8211; Reiseblock<\/title>\n<meta name=\"description\" content=\"Der Albis ist voller attraktiver Wanderwege, und dies w\u00e4hrend des ganzen Jahres. Aussicht, Wald, Ruhepl\u00e4tze \u2013 alles ist dabei.\" \/>\n<meta name=\"robots\" content=\"index, follow, max-snippet:-1, max-image-preview:large, max-video-preview:-1\" \/>\n<link rel=\"canonical\" href=\"https:\/\/reiseblock.ch\/wordpress\/rund-um-den-albis\/\" \/>\n<meta property=\"og:locale\" content=\"de_DE\" \/>\n<meta property=\"og:type\" content=\"article\" \/>\n<meta property=\"og:title\" content=\"Viele Wege f\u00fchren \u00fcber den Albis &#8211; Reiseblock\" \/>\n<meta property=\"og:description\" content=\"Der Albis ist voller attraktiver Wanderwege, und dies w\u00e4hrend des ganzen Jahres. Aussicht, Wald, Ruhepl\u00e4tze \u2013 alles ist dabei.\" \/>\n<meta property=\"og:url\" content=\"https:\/\/reiseblock.ch\/wordpress\/rund-um-den-albis\/\" \/>\n<meta property=\"og:site_name\" content=\"Reiseblock\" \/>\n<meta property=\"article:published_time\" content=\"2025-05-13T17:33:00+00:00\" \/>\n<meta property=\"article:modified_time\" content=\"2025-06-01T20:22:45+00:00\" \/>\n<meta property=\"og:image\" content=\"https:\/\/reiseblock.ch\/wordpress\/wp-content\/uploads\/2021\/05\/Bild_4.jpg\" \/>\n\t<meta property=\"og:image:width\" content=\"500\" \/>\n\t<meta property=\"og:image:height\" content=\"333\" \/>\n\t<meta property=\"og:image:type\" content=\"image\/jpeg\" \/>\n<meta name=\"author\" content=\"Ursula Kohler\" \/>\n<meta name=\"twitter:label1\" content=\"Verfasst von\" \/>\n\t<meta name=\"twitter:data1\" content=\"Ursula Kohler\" \/>\n\t<meta name=\"twitter:label2\" content=\"Gesch\u00e4tzte Lesezeit\" \/>\n\t<meta name=\"twitter:data2\" content=\"2\u00a0Minuten\" \/>\n<script type=\"application\/ld+json\" class=\"yoast-schema-graph\">{\"@context\":\"https:\\\/\\\/schema.org\",\"@graph\":[{\"@type\":\"Article\",\"@id\":\"https:\\\/\\\/reiseblock.ch\\\/wordpress\\\/rund-um-den-albis\\\/#article\",\"isPartOf\":{\"@id\":\"https:\\\/\\\/reiseblock.ch\\\/wordpress\\\/rund-um-den-albis\\\/\"},\"author\":{\"name\":\"Ursula Kohler\",\"@id\":\"https:\\\/\\\/reiseblock.ch\\\/wordpress\\\/#\\\/schema\\\/person\\\/eafba14374f16d5fa4f73efd49243014\"},\"headline\":\"Viele Wege f\u00fchren \u00fcber den Albis\",\"datePublished\":\"2025-05-13T17:33:00+00:00\",\"dateModified\":\"2025-06-01T20:22:45+00:00\",\"mainEntityOfPage\":{\"@id\":\"https:\\\/\\\/reiseblock.ch\\\/wordpress\\\/rund-um-den-albis\\\/\"},\"wordCount\":370,\"commentCount\":0,\"publisher\":{\"@id\":\"https:\\\/\\\/reiseblock.ch\\\/wordpress\\\/#\\\/schema\\\/person\\\/eafba14374f16d5fa4f73efd49243014\"},\"image\":{\"@id\":\"https:\\\/\\\/reiseblock.ch\\\/wordpress\\\/rund-um-den-albis\\\/#primaryimage\"},\"thumbnailUrl\":\"https:\\\/\\\/reiseblock.ch\\\/wordpress\\\/wp-content\\\/uploads\\\/2021\\\/05\\\/Bild_4.jpg\",\"articleSection\":[\"Beitrag\"],\"inLanguage\":\"de\",\"potentialAction\":[{\"@type\":\"CommentAction\",\"name\":\"Comment\",\"target\":[\"https:\\\/\\\/reiseblock.ch\\\/wordpress\\\/rund-um-den-albis\\\/#respond\"]}]},{\"@type\":\"WebPage\",\"@id\":\"https:\\\/\\\/reiseblock.ch\\\/wordpress\\\/rund-um-den-albis\\\/\",\"url\":\"https:\\\/\\\/reiseblock.ch\\\/wordpress\\\/rund-um-den-albis\\\/\",\"name\":\"Viele Wege f\u00fchren \u00fcber den Albis &#8211; Reiseblock\",\"isPartOf\":{\"@id\":\"https:\\\/\\\/reiseblock.ch\\\/wordpress\\\/#website\"},\"primaryImageOfPage\":{\"@id\":\"https:\\\/\\\/reiseblock.ch\\\/wordpress\\\/rund-um-den-albis\\\/#primaryimage\"},\"image\":{\"@id\":\"https:\\\/\\\/reiseblock.ch\\\/wordpress\\\/rund-um-den-albis\\\/#primaryimage\"},\"thumbnailUrl\":\"https:\\\/\\\/reiseblock.ch\\\/wordpress\\\/wp-content\\\/uploads\\\/2021\\\/05\\\/Bild_4.jpg\",\"datePublished\":\"2025-05-13T17:33:00+00:00\",\"dateModified\":\"2025-06-01T20:22:45+00:00\",\"description\":\"Der Albis ist voller attraktiver Wanderwege, und dies w\u00e4hrend des ganzen Jahres. Aussicht, Wald, Ruhepl\u00e4tze \u2013 alles ist dabei.\",\"breadcrumb\":{\"@id\":\"https:\\\/\\\/reiseblock.ch\\\/wordpress\\\/rund-um-den-albis\\\/#breadcrumb\"},\"inLanguage\":\"de\",\"potentialAction\":[{\"@type\":\"ReadAction\",\"target\":[\"https:\\\/\\\/reiseblock.ch\\\/wordpress\\\/rund-um-den-albis\\\/\"]}]},{\"@type\":\"ImageObject\",\"inLanguage\":\"de\",\"@id\":\"https:\\\/\\\/reiseblock.ch\\\/wordpress\\\/rund-um-den-albis\\\/#primaryimage\",\"url\":\"https:\\\/\\\/reiseblock.ch\\\/wordpress\\\/wp-content\\\/uploads\\\/2021\\\/05\\\/Bild_4.jpg\",\"contentUrl\":\"https:\\\/\\\/reiseblock.ch\\\/wordpress\\\/wp-content\\\/uploads\\\/2021\\\/05\\\/Bild_4.jpg\",\"width\":500,\"height\":333,\"caption\":\"Abstecher zur Hochwacht\"},{\"@type\":\"BreadcrumbList\",\"@id\":\"https:\\\/\\\/reiseblock.ch\\\/wordpress\\\/rund-um-den-albis\\\/#breadcrumb\",\"itemListElement\":[{\"@type\":\"ListItem\",\"position\":1,\"name\":\"Home\",\"item\":\"https:\\\/\\\/reiseblock.ch\\\/wordpress\\\/\"},{\"@type\":\"ListItem\",\"position\":2,\"name\":\"Viele Wege f\u00fchren \u00fcber den Albis\"}]},{\"@type\":\"WebSite\",\"@id\":\"https:\\\/\\\/reiseblock.ch\\\/wordpress\\\/#website\",\"url\":\"https:\\\/\\\/reiseblock.ch\\\/wordpress\\\/\",\"name\":\"Reiseblock\",\"description\":\"Ursula Kohlers ReiseWeise\",\"publisher\":{\"@id\":\"https:\\\/\\\/reiseblock.ch\\\/wordpress\\\/#\\\/schema\\\/person\\\/eafba14374f16d5fa4f73efd49243014\"},\"potentialAction\":[{\"@type\":\"SearchAction\",\"target\":{\"@type\":\"EntryPoint\",\"urlTemplate\":\"https:\\\/\\\/reiseblock.ch\\\/wordpress\\\/?s={search_term_string}\"},\"query-input\":{\"@type\":\"PropertyValueSpecification\",\"valueRequired\":true,\"valueName\":\"search_term_string\"}}],\"inLanguage\":\"de\"},{\"@type\":[\"Person\",\"Organization\"],\"@id\":\"https:\\\/\\\/reiseblock.ch\\\/wordpress\\\/#\\\/schema\\\/person\\\/eafba14374f16d5fa4f73efd49243014\",\"name\":\"Ursula Kohler\",\"image\":{\"@type\":\"ImageObject\",\"inLanguage\":\"de\",\"@id\":\"https:\\\/\\\/secure.gravatar.com\\\/avatar\\\/014d9b9a971f617638f4298cbb55f92d20b3bf0d1c9cc32f65333b2769bcf867?s=96&d=blank&r=g\",\"url\":\"https:\\\/\\\/secure.gravatar.com\\\/avatar\\\/014d9b9a971f617638f4298cbb55f92d20b3bf0d1c9cc32f65333b2769bcf867?s=96&d=blank&r=g\",\"contentUrl\":\"https:\\\/\\\/secure.gravatar.com\\\/avatar\\\/014d9b9a971f617638f4298cbb55f92d20b3bf0d1c9cc32f65333b2769bcf867?s=96&d=blank&r=g\",\"caption\":\"Ursula Kohler\"},\"logo\":{\"@id\":\"https:\\\/\\\/secure.gravatar.com\\\/avatar\\\/014d9b9a971f617638f4298cbb55f92d20b3bf0d1c9cc32f65333b2769bcf867?s=96&d=blank&r=g\"},\"url\":\"https:\\\/\\\/reiseblock.ch\\\/wordpress\\\/author\\\/ursula-kohlerbluewin-ch\\\/\"}]}<\/script>\n<!-- \/ Yoast SEO plugin. -->","yoast_head_json":{"title":"Viele Wege f\u00fchren \u00fcber den Albis &#8211; Reiseblock","description":"Der Albis ist voller attraktiver Wanderwege, und dies w\u00e4hrend des ganzen Jahres. Aussicht, Wald, Ruhepl\u00e4tze \u2013 alles ist dabei.","robots":{"index":"index","follow":"follow","max-snippet":"max-snippet:-1","max-image-preview":"max-image-preview:large","max-video-preview":"max-video-preview:-1"},"canonical":"https:\/\/reiseblock.ch\/wordpress\/rund-um-den-albis\/","og_locale":"de_DE","og_type":"article","og_title":"Viele Wege f\u00fchren \u00fcber den Albis &#8211; Reiseblock","og_description":"Der Albis ist voller attraktiver Wanderwege, und dies w\u00e4hrend des ganzen Jahres. Aussicht, Wald, Ruhepl\u00e4tze \u2013 alles ist dabei.","og_url":"https:\/\/reiseblock.ch\/wordpress\/rund-um-den-albis\/","og_site_name":"Reiseblock","article_published_time":"2025-05-13T17:33:00+00:00","article_modified_time":"2025-06-01T20:22:45+00:00","og_image":[{"width":500,"height":333,"url":"https:\/\/reiseblock.ch\/wordpress\/wp-content\/uploads\/2021\/05\/Bild_4.jpg","type":"image\/jpeg"}],"author":"Ursula Kohler","twitter_misc":{"Verfasst von":"Ursula Kohler","Gesch\u00e4tzte Lesezeit":"2\u00a0Minuten"},"schema":{"@context":"https:\/\/schema.org","@graph":[{"@type":"Article","@id":"https:\/\/reiseblock.ch\/wordpress\/rund-um-den-albis\/#article","isPartOf":{"@id":"https:\/\/reiseblock.ch\/wordpress\/rund-um-den-albis\/"},"author":{"name":"Ursula Kohler","@id":"https:\/\/reiseblock.ch\/wordpress\/#\/schema\/person\/eafba14374f16d5fa4f73efd49243014"},"headline":"Viele Wege f\u00fchren \u00fcber den Albis","datePublished":"2025-05-13T17:33:00+00:00","dateModified":"2025-06-01T20:22:45+00:00","mainEntityOfPage":{"@id":"https:\/\/reiseblock.ch\/wordpress\/rund-um-den-albis\/"},"wordCount":370,"commentCount":0,"publisher":{"@id":"https:\/\/reiseblock.ch\/wordpress\/#\/schema\/person\/eafba14374f16d5fa4f73efd49243014"},"image":{"@id":"https:\/\/reiseblock.ch\/wordpress\/rund-um-den-albis\/#primaryimage"},"thumbnailUrl":"https:\/\/reiseblock.ch\/wordpress\/wp-content\/uploads\/2021\/05\/Bild_4.jpg","articleSection":["Beitrag"],"inLanguage":"de","potentialAction":[{"@type":"CommentAction","name":"Comment","target":["https:\/\/reiseblock.ch\/wordpress\/rund-um-den-albis\/#respond"]}]},{"@type":"WebPage","@id":"https:\/\/reiseblock.ch\/wordpress\/rund-um-den-albis\/","url":"https:\/\/reiseblock.ch\/wordpress\/rund-um-den-albis\/","name":"Viele Wege f\u00fchren \u00fcber den Albis &#8211; Reiseblock","isPartOf":{"@id":"https:\/\/reiseblock.ch\/wordpress\/#website"},"primaryImageOfPage":{"@id":"https:\/\/reiseblock.ch\/wordpress\/rund-um-den-albis\/#primaryimage"},"image":{"@id":"https:\/\/reiseblock.ch\/wordpress\/rund-um-den-albis\/#primaryimage"},"thumbnailUrl":"https:\/\/reiseblock.ch\/wordpress\/wp-content\/uploads\/2021\/05\/Bild_4.jpg","datePublished":"2025-05-13T17:33:00+00:00","dateModified":"2025-06-01T20:22:45+00:00","description":"Der Albis ist voller attraktiver Wanderwege, und dies w\u00e4hrend des ganzen Jahres. Aussicht, Wald, Ruhepl\u00e4tze \u2013 alles ist dabei.","breadcrumb":{"@id":"https:\/\/reiseblock.ch\/wordpress\/rund-um-den-albis\/#breadcrumb"},"inLanguage":"de","potentialAction":[{"@type":"ReadAction","target":["https:\/\/reiseblock.ch\/wordpress\/rund-um-den-albis\/"]}]},{"@type":"ImageObject","inLanguage":"de","@id":"https:\/\/reiseblock.ch\/wordpress\/rund-um-den-albis\/#primaryimage","url":"https:\/\/reiseblock.ch\/wordpress\/wp-content\/uploads\/2021\/05\/Bild_4.jpg","contentUrl":"https:\/\/reiseblock.ch\/wordpress\/wp-content\/uploads\/2021\/05\/Bild_4.jpg","width":500,"height":333,"caption":"Abstecher zur Hochwacht"},{"@type":"BreadcrumbList","@id":"https:\/\/reiseblock.ch\/wordpress\/rund-um-den-albis\/#breadcrumb","itemListElement":[{"@type":"ListItem","position":1,"name":"Home","item":"https:\/\/reiseblock.ch\/wordpress\/"},{"@type":"ListItem","position":2,"name":"Viele Wege f\u00fchren \u00fcber den Albis"}]},{"@type":"WebSite","@id":"https:\/\/reiseblock.ch\/wordpress\/#website","url":"https:\/\/reiseblock.ch\/wordpress\/","name":"Reiseblock","description":"Ursula Kohlers ReiseWeise","publisher":{"@id":"https:\/\/reiseblock.ch\/wordpress\/#\/schema\/person\/eafba14374f16d5fa4f73efd49243014"},"potentialAction":[{"@type":"SearchAction","target":{"@type":"EntryPoint","urlTemplate":"https:\/\/reiseblock.ch\/wordpress\/?s={search_term_string}"},"query-input":{"@type":"PropertyValueSpecification","valueRequired":true,"valueName":"search_term_string"}}],"inLanguage":"de"},{"@type":["Person","Organization"],"@id":"https:\/\/reiseblock.ch\/wordpress\/#\/schema\/person\/eafba14374f16d5fa4f73efd49243014","name":"Ursula Kohler","image":{"@type":"ImageObject","inLanguage":"de","@id":"https:\/\/secure.gravatar.com\/avatar\/014d9b9a971f617638f4298cbb55f92d20b3bf0d1c9cc32f65333b2769bcf867?s=96&d=blank&r=g","url":"https:\/\/secure.gravatar.com\/avatar\/014d9b9a971f617638f4298cbb55f92d20b3bf0d1c9cc32f65333b2769bcf867?s=96&d=blank&r=g","contentUrl":"https:\/\/secure.gravatar.com\/avatar\/014d9b9a971f617638f4298cbb55f92d20b3bf0d1c9cc32f65333b2769bcf867?s=96&d=blank&r=g","caption":"Ursula Kohler"},"logo":{"@id":"https:\/\/secure.gravatar.com\/avatar\/014d9b9a971f617638f4298cbb55f92d20b3bf0d1c9cc32f65333b2769bcf867?s=96&d=blank&r=g"},"url":"https:\/\/reiseblock.ch\/wordpress\/author\/ursula-kohlerbluewin-ch\/"}]}},"_links":{"self":[{"href":"https:\/\/reiseblock.ch\/wordpress\/wp-json\/wp\/v2\/posts\/3318","targetHints":{"allow":["GET"]}}],"collection":[{"href":"https:\/\/reiseblock.ch\/wordpress\/wp-json\/wp\/v2\/posts"}],"about":[{"href":"https:\/\/reiseblock.ch\/wordpress\/wp-json\/wp\/v2\/types\/post"}],"author":[{"embeddable":true,"href":"https:\/\/reiseblock.ch\/wordpress\/wp-json\/wp\/v2\/users\/5"}],"replies":[{"embeddable":true,"href":"https:\/\/reiseblock.ch\/wordpress\/wp-json\/wp\/v2\/comments?post=3318"}],"version-history":[{"count":10,"href":"https:\/\/reiseblock.ch\/wordpress\/wp-json\/wp\/v2\/posts\/3318\/revisions"}],"predecessor-version":[{"id":3794,"href":"https:\/\/reiseblock.ch\/wordpress\/wp-json\/wp\/v2\/posts\/3318\/revisions\/3794"}],"wp:featuredmedia":[{"embeddable":true,"href":"https:\/\/reiseblock.ch\/wordpress\/wp-json\/wp\/v2\/media\/3328"}],"wp:attachment":[{"href":"https:\/\/reiseblock.ch\/wordpress\/wp-json\/wp\/v2\/media?parent=3318"}],"wp:term":[{"taxonomy":"category","embeddable":true,"href":"https:\/\/reiseblock.ch\/wordpress\/wp-json\/wp\/v2\/categories?post=3318"},{"taxonomy":"post_tag","embeddable":true,"href":"https:\/\/reiseblock.ch\/wordpress\/wp-json\/wp\/v2\/tags?post=3318"}],"curies":[{"name":"wp","href":"https:\/\/api.w.org\/{rel}","templated":true}]}}