{"id":3272,"date":"2020-06-28T18:55:18","date_gmt":"2020-06-28T16:55:18","guid":{"rendered":"https:\/\/reiseblock.ch\/wordpress\/?p=3272"},"modified":"2020-06-28T21:50:13","modified_gmt":"2020-06-28T19:50:13","slug":"auf-dem-albisgrat","status":"publish","type":"post","link":"https:\/\/reiseblock.ch\/wordpress\/auf-dem-albisgrat\/","title":{"rendered":"Auf dem Albis"},"content":{"rendered":"\n<p><em>Es gibt viele M\u00f6glichkeiten, auf den Albisgrat zu gelangen. Am sch\u00f6nsten ist es zu Fuss, zum Beispiel von Stallikon her.<\/em> <em>Nach dem kurzen Aufstieg gehts auf dem Gratweg gem\u00fctlich vorw\u00e4rts bis zum Albispass.<\/em><\/p>\n\n\n<p><!--more--><\/p>\n\n\n<div id=\"metaslider-id-3274\" style=\"max-width: 750px; margin: 0 auto;\" class=\"ml-slider-3-109-0 metaslider metaslider-nivo metaslider-3274 ml-slider ms-theme-default\" role=\"region\" aria-label=\"Neue Slideshow\" data-height=\"550\" data-width=\"750\">\n    <div id=\"metaslider_container_3274\">\n        <div class='slider-wrapper theme-default'><div class='ribbon'><\/div><div id='metaslider_3274' class='nivoSlider'><img loading=\"lazy\" decoding=\"async\" src=\"https:\/\/reiseblock.ch\/wordpress\/wp-content\/uploads\/2020\/06\/Bild_1-750x550.jpg\" height=\"550\" width=\"750\" data-caption=\"Aufstieg auf den Albis\" title=\"Bild_1\" alt=\"Aufstieg auf den Albis\" class=\"slider-3274 slide-3289 msDefaultImage\" \/><img loading=\"lazy\" decoding=\"async\" src=\"https:\/\/reiseblock.ch\/wordpress\/wp-content\/uploads\/2020\/06\/Baldern-750x550.jpg\" height=\"550\" width=\"750\" data-caption=\"Die Baldern\" title=\"Baldern\" alt=\"Die Baldern\" class=\"slider-3274 slide-3288 msDefaultImage\" \/><img loading=\"lazy\" decoding=\"async\" src=\"https:\/\/reiseblock.ch\/wordpress\/wp-content\/uploads\/2020\/06\/Bild_2-750x550.jpg\" height=\"550\" width=\"750\" data-caption=\"Der Neptun auf dem Planetenweg\" title=\"Bild_2\" alt=\"Der Neptun auf dem Planetenweg\" class=\"slider-3274 slide-3290 msDefaultImage\" \/><img loading=\"lazy\" decoding=\"async\" src=\"https:\/\/reiseblock.ch\/wordpress\/wp-content\/uploads\/2020\/06\/Felenegg-750x550.jpg\" height=\"550\" width=\"750\" data-caption=\"Blick auf Adliswil von der Felsenegg aus\" title=\"Felsenegg\" alt=\"Blick auf Adliswil von der Felsenegg aus\" class=\"slider-3274 slide-3292 msDefaultImage\" \/><img loading=\"lazy\" decoding=\"async\" src=\"https:\/\/reiseblock.ch\/wordpress\/wp-content\/uploads\/2020\/06\/Bild_3-750x550.jpg\" height=\"550\" width=\"750\" data-caption=\"Herrliche Sicht auf den Z&uuml;richsee\" title=\"Bild_3\" alt=\"Herrliche Sicht auf den Z\u00fcrichsee\" class=\"slider-3274 slide-3287 msDefaultImage\" \/><img loading=\"lazy\" decoding=\"async\" src=\"https:\/\/reiseblock.ch\/wordpress\/wp-content\/uploads\/2020\/06\/albishaus-750x550.jpg\" height=\"550\" width=\"750\" data-caption=\"Das Albishaus\" title=\"albishaus\" alt=\"Das Albishaus\" class=\"slider-3274 slide-3286 msDefaultImage\" \/><img loading=\"lazy\" decoding=\"async\" src=\"https:\/\/reiseblock.ch\/wordpress\/wp-content\/uploads\/2020\/06\/albis-750x550.jpg\" height=\"550\" width=\"750\" data-caption=\"Der Hinteralbis\" title=\"albis\" alt=\"Der Hinteralbis\" class=\"slider-3274 slide-3285 msDefaultImage\" \/><img loading=\"lazy\" decoding=\"async\" src=\"https:\/\/reiseblock.ch\/wordpress\/wp-content\/uploads\/2020\/06\/Abend-750x550.jpg\" height=\"550\" width=\"750\" data-caption=\"Abendstimmung\" title=\"Abend\" alt=\"Abendstimmung\" class=\"slider-3274 slide-3284 msDefaultImage\" \/><\/div><\/div>\n        \n    <\/div>\n<\/div>\n\n\n\n<p>Wir steigen bei der Haltestelle Stallikon, Gamlikon aus dem Postauto und k\u00f6nnen unsere Wanderung gleich starten. Eine gute halbe Stunde dauert der Aufstieg bis zum Albisgrat. Zwischendurch mal ganz sch\u00f6n steil l\u00e4sst es sich gut auf dem Weg wandern. Nahe der Baldern erreichen wir den breiten H\u00f6henweg. Empfangen werden wir vom Neptun. Der Planet ist schon ganz sch\u00f6n weit weg von der Sonne. Kinder auf dem <a href=\"https:\/\/www.zuerich.com\/de\/besuchen\/sport\/planetenweg\" target=\"_blank\" rel=\"noreferrer noopener\">Albis-Planetenweg<\/a> m\u00fcssen viel Geduld haben, wenn sie bei der Sonne starten. <\/p>\n\n\n\n<h3 class=\"wp-block-heading\">Felsenegg und Buchenegg<\/h3>\n\n\n\n<p>Wir sind nicht wegen des Planetenwegs hier, sondern geniessen die leichte Wanderung, vorbei an der Felsenegg, bis zur Buchenegg. Auf der Terrasse des Restaurants geniessen wir einen Kaffee und die Aussicht, mit ganz viel Abstand zum n\u00e4chsten Tisch. <\/p>\n\n\n\n<p>Von der Buchenegg gehts in einer dreiviertel Stunde bis zur Albispassh\u00f6he. Wir biegen kurz vorher ab, um direkt zum <a href=\"http:\/\/albishaus.ch\" target=\"_blank\" rel=\"noreferrer noopener\">Albishaus<\/a> zu gelangen. Hier lassen wir die Tour mit einem feinen Nachtessen ausklingen. Bevor wir das Postauto zur\u00fcck nehmen, pf\u00fccken wir bei Albisblumen unseren Blumenstrauss.<\/p>\n\n\n\n<h3 class=\"wp-block-heading\">Zahlreiche Routen auf den Albisgrat<\/h3>\n\n\n\n<p>Der Albis bietet unglaublich viele M\u00f6glichkeiten zum Wandern. Dabei lohnt es sich, auch etwas abseits des H\u00f6henwegs zu gehen. N\u00e4chstes Mal w\u00e4hlen wir eine andere Route mit Aufstieg. Klar gehts auch mit Zug, Seilbahn und Postauto auf den Albiskamm, aber zu Fuss machts einfach mehr Spass.<\/p>\n","protected":false},"excerpt":{"rendered":"<p>Es gibt viele M\u00f6glichkeiten, auf den Albisgrat zu gelangen. Am sch\u00f6nsten ist es zu Fuss, zum Beispiel von Stallikon her. Nach dem kurzen Aufstieg gehts [&#8230;]<\/p>\n","protected":false},"author":1,"featured_media":3276,"comment_status":"open","ping_status":"open","sticky":false,"template":"","format":"standard","meta":{"footnotes":""},"categories":[6],"tags":[],"class_list":["post-3272","post","type-post","status-publish","format-standard","has-post-thumbnail","hentry","category-beitrag"],"yoast_head":"<!-- This site is optimized with the Yoast SEO plugin v27.8 - https:\/\/yoast.com\/product\/yoast-seo-wordpress\/ -->\n<title>&#8211; Reiseblock<\/title>\n<meta name=\"description\" content=\"Es gibt viele Touren auf dem Albis. Sch\u00f6n ist es, zu Fuss aufzusteigen und dann die gem\u00fctliche Wanderung auf dem Albisgrat zu geniessen.\" \/>\n<meta name=\"robots\" content=\"index, follow, max-snippet:-1, max-image-preview:large, max-video-preview:-1\" \/>\n<link rel=\"canonical\" href=\"https:\/\/reiseblock.ch\/wordpress\/auf-dem-albisgrat\/\" \/>\n<meta property=\"og:locale\" content=\"de_DE\" \/>\n<meta property=\"og:type\" content=\"article\" \/>\n<meta property=\"og:title\" content=\"&#8211; Reiseblock\" \/>\n<meta property=\"og:description\" content=\"Es gibt viele Touren auf dem Albis. Sch\u00f6n ist es, zu Fuss aufzusteigen und dann die gem\u00fctliche Wanderung auf dem Albisgrat zu geniessen.\" \/>\n<meta property=\"og:url\" content=\"https:\/\/reiseblock.ch\/wordpress\/auf-dem-albisgrat\/\" \/>\n<meta property=\"og:site_name\" content=\"Reiseblock\" \/>\n<meta property=\"article:published_time\" content=\"2020-06-28T16:55:18+00:00\" \/>\n<meta property=\"article:modified_time\" content=\"2020-06-28T19:50:13+00:00\" \/>\n<meta property=\"og:image\" content=\"https:\/\/reiseblock.ch\/wordpress\/wp-content\/uploads\/2020\/06\/albis.jpg\" \/>\n\t<meta property=\"og:image:width\" content=\"800\" \/>\n\t<meta property=\"og:image:height\" content=\"600\" \/>\n\t<meta property=\"og:image:type\" content=\"image\/jpeg\" \/>\n<meta name=\"author\" content=\"admin\" \/>\n<meta name=\"twitter:label1\" content=\"Verfasst von\" \/>\n\t<meta name=\"twitter:data1\" content=\"admin\" \/>\n\t<meta name=\"twitter:label2\" content=\"Gesch\u00e4tzte Lesezeit\" \/>\n\t<meta name=\"twitter:data2\" content=\"1\u00a0Minute\" \/>\n<script type=\"application\/ld+json\" class=\"yoast-schema-graph\">{\"@context\":\"https:\\\/\\\/schema.org\",\"@graph\":[{\"@type\":\"Article\",\"@id\":\"https:\\\/\\\/reiseblock.ch\\\/wordpress\\\/auf-dem-albisgrat\\\/#article\",\"isPartOf\":{\"@id\":\"https:\\\/\\\/reiseblock.ch\\\/wordpress\\\/auf-dem-albisgrat\\\/\"},\"author\":{\"name\":\"admin\",\"@id\":\"https:\\\/\\\/reiseblock.ch\\\/wordpress\\\/#\\\/schema\\\/person\\\/739b103f8e7941f579794d17e2187721\"},\"headline\":\"Auf dem Albis\",\"datePublished\":\"2020-06-28T16:55:18+00:00\",\"dateModified\":\"2020-06-28T19:50:13+00:00\",\"mainEntityOfPage\":{\"@id\":\"https:\\\/\\\/reiseblock.ch\\\/wordpress\\\/auf-dem-albisgrat\\\/\"},\"wordCount\":269,\"commentCount\":0,\"publisher\":{\"@id\":\"https:\\\/\\\/reiseblock.ch\\\/wordpress\\\/#\\\/schema\\\/person\\\/eafba14374f16d5fa4f73efd49243014\"},\"image\":{\"@id\":\"https:\\\/\\\/reiseblock.ch\\\/wordpress\\\/auf-dem-albisgrat\\\/#primaryimage\"},\"thumbnailUrl\":\"https:\\\/\\\/reiseblock.ch\\\/wordpress\\\/wp-content\\\/uploads\\\/2020\\\/06\\\/albis.jpg\",\"articleSection\":[\"Beitrag\"],\"inLanguage\":\"de\",\"potentialAction\":[{\"@type\":\"CommentAction\",\"name\":\"Comment\",\"target\":[\"https:\\\/\\\/reiseblock.ch\\\/wordpress\\\/auf-dem-albisgrat\\\/#respond\"]}]},{\"@type\":\"WebPage\",\"@id\":\"https:\\\/\\\/reiseblock.ch\\\/wordpress\\\/auf-dem-albisgrat\\\/\",\"url\":\"https:\\\/\\\/reiseblock.ch\\\/wordpress\\\/auf-dem-albisgrat\\\/\",\"name\":\"&#8211; Reiseblock\",\"isPartOf\":{\"@id\":\"https:\\\/\\\/reiseblock.ch\\\/wordpress\\\/#website\"},\"primaryImageOfPage\":{\"@id\":\"https:\\\/\\\/reiseblock.ch\\\/wordpress\\\/auf-dem-albisgrat\\\/#primaryimage\"},\"image\":{\"@id\":\"https:\\\/\\\/reiseblock.ch\\\/wordpress\\\/auf-dem-albisgrat\\\/#primaryimage\"},\"thumbnailUrl\":\"https:\\\/\\\/reiseblock.ch\\\/wordpress\\\/wp-content\\\/uploads\\\/2020\\\/06\\\/albis.jpg\",\"datePublished\":\"2020-06-28T16:55:18+00:00\",\"dateModified\":\"2020-06-28T19:50:13+00:00\",\"description\":\"Es gibt viele Touren auf dem Albis. Sch\u00f6n ist es, zu Fuss aufzusteigen und dann die gem\u00fctliche Wanderung auf dem Albisgrat zu geniessen.\",\"breadcrumb\":{\"@id\":\"https:\\\/\\\/reiseblock.ch\\\/wordpress\\\/auf-dem-albisgrat\\\/#breadcrumb\"},\"inLanguage\":\"de\",\"potentialAction\":[{\"@type\":\"ReadAction\",\"target\":[\"https:\\\/\\\/reiseblock.ch\\\/wordpress\\\/auf-dem-albisgrat\\\/\"]}]},{\"@type\":\"ImageObject\",\"inLanguage\":\"de\",\"@id\":\"https:\\\/\\\/reiseblock.ch\\\/wordpress\\\/auf-dem-albisgrat\\\/#primaryimage\",\"url\":\"https:\\\/\\\/reiseblock.ch\\\/wordpress\\\/wp-content\\\/uploads\\\/2020\\\/06\\\/albis.jpg\",\"contentUrl\":\"https:\\\/\\\/reiseblock.ch\\\/wordpress\\\/wp-content\\\/uploads\\\/2020\\\/06\\\/albis.jpg\",\"width\":800,\"height\":600,\"caption\":\"Der Hinteralbis\"},{\"@type\":\"BreadcrumbList\",\"@id\":\"https:\\\/\\\/reiseblock.ch\\\/wordpress\\\/auf-dem-albisgrat\\\/#breadcrumb\",\"itemListElement\":[{\"@type\":\"ListItem\",\"position\":1,\"name\":\"Home\",\"item\":\"https:\\\/\\\/reiseblock.ch\\\/wordpress\\\/\"},{\"@type\":\"ListItem\",\"position\":2,\"name\":\"Auf dem Albis\"}]},{\"@type\":\"WebSite\",\"@id\":\"https:\\\/\\\/reiseblock.ch\\\/wordpress\\\/#website\",\"url\":\"https:\\\/\\\/reiseblock.ch\\\/wordpress\\\/\",\"name\":\"Reiseblock\",\"description\":\"Ursula Kohlers ReiseWeise\",\"publisher\":{\"@id\":\"https:\\\/\\\/reiseblock.ch\\\/wordpress\\\/#\\\/schema\\\/person\\\/eafba14374f16d5fa4f73efd49243014\"},\"potentialAction\":[{\"@type\":\"SearchAction\",\"target\":{\"@type\":\"EntryPoint\",\"urlTemplate\":\"https:\\\/\\\/reiseblock.ch\\\/wordpress\\\/?s={search_term_string}\"},\"query-input\":{\"@type\":\"PropertyValueSpecification\",\"valueRequired\":true,\"valueName\":\"search_term_string\"}}],\"inLanguage\":\"de\"},{\"@type\":[\"Person\",\"Organization\"],\"@id\":\"https:\\\/\\\/reiseblock.ch\\\/wordpress\\\/#\\\/schema\\\/person\\\/eafba14374f16d5fa4f73efd49243014\",\"name\":\"Ursula Kohler\",\"image\":{\"@type\":\"ImageObject\",\"inLanguage\":\"de\",\"@id\":\"https:\\\/\\\/secure.gravatar.com\\\/avatar\\\/014d9b9a971f617638f4298cbb55f92d20b3bf0d1c9cc32f65333b2769bcf867?s=96&d=blank&r=g\",\"url\":\"https:\\\/\\\/secure.gravatar.com\\\/avatar\\\/014d9b9a971f617638f4298cbb55f92d20b3bf0d1c9cc32f65333b2769bcf867?s=96&d=blank&r=g\",\"contentUrl\":\"https:\\\/\\\/secure.gravatar.com\\\/avatar\\\/014d9b9a971f617638f4298cbb55f92d20b3bf0d1c9cc32f65333b2769bcf867?s=96&d=blank&r=g\",\"caption\":\"Ursula Kohler\"},\"logo\":{\"@id\":\"https:\\\/\\\/secure.gravatar.com\\\/avatar\\\/014d9b9a971f617638f4298cbb55f92d20b3bf0d1c9cc32f65333b2769bcf867?s=96&d=blank&r=g\"}},{\"@type\":\"Person\",\"@id\":\"https:\\\/\\\/reiseblock.ch\\\/wordpress\\\/#\\\/schema\\\/person\\\/739b103f8e7941f579794d17e2187721\",\"name\":\"admin\",\"image\":{\"@type\":\"ImageObject\",\"inLanguage\":\"de\",\"@id\":\"https:\\\/\\\/secure.gravatar.com\\\/avatar\\\/a0f702f22ecd58ce02800a54cb2055cabe1fa8d7cf75ab377ce2f2b8503f188c?s=96&d=blank&r=g\",\"url\":\"https:\\\/\\\/secure.gravatar.com\\\/avatar\\\/a0f702f22ecd58ce02800a54cb2055cabe1fa8d7cf75ab377ce2f2b8503f188c?s=96&d=blank&r=g\",\"contentUrl\":\"https:\\\/\\\/secure.gravatar.com\\\/avatar\\\/a0f702f22ecd58ce02800a54cb2055cabe1fa8d7cf75ab377ce2f2b8503f188c?s=96&d=blank&r=g\",\"caption\":\"admin\"},\"url\":\"https:\\\/\\\/reiseblock.ch\\\/wordpress\\\/author\\\/admin\\\/\"}]}<\/script>\n<!-- \/ Yoast SEO plugin. -->","yoast_head_json":{"title":"&#8211; Reiseblock","description":"Es gibt viele Touren auf dem Albis. Sch\u00f6n ist es, zu Fuss aufzusteigen und dann die gem\u00fctliche Wanderung auf dem Albisgrat zu geniessen.","robots":{"index":"index","follow":"follow","max-snippet":"max-snippet:-1","max-image-preview":"max-image-preview:large","max-video-preview":"max-video-preview:-1"},"canonical":"https:\/\/reiseblock.ch\/wordpress\/auf-dem-albisgrat\/","og_locale":"de_DE","og_type":"article","og_title":"&#8211; Reiseblock","og_description":"Es gibt viele Touren auf dem Albis. Sch\u00f6n ist es, zu Fuss aufzusteigen und dann die gem\u00fctliche Wanderung auf dem Albisgrat zu geniessen.","og_url":"https:\/\/reiseblock.ch\/wordpress\/auf-dem-albisgrat\/","og_site_name":"Reiseblock","article_published_time":"2020-06-28T16:55:18+00:00","article_modified_time":"2020-06-28T19:50:13+00:00","og_image":[{"width":800,"height":600,"url":"https:\/\/reiseblock.ch\/wordpress\/wp-content\/uploads\/2020\/06\/albis.jpg","type":"image\/jpeg"}],"author":"admin","twitter_misc":{"Verfasst von":"admin","Gesch\u00e4tzte Lesezeit":"1\u00a0Minute"},"schema":{"@context":"https:\/\/schema.org","@graph":[{"@type":"Article","@id":"https:\/\/reiseblock.ch\/wordpress\/auf-dem-albisgrat\/#article","isPartOf":{"@id":"https:\/\/reiseblock.ch\/wordpress\/auf-dem-albisgrat\/"},"author":{"name":"admin","@id":"https:\/\/reiseblock.ch\/wordpress\/#\/schema\/person\/739b103f8e7941f579794d17e2187721"},"headline":"Auf dem Albis","datePublished":"2020-06-28T16:55:18+00:00","dateModified":"2020-06-28T19:50:13+00:00","mainEntityOfPage":{"@id":"https:\/\/reiseblock.ch\/wordpress\/auf-dem-albisgrat\/"},"wordCount":269,"commentCount":0,"publisher":{"@id":"https:\/\/reiseblock.ch\/wordpress\/#\/schema\/person\/eafba14374f16d5fa4f73efd49243014"},"image":{"@id":"https:\/\/reiseblock.ch\/wordpress\/auf-dem-albisgrat\/#primaryimage"},"thumbnailUrl":"https:\/\/reiseblock.ch\/wordpress\/wp-content\/uploads\/2020\/06\/albis.jpg","articleSection":["Beitrag"],"inLanguage":"de","potentialAction":[{"@type":"CommentAction","name":"Comment","target":["https:\/\/reiseblock.ch\/wordpress\/auf-dem-albisgrat\/#respond"]}]},{"@type":"WebPage","@id":"https:\/\/reiseblock.ch\/wordpress\/auf-dem-albisgrat\/","url":"https:\/\/reiseblock.ch\/wordpress\/auf-dem-albisgrat\/","name":"&#8211; Reiseblock","isPartOf":{"@id":"https:\/\/reiseblock.ch\/wordpress\/#website"},"primaryImageOfPage":{"@id":"https:\/\/reiseblock.ch\/wordpress\/auf-dem-albisgrat\/#primaryimage"},"image":{"@id":"https:\/\/reiseblock.ch\/wordpress\/auf-dem-albisgrat\/#primaryimage"},"thumbnailUrl":"https:\/\/reiseblock.ch\/wordpress\/wp-content\/uploads\/2020\/06\/albis.jpg","datePublished":"2020-06-28T16:55:18+00:00","dateModified":"2020-06-28T19:50:13+00:00","description":"Es gibt viele Touren auf dem Albis. Sch\u00f6n ist es, zu Fuss aufzusteigen und dann die gem\u00fctliche Wanderung auf dem Albisgrat zu geniessen.","breadcrumb":{"@id":"https:\/\/reiseblock.ch\/wordpress\/auf-dem-albisgrat\/#breadcrumb"},"inLanguage":"de","potentialAction":[{"@type":"ReadAction","target":["https:\/\/reiseblock.ch\/wordpress\/auf-dem-albisgrat\/"]}]},{"@type":"ImageObject","inLanguage":"de","@id":"https:\/\/reiseblock.ch\/wordpress\/auf-dem-albisgrat\/#primaryimage","url":"https:\/\/reiseblock.ch\/wordpress\/wp-content\/uploads\/2020\/06\/albis.jpg","contentUrl":"https:\/\/reiseblock.ch\/wordpress\/wp-content\/uploads\/2020\/06\/albis.jpg","width":800,"height":600,"caption":"Der Hinteralbis"},{"@type":"BreadcrumbList","@id":"https:\/\/reiseblock.ch\/wordpress\/auf-dem-albisgrat\/#breadcrumb","itemListElement":[{"@type":"ListItem","position":1,"name":"Home","item":"https:\/\/reiseblock.ch\/wordpress\/"},{"@type":"ListItem","position":2,"name":"Auf dem Albis"}]},{"@type":"WebSite","@id":"https:\/\/reiseblock.ch\/wordpress\/#website","url":"https:\/\/reiseblock.ch\/wordpress\/","name":"Reiseblock","description":"Ursula Kohlers ReiseWeise","publisher":{"@id":"https:\/\/reiseblock.ch\/wordpress\/#\/schema\/person\/eafba14374f16d5fa4f73efd49243014"},"potentialAction":[{"@type":"SearchAction","target":{"@type":"EntryPoint","urlTemplate":"https:\/\/reiseblock.ch\/wordpress\/?s={search_term_string}"},"query-input":{"@type":"PropertyValueSpecification","valueRequired":true,"valueName":"search_term_string"}}],"inLanguage":"de"},{"@type":["Person","Organization"],"@id":"https:\/\/reiseblock.ch\/wordpress\/#\/schema\/person\/eafba14374f16d5fa4f73efd49243014","name":"Ursula Kohler","image":{"@type":"ImageObject","inLanguage":"de","@id":"https:\/\/secure.gravatar.com\/avatar\/014d9b9a971f617638f4298cbb55f92d20b3bf0d1c9cc32f65333b2769bcf867?s=96&d=blank&r=g","url":"https:\/\/secure.gravatar.com\/avatar\/014d9b9a971f617638f4298cbb55f92d20b3bf0d1c9cc32f65333b2769bcf867?s=96&d=blank&r=g","contentUrl":"https:\/\/secure.gravatar.com\/avatar\/014d9b9a971f617638f4298cbb55f92d20b3bf0d1c9cc32f65333b2769bcf867?s=96&d=blank&r=g","caption":"Ursula Kohler"},"logo":{"@id":"https:\/\/secure.gravatar.com\/avatar\/014d9b9a971f617638f4298cbb55f92d20b3bf0d1c9cc32f65333b2769bcf867?s=96&d=blank&r=g"}},{"@type":"Person","@id":"https:\/\/reiseblock.ch\/wordpress\/#\/schema\/person\/739b103f8e7941f579794d17e2187721","name":"admin","image":{"@type":"ImageObject","inLanguage":"de","@id":"https:\/\/secure.gravatar.com\/avatar\/a0f702f22ecd58ce02800a54cb2055cabe1fa8d7cf75ab377ce2f2b8503f188c?s=96&d=blank&r=g","url":"https:\/\/secure.gravatar.com\/avatar\/a0f702f22ecd58ce02800a54cb2055cabe1fa8d7cf75ab377ce2f2b8503f188c?s=96&d=blank&r=g","contentUrl":"https:\/\/secure.gravatar.com\/avatar\/a0f702f22ecd58ce02800a54cb2055cabe1fa8d7cf75ab377ce2f2b8503f188c?s=96&d=blank&r=g","caption":"admin"},"url":"https:\/\/reiseblock.ch\/wordpress\/author\/admin\/"}]}},"_links":{"self":[{"href":"https:\/\/reiseblock.ch\/wordpress\/wp-json\/wp\/v2\/posts\/3272","targetHints":{"allow":["GET"]}}],"collection":[{"href":"https:\/\/reiseblock.ch\/wordpress\/wp-json\/wp\/v2\/posts"}],"about":[{"href":"https:\/\/reiseblock.ch\/wordpress\/wp-json\/wp\/v2\/types\/post"}],"author":[{"embeddable":true,"href":"https:\/\/reiseblock.ch\/wordpress\/wp-json\/wp\/v2\/users\/1"}],"replies":[{"embeddable":true,"href":"https:\/\/reiseblock.ch\/wordpress\/wp-json\/wp\/v2\/comments?post=3272"}],"version-history":[{"count":5,"href":"https:\/\/reiseblock.ch\/wordpress\/wp-json\/wp\/v2\/posts\/3272\/revisions"}],"predecessor-version":[{"id":3298,"href":"https:\/\/reiseblock.ch\/wordpress\/wp-json\/wp\/v2\/posts\/3272\/revisions\/3298"}],"wp:featuredmedia":[{"embeddable":true,"href":"https:\/\/reiseblock.ch\/wordpress\/wp-json\/wp\/v2\/media\/3276"}],"wp:attachment":[{"href":"https:\/\/reiseblock.ch\/wordpress\/wp-json\/wp\/v2\/media?parent=3272"}],"wp:term":[{"taxonomy":"category","embeddable":true,"href":"https:\/\/reiseblock.ch\/wordpress\/wp-json\/wp\/v2\/categories?post=3272"},{"taxonomy":"post_tag","embeddable":true,"href":"https:\/\/reiseblock.ch\/wordpress\/wp-json\/wp\/v2\/tags?post=3272"}],"curies":[{"name":"wp","href":"https:\/\/api.w.org\/{rel}","templated":true}]}}