{"id":3167,"date":"2019-12-06T18:09:34","date_gmt":"2019-12-06T17:09:34","guid":{"rendered":"https:\/\/reiseblock.ch\/wordpress\/?p=3167"},"modified":"2025-11-08T21:22:14","modified_gmt":"2025-11-08T20:22:14","slug":"zeit-fuer-die-region-zuerich","status":"publish","type":"post","link":"https:\/\/reiseblock.ch\/wordpress\/zeit-fuer-die-region-zuerich\/","title":{"rendered":"Zeit f\u00fcr die Region Z\u00fcrich"},"content":{"rendered":"\n<p style=\"font-size:18px\"><em>Im Dezember, wenn in den Bergen alles aus Skisaisonstart steht, ist im Flachland eigentlich alles zu Fuss m\u00f6glich. Machen wir die Probe aufs Exempel.  <\/em><\/p>\n\n\n\n<!--more-->\n\n\n\n<div id=\"metaslider-id-3173\" style=\"max-width: 750px; margin: 0 auto;\" class=\"ml-slider-3-109-0 metaslider metaslider-nivo metaslider-3173 ml-slider ms-theme-default\" role=\"region\" aria-label=\"New Slideshow\" data-height=\"550\" data-width=\"750\">\n    <div id=\"metaslider_container_3173\">\n        <div class='slider-wrapper theme-default'><div class='ribbon'><\/div><div id='metaslider_3173' class='nivoSlider'><img loading=\"lazy\" decoding=\"async\" src=\"https:\/\/reiseblock.ch\/wordpress\/wp-content\/uploads\/2019\/12\/MG_8588_web-515x378.jpg\" height=\"550\" width=\"750\" data-caption=\"Das Stedtli Gr&uuml;ningen\" title=\"_MG_8588_web\" alt=\"\" class=\"slider-3173 slide-3179 msDefaultImage\" \/><img loading=\"lazy\" decoding=\"async\" src=\"https:\/\/reiseblock.ch\/wordpress\/wp-content\/uploads\/2019\/12\/MG_8586_Web-515x378.jpg\" height=\"550\" width=\"750\" data-caption=\"Das Schloss Gr&uuml;ningen\" title=\"_MG_8586_Web\" alt=\"\" class=\"slider-3173 slide-3180 msDefaultImage\" \/><img loading=\"lazy\" decoding=\"async\" src=\"https:\/\/reiseblock.ch\/wordpress\/wp-content\/uploads\/2019\/12\/MG_8577_Web-515x378.jpg\" height=\"550\" width=\"750\" data-caption=\"Klein, aber fein ist die H&auml;userzeile \" title=\"_MG_8577_Web\" alt=\"\" class=\"slider-3173 slide-3181 msDefaultImage\" \/><img loading=\"lazy\" decoding=\"async\" src=\"https:\/\/reiseblock.ch\/wordpress\/wp-content\/uploads\/2019\/12\/MG_8575_Web-515x378.jpg\" height=\"550\" width=\"750\" data-caption=\"Die Kirche in Gr&uuml;ningen\" title=\"_MG_8575_Web\" alt=\"\" class=\"slider-3173 slide-3182 msDefaultImage\" \/><img loading=\"lazy\" decoding=\"async\" src=\"https:\/\/reiseblock.ch\/wordpress\/wp-content\/uploads\/2019\/12\/MG_8570_Web-515x378.jpg\" height=\"550\" width=\"750\" data-caption=\"Gashaus B&auml;ren\" title=\"_MG_8570_Web\" alt=\"\" class=\"slider-3173 slide-3183 msDefaultImage\" \/><\/div><\/div>\n        \n    <\/div>\n<\/div>\n\n\n\n<p style=\"font-size:17px\">Man nehme ein attraktives Ziel im Kanton Z\u00fcrich und schaue sich die m\u00f6glichen Wanderrouten dazu an. Das Stedtli <a href=\"http:\/\/www.grueningen.ch\" target=\"_blank\" rel=\"noreferrer noopener\" aria-label=\" (\u00f6ffnet in neuem Tab)\">Gr\u00fcningen<\/a> k\u00f6nnte ein lohnenswertes Ziel darstellen. Der kleine Ort weist sechs sch\u00fctzenswerte Kulturg\u00fcter aus, darunter das Schloss Gr\u00fcningen. Gut 3000 Einwohner wohnen in dem leicht erh\u00f6hten Ort. In der ersten H\u00e4lfte des 20. Jahrhunderts f\u00fchrte hier sogar die Wetzikon-Meilen-Bahn hindurch, heute ist das St\u00e4dtchen mit einer Buslinie an den \u00f6ffentlichen Verkehr angebunden.<\/p>\n\n\n\n<h3 class=\"wp-block-heading\">Zahlreiche Wanderwege f\u00fchren ans Ziel<\/h3>\n\n\n\n<p style=\"font-size:17px\">Doch wir m\u00f6chten den Ort zu Fuss erreichen. Dazu bietet sich der Wanderweg Gr\u00fcningen\u2013Greifensee an. In gut zwei Stunden gelangt man auf dem kinder- und rollstuhlg\u00e4ngigen Weg von Riedikon am Greifensee zum Ort. Sch\u00f6n ist auch die umgekehrte Richtung.<\/p>\n\n\n\n<p style=\"font-size:17px\">Gr\u00fcningen ist auch vom Z\u00fcrichsee aus, z.B. von M\u00e4nnedorf her, in zweieinhalb Stunden vie Oetwil am See erreichbar.<\/p>\n\n\n\n<p style=\"font-size:17px\">Von Hombrechtikon aus gehts entlang des L\u00fctzelsees in eineinhalb Stunden nach Gr\u00fcningen.<\/p>\n\n\n\n<p style=\"font-size:17px\">Oder wie w\u00e4re es, Gr\u00fcningen mit Bubikon zu verbinden. Hier lockt das Ritterhaus als Ausflugsziel. Mit eineinhalb Stunden auch eine angenehme Dauer in der Dezemberk\u00e4lte. <\/p>\n\n\n\n<p style=\"font-size:17px\">Genauso k\u00f6nnte man sich dem St\u00e4dtchen von Egg auf der Forch oder der anderen Richtung, Wetzikon, n\u00e4hern. Auch hier in einer Laufstrecke von eineinhalb bis zwei Stunden.<\/p>\n\n\n\n<h3 class=\"wp-block-heading\">Experiment gelungen<\/h3>\n\n\n\n<p style=\"font-size:17px\">Dieses Expermiment scheint gelungen. Genauso kann es mit zahlreichen anderen Orten im Kanton Z\u00fcrich gelingen. Nicht zu vergessen: Wir wandern auf dem Netz der Z\u00fcrcher Wanderwege. Dahinter steht ein <a href=\"https:\/\/www.zuercher-wanderwege.ch\/\" target=\"_blank\" rel=\"noreferrer noopener\" aria-label=\"Verein (\u00f6ffnet in neuem Tab)\">Verein<\/a>, der die Wege vorbildlich unterh\u00e4lt.<\/p>\n\n\n\n<p><\/p>\n\n\n\n<p><\/p>\n\n\n\n<p><\/p>\n\n\n\n<p><\/p>\n\n\n\n<p><\/p>\n\n\n\n<p><\/p>\n","protected":false},"excerpt":{"rendered":"<p>Im Dezember, wenn in den Bergen alles aus Skisaisonstart steht, ist im Flachland eigentlich alles zu Fuss m\u00f6glich. Machen wir die Probe aufs Exempel.  <\/p>\n","protected":false},"author":5,"featured_media":3177,"comment_status":"open","ping_status":"open","sticky":false,"template":"","format":"standard","meta":{"footnotes":""},"categories":[6],"tags":[384,12,190],"class_list":["post-3167","post","type-post","status-publish","format-standard","has-post-thumbnail","hentry","category-beitrag","tag-grueningen","tag-wandern","tag-zuercher-wanderwege"],"yoast_head":"<!-- This site is optimized with the Yoast SEO plugin v27.8 - https:\/\/yoast.com\/product\/yoast-seo-wordpress\/ -->\n<title>Zeit f\u00fcr die Region Z\u00fcrich &#8211; Reiseblock<\/title>\n<meta name=\"description\" content=\"Gr\u00fcningen ist ein lohnenswertes Ziel im Kanton Z\u00fcrich. Zahlreiche Wanderwege f\u00fchren zum kleinen St\u00e4dtchen, das selbst lohnenswert ist.\" \/>\n<meta name=\"robots\" content=\"index, follow, max-snippet:-1, max-image-preview:large, max-video-preview:-1\" \/>\n<link rel=\"canonical\" href=\"https:\/\/reiseblock.ch\/wordpress\/zeit-fuer-die-region-zuerich\/\" \/>\n<meta property=\"og:locale\" content=\"de_DE\" \/>\n<meta property=\"og:type\" content=\"article\" \/>\n<meta property=\"og:title\" content=\"Zeit f\u00fcr die Region Z\u00fcrich &#8211; Reiseblock\" \/>\n<meta property=\"og:description\" content=\"Gr\u00fcningen ist ein lohnenswertes Ziel im Kanton Z\u00fcrich. Zahlreiche Wanderwege f\u00fchren zum kleinen St\u00e4dtchen, das selbst lohnenswert ist.\" \/>\n<meta property=\"og:url\" content=\"https:\/\/reiseblock.ch\/wordpress\/zeit-fuer-die-region-zuerich\/\" \/>\n<meta property=\"og:site_name\" content=\"Reiseblock\" \/>\n<meta property=\"article:published_time\" content=\"2019-12-06T17:09:34+00:00\" \/>\n<meta property=\"article:modified_time\" content=\"2025-11-08T20:22:14+00:00\" \/>\n<meta property=\"og:image\" content=\"https:\/\/reiseblock.ch\/wordpress\/wp-content\/uploads\/2019\/12\/MG_8575_Web.jpg\" \/>\n\t<meta property=\"og:image:width\" content=\"567\" \/>\n\t<meta property=\"og:image:height\" content=\"378\" \/>\n\t<meta property=\"og:image:type\" content=\"image\/jpeg\" \/>\n<meta name=\"author\" content=\"Ursula Kohler\" \/>\n<meta name=\"twitter:label1\" content=\"Verfasst von\" \/>\n\t<meta name=\"twitter:data1\" content=\"Ursula Kohler\" \/>\n\t<meta name=\"twitter:label2\" content=\"Gesch\u00e4tzte Lesezeit\" \/>\n\t<meta name=\"twitter:data2\" content=\"2\u00a0Minuten\" \/>\n<script type=\"application\/ld+json\" class=\"yoast-schema-graph\">{\"@context\":\"https:\\\/\\\/schema.org\",\"@graph\":[{\"@type\":\"Article\",\"@id\":\"https:\\\/\\\/reiseblock.ch\\\/wordpress\\\/zeit-fuer-die-region-zuerich\\\/#article\",\"isPartOf\":{\"@id\":\"https:\\\/\\\/reiseblock.ch\\\/wordpress\\\/zeit-fuer-die-region-zuerich\\\/\"},\"author\":{\"name\":\"Ursula Kohler\",\"@id\":\"https:\\\/\\\/reiseblock.ch\\\/wordpress\\\/#\\\/schema\\\/person\\\/eafba14374f16d5fa4f73efd49243014\"},\"headline\":\"Zeit f\u00fcr die Region Z\u00fcrich\",\"datePublished\":\"2019-12-06T17:09:34+00:00\",\"dateModified\":\"2025-11-08T20:22:14+00:00\",\"mainEntityOfPage\":{\"@id\":\"https:\\\/\\\/reiseblock.ch\\\/wordpress\\\/zeit-fuer-die-region-zuerich\\\/\"},\"wordCount\":297,\"commentCount\":0,\"publisher\":{\"@id\":\"https:\\\/\\\/reiseblock.ch\\\/wordpress\\\/#\\\/schema\\\/person\\\/eafba14374f16d5fa4f73efd49243014\"},\"image\":{\"@id\":\"https:\\\/\\\/reiseblock.ch\\\/wordpress\\\/zeit-fuer-die-region-zuerich\\\/#primaryimage\"},\"thumbnailUrl\":\"https:\\\/\\\/reiseblock.ch\\\/wordpress\\\/wp-content\\\/uploads\\\/2019\\\/12\\\/MG_8575_Web.jpg\",\"keywords\":[\"Gr\u00fcningen\",\"Wandern\",\"Z\u00fcrcher Wanderwege\"],\"articleSection\":[\"Beitrag\"],\"inLanguage\":\"de\",\"potentialAction\":[{\"@type\":\"CommentAction\",\"name\":\"Comment\",\"target\":[\"https:\\\/\\\/reiseblock.ch\\\/wordpress\\\/zeit-fuer-die-region-zuerich\\\/#respond\"]}]},{\"@type\":\"WebPage\",\"@id\":\"https:\\\/\\\/reiseblock.ch\\\/wordpress\\\/zeit-fuer-die-region-zuerich\\\/\",\"url\":\"https:\\\/\\\/reiseblock.ch\\\/wordpress\\\/zeit-fuer-die-region-zuerich\\\/\",\"name\":\"Zeit f\u00fcr die Region Z\u00fcrich &#8211; Reiseblock\",\"isPartOf\":{\"@id\":\"https:\\\/\\\/reiseblock.ch\\\/wordpress\\\/#website\"},\"primaryImageOfPage\":{\"@id\":\"https:\\\/\\\/reiseblock.ch\\\/wordpress\\\/zeit-fuer-die-region-zuerich\\\/#primaryimage\"},\"image\":{\"@id\":\"https:\\\/\\\/reiseblock.ch\\\/wordpress\\\/zeit-fuer-die-region-zuerich\\\/#primaryimage\"},\"thumbnailUrl\":\"https:\\\/\\\/reiseblock.ch\\\/wordpress\\\/wp-content\\\/uploads\\\/2019\\\/12\\\/MG_8575_Web.jpg\",\"datePublished\":\"2019-12-06T17:09:34+00:00\",\"dateModified\":\"2025-11-08T20:22:14+00:00\",\"description\":\"Gr\u00fcningen ist ein lohnenswertes Ziel im Kanton Z\u00fcrich. Zahlreiche Wanderwege f\u00fchren zum kleinen St\u00e4dtchen, das selbst lohnenswert ist.\",\"breadcrumb\":{\"@id\":\"https:\\\/\\\/reiseblock.ch\\\/wordpress\\\/zeit-fuer-die-region-zuerich\\\/#breadcrumb\"},\"inLanguage\":\"de\",\"potentialAction\":[{\"@type\":\"ReadAction\",\"target\":[\"https:\\\/\\\/reiseblock.ch\\\/wordpress\\\/zeit-fuer-die-region-zuerich\\\/\"]}]},{\"@type\":\"ImageObject\",\"inLanguage\":\"de\",\"@id\":\"https:\\\/\\\/reiseblock.ch\\\/wordpress\\\/zeit-fuer-die-region-zuerich\\\/#primaryimage\",\"url\":\"https:\\\/\\\/reiseblock.ch\\\/wordpress\\\/wp-content\\\/uploads\\\/2019\\\/12\\\/MG_8575_Web.jpg\",\"contentUrl\":\"https:\\\/\\\/reiseblock.ch\\\/wordpress\\\/wp-content\\\/uploads\\\/2019\\\/12\\\/MG_8575_Web.jpg\",\"width\":567,\"height\":378,\"caption\":\"Die Kirche in Gr\u00fcningen\"},{\"@type\":\"BreadcrumbList\",\"@id\":\"https:\\\/\\\/reiseblock.ch\\\/wordpress\\\/zeit-fuer-die-region-zuerich\\\/#breadcrumb\",\"itemListElement\":[{\"@type\":\"ListItem\",\"position\":1,\"name\":\"Home\",\"item\":\"https:\\\/\\\/reiseblock.ch\\\/wordpress\\\/\"},{\"@type\":\"ListItem\",\"position\":2,\"name\":\"Zeit f\u00fcr die Region Z\u00fcrich\"}]},{\"@type\":\"WebSite\",\"@id\":\"https:\\\/\\\/reiseblock.ch\\\/wordpress\\\/#website\",\"url\":\"https:\\\/\\\/reiseblock.ch\\\/wordpress\\\/\",\"name\":\"Reiseblock\",\"description\":\"Ursula Kohlers ReiseWeise\",\"publisher\":{\"@id\":\"https:\\\/\\\/reiseblock.ch\\\/wordpress\\\/#\\\/schema\\\/person\\\/eafba14374f16d5fa4f73efd49243014\"},\"potentialAction\":[{\"@type\":\"SearchAction\",\"target\":{\"@type\":\"EntryPoint\",\"urlTemplate\":\"https:\\\/\\\/reiseblock.ch\\\/wordpress\\\/?s={search_term_string}\"},\"query-input\":{\"@type\":\"PropertyValueSpecification\",\"valueRequired\":true,\"valueName\":\"search_term_string\"}}],\"inLanguage\":\"de\"},{\"@type\":[\"Person\",\"Organization\"],\"@id\":\"https:\\\/\\\/reiseblock.ch\\\/wordpress\\\/#\\\/schema\\\/person\\\/eafba14374f16d5fa4f73efd49243014\",\"name\":\"Ursula Kohler\",\"image\":{\"@type\":\"ImageObject\",\"inLanguage\":\"de\",\"@id\":\"https:\\\/\\\/secure.gravatar.com\\\/avatar\\\/014d9b9a971f617638f4298cbb55f92d20b3bf0d1c9cc32f65333b2769bcf867?s=96&d=blank&r=g\",\"url\":\"https:\\\/\\\/secure.gravatar.com\\\/avatar\\\/014d9b9a971f617638f4298cbb55f92d20b3bf0d1c9cc32f65333b2769bcf867?s=96&d=blank&r=g\",\"contentUrl\":\"https:\\\/\\\/secure.gravatar.com\\\/avatar\\\/014d9b9a971f617638f4298cbb55f92d20b3bf0d1c9cc32f65333b2769bcf867?s=96&d=blank&r=g\",\"caption\":\"Ursula Kohler\"},\"logo\":{\"@id\":\"https:\\\/\\\/secure.gravatar.com\\\/avatar\\\/014d9b9a971f617638f4298cbb55f92d20b3bf0d1c9cc32f65333b2769bcf867?s=96&d=blank&r=g\"},\"url\":\"https:\\\/\\\/reiseblock.ch\\\/wordpress\\\/author\\\/ursula-kohlerbluewin-ch\\\/\"}]}<\/script>\n<!-- \/ Yoast SEO plugin. -->","yoast_head_json":{"title":"Zeit f\u00fcr die Region Z\u00fcrich &#8211; Reiseblock","description":"Gr\u00fcningen ist ein lohnenswertes Ziel im Kanton Z\u00fcrich. Zahlreiche Wanderwege f\u00fchren zum kleinen St\u00e4dtchen, das selbst lohnenswert ist.","robots":{"index":"index","follow":"follow","max-snippet":"max-snippet:-1","max-image-preview":"max-image-preview:large","max-video-preview":"max-video-preview:-1"},"canonical":"https:\/\/reiseblock.ch\/wordpress\/zeit-fuer-die-region-zuerich\/","og_locale":"de_DE","og_type":"article","og_title":"Zeit f\u00fcr die Region Z\u00fcrich &#8211; Reiseblock","og_description":"Gr\u00fcningen ist ein lohnenswertes Ziel im Kanton Z\u00fcrich. Zahlreiche Wanderwege f\u00fchren zum kleinen St\u00e4dtchen, das selbst lohnenswert ist.","og_url":"https:\/\/reiseblock.ch\/wordpress\/zeit-fuer-die-region-zuerich\/","og_site_name":"Reiseblock","article_published_time":"2019-12-06T17:09:34+00:00","article_modified_time":"2025-11-08T20:22:14+00:00","og_image":[{"width":567,"height":378,"url":"https:\/\/reiseblock.ch\/wordpress\/wp-content\/uploads\/2019\/12\/MG_8575_Web.jpg","type":"image\/jpeg"}],"author":"Ursula Kohler","twitter_misc":{"Verfasst von":"Ursula Kohler","Gesch\u00e4tzte Lesezeit":"2\u00a0Minuten"},"schema":{"@context":"https:\/\/schema.org","@graph":[{"@type":"Article","@id":"https:\/\/reiseblock.ch\/wordpress\/zeit-fuer-die-region-zuerich\/#article","isPartOf":{"@id":"https:\/\/reiseblock.ch\/wordpress\/zeit-fuer-die-region-zuerich\/"},"author":{"name":"Ursula Kohler","@id":"https:\/\/reiseblock.ch\/wordpress\/#\/schema\/person\/eafba14374f16d5fa4f73efd49243014"},"headline":"Zeit f\u00fcr die Region Z\u00fcrich","datePublished":"2019-12-06T17:09:34+00:00","dateModified":"2025-11-08T20:22:14+00:00","mainEntityOfPage":{"@id":"https:\/\/reiseblock.ch\/wordpress\/zeit-fuer-die-region-zuerich\/"},"wordCount":297,"commentCount":0,"publisher":{"@id":"https:\/\/reiseblock.ch\/wordpress\/#\/schema\/person\/eafba14374f16d5fa4f73efd49243014"},"image":{"@id":"https:\/\/reiseblock.ch\/wordpress\/zeit-fuer-die-region-zuerich\/#primaryimage"},"thumbnailUrl":"https:\/\/reiseblock.ch\/wordpress\/wp-content\/uploads\/2019\/12\/MG_8575_Web.jpg","keywords":["Gr\u00fcningen","Wandern","Z\u00fcrcher Wanderwege"],"articleSection":["Beitrag"],"inLanguage":"de","potentialAction":[{"@type":"CommentAction","name":"Comment","target":["https:\/\/reiseblock.ch\/wordpress\/zeit-fuer-die-region-zuerich\/#respond"]}]},{"@type":"WebPage","@id":"https:\/\/reiseblock.ch\/wordpress\/zeit-fuer-die-region-zuerich\/","url":"https:\/\/reiseblock.ch\/wordpress\/zeit-fuer-die-region-zuerich\/","name":"Zeit f\u00fcr die Region Z\u00fcrich &#8211; Reiseblock","isPartOf":{"@id":"https:\/\/reiseblock.ch\/wordpress\/#website"},"primaryImageOfPage":{"@id":"https:\/\/reiseblock.ch\/wordpress\/zeit-fuer-die-region-zuerich\/#primaryimage"},"image":{"@id":"https:\/\/reiseblock.ch\/wordpress\/zeit-fuer-die-region-zuerich\/#primaryimage"},"thumbnailUrl":"https:\/\/reiseblock.ch\/wordpress\/wp-content\/uploads\/2019\/12\/MG_8575_Web.jpg","datePublished":"2019-12-06T17:09:34+00:00","dateModified":"2025-11-08T20:22:14+00:00","description":"Gr\u00fcningen ist ein lohnenswertes Ziel im Kanton Z\u00fcrich. Zahlreiche Wanderwege f\u00fchren zum kleinen St\u00e4dtchen, das selbst lohnenswert ist.","breadcrumb":{"@id":"https:\/\/reiseblock.ch\/wordpress\/zeit-fuer-die-region-zuerich\/#breadcrumb"},"inLanguage":"de","potentialAction":[{"@type":"ReadAction","target":["https:\/\/reiseblock.ch\/wordpress\/zeit-fuer-die-region-zuerich\/"]}]},{"@type":"ImageObject","inLanguage":"de","@id":"https:\/\/reiseblock.ch\/wordpress\/zeit-fuer-die-region-zuerich\/#primaryimage","url":"https:\/\/reiseblock.ch\/wordpress\/wp-content\/uploads\/2019\/12\/MG_8575_Web.jpg","contentUrl":"https:\/\/reiseblock.ch\/wordpress\/wp-content\/uploads\/2019\/12\/MG_8575_Web.jpg","width":567,"height":378,"caption":"Die Kirche in Gr\u00fcningen"},{"@type":"BreadcrumbList","@id":"https:\/\/reiseblock.ch\/wordpress\/zeit-fuer-die-region-zuerich\/#breadcrumb","itemListElement":[{"@type":"ListItem","position":1,"name":"Home","item":"https:\/\/reiseblock.ch\/wordpress\/"},{"@type":"ListItem","position":2,"name":"Zeit f\u00fcr die Region Z\u00fcrich"}]},{"@type":"WebSite","@id":"https:\/\/reiseblock.ch\/wordpress\/#website","url":"https:\/\/reiseblock.ch\/wordpress\/","name":"Reiseblock","description":"Ursula Kohlers ReiseWeise","publisher":{"@id":"https:\/\/reiseblock.ch\/wordpress\/#\/schema\/person\/eafba14374f16d5fa4f73efd49243014"},"potentialAction":[{"@type":"SearchAction","target":{"@type":"EntryPoint","urlTemplate":"https:\/\/reiseblock.ch\/wordpress\/?s={search_term_string}"},"query-input":{"@type":"PropertyValueSpecification","valueRequired":true,"valueName":"search_term_string"}}],"inLanguage":"de"},{"@type":["Person","Organization"],"@id":"https:\/\/reiseblock.ch\/wordpress\/#\/schema\/person\/eafba14374f16d5fa4f73efd49243014","name":"Ursula Kohler","image":{"@type":"ImageObject","inLanguage":"de","@id":"https:\/\/secure.gravatar.com\/avatar\/014d9b9a971f617638f4298cbb55f92d20b3bf0d1c9cc32f65333b2769bcf867?s=96&d=blank&r=g","url":"https:\/\/secure.gravatar.com\/avatar\/014d9b9a971f617638f4298cbb55f92d20b3bf0d1c9cc32f65333b2769bcf867?s=96&d=blank&r=g","contentUrl":"https:\/\/secure.gravatar.com\/avatar\/014d9b9a971f617638f4298cbb55f92d20b3bf0d1c9cc32f65333b2769bcf867?s=96&d=blank&r=g","caption":"Ursula Kohler"},"logo":{"@id":"https:\/\/secure.gravatar.com\/avatar\/014d9b9a971f617638f4298cbb55f92d20b3bf0d1c9cc32f65333b2769bcf867?s=96&d=blank&r=g"},"url":"https:\/\/reiseblock.ch\/wordpress\/author\/ursula-kohlerbluewin-ch\/"}]}},"_links":{"self":[{"href":"https:\/\/reiseblock.ch\/wordpress\/wp-json\/wp\/v2\/posts\/3167","targetHints":{"allow":["GET"]}}],"collection":[{"href":"https:\/\/reiseblock.ch\/wordpress\/wp-json\/wp\/v2\/posts"}],"about":[{"href":"https:\/\/reiseblock.ch\/wordpress\/wp-json\/wp\/v2\/types\/post"}],"author":[{"embeddable":true,"href":"https:\/\/reiseblock.ch\/wordpress\/wp-json\/wp\/v2\/users\/5"}],"replies":[{"embeddable":true,"href":"https:\/\/reiseblock.ch\/wordpress\/wp-json\/wp\/v2\/comments?post=3167"}],"version-history":[{"count":18,"href":"https:\/\/reiseblock.ch\/wordpress\/wp-json\/wp\/v2\/posts\/3167\/revisions"}],"predecessor-version":[{"id":3875,"href":"https:\/\/reiseblock.ch\/wordpress\/wp-json\/wp\/v2\/posts\/3167\/revisions\/3875"}],"wp:featuredmedia":[{"embeddable":true,"href":"https:\/\/reiseblock.ch\/wordpress\/wp-json\/wp\/v2\/media\/3177"}],"wp:attachment":[{"href":"https:\/\/reiseblock.ch\/wordpress\/wp-json\/wp\/v2\/media?parent=3167"}],"wp:term":[{"taxonomy":"category","embeddable":true,"href":"https:\/\/reiseblock.ch\/wordpress\/wp-json\/wp\/v2\/categories?post=3167"},{"taxonomy":"post_tag","embeddable":true,"href":"https:\/\/reiseblock.ch\/wordpress\/wp-json\/wp\/v2\/tags?post=3167"}],"curies":[{"name":"wp","href":"https:\/\/api.w.org\/{rel}","templated":true}]}}