{"id":2838,"date":"2021-09-10T01:05:00","date_gmt":"2021-09-09T23:05:00","guid":{"rendered":"https:\/\/reiseblock.ch\/?p=2838"},"modified":"2021-09-14T12:55:39","modified_gmt":"2021-09-14T10:55:39","slug":"am-rande-des-aletschgletschers","status":"publish","type":"post","link":"https:\/\/reiseblock.ch\/wordpress\/am-rande-des-aletschgletschers\/","title":{"rendered":"Am Rande des Aletschgletschers"},"content":{"rendered":"<p><span style=\"font-size: 14pt;\"><em><span style=\"font-family: Book Antiqua, Palatino;\">Es ist eine der sch\u00f6nsten Wanderungen \u00fcberhaupt: den Aletschgletscher entlang bis zum M\u00e4rjelensee. Wer sich selbst davon \u00fcberzeugen m\u00f6chte, hat jetzt die Gelegenheit oder muss aufs n\u00e4chstes Jahr setzen.<\/span><\/em><\/span><\/p>\n<p><!--more--><\/p>\n<div id=\"metaslider-id-2856\" style=\"max-width: 750px;\" class=\"ml-slider-3-109-0 metaslider metaslider-nivo metaslider-2856 ml-slider ms-theme-default\" role=\"region\" aria-label=\"Riederalp\" data-height=\"600\" data-width=\"750\">\n    <div id=\"metaslider_container_2856\">\n        <div class='slider-wrapper theme-default'><div class='ribbon'><\/div><div id='metaslider_2856' class='nivoSlider'><img loading=\"lazy\" decoding=\"async\" src=\"https:\/\/reiseblock.ch\/wordpress\/wp-content\/uploads\/2018\/10\/gletscher_6-750x600.jpg\" height=\"600\" width=\"750\" data-caption=\"Start bei der Moosfluh\" title=\"gletscher_6\" alt=\"\" class=\"slider-2856 slide-2857 msDefaultImage\" \/><img loading=\"lazy\" decoding=\"async\" src=\"https:\/\/reiseblock.ch\/wordpress\/wp-content\/uploads\/2018\/10\/gletscher_7-750x600.jpg\" height=\"600\" width=\"750\" data-caption=\"Immer n&auml;her am Aletschgletscher\" title=\"gletscher_7\" alt=\"\" class=\"slider-2856 slide-2858 msDefaultImage\" \/><img loading=\"lazy\" decoding=\"async\" src=\"https:\/\/reiseblock.ch\/wordpress\/wp-content\/uploads\/2018\/10\/Bettmeralp-750x600.jpg\" height=\"600\" width=\"750\" data-caption=\"Auch der Blick zur&uuml;ck lohnt sich: Bettmersee mit Bettmeralp\" title=\"Bettmeralp\" alt=\"\" class=\"slider-2856 slide-2859 msDefaultImage\" \/><img loading=\"lazy\" decoding=\"async\" src=\"https:\/\/reiseblock.ch\/wordpress\/wp-content\/uploads\/2018\/10\/Gletscherzunge-750x600.jpg\" height=\"600\" width=\"750\" data-caption=\"Blick zur&uuml;ck zum Zweiten: die Gletscherzunge\" title=\"Gletscherzunge\" alt=\"\" class=\"slider-2856 slide-2860 msDefaultImage\" \/><img loading=\"lazy\" decoding=\"async\" src=\"https:\/\/reiseblock.ch\/wordpress\/wp-content\/uploads\/2018\/10\/gletscher_10-750x600.jpg\" height=\"600\" width=\"750\" data-caption=\"Gleich um die Ecke gehts zum M&auml;rjelensee\" title=\"gletscher_10\" alt=\"\" class=\"slider-2856 slide-2861 msDefaultImage\" \/><img loading=\"lazy\" decoding=\"async\" src=\"https:\/\/reiseblock.ch\/wordpress\/wp-content\/uploads\/2018\/10\/Konkordiaplatz-750x600.jpg\" height=\"600\" width=\"750\" data-caption=\"Blick Richtung Konkordiaplatz, herangezoomt\" title=\"Konkordiaplatz\" alt=\"\" class=\"slider-2856 slide-2862 msDefaultImage\" \/><img loading=\"lazy\" decoding=\"async\" src=\"https:\/\/reiseblock.ch\/wordpress\/wp-content\/uploads\/2018\/10\/1ed0e5614b89233049e2d7b261bcf847-750x600.jpg\" height=\"600\" width=\"750\" data-caption=\"Beim M&auml;rjelensee\" title=\"Ma\u0308jelensee\" alt=\"\" class=\"slider-2856 slide-2863 msDefaultImage\" \/><img loading=\"lazy\" decoding=\"async\" src=\"https:\/\/reiseblock.ch\/wordpress\/wp-content\/uploads\/2021\/09\/Tunnel-750x600.jpg\" height=\"600\" width=\"750\" data-caption=\"Ausgang Tunnel Richtung Fiescheralp\" title=\"Tunnel\" alt=\"Ausgang Tunnel Richtung Fiescheralp\" class=\"slider-2856 slide-3500 msDefaultImage\" \/><\/div><\/div>\n        \n    <\/div>\n<\/div>\n<p><span style=\"font-size: 12pt; font-family: Book Antiqua, Palatino;\">Ein idealer Startpunkt ist die Moosfluh auf der Riederalp. Von hier aus hat man den Gletscher, dem man sich Schritt f\u00fcr Schritt n\u00e4hert, praktisch immer vor sich, und dies trotz der Verlegung des Wanderwegs. N\u00f6tig wurde dies aufgrund grosser Verschiebungen in der Region Moosfluh. Ein Teil des Gebiets musste aus Sicherheitsgr\u00fcnden gesperrt werden.&nbsp; <\/span><\/p>\n<p><span style=\"font-family: Book Antiqua, Palatino; font-size: 12pt;\">F\u00fcr Wanderer heisst das ein paar sportliche H\u00f6henmeter mehr Richtung Bettmerhorn. Alternativ und leichter ist der Einstieg direkt vom Bettmerhorn aus. Von der Bettmeralp f\u00fchrt die Gondel auf rund 2600 Meter \u00fcber Meer. Wer die Tour nicht vereinfachen, sondern verl\u00e4ngern m\u00f6chte, startet auf der Riederalp via Riederfurka und Hohfluh.<\/span><\/p>\n<h2><span style=\"font-family: Book Antiqua, Palatino;\">Panorama so weit das Auge reicht<\/span><\/h2>\n<p><span style=\"font-family: Book Antiqua, Palatino; font-size: 12pt;\">Auf gut unterhaltenen Wegen geht es auf dem Aletsch-Panoramaweg Richtung M\u00e4rjelensee. Die gesamte Route Nr. 39 dauert drei Tage: von der Belalp \u00fcber die H\u00e4ngebr\u00fccke bis zur Riederfurka, von hier aus bis zum M\u00e4rjelensee und weiter bis nach Bellwald. <\/span><\/p>\n<p><span style=\"font-family: Book Antiqua, Palatino; font-size: 12pt;\">Wir begn\u00fcgen uns mit der Etappe bis zum M\u00e4rjelensee. So weit haben wir uns dem Aletschgletscher noch nie gen\u00e4hert. Der Konkordiaplatz wird sichtbar. An diesem Platz treffen drei grosse Gletscher aufeinander: das Grosse Aletschfirn, das Jungfraufirn und das Ewigschneefeld. So nah ist das ewige Schneefeld dann doch nicht, dass wir die Ausmasse dieses Platzes mit 86 Quadratkilometern erfassen k\u00f6nnten.<br><\/span><\/p>\n<h2>Nicht wegschauen: Die Gletscher schmelzen<\/h2>\n<p><span style=\"font-family: Book Antiqua, Palatino; font-size: 12pt;\">So ruhig und unbeweglich diese Eismasse aussieht: Sie ist t\u00e4glich in Bewegung \u2013 durchschnittlich einen halben Meter pro Tag. Diese Bewegung folgt dem Gesetz der Schwerkraft. Dem Gesetz des Klimawandels folgt leider etwas anderes, n\u00e4mlich ein deutlicher Schwund der Gletschermasse.<\/span><\/p>\n<p><span style=\"font-size: 12pt; font-family: Book Antiqua, Palatino;\">Das macht nachdenklich, und umso ehrf\u00fcrchtiger betrachten wir diese unvergleichliche Landschaft, in der wir uns bewegen k\u00f6nnen. <\/span><\/p>\n<h2><span style=\"font-family: Book Antiqua, Palatino;\">Durch den Tunnel zur Fiescheralp<\/span><\/h2>\n<p><span style=\"font-family: Book Antiqua, Palatino; font-size: 12pt;\">Nach einer Picknickpause entlang des Weges ist die Gletscherstube beim M\u00e4rjelensee unser n\u00e4chstes Etappenziel. Im Sommer ist sie sehr gut besucht \u2013 so wie man auch auf dem Wanderweg nicht alleine ist \u2013, im Herbst darf man bis Mitte Oktober hoffen, dass sie Wanderinnen und Wanderer noch bewirtet. Wir geniessen auf der Terasse Kaffe und Kuchen.<br><\/span><\/p>\n<p><span style=\"font-size: 12pt; font-family: Book Antiqua, Palatino;\">Das Tunnel zur Fiescheralp sei ge\u00f6ffnet, hat uns ein Biker unterwegs mitgeteilt. Nun, bis zu diesem Zeitpunkt hatten wir von einem Tunnel gar keine Ahnung. Wir sind aber froh, dass wir nicht \u00fcber den H\u00fcgel m\u00fcssen. Von der Gletscherstube aus f\u00fchrt der gut kilometerlange Tunnel zur Fiescheralp. Ein ganz spezielles Erlebnis. So ist es ein Leichtes, die letzte Gondel um 18 Uhr nach Fiesch zu erwischen. <\/span><\/p>\n<p><strong><span style=\"font-family: Book Antiqua, Palatino; font-size: 12pt;\">Tour<br><\/span><\/strong><span style=\"font-family: Book Antiqua, Palatino; font-size: 12pt;\">Start: Moosfluh, Riederalp<br><\/span><span style=\"font-family: Book Antiqua, Palatino; font-size: 12pt;\">Ziel: Fiescheralp<br>L\u00e4nge: 12 Kilometer<br><\/span><span style=\"font-family: Book Antiqua, Palatino; font-size: 12pt;\">Auf-\/Abstieg: 533\/652 m<br>Dauer: 4 Std.<br><\/span><\/p>\n<p><span style=\"font-family: Book Antiqua, Palatino; font-size: 12pt;\">Weitere <a href=\"http:\/\/www.aletschgletscher.ch\" target=\"_blank\" rel=\"noopener\">Infos<\/a> zum Aletschgletscher und zur <\/span><span style=\"font-family: Book Antiqua, Palatino; font-size: 12pt;\">Aletscharena<\/span><\/p>\n<p>Lesen Sie weiter: Eine andere Toptour in der Aletscharena f\u00fchrt <a href=\"https:\/\/reiseblock.ch\/wordpress\/ueber-die-haengebruecke-von-der-riederalp-zur-belalp\/\">von der Riederalp zur Belalp<\/a><\/p>\n\n\n<p><\/p>\n","protected":false},"excerpt":{"rendered":"<p>Es ist eine der sch\u00f6nsten Wanderungen \u00fcberhaupt: den Aletschgletscher entlang bis zum M\u00e4rjelensee. Wer sich selbst davon \u00fcberzeugen m\u00f6chte, hat jetzt die Gelegenheit oder muss [&#8230;]<\/p>\n","protected":false},"author":1,"featured_media":3495,"comment_status":"open","ping_status":"open","sticky":false,"template":"","format":"standard","meta":{"footnotes":""},"categories":[8],"tags":[303,255,188,368,369,187,12],"class_list":["post-2838","post","type-post","status-publish","format-standard","has-post-thumbnail","hentry","category-tipp","tag-aletscharena","tag-aletschgletscher","tag-bettmeralp","tag-gletscher","tag-maejelensee","tag-riederalp","tag-wandern"],"yoast_head":"<!-- This site is optimized with the Yoast SEO plugin v27.8 - https:\/\/yoast.com\/product\/yoast-seo-wordpress\/ -->\n<title>Der Aletschgletscher \u2013 Wanderung entlang der ewigen K\u00e4lte &#8211; Reiseblock<\/title>\n<meta name=\"description\" content=\"Eine Wanderung am Aletschgletscher geh\u00f6rt zu den eindr\u00fccklichsten Erfahrungen. Auf gut erhaltenen Wegen n\u00e4hert man sich dem ewigen Eis.\" \/>\n<meta name=\"robots\" content=\"index, follow, max-snippet:-1, max-image-preview:large, max-video-preview:-1\" \/>\n<link rel=\"canonical\" href=\"https:\/\/reiseblock.ch\/wordpress\/am-rande-des-aletschgletschers\/\" \/>\n<meta property=\"og:locale\" content=\"de_DE\" \/>\n<meta property=\"og:type\" content=\"article\" \/>\n<meta property=\"og:title\" content=\"Der Aletschgletscher \u2013 Wanderung entlang der ewigen K\u00e4lte &#8211; Reiseblock\" \/>\n<meta property=\"og:description\" content=\"Eine Wanderung am Aletschgletscher geh\u00f6rt zu den eindr\u00fccklichsten Erfahrungen. Auf gut erhaltenen Wegen n\u00e4hert man sich dem ewigen Eis.\" \/>\n<meta property=\"og:url\" content=\"https:\/\/reiseblock.ch\/wordpress\/am-rande-des-aletschgletschers\/\" \/>\n<meta property=\"og:site_name\" content=\"Reiseblock\" \/>\n<meta property=\"article:published_time\" content=\"2021-09-09T23:05:00+00:00\" \/>\n<meta property=\"article:modified_time\" content=\"2021-09-14T10:55:39+00:00\" \/>\n<meta property=\"og:image\" content=\"https:\/\/reiseblock.ch\/wordpress\/wp-content\/uploads\/2021\/09\/IMG_8594-2.jpg\" \/>\n\t<meta property=\"og:image:width\" content=\"2048\" \/>\n\t<meta property=\"og:image:height\" content=\"1536\" \/>\n\t<meta property=\"og:image:type\" content=\"image\/jpeg\" \/>\n<meta name=\"author\" content=\"admin\" \/>\n<meta name=\"twitter:label1\" content=\"Verfasst von\" \/>\n\t<meta name=\"twitter:data1\" content=\"admin\" \/>\n\t<meta name=\"twitter:label2\" content=\"Gesch\u00e4tzte Lesezeit\" \/>\n\t<meta name=\"twitter:data2\" content=\"3\u00a0Minuten\" \/>\n<script type=\"application\/ld+json\" class=\"yoast-schema-graph\">{\"@context\":\"https:\\\/\\\/schema.org\",\"@graph\":[{\"@type\":\"Article\",\"@id\":\"https:\\\/\\\/reiseblock.ch\\\/wordpress\\\/am-rande-des-aletschgletschers\\\/#article\",\"isPartOf\":{\"@id\":\"https:\\\/\\\/reiseblock.ch\\\/wordpress\\\/am-rande-des-aletschgletschers\\\/\"},\"author\":{\"name\":\"admin\",\"@id\":\"https:\\\/\\\/reiseblock.ch\\\/wordpress\\\/#\\\/schema\\\/person\\\/739b103f8e7941f579794d17e2187721\"},\"headline\":\"Am Rande des Aletschgletschers\",\"datePublished\":\"2021-09-09T23:05:00+00:00\",\"dateModified\":\"2021-09-14T10:55:39+00:00\",\"mainEntityOfPage\":{\"@id\":\"https:\\\/\\\/reiseblock.ch\\\/wordpress\\\/am-rande-des-aletschgletschers\\\/\"},\"wordCount\":490,\"commentCount\":0,\"publisher\":{\"@id\":\"https:\\\/\\\/reiseblock.ch\\\/wordpress\\\/#\\\/schema\\\/person\\\/eafba14374f16d5fa4f73efd49243014\"},\"image\":{\"@id\":\"https:\\\/\\\/reiseblock.ch\\\/wordpress\\\/am-rande-des-aletschgletschers\\\/#primaryimage\"},\"thumbnailUrl\":\"https:\\\/\\\/reiseblock.ch\\\/wordpress\\\/wp-content\\\/uploads\\\/2021\\\/09\\\/IMG_8594-2.jpg\",\"keywords\":[\"Aletscharena\",\"Aletschgletscher\",\"Bettmeralp\",\"Gletscher\",\"M\u00e4jelensee\",\"Riederalp\",\"Wandern\"],\"articleSection\":[\"Tipp\"],\"inLanguage\":\"de\",\"potentialAction\":[{\"@type\":\"CommentAction\",\"name\":\"Comment\",\"target\":[\"https:\\\/\\\/reiseblock.ch\\\/wordpress\\\/am-rande-des-aletschgletschers\\\/#respond\"]}]},{\"@type\":\"WebPage\",\"@id\":\"https:\\\/\\\/reiseblock.ch\\\/wordpress\\\/am-rande-des-aletschgletschers\\\/\",\"url\":\"https:\\\/\\\/reiseblock.ch\\\/wordpress\\\/am-rande-des-aletschgletschers\\\/\",\"name\":\"Der Aletschgletscher \u2013 Wanderung entlang der ewigen K\u00e4lte &#8211; Reiseblock\",\"isPartOf\":{\"@id\":\"https:\\\/\\\/reiseblock.ch\\\/wordpress\\\/#website\"},\"primaryImageOfPage\":{\"@id\":\"https:\\\/\\\/reiseblock.ch\\\/wordpress\\\/am-rande-des-aletschgletschers\\\/#primaryimage\"},\"image\":{\"@id\":\"https:\\\/\\\/reiseblock.ch\\\/wordpress\\\/am-rande-des-aletschgletschers\\\/#primaryimage\"},\"thumbnailUrl\":\"https:\\\/\\\/reiseblock.ch\\\/wordpress\\\/wp-content\\\/uploads\\\/2021\\\/09\\\/IMG_8594-2.jpg\",\"datePublished\":\"2021-09-09T23:05:00+00:00\",\"dateModified\":\"2021-09-14T10:55:39+00:00\",\"description\":\"Eine Wanderung am Aletschgletscher geh\u00f6rt zu den eindr\u00fccklichsten Erfahrungen. Auf gut erhaltenen Wegen n\u00e4hert man sich dem ewigen Eis.\",\"breadcrumb\":{\"@id\":\"https:\\\/\\\/reiseblock.ch\\\/wordpress\\\/am-rande-des-aletschgletschers\\\/#breadcrumb\"},\"inLanguage\":\"de\",\"potentialAction\":[{\"@type\":\"ReadAction\",\"target\":[\"https:\\\/\\\/reiseblock.ch\\\/wordpress\\\/am-rande-des-aletschgletschers\\\/\"]}]},{\"@type\":\"ImageObject\",\"inLanguage\":\"de\",\"@id\":\"https:\\\/\\\/reiseblock.ch\\\/wordpress\\\/am-rande-des-aletschgletschers\\\/#primaryimage\",\"url\":\"https:\\\/\\\/reiseblock.ch\\\/wordpress\\\/wp-content\\\/uploads\\\/2021\\\/09\\\/IMG_8594-2.jpg\",\"contentUrl\":\"https:\\\/\\\/reiseblock.ch\\\/wordpress\\\/wp-content\\\/uploads\\\/2021\\\/09\\\/IMG_8594-2.jpg\",\"width\":2048,\"height\":1536,\"caption\":\"Aletschgletscher mit Konkordiaplatz\"},{\"@type\":\"BreadcrumbList\",\"@id\":\"https:\\\/\\\/reiseblock.ch\\\/wordpress\\\/am-rande-des-aletschgletschers\\\/#breadcrumb\",\"itemListElement\":[{\"@type\":\"ListItem\",\"position\":1,\"name\":\"Home\",\"item\":\"https:\\\/\\\/reiseblock.ch\\\/wordpress\\\/\"},{\"@type\":\"ListItem\",\"position\":2,\"name\":\"Am Rande des Aletschgletschers\"}]},{\"@type\":\"WebSite\",\"@id\":\"https:\\\/\\\/reiseblock.ch\\\/wordpress\\\/#website\",\"url\":\"https:\\\/\\\/reiseblock.ch\\\/wordpress\\\/\",\"name\":\"Reiseblock\",\"description\":\"Ursula Kohlers ReiseWeise\",\"publisher\":{\"@id\":\"https:\\\/\\\/reiseblock.ch\\\/wordpress\\\/#\\\/schema\\\/person\\\/eafba14374f16d5fa4f73efd49243014\"},\"potentialAction\":[{\"@type\":\"SearchAction\",\"target\":{\"@type\":\"EntryPoint\",\"urlTemplate\":\"https:\\\/\\\/reiseblock.ch\\\/wordpress\\\/?s={search_term_string}\"},\"query-input\":{\"@type\":\"PropertyValueSpecification\",\"valueRequired\":true,\"valueName\":\"search_term_string\"}}],\"inLanguage\":\"de\"},{\"@type\":[\"Person\",\"Organization\"],\"@id\":\"https:\\\/\\\/reiseblock.ch\\\/wordpress\\\/#\\\/schema\\\/person\\\/eafba14374f16d5fa4f73efd49243014\",\"name\":\"Ursula Kohler\",\"image\":{\"@type\":\"ImageObject\",\"inLanguage\":\"de\",\"@id\":\"https:\\\/\\\/secure.gravatar.com\\\/avatar\\\/014d9b9a971f617638f4298cbb55f92d20b3bf0d1c9cc32f65333b2769bcf867?s=96&d=blank&r=g\",\"url\":\"https:\\\/\\\/secure.gravatar.com\\\/avatar\\\/014d9b9a971f617638f4298cbb55f92d20b3bf0d1c9cc32f65333b2769bcf867?s=96&d=blank&r=g\",\"contentUrl\":\"https:\\\/\\\/secure.gravatar.com\\\/avatar\\\/014d9b9a971f617638f4298cbb55f92d20b3bf0d1c9cc32f65333b2769bcf867?s=96&d=blank&r=g\",\"caption\":\"Ursula Kohler\"},\"logo\":{\"@id\":\"https:\\\/\\\/secure.gravatar.com\\\/avatar\\\/014d9b9a971f617638f4298cbb55f92d20b3bf0d1c9cc32f65333b2769bcf867?s=96&d=blank&r=g\"}},{\"@type\":\"Person\",\"@id\":\"https:\\\/\\\/reiseblock.ch\\\/wordpress\\\/#\\\/schema\\\/person\\\/739b103f8e7941f579794d17e2187721\",\"name\":\"admin\",\"image\":{\"@type\":\"ImageObject\",\"inLanguage\":\"de\",\"@id\":\"https:\\\/\\\/secure.gravatar.com\\\/avatar\\\/a0f702f22ecd58ce02800a54cb2055cabe1fa8d7cf75ab377ce2f2b8503f188c?s=96&d=blank&r=g\",\"url\":\"https:\\\/\\\/secure.gravatar.com\\\/avatar\\\/a0f702f22ecd58ce02800a54cb2055cabe1fa8d7cf75ab377ce2f2b8503f188c?s=96&d=blank&r=g\",\"contentUrl\":\"https:\\\/\\\/secure.gravatar.com\\\/avatar\\\/a0f702f22ecd58ce02800a54cb2055cabe1fa8d7cf75ab377ce2f2b8503f188c?s=96&d=blank&r=g\",\"caption\":\"admin\"},\"url\":\"https:\\\/\\\/reiseblock.ch\\\/wordpress\\\/author\\\/admin\\\/\"}]}<\/script>\n<!-- \/ Yoast SEO plugin. -->","yoast_head_json":{"title":"Der Aletschgletscher \u2013 Wanderung entlang der ewigen K\u00e4lte &#8211; Reiseblock","description":"Eine Wanderung am Aletschgletscher geh\u00f6rt zu den eindr\u00fccklichsten Erfahrungen. Auf gut erhaltenen Wegen n\u00e4hert man sich dem ewigen Eis.","robots":{"index":"index","follow":"follow","max-snippet":"max-snippet:-1","max-image-preview":"max-image-preview:large","max-video-preview":"max-video-preview:-1"},"canonical":"https:\/\/reiseblock.ch\/wordpress\/am-rande-des-aletschgletschers\/","og_locale":"de_DE","og_type":"article","og_title":"Der Aletschgletscher \u2013 Wanderung entlang der ewigen K\u00e4lte &#8211; Reiseblock","og_description":"Eine Wanderung am Aletschgletscher geh\u00f6rt zu den eindr\u00fccklichsten Erfahrungen. Auf gut erhaltenen Wegen n\u00e4hert man sich dem ewigen Eis.","og_url":"https:\/\/reiseblock.ch\/wordpress\/am-rande-des-aletschgletschers\/","og_site_name":"Reiseblock","article_published_time":"2021-09-09T23:05:00+00:00","article_modified_time":"2021-09-14T10:55:39+00:00","og_image":[{"width":2048,"height":1536,"url":"https:\/\/reiseblock.ch\/wordpress\/wp-content\/uploads\/2021\/09\/IMG_8594-2.jpg","type":"image\/jpeg"}],"author":"admin","twitter_misc":{"Verfasst von":"admin","Gesch\u00e4tzte Lesezeit":"3\u00a0Minuten"},"schema":{"@context":"https:\/\/schema.org","@graph":[{"@type":"Article","@id":"https:\/\/reiseblock.ch\/wordpress\/am-rande-des-aletschgletschers\/#article","isPartOf":{"@id":"https:\/\/reiseblock.ch\/wordpress\/am-rande-des-aletschgletschers\/"},"author":{"name":"admin","@id":"https:\/\/reiseblock.ch\/wordpress\/#\/schema\/person\/739b103f8e7941f579794d17e2187721"},"headline":"Am Rande des Aletschgletschers","datePublished":"2021-09-09T23:05:00+00:00","dateModified":"2021-09-14T10:55:39+00:00","mainEntityOfPage":{"@id":"https:\/\/reiseblock.ch\/wordpress\/am-rande-des-aletschgletschers\/"},"wordCount":490,"commentCount":0,"publisher":{"@id":"https:\/\/reiseblock.ch\/wordpress\/#\/schema\/person\/eafba14374f16d5fa4f73efd49243014"},"image":{"@id":"https:\/\/reiseblock.ch\/wordpress\/am-rande-des-aletschgletschers\/#primaryimage"},"thumbnailUrl":"https:\/\/reiseblock.ch\/wordpress\/wp-content\/uploads\/2021\/09\/IMG_8594-2.jpg","keywords":["Aletscharena","Aletschgletscher","Bettmeralp","Gletscher","M\u00e4jelensee","Riederalp","Wandern"],"articleSection":["Tipp"],"inLanguage":"de","potentialAction":[{"@type":"CommentAction","name":"Comment","target":["https:\/\/reiseblock.ch\/wordpress\/am-rande-des-aletschgletschers\/#respond"]}]},{"@type":"WebPage","@id":"https:\/\/reiseblock.ch\/wordpress\/am-rande-des-aletschgletschers\/","url":"https:\/\/reiseblock.ch\/wordpress\/am-rande-des-aletschgletschers\/","name":"Der Aletschgletscher \u2013 Wanderung entlang der ewigen K\u00e4lte &#8211; Reiseblock","isPartOf":{"@id":"https:\/\/reiseblock.ch\/wordpress\/#website"},"primaryImageOfPage":{"@id":"https:\/\/reiseblock.ch\/wordpress\/am-rande-des-aletschgletschers\/#primaryimage"},"image":{"@id":"https:\/\/reiseblock.ch\/wordpress\/am-rande-des-aletschgletschers\/#primaryimage"},"thumbnailUrl":"https:\/\/reiseblock.ch\/wordpress\/wp-content\/uploads\/2021\/09\/IMG_8594-2.jpg","datePublished":"2021-09-09T23:05:00+00:00","dateModified":"2021-09-14T10:55:39+00:00","description":"Eine Wanderung am Aletschgletscher geh\u00f6rt zu den eindr\u00fccklichsten Erfahrungen. Auf gut erhaltenen Wegen n\u00e4hert man sich dem ewigen Eis.","breadcrumb":{"@id":"https:\/\/reiseblock.ch\/wordpress\/am-rande-des-aletschgletschers\/#breadcrumb"},"inLanguage":"de","potentialAction":[{"@type":"ReadAction","target":["https:\/\/reiseblock.ch\/wordpress\/am-rande-des-aletschgletschers\/"]}]},{"@type":"ImageObject","inLanguage":"de","@id":"https:\/\/reiseblock.ch\/wordpress\/am-rande-des-aletschgletschers\/#primaryimage","url":"https:\/\/reiseblock.ch\/wordpress\/wp-content\/uploads\/2021\/09\/IMG_8594-2.jpg","contentUrl":"https:\/\/reiseblock.ch\/wordpress\/wp-content\/uploads\/2021\/09\/IMG_8594-2.jpg","width":2048,"height":1536,"caption":"Aletschgletscher mit Konkordiaplatz"},{"@type":"BreadcrumbList","@id":"https:\/\/reiseblock.ch\/wordpress\/am-rande-des-aletschgletschers\/#breadcrumb","itemListElement":[{"@type":"ListItem","position":1,"name":"Home","item":"https:\/\/reiseblock.ch\/wordpress\/"},{"@type":"ListItem","position":2,"name":"Am Rande des Aletschgletschers"}]},{"@type":"WebSite","@id":"https:\/\/reiseblock.ch\/wordpress\/#website","url":"https:\/\/reiseblock.ch\/wordpress\/","name":"Reiseblock","description":"Ursula Kohlers ReiseWeise","publisher":{"@id":"https:\/\/reiseblock.ch\/wordpress\/#\/schema\/person\/eafba14374f16d5fa4f73efd49243014"},"potentialAction":[{"@type":"SearchAction","target":{"@type":"EntryPoint","urlTemplate":"https:\/\/reiseblock.ch\/wordpress\/?s={search_term_string}"},"query-input":{"@type":"PropertyValueSpecification","valueRequired":true,"valueName":"search_term_string"}}],"inLanguage":"de"},{"@type":["Person","Organization"],"@id":"https:\/\/reiseblock.ch\/wordpress\/#\/schema\/person\/eafba14374f16d5fa4f73efd49243014","name":"Ursula Kohler","image":{"@type":"ImageObject","inLanguage":"de","@id":"https:\/\/secure.gravatar.com\/avatar\/014d9b9a971f617638f4298cbb55f92d20b3bf0d1c9cc32f65333b2769bcf867?s=96&d=blank&r=g","url":"https:\/\/secure.gravatar.com\/avatar\/014d9b9a971f617638f4298cbb55f92d20b3bf0d1c9cc32f65333b2769bcf867?s=96&d=blank&r=g","contentUrl":"https:\/\/secure.gravatar.com\/avatar\/014d9b9a971f617638f4298cbb55f92d20b3bf0d1c9cc32f65333b2769bcf867?s=96&d=blank&r=g","caption":"Ursula Kohler"},"logo":{"@id":"https:\/\/secure.gravatar.com\/avatar\/014d9b9a971f617638f4298cbb55f92d20b3bf0d1c9cc32f65333b2769bcf867?s=96&d=blank&r=g"}},{"@type":"Person","@id":"https:\/\/reiseblock.ch\/wordpress\/#\/schema\/person\/739b103f8e7941f579794d17e2187721","name":"admin","image":{"@type":"ImageObject","inLanguage":"de","@id":"https:\/\/secure.gravatar.com\/avatar\/a0f702f22ecd58ce02800a54cb2055cabe1fa8d7cf75ab377ce2f2b8503f188c?s=96&d=blank&r=g","url":"https:\/\/secure.gravatar.com\/avatar\/a0f702f22ecd58ce02800a54cb2055cabe1fa8d7cf75ab377ce2f2b8503f188c?s=96&d=blank&r=g","contentUrl":"https:\/\/secure.gravatar.com\/avatar\/a0f702f22ecd58ce02800a54cb2055cabe1fa8d7cf75ab377ce2f2b8503f188c?s=96&d=blank&r=g","caption":"admin"},"url":"https:\/\/reiseblock.ch\/wordpress\/author\/admin\/"}]}},"_links":{"self":[{"href":"https:\/\/reiseblock.ch\/wordpress\/wp-json\/wp\/v2\/posts\/2838","targetHints":{"allow":["GET"]}}],"collection":[{"href":"https:\/\/reiseblock.ch\/wordpress\/wp-json\/wp\/v2\/posts"}],"about":[{"href":"https:\/\/reiseblock.ch\/wordpress\/wp-json\/wp\/v2\/types\/post"}],"author":[{"embeddable":true,"href":"https:\/\/reiseblock.ch\/wordpress\/wp-json\/wp\/v2\/users\/1"}],"replies":[{"embeddable":true,"href":"https:\/\/reiseblock.ch\/wordpress\/wp-json\/wp\/v2\/comments?post=2838"}],"version-history":[{"count":23,"href":"https:\/\/reiseblock.ch\/wordpress\/wp-json\/wp\/v2\/posts\/2838\/revisions"}],"predecessor-version":[{"id":3596,"href":"https:\/\/reiseblock.ch\/wordpress\/wp-json\/wp\/v2\/posts\/2838\/revisions\/3596"}],"wp:featuredmedia":[{"embeddable":true,"href":"https:\/\/reiseblock.ch\/wordpress\/wp-json\/wp\/v2\/media\/3495"}],"wp:attachment":[{"href":"https:\/\/reiseblock.ch\/wordpress\/wp-json\/wp\/v2\/media?parent=2838"}],"wp:term":[{"taxonomy":"category","embeddable":true,"href":"https:\/\/reiseblock.ch\/wordpress\/wp-json\/wp\/v2\/categories?post=2838"},{"taxonomy":"post_tag","embeddable":true,"href":"https:\/\/reiseblock.ch\/wordpress\/wp-json\/wp\/v2\/tags?post=2838"}],"curies":[{"name":"wp","href":"https:\/\/api.w.org\/{rel}","templated":true}]}}