{"id":2744,"date":"2018-07-13T10:25:17","date_gmt":"2018-07-13T08:25:17","guid":{"rendered":"http:\/\/reiseblock.ch\/?p=2744"},"modified":"2018-07-13T10:36:52","modified_gmt":"2018-07-13T08:36:52","slug":"ueber-die-haengebruecke-von-der-riederalp-zur-belalp","status":"publish","type":"post","link":"https:\/\/reiseblock.ch\/wordpress\/ueber-die-haengebruecke-von-der-riederalp-zur-belalp\/","title":{"rendered":"\u00dcber die H\u00e4ngebr\u00fccke von der Riederalp zur Belalp"},"content":{"rendered":"<p><em><span style=\"font-family: Book Antiqua, Palatino; font-size: 12pt;\">Der H\u00e4ngebr\u00fcckentrail von der Riederalp zur Belalp geh\u00f6rt zu den Klassikern in der Aletscharena. Vier Stunden Wanderung bieten viel Abwechslung \u2013 und ein paar H\u00f6henmeter.<\/span><\/em><\/p>\n<p><!--more--><\/p>\n<div id=\"metaslider-id-2760\" style=\"max-width: 750px;\" class=\"ml-slider-3-109-0 metaslider metaslider-nivo metaslider-2760 ml-slider ms-theme-default\" role=\"region\" aria-label=\"Haengebruecke\" data-height=\"550\" data-width=\"750\">\n    <div id=\"metaslider_container_2760\">\n        <div class='slider-wrapper theme-default'><div class='ribbon'><\/div><div id='metaslider_2760' class='nivoSlider'><img loading=\"lazy\" decoding=\"async\" src=\"https:\/\/reiseblock.ch\/wordpress\/wp-content\/uploads\/2018\/07\/Villa_Cassell-klein-726x533.jpg\" height=\"550\" width=\"750\" data-caption=\"Die Villa Cassell thront oberhalb der Riederfurka\" title=\"Villa_Cassel klein\" alt=\"\" class=\"slider-2760 slide-2761 msDefaultImage\" \/><img loading=\"lazy\" decoding=\"async\" src=\"https:\/\/reiseblock.ch\/wordpress\/wp-content\/uploads\/2018\/07\/Wegweiser-726x533.jpg\" height=\"550\" width=\"750\" data-caption=\"Geschafft: bei der H&auml;ngebr&uuml;cke angekommen\" title=\"Wegweiser\" alt=\"\" class=\"slider-2760 slide-2762 msDefaultImage\" \/><img loading=\"lazy\" decoding=\"async\" src=\"https:\/\/reiseblock.ch\/wordpress\/wp-content\/uploads\/2018\/07\/Haengebruecke-728x534.jpg\" height=\"550\" width=\"750\" data-caption=\"Der &Uuml;bergang ist einfach\" title=\"Haengebruecke\" alt=\"\" class=\"slider-2760 slide-2763 msDefaultImage\" \/><img loading=\"lazy\" decoding=\"async\" src=\"https:\/\/reiseblock.ch\/wordpress\/wp-content\/uploads\/2018\/07\/Haengebruecke_2-750x550.jpg\" height=\"550\" width=\"750\" data-caption=\"Auf der Br&uuml;cke hats Verkehr\" title=\"Haengebruecke_2\" alt=\"\" class=\"slider-2760 slide-2764 msDefaultImage\" \/><img loading=\"lazy\" decoding=\"async\" src=\"https:\/\/reiseblock.ch\/wordpress\/wp-content\/uploads\/2018\/07\/Massa-726x533.jpg\" height=\"550\" width=\"750\" data-caption=\"Blick zur Massa und zum Gletscherzipfel\" title=\"Massa\" alt=\"\" class=\"slider-2760 slide-2765 msDefaultImage\" \/><img loading=\"lazy\" decoding=\"async\" src=\"https:\/\/reiseblock.ch\/wordpress\/wp-content\/uploads\/2018\/07\/Ziege-726x533.jpg\" height=\"550\" width=\"750\" data-caption=\"Auch die Ziegen suchen ein Schattenpl&auml;tzchen\" title=\"Ziege\" alt=\"\" class=\"slider-2760 slide-2766 msDefaultImage\" \/><img loading=\"lazy\" decoding=\"async\" src=\"https:\/\/reiseblock.ch\/wordpress\/wp-content\/uploads\/2018\/07\/Kapelle-726x533.jpg\" height=\"550\" width=\"750\" data-caption=\"Zum Gl&uuml;ck: Die Kapelle auf der Belalp ist endlich in Sicht\" title=\"Kapelle\" alt=\"\" class=\"slider-2760 slide-2767 msDefaultImage\" \/><img loading=\"lazy\" decoding=\"async\" src=\"https:\/\/reiseblock.ch\/wordpress\/wp-content\/uploads\/2018\/07\/Gletscher-726x533.jpg\" height=\"550\" width=\"750\" data-caption=\"Sicht auf den Aletschgletscher von der Belalp aus\" title=\"Gletscher\" alt=\"\" class=\"slider-2760 slide-2768 msDefaultImage\" \/><img loading=\"lazy\" decoding=\"async\" src=\"https:\/\/reiseblock.ch\/wordpress\/wp-content\/uploads\/2018\/07\/Hotel_Belalp-726x533.jpg\" height=\"550\" width=\"750\" data-caption=\"Verdiente Pause beim Hotel Belalp\" title=\"Hotel_Belalp\" alt=\"\" class=\"slider-2760 slide-2769 msDefaultImage\" \/><img loading=\"lazy\" decoding=\"async\" src=\"https:\/\/reiseblock.ch\/wordpress\/wp-content\/uploads\/2018\/07\/Hochzeit-726x533.jpg\" height=\"550\" width=\"750\" data-caption=\"Sch&ouml;ne Kulisse f&uuml;r eine Hochzeit\" title=\"Hochzeit\" alt=\"\" class=\"slider-2760 slide-2770 msDefaultImage\" \/><img loading=\"lazy\" decoding=\"async\" src=\"https:\/\/reiseblock.ch\/wordpress\/wp-content\/uploads\/2018\/07\/Belalp-750x550.jpg\" height=\"550\" width=\"750\" data-caption=\"Diese Steine erinnern an einen alten Viehmarkt\" title=\"Belalp\" alt=\"\" class=\"slider-2760 slide-2771 msDefaultImage\" \/><\/div><\/div>\n        \n    <\/div>\n<\/div>\n<p>&nbsp;<\/p>\n<p><span style=\"font-family: Book Antiqua, Palatino; font-size: 12pt;\">Eines im Voraus: Sowohl Anfangs- wie Endort sind Highlights dieser Tour, egal in welche Richtung man sie begeht. Startet man auf der Riederalp, ist man in einer halben Stunde beim Hotspot Riederfurka. Oberhalb des Hotels liegt das Pro-Natura-Zentrum Villa Cassel.<\/span><\/p>\n<p><span style=\"font-family: Book Antiqua, Palatino; font-size: 12pt;\">Hier kann man sich mit einem Kaffee st\u00e4rken, bevor man den Abstieg durch den Aletschwald unter die F\u00fcsse nimmt. Gut 600 Meter steigt man ab zur H\u00e4ngebr\u00fccke, vorbei am Gr\u00fcnsee.<\/span><\/p>\n<p><span style=\"font-family: Book Antiqua, Palatino; font-size: 12pt;\">Die H\u00e4ngebr\u00fccke wurde im Jahr 2008 erbaut und f\u00fchrt in 124 Metern L\u00e4nge \u00fcber die Massa. Schon fr\u00fcher gab es die Verbindung zwischen Rieder- und Belalp, damals noch \u00fcber den Gletscher, der sich heute zur\u00fcckgezogen hat. Beim Standort der H\u00e4ngebr\u00fccke sieht man gerade mal noch einen Zipfel der Eismasse.<\/span><\/p>\n<p><span style=\"font-family: Book Antiqua, Palatino; font-size: 12pt;\">Die weidenden Ziegen machen das geplante Picknick bei der Br\u00fccke zunichte. Kaum packt man seinen Rucksack aus, sind sie vor Ort und stecken ihre Nase in den Sack. <\/span><\/p>\n<h2>Ziel r\u00fcckt langsam n\u00e4her<\/h2>\n<p><span style=\"font-family: Book Antiqua, Palatino; font-size: 12pt;\">Der Aufstieg zur Belalp geht vorwiegend durch gr\u00fcne Wiesen. Schon von weitem sieht man die Kapelle auf der Belalp. Aber der Weg streckt sich \u2013 sehr langsam kommt der Ort n\u00e4her, und zum Schluss muss man sich das Erreichen des Ziels durch einen steilen Zickzack-Kurs verdienen.<\/span><\/p>\n<p><span style=\"font-family: Book Antiqua, Palatino; font-size: 12pt;\">Wie sch\u00f6n, auf dem Plateau beim Hotel Belalp zu stehen und rundum zu schauen. In weiter Ferne sieht man die Riederfurka, der Gletscher seinerseits ist viel besser ins Bild ger\u00fcckt.<\/span><\/p>\n<p><span style=\"font-family: Book Antiqua, Palatino; font-size: 12pt;\">In der Kapelle findet eine Hochzeit statt, und pl\u00f6tzlich taucht die Braut zu Fuss auf, unter ihrem langen Hochzeitkleid die Turnschuhe an.<\/span><\/p>\n<p><span style=\"font-family: Book Antiqua, Palatino; font-size: 12pt;\">Die letzte halbe Stunde ist geschenkt, auf einem breiten Weg gehts zur Bergstation der Gondelbahn. Die Belalp selbst besteht aus einigen zerstreuten H\u00e4usern, im Winter wird hier nat\u00fcrlich Ski gefahren. Die Gondelbahn f\u00fchrt nach Blatten, wo das Postauto bis Brig f\u00e4hrt.<br \/>\n<\/span><\/p>\n<p><span style=\"font-family: Book Antiqua, Palatino; font-size: 12pt;\"><strong>Tour<\/strong><br \/>\n<\/span><span style=\"font-family: Book Antiqua, Palatino; font-size: 12pt;\">L\u00e4nge: 11 Kilometer<br \/>\n<\/span><span style=\"font-family: Book Antiqua, Palatino; font-size: 12pt;\"> Dauer: 4 Stunden<br \/>\n<\/span><span style=\"font-family: Book Antiqua, Palatino; font-size: 12pt;\">Auf- und Absteig: 700, 880 m<br \/>\nStartpunkt: Riederalp<br \/>\nEndziel: Belalp<br \/>\n<\/span><\/p>\n<p>&nbsp;<\/p>\n","protected":false},"excerpt":{"rendered":"<p>Der H\u00e4ngebr\u00fcckentrail von der Riederalp zur Belalp geh\u00f6rt zu den Klassikern in der Aletscharena. Vier Stunden Wanderung bieten viel Abwechslung \u2013 und ein paar H\u00f6henmeter.<\/p>\n","protected":false},"author":1,"featured_media":2749,"comment_status":"open","ping_status":"open","sticky":false,"template":"","format":"standard","meta":{"footnotes":""},"categories":[10,8],"tags":[303,358,357,187],"class_list":["post-2744","post","type-post","status-publish","format-standard","has-post-thumbnail","hentry","category-erlebt","category-tipp","tag-aletscharena","tag-belalp","tag-haengebruecke","tag-riederalp"],"yoast_head":"<!-- This site is optimized with the Yoast SEO plugin v27.8 - https:\/\/yoast.com\/product\/yoast-seo-wordpress\/ -->\n<title>\u00dcber die H\u00e4ngebr\u00fccke von der Riederalp zur Belalp &#8211; Reiseblock<\/title>\n<meta name=\"description\" content=\"Der H\u00e4ngebr\u00fcckentrail von der Riederalp zur Belalp geh\u00f6rt zu den Klassikern in der Aletscharena. Die Wanderung ist abwechslungsreich.\" \/>\n<meta name=\"robots\" content=\"index, follow, max-snippet:-1, max-image-preview:large, max-video-preview:-1\" \/>\n<link rel=\"canonical\" href=\"https:\/\/reiseblock.ch\/wordpress\/ueber-die-haengebruecke-von-der-riederalp-zur-belalp\/\" \/>\n<meta property=\"og:locale\" content=\"de_DE\" \/>\n<meta property=\"og:type\" content=\"article\" \/>\n<meta property=\"og:title\" content=\"\u00dcber die H\u00e4ngebr\u00fccke von der Riederalp zur Belalp &#8211; Reiseblock\" \/>\n<meta property=\"og:description\" content=\"Der H\u00e4ngebr\u00fcckentrail von der Riederalp zur Belalp geh\u00f6rt zu den Klassikern in der Aletscharena. Die Wanderung ist abwechslungsreich.\" \/>\n<meta property=\"og:url\" content=\"https:\/\/reiseblock.ch\/wordpress\/ueber-die-haengebruecke-von-der-riederalp-zur-belalp\/\" \/>\n<meta property=\"og:site_name\" content=\"Reiseblock\" \/>\n<meta property=\"article:published_time\" content=\"2018-07-13T08:25:17+00:00\" \/>\n<meta property=\"article:modified_time\" content=\"2018-07-13T08:36:52+00:00\" \/>\n<meta property=\"og:image\" content=\"https:\/\/reiseblock.ch\/wordpress\/wp-content\/uploads\/2018\/07\/Haengebruecke_2.jpg\" \/>\n\t<meta property=\"og:image:width\" content=\"800\" \/>\n\t<meta property=\"og:image:height\" content=\"600\" \/>\n\t<meta property=\"og:image:type\" content=\"image\/jpeg\" \/>\n<meta name=\"author\" content=\"admin\" \/>\n<meta name=\"twitter:label1\" content=\"Verfasst von\" \/>\n\t<meta name=\"twitter:data1\" content=\"admin\" \/>\n\t<meta name=\"twitter:label2\" content=\"Gesch\u00e4tzte Lesezeit\" \/>\n\t<meta name=\"twitter:data2\" content=\"2\u00a0Minuten\" \/>\n<script type=\"application\/ld+json\" class=\"yoast-schema-graph\">{\"@context\":\"https:\\\/\\\/schema.org\",\"@graph\":[{\"@type\":\"Article\",\"@id\":\"https:\\\/\\\/reiseblock.ch\\\/wordpress\\\/ueber-die-haengebruecke-von-der-riederalp-zur-belalp\\\/#article\",\"isPartOf\":{\"@id\":\"https:\\\/\\\/reiseblock.ch\\\/wordpress\\\/ueber-die-haengebruecke-von-der-riederalp-zur-belalp\\\/\"},\"author\":{\"name\":\"admin\",\"@id\":\"https:\\\/\\\/reiseblock.ch\\\/wordpress\\\/#\\\/schema\\\/person\\\/739b103f8e7941f579794d17e2187721\"},\"headline\":\"\u00dcber die H\u00e4ngebr\u00fccke von der Riederalp zur Belalp\",\"datePublished\":\"2018-07-13T08:25:17+00:00\",\"dateModified\":\"2018-07-13T08:36:52+00:00\",\"mainEntityOfPage\":{\"@id\":\"https:\\\/\\\/reiseblock.ch\\\/wordpress\\\/ueber-die-haengebruecke-von-der-riederalp-zur-belalp\\\/\"},\"wordCount\":367,\"commentCount\":1,\"publisher\":{\"@id\":\"https:\\\/\\\/reiseblock.ch\\\/wordpress\\\/#\\\/schema\\\/person\\\/eafba14374f16d5fa4f73efd49243014\"},\"image\":{\"@id\":\"https:\\\/\\\/reiseblock.ch\\\/wordpress\\\/ueber-die-haengebruecke-von-der-riederalp-zur-belalp\\\/#primaryimage\"},\"thumbnailUrl\":\"https:\\\/\\\/reiseblock.ch\\\/wordpress\\\/wp-content\\\/uploads\\\/2018\\\/07\\\/Haengebruecke_2.jpg\",\"keywords\":[\"Aletscharena\",\"Belalp\",\"H\u00e4ngebr\u00fccke\",\"Riederalp\"],\"articleSection\":[\"Erlebt\",\"Tipp\"],\"inLanguage\":\"de\",\"potentialAction\":[{\"@type\":\"CommentAction\",\"name\":\"Comment\",\"target\":[\"https:\\\/\\\/reiseblock.ch\\\/wordpress\\\/ueber-die-haengebruecke-von-der-riederalp-zur-belalp\\\/#respond\"]}]},{\"@type\":\"WebPage\",\"@id\":\"https:\\\/\\\/reiseblock.ch\\\/wordpress\\\/ueber-die-haengebruecke-von-der-riederalp-zur-belalp\\\/\",\"url\":\"https:\\\/\\\/reiseblock.ch\\\/wordpress\\\/ueber-die-haengebruecke-von-der-riederalp-zur-belalp\\\/\",\"name\":\"\u00dcber die H\u00e4ngebr\u00fccke von der Riederalp zur Belalp &#8211; Reiseblock\",\"isPartOf\":{\"@id\":\"https:\\\/\\\/reiseblock.ch\\\/wordpress\\\/#website\"},\"primaryImageOfPage\":{\"@id\":\"https:\\\/\\\/reiseblock.ch\\\/wordpress\\\/ueber-die-haengebruecke-von-der-riederalp-zur-belalp\\\/#primaryimage\"},\"image\":{\"@id\":\"https:\\\/\\\/reiseblock.ch\\\/wordpress\\\/ueber-die-haengebruecke-von-der-riederalp-zur-belalp\\\/#primaryimage\"},\"thumbnailUrl\":\"https:\\\/\\\/reiseblock.ch\\\/wordpress\\\/wp-content\\\/uploads\\\/2018\\\/07\\\/Haengebruecke_2.jpg\",\"datePublished\":\"2018-07-13T08:25:17+00:00\",\"dateModified\":\"2018-07-13T08:36:52+00:00\",\"description\":\"Der H\u00e4ngebr\u00fcckentrail von der Riederalp zur Belalp geh\u00f6rt zu den Klassikern in der Aletscharena. Die Wanderung ist abwechslungsreich.\",\"breadcrumb\":{\"@id\":\"https:\\\/\\\/reiseblock.ch\\\/wordpress\\\/ueber-die-haengebruecke-von-der-riederalp-zur-belalp\\\/#breadcrumb\"},\"inLanguage\":\"de\",\"potentialAction\":[{\"@type\":\"ReadAction\",\"target\":[\"https:\\\/\\\/reiseblock.ch\\\/wordpress\\\/ueber-die-haengebruecke-von-der-riederalp-zur-belalp\\\/\"]}]},{\"@type\":\"ImageObject\",\"inLanguage\":\"de\",\"@id\":\"https:\\\/\\\/reiseblock.ch\\\/wordpress\\\/ueber-die-haengebruecke-von-der-riederalp-zur-belalp\\\/#primaryimage\",\"url\":\"https:\\\/\\\/reiseblock.ch\\\/wordpress\\\/wp-content\\\/uploads\\\/2018\\\/07\\\/Haengebruecke_2.jpg\",\"contentUrl\":\"https:\\\/\\\/reiseblock.ch\\\/wordpress\\\/wp-content\\\/uploads\\\/2018\\\/07\\\/Haengebruecke_2.jpg\",\"width\":\"800\",\"height\":\"600\",\"caption\":\"Auf der Br\u00fccke hats Verkehr\"},{\"@type\":\"BreadcrumbList\",\"@id\":\"https:\\\/\\\/reiseblock.ch\\\/wordpress\\\/ueber-die-haengebruecke-von-der-riederalp-zur-belalp\\\/#breadcrumb\",\"itemListElement\":[{\"@type\":\"ListItem\",\"position\":1,\"name\":\"Home\",\"item\":\"https:\\\/\\\/reiseblock.ch\\\/wordpress\\\/\"},{\"@type\":\"ListItem\",\"position\":2,\"name\":\"\u00dcber die H\u00e4ngebr\u00fccke von der Riederalp zur Belalp\"}]},{\"@type\":\"WebSite\",\"@id\":\"https:\\\/\\\/reiseblock.ch\\\/wordpress\\\/#website\",\"url\":\"https:\\\/\\\/reiseblock.ch\\\/wordpress\\\/\",\"name\":\"Reiseblock\",\"description\":\"Ursula Kohlers ReiseWeise\",\"publisher\":{\"@id\":\"https:\\\/\\\/reiseblock.ch\\\/wordpress\\\/#\\\/schema\\\/person\\\/eafba14374f16d5fa4f73efd49243014\"},\"potentialAction\":[{\"@type\":\"SearchAction\",\"target\":{\"@type\":\"EntryPoint\",\"urlTemplate\":\"https:\\\/\\\/reiseblock.ch\\\/wordpress\\\/?s={search_term_string}\"},\"query-input\":{\"@type\":\"PropertyValueSpecification\",\"valueRequired\":true,\"valueName\":\"search_term_string\"}}],\"inLanguage\":\"de\"},{\"@type\":[\"Person\",\"Organization\"],\"@id\":\"https:\\\/\\\/reiseblock.ch\\\/wordpress\\\/#\\\/schema\\\/person\\\/eafba14374f16d5fa4f73efd49243014\",\"name\":\"Ursula Kohler\",\"image\":{\"@type\":\"ImageObject\",\"inLanguage\":\"de\",\"@id\":\"https:\\\/\\\/secure.gravatar.com\\\/avatar\\\/014d9b9a971f617638f4298cbb55f92d20b3bf0d1c9cc32f65333b2769bcf867?s=96&d=blank&r=g\",\"url\":\"https:\\\/\\\/secure.gravatar.com\\\/avatar\\\/014d9b9a971f617638f4298cbb55f92d20b3bf0d1c9cc32f65333b2769bcf867?s=96&d=blank&r=g\",\"contentUrl\":\"https:\\\/\\\/secure.gravatar.com\\\/avatar\\\/014d9b9a971f617638f4298cbb55f92d20b3bf0d1c9cc32f65333b2769bcf867?s=96&d=blank&r=g\",\"caption\":\"Ursula Kohler\"},\"logo\":{\"@id\":\"https:\\\/\\\/secure.gravatar.com\\\/avatar\\\/014d9b9a971f617638f4298cbb55f92d20b3bf0d1c9cc32f65333b2769bcf867?s=96&d=blank&r=g\"}},{\"@type\":\"Person\",\"@id\":\"https:\\\/\\\/reiseblock.ch\\\/wordpress\\\/#\\\/schema\\\/person\\\/739b103f8e7941f579794d17e2187721\",\"name\":\"admin\",\"image\":{\"@type\":\"ImageObject\",\"inLanguage\":\"de\",\"@id\":\"https:\\\/\\\/secure.gravatar.com\\\/avatar\\\/a0f702f22ecd58ce02800a54cb2055cabe1fa8d7cf75ab377ce2f2b8503f188c?s=96&d=blank&r=g\",\"url\":\"https:\\\/\\\/secure.gravatar.com\\\/avatar\\\/a0f702f22ecd58ce02800a54cb2055cabe1fa8d7cf75ab377ce2f2b8503f188c?s=96&d=blank&r=g\",\"contentUrl\":\"https:\\\/\\\/secure.gravatar.com\\\/avatar\\\/a0f702f22ecd58ce02800a54cb2055cabe1fa8d7cf75ab377ce2f2b8503f188c?s=96&d=blank&r=g\",\"caption\":\"admin\"},\"url\":\"https:\\\/\\\/reiseblock.ch\\\/wordpress\\\/author\\\/admin\\\/\"}]}<\/script>\n<!-- \/ Yoast SEO plugin. -->","yoast_head_json":{"title":"\u00dcber die H\u00e4ngebr\u00fccke von der Riederalp zur Belalp &#8211; Reiseblock","description":"Der H\u00e4ngebr\u00fcckentrail von der Riederalp zur Belalp geh\u00f6rt zu den Klassikern in der Aletscharena. Die Wanderung ist abwechslungsreich.","robots":{"index":"index","follow":"follow","max-snippet":"max-snippet:-1","max-image-preview":"max-image-preview:large","max-video-preview":"max-video-preview:-1"},"canonical":"https:\/\/reiseblock.ch\/wordpress\/ueber-die-haengebruecke-von-der-riederalp-zur-belalp\/","og_locale":"de_DE","og_type":"article","og_title":"\u00dcber die H\u00e4ngebr\u00fccke von der Riederalp zur Belalp &#8211; Reiseblock","og_description":"Der H\u00e4ngebr\u00fcckentrail von der Riederalp zur Belalp geh\u00f6rt zu den Klassikern in der Aletscharena. Die Wanderung ist abwechslungsreich.","og_url":"https:\/\/reiseblock.ch\/wordpress\/ueber-die-haengebruecke-von-der-riederalp-zur-belalp\/","og_site_name":"Reiseblock","article_published_time":"2018-07-13T08:25:17+00:00","article_modified_time":"2018-07-13T08:36:52+00:00","og_image":[{"width":800,"height":600,"url":"https:\/\/reiseblock.ch\/wordpress\/wp-content\/uploads\/2018\/07\/Haengebruecke_2.jpg","type":"image\/jpeg"}],"author":"admin","twitter_misc":{"Verfasst von":"admin","Gesch\u00e4tzte Lesezeit":"2\u00a0Minuten"},"schema":{"@context":"https:\/\/schema.org","@graph":[{"@type":"Article","@id":"https:\/\/reiseblock.ch\/wordpress\/ueber-die-haengebruecke-von-der-riederalp-zur-belalp\/#article","isPartOf":{"@id":"https:\/\/reiseblock.ch\/wordpress\/ueber-die-haengebruecke-von-der-riederalp-zur-belalp\/"},"author":{"name":"admin","@id":"https:\/\/reiseblock.ch\/wordpress\/#\/schema\/person\/739b103f8e7941f579794d17e2187721"},"headline":"\u00dcber die H\u00e4ngebr\u00fccke von der Riederalp zur Belalp","datePublished":"2018-07-13T08:25:17+00:00","dateModified":"2018-07-13T08:36:52+00:00","mainEntityOfPage":{"@id":"https:\/\/reiseblock.ch\/wordpress\/ueber-die-haengebruecke-von-der-riederalp-zur-belalp\/"},"wordCount":367,"commentCount":1,"publisher":{"@id":"https:\/\/reiseblock.ch\/wordpress\/#\/schema\/person\/eafba14374f16d5fa4f73efd49243014"},"image":{"@id":"https:\/\/reiseblock.ch\/wordpress\/ueber-die-haengebruecke-von-der-riederalp-zur-belalp\/#primaryimage"},"thumbnailUrl":"https:\/\/reiseblock.ch\/wordpress\/wp-content\/uploads\/2018\/07\/Haengebruecke_2.jpg","keywords":["Aletscharena","Belalp","H\u00e4ngebr\u00fccke","Riederalp"],"articleSection":["Erlebt","Tipp"],"inLanguage":"de","potentialAction":[{"@type":"CommentAction","name":"Comment","target":["https:\/\/reiseblock.ch\/wordpress\/ueber-die-haengebruecke-von-der-riederalp-zur-belalp\/#respond"]}]},{"@type":"WebPage","@id":"https:\/\/reiseblock.ch\/wordpress\/ueber-die-haengebruecke-von-der-riederalp-zur-belalp\/","url":"https:\/\/reiseblock.ch\/wordpress\/ueber-die-haengebruecke-von-der-riederalp-zur-belalp\/","name":"\u00dcber die H\u00e4ngebr\u00fccke von der Riederalp zur Belalp &#8211; Reiseblock","isPartOf":{"@id":"https:\/\/reiseblock.ch\/wordpress\/#website"},"primaryImageOfPage":{"@id":"https:\/\/reiseblock.ch\/wordpress\/ueber-die-haengebruecke-von-der-riederalp-zur-belalp\/#primaryimage"},"image":{"@id":"https:\/\/reiseblock.ch\/wordpress\/ueber-die-haengebruecke-von-der-riederalp-zur-belalp\/#primaryimage"},"thumbnailUrl":"https:\/\/reiseblock.ch\/wordpress\/wp-content\/uploads\/2018\/07\/Haengebruecke_2.jpg","datePublished":"2018-07-13T08:25:17+00:00","dateModified":"2018-07-13T08:36:52+00:00","description":"Der H\u00e4ngebr\u00fcckentrail von der Riederalp zur Belalp geh\u00f6rt zu den Klassikern in der Aletscharena. Die Wanderung ist abwechslungsreich.","breadcrumb":{"@id":"https:\/\/reiseblock.ch\/wordpress\/ueber-die-haengebruecke-von-der-riederalp-zur-belalp\/#breadcrumb"},"inLanguage":"de","potentialAction":[{"@type":"ReadAction","target":["https:\/\/reiseblock.ch\/wordpress\/ueber-die-haengebruecke-von-der-riederalp-zur-belalp\/"]}]},{"@type":"ImageObject","inLanguage":"de","@id":"https:\/\/reiseblock.ch\/wordpress\/ueber-die-haengebruecke-von-der-riederalp-zur-belalp\/#primaryimage","url":"https:\/\/reiseblock.ch\/wordpress\/wp-content\/uploads\/2018\/07\/Haengebruecke_2.jpg","contentUrl":"https:\/\/reiseblock.ch\/wordpress\/wp-content\/uploads\/2018\/07\/Haengebruecke_2.jpg","width":"800","height":"600","caption":"Auf der Br\u00fccke hats Verkehr"},{"@type":"BreadcrumbList","@id":"https:\/\/reiseblock.ch\/wordpress\/ueber-die-haengebruecke-von-der-riederalp-zur-belalp\/#breadcrumb","itemListElement":[{"@type":"ListItem","position":1,"name":"Home","item":"https:\/\/reiseblock.ch\/wordpress\/"},{"@type":"ListItem","position":2,"name":"\u00dcber die H\u00e4ngebr\u00fccke von der Riederalp zur Belalp"}]},{"@type":"WebSite","@id":"https:\/\/reiseblock.ch\/wordpress\/#website","url":"https:\/\/reiseblock.ch\/wordpress\/","name":"Reiseblock","description":"Ursula Kohlers ReiseWeise","publisher":{"@id":"https:\/\/reiseblock.ch\/wordpress\/#\/schema\/person\/eafba14374f16d5fa4f73efd49243014"},"potentialAction":[{"@type":"SearchAction","target":{"@type":"EntryPoint","urlTemplate":"https:\/\/reiseblock.ch\/wordpress\/?s={search_term_string}"},"query-input":{"@type":"PropertyValueSpecification","valueRequired":true,"valueName":"search_term_string"}}],"inLanguage":"de"},{"@type":["Person","Organization"],"@id":"https:\/\/reiseblock.ch\/wordpress\/#\/schema\/person\/eafba14374f16d5fa4f73efd49243014","name":"Ursula Kohler","image":{"@type":"ImageObject","inLanguage":"de","@id":"https:\/\/secure.gravatar.com\/avatar\/014d9b9a971f617638f4298cbb55f92d20b3bf0d1c9cc32f65333b2769bcf867?s=96&d=blank&r=g","url":"https:\/\/secure.gravatar.com\/avatar\/014d9b9a971f617638f4298cbb55f92d20b3bf0d1c9cc32f65333b2769bcf867?s=96&d=blank&r=g","contentUrl":"https:\/\/secure.gravatar.com\/avatar\/014d9b9a971f617638f4298cbb55f92d20b3bf0d1c9cc32f65333b2769bcf867?s=96&d=blank&r=g","caption":"Ursula Kohler"},"logo":{"@id":"https:\/\/secure.gravatar.com\/avatar\/014d9b9a971f617638f4298cbb55f92d20b3bf0d1c9cc32f65333b2769bcf867?s=96&d=blank&r=g"}},{"@type":"Person","@id":"https:\/\/reiseblock.ch\/wordpress\/#\/schema\/person\/739b103f8e7941f579794d17e2187721","name":"admin","image":{"@type":"ImageObject","inLanguage":"de","@id":"https:\/\/secure.gravatar.com\/avatar\/a0f702f22ecd58ce02800a54cb2055cabe1fa8d7cf75ab377ce2f2b8503f188c?s=96&d=blank&r=g","url":"https:\/\/secure.gravatar.com\/avatar\/a0f702f22ecd58ce02800a54cb2055cabe1fa8d7cf75ab377ce2f2b8503f188c?s=96&d=blank&r=g","contentUrl":"https:\/\/secure.gravatar.com\/avatar\/a0f702f22ecd58ce02800a54cb2055cabe1fa8d7cf75ab377ce2f2b8503f188c?s=96&d=blank&r=g","caption":"admin"},"url":"https:\/\/reiseblock.ch\/wordpress\/author\/admin\/"}]}},"_links":{"self":[{"href":"https:\/\/reiseblock.ch\/wordpress\/wp-json\/wp\/v2\/posts\/2744","targetHints":{"allow":["GET"]}}],"collection":[{"href":"https:\/\/reiseblock.ch\/wordpress\/wp-json\/wp\/v2\/posts"}],"about":[{"href":"https:\/\/reiseblock.ch\/wordpress\/wp-json\/wp\/v2\/types\/post"}],"author":[{"embeddable":true,"href":"https:\/\/reiseblock.ch\/wordpress\/wp-json\/wp\/v2\/users\/1"}],"replies":[{"embeddable":true,"href":"https:\/\/reiseblock.ch\/wordpress\/wp-json\/wp\/v2\/comments?post=2744"}],"version-history":[{"count":5,"href":"https:\/\/reiseblock.ch\/wordpress\/wp-json\/wp\/v2\/posts\/2744\/revisions"}],"predecessor-version":[{"id":2775,"href":"https:\/\/reiseblock.ch\/wordpress\/wp-json\/wp\/v2\/posts\/2744\/revisions\/2775"}],"wp:featuredmedia":[{"embeddable":true,"href":"https:\/\/reiseblock.ch\/wordpress\/wp-json\/wp\/v2\/media\/2749"}],"wp:attachment":[{"href":"https:\/\/reiseblock.ch\/wordpress\/wp-json\/wp\/v2\/media?parent=2744"}],"wp:term":[{"taxonomy":"category","embeddable":true,"href":"https:\/\/reiseblock.ch\/wordpress\/wp-json\/wp\/v2\/categories?post=2744"},{"taxonomy":"post_tag","embeddable":true,"href":"https:\/\/reiseblock.ch\/wordpress\/wp-json\/wp\/v2\/tags?post=2744"}],"curies":[{"name":"wp","href":"https:\/\/api.w.org\/{rel}","templated":true}]}}