{"id":2678,"date":"2018-06-26T23:10:05","date_gmt":"2018-06-26T21:10:05","guid":{"rendered":"http:\/\/reiseblock.ch\/?p=2678"},"modified":"2019-03-31T22:22:37","modified_gmt":"2019-03-31T20:22:37","slug":"mit-einem-schoenen-blumenstrauss-nach-hause","status":"publish","type":"post","link":"https:\/\/reiseblock.ch\/wordpress\/mit-einem-schoenen-blumenstrauss-nach-hause\/","title":{"rendered":"Mit einem Strauss Albisblumen nach Hause kommen"},"content":{"rendered":"<p><em><span style=\"font-size: 12pt;\">Auf dem Albisgrat unterwegs zu sein, ist immer ein Vergn\u00fcgen. Jetzt gibt es einen Grund mehr, auf den Albispass zu wandern: ein neues Blumenfeld zum Selberpfl\u00fccken. Ein Vorschlag f\u00fcr den perfekten Ausflug.<\/span><\/em><\/p>\n<p><!--more--><\/p>\n<div id=\"metaslider-id-2713\" style=\"max-width: 750px;\" class=\"ml-slider-3-109-0 metaslider metaslider-nivo metaslider-2713 ml-slider ms-theme-default\" role=\"region\" aria-label=\"Albis\" data-height=\"550\" data-width=\"750\">\n    <div id=\"metaslider_container_2713\">\n        <div class='slider-wrapper theme-default'><div class='ribbon'><\/div><div id='metaslider_2713' class='nivoSlider'><img loading=\"lazy\" decoding=\"async\" src=\"https:\/\/reiseblock.ch\/wordpress\/wp-content\/uploads\/2018\/06\/Felseneggbahn_neu-634x465.jpg\" height=\"550\" width=\"750\" data-caption=\"Mit der Seilbahn zur Felsenegg\" title=\"Felseneggbahn_neu\" alt=\"Mit der Seilbahn von Adliswil zur Felsenegg\" class=\"slider-2713 slide-2714 msDefaultImage\" \/><img loading=\"lazy\" decoding=\"async\" src=\"https:\/\/reiseblock.ch\/wordpress\/wp-content\/uploads\/2018\/06\/teehuesli_neu-647x475.jpg\" height=\"550\" width=\"750\" data-caption=\"Das Teeh&uuml;sli liegt gleich am Weg\" title=\"teehuesli_neu\" alt=\"Das Teeh\u00fcsli liegt gleich am Weg zwischen Felsenegg und Buchenegg\" class=\"slider-2713 slide-2727 msDefaultImage\" \/><img loading=\"lazy\" decoding=\"async\" src=\"https:\/\/reiseblock.ch\/wordpress\/wp-content\/uploads\/2018\/06\/Albishaus_neu-594x436.jpg\" height=\"550\" width=\"750\" data-caption=\"Das Albishaus &ndash; sch&ouml;n gelegen\" title=\"Albishaus_neu\" alt=\"Das Albishaus \u2013 etwas versteckt, aber wundersch\u00f6n gelegen\" class=\"slider-2713 slide-2728 msDefaultImage\" \/><img loading=\"lazy\" decoding=\"async\" src=\"https:\/\/reiseblock.ch\/wordpress\/wp-content\/uploads\/2018\/06\/Hinteralbis_neu-649x476.jpg\" height=\"550\" width=\"750\" data-caption=\"Blick vom Albishaus zum Hinteralbis\" title=\"Hinteralbis_neu\" alt=\"Blick vom Albishaus zum Hinteralbis\" class=\"slider-2713 slide-2717 msDefaultImage\" \/><img loading=\"lazy\" decoding=\"async\" src=\"https:\/\/reiseblock.ch\/wordpress\/wp-content\/uploads\/2018\/06\/albisblumen_schild_neu-702x515.jpg\" height=\"550\" width=\"750\" data-caption=\"Albisblumen zum Selberpfl&uuml;cken\" title=\"albisblumen_schild_neu\" alt=\"Ganz neu: Albisblumen zum Selberpfl\u00fccken\" class=\"slider-2713 slide-2718 msDefaultImage\" \/><img loading=\"lazy\" decoding=\"async\" src=\"https:\/\/reiseblock.ch\/wordpress\/wp-content\/uploads\/2018\/06\/albisblumen_neu_3-750x550.jpg\" height=\"550\" width=\"750\" data-caption=\"Saisonale ...\" title=\"albisblumen_neu_3\" alt=\"\" class=\"slider-2713 slide-2719 msDefaultImage\" \/><img loading=\"lazy\" decoding=\"async\" src=\"https:\/\/reiseblock.ch\/wordpress\/wp-content\/uploads\/2018\/06\/albisblumen_neu_1-750x550.jpg\" height=\"550\" width=\"750\" data-caption=\"... und ...\" title=\"albisblumen_neu_1\" alt=\"\" class=\"slider-2713 slide-2720 msDefaultImage\" \/><img loading=\"lazy\" decoding=\"async\" src=\"https:\/\/reiseblock.ch\/wordpress\/wp-content\/uploads\/2018\/06\/albisblumen_neu_2-750x550.jpg\" height=\"550\" width=\"750\" data-caption=\"regionale Blumen.\" title=\"albisblumen_neu_2\" alt=\"\" class=\"slider-2713 slide-2721 msDefaultImage\" \/><\/div><\/div>\n        \n    <\/div>\n<\/div>\n<p>&nbsp;<\/p>\n<p><span style=\"font-size: 12pt; font-family: Book Antiqua, Palatino;\">Startpunkt ist die Felsenegg. Von Adliswil gelangt man mit der <a href=\"http:\/\/www.laf.ch\" target=\"_blank\" rel=\"noopener noreferrer\">Seilbahn<\/a> in wenigen Minuten auf 800 Meter \u00fc.M. Seit 1954 f\u00e4hrt die Bahn, zu Beginn wurden \u00fcbrigens die Kabinen der legend\u00e4ren Landibahn von 1939 verwendet. Die heutigen Kabinen sind 10-j\u00e4hrig, sehen aber aus wie nigelnagelneu.<\/span><\/p>\n<p><span style=\"font-family: Book Antiqua, Palatino; font-size: 12pt;\">Ziel ist der Albispass, eine gute Stunde Wanderzeit. Pausen g\u00f6nnen kann man sich immer wieder. Gleich zu Beginn lockt das Restaurant <a href=\"http:\/\/felsenegg.com\/de\/restaurant\/\" target=\"_blank\" rel=\"noopener noreferrer\">Felsenegg<\/a>.&nbsp; Doch wir gehen erst mal weiter und lassen uns eine Viertelstunde sp\u00e4ter vom Teeh\u00fcsli Buchenegg \u00fcberzeugen: mit Tee \u00e0 discretion und einem Biberli.<br \/>\n<\/span><\/p>\n<h2>Albishaus: etwas versteckt, aber wunderbar gelegen<\/h2>\n<p><span style=\"font-family: Book Antiqua, Palatino; font-size: 12pt;\">Die Buchenegg selbst bietet gleich zwei Einkehrm\u00f6glichkeiten: das Restaurant <a href=\"http:\/\/www.buchenegg.ch\/\" target=\"_blank\" rel=\"noopener noreferrer\">Buchenegg<\/a> und das <a href=\"http:\/\/www.8143.ch\/\" target=\"_blank\" rel=\"noopener noreferrer\">Chnuschper-H\u00fcsli<\/a>. Unser Ziel f\u00fcr diesmal ist aber das <a href=\"http:\/\/www.albishaus.ch\/\" target=\"_blank\" rel=\"noopener noreferrer\">Albishaus<\/a>, eine wunderbar gelegene Gastst\u00e4tte mit Blick zum Zugersee und in die Alpen. Das Haus steht seit fast 100 Jahren und wurde damals von einem Naturfreundeverein gegr\u00fcndet. <\/span><\/p>\n<h2>Albisblumen: Selberpfl\u00fccken ist in<\/h2>\n<p><span style=\"font-family: Book Antiqua, Palatino; font-size: 12pt;\">Was zudem f\u00fcr das Albishaus spricht: Es ist keine f\u00fcnf Minuten vom neuen Blumenfeld zum Selberpfl\u00fccken auf dem Albis entfernt. <a href=\"https:\/\/www.facebook.com\/albisblumen.ch\/\" target=\"_blank\" rel=\"noopener noreferrer\">Albisblumen<\/a> wird dieses Jahr ganz neu von Kathrin Winzeler betrieben: Hier dreht sich alles um saisonale und regionale Blumen. Tipp: etwas Zeit einberechnen, sich einen sch\u00f6nen Strauss schneiden und dann gleich vor Ort ins Postauto steigen. <\/span><span style=\"font-family: Book Antiqua, Palatino; font-size: 12pt;\">So haben wir es getan und im Postauto interessierte und bewundernde Blicke f\u00fcr unsere Naturstr\u00e4usse erhalten.&nbsp; <\/span><\/p>\n<p><span style=\"font-family: Book Antiqua, Palatino; font-size: 12pt;\">Alles in allem: ein gelungener, abwechslungsreicher Ausflug, der beliebig verl\u00e4ngert und verk\u00fcrzt werden kann. <\/span><\/p>\n<p>&nbsp;<\/p>\n<p>&nbsp;<\/p>\n<p>&nbsp;<\/p>\n<p>&nbsp;<\/p>\n<p>&nbsp;<\/p>\n<p>&nbsp;<\/p>\n","protected":false},"excerpt":{"rendered":"<p>Auf dem Albisgrat unterwegs zu sein, ist immer ein Vergn\u00fcgen. Jetzt gibt es einen Grund mehr, auf den Albispass zu wandern: ein neues Blumenfeld zum [&#8230;]<\/p>\n","protected":false},"author":1,"featured_media":2707,"comment_status":"open","ping_status":"open","sticky":false,"template":"","format":"standard","meta":{"footnotes":""},"categories":[8],"tags":[46,352,355,354,83,45,353],"class_list":["post-2678","post","type-post","status-publish","format-standard","has-post-thumbnail","hentry","category-tipp","tag-albis","tag-albisblumen","tag-albishaus","tag-buchenegg","tag-felsenegg","tag-fruehling","tag-teehuesli"],"yoast_head":"<!-- This site is optimized with the Yoast SEO plugin v27.8 - https:\/\/yoast.com\/product\/yoast-seo-wordpress\/ -->\n<title>Mit einem Strauss Albisblumen nach Hause kommen &#8211; Reiseblock<\/title>\n<meta name=\"description\" content=\"Wer eine kleine Wanderung auf dem Albis von der Felsenegg auf mit dem Selberpfl\u00fccken von Albisblumen verkn\u00fcpft, findet den perfekten Ausflug.\" \/>\n<meta name=\"robots\" content=\"index, follow, max-snippet:-1, max-image-preview:large, max-video-preview:-1\" \/>\n<link rel=\"canonical\" href=\"https:\/\/reiseblock.ch\/wordpress\/mit-einem-schoenen-blumenstrauss-nach-hause\/\" \/>\n<meta property=\"og:locale\" content=\"de_DE\" \/>\n<meta property=\"og:type\" content=\"article\" \/>\n<meta property=\"og:title\" content=\"Mit einem Strauss Albisblumen nach Hause kommen &#8211; Reiseblock\" \/>\n<meta property=\"og:description\" content=\"Wer eine kleine Wanderung auf dem Albis von der Felsenegg auf mit dem Selberpfl\u00fccken von Albisblumen verkn\u00fcpft, findet den perfekten Ausflug.\" \/>\n<meta property=\"og:url\" content=\"https:\/\/reiseblock.ch\/wordpress\/mit-einem-schoenen-blumenstrauss-nach-hause\/\" \/>\n<meta property=\"og:site_name\" content=\"Reiseblock\" \/>\n<meta property=\"article:published_time\" content=\"2018-06-26T21:10:05+00:00\" \/>\n<meta property=\"article:modified_time\" content=\"2019-03-31T20:22:37+00:00\" \/>\n<meta property=\"og:image\" content=\"https:\/\/reiseblock.ch\/wordpress\/wp-content\/uploads\/2018\/06\/albisblumen_neu_3.jpg\" \/>\n\t<meta property=\"og:image:width\" content=\"1013\" \/>\n\t<meta property=\"og:image:height\" content=\"675\" \/>\n\t<meta property=\"og:image:type\" content=\"image\/jpeg\" \/>\n<meta name=\"author\" content=\"admin\" \/>\n<meta name=\"twitter:label1\" content=\"Verfasst von\" \/>\n\t<meta name=\"twitter:data1\" content=\"admin\" \/>\n\t<meta name=\"twitter:label2\" content=\"Gesch\u00e4tzte Lesezeit\" \/>\n\t<meta name=\"twitter:data2\" content=\"1\u00a0Minute\" \/>\n<script type=\"application\/ld+json\" class=\"yoast-schema-graph\">{\"@context\":\"https:\\\/\\\/schema.org\",\"@graph\":[{\"@type\":\"Article\",\"@id\":\"https:\\\/\\\/reiseblock.ch\\\/wordpress\\\/mit-einem-schoenen-blumenstrauss-nach-hause\\\/#article\",\"isPartOf\":{\"@id\":\"https:\\\/\\\/reiseblock.ch\\\/wordpress\\\/mit-einem-schoenen-blumenstrauss-nach-hause\\\/\"},\"author\":{\"name\":\"admin\",\"@id\":\"https:\\\/\\\/reiseblock.ch\\\/wordpress\\\/#\\\/schema\\\/person\\\/739b103f8e7941f579794d17e2187721\"},\"headline\":\"Mit einem Strauss Albisblumen nach Hause kommen\",\"datePublished\":\"2018-06-26T21:10:05+00:00\",\"dateModified\":\"2019-03-31T20:22:37+00:00\",\"mainEntityOfPage\":{\"@id\":\"https:\\\/\\\/reiseblock.ch\\\/wordpress\\\/mit-einem-schoenen-blumenstrauss-nach-hause\\\/\"},\"wordCount\":301,\"commentCount\":0,\"publisher\":{\"@id\":\"https:\\\/\\\/reiseblock.ch\\\/wordpress\\\/#\\\/schema\\\/person\\\/eafba14374f16d5fa4f73efd49243014\"},\"image\":{\"@id\":\"https:\\\/\\\/reiseblock.ch\\\/wordpress\\\/mit-einem-schoenen-blumenstrauss-nach-hause\\\/#primaryimage\"},\"thumbnailUrl\":\"https:\\\/\\\/reiseblock.ch\\\/wordpress\\\/wp-content\\\/uploads\\\/2018\\\/06\\\/albisblumen_neu_3.jpg\",\"keywords\":[\"Albis\",\"Albisblumen\",\"Albishaus\",\"Buchenegg\",\"Felsenegg\",\"Fr\u00fchling\",\"Teeh\u00fcsli\"],\"articleSection\":[\"Tipp\"],\"inLanguage\":\"de\",\"potentialAction\":[{\"@type\":\"CommentAction\",\"name\":\"Comment\",\"target\":[\"https:\\\/\\\/reiseblock.ch\\\/wordpress\\\/mit-einem-schoenen-blumenstrauss-nach-hause\\\/#respond\"]}]},{\"@type\":\"WebPage\",\"@id\":\"https:\\\/\\\/reiseblock.ch\\\/wordpress\\\/mit-einem-schoenen-blumenstrauss-nach-hause\\\/\",\"url\":\"https:\\\/\\\/reiseblock.ch\\\/wordpress\\\/mit-einem-schoenen-blumenstrauss-nach-hause\\\/\",\"name\":\"Mit einem Strauss Albisblumen nach Hause kommen &#8211; Reiseblock\",\"isPartOf\":{\"@id\":\"https:\\\/\\\/reiseblock.ch\\\/wordpress\\\/#website\"},\"primaryImageOfPage\":{\"@id\":\"https:\\\/\\\/reiseblock.ch\\\/wordpress\\\/mit-einem-schoenen-blumenstrauss-nach-hause\\\/#primaryimage\"},\"image\":{\"@id\":\"https:\\\/\\\/reiseblock.ch\\\/wordpress\\\/mit-einem-schoenen-blumenstrauss-nach-hause\\\/#primaryimage\"},\"thumbnailUrl\":\"https:\\\/\\\/reiseblock.ch\\\/wordpress\\\/wp-content\\\/uploads\\\/2018\\\/06\\\/albisblumen_neu_3.jpg\",\"datePublished\":\"2018-06-26T21:10:05+00:00\",\"dateModified\":\"2019-03-31T20:22:37+00:00\",\"description\":\"Wer eine kleine Wanderung auf dem Albis von der Felsenegg auf mit dem Selberpfl\u00fccken von Albisblumen verkn\u00fcpft, findet den perfekten Ausflug.\",\"breadcrumb\":{\"@id\":\"https:\\\/\\\/reiseblock.ch\\\/wordpress\\\/mit-einem-schoenen-blumenstrauss-nach-hause\\\/#breadcrumb\"},\"inLanguage\":\"de\",\"potentialAction\":[{\"@type\":\"ReadAction\",\"target\":[\"https:\\\/\\\/reiseblock.ch\\\/wordpress\\\/mit-einem-schoenen-blumenstrauss-nach-hause\\\/\"]}]},{\"@type\":\"ImageObject\",\"inLanguage\":\"de\",\"@id\":\"https:\\\/\\\/reiseblock.ch\\\/wordpress\\\/mit-einem-schoenen-blumenstrauss-nach-hause\\\/#primaryimage\",\"url\":\"https:\\\/\\\/reiseblock.ch\\\/wordpress\\\/wp-content\\\/uploads\\\/2018\\\/06\\\/albisblumen_neu_3.jpg\",\"contentUrl\":\"https:\\\/\\\/reiseblock.ch\\\/wordpress\\\/wp-content\\\/uploads\\\/2018\\\/06\\\/albisblumen_neu_3.jpg\",\"width\":\"1013\",\"height\":\"675\",\"caption\":\"Saisonale ...\"},{\"@type\":\"BreadcrumbList\",\"@id\":\"https:\\\/\\\/reiseblock.ch\\\/wordpress\\\/mit-einem-schoenen-blumenstrauss-nach-hause\\\/#breadcrumb\",\"itemListElement\":[{\"@type\":\"ListItem\",\"position\":1,\"name\":\"Home\",\"item\":\"https:\\\/\\\/reiseblock.ch\\\/wordpress\\\/\"},{\"@type\":\"ListItem\",\"position\":2,\"name\":\"Mit einem Strauss Albisblumen nach Hause kommen\"}]},{\"@type\":\"WebSite\",\"@id\":\"https:\\\/\\\/reiseblock.ch\\\/wordpress\\\/#website\",\"url\":\"https:\\\/\\\/reiseblock.ch\\\/wordpress\\\/\",\"name\":\"Reiseblock\",\"description\":\"Ursula Kohlers ReiseWeise\",\"publisher\":{\"@id\":\"https:\\\/\\\/reiseblock.ch\\\/wordpress\\\/#\\\/schema\\\/person\\\/eafba14374f16d5fa4f73efd49243014\"},\"potentialAction\":[{\"@type\":\"SearchAction\",\"target\":{\"@type\":\"EntryPoint\",\"urlTemplate\":\"https:\\\/\\\/reiseblock.ch\\\/wordpress\\\/?s={search_term_string}\"},\"query-input\":{\"@type\":\"PropertyValueSpecification\",\"valueRequired\":true,\"valueName\":\"search_term_string\"}}],\"inLanguage\":\"de\"},{\"@type\":[\"Person\",\"Organization\"],\"@id\":\"https:\\\/\\\/reiseblock.ch\\\/wordpress\\\/#\\\/schema\\\/person\\\/eafba14374f16d5fa4f73efd49243014\",\"name\":\"Ursula Kohler\",\"image\":{\"@type\":\"ImageObject\",\"inLanguage\":\"de\",\"@id\":\"https:\\\/\\\/secure.gravatar.com\\\/avatar\\\/014d9b9a971f617638f4298cbb55f92d20b3bf0d1c9cc32f65333b2769bcf867?s=96&d=blank&r=g\",\"url\":\"https:\\\/\\\/secure.gravatar.com\\\/avatar\\\/014d9b9a971f617638f4298cbb55f92d20b3bf0d1c9cc32f65333b2769bcf867?s=96&d=blank&r=g\",\"contentUrl\":\"https:\\\/\\\/secure.gravatar.com\\\/avatar\\\/014d9b9a971f617638f4298cbb55f92d20b3bf0d1c9cc32f65333b2769bcf867?s=96&d=blank&r=g\",\"caption\":\"Ursula Kohler\"},\"logo\":{\"@id\":\"https:\\\/\\\/secure.gravatar.com\\\/avatar\\\/014d9b9a971f617638f4298cbb55f92d20b3bf0d1c9cc32f65333b2769bcf867?s=96&d=blank&r=g\"}},{\"@type\":\"Person\",\"@id\":\"https:\\\/\\\/reiseblock.ch\\\/wordpress\\\/#\\\/schema\\\/person\\\/739b103f8e7941f579794d17e2187721\",\"name\":\"admin\",\"image\":{\"@type\":\"ImageObject\",\"inLanguage\":\"de\",\"@id\":\"https:\\\/\\\/secure.gravatar.com\\\/avatar\\\/a0f702f22ecd58ce02800a54cb2055cabe1fa8d7cf75ab377ce2f2b8503f188c?s=96&d=blank&r=g\",\"url\":\"https:\\\/\\\/secure.gravatar.com\\\/avatar\\\/a0f702f22ecd58ce02800a54cb2055cabe1fa8d7cf75ab377ce2f2b8503f188c?s=96&d=blank&r=g\",\"contentUrl\":\"https:\\\/\\\/secure.gravatar.com\\\/avatar\\\/a0f702f22ecd58ce02800a54cb2055cabe1fa8d7cf75ab377ce2f2b8503f188c?s=96&d=blank&r=g\",\"caption\":\"admin\"},\"url\":\"https:\\\/\\\/reiseblock.ch\\\/wordpress\\\/author\\\/admin\\\/\"}]}<\/script>\n<!-- \/ Yoast SEO plugin. -->","yoast_head_json":{"title":"Mit einem Strauss Albisblumen nach Hause kommen &#8211; Reiseblock","description":"Wer eine kleine Wanderung auf dem Albis von der Felsenegg auf mit dem Selberpfl\u00fccken von Albisblumen verkn\u00fcpft, findet den perfekten Ausflug.","robots":{"index":"index","follow":"follow","max-snippet":"max-snippet:-1","max-image-preview":"max-image-preview:large","max-video-preview":"max-video-preview:-1"},"canonical":"https:\/\/reiseblock.ch\/wordpress\/mit-einem-schoenen-blumenstrauss-nach-hause\/","og_locale":"de_DE","og_type":"article","og_title":"Mit einem Strauss Albisblumen nach Hause kommen &#8211; Reiseblock","og_description":"Wer eine kleine Wanderung auf dem Albis von der Felsenegg auf mit dem Selberpfl\u00fccken von Albisblumen verkn\u00fcpft, findet den perfekten Ausflug.","og_url":"https:\/\/reiseblock.ch\/wordpress\/mit-einem-schoenen-blumenstrauss-nach-hause\/","og_site_name":"Reiseblock","article_published_time":"2018-06-26T21:10:05+00:00","article_modified_time":"2019-03-31T20:22:37+00:00","og_image":[{"width":1013,"height":675,"url":"https:\/\/reiseblock.ch\/wordpress\/wp-content\/uploads\/2018\/06\/albisblumen_neu_3.jpg","type":"image\/jpeg"}],"author":"admin","twitter_misc":{"Verfasst von":"admin","Gesch\u00e4tzte Lesezeit":"1\u00a0Minute"},"schema":{"@context":"https:\/\/schema.org","@graph":[{"@type":"Article","@id":"https:\/\/reiseblock.ch\/wordpress\/mit-einem-schoenen-blumenstrauss-nach-hause\/#article","isPartOf":{"@id":"https:\/\/reiseblock.ch\/wordpress\/mit-einem-schoenen-blumenstrauss-nach-hause\/"},"author":{"name":"admin","@id":"https:\/\/reiseblock.ch\/wordpress\/#\/schema\/person\/739b103f8e7941f579794d17e2187721"},"headline":"Mit einem Strauss Albisblumen nach Hause kommen","datePublished":"2018-06-26T21:10:05+00:00","dateModified":"2019-03-31T20:22:37+00:00","mainEntityOfPage":{"@id":"https:\/\/reiseblock.ch\/wordpress\/mit-einem-schoenen-blumenstrauss-nach-hause\/"},"wordCount":301,"commentCount":0,"publisher":{"@id":"https:\/\/reiseblock.ch\/wordpress\/#\/schema\/person\/eafba14374f16d5fa4f73efd49243014"},"image":{"@id":"https:\/\/reiseblock.ch\/wordpress\/mit-einem-schoenen-blumenstrauss-nach-hause\/#primaryimage"},"thumbnailUrl":"https:\/\/reiseblock.ch\/wordpress\/wp-content\/uploads\/2018\/06\/albisblumen_neu_3.jpg","keywords":["Albis","Albisblumen","Albishaus","Buchenegg","Felsenegg","Fr\u00fchling","Teeh\u00fcsli"],"articleSection":["Tipp"],"inLanguage":"de","potentialAction":[{"@type":"CommentAction","name":"Comment","target":["https:\/\/reiseblock.ch\/wordpress\/mit-einem-schoenen-blumenstrauss-nach-hause\/#respond"]}]},{"@type":"WebPage","@id":"https:\/\/reiseblock.ch\/wordpress\/mit-einem-schoenen-blumenstrauss-nach-hause\/","url":"https:\/\/reiseblock.ch\/wordpress\/mit-einem-schoenen-blumenstrauss-nach-hause\/","name":"Mit einem Strauss Albisblumen nach Hause kommen &#8211; Reiseblock","isPartOf":{"@id":"https:\/\/reiseblock.ch\/wordpress\/#website"},"primaryImageOfPage":{"@id":"https:\/\/reiseblock.ch\/wordpress\/mit-einem-schoenen-blumenstrauss-nach-hause\/#primaryimage"},"image":{"@id":"https:\/\/reiseblock.ch\/wordpress\/mit-einem-schoenen-blumenstrauss-nach-hause\/#primaryimage"},"thumbnailUrl":"https:\/\/reiseblock.ch\/wordpress\/wp-content\/uploads\/2018\/06\/albisblumen_neu_3.jpg","datePublished":"2018-06-26T21:10:05+00:00","dateModified":"2019-03-31T20:22:37+00:00","description":"Wer eine kleine Wanderung auf dem Albis von der Felsenegg auf mit dem Selberpfl\u00fccken von Albisblumen verkn\u00fcpft, findet den perfekten Ausflug.","breadcrumb":{"@id":"https:\/\/reiseblock.ch\/wordpress\/mit-einem-schoenen-blumenstrauss-nach-hause\/#breadcrumb"},"inLanguage":"de","potentialAction":[{"@type":"ReadAction","target":["https:\/\/reiseblock.ch\/wordpress\/mit-einem-schoenen-blumenstrauss-nach-hause\/"]}]},{"@type":"ImageObject","inLanguage":"de","@id":"https:\/\/reiseblock.ch\/wordpress\/mit-einem-schoenen-blumenstrauss-nach-hause\/#primaryimage","url":"https:\/\/reiseblock.ch\/wordpress\/wp-content\/uploads\/2018\/06\/albisblumen_neu_3.jpg","contentUrl":"https:\/\/reiseblock.ch\/wordpress\/wp-content\/uploads\/2018\/06\/albisblumen_neu_3.jpg","width":"1013","height":"675","caption":"Saisonale ..."},{"@type":"BreadcrumbList","@id":"https:\/\/reiseblock.ch\/wordpress\/mit-einem-schoenen-blumenstrauss-nach-hause\/#breadcrumb","itemListElement":[{"@type":"ListItem","position":1,"name":"Home","item":"https:\/\/reiseblock.ch\/wordpress\/"},{"@type":"ListItem","position":2,"name":"Mit einem Strauss Albisblumen nach Hause kommen"}]},{"@type":"WebSite","@id":"https:\/\/reiseblock.ch\/wordpress\/#website","url":"https:\/\/reiseblock.ch\/wordpress\/","name":"Reiseblock","description":"Ursula Kohlers ReiseWeise","publisher":{"@id":"https:\/\/reiseblock.ch\/wordpress\/#\/schema\/person\/eafba14374f16d5fa4f73efd49243014"},"potentialAction":[{"@type":"SearchAction","target":{"@type":"EntryPoint","urlTemplate":"https:\/\/reiseblock.ch\/wordpress\/?s={search_term_string}"},"query-input":{"@type":"PropertyValueSpecification","valueRequired":true,"valueName":"search_term_string"}}],"inLanguage":"de"},{"@type":["Person","Organization"],"@id":"https:\/\/reiseblock.ch\/wordpress\/#\/schema\/person\/eafba14374f16d5fa4f73efd49243014","name":"Ursula Kohler","image":{"@type":"ImageObject","inLanguage":"de","@id":"https:\/\/secure.gravatar.com\/avatar\/014d9b9a971f617638f4298cbb55f92d20b3bf0d1c9cc32f65333b2769bcf867?s=96&d=blank&r=g","url":"https:\/\/secure.gravatar.com\/avatar\/014d9b9a971f617638f4298cbb55f92d20b3bf0d1c9cc32f65333b2769bcf867?s=96&d=blank&r=g","contentUrl":"https:\/\/secure.gravatar.com\/avatar\/014d9b9a971f617638f4298cbb55f92d20b3bf0d1c9cc32f65333b2769bcf867?s=96&d=blank&r=g","caption":"Ursula Kohler"},"logo":{"@id":"https:\/\/secure.gravatar.com\/avatar\/014d9b9a971f617638f4298cbb55f92d20b3bf0d1c9cc32f65333b2769bcf867?s=96&d=blank&r=g"}},{"@type":"Person","@id":"https:\/\/reiseblock.ch\/wordpress\/#\/schema\/person\/739b103f8e7941f579794d17e2187721","name":"admin","image":{"@type":"ImageObject","inLanguage":"de","@id":"https:\/\/secure.gravatar.com\/avatar\/a0f702f22ecd58ce02800a54cb2055cabe1fa8d7cf75ab377ce2f2b8503f188c?s=96&d=blank&r=g","url":"https:\/\/secure.gravatar.com\/avatar\/a0f702f22ecd58ce02800a54cb2055cabe1fa8d7cf75ab377ce2f2b8503f188c?s=96&d=blank&r=g","contentUrl":"https:\/\/secure.gravatar.com\/avatar\/a0f702f22ecd58ce02800a54cb2055cabe1fa8d7cf75ab377ce2f2b8503f188c?s=96&d=blank&r=g","caption":"admin"},"url":"https:\/\/reiseblock.ch\/wordpress\/author\/admin\/"}]}},"_links":{"self":[{"href":"https:\/\/reiseblock.ch\/wordpress\/wp-json\/wp\/v2\/posts\/2678","targetHints":{"allow":["GET"]}}],"collection":[{"href":"https:\/\/reiseblock.ch\/wordpress\/wp-json\/wp\/v2\/posts"}],"about":[{"href":"https:\/\/reiseblock.ch\/wordpress\/wp-json\/wp\/v2\/types\/post"}],"author":[{"embeddable":true,"href":"https:\/\/reiseblock.ch\/wordpress\/wp-json\/wp\/v2\/users\/1"}],"replies":[{"embeddable":true,"href":"https:\/\/reiseblock.ch\/wordpress\/wp-json\/wp\/v2\/comments?post=2678"}],"version-history":[{"count":21,"href":"https:\/\/reiseblock.ch\/wordpress\/wp-json\/wp\/v2\/posts\/2678\/revisions"}],"predecessor-version":[{"id":2990,"href":"https:\/\/reiseblock.ch\/wordpress\/wp-json\/wp\/v2\/posts\/2678\/revisions\/2990"}],"wp:featuredmedia":[{"embeddable":true,"href":"https:\/\/reiseblock.ch\/wordpress\/wp-json\/wp\/v2\/media\/2707"}],"wp:attachment":[{"href":"https:\/\/reiseblock.ch\/wordpress\/wp-json\/wp\/v2\/media?parent=2678"}],"wp:term":[{"taxonomy":"category","embeddable":true,"href":"https:\/\/reiseblock.ch\/wordpress\/wp-json\/wp\/v2\/categories?post=2678"},{"taxonomy":"post_tag","embeddable":true,"href":"https:\/\/reiseblock.ch\/wordpress\/wp-json\/wp\/v2\/tags?post=2678"}],"curies":[{"name":"wp","href":"https:\/\/api.w.org\/{rel}","templated":true}]}}