{"id":2565,"date":"2018-05-11T10:57:47","date_gmt":"2018-05-11T08:57:47","guid":{"rendered":"http:\/\/reiseblock.ch\/?p=2565"},"modified":"2018-05-11T11:48:15","modified_gmt":"2018-05-11T09:48:15","slug":"mit-der-luftseilbahn-ins-glueck","status":"publish","type":"post","link":"https:\/\/reiseblock.ch\/wordpress\/mit-der-luftseilbahn-ins-glueck\/","title":{"rendered":"Mit der Luftseilbahn ins Gl\u00fcck"},"content":{"rendered":"<p><span style=\"font-size: 14pt;\"><em><span style=\"font-family: Book\\ Antiqua, Palatino;\">In der Villa Patumbah des Schweizer Heimatschutzes gibts dieses Jahr eine Ausstellung zu sehen, bei der sich alles um Gondeln in der Luft dreht. Egal ob man Seilbahnfahren liebt oder nur schon beim Gedanke daran G\u00e4nsehaut kriegt, die Ausstellung hat es in sich.<\/span><\/em><\/span><\/p>\n<p><!--more--><\/p>\n<p>&nbsp;<\/p>\n<div class=\"n2-code n2-ss-slider-shortcode-id\"><div id=\"metaslider-id-2583\" style=\"max-width: 700px;\" class=\"ml-slider-3-109-0 metaslider metaslider-responsive metaslider-2583 ml-slider ms-theme-default\" role=\"region\" aria-label=\"New Slideshow\" data-height=\"400\" data-width=\"700\">\n    <div id=\"metaslider_container_2583\">\n        <ul id='metaslider_2583' class='rslides'>\n            <li aria-roledescription='slide' aria-labelledby='slide-0'><img loading=\"lazy\" decoding=\"async\" src=\"https:\/\/reiseblock.ch\/wordpress\/wp-content\/uploads\/2018\/05\/Villa-700x400.jpg\" height=\"400\" width=\"700\" alt=\"\" class=\"slider-2583 slide-2584 msDefaultImage\" title=\"Villa\" \/><div class=\"caption-wrap\"><div class=\"caption\">Nicht nur die Villa Patumbah ist wundersch\u00f6n, sondern auch der Garten.<\/div><\/div><\/li>\n            <li style='display: none;' aria-roledescription='slide' aria-labelledby='slide-1'><img loading=\"lazy\" decoding=\"async\" src=\"https:\/\/reiseblock.ch\/wordpress\/wp-content\/uploads\/2018\/05\/Seilbahn-700x400.jpg\" height=\"400\" width=\"700\" alt=\"\" class=\"slider-2583 slide-2585 msDefaultImage\" title=\"Seilbahn\" \/><div class=\"caption-wrap\"><div class=\"caption\">Wer w\u00fcrde gerne in diese Seilbahn steigen? Oder vielleicht doch lieber nur anschauen.<\/div><\/div><\/li>\n            <li style='display: none;' aria-roledescription='slide' aria-labelledby='slide-2'><img loading=\"lazy\" decoding=\"async\" src=\"https:\/\/reiseblock.ch\/wordpress\/wp-content\/uploads\/2018\/05\/Schloss-700x400.jpg\" height=\"400\" width=\"700\" alt=\"\" class=\"slider-2583 slide-2586 msDefaultImage\" title=\"Schloss\" \/><div class=\"caption-wrap\"><div class=\"caption\">Viele T\u00fcrschl\u00f6sser zur Auswahl \u2013 und jedes meint man zu kennen.<\/div><\/div><\/li>\n            <li style='display: none;' aria-roledescription='slide' aria-labelledby='slide-3'><img loading=\"lazy\" decoding=\"async\" src=\"https:\/\/reiseblock.ch\/wordpress\/wp-content\/uploads\/2018\/05\/Pavillon-700x400.jpg\" height=\"400\" width=\"700\" alt=\"\" class=\"slider-2583 slide-2587 msDefaultImage\" title=\"Pavillon\" \/><div class=\"caption-wrap\"><div class=\"caption\">Auf verschiedenen Wegen gelangt man zum Pavillon im Garten.<\/div><\/div><\/li>\n            <li style='display: none;' aria-roledescription='slide' aria-labelledby='slide-4'><img loading=\"lazy\" decoding=\"async\" src=\"https:\/\/reiseblock.ch\/wordpress\/wp-content\/uploads\/2018\/05\/Modell-700x400.jpg\" height=\"400\" width=\"700\" alt=\"\" class=\"slider-2583 slide-2588 msDefaultImage\" title=\"Modell\" \/><div class=\"caption-wrap\"><div class=\"caption\">Umlauf- oder Pendelbetrieb? Das Modell machts sichtbar.<\/div><\/div><\/li>\n            <li style='display: none;' aria-roledescription='slide' aria-labelledby='slide-5'><img loading=\"lazy\" decoding=\"async\" src=\"https:\/\/reiseblock.ch\/wordpress\/wp-content\/uploads\/2018\/05\/Eingang-700x400.jpg\" height=\"400\" width=\"700\" alt=\"\" class=\"slider-2583 slide-2589 msDefaultImage\" title=\"Eingang\" \/><div class=\"caption-wrap\"><div class=\"caption\">Jedes Detail am Haus wurde aufwendig gestaltet.<\/div><\/div><\/li>\n            <li style='display: none;' aria-roledescription='slide' aria-labelledby='slide-6'><img loading=\"lazy\" decoding=\"async\" src=\"https:\/\/reiseblock.ch\/wordpress\/wp-content\/uploads\/2018\/05\/Eingang_1-700x400.jpg\" height=\"400\" width=\"700\" alt=\"\" class=\"slider-2583 slide-2590 msDefaultImage\" title=\"Eingang_1\" \/><div class=\"caption-wrap\"><div class=\"caption\">Dass man am richtigen Ort ist, sieht man an den Plakaten im Eingangsbereich.<\/div><\/div><\/li>\n        <\/ul>\n        \n    <\/div>\n<\/div><\/div>\n<div><\/div>\n<p>&nbsp;<\/p>\n<p><span style=\"font-size: 12pt; font-family: Book\\ Antiqua, Palatino;\">Wenn Sie mit einer Luftseilbahn fahren \u2013 \u00fcberlegen Sie sich dann, ob Sie sich auf einer Pendel- oder Umlaufbahn befinden, oder gar, ob Sie mit einem F\u00f6rder-, Trag- oder Zugseil bewegt werden? Nach der Ausstellung \u00abLuft Seil Bahn Gl\u00fcck\u00bb in der Villa Patumbah in Z\u00fcrich werden Sie bei der n\u00e4chsten Fahrt einen Blick auf die Seile werfen.<br \/>\n<\/span><\/p>\n<p><span style=\"font-family: Book\\ Antiqua, Palatino; font-size: 12pt;\">F\u00fcr mich war es der erste Besuch in der traumhaft sch\u00f6nen Villa, drinnen wie draussen, auch wenn der Regen den Parkbesuch kurz werden liess. Auch wenn ich mir die Seilbahnausstellung einen Tick moderner h\u00e4tte vorstellen k\u00f6nnen, ist der Besuch f\u00fcr alle Altersstufen lohnenswert.<br \/>\n<\/span><\/p>\n<h2><span style=\"font-family: Book\\ Antiqua, Palatino;\">Nostalgie Sesselbahn Weissenstein<\/span><\/h2>\n<p><span style=\"font-family: Book\\ Antiqua, Palatino; font-size: 12pt;\">In der Schweiz gibt es \u00fcber 100 historische Seilbahnen, die zum Grossteil noch in Betrieb sind, zum Teil aber auch in ihrer Existenz gef\u00e4hrdet oder stillgelegt sind. So wie die Bahn auf den Weissenstein. Im November 2009 fuhr die Sesselbahn mit den seitw\u00e4rts angelegten Sitzen zum letzten Mal. Dieser Seilbahntyp wurde so gebaut, um den G\u00e4sten die bestm\u00f6gliche Aussicht zu bieten \u2013 so mein neu gewonnenes Wissen nach der Ausstellung.<\/span><\/p>\n<p><span style=\"font-family: Book\\ Antiqua, Palatino; font-size: 12pt;\">Die Seilbahnausstellung ist \u00fcbersichtlich und bietet genug Zeit, um die permanente Ausstellung zu besichtigen. Hier kann man sich zum Heimatschutz, zu Raumplanung, Baudenkm\u00e4lern und \u2013 ganz speziell \u2013 zu T\u00fcrgriffen informieren. Letztere Ausstellung ist \u00fcbrigens ganz witzig. Mir schien, als ob ich jeden Griff schon mal irgendwo benutzt h\u00e4tte.<\/span><\/p>\n<h2><span style=\"font-family: Book\\ Antiqua, Palatino;\">Ausstellungstrilogie Z\u00fcrich \u2013 Stans \u2013 Flims<\/span><\/h2>\n<p><span style=\"font-family: Book\\ Antiqua, Palatino; font-size: 12pt;\">Wer noch mehr zu Seilbahnen wissen m\u00f6chte: Bei der Ausstellung handelt es sich um eine Trilogie: Das Salzmagazin Stans stellt zu Kleinseilbahnen und Transportschiffchen aus. Das Gelbe Haus in Flims widmet sich Gondeltr\u00e4umen und Aussichten. Um diese zu geniessen, macht man sich am besten zu einer Sesselbahnfahrt in natura auf.<\/span><\/p>\n<h2><span style=\"font-family: Book\\ Antiqua, Palatino;\">Weitere Info<\/span><\/h2>\n<p><span style=\"font-family: Book\\ Antiqua, Palatino; font-size: 12pt;\">Heimatschutzzentrum in der Villa Patumbah, Zollikerstrasse 128, 8008 Z\u00fcrich, <a href=\"http:\/\/www.heimatschutzzentrum.ch\" target=\"_blank\" rel=\"noopener\">www.heimatschutzzentrum.ch<\/a>, die Ausstellung dauert bis Ende Oktober 2018.<\/span><\/p>\n<p>&nbsp;<\/p>\n<p>&nbsp;<\/p>\n<p>&nbsp;<\/p>\n","protected":false},"excerpt":{"rendered":"<p>In der Villa Patumbah des Schweizer Heimatschutzes gibts dieses Jahr eine Ausstellung zu sehen, bei der sich alles um Gondeln in der Luft dreht. Egal [&#8230;]<\/p>\n","protected":false},"author":1,"featured_media":2574,"comment_status":"open","ping_status":"open","sticky":false,"template":"","format":"standard","meta":{"footnotes":""},"categories":[8],"tags":[],"class_list":["post-2565","post","type-post","status-publish","format-standard","has-post-thumbnail","hentry","category-tipp"],"yoast_head":"<!-- This site is optimized with the Yoast SEO plugin v27.8 - https:\/\/yoast.com\/product\/yoast-seo-wordpress\/ -->\n<title>Mit der Luftseilbahn ins Gl\u00fcck &#8211; Reiseblock<\/title>\n<meta name=\"description\" content=\"In der Villa Patumbah in Z\u00fcrich stellt der Heimatschutz zurzeit zum Thema Luftseilbahn aus. Wer noch hier war, sollte dies zum Anlass nehmen, den wundersch\u00f6nen Ort zu besuchen.\" \/>\n<meta name=\"robots\" content=\"index, follow, max-snippet:-1, max-image-preview:large, max-video-preview:-1\" \/>\n<link rel=\"canonical\" href=\"https:\/\/reiseblock.ch\/wordpress\/mit-der-luftseilbahn-ins-glueck\/\" \/>\n<meta property=\"og:locale\" content=\"de_DE\" \/>\n<meta property=\"og:type\" content=\"article\" \/>\n<meta property=\"og:title\" content=\"Mit der Luftseilbahn ins Gl\u00fcck &#8211; Reiseblock\" \/>\n<meta property=\"og:description\" content=\"In der Villa Patumbah in Z\u00fcrich stellt der Heimatschutz zurzeit zum Thema Luftseilbahn aus. Wer noch hier war, sollte dies zum Anlass nehmen, den wundersch\u00f6nen Ort zu besuchen.\" \/>\n<meta property=\"og:url\" content=\"https:\/\/reiseblock.ch\/wordpress\/mit-der-luftseilbahn-ins-glueck\/\" \/>\n<meta property=\"og:site_name\" content=\"Reiseblock\" \/>\n<meta property=\"article:published_time\" content=\"2018-05-11T08:57:47+00:00\" \/>\n<meta property=\"article:modified_time\" content=\"2018-05-11T09:48:15+00:00\" \/>\n<meta property=\"og:image\" content=\"https:\/\/reiseblock.ch\/wordpress\/wp-content\/uploads\/2018\/05\/Seilbahn.jpg\" \/>\n\t<meta property=\"og:image:width\" content=\"800\" \/>\n\t<meta property=\"og:image:height\" content=\"600\" \/>\n\t<meta property=\"og:image:type\" content=\"image\/jpeg\" \/>\n<meta name=\"author\" content=\"admin\" \/>\n<meta name=\"twitter:label1\" content=\"Verfasst von\" \/>\n\t<meta name=\"twitter:data1\" content=\"admin\" \/>\n\t<meta name=\"twitter:label2\" content=\"Gesch\u00e4tzte Lesezeit\" \/>\n\t<meta name=\"twitter:data2\" content=\"2\u00a0Minuten\" \/>\n<script type=\"application\/ld+json\" class=\"yoast-schema-graph\">{\"@context\":\"https:\\\/\\\/schema.org\",\"@graph\":[{\"@type\":\"Article\",\"@id\":\"https:\\\/\\\/reiseblock.ch\\\/wordpress\\\/mit-der-luftseilbahn-ins-glueck\\\/#article\",\"isPartOf\":{\"@id\":\"https:\\\/\\\/reiseblock.ch\\\/wordpress\\\/mit-der-luftseilbahn-ins-glueck\\\/\"},\"author\":{\"name\":\"admin\",\"@id\":\"https:\\\/\\\/reiseblock.ch\\\/wordpress\\\/#\\\/schema\\\/person\\\/739b103f8e7941f579794d17e2187721\"},\"headline\":\"Mit der Luftseilbahn ins Gl\u00fcck\",\"datePublished\":\"2018-05-11T08:57:47+00:00\",\"dateModified\":\"2018-05-11T09:48:15+00:00\",\"mainEntityOfPage\":{\"@id\":\"https:\\\/\\\/reiseblock.ch\\\/wordpress\\\/mit-der-luftseilbahn-ins-glueck\\\/\"},\"wordCount\":365,\"commentCount\":0,\"publisher\":{\"@id\":\"https:\\\/\\\/reiseblock.ch\\\/wordpress\\\/#\\\/schema\\\/person\\\/eafba14374f16d5fa4f73efd49243014\"},\"image\":{\"@id\":\"https:\\\/\\\/reiseblock.ch\\\/wordpress\\\/mit-der-luftseilbahn-ins-glueck\\\/#primaryimage\"},\"thumbnailUrl\":\"https:\\\/\\\/reiseblock.ch\\\/wordpress\\\/wp-content\\\/uploads\\\/2018\\\/05\\\/Seilbahn.jpg\",\"articleSection\":[\"Tipp\"],\"inLanguage\":\"de\",\"potentialAction\":[{\"@type\":\"CommentAction\",\"name\":\"Comment\",\"target\":[\"https:\\\/\\\/reiseblock.ch\\\/wordpress\\\/mit-der-luftseilbahn-ins-glueck\\\/#respond\"]}]},{\"@type\":\"WebPage\",\"@id\":\"https:\\\/\\\/reiseblock.ch\\\/wordpress\\\/mit-der-luftseilbahn-ins-glueck\\\/\",\"url\":\"https:\\\/\\\/reiseblock.ch\\\/wordpress\\\/mit-der-luftseilbahn-ins-glueck\\\/\",\"name\":\"Mit der Luftseilbahn ins Gl\u00fcck &#8211; Reiseblock\",\"isPartOf\":{\"@id\":\"https:\\\/\\\/reiseblock.ch\\\/wordpress\\\/#website\"},\"primaryImageOfPage\":{\"@id\":\"https:\\\/\\\/reiseblock.ch\\\/wordpress\\\/mit-der-luftseilbahn-ins-glueck\\\/#primaryimage\"},\"image\":{\"@id\":\"https:\\\/\\\/reiseblock.ch\\\/wordpress\\\/mit-der-luftseilbahn-ins-glueck\\\/#primaryimage\"},\"thumbnailUrl\":\"https:\\\/\\\/reiseblock.ch\\\/wordpress\\\/wp-content\\\/uploads\\\/2018\\\/05\\\/Seilbahn.jpg\",\"datePublished\":\"2018-05-11T08:57:47+00:00\",\"dateModified\":\"2018-05-11T09:48:15+00:00\",\"description\":\"In der Villa Patumbah in Z\u00fcrich stellt der Heimatschutz zurzeit zum Thema Luftseilbahn aus. Wer noch hier war, sollte dies zum Anlass nehmen, den wundersch\u00f6nen Ort zu besuchen.\",\"breadcrumb\":{\"@id\":\"https:\\\/\\\/reiseblock.ch\\\/wordpress\\\/mit-der-luftseilbahn-ins-glueck\\\/#breadcrumb\"},\"inLanguage\":\"de\",\"potentialAction\":[{\"@type\":\"ReadAction\",\"target\":[\"https:\\\/\\\/reiseblock.ch\\\/wordpress\\\/mit-der-luftseilbahn-ins-glueck\\\/\"]}]},{\"@type\":\"ImageObject\",\"inLanguage\":\"de\",\"@id\":\"https:\\\/\\\/reiseblock.ch\\\/wordpress\\\/mit-der-luftseilbahn-ins-glueck\\\/#primaryimage\",\"url\":\"https:\\\/\\\/reiseblock.ch\\\/wordpress\\\/wp-content\\\/uploads\\\/2018\\\/05\\\/Seilbahn.jpg\",\"contentUrl\":\"https:\\\/\\\/reiseblock.ch\\\/wordpress\\\/wp-content\\\/uploads\\\/2018\\\/05\\\/Seilbahn.jpg\",\"width\":\"800\",\"height\":\"600\",\"caption\":\"Wer w\u00fcrde gerne in diese Seilbahn steigen? Oder vielleicht doch lieber nur anschauen.\"},{\"@type\":\"BreadcrumbList\",\"@id\":\"https:\\\/\\\/reiseblock.ch\\\/wordpress\\\/mit-der-luftseilbahn-ins-glueck\\\/#breadcrumb\",\"itemListElement\":[{\"@type\":\"ListItem\",\"position\":1,\"name\":\"Home\",\"item\":\"https:\\\/\\\/reiseblock.ch\\\/wordpress\\\/\"},{\"@type\":\"ListItem\",\"position\":2,\"name\":\"Mit der Luftseilbahn ins Gl\u00fcck\"}]},{\"@type\":\"WebSite\",\"@id\":\"https:\\\/\\\/reiseblock.ch\\\/wordpress\\\/#website\",\"url\":\"https:\\\/\\\/reiseblock.ch\\\/wordpress\\\/\",\"name\":\"Reiseblock\",\"description\":\"Ursula Kohlers ReiseWeise\",\"publisher\":{\"@id\":\"https:\\\/\\\/reiseblock.ch\\\/wordpress\\\/#\\\/schema\\\/person\\\/eafba14374f16d5fa4f73efd49243014\"},\"potentialAction\":[{\"@type\":\"SearchAction\",\"target\":{\"@type\":\"EntryPoint\",\"urlTemplate\":\"https:\\\/\\\/reiseblock.ch\\\/wordpress\\\/?s={search_term_string}\"},\"query-input\":{\"@type\":\"PropertyValueSpecification\",\"valueRequired\":true,\"valueName\":\"search_term_string\"}}],\"inLanguage\":\"de\"},{\"@type\":[\"Person\",\"Organization\"],\"@id\":\"https:\\\/\\\/reiseblock.ch\\\/wordpress\\\/#\\\/schema\\\/person\\\/eafba14374f16d5fa4f73efd49243014\",\"name\":\"Ursula Kohler\",\"image\":{\"@type\":\"ImageObject\",\"inLanguage\":\"de\",\"@id\":\"https:\\\/\\\/secure.gravatar.com\\\/avatar\\\/014d9b9a971f617638f4298cbb55f92d20b3bf0d1c9cc32f65333b2769bcf867?s=96&d=blank&r=g\",\"url\":\"https:\\\/\\\/secure.gravatar.com\\\/avatar\\\/014d9b9a971f617638f4298cbb55f92d20b3bf0d1c9cc32f65333b2769bcf867?s=96&d=blank&r=g\",\"contentUrl\":\"https:\\\/\\\/secure.gravatar.com\\\/avatar\\\/014d9b9a971f617638f4298cbb55f92d20b3bf0d1c9cc32f65333b2769bcf867?s=96&d=blank&r=g\",\"caption\":\"Ursula Kohler\"},\"logo\":{\"@id\":\"https:\\\/\\\/secure.gravatar.com\\\/avatar\\\/014d9b9a971f617638f4298cbb55f92d20b3bf0d1c9cc32f65333b2769bcf867?s=96&d=blank&r=g\"}},{\"@type\":\"Person\",\"@id\":\"https:\\\/\\\/reiseblock.ch\\\/wordpress\\\/#\\\/schema\\\/person\\\/739b103f8e7941f579794d17e2187721\",\"name\":\"admin\",\"image\":{\"@type\":\"ImageObject\",\"inLanguage\":\"de\",\"@id\":\"https:\\\/\\\/secure.gravatar.com\\\/avatar\\\/a0f702f22ecd58ce02800a54cb2055cabe1fa8d7cf75ab377ce2f2b8503f188c?s=96&d=blank&r=g\",\"url\":\"https:\\\/\\\/secure.gravatar.com\\\/avatar\\\/a0f702f22ecd58ce02800a54cb2055cabe1fa8d7cf75ab377ce2f2b8503f188c?s=96&d=blank&r=g\",\"contentUrl\":\"https:\\\/\\\/secure.gravatar.com\\\/avatar\\\/a0f702f22ecd58ce02800a54cb2055cabe1fa8d7cf75ab377ce2f2b8503f188c?s=96&d=blank&r=g\",\"caption\":\"admin\"},\"url\":\"https:\\\/\\\/reiseblock.ch\\\/wordpress\\\/author\\\/admin\\\/\"}]}<\/script>\n<!-- \/ Yoast SEO plugin. -->","yoast_head_json":{"title":"Mit der Luftseilbahn ins Gl\u00fcck &#8211; Reiseblock","description":"In der Villa Patumbah in Z\u00fcrich stellt der Heimatschutz zurzeit zum Thema Luftseilbahn aus. Wer noch hier war, sollte dies zum Anlass nehmen, den wundersch\u00f6nen Ort zu besuchen.","robots":{"index":"index","follow":"follow","max-snippet":"max-snippet:-1","max-image-preview":"max-image-preview:large","max-video-preview":"max-video-preview:-1"},"canonical":"https:\/\/reiseblock.ch\/wordpress\/mit-der-luftseilbahn-ins-glueck\/","og_locale":"de_DE","og_type":"article","og_title":"Mit der Luftseilbahn ins Gl\u00fcck &#8211; Reiseblock","og_description":"In der Villa Patumbah in Z\u00fcrich stellt der Heimatschutz zurzeit zum Thema Luftseilbahn aus. Wer noch hier war, sollte dies zum Anlass nehmen, den wundersch\u00f6nen Ort zu besuchen.","og_url":"https:\/\/reiseblock.ch\/wordpress\/mit-der-luftseilbahn-ins-glueck\/","og_site_name":"Reiseblock","article_published_time":"2018-05-11T08:57:47+00:00","article_modified_time":"2018-05-11T09:48:15+00:00","og_image":[{"width":800,"height":600,"url":"https:\/\/reiseblock.ch\/wordpress\/wp-content\/uploads\/2018\/05\/Seilbahn.jpg","type":"image\/jpeg"}],"author":"admin","twitter_misc":{"Verfasst von":"admin","Gesch\u00e4tzte Lesezeit":"2\u00a0Minuten"},"schema":{"@context":"https:\/\/schema.org","@graph":[{"@type":"Article","@id":"https:\/\/reiseblock.ch\/wordpress\/mit-der-luftseilbahn-ins-glueck\/#article","isPartOf":{"@id":"https:\/\/reiseblock.ch\/wordpress\/mit-der-luftseilbahn-ins-glueck\/"},"author":{"name":"admin","@id":"https:\/\/reiseblock.ch\/wordpress\/#\/schema\/person\/739b103f8e7941f579794d17e2187721"},"headline":"Mit der Luftseilbahn ins Gl\u00fcck","datePublished":"2018-05-11T08:57:47+00:00","dateModified":"2018-05-11T09:48:15+00:00","mainEntityOfPage":{"@id":"https:\/\/reiseblock.ch\/wordpress\/mit-der-luftseilbahn-ins-glueck\/"},"wordCount":365,"commentCount":0,"publisher":{"@id":"https:\/\/reiseblock.ch\/wordpress\/#\/schema\/person\/eafba14374f16d5fa4f73efd49243014"},"image":{"@id":"https:\/\/reiseblock.ch\/wordpress\/mit-der-luftseilbahn-ins-glueck\/#primaryimage"},"thumbnailUrl":"https:\/\/reiseblock.ch\/wordpress\/wp-content\/uploads\/2018\/05\/Seilbahn.jpg","articleSection":["Tipp"],"inLanguage":"de","potentialAction":[{"@type":"CommentAction","name":"Comment","target":["https:\/\/reiseblock.ch\/wordpress\/mit-der-luftseilbahn-ins-glueck\/#respond"]}]},{"@type":"WebPage","@id":"https:\/\/reiseblock.ch\/wordpress\/mit-der-luftseilbahn-ins-glueck\/","url":"https:\/\/reiseblock.ch\/wordpress\/mit-der-luftseilbahn-ins-glueck\/","name":"Mit der Luftseilbahn ins Gl\u00fcck &#8211; Reiseblock","isPartOf":{"@id":"https:\/\/reiseblock.ch\/wordpress\/#website"},"primaryImageOfPage":{"@id":"https:\/\/reiseblock.ch\/wordpress\/mit-der-luftseilbahn-ins-glueck\/#primaryimage"},"image":{"@id":"https:\/\/reiseblock.ch\/wordpress\/mit-der-luftseilbahn-ins-glueck\/#primaryimage"},"thumbnailUrl":"https:\/\/reiseblock.ch\/wordpress\/wp-content\/uploads\/2018\/05\/Seilbahn.jpg","datePublished":"2018-05-11T08:57:47+00:00","dateModified":"2018-05-11T09:48:15+00:00","description":"In der Villa Patumbah in Z\u00fcrich stellt der Heimatschutz zurzeit zum Thema Luftseilbahn aus. Wer noch hier war, sollte dies zum Anlass nehmen, den wundersch\u00f6nen Ort zu besuchen.","breadcrumb":{"@id":"https:\/\/reiseblock.ch\/wordpress\/mit-der-luftseilbahn-ins-glueck\/#breadcrumb"},"inLanguage":"de","potentialAction":[{"@type":"ReadAction","target":["https:\/\/reiseblock.ch\/wordpress\/mit-der-luftseilbahn-ins-glueck\/"]}]},{"@type":"ImageObject","inLanguage":"de","@id":"https:\/\/reiseblock.ch\/wordpress\/mit-der-luftseilbahn-ins-glueck\/#primaryimage","url":"https:\/\/reiseblock.ch\/wordpress\/wp-content\/uploads\/2018\/05\/Seilbahn.jpg","contentUrl":"https:\/\/reiseblock.ch\/wordpress\/wp-content\/uploads\/2018\/05\/Seilbahn.jpg","width":"800","height":"600","caption":"Wer w\u00fcrde gerne in diese Seilbahn steigen? Oder vielleicht doch lieber nur anschauen."},{"@type":"BreadcrumbList","@id":"https:\/\/reiseblock.ch\/wordpress\/mit-der-luftseilbahn-ins-glueck\/#breadcrumb","itemListElement":[{"@type":"ListItem","position":1,"name":"Home","item":"https:\/\/reiseblock.ch\/wordpress\/"},{"@type":"ListItem","position":2,"name":"Mit der Luftseilbahn ins Gl\u00fcck"}]},{"@type":"WebSite","@id":"https:\/\/reiseblock.ch\/wordpress\/#website","url":"https:\/\/reiseblock.ch\/wordpress\/","name":"Reiseblock","description":"Ursula Kohlers ReiseWeise","publisher":{"@id":"https:\/\/reiseblock.ch\/wordpress\/#\/schema\/person\/eafba14374f16d5fa4f73efd49243014"},"potentialAction":[{"@type":"SearchAction","target":{"@type":"EntryPoint","urlTemplate":"https:\/\/reiseblock.ch\/wordpress\/?s={search_term_string}"},"query-input":{"@type":"PropertyValueSpecification","valueRequired":true,"valueName":"search_term_string"}}],"inLanguage":"de"},{"@type":["Person","Organization"],"@id":"https:\/\/reiseblock.ch\/wordpress\/#\/schema\/person\/eafba14374f16d5fa4f73efd49243014","name":"Ursula Kohler","image":{"@type":"ImageObject","inLanguage":"de","@id":"https:\/\/secure.gravatar.com\/avatar\/014d9b9a971f617638f4298cbb55f92d20b3bf0d1c9cc32f65333b2769bcf867?s=96&d=blank&r=g","url":"https:\/\/secure.gravatar.com\/avatar\/014d9b9a971f617638f4298cbb55f92d20b3bf0d1c9cc32f65333b2769bcf867?s=96&d=blank&r=g","contentUrl":"https:\/\/secure.gravatar.com\/avatar\/014d9b9a971f617638f4298cbb55f92d20b3bf0d1c9cc32f65333b2769bcf867?s=96&d=blank&r=g","caption":"Ursula Kohler"},"logo":{"@id":"https:\/\/secure.gravatar.com\/avatar\/014d9b9a971f617638f4298cbb55f92d20b3bf0d1c9cc32f65333b2769bcf867?s=96&d=blank&r=g"}},{"@type":"Person","@id":"https:\/\/reiseblock.ch\/wordpress\/#\/schema\/person\/739b103f8e7941f579794d17e2187721","name":"admin","image":{"@type":"ImageObject","inLanguage":"de","@id":"https:\/\/secure.gravatar.com\/avatar\/a0f702f22ecd58ce02800a54cb2055cabe1fa8d7cf75ab377ce2f2b8503f188c?s=96&d=blank&r=g","url":"https:\/\/secure.gravatar.com\/avatar\/a0f702f22ecd58ce02800a54cb2055cabe1fa8d7cf75ab377ce2f2b8503f188c?s=96&d=blank&r=g","contentUrl":"https:\/\/secure.gravatar.com\/avatar\/a0f702f22ecd58ce02800a54cb2055cabe1fa8d7cf75ab377ce2f2b8503f188c?s=96&d=blank&r=g","caption":"admin"},"url":"https:\/\/reiseblock.ch\/wordpress\/author\/admin\/"}]}},"_links":{"self":[{"href":"https:\/\/reiseblock.ch\/wordpress\/wp-json\/wp\/v2\/posts\/2565","targetHints":{"allow":["GET"]}}],"collection":[{"href":"https:\/\/reiseblock.ch\/wordpress\/wp-json\/wp\/v2\/posts"}],"about":[{"href":"https:\/\/reiseblock.ch\/wordpress\/wp-json\/wp\/v2\/types\/post"}],"author":[{"embeddable":true,"href":"https:\/\/reiseblock.ch\/wordpress\/wp-json\/wp\/v2\/users\/1"}],"replies":[{"embeddable":true,"href":"https:\/\/reiseblock.ch\/wordpress\/wp-json\/wp\/v2\/comments?post=2565"}],"version-history":[{"count":21,"href":"https:\/\/reiseblock.ch\/wordpress\/wp-json\/wp\/v2\/posts\/2565\/revisions"}],"predecessor-version":[{"id":2604,"href":"https:\/\/reiseblock.ch\/wordpress\/wp-json\/wp\/v2\/posts\/2565\/revisions\/2604"}],"wp:featuredmedia":[{"embeddable":true,"href":"https:\/\/reiseblock.ch\/wordpress\/wp-json\/wp\/v2\/media\/2574"}],"wp:attachment":[{"href":"https:\/\/reiseblock.ch\/wordpress\/wp-json\/wp\/v2\/media?parent=2565"}],"wp:term":[{"taxonomy":"category","embeddable":true,"href":"https:\/\/reiseblock.ch\/wordpress\/wp-json\/wp\/v2\/categories?post=2565"},{"taxonomy":"post_tag","embeddable":true,"href":"https:\/\/reiseblock.ch\/wordpress\/wp-json\/wp\/v2\/tags?post=2565"}],"curies":[{"name":"wp","href":"https:\/\/api.w.org\/{rel}","templated":true}]}}