{"id":2538,"date":"2018-04-29T18:19:25","date_gmt":"2018-04-29T16:19:25","guid":{"rendered":"http:\/\/reiseblock.ch\/?p=2538"},"modified":"2018-04-29T21:54:51","modified_gmt":"2018-04-29T19:54:51","slug":"eine-wasserperle-im-jura-zu-entdecken","status":"publish","type":"post","link":"https:\/\/reiseblock.ch\/wordpress\/eine-wasserperle-im-jura-zu-entdecken\/","title":{"rendered":"Eine Wasserperle im Jura"},"content":{"rendered":"<p><span style=\"font-size: 14pt;\"><em><span style=\"font-family: Book\\ Antiqua, Palatino;\">Er ist der gr\u00f6sste Moorsee der Schweiz, der Etang de la Gru\u00e8re. Wirklich bekannt ist er nicht\u00a0 \u2013 vielleicht, weil man sich hier in den W\u00e4ldern Kanadas w\u00e4hnt.<br \/>\n<\/span><\/em><\/span><\/p>\n<p><!--more--><\/p>\n<div id=\"attachment_2549\" style=\"width: 810px\" class=\"wp-caption alignleft\"><img loading=\"lazy\" decoding=\"async\" aria-describedby=\"caption-attachment-2549\" class=\"wp-image-2549 size-full\" src=\"http:\/\/reiseblock.ch\/wordpress\/wp-content\/uploads\/2018\/04\/MG_3059-1.jpg\" alt=\"Viel Gr\u00fcn und Blau f\u00fcrs Auge: der Etang de Gru\u00e8re im Jura\" width=\"800\" height=\"533\" srcset=\"https:\/\/reiseblock.ch\/wordpress\/wp-content\/uploads\/2018\/04\/MG_3059-1.jpg 800w, https:\/\/reiseblock.ch\/wordpress\/wp-content\/uploads\/2018\/04\/MG_3059-1-300x200.jpg 300w, https:\/\/reiseblock.ch\/wordpress\/wp-content\/uploads\/2018\/04\/MG_3059-1-768x512.jpg 768w\" sizes=\"auto, (max-width: 800px) 100vw, 800px\" \/><p id=\"caption-attachment-2549\" class=\"wp-caption-text\">Viel Gr\u00fcn und Blau f\u00fcrs Auge: der Etang de Gru\u00e8re im Jura<\/p><\/div>\n<p><span style=\"font-family: Book\\ Antiqua, Palatino; font-size: 12pt;\">Fast w\u00e4re ich mit dem Fahrrad daran vorbeigefahren, als ich auf Erkundungstour im Jura unterwegs war. Ein Schild, eine S\u00e4gerei, ein Parkplatz \u2013 nichts deutet darauf hin, dass sich ein paar Meter entfernt eine kleine Wasseroase verbirgt.<\/span><\/p>\n<h2>Viele Wege f\u00fchren zum See<\/h2>\n<p><span style=\"font-family: Book\\ Antiqua, Palatino; font-size: 12pt;\">Zum Gl\u00fcck war die Neugierde st\u00e4rker als die Bequemlichkeit, einfach weiterzurollen, vor allem da es leicht bergab ging. Der Etang de Gru\u00e8re hat mich mit seinen Farben und seiner Atmosph\u00e4re sofort gefangen genommen. So stelle ich es mir in den W\u00e4ldern Kanadas vor, die ich gar nicht kenne.<br \/>\n<\/span><\/p>\n<div id=\"attachment_2550\" style=\"width: 810px\" class=\"wp-caption alignleft\"><img loading=\"lazy\" decoding=\"async\" aria-describedby=\"caption-attachment-2550\" class=\"wp-image-2550 size-full\" src=\"http:\/\/reiseblock.ch\/wordpress\/wp-content\/uploads\/2018\/04\/MG_3063-1.jpg\" alt=\"Wer wohl das Privileg besitzt, mit dem Ruderboot auf dem See unterwegs zu sein?\" width=\"800\" height=\"499\" srcset=\"https:\/\/reiseblock.ch\/wordpress\/wp-content\/uploads\/2018\/04\/MG_3063-1.jpg 800w, https:\/\/reiseblock.ch\/wordpress\/wp-content\/uploads\/2018\/04\/MG_3063-1-300x187.jpg 300w, https:\/\/reiseblock.ch\/wordpress\/wp-content\/uploads\/2018\/04\/MG_3063-1-768x479.jpg 768w\" sizes=\"auto, (max-width: 800px) 100vw, 800px\" \/><p id=\"caption-attachment-2550\" class=\"wp-caption-text\">Wer wohl das Privileg besitzt, mit dem Ruderboot auf dem See unterwegs zu sein?<\/p><\/div>\n<p><span style=\"font-family: Book\\ Antiqua, Palatino; font-size: 12pt;\">Der Etang de la Gru\u00e8re (nicht Gruy\u00e8re, wie ich l\u00e4ngere Zeit annahm) liegt in einer Torfmoorlandschaft. Im 17. Jahrhundert wurde der Weiher gestaut, um eine M\u00fchle zu betreiben. Seit 1963 ist diese 120 Hektaren grosse Landschaft unter Naturschutz gestellt. In einer knappen Stunde hat man den See umrundet.<\/span><\/p>\n<p><span style=\"font-family: Book\\ Antiqua, Palatino; font-size: 12pt;\">Der See ist auf verschiedenen Wegen erreichbar. Zu Fuss dauert es von Saignel\u00e9gier gut 1,5 Stunden, eine Viertelstunde l\u00e4nger von Tramelan aus. Zwischen Saignel\u00e9gier und Tramelan f\u00e4hrt ein Bus, mit Zwischenhalt in Moulin de Gru\u00e8re. Von hier aus gelangt man direkt zum See. Oder, auch empfehlenswert, mit dem Velo 5 Kilometer ab Saignel\u00e9gier, beliebig verl\u00e4ngerbar mit einer Juratour.<br \/>\n<\/span><\/p>\n<div id=\"attachment_2543\" style=\"width: 810px\" class=\"wp-caption alignleft\"><img loading=\"lazy\" decoding=\"async\" aria-describedby=\"caption-attachment-2543\" class=\"wp-image-2543 size-full\" src=\"http:\/\/reiseblock.ch\/wordpress\/wp-content\/uploads\/2018\/04\/MG_3065.jpg\" alt=\"Der Etang de Gru\u00e8re liegt zwischen Tramelan und Saignel\u00e9gier und kann auf zahlreichen Radtouren angefahren werden.\" width=\"800\" height=\"530\" srcset=\"https:\/\/reiseblock.ch\/wordpress\/wp-content\/uploads\/2018\/04\/MG_3065.jpg 800w, https:\/\/reiseblock.ch\/wordpress\/wp-content\/uploads\/2018\/04\/MG_3065-300x199.jpg 300w, https:\/\/reiseblock.ch\/wordpress\/wp-content\/uploads\/2018\/04\/MG_3065-768x509.jpg 768w\" sizes=\"auto, (max-width: 800px) 100vw, 800px\" \/><p id=\"caption-attachment-2543\" class=\"wp-caption-text\">Der Etang de Gru\u00e8re liegt zwischen Tramelan und Saignel\u00e9gier und kann auf zahlreichen Radtouren angefahren werden.<\/p><\/div>\n<p>&nbsp;<\/p>\n","protected":false},"excerpt":{"rendered":"<p>Er ist der gr\u00f6sste Moorsee der Schweiz, der Etang de la Gru\u00e8re. Wirklich bekannt ist er nicht\u00a0 \u2013 vielleicht, weil man sich hier in den [&#8230;]<\/p>\n","protected":false},"author":1,"featured_media":2549,"comment_status":"open","ping_status":"open","sticky":false,"template":"","format":"standard","meta":{"footnotes":""},"categories":[10],"tags":[332,334,337,336,333,335,15],"class_list":["post-2538","post","type-post","status-publish","format-standard","has-post-thumbnail","hentry","category-erlebt","tag-etang-de-gruere","tag-jura","tag-moorlandschaft","tag-naturschutz","tag-saignelegier","tag-tramelan","tag-velo"],"yoast_head":"<!-- This site is optimized with the Yoast SEO plugin v27.8 - https:\/\/yoast.com\/product\/yoast-seo-wordpress\/ -->\n<title>Eine Wasserperle im Jura &#8211; Reiseblock<\/title>\n<meta name=\"description\" content=\"Der Etang de Gru\u00e8re liegt inmitten einer Moorlandschaft im Jura. Er ist ganzj\u00e4hrig einen Ausflug wert, ob zu Fuss oder mit dem Fahrrad.\" \/>\n<meta name=\"robots\" content=\"index, follow, max-snippet:-1, max-image-preview:large, max-video-preview:-1\" \/>\n<link rel=\"canonical\" href=\"https:\/\/reiseblock.ch\/wordpress\/eine-wasserperle-im-jura-zu-entdecken\/\" \/>\n<meta property=\"og:locale\" content=\"de_DE\" \/>\n<meta property=\"og:type\" content=\"article\" \/>\n<meta property=\"og:title\" content=\"Eine Wasserperle im Jura &#8211; Reiseblock\" \/>\n<meta property=\"og:description\" content=\"Der Etang de Gru\u00e8re liegt inmitten einer Moorlandschaft im Jura. Er ist ganzj\u00e4hrig einen Ausflug wert, ob zu Fuss oder mit dem Fahrrad.\" \/>\n<meta property=\"og:url\" content=\"https:\/\/reiseblock.ch\/wordpress\/eine-wasserperle-im-jura-zu-entdecken\/\" \/>\n<meta property=\"og:site_name\" content=\"Reiseblock\" \/>\n<meta property=\"article:published_time\" content=\"2018-04-29T16:19:25+00:00\" \/>\n<meta property=\"article:modified_time\" content=\"2018-04-29T19:54:51+00:00\" \/>\n<meta property=\"og:image\" content=\"https:\/\/reiseblock.ch\/wordpress\/wp-content\/uploads\/2018\/04\/MG_3059-1.jpg\" \/>\n\t<meta property=\"og:image:width\" content=\"800\" \/>\n\t<meta property=\"og:image:height\" content=\"533\" \/>\n\t<meta property=\"og:image:type\" content=\"image\/jpeg\" \/>\n<meta name=\"author\" content=\"admin\" \/>\n<meta name=\"twitter:label1\" content=\"Verfasst von\" \/>\n\t<meta name=\"twitter:data1\" content=\"admin\" \/>\n\t<meta name=\"twitter:label2\" content=\"Gesch\u00e4tzte Lesezeit\" \/>\n\t<meta name=\"twitter:data2\" content=\"2\u00a0Minuten\" \/>\n<script type=\"application\/ld+json\" class=\"yoast-schema-graph\">{\"@context\":\"https:\\\/\\\/schema.org\",\"@graph\":[{\"@type\":\"Article\",\"@id\":\"https:\\\/\\\/reiseblock.ch\\\/wordpress\\\/eine-wasserperle-im-jura-zu-entdecken\\\/#article\",\"isPartOf\":{\"@id\":\"https:\\\/\\\/reiseblock.ch\\\/wordpress\\\/eine-wasserperle-im-jura-zu-entdecken\\\/\"},\"author\":{\"name\":\"admin\",\"@id\":\"https:\\\/\\\/reiseblock.ch\\\/wordpress\\\/#\\\/schema\\\/person\\\/739b103f8e7941f579794d17e2187721\"},\"headline\":\"Eine Wasserperle im Jura\",\"datePublished\":\"2018-04-29T16:19:25+00:00\",\"dateModified\":\"2018-04-29T19:54:51+00:00\",\"mainEntityOfPage\":{\"@id\":\"https:\\\/\\\/reiseblock.ch\\\/wordpress\\\/eine-wasserperle-im-jura-zu-entdecken\\\/\"},\"wordCount\":313,\"commentCount\":0,\"publisher\":{\"@id\":\"https:\\\/\\\/reiseblock.ch\\\/wordpress\\\/#\\\/schema\\\/person\\\/eafba14374f16d5fa4f73efd49243014\"},\"image\":{\"@id\":\"https:\\\/\\\/reiseblock.ch\\\/wordpress\\\/eine-wasserperle-im-jura-zu-entdecken\\\/#primaryimage\"},\"thumbnailUrl\":\"https:\\\/\\\/reiseblock.ch\\\/wordpress\\\/wp-content\\\/uploads\\\/2018\\\/04\\\/MG_3059-1.jpg\",\"keywords\":[\"Etang de Gru\u00e8re\",\"Jura\",\"Moorlandschaft\",\"Naturschutz\",\"Saignel\u00e9gier\",\"Tramelan\",\"Velo\"],\"articleSection\":[\"Erlebt\"],\"inLanguage\":\"de\",\"potentialAction\":[{\"@type\":\"CommentAction\",\"name\":\"Comment\",\"target\":[\"https:\\\/\\\/reiseblock.ch\\\/wordpress\\\/eine-wasserperle-im-jura-zu-entdecken\\\/#respond\"]}]},{\"@type\":\"WebPage\",\"@id\":\"https:\\\/\\\/reiseblock.ch\\\/wordpress\\\/eine-wasserperle-im-jura-zu-entdecken\\\/\",\"url\":\"https:\\\/\\\/reiseblock.ch\\\/wordpress\\\/eine-wasserperle-im-jura-zu-entdecken\\\/\",\"name\":\"Eine Wasserperle im Jura &#8211; Reiseblock\",\"isPartOf\":{\"@id\":\"https:\\\/\\\/reiseblock.ch\\\/wordpress\\\/#website\"},\"primaryImageOfPage\":{\"@id\":\"https:\\\/\\\/reiseblock.ch\\\/wordpress\\\/eine-wasserperle-im-jura-zu-entdecken\\\/#primaryimage\"},\"image\":{\"@id\":\"https:\\\/\\\/reiseblock.ch\\\/wordpress\\\/eine-wasserperle-im-jura-zu-entdecken\\\/#primaryimage\"},\"thumbnailUrl\":\"https:\\\/\\\/reiseblock.ch\\\/wordpress\\\/wp-content\\\/uploads\\\/2018\\\/04\\\/MG_3059-1.jpg\",\"datePublished\":\"2018-04-29T16:19:25+00:00\",\"dateModified\":\"2018-04-29T19:54:51+00:00\",\"description\":\"Der Etang de Gru\u00e8re liegt inmitten einer Moorlandschaft im Jura. Er ist ganzj\u00e4hrig einen Ausflug wert, ob zu Fuss oder mit dem Fahrrad.\",\"breadcrumb\":{\"@id\":\"https:\\\/\\\/reiseblock.ch\\\/wordpress\\\/eine-wasserperle-im-jura-zu-entdecken\\\/#breadcrumb\"},\"inLanguage\":\"de\",\"potentialAction\":[{\"@type\":\"ReadAction\",\"target\":[\"https:\\\/\\\/reiseblock.ch\\\/wordpress\\\/eine-wasserperle-im-jura-zu-entdecken\\\/\"]}]},{\"@type\":\"ImageObject\",\"inLanguage\":\"de\",\"@id\":\"https:\\\/\\\/reiseblock.ch\\\/wordpress\\\/eine-wasserperle-im-jura-zu-entdecken\\\/#primaryimage\",\"url\":\"https:\\\/\\\/reiseblock.ch\\\/wordpress\\\/wp-content\\\/uploads\\\/2018\\\/04\\\/MG_3059-1.jpg\",\"contentUrl\":\"https:\\\/\\\/reiseblock.ch\\\/wordpress\\\/wp-content\\\/uploads\\\/2018\\\/04\\\/MG_3059-1.jpg\",\"width\":\"800\",\"height\":\"533\",\"caption\":\"Saignel\u00e9gier: Etang de Gru\u00e8re\"},{\"@type\":\"BreadcrumbList\",\"@id\":\"https:\\\/\\\/reiseblock.ch\\\/wordpress\\\/eine-wasserperle-im-jura-zu-entdecken\\\/#breadcrumb\",\"itemListElement\":[{\"@type\":\"ListItem\",\"position\":1,\"name\":\"Home\",\"item\":\"https:\\\/\\\/reiseblock.ch\\\/wordpress\\\/\"},{\"@type\":\"ListItem\",\"position\":2,\"name\":\"Eine Wasserperle im Jura\"}]},{\"@type\":\"WebSite\",\"@id\":\"https:\\\/\\\/reiseblock.ch\\\/wordpress\\\/#website\",\"url\":\"https:\\\/\\\/reiseblock.ch\\\/wordpress\\\/\",\"name\":\"Reiseblock\",\"description\":\"Ursula Kohlers ReiseWeise\",\"publisher\":{\"@id\":\"https:\\\/\\\/reiseblock.ch\\\/wordpress\\\/#\\\/schema\\\/person\\\/eafba14374f16d5fa4f73efd49243014\"},\"potentialAction\":[{\"@type\":\"SearchAction\",\"target\":{\"@type\":\"EntryPoint\",\"urlTemplate\":\"https:\\\/\\\/reiseblock.ch\\\/wordpress\\\/?s={search_term_string}\"},\"query-input\":{\"@type\":\"PropertyValueSpecification\",\"valueRequired\":true,\"valueName\":\"search_term_string\"}}],\"inLanguage\":\"de\"},{\"@type\":[\"Person\",\"Organization\"],\"@id\":\"https:\\\/\\\/reiseblock.ch\\\/wordpress\\\/#\\\/schema\\\/person\\\/eafba14374f16d5fa4f73efd49243014\",\"name\":\"Ursula Kohler\",\"image\":{\"@type\":\"ImageObject\",\"inLanguage\":\"de\",\"@id\":\"https:\\\/\\\/secure.gravatar.com\\\/avatar\\\/014d9b9a971f617638f4298cbb55f92d20b3bf0d1c9cc32f65333b2769bcf867?s=96&d=blank&r=g\",\"url\":\"https:\\\/\\\/secure.gravatar.com\\\/avatar\\\/014d9b9a971f617638f4298cbb55f92d20b3bf0d1c9cc32f65333b2769bcf867?s=96&d=blank&r=g\",\"contentUrl\":\"https:\\\/\\\/secure.gravatar.com\\\/avatar\\\/014d9b9a971f617638f4298cbb55f92d20b3bf0d1c9cc32f65333b2769bcf867?s=96&d=blank&r=g\",\"caption\":\"Ursula Kohler\"},\"logo\":{\"@id\":\"https:\\\/\\\/secure.gravatar.com\\\/avatar\\\/014d9b9a971f617638f4298cbb55f92d20b3bf0d1c9cc32f65333b2769bcf867?s=96&d=blank&r=g\"}},{\"@type\":\"Person\",\"@id\":\"https:\\\/\\\/reiseblock.ch\\\/wordpress\\\/#\\\/schema\\\/person\\\/739b103f8e7941f579794d17e2187721\",\"name\":\"admin\",\"image\":{\"@type\":\"ImageObject\",\"inLanguage\":\"de\",\"@id\":\"https:\\\/\\\/secure.gravatar.com\\\/avatar\\\/a0f702f22ecd58ce02800a54cb2055cabe1fa8d7cf75ab377ce2f2b8503f188c?s=96&d=blank&r=g\",\"url\":\"https:\\\/\\\/secure.gravatar.com\\\/avatar\\\/a0f702f22ecd58ce02800a54cb2055cabe1fa8d7cf75ab377ce2f2b8503f188c?s=96&d=blank&r=g\",\"contentUrl\":\"https:\\\/\\\/secure.gravatar.com\\\/avatar\\\/a0f702f22ecd58ce02800a54cb2055cabe1fa8d7cf75ab377ce2f2b8503f188c?s=96&d=blank&r=g\",\"caption\":\"admin\"},\"url\":\"https:\\\/\\\/reiseblock.ch\\\/wordpress\\\/author\\\/admin\\\/\"}]}<\/script>\n<!-- \/ Yoast SEO plugin. -->","yoast_head_json":{"title":"Eine Wasserperle im Jura &#8211; Reiseblock","description":"Der Etang de Gru\u00e8re liegt inmitten einer Moorlandschaft im Jura. Er ist ganzj\u00e4hrig einen Ausflug wert, ob zu Fuss oder mit dem Fahrrad.","robots":{"index":"index","follow":"follow","max-snippet":"max-snippet:-1","max-image-preview":"max-image-preview:large","max-video-preview":"max-video-preview:-1"},"canonical":"https:\/\/reiseblock.ch\/wordpress\/eine-wasserperle-im-jura-zu-entdecken\/","og_locale":"de_DE","og_type":"article","og_title":"Eine Wasserperle im Jura &#8211; Reiseblock","og_description":"Der Etang de Gru\u00e8re liegt inmitten einer Moorlandschaft im Jura. Er ist ganzj\u00e4hrig einen Ausflug wert, ob zu Fuss oder mit dem Fahrrad.","og_url":"https:\/\/reiseblock.ch\/wordpress\/eine-wasserperle-im-jura-zu-entdecken\/","og_site_name":"Reiseblock","article_published_time":"2018-04-29T16:19:25+00:00","article_modified_time":"2018-04-29T19:54:51+00:00","og_image":[{"width":800,"height":533,"url":"https:\/\/reiseblock.ch\/wordpress\/wp-content\/uploads\/2018\/04\/MG_3059-1.jpg","type":"image\/jpeg"}],"author":"admin","twitter_misc":{"Verfasst von":"admin","Gesch\u00e4tzte Lesezeit":"2\u00a0Minuten"},"schema":{"@context":"https:\/\/schema.org","@graph":[{"@type":"Article","@id":"https:\/\/reiseblock.ch\/wordpress\/eine-wasserperle-im-jura-zu-entdecken\/#article","isPartOf":{"@id":"https:\/\/reiseblock.ch\/wordpress\/eine-wasserperle-im-jura-zu-entdecken\/"},"author":{"name":"admin","@id":"https:\/\/reiseblock.ch\/wordpress\/#\/schema\/person\/739b103f8e7941f579794d17e2187721"},"headline":"Eine Wasserperle im Jura","datePublished":"2018-04-29T16:19:25+00:00","dateModified":"2018-04-29T19:54:51+00:00","mainEntityOfPage":{"@id":"https:\/\/reiseblock.ch\/wordpress\/eine-wasserperle-im-jura-zu-entdecken\/"},"wordCount":313,"commentCount":0,"publisher":{"@id":"https:\/\/reiseblock.ch\/wordpress\/#\/schema\/person\/eafba14374f16d5fa4f73efd49243014"},"image":{"@id":"https:\/\/reiseblock.ch\/wordpress\/eine-wasserperle-im-jura-zu-entdecken\/#primaryimage"},"thumbnailUrl":"https:\/\/reiseblock.ch\/wordpress\/wp-content\/uploads\/2018\/04\/MG_3059-1.jpg","keywords":["Etang de Gru\u00e8re","Jura","Moorlandschaft","Naturschutz","Saignel\u00e9gier","Tramelan","Velo"],"articleSection":["Erlebt"],"inLanguage":"de","potentialAction":[{"@type":"CommentAction","name":"Comment","target":["https:\/\/reiseblock.ch\/wordpress\/eine-wasserperle-im-jura-zu-entdecken\/#respond"]}]},{"@type":"WebPage","@id":"https:\/\/reiseblock.ch\/wordpress\/eine-wasserperle-im-jura-zu-entdecken\/","url":"https:\/\/reiseblock.ch\/wordpress\/eine-wasserperle-im-jura-zu-entdecken\/","name":"Eine Wasserperle im Jura &#8211; Reiseblock","isPartOf":{"@id":"https:\/\/reiseblock.ch\/wordpress\/#website"},"primaryImageOfPage":{"@id":"https:\/\/reiseblock.ch\/wordpress\/eine-wasserperle-im-jura-zu-entdecken\/#primaryimage"},"image":{"@id":"https:\/\/reiseblock.ch\/wordpress\/eine-wasserperle-im-jura-zu-entdecken\/#primaryimage"},"thumbnailUrl":"https:\/\/reiseblock.ch\/wordpress\/wp-content\/uploads\/2018\/04\/MG_3059-1.jpg","datePublished":"2018-04-29T16:19:25+00:00","dateModified":"2018-04-29T19:54:51+00:00","description":"Der Etang de Gru\u00e8re liegt inmitten einer Moorlandschaft im Jura. Er ist ganzj\u00e4hrig einen Ausflug wert, ob zu Fuss oder mit dem Fahrrad.","breadcrumb":{"@id":"https:\/\/reiseblock.ch\/wordpress\/eine-wasserperle-im-jura-zu-entdecken\/#breadcrumb"},"inLanguage":"de","potentialAction":[{"@type":"ReadAction","target":["https:\/\/reiseblock.ch\/wordpress\/eine-wasserperle-im-jura-zu-entdecken\/"]}]},{"@type":"ImageObject","inLanguage":"de","@id":"https:\/\/reiseblock.ch\/wordpress\/eine-wasserperle-im-jura-zu-entdecken\/#primaryimage","url":"https:\/\/reiseblock.ch\/wordpress\/wp-content\/uploads\/2018\/04\/MG_3059-1.jpg","contentUrl":"https:\/\/reiseblock.ch\/wordpress\/wp-content\/uploads\/2018\/04\/MG_3059-1.jpg","width":"800","height":"533","caption":"Saignel\u00e9gier: Etang de Gru\u00e8re"},{"@type":"BreadcrumbList","@id":"https:\/\/reiseblock.ch\/wordpress\/eine-wasserperle-im-jura-zu-entdecken\/#breadcrumb","itemListElement":[{"@type":"ListItem","position":1,"name":"Home","item":"https:\/\/reiseblock.ch\/wordpress\/"},{"@type":"ListItem","position":2,"name":"Eine Wasserperle im Jura"}]},{"@type":"WebSite","@id":"https:\/\/reiseblock.ch\/wordpress\/#website","url":"https:\/\/reiseblock.ch\/wordpress\/","name":"Reiseblock","description":"Ursula Kohlers ReiseWeise","publisher":{"@id":"https:\/\/reiseblock.ch\/wordpress\/#\/schema\/person\/eafba14374f16d5fa4f73efd49243014"},"potentialAction":[{"@type":"SearchAction","target":{"@type":"EntryPoint","urlTemplate":"https:\/\/reiseblock.ch\/wordpress\/?s={search_term_string}"},"query-input":{"@type":"PropertyValueSpecification","valueRequired":true,"valueName":"search_term_string"}}],"inLanguage":"de"},{"@type":["Person","Organization"],"@id":"https:\/\/reiseblock.ch\/wordpress\/#\/schema\/person\/eafba14374f16d5fa4f73efd49243014","name":"Ursula Kohler","image":{"@type":"ImageObject","inLanguage":"de","@id":"https:\/\/secure.gravatar.com\/avatar\/014d9b9a971f617638f4298cbb55f92d20b3bf0d1c9cc32f65333b2769bcf867?s=96&d=blank&r=g","url":"https:\/\/secure.gravatar.com\/avatar\/014d9b9a971f617638f4298cbb55f92d20b3bf0d1c9cc32f65333b2769bcf867?s=96&d=blank&r=g","contentUrl":"https:\/\/secure.gravatar.com\/avatar\/014d9b9a971f617638f4298cbb55f92d20b3bf0d1c9cc32f65333b2769bcf867?s=96&d=blank&r=g","caption":"Ursula Kohler"},"logo":{"@id":"https:\/\/secure.gravatar.com\/avatar\/014d9b9a971f617638f4298cbb55f92d20b3bf0d1c9cc32f65333b2769bcf867?s=96&d=blank&r=g"}},{"@type":"Person","@id":"https:\/\/reiseblock.ch\/wordpress\/#\/schema\/person\/739b103f8e7941f579794d17e2187721","name":"admin","image":{"@type":"ImageObject","inLanguage":"de","@id":"https:\/\/secure.gravatar.com\/avatar\/a0f702f22ecd58ce02800a54cb2055cabe1fa8d7cf75ab377ce2f2b8503f188c?s=96&d=blank&r=g","url":"https:\/\/secure.gravatar.com\/avatar\/a0f702f22ecd58ce02800a54cb2055cabe1fa8d7cf75ab377ce2f2b8503f188c?s=96&d=blank&r=g","contentUrl":"https:\/\/secure.gravatar.com\/avatar\/a0f702f22ecd58ce02800a54cb2055cabe1fa8d7cf75ab377ce2f2b8503f188c?s=96&d=blank&r=g","caption":"admin"},"url":"https:\/\/reiseblock.ch\/wordpress\/author\/admin\/"}]}},"_links":{"self":[{"href":"https:\/\/reiseblock.ch\/wordpress\/wp-json\/wp\/v2\/posts\/2538","targetHints":{"allow":["GET"]}}],"collection":[{"href":"https:\/\/reiseblock.ch\/wordpress\/wp-json\/wp\/v2\/posts"}],"about":[{"href":"https:\/\/reiseblock.ch\/wordpress\/wp-json\/wp\/v2\/types\/post"}],"author":[{"embeddable":true,"href":"https:\/\/reiseblock.ch\/wordpress\/wp-json\/wp\/v2\/users\/1"}],"replies":[{"embeddable":true,"href":"https:\/\/reiseblock.ch\/wordpress\/wp-json\/wp\/v2\/comments?post=2538"}],"version-history":[{"count":11,"href":"https:\/\/reiseblock.ch\/wordpress\/wp-json\/wp\/v2\/posts\/2538\/revisions"}],"predecessor-version":[{"id":2554,"href":"https:\/\/reiseblock.ch\/wordpress\/wp-json\/wp\/v2\/posts\/2538\/revisions\/2554"}],"wp:featuredmedia":[{"embeddable":true,"href":"https:\/\/reiseblock.ch\/wordpress\/wp-json\/wp\/v2\/media\/2549"}],"wp:attachment":[{"href":"https:\/\/reiseblock.ch\/wordpress\/wp-json\/wp\/v2\/media?parent=2538"}],"wp:term":[{"taxonomy":"category","embeddable":true,"href":"https:\/\/reiseblock.ch\/wordpress\/wp-json\/wp\/v2\/categories?post=2538"},{"taxonomy":"post_tag","embeddable":true,"href":"https:\/\/reiseblock.ch\/wordpress\/wp-json\/wp\/v2\/tags?post=2538"}],"curies":[{"name":"wp","href":"https:\/\/api.w.org\/{rel}","templated":true}]}}