{"id":2461,"date":"2018-03-23T13:12:06","date_gmt":"2018-03-23T12:12:06","guid":{"rendered":"http:\/\/reiseblock.ch\/?p=2461"},"modified":"2018-04-04T20:08:24","modified_gmt":"2018-04-04T18:08:24","slug":"2461-2","status":"publish","type":"post","link":"https:\/\/reiseblock.ch\/wordpress\/2461-2\/","title":{"rendered":"Fr\u00fchlingstour nach Eschenmosen im Z\u00fcricher Unterland"},"content":{"rendered":"<p><em><span style=\"font-family: Book\\ Antiqua, Palatino; font-size: 12pt;\"><span style=\"font-size: 18pt;\">Es ist die Zeit der kleinen Zwischensaison-Touren. Wer kennt den Weiler Eschemosen bei B\u00fclach? Dorthin f\u00fchrt eine kleine Wanderung, die uns in K\u00fcrze eine Auszeit aus dem Alltag erlaubt.<\/span> <\/span><\/em><\/p>\n<p><!--more--><\/p>\n<div id=\"attachment_2464\" style=\"width: 810px\" class=\"wp-caption alignleft\"><img loading=\"lazy\" decoding=\"async\" aria-describedby=\"caption-attachment-2464\" class=\"size-full wp-image-2464\" src=\"http:\/\/reiseblock.ch\/wordpress\/wp-content\/uploads\/2018\/03\/Buelach.jpg\" alt=\"In der Altstadt von B\u00fclach\" width=\"800\" height=\"533\" srcset=\"https:\/\/reiseblock.ch\/wordpress\/wp-content\/uploads\/2018\/03\/Buelach.jpg 800w, https:\/\/reiseblock.ch\/wordpress\/wp-content\/uploads\/2018\/03\/Buelach-300x200.jpg 300w, https:\/\/reiseblock.ch\/wordpress\/wp-content\/uploads\/2018\/03\/Buelach-768x512.jpg 768w\" sizes=\"auto, (max-width: 800px) 100vw, 800px\" \/><p id=\"caption-attachment-2464\" class=\"wp-caption-text\">In der Altstadt von B\u00fclach<\/p><\/div>\n<p><span style=\"font-family: Book\\ Antiqua, Palatino; font-size: 12pt;\">Startpunkt ist B\u00fclach. Vom Bahnhof aus gehts durch die Altstadt zum B\u00fclacher Stadtweiher. Sowohl im St\u00e4dtchen wie am Weiher k\u00f6nnte man gleich mal steckenbleiben. Beides hat seinen Reiz. <\/span><\/p>\n<div id=\"attachment_2465\" style=\"width: 810px\" class=\"wp-caption alignleft\"><img loading=\"lazy\" decoding=\"async\" aria-describedby=\"caption-attachment-2465\" class=\"size-full wp-image-2465\" src=\"http:\/\/reiseblock.ch\/wordpress\/wp-content\/uploads\/2018\/03\/Weiher.jpg\" alt=\"Der Stadtweiher von B\u00fclach\" width=\"800\" height=\"533\" srcset=\"https:\/\/reiseblock.ch\/wordpress\/wp-content\/uploads\/2018\/03\/Weiher.jpg 800w, https:\/\/reiseblock.ch\/wordpress\/wp-content\/uploads\/2018\/03\/Weiher-300x200.jpg 300w, https:\/\/reiseblock.ch\/wordpress\/wp-content\/uploads\/2018\/03\/Weiher-768x512.jpg 768w\" sizes=\"auto, (max-width: 800px) 100vw, 800px\" \/><p id=\"caption-attachment-2465\" class=\"wp-caption-text\">Der Stadtweiher von B\u00fclach<\/p><\/div>\n<p><span style=\"font-family: Book\\ Antiqua, Palatino; font-size: 12pt;\">Nach dem Stadtweiher folgt man ein St\u00fcck dem Sechtbach und steigt dann kontinuierlich an bis Eschenmosen. Die\u00a0 Steigung bis in den 525 Meter hoch gelegenen Weiler ist moderat. Bei Eschenmosen liegt die <a href=\"http:\/\/www.sternwartebuelach.ch\/\" target=\"_blank\" rel=\"noopener\">Sternwarte B\u00fclach<\/a>. Jeweils Freitagabend gibts einen \u00f6ffentlichen<\/span><span style=\"font-family: Book\\ Antiqua, Palatino;\"> Beobach<\/span><span style=\"font-family: Book\\ Antiqua, Palatino;\">tungsabend.<\/span><span style=\"font-family: Book\\ Antiqua, Palatino; font-size: 12pt;\"> 2016 wurde der Planetenweg er\u00f6ffnet, der uns ab der Kantonsschule beim Stadtweiher begleitet hat.<br \/>\n<\/span><\/p>\n<div id=\"attachment_2466\" style=\"width: 810px\" class=\"wp-caption alignleft\"><img loading=\"lazy\" decoding=\"async\" aria-describedby=\"caption-attachment-2466\" class=\"size-full wp-image-2466\" src=\"http:\/\/reiseblock.ch\/wordpress\/wp-content\/uploads\/2018\/03\/Eschenmosen_2.jpg\" alt=\"Bei Eschenmosen\" width=\"800\" height=\"533\" srcset=\"https:\/\/reiseblock.ch\/wordpress\/wp-content\/uploads\/2018\/03\/Eschenmosen_2.jpg 800w, https:\/\/reiseblock.ch\/wordpress\/wp-content\/uploads\/2018\/03\/Eschenmosen_2-300x200.jpg 300w, https:\/\/reiseblock.ch\/wordpress\/wp-content\/uploads\/2018\/03\/Eschenmosen_2-768x512.jpg 768w\" sizes=\"auto, (max-width: 800px) 100vw, 800px\" \/><p id=\"caption-attachment-2466\" class=\"wp-caption-text\">Bei Eschenmosen<\/p><\/div>\n<p><span style=\"font-family: Book\\ Antiqua, Palatino; font-size: 12pt;\">Ab Eschenmosen gehts in einem gross\u00fcgigen Bogen \u00fcber Burghof und Heidegg bis zur <a href=\"http:\/\/www.haumuehle.ch\" target=\"_blank\" rel=\"noopener\">Haum\u00fcli<\/a> in Embrach. Die alte M\u00fchle und S\u00e4ge liegen in einem Naturschutzgebiet und bilden ein ideales Ausflugsziel. Hier findet z.B. ein M\u00fchlentag, Brottag oder das Dorffest statt. Ebenso k\u00f6nnen R\u00e4ume gemietet und F\u00fchrungen gebucht werden.<\/span><\/p>\n<div id=\"attachment_2468\" style=\"width: 810px\" class=\"wp-caption alignleft\"><img loading=\"lazy\" decoding=\"async\" aria-describedby=\"caption-attachment-2468\" class=\"size-full wp-image-2468\" src=\"http:\/\/reiseblock.ch\/wordpress\/wp-content\/uploads\/2018\/03\/Haumueli_2.jpg\" alt=\"\" width=\"800\" height=\"533\" srcset=\"https:\/\/reiseblock.ch\/wordpress\/wp-content\/uploads\/2018\/03\/Haumueli_2.jpg 800w, https:\/\/reiseblock.ch\/wordpress\/wp-content\/uploads\/2018\/03\/Haumueli_2-300x200.jpg 300w, https:\/\/reiseblock.ch\/wordpress\/wp-content\/uploads\/2018\/03\/Haumueli_2-768x512.jpg 768w\" sizes=\"auto, (max-width: 800px) 100vw, 800px\" \/><p id=\"caption-attachment-2468\" class=\"wp-caption-text\">Die Haum\u00fcli<\/p><\/div>\n<p><span style=\"font-family: Book\\ Antiqua, Palatino; font-size: 12pt;\">In 10 Minuten erreicht man den Bahnhof Embrach. Die vergangenen zwei Stunden waren abwechslungsreich.<\/span><\/p>\n<div id=\"attachment_2469\" style=\"width: 810px\" class=\"wp-caption alignleft\"><img loading=\"lazy\" decoding=\"async\" aria-describedby=\"caption-attachment-2469\" class=\"size-full wp-image-2469\" src=\"http:\/\/reiseblock.ch\/wordpress\/wp-content\/uploads\/2018\/03\/Embrach.jpg\" alt=\"Blick auf Embrach\" width=\"800\" height=\"533\" srcset=\"https:\/\/reiseblock.ch\/wordpress\/wp-content\/uploads\/2018\/03\/Embrach.jpg 800w, https:\/\/reiseblock.ch\/wordpress\/wp-content\/uploads\/2018\/03\/Embrach-300x200.jpg 300w, https:\/\/reiseblock.ch\/wordpress\/wp-content\/uploads\/2018\/03\/Embrach-768x512.jpg 768w\" sizes=\"auto, (max-width: 800px) 100vw, 800px\" \/><p id=\"caption-attachment-2469\" class=\"wp-caption-text\">Blick auf Embrach<\/p><\/div>\n<p>&nbsp;<\/p>\n","protected":false},"excerpt":{"rendered":"<p>Es ist die Zeit der kleinen Zwischensaison-Touren. Wer kennt den Weiler Eschemosen bei B\u00fclach? Dorthin f\u00fchrt eine kleine Wanderung, die uns in K\u00fcrze eine Auszeit [&#8230;]<\/p>\n","protected":false},"author":1,"featured_media":2465,"comment_status":"open","ping_status":"open","sticky":false,"template":"","format":"standard","meta":{"footnotes":""},"categories":[8],"tags":[136,326,325,323,324,137],"class_list":["post-2461","post","type-post","status-publish","format-standard","has-post-thumbnail","hentry","category-tipp","tag-buelach","tag-embrach","tag-haumueli","tag-planetenweg","tag-sternwarte-buelach","tag-weiher"],"yoast_head":"<!-- This site is optimized with the Yoast SEO plugin v27.8 - https:\/\/yoast.com\/product\/yoast-seo-wordpress\/ -->\n<title>Fr\u00fchlingstour nach Eschenmosen im Z\u00fcricher Unterland &#8211; Reiseblock<\/title>\n<meta name=\"description\" content=\"Eine kurze Fr\u00fchlingstour f\u00fchrt von B\u00fclach \u00fcber Eschenmosen nach Embrach. Unterwegs kommt man an der Sternwarte und der Haum\u00fcli vorbei.\" \/>\n<meta name=\"robots\" content=\"index, follow, max-snippet:-1, max-image-preview:large, max-video-preview:-1\" \/>\n<link rel=\"canonical\" href=\"https:\/\/reiseblock.ch\/wordpress\/2461-2\/\" \/>\n<meta property=\"og:locale\" content=\"de_DE\" \/>\n<meta property=\"og:type\" content=\"article\" \/>\n<meta property=\"og:title\" content=\"Fr\u00fchlingstour nach Eschenmosen im Z\u00fcricher Unterland &#8211; Reiseblock\" \/>\n<meta property=\"og:description\" content=\"Eine kurze Fr\u00fchlingstour f\u00fchrt von B\u00fclach \u00fcber Eschenmosen nach Embrach. Unterwegs kommt man an der Sternwarte und der Haum\u00fcli vorbei.\" \/>\n<meta property=\"og:url\" content=\"https:\/\/reiseblock.ch\/wordpress\/2461-2\/\" \/>\n<meta property=\"og:site_name\" content=\"Reiseblock\" \/>\n<meta property=\"article:published_time\" content=\"2018-03-23T12:12:06+00:00\" \/>\n<meta property=\"article:modified_time\" content=\"2018-04-04T18:08:24+00:00\" \/>\n<meta property=\"og:image\" content=\"https:\/\/reiseblock.ch\/wordpress\/wp-content\/uploads\/2018\/03\/Weiher.jpg\" \/>\n\t<meta property=\"og:image:width\" content=\"800\" \/>\n\t<meta property=\"og:image:height\" content=\"533\" \/>\n\t<meta property=\"og:image:type\" content=\"image\/jpeg\" \/>\n<meta name=\"author\" content=\"admin\" \/>\n<meta name=\"twitter:label1\" content=\"Verfasst von\" \/>\n\t<meta name=\"twitter:data1\" content=\"admin\" \/>\n\t<meta name=\"twitter:label2\" content=\"Gesch\u00e4tzte Lesezeit\" \/>\n\t<meta name=\"twitter:data2\" content=\"1\u00a0Minute\" \/>\n<script type=\"application\/ld+json\" class=\"yoast-schema-graph\">{\"@context\":\"https:\\\/\\\/schema.org\",\"@graph\":[{\"@type\":\"Article\",\"@id\":\"https:\\\/\\\/reiseblock.ch\\\/wordpress\\\/2461-2\\\/#article\",\"isPartOf\":{\"@id\":\"https:\\\/\\\/reiseblock.ch\\\/wordpress\\\/2461-2\\\/\"},\"author\":{\"name\":\"admin\",\"@id\":\"https:\\\/\\\/reiseblock.ch\\\/wordpress\\\/#\\\/schema\\\/person\\\/739b103f8e7941f579794d17e2187721\"},\"headline\":\"Fr\u00fchlingstour nach Eschenmosen im Z\u00fcricher Unterland\",\"datePublished\":\"2018-03-23T12:12:06+00:00\",\"dateModified\":\"2018-04-04T18:08:24+00:00\",\"mainEntityOfPage\":{\"@id\":\"https:\\\/\\\/reiseblock.ch\\\/wordpress\\\/2461-2\\\/\"},\"wordCount\":253,\"commentCount\":0,\"publisher\":{\"@id\":\"https:\\\/\\\/reiseblock.ch\\\/wordpress\\\/#\\\/schema\\\/person\\\/eafba14374f16d5fa4f73efd49243014\"},\"image\":{\"@id\":\"https:\\\/\\\/reiseblock.ch\\\/wordpress\\\/2461-2\\\/#primaryimage\"},\"thumbnailUrl\":\"https:\\\/\\\/reiseblock.ch\\\/wordpress\\\/wp-content\\\/uploads\\\/2018\\\/03\\\/Weiher.jpg\",\"keywords\":[\"B\u00fclach\",\"Embrach\",\"Haum\u00fcli\",\"Planetenweg\",\"Sternwarte B\u00fclach\",\"Weiher\"],\"articleSection\":[\"Tipp\"],\"inLanguage\":\"de\",\"potentialAction\":[{\"@type\":\"CommentAction\",\"name\":\"Comment\",\"target\":[\"https:\\\/\\\/reiseblock.ch\\\/wordpress\\\/2461-2\\\/#respond\"]}]},{\"@type\":\"WebPage\",\"@id\":\"https:\\\/\\\/reiseblock.ch\\\/wordpress\\\/2461-2\\\/\",\"url\":\"https:\\\/\\\/reiseblock.ch\\\/wordpress\\\/2461-2\\\/\",\"name\":\"Fr\u00fchlingstour nach Eschenmosen im Z\u00fcricher Unterland &#8211; Reiseblock\",\"isPartOf\":{\"@id\":\"https:\\\/\\\/reiseblock.ch\\\/wordpress\\\/#website\"},\"primaryImageOfPage\":{\"@id\":\"https:\\\/\\\/reiseblock.ch\\\/wordpress\\\/2461-2\\\/#primaryimage\"},\"image\":{\"@id\":\"https:\\\/\\\/reiseblock.ch\\\/wordpress\\\/2461-2\\\/#primaryimage\"},\"thumbnailUrl\":\"https:\\\/\\\/reiseblock.ch\\\/wordpress\\\/wp-content\\\/uploads\\\/2018\\\/03\\\/Weiher.jpg\",\"datePublished\":\"2018-03-23T12:12:06+00:00\",\"dateModified\":\"2018-04-04T18:08:24+00:00\",\"description\":\"Eine kurze Fr\u00fchlingstour f\u00fchrt von B\u00fclach \u00fcber Eschenmosen nach Embrach. Unterwegs kommt man an der Sternwarte und der Haum\u00fcli vorbei.\",\"breadcrumb\":{\"@id\":\"https:\\\/\\\/reiseblock.ch\\\/wordpress\\\/2461-2\\\/#breadcrumb\"},\"inLanguage\":\"de\",\"potentialAction\":[{\"@type\":\"ReadAction\",\"target\":[\"https:\\\/\\\/reiseblock.ch\\\/wordpress\\\/2461-2\\\/\"]}]},{\"@type\":\"ImageObject\",\"inLanguage\":\"de\",\"@id\":\"https:\\\/\\\/reiseblock.ch\\\/wordpress\\\/2461-2\\\/#primaryimage\",\"url\":\"https:\\\/\\\/reiseblock.ch\\\/wordpress\\\/wp-content\\\/uploads\\\/2018\\\/03\\\/Weiher.jpg\",\"contentUrl\":\"https:\\\/\\\/reiseblock.ch\\\/wordpress\\\/wp-content\\\/uploads\\\/2018\\\/03\\\/Weiher.jpg\",\"width\":800,\"height\":533,\"caption\":\"Der Stadtweiher von B\u00fclach\"},{\"@type\":\"BreadcrumbList\",\"@id\":\"https:\\\/\\\/reiseblock.ch\\\/wordpress\\\/2461-2\\\/#breadcrumb\",\"itemListElement\":[{\"@type\":\"ListItem\",\"position\":1,\"name\":\"Home\",\"item\":\"https:\\\/\\\/reiseblock.ch\\\/wordpress\\\/\"},{\"@type\":\"ListItem\",\"position\":2,\"name\":\"Fr\u00fchlingstour nach Eschenmosen im Z\u00fcricher Unterland\"}]},{\"@type\":\"WebSite\",\"@id\":\"https:\\\/\\\/reiseblock.ch\\\/wordpress\\\/#website\",\"url\":\"https:\\\/\\\/reiseblock.ch\\\/wordpress\\\/\",\"name\":\"Reiseblock\",\"description\":\"Ursula Kohlers ReiseWeise\",\"publisher\":{\"@id\":\"https:\\\/\\\/reiseblock.ch\\\/wordpress\\\/#\\\/schema\\\/person\\\/eafba14374f16d5fa4f73efd49243014\"},\"potentialAction\":[{\"@type\":\"SearchAction\",\"target\":{\"@type\":\"EntryPoint\",\"urlTemplate\":\"https:\\\/\\\/reiseblock.ch\\\/wordpress\\\/?s={search_term_string}\"},\"query-input\":{\"@type\":\"PropertyValueSpecification\",\"valueRequired\":true,\"valueName\":\"search_term_string\"}}],\"inLanguage\":\"de\"},{\"@type\":[\"Person\",\"Organization\"],\"@id\":\"https:\\\/\\\/reiseblock.ch\\\/wordpress\\\/#\\\/schema\\\/person\\\/eafba14374f16d5fa4f73efd49243014\",\"name\":\"Ursula Kohler\",\"image\":{\"@type\":\"ImageObject\",\"inLanguage\":\"de\",\"@id\":\"https:\\\/\\\/secure.gravatar.com\\\/avatar\\\/014d9b9a971f617638f4298cbb55f92d20b3bf0d1c9cc32f65333b2769bcf867?s=96&d=blank&r=g\",\"url\":\"https:\\\/\\\/secure.gravatar.com\\\/avatar\\\/014d9b9a971f617638f4298cbb55f92d20b3bf0d1c9cc32f65333b2769bcf867?s=96&d=blank&r=g\",\"contentUrl\":\"https:\\\/\\\/secure.gravatar.com\\\/avatar\\\/014d9b9a971f617638f4298cbb55f92d20b3bf0d1c9cc32f65333b2769bcf867?s=96&d=blank&r=g\",\"caption\":\"Ursula Kohler\"},\"logo\":{\"@id\":\"https:\\\/\\\/secure.gravatar.com\\\/avatar\\\/014d9b9a971f617638f4298cbb55f92d20b3bf0d1c9cc32f65333b2769bcf867?s=96&d=blank&r=g\"}},{\"@type\":\"Person\",\"@id\":\"https:\\\/\\\/reiseblock.ch\\\/wordpress\\\/#\\\/schema\\\/person\\\/739b103f8e7941f579794d17e2187721\",\"name\":\"admin\",\"image\":{\"@type\":\"ImageObject\",\"inLanguage\":\"de\",\"@id\":\"https:\\\/\\\/secure.gravatar.com\\\/avatar\\\/a0f702f22ecd58ce02800a54cb2055cabe1fa8d7cf75ab377ce2f2b8503f188c?s=96&d=blank&r=g\",\"url\":\"https:\\\/\\\/secure.gravatar.com\\\/avatar\\\/a0f702f22ecd58ce02800a54cb2055cabe1fa8d7cf75ab377ce2f2b8503f188c?s=96&d=blank&r=g\",\"contentUrl\":\"https:\\\/\\\/secure.gravatar.com\\\/avatar\\\/a0f702f22ecd58ce02800a54cb2055cabe1fa8d7cf75ab377ce2f2b8503f188c?s=96&d=blank&r=g\",\"caption\":\"admin\"},\"url\":\"https:\\\/\\\/reiseblock.ch\\\/wordpress\\\/author\\\/admin\\\/\"}]}<\/script>\n<!-- \/ Yoast SEO plugin. -->","yoast_head_json":{"title":"Fr\u00fchlingstour nach Eschenmosen im Z\u00fcricher Unterland &#8211; Reiseblock","description":"Eine kurze Fr\u00fchlingstour f\u00fchrt von B\u00fclach \u00fcber Eschenmosen nach Embrach. Unterwegs kommt man an der Sternwarte und der Haum\u00fcli vorbei.","robots":{"index":"index","follow":"follow","max-snippet":"max-snippet:-1","max-image-preview":"max-image-preview:large","max-video-preview":"max-video-preview:-1"},"canonical":"https:\/\/reiseblock.ch\/wordpress\/2461-2\/","og_locale":"de_DE","og_type":"article","og_title":"Fr\u00fchlingstour nach Eschenmosen im Z\u00fcricher Unterland &#8211; Reiseblock","og_description":"Eine kurze Fr\u00fchlingstour f\u00fchrt von B\u00fclach \u00fcber Eschenmosen nach Embrach. Unterwegs kommt man an der Sternwarte und der Haum\u00fcli vorbei.","og_url":"https:\/\/reiseblock.ch\/wordpress\/2461-2\/","og_site_name":"Reiseblock","article_published_time":"2018-03-23T12:12:06+00:00","article_modified_time":"2018-04-04T18:08:24+00:00","og_image":[{"width":800,"height":533,"url":"https:\/\/reiseblock.ch\/wordpress\/wp-content\/uploads\/2018\/03\/Weiher.jpg","type":"image\/jpeg"}],"author":"admin","twitter_misc":{"Verfasst von":"admin","Gesch\u00e4tzte Lesezeit":"1\u00a0Minute"},"schema":{"@context":"https:\/\/schema.org","@graph":[{"@type":"Article","@id":"https:\/\/reiseblock.ch\/wordpress\/2461-2\/#article","isPartOf":{"@id":"https:\/\/reiseblock.ch\/wordpress\/2461-2\/"},"author":{"name":"admin","@id":"https:\/\/reiseblock.ch\/wordpress\/#\/schema\/person\/739b103f8e7941f579794d17e2187721"},"headline":"Fr\u00fchlingstour nach Eschenmosen im Z\u00fcricher Unterland","datePublished":"2018-03-23T12:12:06+00:00","dateModified":"2018-04-04T18:08:24+00:00","mainEntityOfPage":{"@id":"https:\/\/reiseblock.ch\/wordpress\/2461-2\/"},"wordCount":253,"commentCount":0,"publisher":{"@id":"https:\/\/reiseblock.ch\/wordpress\/#\/schema\/person\/eafba14374f16d5fa4f73efd49243014"},"image":{"@id":"https:\/\/reiseblock.ch\/wordpress\/2461-2\/#primaryimage"},"thumbnailUrl":"https:\/\/reiseblock.ch\/wordpress\/wp-content\/uploads\/2018\/03\/Weiher.jpg","keywords":["B\u00fclach","Embrach","Haum\u00fcli","Planetenweg","Sternwarte B\u00fclach","Weiher"],"articleSection":["Tipp"],"inLanguage":"de","potentialAction":[{"@type":"CommentAction","name":"Comment","target":["https:\/\/reiseblock.ch\/wordpress\/2461-2\/#respond"]}]},{"@type":"WebPage","@id":"https:\/\/reiseblock.ch\/wordpress\/2461-2\/","url":"https:\/\/reiseblock.ch\/wordpress\/2461-2\/","name":"Fr\u00fchlingstour nach Eschenmosen im Z\u00fcricher Unterland &#8211; Reiseblock","isPartOf":{"@id":"https:\/\/reiseblock.ch\/wordpress\/#website"},"primaryImageOfPage":{"@id":"https:\/\/reiseblock.ch\/wordpress\/2461-2\/#primaryimage"},"image":{"@id":"https:\/\/reiseblock.ch\/wordpress\/2461-2\/#primaryimage"},"thumbnailUrl":"https:\/\/reiseblock.ch\/wordpress\/wp-content\/uploads\/2018\/03\/Weiher.jpg","datePublished":"2018-03-23T12:12:06+00:00","dateModified":"2018-04-04T18:08:24+00:00","description":"Eine kurze Fr\u00fchlingstour f\u00fchrt von B\u00fclach \u00fcber Eschenmosen nach Embrach. Unterwegs kommt man an der Sternwarte und der Haum\u00fcli vorbei.","breadcrumb":{"@id":"https:\/\/reiseblock.ch\/wordpress\/2461-2\/#breadcrumb"},"inLanguage":"de","potentialAction":[{"@type":"ReadAction","target":["https:\/\/reiseblock.ch\/wordpress\/2461-2\/"]}]},{"@type":"ImageObject","inLanguage":"de","@id":"https:\/\/reiseblock.ch\/wordpress\/2461-2\/#primaryimage","url":"https:\/\/reiseblock.ch\/wordpress\/wp-content\/uploads\/2018\/03\/Weiher.jpg","contentUrl":"https:\/\/reiseblock.ch\/wordpress\/wp-content\/uploads\/2018\/03\/Weiher.jpg","width":800,"height":533,"caption":"Der Stadtweiher von B\u00fclach"},{"@type":"BreadcrumbList","@id":"https:\/\/reiseblock.ch\/wordpress\/2461-2\/#breadcrumb","itemListElement":[{"@type":"ListItem","position":1,"name":"Home","item":"https:\/\/reiseblock.ch\/wordpress\/"},{"@type":"ListItem","position":2,"name":"Fr\u00fchlingstour nach Eschenmosen im Z\u00fcricher Unterland"}]},{"@type":"WebSite","@id":"https:\/\/reiseblock.ch\/wordpress\/#website","url":"https:\/\/reiseblock.ch\/wordpress\/","name":"Reiseblock","description":"Ursula Kohlers ReiseWeise","publisher":{"@id":"https:\/\/reiseblock.ch\/wordpress\/#\/schema\/person\/eafba14374f16d5fa4f73efd49243014"},"potentialAction":[{"@type":"SearchAction","target":{"@type":"EntryPoint","urlTemplate":"https:\/\/reiseblock.ch\/wordpress\/?s={search_term_string}"},"query-input":{"@type":"PropertyValueSpecification","valueRequired":true,"valueName":"search_term_string"}}],"inLanguage":"de"},{"@type":["Person","Organization"],"@id":"https:\/\/reiseblock.ch\/wordpress\/#\/schema\/person\/eafba14374f16d5fa4f73efd49243014","name":"Ursula Kohler","image":{"@type":"ImageObject","inLanguage":"de","@id":"https:\/\/secure.gravatar.com\/avatar\/014d9b9a971f617638f4298cbb55f92d20b3bf0d1c9cc32f65333b2769bcf867?s=96&d=blank&r=g","url":"https:\/\/secure.gravatar.com\/avatar\/014d9b9a971f617638f4298cbb55f92d20b3bf0d1c9cc32f65333b2769bcf867?s=96&d=blank&r=g","contentUrl":"https:\/\/secure.gravatar.com\/avatar\/014d9b9a971f617638f4298cbb55f92d20b3bf0d1c9cc32f65333b2769bcf867?s=96&d=blank&r=g","caption":"Ursula Kohler"},"logo":{"@id":"https:\/\/secure.gravatar.com\/avatar\/014d9b9a971f617638f4298cbb55f92d20b3bf0d1c9cc32f65333b2769bcf867?s=96&d=blank&r=g"}},{"@type":"Person","@id":"https:\/\/reiseblock.ch\/wordpress\/#\/schema\/person\/739b103f8e7941f579794d17e2187721","name":"admin","image":{"@type":"ImageObject","inLanguage":"de","@id":"https:\/\/secure.gravatar.com\/avatar\/a0f702f22ecd58ce02800a54cb2055cabe1fa8d7cf75ab377ce2f2b8503f188c?s=96&d=blank&r=g","url":"https:\/\/secure.gravatar.com\/avatar\/a0f702f22ecd58ce02800a54cb2055cabe1fa8d7cf75ab377ce2f2b8503f188c?s=96&d=blank&r=g","contentUrl":"https:\/\/secure.gravatar.com\/avatar\/a0f702f22ecd58ce02800a54cb2055cabe1fa8d7cf75ab377ce2f2b8503f188c?s=96&d=blank&r=g","caption":"admin"},"url":"https:\/\/reiseblock.ch\/wordpress\/author\/admin\/"}]}},"_links":{"self":[{"href":"https:\/\/reiseblock.ch\/wordpress\/wp-json\/wp\/v2\/posts\/2461","targetHints":{"allow":["GET"]}}],"collection":[{"href":"https:\/\/reiseblock.ch\/wordpress\/wp-json\/wp\/v2\/posts"}],"about":[{"href":"https:\/\/reiseblock.ch\/wordpress\/wp-json\/wp\/v2\/types\/post"}],"author":[{"embeddable":true,"href":"https:\/\/reiseblock.ch\/wordpress\/wp-json\/wp\/v2\/users\/1"}],"replies":[{"embeddable":true,"href":"https:\/\/reiseblock.ch\/wordpress\/wp-json\/wp\/v2\/comments?post=2461"}],"version-history":[{"count":10,"href":"https:\/\/reiseblock.ch\/wordpress\/wp-json\/wp\/v2\/posts\/2461\/revisions"}],"predecessor-version":[{"id":2503,"href":"https:\/\/reiseblock.ch\/wordpress\/wp-json\/wp\/v2\/posts\/2461\/revisions\/2503"}],"wp:featuredmedia":[{"embeddable":true,"href":"https:\/\/reiseblock.ch\/wordpress\/wp-json\/wp\/v2\/media\/2465"}],"wp:attachment":[{"href":"https:\/\/reiseblock.ch\/wordpress\/wp-json\/wp\/v2\/media?parent=2461"}],"wp:term":[{"taxonomy":"category","embeddable":true,"href":"https:\/\/reiseblock.ch\/wordpress\/wp-json\/wp\/v2\/categories?post=2461"},{"taxonomy":"post_tag","embeddable":true,"href":"https:\/\/reiseblock.ch\/wordpress\/wp-json\/wp\/v2\/tags?post=2461"}],"curies":[{"name":"wp","href":"https:\/\/api.w.org\/{rel}","templated":true}]}}