{"id":2449,"date":"2018-03-09T16:06:03","date_gmt":"2018-03-09T15:06:03","guid":{"rendered":"http:\/\/reiseblock.ch\/?p=2449"},"modified":"2025-11-08T21:32:05","modified_gmt":"2025-11-08T20:32:05","slug":"2449-2","status":"publish","type":"post","link":"https:\/\/reiseblock.ch\/wordpress\/2449-2\/","title":{"rendered":"Zu Besuch in der Vogelwarte Sempach"},"content":{"rendered":"<p><span style=\"font-size: 18pt;\"><em><span style=\"font-family: Book\\ Antiqua, Palatino;\">Mit einem Besuch in der Vogelwarte Sempach kann man gleich zwei Fliegen auf einen Schlag treffen: Sein Wissen \u00fcber V\u00f6gel erweitern und die sch\u00f6ne Natur am Sempachersee geniessen.<\/span><\/em><\/span><\/p>\n<p><!--more--><\/p>\n<div id=\"attachment_2452\" style=\"width: 810px\" class=\"wp-caption alignleft\"><img loading=\"lazy\" decoding=\"async\" aria-describedby=\"caption-attachment-2452\" class=\"wp-image-2452 size-full\" src=\"http:\/\/reiseblock.ch\/wordpress\/wp-content\/uploads\/2018\/03\/Zentrum.jpg\" alt=\"Das Besucherzentrum der Vogelwarte\" width=\"800\" height=\"533\" srcset=\"https:\/\/reiseblock.ch\/wordpress\/wp-content\/uploads\/2018\/03\/Zentrum.jpg 800w, https:\/\/reiseblock.ch\/wordpress\/wp-content\/uploads\/2018\/03\/Zentrum-300x200.jpg 300w, https:\/\/reiseblock.ch\/wordpress\/wp-content\/uploads\/2018\/03\/Zentrum-768x512.jpg 768w\" sizes=\"auto, (max-width: 800px) 100vw, 800px\" \/><p id=\"caption-attachment-2452\" class=\"wp-caption-text\">Das Besucherzentrum der Vogelwarte<\/p><\/div>\n<p><span style=\"font-family: Book\\ Antiqua, Palatino; font-size: 12pt;\">Es ist nicht so, dass ich viel \u00fcber V\u00f6gel weiss oder einen speziellen Bezug zu den V\u00f6geln gehabt h\u00e4tte. Und doch, die Vogelwarte in Sempach, die wollte ich einmal besuchen. Es hat sich gelohnt.\u00a0<\/span><\/p>\n<p><span style=\"font-family: Book\\ Antiqua, Palatino; font-size: 12pt;\">Gerade wer nicht viel weiss, kommt nach einem Besuch anders raus. Es bleibt eine Ehrfurcht vor der Vogelwelt \u2013 und auch vor der Leistung, die die Vogelwarte in Sempach leistet.<\/span><\/p>\n<p><span style=\"font-family: Book\\ Antiqua, Palatino; font-size: 12pt;\">Eines fand ich immer schon faszinierend: der Zug der V\u00f6gel in den S\u00fcden. Jetzt, Anfang M\u00e4rz, kehren laut Vogelwarte unter anderem die Singdrossel und Feldlerche zur\u00fcck. \u00dcber alle V\u00f6gel findet man auf der Website diese und viele weitere Informationen. <\/span><\/p>\n<div id=\"attachment_2450\" style=\"width: 810px\" class=\"wp-caption alignleft\"><img loading=\"lazy\" decoding=\"async\" aria-describedby=\"caption-attachment-2450\" class=\"size-full wp-image-2450\" src=\"http:\/\/reiseblock.ch\/wordpress\/wp-content\/uploads\/2018\/03\/Aussen.jpg\" alt=\"Aussenbereich der Vogelwarte \" width=\"800\" height=\"533\" srcset=\"https:\/\/reiseblock.ch\/wordpress\/wp-content\/uploads\/2018\/03\/Aussen.jpg 800w, https:\/\/reiseblock.ch\/wordpress\/wp-content\/uploads\/2018\/03\/Aussen-300x200.jpg 300w, https:\/\/reiseblock.ch\/wordpress\/wp-content\/uploads\/2018\/03\/Aussen-768x512.jpg 768w\" sizes=\"auto, (max-width: 800px) 100vw, 800px\" \/><p id=\"caption-attachment-2450\" class=\"wp-caption-text\">Aussenbereich der Vogelwarte<\/p><\/div>\n<p><span style=\"font-family: Book\\ Antiqua, Palatino; font-size: 12pt;\">Im Jahr 2015 wurde in Sempach das neue<a href=\"http:\/\/www.vogelwarte.ch\" target=\"_blank\" rel=\"noopener\"> Besucherzentrum<\/a> er\u00f6ffnet. In dem modernen Geb\u00e4ude lockt eine interaktive Ausstellung zu Themen wie Fressen, \u00dcberleben und Federn aus der Vogelwelt. Zum Schluss der Ausstellung wird man selbst ein klein wenig zum Vogel.\u00a0 <\/span><\/p>\n<p><span style=\"font-family: Book\\ Antiqua, Palatino; font-size: 12pt;\">\u00dcbrigens ist der Grossteil der Arbeit in der Vogelwarte unsichtbar. Neben der Erforschung der Lebenswelt der V\u00f6gel nimmt die Pflege von verletzten V\u00f6geln einen Grossteil der Arbeit in Anspruch.<\/span><\/p>\n<div id=\"attachment_2451\" style=\"width: 810px\" class=\"wp-caption alignleft\"><img loading=\"lazy\" decoding=\"async\" aria-describedby=\"caption-attachment-2451\" class=\"size-full wp-image-2451\" src=\"http:\/\/reiseblock.ch\/wordpress\/wp-content\/uploads\/2018\/03\/Sempachersee.jpg\" alt=\"Die Vogelwarte liegt am Sempachersee\" width=\"800\" height=\"533\" srcset=\"https:\/\/reiseblock.ch\/wordpress\/wp-content\/uploads\/2018\/03\/Sempachersee.jpg 800w, https:\/\/reiseblock.ch\/wordpress\/wp-content\/uploads\/2018\/03\/Sempachersee-300x200.jpg 300w, https:\/\/reiseblock.ch\/wordpress\/wp-content\/uploads\/2018\/03\/Sempachersee-768x512.jpg 768w\" sizes=\"auto, (max-width: 800px) 100vw, 800px\" \/><p id=\"caption-attachment-2451\" class=\"wp-caption-text\">Die Vogelwarte liegt am Sempachersee<\/p><\/div>\n<p><span style=\"font-family: Book\\ Antiqua, Palatino; font-size: 12pt;\">Sempachersee und das St\u00e4dtchen Sempach runden den Besuch in der Vogelwarte ideal ab.<\/span><\/p>\n<div id=\"attachment_2453\" style=\"width: 810px\" class=\"wp-caption alignleft\"><img loading=\"lazy\" decoding=\"async\" aria-describedby=\"caption-attachment-2453\" class=\"size-full wp-image-2453\" src=\"http:\/\/reiseblock.ch\/wordpress\/wp-content\/uploads\/2018\/03\/Sempach.jpg\" alt=\"Durchs St\u00e4dtchen Sempach schlendern geh\u00f6rt dazu\" width=\"800\" height=\"533\" srcset=\"https:\/\/reiseblock.ch\/wordpress\/wp-content\/uploads\/2018\/03\/Sempach.jpg 800w, https:\/\/reiseblock.ch\/wordpress\/wp-content\/uploads\/2018\/03\/Sempach-300x200.jpg 300w, https:\/\/reiseblock.ch\/wordpress\/wp-content\/uploads\/2018\/03\/Sempach-768x512.jpg 768w\" sizes=\"auto, (max-width: 800px) 100vw, 800px\" \/><p id=\"caption-attachment-2453\" class=\"wp-caption-text\">Durchs St\u00e4dtchen Sempach schlendern geh\u00f6rt dazu<\/p><\/div>\n<p>&nbsp;<\/p>\n","protected":false},"excerpt":{"rendered":"<p>Mit einem Besuch in der Vogelwarte Sempach kann man gleich zwei Fliegen auf einen Schlag treffen: Sein Wissen \u00fcber V\u00f6gel erweitern und die sch\u00f6ne Natur [&#8230;]<\/p>\n","protected":false},"author":1,"featured_media":2452,"comment_status":"open","ping_status":"open","sticky":false,"template":"","format":"standard","meta":{"footnotes":""},"categories":[8],"tags":[321,55,322],"class_list":["post-2449","post","type-post","status-publish","format-standard","has-post-thumbnail","hentry","category-tipp","tag-sempach","tag-sempachersee","tag-vogelwarte"],"yoast_head":"<!-- This site is optimized with the Yoast SEO plugin v27.8 - https:\/\/yoast.com\/product\/yoast-seo-wordpress\/ -->\n<title>Zu Besuch in der Vogelwarte Sempach &#8211; Reiseblock<\/title>\n<meta name=\"description\" content=\"Die Vogelwarte in Sempach hat w\u00e4hrend des ganzen Jahres ge\u00f6ffnet. Ein Besuch lohnt sich nicht nur f\u00fcr Vogelkundige.\" \/>\n<meta name=\"robots\" content=\"index, follow, max-snippet:-1, max-image-preview:large, max-video-preview:-1\" \/>\n<link rel=\"canonical\" href=\"https:\/\/reiseblock.ch\/wordpress\/2449-2\/\" \/>\n<meta property=\"og:locale\" content=\"de_DE\" \/>\n<meta property=\"og:type\" content=\"article\" \/>\n<meta property=\"og:title\" content=\"Zu Besuch in der Vogelwarte Sempach &#8211; Reiseblock\" \/>\n<meta property=\"og:description\" content=\"Die Vogelwarte in Sempach hat w\u00e4hrend des ganzen Jahres ge\u00f6ffnet. Ein Besuch lohnt sich nicht nur f\u00fcr Vogelkundige.\" \/>\n<meta property=\"og:url\" content=\"https:\/\/reiseblock.ch\/wordpress\/2449-2\/\" \/>\n<meta property=\"og:site_name\" content=\"Reiseblock\" \/>\n<meta property=\"article:published_time\" content=\"2018-03-09T15:06:03+00:00\" \/>\n<meta property=\"article:modified_time\" content=\"2025-11-08T20:32:05+00:00\" \/>\n<meta property=\"og:image\" content=\"https:\/\/reiseblock.ch\/wordpress\/wp-content\/uploads\/2018\/03\/Zentrum.jpg\" \/>\n\t<meta property=\"og:image:width\" content=\"800\" \/>\n\t<meta property=\"og:image:height\" content=\"533\" \/>\n\t<meta property=\"og:image:type\" content=\"image\/jpeg\" \/>\n<meta name=\"author\" content=\"admin\" \/>\n<meta name=\"twitter:label1\" content=\"Verfasst von\" \/>\n\t<meta name=\"twitter:data1\" content=\"admin\" \/>\n\t<meta name=\"twitter:label2\" content=\"Gesch\u00e4tzte Lesezeit\" \/>\n\t<meta name=\"twitter:data2\" content=\"3\u00a0Minuten\" \/>\n<script type=\"application\/ld+json\" class=\"yoast-schema-graph\">{\"@context\":\"https:\\\/\\\/schema.org\",\"@graph\":[{\"@type\":\"Article\",\"@id\":\"https:\\\/\\\/reiseblock.ch\\\/wordpress\\\/2449-2\\\/#article\",\"isPartOf\":{\"@id\":\"https:\\\/\\\/reiseblock.ch\\\/wordpress\\\/2449-2\\\/\"},\"author\":{\"name\":\"admin\",\"@id\":\"https:\\\/\\\/reiseblock.ch\\\/wordpress\\\/#\\\/schema\\\/person\\\/739b103f8e7941f579794d17e2187721\"},\"headline\":\"Zu Besuch in der Vogelwarte Sempach\",\"datePublished\":\"2018-03-09T15:06:03+00:00\",\"dateModified\":\"2025-11-08T20:32:05+00:00\",\"mainEntityOfPage\":{\"@id\":\"https:\\\/\\\/reiseblock.ch\\\/wordpress\\\/2449-2\\\/\"},\"wordCount\":281,\"commentCount\":0,\"publisher\":{\"@id\":\"https:\\\/\\\/reiseblock.ch\\\/wordpress\\\/#\\\/schema\\\/person\\\/eafba14374f16d5fa4f73efd49243014\"},\"image\":{\"@id\":\"https:\\\/\\\/reiseblock.ch\\\/wordpress\\\/2449-2\\\/#primaryimage\"},\"thumbnailUrl\":\"https:\\\/\\\/reiseblock.ch\\\/wordpress\\\/wp-content\\\/uploads\\\/2018\\\/03\\\/Zentrum.jpg\",\"keywords\":[\"Sempach\",\"Sempachersee\",\"Vogelwarte\"],\"articleSection\":[\"Tipp\"],\"inLanguage\":\"de\",\"potentialAction\":[{\"@type\":\"CommentAction\",\"name\":\"Comment\",\"target\":[\"https:\\\/\\\/reiseblock.ch\\\/wordpress\\\/2449-2\\\/#respond\"]}]},{\"@type\":\"WebPage\",\"@id\":\"https:\\\/\\\/reiseblock.ch\\\/wordpress\\\/2449-2\\\/\",\"url\":\"https:\\\/\\\/reiseblock.ch\\\/wordpress\\\/2449-2\\\/\",\"name\":\"Zu Besuch in der Vogelwarte Sempach &#8211; Reiseblock\",\"isPartOf\":{\"@id\":\"https:\\\/\\\/reiseblock.ch\\\/wordpress\\\/#website\"},\"primaryImageOfPage\":{\"@id\":\"https:\\\/\\\/reiseblock.ch\\\/wordpress\\\/2449-2\\\/#primaryimage\"},\"image\":{\"@id\":\"https:\\\/\\\/reiseblock.ch\\\/wordpress\\\/2449-2\\\/#primaryimage\"},\"thumbnailUrl\":\"https:\\\/\\\/reiseblock.ch\\\/wordpress\\\/wp-content\\\/uploads\\\/2018\\\/03\\\/Zentrum.jpg\",\"datePublished\":\"2018-03-09T15:06:03+00:00\",\"dateModified\":\"2025-11-08T20:32:05+00:00\",\"description\":\"Die Vogelwarte in Sempach hat w\u00e4hrend des ganzen Jahres ge\u00f6ffnet. Ein Besuch lohnt sich nicht nur f\u00fcr Vogelkundige.\",\"breadcrumb\":{\"@id\":\"https:\\\/\\\/reiseblock.ch\\\/wordpress\\\/2449-2\\\/#breadcrumb\"},\"inLanguage\":\"de\",\"potentialAction\":[{\"@type\":\"ReadAction\",\"target\":[\"https:\\\/\\\/reiseblock.ch\\\/wordpress\\\/2449-2\\\/\"]}]},{\"@type\":\"ImageObject\",\"inLanguage\":\"de\",\"@id\":\"https:\\\/\\\/reiseblock.ch\\\/wordpress\\\/2449-2\\\/#primaryimage\",\"url\":\"https:\\\/\\\/reiseblock.ch\\\/wordpress\\\/wp-content\\\/uploads\\\/2018\\\/03\\\/Zentrum.jpg\",\"contentUrl\":\"https:\\\/\\\/reiseblock.ch\\\/wordpress\\\/wp-content\\\/uploads\\\/2018\\\/03\\\/Zentrum.jpg\",\"width\":800,\"height\":533,\"caption\":\"Im St\u00e4dtchen Sempach\"},{\"@type\":\"BreadcrumbList\",\"@id\":\"https:\\\/\\\/reiseblock.ch\\\/wordpress\\\/2449-2\\\/#breadcrumb\",\"itemListElement\":[{\"@type\":\"ListItem\",\"position\":1,\"name\":\"Home\",\"item\":\"https:\\\/\\\/reiseblock.ch\\\/wordpress\\\/\"},{\"@type\":\"ListItem\",\"position\":2,\"name\":\"Zu Besuch in der Vogelwarte Sempach\"}]},{\"@type\":\"WebSite\",\"@id\":\"https:\\\/\\\/reiseblock.ch\\\/wordpress\\\/#website\",\"url\":\"https:\\\/\\\/reiseblock.ch\\\/wordpress\\\/\",\"name\":\"Reiseblock\",\"description\":\"Ursula Kohlers ReiseWeise\",\"publisher\":{\"@id\":\"https:\\\/\\\/reiseblock.ch\\\/wordpress\\\/#\\\/schema\\\/person\\\/eafba14374f16d5fa4f73efd49243014\"},\"potentialAction\":[{\"@type\":\"SearchAction\",\"target\":{\"@type\":\"EntryPoint\",\"urlTemplate\":\"https:\\\/\\\/reiseblock.ch\\\/wordpress\\\/?s={search_term_string}\"},\"query-input\":{\"@type\":\"PropertyValueSpecification\",\"valueRequired\":true,\"valueName\":\"search_term_string\"}}],\"inLanguage\":\"de\"},{\"@type\":[\"Person\",\"Organization\"],\"@id\":\"https:\\\/\\\/reiseblock.ch\\\/wordpress\\\/#\\\/schema\\\/person\\\/eafba14374f16d5fa4f73efd49243014\",\"name\":\"Ursula Kohler\",\"image\":{\"@type\":\"ImageObject\",\"inLanguage\":\"de\",\"@id\":\"https:\\\/\\\/secure.gravatar.com\\\/avatar\\\/014d9b9a971f617638f4298cbb55f92d20b3bf0d1c9cc32f65333b2769bcf867?s=96&d=blank&r=g\",\"url\":\"https:\\\/\\\/secure.gravatar.com\\\/avatar\\\/014d9b9a971f617638f4298cbb55f92d20b3bf0d1c9cc32f65333b2769bcf867?s=96&d=blank&r=g\",\"contentUrl\":\"https:\\\/\\\/secure.gravatar.com\\\/avatar\\\/014d9b9a971f617638f4298cbb55f92d20b3bf0d1c9cc32f65333b2769bcf867?s=96&d=blank&r=g\",\"caption\":\"Ursula Kohler\"},\"logo\":{\"@id\":\"https:\\\/\\\/secure.gravatar.com\\\/avatar\\\/014d9b9a971f617638f4298cbb55f92d20b3bf0d1c9cc32f65333b2769bcf867?s=96&d=blank&r=g\"}},{\"@type\":\"Person\",\"@id\":\"https:\\\/\\\/reiseblock.ch\\\/wordpress\\\/#\\\/schema\\\/person\\\/739b103f8e7941f579794d17e2187721\",\"name\":\"admin\",\"image\":{\"@type\":\"ImageObject\",\"inLanguage\":\"de\",\"@id\":\"https:\\\/\\\/secure.gravatar.com\\\/avatar\\\/a0f702f22ecd58ce02800a54cb2055cabe1fa8d7cf75ab377ce2f2b8503f188c?s=96&d=blank&r=g\",\"url\":\"https:\\\/\\\/secure.gravatar.com\\\/avatar\\\/a0f702f22ecd58ce02800a54cb2055cabe1fa8d7cf75ab377ce2f2b8503f188c?s=96&d=blank&r=g\",\"contentUrl\":\"https:\\\/\\\/secure.gravatar.com\\\/avatar\\\/a0f702f22ecd58ce02800a54cb2055cabe1fa8d7cf75ab377ce2f2b8503f188c?s=96&d=blank&r=g\",\"caption\":\"admin\"},\"url\":\"https:\\\/\\\/reiseblock.ch\\\/wordpress\\\/author\\\/admin\\\/\"}]}<\/script>\n<!-- \/ Yoast SEO plugin. -->","yoast_head_json":{"title":"Zu Besuch in der Vogelwarte Sempach &#8211; Reiseblock","description":"Die Vogelwarte in Sempach hat w\u00e4hrend des ganzen Jahres ge\u00f6ffnet. Ein Besuch lohnt sich nicht nur f\u00fcr Vogelkundige.","robots":{"index":"index","follow":"follow","max-snippet":"max-snippet:-1","max-image-preview":"max-image-preview:large","max-video-preview":"max-video-preview:-1"},"canonical":"https:\/\/reiseblock.ch\/wordpress\/2449-2\/","og_locale":"de_DE","og_type":"article","og_title":"Zu Besuch in der Vogelwarte Sempach &#8211; Reiseblock","og_description":"Die Vogelwarte in Sempach hat w\u00e4hrend des ganzen Jahres ge\u00f6ffnet. Ein Besuch lohnt sich nicht nur f\u00fcr Vogelkundige.","og_url":"https:\/\/reiseblock.ch\/wordpress\/2449-2\/","og_site_name":"Reiseblock","article_published_time":"2018-03-09T15:06:03+00:00","article_modified_time":"2025-11-08T20:32:05+00:00","og_image":[{"width":800,"height":533,"url":"https:\/\/reiseblock.ch\/wordpress\/wp-content\/uploads\/2018\/03\/Zentrum.jpg","type":"image\/jpeg"}],"author":"admin","twitter_misc":{"Verfasst von":"admin","Gesch\u00e4tzte Lesezeit":"3\u00a0Minuten"},"schema":{"@context":"https:\/\/schema.org","@graph":[{"@type":"Article","@id":"https:\/\/reiseblock.ch\/wordpress\/2449-2\/#article","isPartOf":{"@id":"https:\/\/reiseblock.ch\/wordpress\/2449-2\/"},"author":{"name":"admin","@id":"https:\/\/reiseblock.ch\/wordpress\/#\/schema\/person\/739b103f8e7941f579794d17e2187721"},"headline":"Zu Besuch in der Vogelwarte Sempach","datePublished":"2018-03-09T15:06:03+00:00","dateModified":"2025-11-08T20:32:05+00:00","mainEntityOfPage":{"@id":"https:\/\/reiseblock.ch\/wordpress\/2449-2\/"},"wordCount":281,"commentCount":0,"publisher":{"@id":"https:\/\/reiseblock.ch\/wordpress\/#\/schema\/person\/eafba14374f16d5fa4f73efd49243014"},"image":{"@id":"https:\/\/reiseblock.ch\/wordpress\/2449-2\/#primaryimage"},"thumbnailUrl":"https:\/\/reiseblock.ch\/wordpress\/wp-content\/uploads\/2018\/03\/Zentrum.jpg","keywords":["Sempach","Sempachersee","Vogelwarte"],"articleSection":["Tipp"],"inLanguage":"de","potentialAction":[{"@type":"CommentAction","name":"Comment","target":["https:\/\/reiseblock.ch\/wordpress\/2449-2\/#respond"]}]},{"@type":"WebPage","@id":"https:\/\/reiseblock.ch\/wordpress\/2449-2\/","url":"https:\/\/reiseblock.ch\/wordpress\/2449-2\/","name":"Zu Besuch in der Vogelwarte Sempach &#8211; Reiseblock","isPartOf":{"@id":"https:\/\/reiseblock.ch\/wordpress\/#website"},"primaryImageOfPage":{"@id":"https:\/\/reiseblock.ch\/wordpress\/2449-2\/#primaryimage"},"image":{"@id":"https:\/\/reiseblock.ch\/wordpress\/2449-2\/#primaryimage"},"thumbnailUrl":"https:\/\/reiseblock.ch\/wordpress\/wp-content\/uploads\/2018\/03\/Zentrum.jpg","datePublished":"2018-03-09T15:06:03+00:00","dateModified":"2025-11-08T20:32:05+00:00","description":"Die Vogelwarte in Sempach hat w\u00e4hrend des ganzen Jahres ge\u00f6ffnet. Ein Besuch lohnt sich nicht nur f\u00fcr Vogelkundige.","breadcrumb":{"@id":"https:\/\/reiseblock.ch\/wordpress\/2449-2\/#breadcrumb"},"inLanguage":"de","potentialAction":[{"@type":"ReadAction","target":["https:\/\/reiseblock.ch\/wordpress\/2449-2\/"]}]},{"@type":"ImageObject","inLanguage":"de","@id":"https:\/\/reiseblock.ch\/wordpress\/2449-2\/#primaryimage","url":"https:\/\/reiseblock.ch\/wordpress\/wp-content\/uploads\/2018\/03\/Zentrum.jpg","contentUrl":"https:\/\/reiseblock.ch\/wordpress\/wp-content\/uploads\/2018\/03\/Zentrum.jpg","width":800,"height":533,"caption":"Im St\u00e4dtchen Sempach"},{"@type":"BreadcrumbList","@id":"https:\/\/reiseblock.ch\/wordpress\/2449-2\/#breadcrumb","itemListElement":[{"@type":"ListItem","position":1,"name":"Home","item":"https:\/\/reiseblock.ch\/wordpress\/"},{"@type":"ListItem","position":2,"name":"Zu Besuch in der Vogelwarte Sempach"}]},{"@type":"WebSite","@id":"https:\/\/reiseblock.ch\/wordpress\/#website","url":"https:\/\/reiseblock.ch\/wordpress\/","name":"Reiseblock","description":"Ursula Kohlers ReiseWeise","publisher":{"@id":"https:\/\/reiseblock.ch\/wordpress\/#\/schema\/person\/eafba14374f16d5fa4f73efd49243014"},"potentialAction":[{"@type":"SearchAction","target":{"@type":"EntryPoint","urlTemplate":"https:\/\/reiseblock.ch\/wordpress\/?s={search_term_string}"},"query-input":{"@type":"PropertyValueSpecification","valueRequired":true,"valueName":"search_term_string"}}],"inLanguage":"de"},{"@type":["Person","Organization"],"@id":"https:\/\/reiseblock.ch\/wordpress\/#\/schema\/person\/eafba14374f16d5fa4f73efd49243014","name":"Ursula Kohler","image":{"@type":"ImageObject","inLanguage":"de","@id":"https:\/\/secure.gravatar.com\/avatar\/014d9b9a971f617638f4298cbb55f92d20b3bf0d1c9cc32f65333b2769bcf867?s=96&d=blank&r=g","url":"https:\/\/secure.gravatar.com\/avatar\/014d9b9a971f617638f4298cbb55f92d20b3bf0d1c9cc32f65333b2769bcf867?s=96&d=blank&r=g","contentUrl":"https:\/\/secure.gravatar.com\/avatar\/014d9b9a971f617638f4298cbb55f92d20b3bf0d1c9cc32f65333b2769bcf867?s=96&d=blank&r=g","caption":"Ursula Kohler"},"logo":{"@id":"https:\/\/secure.gravatar.com\/avatar\/014d9b9a971f617638f4298cbb55f92d20b3bf0d1c9cc32f65333b2769bcf867?s=96&d=blank&r=g"}},{"@type":"Person","@id":"https:\/\/reiseblock.ch\/wordpress\/#\/schema\/person\/739b103f8e7941f579794d17e2187721","name":"admin","image":{"@type":"ImageObject","inLanguage":"de","@id":"https:\/\/secure.gravatar.com\/avatar\/a0f702f22ecd58ce02800a54cb2055cabe1fa8d7cf75ab377ce2f2b8503f188c?s=96&d=blank&r=g","url":"https:\/\/secure.gravatar.com\/avatar\/a0f702f22ecd58ce02800a54cb2055cabe1fa8d7cf75ab377ce2f2b8503f188c?s=96&d=blank&r=g","contentUrl":"https:\/\/secure.gravatar.com\/avatar\/a0f702f22ecd58ce02800a54cb2055cabe1fa8d7cf75ab377ce2f2b8503f188c?s=96&d=blank&r=g","caption":"admin"},"url":"https:\/\/reiseblock.ch\/wordpress\/author\/admin\/"}]}},"_links":{"self":[{"href":"https:\/\/reiseblock.ch\/wordpress\/wp-json\/wp\/v2\/posts\/2449","targetHints":{"allow":["GET"]}}],"collection":[{"href":"https:\/\/reiseblock.ch\/wordpress\/wp-json\/wp\/v2\/posts"}],"about":[{"href":"https:\/\/reiseblock.ch\/wordpress\/wp-json\/wp\/v2\/types\/post"}],"author":[{"embeddable":true,"href":"https:\/\/reiseblock.ch\/wordpress\/wp-json\/wp\/v2\/users\/1"}],"replies":[{"embeddable":true,"href":"https:\/\/reiseblock.ch\/wordpress\/wp-json\/wp\/v2\/comments?post=2449"}],"version-history":[{"count":4,"href":"https:\/\/reiseblock.ch\/wordpress\/wp-json\/wp\/v2\/posts\/2449\/revisions"}],"predecessor-version":[{"id":2498,"href":"https:\/\/reiseblock.ch\/wordpress\/wp-json\/wp\/v2\/posts\/2449\/revisions\/2498"}],"wp:featuredmedia":[{"embeddable":true,"href":"https:\/\/reiseblock.ch\/wordpress\/wp-json\/wp\/v2\/media\/2452"}],"wp:attachment":[{"href":"https:\/\/reiseblock.ch\/wordpress\/wp-json\/wp\/v2\/media?parent=2449"}],"wp:term":[{"taxonomy":"category","embeddable":true,"href":"https:\/\/reiseblock.ch\/wordpress\/wp-json\/wp\/v2\/categories?post=2449"},{"taxonomy":"post_tag","embeddable":true,"href":"https:\/\/reiseblock.ch\/wordpress\/wp-json\/wp\/v2\/tags?post=2449"}],"curies":[{"name":"wp","href":"https:\/\/api.w.org\/{rel}","templated":true}]}}