{"id":2433,"date":"2018-02-25T22:38:11","date_gmt":"2018-02-25T21:38:11","guid":{"rendered":"http:\/\/reiseblock.ch\/?p=2433"},"modified":"2019-04-17T15:28:19","modified_gmt":"2019-04-17T13:28:19","slug":"den-seedamm-entlang-mit-blick-auf-die-ufenau","status":"publish","type":"post","link":"https:\/\/reiseblock.ch\/wordpress\/den-seedamm-entlang-mit-blick-auf-die-ufenau\/","title":{"rendered":"Die Ufenau im Blick"},"content":{"rendered":"<p><em><span style=\"font-family: Book\\ Antiqua, Palatino; font-size: 18pt;\">Ein kleiner Spaziergang von Altendorf \u00fcber den Seedamm nach Rapperswil bietet viel Abwechslung. Der Blick auf die Ufenau und der alte Holzsteg sind Highlights der Tour.<\/span><\/em><\/p>\n<p><!--more--><\/p>\n<div style=\"width: 860px;\" class=\"wp-video\"><video class=\"wp-video-shortcode\" id=\"video-2433-1\" width=\"860\" height=\"484\" preload=\"metadata\" controls=\"controls\"><source type=\"video\/mp4\" src=\"http:\/\/reiseblock.ch\/wordpress\/wp-content\/uploads\/2018\/02\/IMG_1142.m4v?_=1\" \/><a href=\"http:\/\/reiseblock.ch\/wordpress\/wp-content\/uploads\/2018\/02\/IMG_1142.m4v\">http:\/\/reiseblock.ch\/wordpress\/wp-content\/uploads\/2018\/02\/IMG_1142.m4v<\/a><\/video><\/div>\n<p>&nbsp;<\/p>\n<p><span style=\"font-family: Book\\ Antiqua, Palatino; font-size: 12pt;\">Ein paar Grad unter null. Wer an diesem Tag nach draussen ging, musste sich warm anziehen. Aber einmal mehr zeigt sich: Jedes Wetter hat seinen Reiz und seine Besonderheiten. Die Natur ist noch sehr verhalten, die Landschaft etwas grau. Aber schon freut man sich auf den Fr\u00fchling, w\u00e4hrend einem der kalte Wind um die Ohren weht. <\/span><\/p>\n<p><span style=\"font-family: Book\\ Antiqua, Palatino; font-size: 12pt;\">Ausgangspunkt der Wanderung ist Altendorf. So oft Richtung Ziegelbr\u00fccke und Chur daran vorbeigefahren und doch nicht richtig wahrgenommen. Der Einstieg in den Z\u00fcrichsee-Rundweg ist perfekt. Eine knappe Stunde dauert es, bis man den Seedamm erreicht. Wie ist es, \u00fcber die Zugs- und Autoverbindung quer \u00fcber den See zu wandern? Klar, ein Ger\u00e4uschteppich von Autol\u00e4rm ist immer vorhanden. Aber abgesehen davon ist der Weg durchaus reizvoll.<\/span><\/p>\n<div id=\"attachment_2444\" style=\"width: 810px\" class=\"wp-caption alignleft\"><img loading=\"lazy\" decoding=\"async\" aria-describedby=\"caption-attachment-2444\" class=\"size-full wp-image-2444\" src=\"http:\/\/reiseblock.ch\/wordpress\/wp-content\/uploads\/2018\/02\/Ufenau_2.jpg\" alt=\"Blick auf die Ufenau\" width=\"800\" height=\"600\" srcset=\"https:\/\/reiseblock.ch\/wordpress\/wp-content\/uploads\/2018\/02\/Ufenau_2.jpg 800w, https:\/\/reiseblock.ch\/wordpress\/wp-content\/uploads\/2018\/02\/Ufenau_2-300x225.jpg 300w, https:\/\/reiseblock.ch\/wordpress\/wp-content\/uploads\/2018\/02\/Ufenau_2-768x576.jpg 768w\" sizes=\"auto, (max-width: 800px) 100vw, 800px\" \/><p id=\"caption-attachment-2444\" class=\"wp-caption-text\">Blick auf die Ufenau<\/p><\/div>\n<p><span style=\"font-family: Book\\ Antiqua, Palatino; font-size: 12pt;\">Zu Beginn hat man Sicht auf die Ufenau und L\u00fctzelau. Erstere wird ab April von Schiffen angefahren. Die unter Naturschutz stehende Insel geh\u00f6rt dem Kloster Einsiedeln. Einkehren kann man nach einer Renovationsphase dieses Jahr wieder im Restaurant \u00abHaus zu den zwei Raben\u00bb. <\/span><\/p>\n<div id=\"attachment_2436\" style=\"width: 810px\" class=\"wp-caption alignleft\"><img loading=\"lazy\" decoding=\"async\" aria-describedby=\"caption-attachment-2436\" class=\"size-full wp-image-2436\" src=\"http:\/\/reiseblock.ch\/wordpress\/wp-content\/uploads\/2018\/02\/Holzsteg.jpg\" alt=\"Eindr\u00fccklich der Holzsteg mitten im See\" width=\"800\" height=\"533\" srcset=\"https:\/\/reiseblock.ch\/wordpress\/wp-content\/uploads\/2018\/02\/Holzsteg.jpg 800w, https:\/\/reiseblock.ch\/wordpress\/wp-content\/uploads\/2018\/02\/Holzsteg-300x200.jpg 300w, https:\/\/reiseblock.ch\/wordpress\/wp-content\/uploads\/2018\/02\/Holzsteg-768x512.jpg 768w\" sizes=\"auto, (max-width: 800px) 100vw, 800px\" \/><p id=\"caption-attachment-2436\" class=\"wp-caption-text\">Eindr\u00fccklich der Holzsteg mitten im See<\/p><\/div>\n<p><span style=\"font-family: Book\\ Antiqua, Palatino; font-size: 12pt;\">Wir gen\u00fcgen uns mit dem Blick auf die Insel und gelangen via Hurden zum alten Holzsteg. Der antike Verbindungs- und Pilgerweg wurde 2001 rekonstruiert. Sch\u00f6ner kann man wohl nicht in Rapperswil ankommen.&nbsp; <\/span><\/p>\n<div id=\"attachment_2437\" style=\"width: 810px\" class=\"wp-caption alignleft\"><img loading=\"lazy\" decoding=\"async\" aria-describedby=\"caption-attachment-2437\" class=\"size-full wp-image-2437\" src=\"http:\/\/reiseblock.ch\/wordpress\/wp-content\/uploads\/2018\/02\/Rapperswil.jpg\" alt=\"Blick auf Rapperswil\" width=\"800\" height=\"533\" srcset=\"https:\/\/reiseblock.ch\/wordpress\/wp-content\/uploads\/2018\/02\/Rapperswil.jpg 800w, https:\/\/reiseblock.ch\/wordpress\/wp-content\/uploads\/2018\/02\/Rapperswil-300x200.jpg 300w, https:\/\/reiseblock.ch\/wordpress\/wp-content\/uploads\/2018\/02\/Rapperswil-768x512.jpg 768w\" sizes=\"auto, (max-width: 800px) 100vw, 800px\" \/><p id=\"caption-attachment-2437\" class=\"wp-caption-text\">Blick auf Rapperswil<\/p><\/div>\n","protected":false},"excerpt":{"rendered":"<p>Ein kleiner Spaziergang von Altendorf \u00fcber den Seedamm nach Rapperswil bietet viel Abwechslung. Der Blick auf die Ufenau und der alte Holzsteg sind Highlights der [&#8230;]<\/p>\n","protected":false},"author":1,"featured_media":2444,"comment_status":"open","ping_status":"open","sticky":false,"template":"","format":"standard","meta":{"footnotes":""},"categories":[6],"tags":[320,318,319,316,317],"class_list":["post-2433","post","type-post","status-publish","format-standard","has-post-thumbnail","hentry","category-beitrag","tag-altendorf","tag-hurden","tag-luetzelau","tag-rapperswil","tag-ufenau"],"yoast_head":"<!-- This site is optimized with the Yoast SEO plugin v27.8 - https:\/\/yoast.com\/product\/yoast-seo-wordpress\/ -->\n<title>Die Ufenau im Blick &#8211; Reiseblock<\/title>\n<meta name=\"description\" content=\"In einer kleinen Wanderung von Altendorf nach Rapperswil gelangt man \u00fcber den Seedamm und hat Blick auf die Ufenau und die L\u00fctzelau.\" \/>\n<meta name=\"robots\" content=\"index, follow, max-snippet:-1, max-image-preview:large, max-video-preview:-1\" \/>\n<link rel=\"canonical\" href=\"https:\/\/reiseblock.ch\/wordpress\/den-seedamm-entlang-mit-blick-auf-die-ufenau\/\" \/>\n<meta property=\"og:locale\" content=\"de_DE\" \/>\n<meta property=\"og:type\" content=\"article\" \/>\n<meta property=\"og:title\" content=\"Die Ufenau im Blick &#8211; Reiseblock\" \/>\n<meta property=\"og:description\" content=\"In einer kleinen Wanderung von Altendorf nach Rapperswil gelangt man \u00fcber den Seedamm und hat Blick auf die Ufenau und die L\u00fctzelau.\" \/>\n<meta property=\"og:url\" content=\"https:\/\/reiseblock.ch\/wordpress\/den-seedamm-entlang-mit-blick-auf-die-ufenau\/\" \/>\n<meta property=\"og:site_name\" content=\"Reiseblock\" \/>\n<meta property=\"article:published_time\" content=\"2018-02-25T21:38:11+00:00\" \/>\n<meta property=\"article:modified_time\" content=\"2019-04-17T13:28:19+00:00\" \/>\n<meta property=\"og:image\" content=\"https:\/\/reiseblock.ch\/wordpress\/wp-content\/uploads\/2018\/02\/Ufenau_2.jpg\" \/>\n\t<meta property=\"og:image:width\" content=\"800\" \/>\n\t<meta property=\"og:image:height\" content=\"600\" \/>\n\t<meta property=\"og:image:type\" content=\"image\/jpeg\" \/>\n<meta name=\"author\" content=\"admin\" \/>\n<meta name=\"twitter:label1\" content=\"Verfasst von\" \/>\n\t<meta name=\"twitter:data1\" content=\"admin\" \/>\n\t<meta name=\"twitter:label2\" content=\"Gesch\u00e4tzte Lesezeit\" \/>\n\t<meta name=\"twitter:data2\" content=\"1\u00a0Minute\" \/>\n<script type=\"application\/ld+json\" class=\"yoast-schema-graph\">{\"@context\":\"https:\\\/\\\/schema.org\",\"@graph\":[{\"@type\":\"Article\",\"@id\":\"https:\\\/\\\/reiseblock.ch\\\/wordpress\\\/den-seedamm-entlang-mit-blick-auf-die-ufenau\\\/#article\",\"isPartOf\":{\"@id\":\"https:\\\/\\\/reiseblock.ch\\\/wordpress\\\/den-seedamm-entlang-mit-blick-auf-die-ufenau\\\/\"},\"author\":{\"name\":\"admin\",\"@id\":\"https:\\\/\\\/reiseblock.ch\\\/wordpress\\\/#\\\/schema\\\/person\\\/739b103f8e7941f579794d17e2187721\"},\"headline\":\"Die Ufenau im Blick\",\"datePublished\":\"2018-02-25T21:38:11+00:00\",\"dateModified\":\"2019-04-17T13:28:19+00:00\",\"mainEntityOfPage\":{\"@id\":\"https:\\\/\\\/reiseblock.ch\\\/wordpress\\\/den-seedamm-entlang-mit-blick-auf-die-ufenau\\\/\"},\"wordCount\":286,\"commentCount\":0,\"publisher\":{\"@id\":\"https:\\\/\\\/reiseblock.ch\\\/wordpress\\\/#\\\/schema\\\/person\\\/eafba14374f16d5fa4f73efd49243014\"},\"image\":{\"@id\":\"https:\\\/\\\/reiseblock.ch\\\/wordpress\\\/den-seedamm-entlang-mit-blick-auf-die-ufenau\\\/#primaryimage\"},\"thumbnailUrl\":\"https:\\\/\\\/reiseblock.ch\\\/wordpress\\\/wp-content\\\/uploads\\\/2018\\\/02\\\/Ufenau_2.jpg\",\"keywords\":[\"Altendorf\",\"Hurden\",\"L\u00fctzelau\",\"Rapperswil\",\"Ufenau\"],\"articleSection\":[\"Beitrag\"],\"inLanguage\":\"de\",\"potentialAction\":[{\"@type\":\"CommentAction\",\"name\":\"Comment\",\"target\":[\"https:\\\/\\\/reiseblock.ch\\\/wordpress\\\/den-seedamm-entlang-mit-blick-auf-die-ufenau\\\/#respond\"]}]},{\"@type\":\"WebPage\",\"@id\":\"https:\\\/\\\/reiseblock.ch\\\/wordpress\\\/den-seedamm-entlang-mit-blick-auf-die-ufenau\\\/\",\"url\":\"https:\\\/\\\/reiseblock.ch\\\/wordpress\\\/den-seedamm-entlang-mit-blick-auf-die-ufenau\\\/\",\"name\":\"Die Ufenau im Blick &#8211; Reiseblock\",\"isPartOf\":{\"@id\":\"https:\\\/\\\/reiseblock.ch\\\/wordpress\\\/#website\"},\"primaryImageOfPage\":{\"@id\":\"https:\\\/\\\/reiseblock.ch\\\/wordpress\\\/den-seedamm-entlang-mit-blick-auf-die-ufenau\\\/#primaryimage\"},\"image\":{\"@id\":\"https:\\\/\\\/reiseblock.ch\\\/wordpress\\\/den-seedamm-entlang-mit-blick-auf-die-ufenau\\\/#primaryimage\"},\"thumbnailUrl\":\"https:\\\/\\\/reiseblock.ch\\\/wordpress\\\/wp-content\\\/uploads\\\/2018\\\/02\\\/Ufenau_2.jpg\",\"datePublished\":\"2018-02-25T21:38:11+00:00\",\"dateModified\":\"2019-04-17T13:28:19+00:00\",\"description\":\"In einer kleinen Wanderung von Altendorf nach Rapperswil gelangt man \u00fcber den Seedamm und hat Blick auf die Ufenau und die L\u00fctzelau.\",\"breadcrumb\":{\"@id\":\"https:\\\/\\\/reiseblock.ch\\\/wordpress\\\/den-seedamm-entlang-mit-blick-auf-die-ufenau\\\/#breadcrumb\"},\"inLanguage\":\"de\",\"potentialAction\":[{\"@type\":\"ReadAction\",\"target\":[\"https:\\\/\\\/reiseblock.ch\\\/wordpress\\\/den-seedamm-entlang-mit-blick-auf-die-ufenau\\\/\"]}]},{\"@type\":\"ImageObject\",\"inLanguage\":\"de\",\"@id\":\"https:\\\/\\\/reiseblock.ch\\\/wordpress\\\/den-seedamm-entlang-mit-blick-auf-die-ufenau\\\/#primaryimage\",\"url\":\"https:\\\/\\\/reiseblock.ch\\\/wordpress\\\/wp-content\\\/uploads\\\/2018\\\/02\\\/Ufenau_2.jpg\",\"contentUrl\":\"https:\\\/\\\/reiseblock.ch\\\/wordpress\\\/wp-content\\\/uploads\\\/2018\\\/02\\\/Ufenau_2.jpg\",\"width\":800,\"height\":600,\"caption\":\"Blick auf die Ufenau\"},{\"@type\":\"BreadcrumbList\",\"@id\":\"https:\\\/\\\/reiseblock.ch\\\/wordpress\\\/den-seedamm-entlang-mit-blick-auf-die-ufenau\\\/#breadcrumb\",\"itemListElement\":[{\"@type\":\"ListItem\",\"position\":1,\"name\":\"Home\",\"item\":\"https:\\\/\\\/reiseblock.ch\\\/wordpress\\\/\"},{\"@type\":\"ListItem\",\"position\":2,\"name\":\"Die Ufenau im Blick\"}]},{\"@type\":\"WebSite\",\"@id\":\"https:\\\/\\\/reiseblock.ch\\\/wordpress\\\/#website\",\"url\":\"https:\\\/\\\/reiseblock.ch\\\/wordpress\\\/\",\"name\":\"Reiseblock\",\"description\":\"Ursula Kohlers ReiseWeise\",\"publisher\":{\"@id\":\"https:\\\/\\\/reiseblock.ch\\\/wordpress\\\/#\\\/schema\\\/person\\\/eafba14374f16d5fa4f73efd49243014\"},\"potentialAction\":[{\"@type\":\"SearchAction\",\"target\":{\"@type\":\"EntryPoint\",\"urlTemplate\":\"https:\\\/\\\/reiseblock.ch\\\/wordpress\\\/?s={search_term_string}\"},\"query-input\":{\"@type\":\"PropertyValueSpecification\",\"valueRequired\":true,\"valueName\":\"search_term_string\"}}],\"inLanguage\":\"de\"},{\"@type\":[\"Person\",\"Organization\"],\"@id\":\"https:\\\/\\\/reiseblock.ch\\\/wordpress\\\/#\\\/schema\\\/person\\\/eafba14374f16d5fa4f73efd49243014\",\"name\":\"Ursula Kohler\",\"image\":{\"@type\":\"ImageObject\",\"inLanguage\":\"de\",\"@id\":\"https:\\\/\\\/secure.gravatar.com\\\/avatar\\\/014d9b9a971f617638f4298cbb55f92d20b3bf0d1c9cc32f65333b2769bcf867?s=96&d=blank&r=g\",\"url\":\"https:\\\/\\\/secure.gravatar.com\\\/avatar\\\/014d9b9a971f617638f4298cbb55f92d20b3bf0d1c9cc32f65333b2769bcf867?s=96&d=blank&r=g\",\"contentUrl\":\"https:\\\/\\\/secure.gravatar.com\\\/avatar\\\/014d9b9a971f617638f4298cbb55f92d20b3bf0d1c9cc32f65333b2769bcf867?s=96&d=blank&r=g\",\"caption\":\"Ursula Kohler\"},\"logo\":{\"@id\":\"https:\\\/\\\/secure.gravatar.com\\\/avatar\\\/014d9b9a971f617638f4298cbb55f92d20b3bf0d1c9cc32f65333b2769bcf867?s=96&d=blank&r=g\"}},{\"@type\":\"Person\",\"@id\":\"https:\\\/\\\/reiseblock.ch\\\/wordpress\\\/#\\\/schema\\\/person\\\/739b103f8e7941f579794d17e2187721\",\"name\":\"admin\",\"image\":{\"@type\":\"ImageObject\",\"inLanguage\":\"de\",\"@id\":\"https:\\\/\\\/secure.gravatar.com\\\/avatar\\\/a0f702f22ecd58ce02800a54cb2055cabe1fa8d7cf75ab377ce2f2b8503f188c?s=96&d=blank&r=g\",\"url\":\"https:\\\/\\\/secure.gravatar.com\\\/avatar\\\/a0f702f22ecd58ce02800a54cb2055cabe1fa8d7cf75ab377ce2f2b8503f188c?s=96&d=blank&r=g\",\"contentUrl\":\"https:\\\/\\\/secure.gravatar.com\\\/avatar\\\/a0f702f22ecd58ce02800a54cb2055cabe1fa8d7cf75ab377ce2f2b8503f188c?s=96&d=blank&r=g\",\"caption\":\"admin\"},\"url\":\"https:\\\/\\\/reiseblock.ch\\\/wordpress\\\/author\\\/admin\\\/\"}]}<\/script>\n<!-- \/ Yoast SEO plugin. -->","yoast_head_json":{"title":"Die Ufenau im Blick &#8211; Reiseblock","description":"In einer kleinen Wanderung von Altendorf nach Rapperswil gelangt man \u00fcber den Seedamm und hat Blick auf die Ufenau und die L\u00fctzelau.","robots":{"index":"index","follow":"follow","max-snippet":"max-snippet:-1","max-image-preview":"max-image-preview:large","max-video-preview":"max-video-preview:-1"},"canonical":"https:\/\/reiseblock.ch\/wordpress\/den-seedamm-entlang-mit-blick-auf-die-ufenau\/","og_locale":"de_DE","og_type":"article","og_title":"Die Ufenau im Blick &#8211; Reiseblock","og_description":"In einer kleinen Wanderung von Altendorf nach Rapperswil gelangt man \u00fcber den Seedamm und hat Blick auf die Ufenau und die L\u00fctzelau.","og_url":"https:\/\/reiseblock.ch\/wordpress\/den-seedamm-entlang-mit-blick-auf-die-ufenau\/","og_site_name":"Reiseblock","article_published_time":"2018-02-25T21:38:11+00:00","article_modified_time":"2019-04-17T13:28:19+00:00","og_image":[{"width":800,"height":600,"url":"https:\/\/reiseblock.ch\/wordpress\/wp-content\/uploads\/2018\/02\/Ufenau_2.jpg","type":"image\/jpeg"}],"author":"admin","twitter_misc":{"Verfasst von":"admin","Gesch\u00e4tzte Lesezeit":"1\u00a0Minute"},"schema":{"@context":"https:\/\/schema.org","@graph":[{"@type":"Article","@id":"https:\/\/reiseblock.ch\/wordpress\/den-seedamm-entlang-mit-blick-auf-die-ufenau\/#article","isPartOf":{"@id":"https:\/\/reiseblock.ch\/wordpress\/den-seedamm-entlang-mit-blick-auf-die-ufenau\/"},"author":{"name":"admin","@id":"https:\/\/reiseblock.ch\/wordpress\/#\/schema\/person\/739b103f8e7941f579794d17e2187721"},"headline":"Die Ufenau im Blick","datePublished":"2018-02-25T21:38:11+00:00","dateModified":"2019-04-17T13:28:19+00:00","mainEntityOfPage":{"@id":"https:\/\/reiseblock.ch\/wordpress\/den-seedamm-entlang-mit-blick-auf-die-ufenau\/"},"wordCount":286,"commentCount":0,"publisher":{"@id":"https:\/\/reiseblock.ch\/wordpress\/#\/schema\/person\/eafba14374f16d5fa4f73efd49243014"},"image":{"@id":"https:\/\/reiseblock.ch\/wordpress\/den-seedamm-entlang-mit-blick-auf-die-ufenau\/#primaryimage"},"thumbnailUrl":"https:\/\/reiseblock.ch\/wordpress\/wp-content\/uploads\/2018\/02\/Ufenau_2.jpg","keywords":["Altendorf","Hurden","L\u00fctzelau","Rapperswil","Ufenau"],"articleSection":["Beitrag"],"inLanguage":"de","potentialAction":[{"@type":"CommentAction","name":"Comment","target":["https:\/\/reiseblock.ch\/wordpress\/den-seedamm-entlang-mit-blick-auf-die-ufenau\/#respond"]}]},{"@type":"WebPage","@id":"https:\/\/reiseblock.ch\/wordpress\/den-seedamm-entlang-mit-blick-auf-die-ufenau\/","url":"https:\/\/reiseblock.ch\/wordpress\/den-seedamm-entlang-mit-blick-auf-die-ufenau\/","name":"Die Ufenau im Blick &#8211; Reiseblock","isPartOf":{"@id":"https:\/\/reiseblock.ch\/wordpress\/#website"},"primaryImageOfPage":{"@id":"https:\/\/reiseblock.ch\/wordpress\/den-seedamm-entlang-mit-blick-auf-die-ufenau\/#primaryimage"},"image":{"@id":"https:\/\/reiseblock.ch\/wordpress\/den-seedamm-entlang-mit-blick-auf-die-ufenau\/#primaryimage"},"thumbnailUrl":"https:\/\/reiseblock.ch\/wordpress\/wp-content\/uploads\/2018\/02\/Ufenau_2.jpg","datePublished":"2018-02-25T21:38:11+00:00","dateModified":"2019-04-17T13:28:19+00:00","description":"In einer kleinen Wanderung von Altendorf nach Rapperswil gelangt man \u00fcber den Seedamm und hat Blick auf die Ufenau und die L\u00fctzelau.","breadcrumb":{"@id":"https:\/\/reiseblock.ch\/wordpress\/den-seedamm-entlang-mit-blick-auf-die-ufenau\/#breadcrumb"},"inLanguage":"de","potentialAction":[{"@type":"ReadAction","target":["https:\/\/reiseblock.ch\/wordpress\/den-seedamm-entlang-mit-blick-auf-die-ufenau\/"]}]},{"@type":"ImageObject","inLanguage":"de","@id":"https:\/\/reiseblock.ch\/wordpress\/den-seedamm-entlang-mit-blick-auf-die-ufenau\/#primaryimage","url":"https:\/\/reiseblock.ch\/wordpress\/wp-content\/uploads\/2018\/02\/Ufenau_2.jpg","contentUrl":"https:\/\/reiseblock.ch\/wordpress\/wp-content\/uploads\/2018\/02\/Ufenau_2.jpg","width":800,"height":600,"caption":"Blick auf die Ufenau"},{"@type":"BreadcrumbList","@id":"https:\/\/reiseblock.ch\/wordpress\/den-seedamm-entlang-mit-blick-auf-die-ufenau\/#breadcrumb","itemListElement":[{"@type":"ListItem","position":1,"name":"Home","item":"https:\/\/reiseblock.ch\/wordpress\/"},{"@type":"ListItem","position":2,"name":"Die Ufenau im Blick"}]},{"@type":"WebSite","@id":"https:\/\/reiseblock.ch\/wordpress\/#website","url":"https:\/\/reiseblock.ch\/wordpress\/","name":"Reiseblock","description":"Ursula Kohlers ReiseWeise","publisher":{"@id":"https:\/\/reiseblock.ch\/wordpress\/#\/schema\/person\/eafba14374f16d5fa4f73efd49243014"},"potentialAction":[{"@type":"SearchAction","target":{"@type":"EntryPoint","urlTemplate":"https:\/\/reiseblock.ch\/wordpress\/?s={search_term_string}"},"query-input":{"@type":"PropertyValueSpecification","valueRequired":true,"valueName":"search_term_string"}}],"inLanguage":"de"},{"@type":["Person","Organization"],"@id":"https:\/\/reiseblock.ch\/wordpress\/#\/schema\/person\/eafba14374f16d5fa4f73efd49243014","name":"Ursula Kohler","image":{"@type":"ImageObject","inLanguage":"de","@id":"https:\/\/secure.gravatar.com\/avatar\/014d9b9a971f617638f4298cbb55f92d20b3bf0d1c9cc32f65333b2769bcf867?s=96&d=blank&r=g","url":"https:\/\/secure.gravatar.com\/avatar\/014d9b9a971f617638f4298cbb55f92d20b3bf0d1c9cc32f65333b2769bcf867?s=96&d=blank&r=g","contentUrl":"https:\/\/secure.gravatar.com\/avatar\/014d9b9a971f617638f4298cbb55f92d20b3bf0d1c9cc32f65333b2769bcf867?s=96&d=blank&r=g","caption":"Ursula Kohler"},"logo":{"@id":"https:\/\/secure.gravatar.com\/avatar\/014d9b9a971f617638f4298cbb55f92d20b3bf0d1c9cc32f65333b2769bcf867?s=96&d=blank&r=g"}},{"@type":"Person","@id":"https:\/\/reiseblock.ch\/wordpress\/#\/schema\/person\/739b103f8e7941f579794d17e2187721","name":"admin","image":{"@type":"ImageObject","inLanguage":"de","@id":"https:\/\/secure.gravatar.com\/avatar\/a0f702f22ecd58ce02800a54cb2055cabe1fa8d7cf75ab377ce2f2b8503f188c?s=96&d=blank&r=g","url":"https:\/\/secure.gravatar.com\/avatar\/a0f702f22ecd58ce02800a54cb2055cabe1fa8d7cf75ab377ce2f2b8503f188c?s=96&d=blank&r=g","contentUrl":"https:\/\/secure.gravatar.com\/avatar\/a0f702f22ecd58ce02800a54cb2055cabe1fa8d7cf75ab377ce2f2b8503f188c?s=96&d=blank&r=g","caption":"admin"},"url":"https:\/\/reiseblock.ch\/wordpress\/author\/admin\/"}]}},"_links":{"self":[{"href":"https:\/\/reiseblock.ch\/wordpress\/wp-json\/wp\/v2\/posts\/2433","targetHints":{"allow":["GET"]}}],"collection":[{"href":"https:\/\/reiseblock.ch\/wordpress\/wp-json\/wp\/v2\/posts"}],"about":[{"href":"https:\/\/reiseblock.ch\/wordpress\/wp-json\/wp\/v2\/types\/post"}],"author":[{"embeddable":true,"href":"https:\/\/reiseblock.ch\/wordpress\/wp-json\/wp\/v2\/users\/1"}],"replies":[{"embeddable":true,"href":"https:\/\/reiseblock.ch\/wordpress\/wp-json\/wp\/v2\/comments?post=2433"}],"version-history":[{"count":10,"href":"https:\/\/reiseblock.ch\/wordpress\/wp-json\/wp\/v2\/posts\/2433\/revisions"}],"predecessor-version":[{"id":2994,"href":"https:\/\/reiseblock.ch\/wordpress\/wp-json\/wp\/v2\/posts\/2433\/revisions\/2994"}],"wp:featuredmedia":[{"embeddable":true,"href":"https:\/\/reiseblock.ch\/wordpress\/wp-json\/wp\/v2\/media\/2444"}],"wp:attachment":[{"href":"https:\/\/reiseblock.ch\/wordpress\/wp-json\/wp\/v2\/media?parent=2433"}],"wp:term":[{"taxonomy":"category","embeddable":true,"href":"https:\/\/reiseblock.ch\/wordpress\/wp-json\/wp\/v2\/categories?post=2433"},{"taxonomy":"post_tag","embeddable":true,"href":"https:\/\/reiseblock.ch\/wordpress\/wp-json\/wp\/v2\/tags?post=2433"}],"curies":[{"name":"wp","href":"https:\/\/api.w.org\/{rel}","templated":true}]}}