{"id":2407,"date":"2018-02-16T11:06:15","date_gmt":"2018-02-16T10:06:15","guid":{"rendered":"http:\/\/reiseblock.ch\/?p=2407"},"modified":"2018-04-04T20:05:07","modified_gmt":"2018-04-04T18:05:07","slug":"viel-literatur-auf-dem-hirzel","status":"publish","type":"post","link":"https:\/\/reiseblock.ch\/wordpress\/viel-literatur-auf-dem-hirzel\/","title":{"rendered":"Viel Literatur auf dem Hirzel: Heusser und Spyri"},"content":{"rendered":"<p><span style=\"font-family: Book\\ Antiqua, Palatino; font-size: 12pt;\"><em><span style=\"font-size: 18pt;\">Auf dem Hirzel ist Johanna Spyri aufgewachsen. Ein Grund mehr, die weite h\u00fcgelige Landschaft zu besuchen.<\/span><\/em><br \/>\n<\/span><\/p>\n<p><!--more--><\/p>\n<div id=\"attachment_2410\" style=\"width: 810px\" class=\"wp-caption alignleft\"><img loading=\"lazy\" decoding=\"async\" aria-describedby=\"caption-attachment-2410\" class=\"size-full wp-image-2410\" src=\"http:\/\/reiseblock.ch\/wordpress\/wp-content\/uploads\/2018\/02\/Aussicht.jpg\" alt=\"Aussicht bei der Linde auf Hirzel H\u00f6hi\" width=\"800\" height=\"533\" srcset=\"https:\/\/reiseblock.ch\/wordpress\/wp-content\/uploads\/2018\/02\/Aussicht.jpg 800w, https:\/\/reiseblock.ch\/wordpress\/wp-content\/uploads\/2018\/02\/Aussicht-300x200.jpg 300w, https:\/\/reiseblock.ch\/wordpress\/wp-content\/uploads\/2018\/02\/Aussicht-768x512.jpg 768w\" sizes=\"auto, (max-width: 800px) 100vw, 800px\" \/><p id=\"caption-attachment-2410\" class=\"wp-caption-text\">Aussicht bei der Linde auf Hirzel H\u00f6hi<\/p><\/div>\n<p><span style=\"font-family: Book\\ Antiqua, Palatino; font-size: 12pt;\">Es ist einerseits die Gegend, die anziehend ist. Diese h\u00fcgelige Voralpenlandschaft mit den einzelnen Linden auf den Erhebungen und mit einer fantastischen Sicht in die Berge und auf den Z\u00fcrichsee. Aber es gibt noch einen Anziehungspunkt: In der Ortschaft Hirzel haben zwei bekannte Dichterinnen gelebt.<\/span><\/p>\n<p><!--more--><\/p>\n<p><span style=\"font-family: Book\\ Antiqua, Palatino; font-size: 12pt;\">Da ist zuerst mal Meta Heusser, die hier geboren, aufgewachsen und ihr ganzes Leben verbracht hat. Noch gr\u00f6ssere Bekanntheit hat ihre Tochter, Johanna Spyri erlangt.<\/span><\/p>\n<div id=\"attachment_2428\" style=\"width: 810px\" class=\"wp-caption alignleft\"><img loading=\"lazy\" decoding=\"async\" aria-describedby=\"caption-attachment-2428\" class=\"size-full wp-image-2428\" src=\"http:\/\/reiseblock.ch\/wordpress\/wp-content\/uploads\/2018\/02\/Bild_2-1.jpg\" alt=\"Das Schild erinnert an Meta Heusser und Johanna Spyri\" width=\"800\" height=\"611\" srcset=\"https:\/\/reiseblock.ch\/wordpress\/wp-content\/uploads\/2018\/02\/Bild_2-1.jpg 800w, https:\/\/reiseblock.ch\/wordpress\/wp-content\/uploads\/2018\/02\/Bild_2-1-300x229.jpg 300w, https:\/\/reiseblock.ch\/wordpress\/wp-content\/uploads\/2018\/02\/Bild_2-1-768x587.jpg 768w\" sizes=\"auto, (max-width: 800px) 100vw, 800px\" \/><p id=\"caption-attachment-2428\" class=\"wp-caption-text\">Das Schild erinnert an Meta Heusser und Johanna Spyri<\/p><\/div>\n<p><strong><span style=\"font-family: Book\\ Antiqua, Palatino; font-size: 12pt;\"><span style=\"font-family: Book\\ Antiqua, Palatino;\">Auf direktem Weg zu Meta Heussers Wohnhaus<\/span><\/span><\/strong><\/p>\n<p><span style=\"font-family: Book\\ Antiqua, Palatino; font-size: 12pt;\"><span style=\"font-family: Book\\ Antiqua, Palatino;\">Wenn man sich der Ortschaft von Hirzel H\u00f6hi aus n\u00e4hert, kommt man direkt beim Wohnhaus vorbei, in dem die Familie Heusser gelebt hat. Vater Heusser hat hier eine Arztpraxis gef\u00fchrt, in die die ganze Familie eingebunden war. Seine Frau verfasste Lyrik, die religi\u00f6s motiviert war.<\/span> Meta Heusser kam 1797 als Tochter des Pfarrers Schweizer zur Welt. Interessant ist Meta Heussers Werk auch deswegen, weil sie eine Hauschronik und Memorabilien geschrieben hat. Es gibt Einblick in das Leben des 19. Jahrhunderts. <\/span><\/p>\n<div id=\"attachment_2413\" style=\"width: 810px\" class=\"wp-caption alignleft\"><img loading=\"lazy\" decoding=\"async\" aria-describedby=\"caption-attachment-2413\" class=\"size-full wp-image-2413\" src=\"http:\/\/reiseblock.ch\/wordpress\/wp-content\/uploads\/2018\/02\/Heusser-Haus.jpg\" alt=\"Das ehemalige lebhafte Arzthaus auf dem Hirzel\" width=\"800\" height=\"533\" srcset=\"https:\/\/reiseblock.ch\/wordpress\/wp-content\/uploads\/2018\/02\/Heusser-Haus.jpg 800w, https:\/\/reiseblock.ch\/wordpress\/wp-content\/uploads\/2018\/02\/Heusser-Haus-300x200.jpg 300w, https:\/\/reiseblock.ch\/wordpress\/wp-content\/uploads\/2018\/02\/Heusser-Haus-768x512.jpg 768w\" sizes=\"auto, (max-width: 800px) 100vw, 800px\" \/><p id=\"caption-attachment-2413\" class=\"wp-caption-text\">Das ehemalige lebhafte Arzthaus auf dem Hirzel<\/p><\/div>\n<h2><strong><span style=\"font-family: Book\\ Antiqua, Palatino; font-size: 12pt;\">Lohnenswert: das Johanna-Spyri-Museum<\/span><\/strong><\/h2>\n<p><span style=\"font-family: Book\\ Antiqua, Palatino; font-size: 12pt;\">Geht man ein St\u00fcck weiter Richtung Kirche, trifft man auf Metas Geburtshaus. Doch gleich daneben befindet sich das interessanteste Haus: das Johanna-Spyri-Museum. Johanna ist das vierte von sechs Kindern. Nachdem sie auf dem Hirzel aufgewachsen ist, zog sie mit ihrem Mann, dem sp\u00e4teren Stadtschreiber, nach Z\u00fcrich. <\/span><\/p>\n<div id=\"attachment_2417\" style=\"width: 810px\" class=\"wp-caption alignleft\"><img loading=\"lazy\" decoding=\"async\" aria-describedby=\"caption-attachment-2417\" class=\"wp-image-2417 size-full\" src=\"http:\/\/reiseblock.ch\/wordpress\/wp-content\/uploads\/2018\/02\/Museum.jpg\" alt=\"Im ehemaligen Schulhaus befindet sich das Johanna-Spyri-Museum\" width=\"800\" height=\"533\" srcset=\"https:\/\/reiseblock.ch\/wordpress\/wp-content\/uploads\/2018\/02\/Museum.jpg 800w, https:\/\/reiseblock.ch\/wordpress\/wp-content\/uploads\/2018\/02\/Museum-300x200.jpg 300w, https:\/\/reiseblock.ch\/wordpress\/wp-content\/uploads\/2018\/02\/Museum-768x512.jpg 768w\" sizes=\"auto, (max-width: 800px) 100vw, 800px\" \/><p id=\"caption-attachment-2417\" class=\"wp-caption-text\">Im einstigen Schulhaus befindet sich das Johanna-Spyri-Museum<\/p><\/div>\n<h2><strong><span style=\"font-family: Book\\ Antiqua, Palatino; font-size: 12pt;\">Mehr als Heidi<\/span><\/strong><\/h2>\n<p><span style=\"font-family: Book\\ Antiqua, Palatino; font-size: 12pt;\">Neben ihrer weltweit bekannten Geschichte von Heidi schrieb Johanna Spyri zahlreiche B\u00fccher. Wer sich mit Leben und Werk der Schriftstellerin befassen m\u00f6chte, besucht am besten das <a href=\"http:\/\/www.spyri-museum.ch\" target=\"_blank\" rel=\"noopener\">Museum <\/a>auf dem Hirzel. 2016 wurde die Ausstellung neu konzipiert und hat an Gehalt gewonnen. Und das Museum hat seither erweiterte \u00d6ffnungszeiten jeweils mittwochs, samstag und sonntags am Nachmittag.<\/span><\/p>\n<div id=\"attachment_2418\" style=\"width: 810px\" class=\"wp-caption alignleft\"><img loading=\"lazy\" decoding=\"async\" aria-describedby=\"caption-attachment-2418\" class=\"size-full wp-image-2418\" src=\"http:\/\/reiseblock.ch\/wordpress\/wp-content\/uploads\/2018\/02\/Wegweiser.jpg\" alt=\"Wanderm\u00f6glichkeiten gibt es auf dem Hirzel in H\u00fclle und F\u00fclle\" width=\"800\" height=\"481\" srcset=\"https:\/\/reiseblock.ch\/wordpress\/wp-content\/uploads\/2018\/02\/Wegweiser.jpg 800w, https:\/\/reiseblock.ch\/wordpress\/wp-content\/uploads\/2018\/02\/Wegweiser-300x180.jpg 300w, https:\/\/reiseblock.ch\/wordpress\/wp-content\/uploads\/2018\/02\/Wegweiser-768x462.jpg 768w\" sizes=\"auto, (max-width: 800px) 100vw, 800px\" \/><p id=\"caption-attachment-2418\" class=\"wp-caption-text\">Wanderm\u00f6glichkeiten gibt es auf dem Hirzel in H\u00fclle und F\u00fclle<\/p><\/div>\n<p>&nbsp;<\/p>\n","protected":false},"excerpt":{"rendered":"<p>Auf dem Hirzel ist Johanna Spyri aufgewachsen. Ein Grund mehr, die weite h\u00fcgelige Landschaft zu besuchen.<\/p>\n","protected":false},"author":1,"featured_media":2416,"comment_status":"open","ping_status":"open","sticky":false,"template":"","format":"standard","meta":{"footnotes":""},"categories":[8],"tags":[],"class_list":["post-2407","post","type-post","status-publish","format-standard","has-post-thumbnail","hentry","category-tipp"],"yoast_head":"<!-- This site is optimized with the Yoast SEO plugin v27.8 - https:\/\/yoast.com\/product\/yoast-seo-wordpress\/ -->\n<title>Viel Literatur auf dem Hirzel: Heusser und Spyri &#8211; Reiseblock<\/title>\n<meta name=\"description\" content=\"Wer auf dem Hirzel unterwegs ist, trifft auf einen Ort, der f\u00fcr zwei Dichterinnen von grosser Bedeutung war: Meta Heusser und ihre Tochter Johanna Spyri\" \/>\n<meta name=\"robots\" content=\"index, follow, max-snippet:-1, max-image-preview:large, max-video-preview:-1\" \/>\n<link rel=\"canonical\" href=\"https:\/\/reiseblock.ch\/wordpress\/viel-literatur-auf-dem-hirzel\/\" \/>\n<meta property=\"og:locale\" content=\"de_DE\" \/>\n<meta property=\"og:type\" content=\"article\" \/>\n<meta property=\"og:title\" content=\"Viel Literatur auf dem Hirzel: Heusser und Spyri &#8211; Reiseblock\" \/>\n<meta property=\"og:description\" content=\"Wer auf dem Hirzel unterwegs ist, trifft auf einen Ort, der f\u00fcr zwei Dichterinnen von grosser Bedeutung war: Meta Heusser und ihre Tochter Johanna Spyri\" \/>\n<meta property=\"og:url\" content=\"https:\/\/reiseblock.ch\/wordpress\/viel-literatur-auf-dem-hirzel\/\" \/>\n<meta property=\"og:site_name\" content=\"Reiseblock\" \/>\n<meta property=\"article:published_time\" content=\"2018-02-16T10:06:15+00:00\" \/>\n<meta property=\"article:modified_time\" content=\"2018-04-04T18:05:07+00:00\" \/>\n<meta property=\"og:image\" content=\"https:\/\/reiseblock.ch\/wordpress\/wp-content\/uploads\/2018\/02\/Landschaft.jpg\" \/>\n\t<meta property=\"og:image:width\" content=\"800\" \/>\n\t<meta property=\"og:image:height\" content=\"533\" \/>\n\t<meta property=\"og:image:type\" content=\"image\/jpeg\" \/>\n<meta name=\"author\" content=\"admin\" \/>\n<meta name=\"twitter:label1\" content=\"Verfasst von\" \/>\n\t<meta name=\"twitter:data1\" content=\"admin\" \/>\n\t<meta name=\"twitter:label2\" content=\"Gesch\u00e4tzte Lesezeit\" \/>\n\t<meta name=\"twitter:data2\" content=\"2\u00a0Minuten\" \/>\n<script type=\"application\/ld+json\" class=\"yoast-schema-graph\">{\"@context\":\"https:\\\/\\\/schema.org\",\"@graph\":[{\"@type\":\"Article\",\"@id\":\"https:\\\/\\\/reiseblock.ch\\\/wordpress\\\/viel-literatur-auf-dem-hirzel\\\/#article\",\"isPartOf\":{\"@id\":\"https:\\\/\\\/reiseblock.ch\\\/wordpress\\\/viel-literatur-auf-dem-hirzel\\\/\"},\"author\":{\"name\":\"admin\",\"@id\":\"https:\\\/\\\/reiseblock.ch\\\/wordpress\\\/#\\\/schema\\\/person\\\/739b103f8e7941f579794d17e2187721\"},\"headline\":\"Viel Literatur auf dem Hirzel: Heusser und Spyri\",\"datePublished\":\"2018-02-16T10:06:15+00:00\",\"dateModified\":\"2018-04-04T18:05:07+00:00\",\"mainEntityOfPage\":{\"@id\":\"https:\\\/\\\/reiseblock.ch\\\/wordpress\\\/viel-literatur-auf-dem-hirzel\\\/\"},\"wordCount\":378,\"commentCount\":0,\"publisher\":{\"@id\":\"https:\\\/\\\/reiseblock.ch\\\/wordpress\\\/#\\\/schema\\\/person\\\/eafba14374f16d5fa4f73efd49243014\"},\"image\":{\"@id\":\"https:\\\/\\\/reiseblock.ch\\\/wordpress\\\/viel-literatur-auf-dem-hirzel\\\/#primaryimage\"},\"thumbnailUrl\":\"https:\\\/\\\/reiseblock.ch\\\/wordpress\\\/wp-content\\\/uploads\\\/2018\\\/02\\\/Landschaft.jpg\",\"articleSection\":[\"Tipp\"],\"inLanguage\":\"de\",\"potentialAction\":[{\"@type\":\"CommentAction\",\"name\":\"Comment\",\"target\":[\"https:\\\/\\\/reiseblock.ch\\\/wordpress\\\/viel-literatur-auf-dem-hirzel\\\/#respond\"]}]},{\"@type\":\"WebPage\",\"@id\":\"https:\\\/\\\/reiseblock.ch\\\/wordpress\\\/viel-literatur-auf-dem-hirzel\\\/\",\"url\":\"https:\\\/\\\/reiseblock.ch\\\/wordpress\\\/viel-literatur-auf-dem-hirzel\\\/\",\"name\":\"Viel Literatur auf dem Hirzel: Heusser und Spyri &#8211; Reiseblock\",\"isPartOf\":{\"@id\":\"https:\\\/\\\/reiseblock.ch\\\/wordpress\\\/#website\"},\"primaryImageOfPage\":{\"@id\":\"https:\\\/\\\/reiseblock.ch\\\/wordpress\\\/viel-literatur-auf-dem-hirzel\\\/#primaryimage\"},\"image\":{\"@id\":\"https:\\\/\\\/reiseblock.ch\\\/wordpress\\\/viel-literatur-auf-dem-hirzel\\\/#primaryimage\"},\"thumbnailUrl\":\"https:\\\/\\\/reiseblock.ch\\\/wordpress\\\/wp-content\\\/uploads\\\/2018\\\/02\\\/Landschaft.jpg\",\"datePublished\":\"2018-02-16T10:06:15+00:00\",\"dateModified\":\"2018-04-04T18:05:07+00:00\",\"description\":\"Wer auf dem Hirzel unterwegs ist, trifft auf einen Ort, der f\u00fcr zwei Dichterinnen von grosser Bedeutung war: Meta Heusser und ihre Tochter Johanna Spyri\",\"breadcrumb\":{\"@id\":\"https:\\\/\\\/reiseblock.ch\\\/wordpress\\\/viel-literatur-auf-dem-hirzel\\\/#breadcrumb\"},\"inLanguage\":\"de\",\"potentialAction\":[{\"@type\":\"ReadAction\",\"target\":[\"https:\\\/\\\/reiseblock.ch\\\/wordpress\\\/viel-literatur-auf-dem-hirzel\\\/\"]}]},{\"@type\":\"ImageObject\",\"inLanguage\":\"de\",\"@id\":\"https:\\\/\\\/reiseblock.ch\\\/wordpress\\\/viel-literatur-auf-dem-hirzel\\\/#primaryimage\",\"url\":\"https:\\\/\\\/reiseblock.ch\\\/wordpress\\\/wp-content\\\/uploads\\\/2018\\\/02\\\/Landschaft.jpg\",\"contentUrl\":\"https:\\\/\\\/reiseblock.ch\\\/wordpress\\\/wp-content\\\/uploads\\\/2018\\\/02\\\/Landschaft.jpg\",\"width\":800,\"height\":533},{\"@type\":\"BreadcrumbList\",\"@id\":\"https:\\\/\\\/reiseblock.ch\\\/wordpress\\\/viel-literatur-auf-dem-hirzel\\\/#breadcrumb\",\"itemListElement\":[{\"@type\":\"ListItem\",\"position\":1,\"name\":\"Home\",\"item\":\"https:\\\/\\\/reiseblock.ch\\\/wordpress\\\/\"},{\"@type\":\"ListItem\",\"position\":2,\"name\":\"Viel Literatur auf dem Hirzel: Heusser und Spyri\"}]},{\"@type\":\"WebSite\",\"@id\":\"https:\\\/\\\/reiseblock.ch\\\/wordpress\\\/#website\",\"url\":\"https:\\\/\\\/reiseblock.ch\\\/wordpress\\\/\",\"name\":\"Reiseblock\",\"description\":\"Ursula Kohlers ReiseWeise\",\"publisher\":{\"@id\":\"https:\\\/\\\/reiseblock.ch\\\/wordpress\\\/#\\\/schema\\\/person\\\/eafba14374f16d5fa4f73efd49243014\"},\"potentialAction\":[{\"@type\":\"SearchAction\",\"target\":{\"@type\":\"EntryPoint\",\"urlTemplate\":\"https:\\\/\\\/reiseblock.ch\\\/wordpress\\\/?s={search_term_string}\"},\"query-input\":{\"@type\":\"PropertyValueSpecification\",\"valueRequired\":true,\"valueName\":\"search_term_string\"}}],\"inLanguage\":\"de\"},{\"@type\":[\"Person\",\"Organization\"],\"@id\":\"https:\\\/\\\/reiseblock.ch\\\/wordpress\\\/#\\\/schema\\\/person\\\/eafba14374f16d5fa4f73efd49243014\",\"name\":\"Ursula Kohler\",\"image\":{\"@type\":\"ImageObject\",\"inLanguage\":\"de\",\"@id\":\"https:\\\/\\\/secure.gravatar.com\\\/avatar\\\/014d9b9a971f617638f4298cbb55f92d20b3bf0d1c9cc32f65333b2769bcf867?s=96&d=blank&r=g\",\"url\":\"https:\\\/\\\/secure.gravatar.com\\\/avatar\\\/014d9b9a971f617638f4298cbb55f92d20b3bf0d1c9cc32f65333b2769bcf867?s=96&d=blank&r=g\",\"contentUrl\":\"https:\\\/\\\/secure.gravatar.com\\\/avatar\\\/014d9b9a971f617638f4298cbb55f92d20b3bf0d1c9cc32f65333b2769bcf867?s=96&d=blank&r=g\",\"caption\":\"Ursula Kohler\"},\"logo\":{\"@id\":\"https:\\\/\\\/secure.gravatar.com\\\/avatar\\\/014d9b9a971f617638f4298cbb55f92d20b3bf0d1c9cc32f65333b2769bcf867?s=96&d=blank&r=g\"}},{\"@type\":\"Person\",\"@id\":\"https:\\\/\\\/reiseblock.ch\\\/wordpress\\\/#\\\/schema\\\/person\\\/739b103f8e7941f579794d17e2187721\",\"name\":\"admin\",\"image\":{\"@type\":\"ImageObject\",\"inLanguage\":\"de\",\"@id\":\"https:\\\/\\\/secure.gravatar.com\\\/avatar\\\/a0f702f22ecd58ce02800a54cb2055cabe1fa8d7cf75ab377ce2f2b8503f188c?s=96&d=blank&r=g\",\"url\":\"https:\\\/\\\/secure.gravatar.com\\\/avatar\\\/a0f702f22ecd58ce02800a54cb2055cabe1fa8d7cf75ab377ce2f2b8503f188c?s=96&d=blank&r=g\",\"contentUrl\":\"https:\\\/\\\/secure.gravatar.com\\\/avatar\\\/a0f702f22ecd58ce02800a54cb2055cabe1fa8d7cf75ab377ce2f2b8503f188c?s=96&d=blank&r=g\",\"caption\":\"admin\"},\"url\":\"https:\\\/\\\/reiseblock.ch\\\/wordpress\\\/author\\\/admin\\\/\"}]}<\/script>\n<!-- \/ Yoast SEO plugin. -->","yoast_head_json":{"title":"Viel Literatur auf dem Hirzel: Heusser und Spyri &#8211; Reiseblock","description":"Wer auf dem Hirzel unterwegs ist, trifft auf einen Ort, der f\u00fcr zwei Dichterinnen von grosser Bedeutung war: Meta Heusser und ihre Tochter Johanna Spyri","robots":{"index":"index","follow":"follow","max-snippet":"max-snippet:-1","max-image-preview":"max-image-preview:large","max-video-preview":"max-video-preview:-1"},"canonical":"https:\/\/reiseblock.ch\/wordpress\/viel-literatur-auf-dem-hirzel\/","og_locale":"de_DE","og_type":"article","og_title":"Viel Literatur auf dem Hirzel: Heusser und Spyri &#8211; Reiseblock","og_description":"Wer auf dem Hirzel unterwegs ist, trifft auf einen Ort, der f\u00fcr zwei Dichterinnen von grosser Bedeutung war: Meta Heusser und ihre Tochter Johanna Spyri","og_url":"https:\/\/reiseblock.ch\/wordpress\/viel-literatur-auf-dem-hirzel\/","og_site_name":"Reiseblock","article_published_time":"2018-02-16T10:06:15+00:00","article_modified_time":"2018-04-04T18:05:07+00:00","og_image":[{"width":800,"height":533,"url":"https:\/\/reiseblock.ch\/wordpress\/wp-content\/uploads\/2018\/02\/Landschaft.jpg","type":"image\/jpeg"}],"author":"admin","twitter_misc":{"Verfasst von":"admin","Gesch\u00e4tzte Lesezeit":"2\u00a0Minuten"},"schema":{"@context":"https:\/\/schema.org","@graph":[{"@type":"Article","@id":"https:\/\/reiseblock.ch\/wordpress\/viel-literatur-auf-dem-hirzel\/#article","isPartOf":{"@id":"https:\/\/reiseblock.ch\/wordpress\/viel-literatur-auf-dem-hirzel\/"},"author":{"name":"admin","@id":"https:\/\/reiseblock.ch\/wordpress\/#\/schema\/person\/739b103f8e7941f579794d17e2187721"},"headline":"Viel Literatur auf dem Hirzel: Heusser und Spyri","datePublished":"2018-02-16T10:06:15+00:00","dateModified":"2018-04-04T18:05:07+00:00","mainEntityOfPage":{"@id":"https:\/\/reiseblock.ch\/wordpress\/viel-literatur-auf-dem-hirzel\/"},"wordCount":378,"commentCount":0,"publisher":{"@id":"https:\/\/reiseblock.ch\/wordpress\/#\/schema\/person\/eafba14374f16d5fa4f73efd49243014"},"image":{"@id":"https:\/\/reiseblock.ch\/wordpress\/viel-literatur-auf-dem-hirzel\/#primaryimage"},"thumbnailUrl":"https:\/\/reiseblock.ch\/wordpress\/wp-content\/uploads\/2018\/02\/Landschaft.jpg","articleSection":["Tipp"],"inLanguage":"de","potentialAction":[{"@type":"CommentAction","name":"Comment","target":["https:\/\/reiseblock.ch\/wordpress\/viel-literatur-auf-dem-hirzel\/#respond"]}]},{"@type":"WebPage","@id":"https:\/\/reiseblock.ch\/wordpress\/viel-literatur-auf-dem-hirzel\/","url":"https:\/\/reiseblock.ch\/wordpress\/viel-literatur-auf-dem-hirzel\/","name":"Viel Literatur auf dem Hirzel: Heusser und Spyri &#8211; Reiseblock","isPartOf":{"@id":"https:\/\/reiseblock.ch\/wordpress\/#website"},"primaryImageOfPage":{"@id":"https:\/\/reiseblock.ch\/wordpress\/viel-literatur-auf-dem-hirzel\/#primaryimage"},"image":{"@id":"https:\/\/reiseblock.ch\/wordpress\/viel-literatur-auf-dem-hirzel\/#primaryimage"},"thumbnailUrl":"https:\/\/reiseblock.ch\/wordpress\/wp-content\/uploads\/2018\/02\/Landschaft.jpg","datePublished":"2018-02-16T10:06:15+00:00","dateModified":"2018-04-04T18:05:07+00:00","description":"Wer auf dem Hirzel unterwegs ist, trifft auf einen Ort, der f\u00fcr zwei Dichterinnen von grosser Bedeutung war: Meta Heusser und ihre Tochter Johanna Spyri","breadcrumb":{"@id":"https:\/\/reiseblock.ch\/wordpress\/viel-literatur-auf-dem-hirzel\/#breadcrumb"},"inLanguage":"de","potentialAction":[{"@type":"ReadAction","target":["https:\/\/reiseblock.ch\/wordpress\/viel-literatur-auf-dem-hirzel\/"]}]},{"@type":"ImageObject","inLanguage":"de","@id":"https:\/\/reiseblock.ch\/wordpress\/viel-literatur-auf-dem-hirzel\/#primaryimage","url":"https:\/\/reiseblock.ch\/wordpress\/wp-content\/uploads\/2018\/02\/Landschaft.jpg","contentUrl":"https:\/\/reiseblock.ch\/wordpress\/wp-content\/uploads\/2018\/02\/Landschaft.jpg","width":800,"height":533},{"@type":"BreadcrumbList","@id":"https:\/\/reiseblock.ch\/wordpress\/viel-literatur-auf-dem-hirzel\/#breadcrumb","itemListElement":[{"@type":"ListItem","position":1,"name":"Home","item":"https:\/\/reiseblock.ch\/wordpress\/"},{"@type":"ListItem","position":2,"name":"Viel Literatur auf dem Hirzel: Heusser und Spyri"}]},{"@type":"WebSite","@id":"https:\/\/reiseblock.ch\/wordpress\/#website","url":"https:\/\/reiseblock.ch\/wordpress\/","name":"Reiseblock","description":"Ursula Kohlers ReiseWeise","publisher":{"@id":"https:\/\/reiseblock.ch\/wordpress\/#\/schema\/person\/eafba14374f16d5fa4f73efd49243014"},"potentialAction":[{"@type":"SearchAction","target":{"@type":"EntryPoint","urlTemplate":"https:\/\/reiseblock.ch\/wordpress\/?s={search_term_string}"},"query-input":{"@type":"PropertyValueSpecification","valueRequired":true,"valueName":"search_term_string"}}],"inLanguage":"de"},{"@type":["Person","Organization"],"@id":"https:\/\/reiseblock.ch\/wordpress\/#\/schema\/person\/eafba14374f16d5fa4f73efd49243014","name":"Ursula Kohler","image":{"@type":"ImageObject","inLanguage":"de","@id":"https:\/\/secure.gravatar.com\/avatar\/014d9b9a971f617638f4298cbb55f92d20b3bf0d1c9cc32f65333b2769bcf867?s=96&d=blank&r=g","url":"https:\/\/secure.gravatar.com\/avatar\/014d9b9a971f617638f4298cbb55f92d20b3bf0d1c9cc32f65333b2769bcf867?s=96&d=blank&r=g","contentUrl":"https:\/\/secure.gravatar.com\/avatar\/014d9b9a971f617638f4298cbb55f92d20b3bf0d1c9cc32f65333b2769bcf867?s=96&d=blank&r=g","caption":"Ursula Kohler"},"logo":{"@id":"https:\/\/secure.gravatar.com\/avatar\/014d9b9a971f617638f4298cbb55f92d20b3bf0d1c9cc32f65333b2769bcf867?s=96&d=blank&r=g"}},{"@type":"Person","@id":"https:\/\/reiseblock.ch\/wordpress\/#\/schema\/person\/739b103f8e7941f579794d17e2187721","name":"admin","image":{"@type":"ImageObject","inLanguage":"de","@id":"https:\/\/secure.gravatar.com\/avatar\/a0f702f22ecd58ce02800a54cb2055cabe1fa8d7cf75ab377ce2f2b8503f188c?s=96&d=blank&r=g","url":"https:\/\/secure.gravatar.com\/avatar\/a0f702f22ecd58ce02800a54cb2055cabe1fa8d7cf75ab377ce2f2b8503f188c?s=96&d=blank&r=g","contentUrl":"https:\/\/secure.gravatar.com\/avatar\/a0f702f22ecd58ce02800a54cb2055cabe1fa8d7cf75ab377ce2f2b8503f188c?s=96&d=blank&r=g","caption":"admin"},"url":"https:\/\/reiseblock.ch\/wordpress\/author\/admin\/"}]}},"_links":{"self":[{"href":"https:\/\/reiseblock.ch\/wordpress\/wp-json\/wp\/v2\/posts\/2407","targetHints":{"allow":["GET"]}}],"collection":[{"href":"https:\/\/reiseblock.ch\/wordpress\/wp-json\/wp\/v2\/posts"}],"about":[{"href":"https:\/\/reiseblock.ch\/wordpress\/wp-json\/wp\/v2\/types\/post"}],"author":[{"embeddable":true,"href":"https:\/\/reiseblock.ch\/wordpress\/wp-json\/wp\/v2\/users\/1"}],"replies":[{"embeddable":true,"href":"https:\/\/reiseblock.ch\/wordpress\/wp-json\/wp\/v2\/comments?post=2407"}],"version-history":[{"count":14,"href":"https:\/\/reiseblock.ch\/wordpress\/wp-json\/wp\/v2\/posts\/2407\/revisions"}],"predecessor-version":[{"id":2501,"href":"https:\/\/reiseblock.ch\/wordpress\/wp-json\/wp\/v2\/posts\/2407\/revisions\/2501"}],"wp:featuredmedia":[{"embeddable":true,"href":"https:\/\/reiseblock.ch\/wordpress\/wp-json\/wp\/v2\/media\/2416"}],"wp:attachment":[{"href":"https:\/\/reiseblock.ch\/wordpress\/wp-json\/wp\/v2\/media?parent=2407"}],"wp:term":[{"taxonomy":"category","embeddable":true,"href":"https:\/\/reiseblock.ch\/wordpress\/wp-json\/wp\/v2\/categories?post=2407"},{"taxonomy":"post_tag","embeddable":true,"href":"https:\/\/reiseblock.ch\/wordpress\/wp-json\/wp\/v2\/tags?post=2407"}],"curies":[{"name":"wp","href":"https:\/\/api.w.org\/{rel}","templated":true}]}}