{"id":239,"date":"2014-03-10T09:33:18","date_gmt":"2014-03-10T09:33:18","guid":{"rendered":"http:\/\/reiseblock.ch\/wordpress\/?p=239"},"modified":"2017-05-24T09:50:13","modified_gmt":"2017-05-24T07:50:13","slug":"mit-piccolos-und-trommeln-in-den-tag","status":"publish","type":"post","link":"https:\/\/reiseblock.ch\/wordpress\/mit-piccolos-und-trommeln-in-den-tag\/","title":{"rendered":"Basel: Wochenauftakt mit Trommeln und Piccolos"},"content":{"rendered":"<div id=\"attachment_241\" style=\"width: 710px\" class=\"wp-caption alignleft\"><a href=\"http:\/\/reiseblock.ch\/wordpress\/wp-content\/uploads\/2014\/03\/Morgenstraich_Web.jpg\"><img loading=\"lazy\" decoding=\"async\" aria-describedby=\"caption-attachment-241\" class=\"wp-image-241\" src=\"http:\/\/reiseblock.ch\/wordpress\/wp-content\/uploads\/2014\/03\/Morgenstraich_Web-1024x571.jpg\" alt=\"Morgenstraich_Web\" width=\"700\" height=\"390\" \/><\/a><p id=\"caption-attachment-241\" class=\"wp-caption-text\">Die grossen Laternen beleuchten die dunkle Stadt<\/p><\/div>\n<p style=\"text-align: left;\"><span style=\"font-family: Book Antiqua,Palatino; font-size: 12pt;\">So lange war die Anreise von Z\u00fcrich nach Basel nicht, aber sehr, sehr fr\u00fch. Die erste Herausforderung war geschafft, als wir um Punkt 2 Uhr in der Nacht im Taxi sassen, um unseren Extrazug nach Basel zu erreichen. Je ein Thermoskrug Kaffee und Punsch dabei. Die ganze Familie macht sich auf zum Morgenstreich. <!--more--><\/span><\/p>\n<p style=\"text-align: left;\"><span style=\"font-size: 12pt; font-family: Book Antiqua,Palatino;\">Der Zeitpunkt dieses Jahr ist ideal: Die \u00e4ltere Tochter hat schulfrei, um den zuk\u00fcnftigen Gymisch\u00fclerinnen und -sch\u00fclern R\u00e4ume und Lehrpersonen zu \u00fcberlassen, die j\u00fcngere Tochter hat einen Jokertag bezogen. Um halb vier Uhr str\u00f6men Scharen von Menschen Richtung Basler Innenstadt. Wir haben von einer Baslerin drei empfohlene Standorte zur Auswahl und landen beim Lichterl\u00f6schen und Start um 4 Uhr doch an einem anderen Ort. Piccolos, Trommeln, Kopflaternen und grosse Leuchtlaternen mit Sujets \u2013 das sind die Zutaten der Cliquen am Basler Morgenstreich. <\/span><\/p>\n<p style=\"text-align: left;\"><span style=\"font-size: 12pt; font-family: Book Antiqua,Palatino;\">Eindr\u00fccklich ist das Lichtermeer in der dunklen Stadt. Klanglich gehen die Meinungen der ganz und gar unge\u00fcbten Z\u00fcrcher und Luzerner Ohren auseinander. Wir sind immer noch auf der Suche nach \u00abunserem\u00bb Pl\u00e4tzchen und landen nach einer halben Stunde in einer Seitengasse, in der wir zwar viele Cliquen antreffen, aber alle bereits am Pausieren sind. So kurz ist der Morgenstreich? Nach einer Pause unsererseits gehts dann aber nochmals richtig los. Nun finden wir unseren Modus. Wir ziehen einfach mit einer der Cliquen durch die Gassen, bis der Morgen graut. Bei Tagesanbruch befinden wir uns mit den Pendlern bereits wieder auf dem Heimweg. Erst sieben Stunden ist es her, seit die ersten Pfiffe ert\u00f6nten \u2013 und doch ist die Fasnachtswelt f\u00fcr uns schon wieder weit weg. In Basel gehts erst richtig los.<\/span><\/p>\n","protected":false},"excerpt":{"rendered":"<p>So lange war die Anreise von Z\u00fcrich nach Basel nicht, aber sehr, sehr fr\u00fch. Die erste Herausforderung war geschafft, als wir um Punkt 2 Uhr [&#8230;]<\/p>\n","protected":false},"author":1,"featured_media":241,"comment_status":"open","ping_status":"open","sticky":false,"template":"","format":"standard","meta":{"footnotes":""},"categories":[7],"tags":[27,26,23],"class_list":["post-239","post","type-post","status-publish","format-standard","has-post-thumbnail","hentry","category-gesehen","tag-basel","tag-fasnacht","tag-schweiz"],"yoast_head":"<!-- This site is optimized with the Yoast SEO plugin v27.8 - https:\/\/yoast.com\/product\/yoast-seo-wordpress\/ -->\n<title>Basel: Wochenauftakt mit Trommeln und Piccolos &#8211; Reiseblock<\/title>\n<meta name=\"robots\" content=\"index, follow, max-snippet:-1, max-image-preview:large, max-video-preview:-1\" \/>\n<link rel=\"canonical\" href=\"https:\/\/reiseblock.ch\/wordpress\/mit-piccolos-und-trommeln-in-den-tag\/\" \/>\n<meta property=\"og:locale\" content=\"de_DE\" \/>\n<meta property=\"og:type\" content=\"article\" \/>\n<meta property=\"og:title\" content=\"Basel: Wochenauftakt mit Trommeln und Piccolos &#8211; Reiseblock\" \/>\n<meta property=\"og:description\" content=\"So lange war die Anreise von Z\u00fcrich nach Basel nicht, aber sehr, sehr fr\u00fch. Die erste Herausforderung war geschafft, als wir um Punkt 2 Uhr [...]\" \/>\n<meta property=\"og:url\" content=\"https:\/\/reiseblock.ch\/wordpress\/mit-piccolos-und-trommeln-in-den-tag\/\" \/>\n<meta property=\"og:site_name\" content=\"Reiseblock\" \/>\n<meta property=\"article:published_time\" content=\"2014-03-10T09:33:18+00:00\" \/>\n<meta property=\"article:modified_time\" content=\"2017-05-24T07:50:13+00:00\" \/>\n<meta property=\"og:image\" content=\"https:\/\/reiseblock.ch\/wordpress\/wp-content\/uploads\/2014\/03\/Morgenstraich_Web-e1495612206637.jpg\" \/>\n\t<meta property=\"og:image:width\" content=\"800\" \/>\n\t<meta property=\"og:image:height\" content=\"446\" \/>\n\t<meta property=\"og:image:type\" content=\"image\/jpeg\" \/>\n<meta name=\"author\" content=\"admin\" \/>\n<meta name=\"twitter:label1\" content=\"Verfasst von\" \/>\n\t<meta name=\"twitter:data1\" content=\"admin\" \/>\n\t<meta name=\"twitter:label2\" content=\"Gesch\u00e4tzte Lesezeit\" \/>\n\t<meta name=\"twitter:data2\" content=\"1\u00a0Minute\" \/>\n<script type=\"application\/ld+json\" class=\"yoast-schema-graph\">{\"@context\":\"https:\\\/\\\/schema.org\",\"@graph\":[{\"@type\":\"Article\",\"@id\":\"https:\\\/\\\/reiseblock.ch\\\/wordpress\\\/mit-piccolos-und-trommeln-in-den-tag\\\/#article\",\"isPartOf\":{\"@id\":\"https:\\\/\\\/reiseblock.ch\\\/wordpress\\\/mit-piccolos-und-trommeln-in-den-tag\\\/\"},\"author\":{\"name\":\"admin\",\"@id\":\"https:\\\/\\\/reiseblock.ch\\\/wordpress\\\/#\\\/schema\\\/person\\\/739b103f8e7941f579794d17e2187721\"},\"headline\":\"Basel: Wochenauftakt mit Trommeln und Piccolos\",\"datePublished\":\"2014-03-10T09:33:18+00:00\",\"dateModified\":\"2017-05-24T07:50:13+00:00\",\"mainEntityOfPage\":{\"@id\":\"https:\\\/\\\/reiseblock.ch\\\/wordpress\\\/mit-piccolos-und-trommeln-in-den-tag\\\/\"},\"wordCount\":296,\"commentCount\":0,\"publisher\":{\"@id\":\"https:\\\/\\\/reiseblock.ch\\\/wordpress\\\/#\\\/schema\\\/person\\\/eafba14374f16d5fa4f73efd49243014\"},\"image\":{\"@id\":\"https:\\\/\\\/reiseblock.ch\\\/wordpress\\\/mit-piccolos-und-trommeln-in-den-tag\\\/#primaryimage\"},\"thumbnailUrl\":\"https:\\\/\\\/reiseblock.ch\\\/wordpress\\\/wp-content\\\/uploads\\\/2014\\\/03\\\/Morgenstraich_Web-e1495612206637.jpg\",\"keywords\":[\"Basel\",\"Fasnacht\",\"Schweiz\"],\"articleSection\":[\"Gesehen\"],\"inLanguage\":\"de\",\"potentialAction\":[{\"@type\":\"CommentAction\",\"name\":\"Comment\",\"target\":[\"https:\\\/\\\/reiseblock.ch\\\/wordpress\\\/mit-piccolos-und-trommeln-in-den-tag\\\/#respond\"]}]},{\"@type\":\"WebPage\",\"@id\":\"https:\\\/\\\/reiseblock.ch\\\/wordpress\\\/mit-piccolos-und-trommeln-in-den-tag\\\/\",\"url\":\"https:\\\/\\\/reiseblock.ch\\\/wordpress\\\/mit-piccolos-und-trommeln-in-den-tag\\\/\",\"name\":\"Basel: Wochenauftakt mit Trommeln und Piccolos &#8211; Reiseblock\",\"isPartOf\":{\"@id\":\"https:\\\/\\\/reiseblock.ch\\\/wordpress\\\/#website\"},\"primaryImageOfPage\":{\"@id\":\"https:\\\/\\\/reiseblock.ch\\\/wordpress\\\/mit-piccolos-und-trommeln-in-den-tag\\\/#primaryimage\"},\"image\":{\"@id\":\"https:\\\/\\\/reiseblock.ch\\\/wordpress\\\/mit-piccolos-und-trommeln-in-den-tag\\\/#primaryimage\"},\"thumbnailUrl\":\"https:\\\/\\\/reiseblock.ch\\\/wordpress\\\/wp-content\\\/uploads\\\/2014\\\/03\\\/Morgenstraich_Web-e1495612206637.jpg\",\"datePublished\":\"2014-03-10T09:33:18+00:00\",\"dateModified\":\"2017-05-24T07:50:13+00:00\",\"breadcrumb\":{\"@id\":\"https:\\\/\\\/reiseblock.ch\\\/wordpress\\\/mit-piccolos-und-trommeln-in-den-tag\\\/#breadcrumb\"},\"inLanguage\":\"de\",\"potentialAction\":[{\"@type\":\"ReadAction\",\"target\":[\"https:\\\/\\\/reiseblock.ch\\\/wordpress\\\/mit-piccolos-und-trommeln-in-den-tag\\\/\"]}]},{\"@type\":\"ImageObject\",\"inLanguage\":\"de\",\"@id\":\"https:\\\/\\\/reiseblock.ch\\\/wordpress\\\/mit-piccolos-und-trommeln-in-den-tag\\\/#primaryimage\",\"url\":\"https:\\\/\\\/reiseblock.ch\\\/wordpress\\\/wp-content\\\/uploads\\\/2014\\\/03\\\/Morgenstraich_Web-e1495612206637.jpg\",\"contentUrl\":\"https:\\\/\\\/reiseblock.ch\\\/wordpress\\\/wp-content\\\/uploads\\\/2014\\\/03\\\/Morgenstraich_Web-e1495612206637.jpg\",\"width\":800,\"height\":446},{\"@type\":\"BreadcrumbList\",\"@id\":\"https:\\\/\\\/reiseblock.ch\\\/wordpress\\\/mit-piccolos-und-trommeln-in-den-tag\\\/#breadcrumb\",\"itemListElement\":[{\"@type\":\"ListItem\",\"position\":1,\"name\":\"Home\",\"item\":\"https:\\\/\\\/reiseblock.ch\\\/wordpress\\\/\"},{\"@type\":\"ListItem\",\"position\":2,\"name\":\"Basel: Wochenauftakt mit Trommeln und Piccolos\"}]},{\"@type\":\"WebSite\",\"@id\":\"https:\\\/\\\/reiseblock.ch\\\/wordpress\\\/#website\",\"url\":\"https:\\\/\\\/reiseblock.ch\\\/wordpress\\\/\",\"name\":\"Reiseblock\",\"description\":\"Ursula Kohlers ReiseWeise\",\"publisher\":{\"@id\":\"https:\\\/\\\/reiseblock.ch\\\/wordpress\\\/#\\\/schema\\\/person\\\/eafba14374f16d5fa4f73efd49243014\"},\"potentialAction\":[{\"@type\":\"SearchAction\",\"target\":{\"@type\":\"EntryPoint\",\"urlTemplate\":\"https:\\\/\\\/reiseblock.ch\\\/wordpress\\\/?s={search_term_string}\"},\"query-input\":{\"@type\":\"PropertyValueSpecification\",\"valueRequired\":true,\"valueName\":\"search_term_string\"}}],\"inLanguage\":\"de\"},{\"@type\":[\"Person\",\"Organization\"],\"@id\":\"https:\\\/\\\/reiseblock.ch\\\/wordpress\\\/#\\\/schema\\\/person\\\/eafba14374f16d5fa4f73efd49243014\",\"name\":\"Ursula Kohler\",\"image\":{\"@type\":\"ImageObject\",\"inLanguage\":\"de\",\"@id\":\"https:\\\/\\\/secure.gravatar.com\\\/avatar\\\/014d9b9a971f617638f4298cbb55f92d20b3bf0d1c9cc32f65333b2769bcf867?s=96&d=blank&r=g\",\"url\":\"https:\\\/\\\/secure.gravatar.com\\\/avatar\\\/014d9b9a971f617638f4298cbb55f92d20b3bf0d1c9cc32f65333b2769bcf867?s=96&d=blank&r=g\",\"contentUrl\":\"https:\\\/\\\/secure.gravatar.com\\\/avatar\\\/014d9b9a971f617638f4298cbb55f92d20b3bf0d1c9cc32f65333b2769bcf867?s=96&d=blank&r=g\",\"caption\":\"Ursula Kohler\"},\"logo\":{\"@id\":\"https:\\\/\\\/secure.gravatar.com\\\/avatar\\\/014d9b9a971f617638f4298cbb55f92d20b3bf0d1c9cc32f65333b2769bcf867?s=96&d=blank&r=g\"}},{\"@type\":\"Person\",\"@id\":\"https:\\\/\\\/reiseblock.ch\\\/wordpress\\\/#\\\/schema\\\/person\\\/739b103f8e7941f579794d17e2187721\",\"name\":\"admin\",\"image\":{\"@type\":\"ImageObject\",\"inLanguage\":\"de\",\"@id\":\"https:\\\/\\\/secure.gravatar.com\\\/avatar\\\/a0f702f22ecd58ce02800a54cb2055cabe1fa8d7cf75ab377ce2f2b8503f188c?s=96&d=blank&r=g\",\"url\":\"https:\\\/\\\/secure.gravatar.com\\\/avatar\\\/a0f702f22ecd58ce02800a54cb2055cabe1fa8d7cf75ab377ce2f2b8503f188c?s=96&d=blank&r=g\",\"contentUrl\":\"https:\\\/\\\/secure.gravatar.com\\\/avatar\\\/a0f702f22ecd58ce02800a54cb2055cabe1fa8d7cf75ab377ce2f2b8503f188c?s=96&d=blank&r=g\",\"caption\":\"admin\"},\"url\":\"https:\\\/\\\/reiseblock.ch\\\/wordpress\\\/author\\\/admin\\\/\"}]}<\/script>\n<!-- \/ Yoast SEO plugin. -->","yoast_head_json":{"title":"Basel: Wochenauftakt mit Trommeln und Piccolos &#8211; Reiseblock","robots":{"index":"index","follow":"follow","max-snippet":"max-snippet:-1","max-image-preview":"max-image-preview:large","max-video-preview":"max-video-preview:-1"},"canonical":"https:\/\/reiseblock.ch\/wordpress\/mit-piccolos-und-trommeln-in-den-tag\/","og_locale":"de_DE","og_type":"article","og_title":"Basel: Wochenauftakt mit Trommeln und Piccolos &#8211; Reiseblock","og_description":"So lange war die Anreise von Z\u00fcrich nach Basel nicht, aber sehr, sehr fr\u00fch. Die erste Herausforderung war geschafft, als wir um Punkt 2 Uhr [...]","og_url":"https:\/\/reiseblock.ch\/wordpress\/mit-piccolos-und-trommeln-in-den-tag\/","og_site_name":"Reiseblock","article_published_time":"2014-03-10T09:33:18+00:00","article_modified_time":"2017-05-24T07:50:13+00:00","og_image":[{"width":800,"height":446,"url":"https:\/\/reiseblock.ch\/wordpress\/wp-content\/uploads\/2014\/03\/Morgenstraich_Web-e1495612206637.jpg","type":"image\/jpeg"}],"author":"admin","twitter_misc":{"Verfasst von":"admin","Gesch\u00e4tzte Lesezeit":"1\u00a0Minute"},"schema":{"@context":"https:\/\/schema.org","@graph":[{"@type":"Article","@id":"https:\/\/reiseblock.ch\/wordpress\/mit-piccolos-und-trommeln-in-den-tag\/#article","isPartOf":{"@id":"https:\/\/reiseblock.ch\/wordpress\/mit-piccolos-und-trommeln-in-den-tag\/"},"author":{"name":"admin","@id":"https:\/\/reiseblock.ch\/wordpress\/#\/schema\/person\/739b103f8e7941f579794d17e2187721"},"headline":"Basel: Wochenauftakt mit Trommeln und Piccolos","datePublished":"2014-03-10T09:33:18+00:00","dateModified":"2017-05-24T07:50:13+00:00","mainEntityOfPage":{"@id":"https:\/\/reiseblock.ch\/wordpress\/mit-piccolos-und-trommeln-in-den-tag\/"},"wordCount":296,"commentCount":0,"publisher":{"@id":"https:\/\/reiseblock.ch\/wordpress\/#\/schema\/person\/eafba14374f16d5fa4f73efd49243014"},"image":{"@id":"https:\/\/reiseblock.ch\/wordpress\/mit-piccolos-und-trommeln-in-den-tag\/#primaryimage"},"thumbnailUrl":"https:\/\/reiseblock.ch\/wordpress\/wp-content\/uploads\/2014\/03\/Morgenstraich_Web-e1495612206637.jpg","keywords":["Basel","Fasnacht","Schweiz"],"articleSection":["Gesehen"],"inLanguage":"de","potentialAction":[{"@type":"CommentAction","name":"Comment","target":["https:\/\/reiseblock.ch\/wordpress\/mit-piccolos-und-trommeln-in-den-tag\/#respond"]}]},{"@type":"WebPage","@id":"https:\/\/reiseblock.ch\/wordpress\/mit-piccolos-und-trommeln-in-den-tag\/","url":"https:\/\/reiseblock.ch\/wordpress\/mit-piccolos-und-trommeln-in-den-tag\/","name":"Basel: Wochenauftakt mit Trommeln und Piccolos &#8211; Reiseblock","isPartOf":{"@id":"https:\/\/reiseblock.ch\/wordpress\/#website"},"primaryImageOfPage":{"@id":"https:\/\/reiseblock.ch\/wordpress\/mit-piccolos-und-trommeln-in-den-tag\/#primaryimage"},"image":{"@id":"https:\/\/reiseblock.ch\/wordpress\/mit-piccolos-und-trommeln-in-den-tag\/#primaryimage"},"thumbnailUrl":"https:\/\/reiseblock.ch\/wordpress\/wp-content\/uploads\/2014\/03\/Morgenstraich_Web-e1495612206637.jpg","datePublished":"2014-03-10T09:33:18+00:00","dateModified":"2017-05-24T07:50:13+00:00","breadcrumb":{"@id":"https:\/\/reiseblock.ch\/wordpress\/mit-piccolos-und-trommeln-in-den-tag\/#breadcrumb"},"inLanguage":"de","potentialAction":[{"@type":"ReadAction","target":["https:\/\/reiseblock.ch\/wordpress\/mit-piccolos-und-trommeln-in-den-tag\/"]}]},{"@type":"ImageObject","inLanguage":"de","@id":"https:\/\/reiseblock.ch\/wordpress\/mit-piccolos-und-trommeln-in-den-tag\/#primaryimage","url":"https:\/\/reiseblock.ch\/wordpress\/wp-content\/uploads\/2014\/03\/Morgenstraich_Web-e1495612206637.jpg","contentUrl":"https:\/\/reiseblock.ch\/wordpress\/wp-content\/uploads\/2014\/03\/Morgenstraich_Web-e1495612206637.jpg","width":800,"height":446},{"@type":"BreadcrumbList","@id":"https:\/\/reiseblock.ch\/wordpress\/mit-piccolos-und-trommeln-in-den-tag\/#breadcrumb","itemListElement":[{"@type":"ListItem","position":1,"name":"Home","item":"https:\/\/reiseblock.ch\/wordpress\/"},{"@type":"ListItem","position":2,"name":"Basel: Wochenauftakt mit Trommeln und Piccolos"}]},{"@type":"WebSite","@id":"https:\/\/reiseblock.ch\/wordpress\/#website","url":"https:\/\/reiseblock.ch\/wordpress\/","name":"Reiseblock","description":"Ursula Kohlers ReiseWeise","publisher":{"@id":"https:\/\/reiseblock.ch\/wordpress\/#\/schema\/person\/eafba14374f16d5fa4f73efd49243014"},"potentialAction":[{"@type":"SearchAction","target":{"@type":"EntryPoint","urlTemplate":"https:\/\/reiseblock.ch\/wordpress\/?s={search_term_string}"},"query-input":{"@type":"PropertyValueSpecification","valueRequired":true,"valueName":"search_term_string"}}],"inLanguage":"de"},{"@type":["Person","Organization"],"@id":"https:\/\/reiseblock.ch\/wordpress\/#\/schema\/person\/eafba14374f16d5fa4f73efd49243014","name":"Ursula Kohler","image":{"@type":"ImageObject","inLanguage":"de","@id":"https:\/\/secure.gravatar.com\/avatar\/014d9b9a971f617638f4298cbb55f92d20b3bf0d1c9cc32f65333b2769bcf867?s=96&d=blank&r=g","url":"https:\/\/secure.gravatar.com\/avatar\/014d9b9a971f617638f4298cbb55f92d20b3bf0d1c9cc32f65333b2769bcf867?s=96&d=blank&r=g","contentUrl":"https:\/\/secure.gravatar.com\/avatar\/014d9b9a971f617638f4298cbb55f92d20b3bf0d1c9cc32f65333b2769bcf867?s=96&d=blank&r=g","caption":"Ursula Kohler"},"logo":{"@id":"https:\/\/secure.gravatar.com\/avatar\/014d9b9a971f617638f4298cbb55f92d20b3bf0d1c9cc32f65333b2769bcf867?s=96&d=blank&r=g"}},{"@type":"Person","@id":"https:\/\/reiseblock.ch\/wordpress\/#\/schema\/person\/739b103f8e7941f579794d17e2187721","name":"admin","image":{"@type":"ImageObject","inLanguage":"de","@id":"https:\/\/secure.gravatar.com\/avatar\/a0f702f22ecd58ce02800a54cb2055cabe1fa8d7cf75ab377ce2f2b8503f188c?s=96&d=blank&r=g","url":"https:\/\/secure.gravatar.com\/avatar\/a0f702f22ecd58ce02800a54cb2055cabe1fa8d7cf75ab377ce2f2b8503f188c?s=96&d=blank&r=g","contentUrl":"https:\/\/secure.gravatar.com\/avatar\/a0f702f22ecd58ce02800a54cb2055cabe1fa8d7cf75ab377ce2f2b8503f188c?s=96&d=blank&r=g","caption":"admin"},"url":"https:\/\/reiseblock.ch\/wordpress\/author\/admin\/"}]}},"_links":{"self":[{"href":"https:\/\/reiseblock.ch\/wordpress\/wp-json\/wp\/v2\/posts\/239","targetHints":{"allow":["GET"]}}],"collection":[{"href":"https:\/\/reiseblock.ch\/wordpress\/wp-json\/wp\/v2\/posts"}],"about":[{"href":"https:\/\/reiseblock.ch\/wordpress\/wp-json\/wp\/v2\/types\/post"}],"author":[{"embeddable":true,"href":"https:\/\/reiseblock.ch\/wordpress\/wp-json\/wp\/v2\/users\/1"}],"replies":[{"embeddable":true,"href":"https:\/\/reiseblock.ch\/wordpress\/wp-json\/wp\/v2\/comments?post=239"}],"version-history":[{"count":29,"href":"https:\/\/reiseblock.ch\/wordpress\/wp-json\/wp\/v2\/posts\/239\/revisions"}],"predecessor-version":[{"id":1838,"href":"https:\/\/reiseblock.ch\/wordpress\/wp-json\/wp\/v2\/posts\/239\/revisions\/1838"}],"wp:featuredmedia":[{"embeddable":true,"href":"https:\/\/reiseblock.ch\/wordpress\/wp-json\/wp\/v2\/media\/241"}],"wp:attachment":[{"href":"https:\/\/reiseblock.ch\/wordpress\/wp-json\/wp\/v2\/media?parent=239"}],"wp:term":[{"taxonomy":"category","embeddable":true,"href":"https:\/\/reiseblock.ch\/wordpress\/wp-json\/wp\/v2\/categories?post=239"},{"taxonomy":"post_tag","embeddable":true,"href":"https:\/\/reiseblock.ch\/wordpress\/wp-json\/wp\/v2\/tags?post=239"}],"curies":[{"name":"wp","href":"https:\/\/api.w.org\/{rel}","templated":true}]}}