{"id":2380,"date":"2018-01-22T22:05:37","date_gmt":"2018-01-22T21:05:37","guid":{"rendered":"http:\/\/reiseblock.ch\/?p=2380"},"modified":"2018-01-22T22:14:04","modified_gmt":"2018-01-22T21:14:04","slug":"schnee-schnee-schnee-nicht-nur-aber-auch-in-arosa","status":"publish","type":"post","link":"https:\/\/reiseblock.ch\/wordpress\/schnee-schnee-schnee-nicht-nur-aber-auch-in-arosa\/","title":{"rendered":"Winterpracht in Arosa \u2013 doch wie hat alles begonnen?"},"content":{"rendered":"<div id=\"attachment_2386\" style=\"width: 810px\" class=\"wp-caption alignleft\"><img loading=\"lazy\" decoding=\"async\" aria-describedby=\"caption-attachment-2386\" class=\"size-full wp-image-2386\" src=\"http:\/\/reiseblock.ch\/wordpress\/wp-content\/uploads\/2018\/01\/Seeli.jpg\" alt=\"Wie ein Zuckerguss \u00fcberzieht der erste Schnee die Landschaft\" width=\"800\" height=\"533\" srcset=\"https:\/\/reiseblock.ch\/wordpress\/wp-content\/uploads\/2018\/01\/Seeli.jpg 800w, https:\/\/reiseblock.ch\/wordpress\/wp-content\/uploads\/2018\/01\/Seeli-300x200.jpg 300w, https:\/\/reiseblock.ch\/wordpress\/wp-content\/uploads\/2018\/01\/Seeli-768x512.jpg 768w\" sizes=\"auto, (max-width: 800px) 100vw, 800px\" \/><p id=\"caption-attachment-2386\" class=\"wp-caption-text\">Wie ein Zuckerguss \u00fcberzieht der erste Schnee die Landschaft<\/p><\/div>\n<p><span style=\"font-family: Book Antiqua, Palatino; font-size: 12pt;\">Es schneit in der Schweiz. Inzwischen sind einige Ferienorte von der Umgebung abgeschnitten, so etwa Zermatt oder Andermatt. Die Lawinengefahr ist sehr hoch und einzelne Menschen mussten in den Bergregionen sogar aus ihren H\u00e4usern evakuiert werden. Auch der Bahnverkehr nach Arosa ist unterbrochen, aber ganz abgeschnitten ist der Ort nicht von der Umwelt, Ersatzbusse verkehren zwischen Chur und Arosa. <\/span><\/p>\n<p><!--more--><\/p>\n<p><span style=\"font-family: Book Antiqua, Palatino; font-size: 12pt;\">Wundersch\u00f6n stelle ich mir den verschneiten Winterort zurzeit vor. Selber kenne ich Arosa eher im Sommer und immer wieder zieht es mich auch an den Ort zur\u00fcck. Schnee habe ich einmal bei einem fr\u00fchen Wintereinbruch im September erlebt, auf einer Wanderung von Arosa nach Tschiertschen. Wie verzuckert war die Landschaft, aber die Sonne hat den Schnee bis am Mittag praktisch wieder weggeschmolzen.<\/span><\/p>\n<div id=\"attachment_2384\" style=\"width: 810px\" class=\"wp-caption alignleft\"><img loading=\"lazy\" decoding=\"async\" aria-describedby=\"caption-attachment-2384\" class=\"wp-image-2384 size-full\" src=\"http:\/\/reiseblock.ch\/wordpress\/wp-content\/uploads\/2018\/01\/Wegweiser.jpg\" alt=\"Immer wieder eine sch\u00f6ne Fabkombination, die Wegweiser sind inzwischen wegger\u00e4umt und warten auf die n\u00e4chste Saison\" width=\"800\" height=\"533\" srcset=\"https:\/\/reiseblock.ch\/wordpress\/wp-content\/uploads\/2018\/01\/Wegweiser.jpg 800w, https:\/\/reiseblock.ch\/wordpress\/wp-content\/uploads\/2018\/01\/Wegweiser-300x200.jpg 300w, https:\/\/reiseblock.ch\/wordpress\/wp-content\/uploads\/2018\/01\/Wegweiser-768x512.jpg 768w\" sizes=\"auto, (max-width: 800px) 100vw, 800px\" \/><p id=\"caption-attachment-2384\" class=\"wp-caption-text\">Immer wieder eine sch\u00f6ne Fabkombination, die Wegweiser sind inzwischen wegger\u00e4umt und warten auf die n\u00e4chste Saison. Der Hauptichopf heisst \u00fcbrigens neu Maraner Hauptji.<\/p><\/div>\n<p><span style=\"font-family: Book Antiqua, Palatino; font-size: 12pt;\">Der Wanderweg nachTschiertschen ist im Winter nicht ge\u00f6ffnet, aber daf\u00fcr gibt es viele Alternativen, unter anderem aufs H\u00f6rnli und sogar aufs Weisshorn. Geht man diese Winterwanderwege aufw\u00e4rts, ist das eine sportliche Herausforderung \u2013 oder eine Genusswanderung abw\u00e4rts.<br \/>\n<\/span><\/p>\n<div id=\"attachment_2383\" style=\"width: 810px\" class=\"wp-caption alignleft\"><img loading=\"lazy\" decoding=\"async\" aria-describedby=\"caption-attachment-2383\" class=\"size-full wp-image-2383\" src=\"http:\/\/reiseblock.ch\/wordpress\/wp-content\/uploads\/2018\/01\/weg.jpg\" alt=\"Bis zum Mittag wird der Schnee praktisch wieder geschmolzen sein \" width=\"800\" height=\"533\" srcset=\"https:\/\/reiseblock.ch\/wordpress\/wp-content\/uploads\/2018\/01\/weg.jpg 800w, https:\/\/reiseblock.ch\/wordpress\/wp-content\/uploads\/2018\/01\/weg-300x200.jpg 300w, https:\/\/reiseblock.ch\/wordpress\/wp-content\/uploads\/2018\/01\/weg-768x512.jpg 768w\" sizes=\"auto, (max-width: 800px) 100vw, 800px\" \/><p id=\"caption-attachment-2383\" class=\"wp-caption-text\">Bis zum Mittag wird der Schnee praktisch wieder geschmolzen sein<\/p><\/div>\n<p><span style=\"font-family: Book Antiqua, Palatino; font-size: 12pt;\">Das <a href=\"http:\/\/www.arosa-museum.ch\/\" target=\"_blank\" rel=\"noopener\">Heimatmuseum<\/a> in Innerarosa hat \u00fcbrigens eine neue Ausstellung er\u00f6ffnet: Lebenswende in Arosa. Im Zentrum stehen der Schriftsteller Thomas Mann und der Physiker Erwin Schr\u00f6dinger. F\u00fcr beide war ein Aufenthalt in Arosa entscheidend f\u00fcr den weiteren Lebensweg.<\/span><\/p>\n<p>&nbsp;<\/p>\n<p>&nbsp;<\/p>\n","protected":false},"excerpt":{"rendered":"<p>Es schneit in der Schweiz. Inzwischen sind einige Ferienorte von der Umgebung abgeschnitten, so etwa Zermatt oder Andermatt. Die Lawinengefahr ist sehr hoch und einzelne [&#8230;]<\/p>\n","protected":false},"author":1,"featured_media":2386,"comment_status":"open","ping_status":"open","sticky":false,"template":"","format":"standard","meta":{"footnotes":""},"categories":[7],"tags":[260,264,312,195],"class_list":["post-2380","post","type-post","status-publish","format-standard","has-post-thumbnail","hentry","category-gesehen","tag-arosa","tag-innerarosa","tag-schanfigger-heimatmuseum","tag-schnee"],"yoast_head":"<!-- This site is optimized with the Yoast SEO plugin v27.8 - https:\/\/yoast.com\/product\/yoast-seo-wordpress\/ -->\n<title>Winterpracht in Arosa \u2013 doch wie hat alles begonnen? &#8211; Reiseblock<\/title>\n<meta name=\"description\" content=\"Zurzeit versinkt die Schweiz in Schnee, das gilt auch f\u00fcr Arosa. Aber der Ferienort ist zu jeder Jahrzeit einen Besuch wert.\" \/>\n<meta name=\"robots\" content=\"index, follow, max-snippet:-1, max-image-preview:large, max-video-preview:-1\" \/>\n<link rel=\"canonical\" href=\"https:\/\/reiseblock.ch\/wordpress\/schnee-schnee-schnee-nicht-nur-aber-auch-in-arosa\/\" \/>\n<meta property=\"og:locale\" content=\"de_DE\" \/>\n<meta property=\"og:type\" content=\"article\" \/>\n<meta property=\"og:title\" content=\"Winterpracht in Arosa \u2013 doch wie hat alles begonnen? &#8211; Reiseblock\" \/>\n<meta property=\"og:description\" content=\"Zurzeit versinkt die Schweiz in Schnee, das gilt auch f\u00fcr Arosa. Aber der Ferienort ist zu jeder Jahrzeit einen Besuch wert.\" \/>\n<meta property=\"og:url\" content=\"https:\/\/reiseblock.ch\/wordpress\/schnee-schnee-schnee-nicht-nur-aber-auch-in-arosa\/\" \/>\n<meta property=\"og:site_name\" content=\"Reiseblock\" \/>\n<meta property=\"article:published_time\" content=\"2018-01-22T21:05:37+00:00\" \/>\n<meta property=\"article:modified_time\" content=\"2018-01-22T21:14:04+00:00\" \/>\n<meta property=\"og:image\" content=\"https:\/\/reiseblock.ch\/wordpress\/wp-content\/uploads\/2018\/01\/Seeli.jpg\" \/>\n\t<meta property=\"og:image:width\" content=\"800\" \/>\n\t<meta property=\"og:image:height\" content=\"533\" \/>\n\t<meta property=\"og:image:type\" content=\"image\/jpeg\" \/>\n<meta name=\"author\" content=\"admin\" \/>\n<meta name=\"twitter:label1\" content=\"Verfasst von\" \/>\n\t<meta name=\"twitter:data1\" content=\"admin\" \/>\n\t<meta name=\"twitter:label2\" content=\"Gesch\u00e4tzte Lesezeit\" \/>\n\t<meta name=\"twitter:data2\" content=\"1\u00a0Minute\" \/>\n<script type=\"application\/ld+json\" class=\"yoast-schema-graph\">{\"@context\":\"https:\\\/\\\/schema.org\",\"@graph\":[{\"@type\":\"Article\",\"@id\":\"https:\\\/\\\/reiseblock.ch\\\/wordpress\\\/schnee-schnee-schnee-nicht-nur-aber-auch-in-arosa\\\/#article\",\"isPartOf\":{\"@id\":\"https:\\\/\\\/reiseblock.ch\\\/wordpress\\\/schnee-schnee-schnee-nicht-nur-aber-auch-in-arosa\\\/\"},\"author\":{\"name\":\"admin\",\"@id\":\"https:\\\/\\\/reiseblock.ch\\\/wordpress\\\/#\\\/schema\\\/person\\\/739b103f8e7941f579794d17e2187721\"},\"headline\":\"Winterpracht in Arosa \u2013 doch wie hat alles begonnen?\",\"datePublished\":\"2018-01-22T21:05:37+00:00\",\"dateModified\":\"2018-01-22T21:14:04+00:00\",\"mainEntityOfPage\":{\"@id\":\"https:\\\/\\\/reiseblock.ch\\\/wordpress\\\/schnee-schnee-schnee-nicht-nur-aber-auch-in-arosa\\\/\"},\"wordCount\":283,\"commentCount\":0,\"publisher\":{\"@id\":\"https:\\\/\\\/reiseblock.ch\\\/wordpress\\\/#\\\/schema\\\/person\\\/eafba14374f16d5fa4f73efd49243014\"},\"image\":{\"@id\":\"https:\\\/\\\/reiseblock.ch\\\/wordpress\\\/schnee-schnee-schnee-nicht-nur-aber-auch-in-arosa\\\/#primaryimage\"},\"thumbnailUrl\":\"https:\\\/\\\/reiseblock.ch\\\/wordpress\\\/wp-content\\\/uploads\\\/2018\\\/01\\\/Seeli.jpg\",\"keywords\":[\"Arosa\",\"Innerarosa\",\"Schanfigger Heimatmuseum\",\"Schnee\"],\"articleSection\":[\"Gesehen\"],\"inLanguage\":\"de\",\"potentialAction\":[{\"@type\":\"CommentAction\",\"name\":\"Comment\",\"target\":[\"https:\\\/\\\/reiseblock.ch\\\/wordpress\\\/schnee-schnee-schnee-nicht-nur-aber-auch-in-arosa\\\/#respond\"]}]},{\"@type\":\"WebPage\",\"@id\":\"https:\\\/\\\/reiseblock.ch\\\/wordpress\\\/schnee-schnee-schnee-nicht-nur-aber-auch-in-arosa\\\/\",\"url\":\"https:\\\/\\\/reiseblock.ch\\\/wordpress\\\/schnee-schnee-schnee-nicht-nur-aber-auch-in-arosa\\\/\",\"name\":\"Winterpracht in Arosa \u2013 doch wie hat alles begonnen? &#8211; Reiseblock\",\"isPartOf\":{\"@id\":\"https:\\\/\\\/reiseblock.ch\\\/wordpress\\\/#website\"},\"primaryImageOfPage\":{\"@id\":\"https:\\\/\\\/reiseblock.ch\\\/wordpress\\\/schnee-schnee-schnee-nicht-nur-aber-auch-in-arosa\\\/#primaryimage\"},\"image\":{\"@id\":\"https:\\\/\\\/reiseblock.ch\\\/wordpress\\\/schnee-schnee-schnee-nicht-nur-aber-auch-in-arosa\\\/#primaryimage\"},\"thumbnailUrl\":\"https:\\\/\\\/reiseblock.ch\\\/wordpress\\\/wp-content\\\/uploads\\\/2018\\\/01\\\/Seeli.jpg\",\"datePublished\":\"2018-01-22T21:05:37+00:00\",\"dateModified\":\"2018-01-22T21:14:04+00:00\",\"description\":\"Zurzeit versinkt die Schweiz in Schnee, das gilt auch f\u00fcr Arosa. Aber der Ferienort ist zu jeder Jahrzeit einen Besuch wert.\",\"breadcrumb\":{\"@id\":\"https:\\\/\\\/reiseblock.ch\\\/wordpress\\\/schnee-schnee-schnee-nicht-nur-aber-auch-in-arosa\\\/#breadcrumb\"},\"inLanguage\":\"de\",\"potentialAction\":[{\"@type\":\"ReadAction\",\"target\":[\"https:\\\/\\\/reiseblock.ch\\\/wordpress\\\/schnee-schnee-schnee-nicht-nur-aber-auch-in-arosa\\\/\"]}]},{\"@type\":\"ImageObject\",\"inLanguage\":\"de\",\"@id\":\"https:\\\/\\\/reiseblock.ch\\\/wordpress\\\/schnee-schnee-schnee-nicht-nur-aber-auch-in-arosa\\\/#primaryimage\",\"url\":\"https:\\\/\\\/reiseblock.ch\\\/wordpress\\\/wp-content\\\/uploads\\\/2018\\\/01\\\/Seeli.jpg\",\"contentUrl\":\"https:\\\/\\\/reiseblock.ch\\\/wordpress\\\/wp-content\\\/uploads\\\/2018\\\/01\\\/Seeli.jpg\",\"width\":800,\"height\":533,\"caption\":\"Wie ein Zuckerguss \u00fcberzieht der erste Schnee die Landschaft\"},{\"@type\":\"BreadcrumbList\",\"@id\":\"https:\\\/\\\/reiseblock.ch\\\/wordpress\\\/schnee-schnee-schnee-nicht-nur-aber-auch-in-arosa\\\/#breadcrumb\",\"itemListElement\":[{\"@type\":\"ListItem\",\"position\":1,\"name\":\"Home\",\"item\":\"https:\\\/\\\/reiseblock.ch\\\/wordpress\\\/\"},{\"@type\":\"ListItem\",\"position\":2,\"name\":\"Winterpracht in Arosa \u2013 doch wie hat alles begonnen?\"}]},{\"@type\":\"WebSite\",\"@id\":\"https:\\\/\\\/reiseblock.ch\\\/wordpress\\\/#website\",\"url\":\"https:\\\/\\\/reiseblock.ch\\\/wordpress\\\/\",\"name\":\"Reiseblock\",\"description\":\"Ursula Kohlers ReiseWeise\",\"publisher\":{\"@id\":\"https:\\\/\\\/reiseblock.ch\\\/wordpress\\\/#\\\/schema\\\/person\\\/eafba14374f16d5fa4f73efd49243014\"},\"potentialAction\":[{\"@type\":\"SearchAction\",\"target\":{\"@type\":\"EntryPoint\",\"urlTemplate\":\"https:\\\/\\\/reiseblock.ch\\\/wordpress\\\/?s={search_term_string}\"},\"query-input\":{\"@type\":\"PropertyValueSpecification\",\"valueRequired\":true,\"valueName\":\"search_term_string\"}}],\"inLanguage\":\"de\"},{\"@type\":[\"Person\",\"Organization\"],\"@id\":\"https:\\\/\\\/reiseblock.ch\\\/wordpress\\\/#\\\/schema\\\/person\\\/eafba14374f16d5fa4f73efd49243014\",\"name\":\"Ursula Kohler\",\"image\":{\"@type\":\"ImageObject\",\"inLanguage\":\"de\",\"@id\":\"https:\\\/\\\/secure.gravatar.com\\\/avatar\\\/014d9b9a971f617638f4298cbb55f92d20b3bf0d1c9cc32f65333b2769bcf867?s=96&d=blank&r=g\",\"url\":\"https:\\\/\\\/secure.gravatar.com\\\/avatar\\\/014d9b9a971f617638f4298cbb55f92d20b3bf0d1c9cc32f65333b2769bcf867?s=96&d=blank&r=g\",\"contentUrl\":\"https:\\\/\\\/secure.gravatar.com\\\/avatar\\\/014d9b9a971f617638f4298cbb55f92d20b3bf0d1c9cc32f65333b2769bcf867?s=96&d=blank&r=g\",\"caption\":\"Ursula Kohler\"},\"logo\":{\"@id\":\"https:\\\/\\\/secure.gravatar.com\\\/avatar\\\/014d9b9a971f617638f4298cbb55f92d20b3bf0d1c9cc32f65333b2769bcf867?s=96&d=blank&r=g\"}},{\"@type\":\"Person\",\"@id\":\"https:\\\/\\\/reiseblock.ch\\\/wordpress\\\/#\\\/schema\\\/person\\\/739b103f8e7941f579794d17e2187721\",\"name\":\"admin\",\"image\":{\"@type\":\"ImageObject\",\"inLanguage\":\"de\",\"@id\":\"https:\\\/\\\/secure.gravatar.com\\\/avatar\\\/a0f702f22ecd58ce02800a54cb2055cabe1fa8d7cf75ab377ce2f2b8503f188c?s=96&d=blank&r=g\",\"url\":\"https:\\\/\\\/secure.gravatar.com\\\/avatar\\\/a0f702f22ecd58ce02800a54cb2055cabe1fa8d7cf75ab377ce2f2b8503f188c?s=96&d=blank&r=g\",\"contentUrl\":\"https:\\\/\\\/secure.gravatar.com\\\/avatar\\\/a0f702f22ecd58ce02800a54cb2055cabe1fa8d7cf75ab377ce2f2b8503f188c?s=96&d=blank&r=g\",\"caption\":\"admin\"},\"url\":\"https:\\\/\\\/reiseblock.ch\\\/wordpress\\\/author\\\/admin\\\/\"}]}<\/script>\n<!-- \/ Yoast SEO plugin. -->","yoast_head_json":{"title":"Winterpracht in Arosa \u2013 doch wie hat alles begonnen? &#8211; Reiseblock","description":"Zurzeit versinkt die Schweiz in Schnee, das gilt auch f\u00fcr Arosa. Aber der Ferienort ist zu jeder Jahrzeit einen Besuch wert.","robots":{"index":"index","follow":"follow","max-snippet":"max-snippet:-1","max-image-preview":"max-image-preview:large","max-video-preview":"max-video-preview:-1"},"canonical":"https:\/\/reiseblock.ch\/wordpress\/schnee-schnee-schnee-nicht-nur-aber-auch-in-arosa\/","og_locale":"de_DE","og_type":"article","og_title":"Winterpracht in Arosa \u2013 doch wie hat alles begonnen? &#8211; Reiseblock","og_description":"Zurzeit versinkt die Schweiz in Schnee, das gilt auch f\u00fcr Arosa. Aber der Ferienort ist zu jeder Jahrzeit einen Besuch wert.","og_url":"https:\/\/reiseblock.ch\/wordpress\/schnee-schnee-schnee-nicht-nur-aber-auch-in-arosa\/","og_site_name":"Reiseblock","article_published_time":"2018-01-22T21:05:37+00:00","article_modified_time":"2018-01-22T21:14:04+00:00","og_image":[{"width":800,"height":533,"url":"https:\/\/reiseblock.ch\/wordpress\/wp-content\/uploads\/2018\/01\/Seeli.jpg","type":"image\/jpeg"}],"author":"admin","twitter_misc":{"Verfasst von":"admin","Gesch\u00e4tzte Lesezeit":"1\u00a0Minute"},"schema":{"@context":"https:\/\/schema.org","@graph":[{"@type":"Article","@id":"https:\/\/reiseblock.ch\/wordpress\/schnee-schnee-schnee-nicht-nur-aber-auch-in-arosa\/#article","isPartOf":{"@id":"https:\/\/reiseblock.ch\/wordpress\/schnee-schnee-schnee-nicht-nur-aber-auch-in-arosa\/"},"author":{"name":"admin","@id":"https:\/\/reiseblock.ch\/wordpress\/#\/schema\/person\/739b103f8e7941f579794d17e2187721"},"headline":"Winterpracht in Arosa \u2013 doch wie hat alles begonnen?","datePublished":"2018-01-22T21:05:37+00:00","dateModified":"2018-01-22T21:14:04+00:00","mainEntityOfPage":{"@id":"https:\/\/reiseblock.ch\/wordpress\/schnee-schnee-schnee-nicht-nur-aber-auch-in-arosa\/"},"wordCount":283,"commentCount":0,"publisher":{"@id":"https:\/\/reiseblock.ch\/wordpress\/#\/schema\/person\/eafba14374f16d5fa4f73efd49243014"},"image":{"@id":"https:\/\/reiseblock.ch\/wordpress\/schnee-schnee-schnee-nicht-nur-aber-auch-in-arosa\/#primaryimage"},"thumbnailUrl":"https:\/\/reiseblock.ch\/wordpress\/wp-content\/uploads\/2018\/01\/Seeli.jpg","keywords":["Arosa","Innerarosa","Schanfigger Heimatmuseum","Schnee"],"articleSection":["Gesehen"],"inLanguage":"de","potentialAction":[{"@type":"CommentAction","name":"Comment","target":["https:\/\/reiseblock.ch\/wordpress\/schnee-schnee-schnee-nicht-nur-aber-auch-in-arosa\/#respond"]}]},{"@type":"WebPage","@id":"https:\/\/reiseblock.ch\/wordpress\/schnee-schnee-schnee-nicht-nur-aber-auch-in-arosa\/","url":"https:\/\/reiseblock.ch\/wordpress\/schnee-schnee-schnee-nicht-nur-aber-auch-in-arosa\/","name":"Winterpracht in Arosa \u2013 doch wie hat alles begonnen? &#8211; Reiseblock","isPartOf":{"@id":"https:\/\/reiseblock.ch\/wordpress\/#website"},"primaryImageOfPage":{"@id":"https:\/\/reiseblock.ch\/wordpress\/schnee-schnee-schnee-nicht-nur-aber-auch-in-arosa\/#primaryimage"},"image":{"@id":"https:\/\/reiseblock.ch\/wordpress\/schnee-schnee-schnee-nicht-nur-aber-auch-in-arosa\/#primaryimage"},"thumbnailUrl":"https:\/\/reiseblock.ch\/wordpress\/wp-content\/uploads\/2018\/01\/Seeli.jpg","datePublished":"2018-01-22T21:05:37+00:00","dateModified":"2018-01-22T21:14:04+00:00","description":"Zurzeit versinkt die Schweiz in Schnee, das gilt auch f\u00fcr Arosa. Aber der Ferienort ist zu jeder Jahrzeit einen Besuch wert.","breadcrumb":{"@id":"https:\/\/reiseblock.ch\/wordpress\/schnee-schnee-schnee-nicht-nur-aber-auch-in-arosa\/#breadcrumb"},"inLanguage":"de","potentialAction":[{"@type":"ReadAction","target":["https:\/\/reiseblock.ch\/wordpress\/schnee-schnee-schnee-nicht-nur-aber-auch-in-arosa\/"]}]},{"@type":"ImageObject","inLanguage":"de","@id":"https:\/\/reiseblock.ch\/wordpress\/schnee-schnee-schnee-nicht-nur-aber-auch-in-arosa\/#primaryimage","url":"https:\/\/reiseblock.ch\/wordpress\/wp-content\/uploads\/2018\/01\/Seeli.jpg","contentUrl":"https:\/\/reiseblock.ch\/wordpress\/wp-content\/uploads\/2018\/01\/Seeli.jpg","width":800,"height":533,"caption":"Wie ein Zuckerguss \u00fcberzieht der erste Schnee die Landschaft"},{"@type":"BreadcrumbList","@id":"https:\/\/reiseblock.ch\/wordpress\/schnee-schnee-schnee-nicht-nur-aber-auch-in-arosa\/#breadcrumb","itemListElement":[{"@type":"ListItem","position":1,"name":"Home","item":"https:\/\/reiseblock.ch\/wordpress\/"},{"@type":"ListItem","position":2,"name":"Winterpracht in Arosa \u2013 doch wie hat alles begonnen?"}]},{"@type":"WebSite","@id":"https:\/\/reiseblock.ch\/wordpress\/#website","url":"https:\/\/reiseblock.ch\/wordpress\/","name":"Reiseblock","description":"Ursula Kohlers ReiseWeise","publisher":{"@id":"https:\/\/reiseblock.ch\/wordpress\/#\/schema\/person\/eafba14374f16d5fa4f73efd49243014"},"potentialAction":[{"@type":"SearchAction","target":{"@type":"EntryPoint","urlTemplate":"https:\/\/reiseblock.ch\/wordpress\/?s={search_term_string}"},"query-input":{"@type":"PropertyValueSpecification","valueRequired":true,"valueName":"search_term_string"}}],"inLanguage":"de"},{"@type":["Person","Organization"],"@id":"https:\/\/reiseblock.ch\/wordpress\/#\/schema\/person\/eafba14374f16d5fa4f73efd49243014","name":"Ursula Kohler","image":{"@type":"ImageObject","inLanguage":"de","@id":"https:\/\/secure.gravatar.com\/avatar\/014d9b9a971f617638f4298cbb55f92d20b3bf0d1c9cc32f65333b2769bcf867?s=96&d=blank&r=g","url":"https:\/\/secure.gravatar.com\/avatar\/014d9b9a971f617638f4298cbb55f92d20b3bf0d1c9cc32f65333b2769bcf867?s=96&d=blank&r=g","contentUrl":"https:\/\/secure.gravatar.com\/avatar\/014d9b9a971f617638f4298cbb55f92d20b3bf0d1c9cc32f65333b2769bcf867?s=96&d=blank&r=g","caption":"Ursula Kohler"},"logo":{"@id":"https:\/\/secure.gravatar.com\/avatar\/014d9b9a971f617638f4298cbb55f92d20b3bf0d1c9cc32f65333b2769bcf867?s=96&d=blank&r=g"}},{"@type":"Person","@id":"https:\/\/reiseblock.ch\/wordpress\/#\/schema\/person\/739b103f8e7941f579794d17e2187721","name":"admin","image":{"@type":"ImageObject","inLanguage":"de","@id":"https:\/\/secure.gravatar.com\/avatar\/a0f702f22ecd58ce02800a54cb2055cabe1fa8d7cf75ab377ce2f2b8503f188c?s=96&d=blank&r=g","url":"https:\/\/secure.gravatar.com\/avatar\/a0f702f22ecd58ce02800a54cb2055cabe1fa8d7cf75ab377ce2f2b8503f188c?s=96&d=blank&r=g","contentUrl":"https:\/\/secure.gravatar.com\/avatar\/a0f702f22ecd58ce02800a54cb2055cabe1fa8d7cf75ab377ce2f2b8503f188c?s=96&d=blank&r=g","caption":"admin"},"url":"https:\/\/reiseblock.ch\/wordpress\/author\/admin\/"}]}},"_links":{"self":[{"href":"https:\/\/reiseblock.ch\/wordpress\/wp-json\/wp\/v2\/posts\/2380","targetHints":{"allow":["GET"]}}],"collection":[{"href":"https:\/\/reiseblock.ch\/wordpress\/wp-json\/wp\/v2\/posts"}],"about":[{"href":"https:\/\/reiseblock.ch\/wordpress\/wp-json\/wp\/v2\/types\/post"}],"author":[{"embeddable":true,"href":"https:\/\/reiseblock.ch\/wordpress\/wp-json\/wp\/v2\/users\/1"}],"replies":[{"embeddable":true,"href":"https:\/\/reiseblock.ch\/wordpress\/wp-json\/wp\/v2\/comments?post=2380"}],"version-history":[{"count":6,"href":"https:\/\/reiseblock.ch\/wordpress\/wp-json\/wp\/v2\/posts\/2380\/revisions"}],"predecessor-version":[{"id":2974,"href":"https:\/\/reiseblock.ch\/wordpress\/wp-json\/wp\/v2\/posts\/2380\/revisions\/2974"}],"wp:featuredmedia":[{"embeddable":true,"href":"https:\/\/reiseblock.ch\/wordpress\/wp-json\/wp\/v2\/media\/2386"}],"wp:attachment":[{"href":"https:\/\/reiseblock.ch\/wordpress\/wp-json\/wp\/v2\/media?parent=2380"}],"wp:term":[{"taxonomy":"category","embeddable":true,"href":"https:\/\/reiseblock.ch\/wordpress\/wp-json\/wp\/v2\/categories?post=2380"},{"taxonomy":"post_tag","embeddable":true,"href":"https:\/\/reiseblock.ch\/wordpress\/wp-json\/wp\/v2\/tags?post=2380"}],"curies":[{"name":"wp","href":"https:\/\/api.w.org\/{rel}","templated":true}]}}