{"id":2366,"date":"2018-01-15T21:48:31","date_gmt":"2018-01-15T20:48:31","guid":{"rendered":"http:\/\/reiseblock.ch\/?p=2366"},"modified":"2018-01-15T21:52:00","modified_gmt":"2018-01-15T20:52:00","slug":"wintertraum-im-fextal","status":"publish","type":"post","link":"https:\/\/reiseblock.ch\/wordpress\/wintertraum-im-fextal\/","title":{"rendered":"Wintertraum im Fextal"},"content":{"rendered":"<div id=\"attachment_2370\" style=\"width: 810px\" class=\"wp-caption alignleft\"><img loading=\"lazy\" decoding=\"async\" aria-describedby=\"caption-attachment-2370\" class=\"size-full wp-image-2370\" src=\"http:\/\/reiseblock.ch\/wordpress\/wp-content\/uploads\/2018\/01\/Fextal_2.jpg\" alt=\"Unterwegs im Fextal\" width=\"800\" height=\"533\" srcset=\"https:\/\/reiseblock.ch\/wordpress\/wp-content\/uploads\/2018\/01\/Fextal_2.jpg 800w, https:\/\/reiseblock.ch\/wordpress\/wp-content\/uploads\/2018\/01\/Fextal_2-300x200.jpg 300w, https:\/\/reiseblock.ch\/wordpress\/wp-content\/uploads\/2018\/01\/Fextal_2-768x512.jpg 768w\" sizes=\"auto, (max-width: 800px) 100vw, 800px\" \/><p id=\"caption-attachment-2370\" class=\"wp-caption-text\">Unterwegs im Fextal<\/p><\/div>\n<p><span style=\"font-family: Book Antiqua, Palatino; font-size: 12pt;\">Das Fextal im Oberengadin. Das hat immer nach einem M\u00e4rchen geklungen: ein M\u00e4rchen mit Pferdekutschen und idyllischer Landschaft. Kann die Realit\u00e4t mit der Vorstellung mithalten? Sie kann. Vor zwei Jahren habe ich dieses Tal endlich zum ersten Mal erlebt, und zwar im Winter. <\/span><\/p>\n<p><!--more--><\/p>\n<div id=\"attachment_2375\" style=\"width: 810px\" class=\"wp-caption alignleft\"><img loading=\"lazy\" decoding=\"async\" aria-describedby=\"caption-attachment-2375\" class=\"size-full wp-image-2375\" src=\"http:\/\/reiseblock.ch\/wordpress\/wp-content\/uploads\/2018\/01\/Waldhaus.jpg\" alt=\"Hotel Waldhaus in Sils Maria\" width=\"800\" height=\"533\" srcset=\"https:\/\/reiseblock.ch\/wordpress\/wp-content\/uploads\/2018\/01\/Waldhaus.jpg 800w, https:\/\/reiseblock.ch\/wordpress\/wp-content\/uploads\/2018\/01\/Waldhaus-300x200.jpg 300w, https:\/\/reiseblock.ch\/wordpress\/wp-content\/uploads\/2018\/01\/Waldhaus-768x512.jpg 768w\" sizes=\"auto, (max-width: 800px) 100vw, 800px\" \/><p id=\"caption-attachment-2375\" class=\"wp-caption-text\">Hotel Waldhaus in Sils Maria<\/p><\/div>\n<p><span style=\"font-family: Book Antiqua, Palatino; font-size: 12pt;\">Der Startpunkt in <a href=\"https:\/\/www.sils.ch\/de-ch\/sils-im-engadin.html\" target=\"_blank\" rel=\"noopener\">Sils Maria<\/a> ist schon eine Reise wert. Hier locken ein sch\u00f6ner, kleiner Dorfkern, das <a href=\"http:\/\/nietzschehaus.ch\/de\/\" target=\"_blank\" rel=\"noopener\">Nietzsche-Haus<\/a> und das <a href=\"https:\/\/waldhaus-sils.ch\/\" target=\"_blank\" rel=\"noopener\">Hotel Waldhaus<\/a> \u2013 und wenn es nur zu einem Kaffee oder Ap\u00e9ro ist. <\/span><\/p>\n<div id=\"attachment_2373\" style=\"width: 810px\" class=\"wp-caption alignleft\"><img loading=\"lazy\" decoding=\"async\" aria-describedby=\"caption-attachment-2373\" class=\"size-full wp-image-2373\" src=\"http:\/\/reiseblock.ch\/wordpress\/wp-content\/uploads\/2018\/01\/Nietzschehaus.jpg\" alt=\"Nietzsche-Haus in Sils Maria\" width=\"800\" height=\"578\" srcset=\"https:\/\/reiseblock.ch\/wordpress\/wp-content\/uploads\/2018\/01\/Nietzschehaus.jpg 800w, https:\/\/reiseblock.ch\/wordpress\/wp-content\/uploads\/2018\/01\/Nietzschehaus-300x217.jpg 300w, https:\/\/reiseblock.ch\/wordpress\/wp-content\/uploads\/2018\/01\/Nietzschehaus-768x555.jpg 768w\" sizes=\"auto, (max-width: 800px) 100vw, 800px\" \/><p id=\"caption-attachment-2373\" class=\"wp-caption-text\">Nietzsche-Haus in Sils Maria<\/p><\/div>\n<p><span style=\"font-family: Book Antiqua, Palatino; font-size: 12pt;\">Nat\u00fcrlich geh\u00f6ren die Pferdekutschen dazu, und wer m\u00f6chte, kann sich von den Pferden durch die Landschaft ziehen lassen. Aber genauso sch\u00f6n ist es zu Fuss. Ein Winterwanderweg erstreckt sich durch das ganze Tal, bis zuhinterst zur Alp Muot Selvas. Hier in dieser abgeschiedenen Gegend findet man eine letzte Einkehrm\u00f6glichkeit, bevor man sich wieder auf den R\u00fcckweg macht.<\/span><\/p>\n<div id=\"attachment_2369\" style=\"width: 810px\" class=\"wp-caption alignleft\"><img loading=\"lazy\" decoding=\"async\" aria-describedby=\"caption-attachment-2369\" class=\"size-full wp-image-2369\" src=\"http:\/\/reiseblock.ch\/wordpress\/wp-content\/uploads\/2018\/01\/Alp.jpg\" alt=\"Alp Muot Selvas im Fextal\" width=\"800\" height=\"533\" srcset=\"https:\/\/reiseblock.ch\/wordpress\/wp-content\/uploads\/2018\/01\/Alp.jpg 800w, https:\/\/reiseblock.ch\/wordpress\/wp-content\/uploads\/2018\/01\/Alp-300x200.jpg 300w, https:\/\/reiseblock.ch\/wordpress\/wp-content\/uploads\/2018\/01\/Alp-768x512.jpg 768w\" sizes=\"auto, (max-width: 800px) 100vw, 800px\" \/><p id=\"caption-attachment-2369\" class=\"wp-caption-text\">Alp Muot Selvas im Fextal<\/p><\/div>\n<p><span style=\"font-family: Book Antiqua, Palatino; font-size: 12pt;\">Eindr\u00fccklich auch das Hotel Fex. Wer w\u00fcrde denken, dass es einst in St. Moritz stand? Um 1900 wurde es zerlegt und in Einzelteilen ins Fextal verlegt. Hier wurde es einfach wieder aufgebaut und steht seither im Tal. Bis zum Hotel verkehren die Pferdekutschen, nachher gehts nur noch zu Fuss weiter. <\/span><\/p>\n<div id=\"attachment_2376\" style=\"width: 810px\" class=\"wp-caption alignleft\"><img loading=\"lazy\" decoding=\"async\" aria-describedby=\"caption-attachment-2376\" class=\"size-full wp-image-2376\" src=\"http:\/\/reiseblock.ch\/wordpress\/wp-content\/uploads\/2018\/01\/Pferdekutsche.jpg\" alt=\"Startklar zur Abfahrt in Sils Maria\" width=\"800\" height=\"533\" srcset=\"https:\/\/reiseblock.ch\/wordpress\/wp-content\/uploads\/2018\/01\/Pferdekutsche.jpg 800w, https:\/\/reiseblock.ch\/wordpress\/wp-content\/uploads\/2018\/01\/Pferdekutsche-300x200.jpg 300w, https:\/\/reiseblock.ch\/wordpress\/wp-content\/uploads\/2018\/01\/Pferdekutsche-768x512.jpg 768w\" sizes=\"auto, (max-width: 800px) 100vw, 800px\" \/><p id=\"caption-attachment-2376\" class=\"wp-caption-text\">Startklar zur Abfahrt in Sils Maria<\/p><\/div>\n<p><span style=\"font-size: 12pt; font-family: Book Antiqua, Palatino;\">Und wer schon mal im Winter in Sils Maria ist, darf nicht verpassen, auf den zugefrorenen Seen zu wandern. Das Knirschen unter den F\u00fcssen ist unheimlich.<\/span><\/p>\n<div id=\"attachment_2374\" style=\"width: 810px\" class=\"wp-caption alignleft\"><img loading=\"lazy\" decoding=\"async\" aria-describedby=\"caption-attachment-2374\" class=\"size-full wp-image-2374\" src=\"http:\/\/reiseblock.ch\/wordpress\/wp-content\/uploads\/2018\/01\/See.jpg\" alt=\"Einmal auf den zugefrorenen Silsersee wandern\" width=\"800\" height=\"533\" srcset=\"https:\/\/reiseblock.ch\/wordpress\/wp-content\/uploads\/2018\/01\/See.jpg 800w, https:\/\/reiseblock.ch\/wordpress\/wp-content\/uploads\/2018\/01\/See-300x200.jpg 300w, https:\/\/reiseblock.ch\/wordpress\/wp-content\/uploads\/2018\/01\/See-768x512.jpg 768w\" sizes=\"auto, (max-width: 800px) 100vw, 800px\" \/><p id=\"caption-attachment-2374\" class=\"wp-caption-text\">Einmal auf den zugefrorenen Silsersee wandern<\/p><\/div>\n<p>&nbsp;<\/p>\n","protected":false},"excerpt":{"rendered":"<p>Das Fextal im Oberengadin. Das hat immer nach einem M\u00e4rchen geklungen: ein M\u00e4rchen mit Pferdekutschen und idyllischer Landschaft. Kann die Realit\u00e4t mit der Vorstellung mithalten? [&#8230;]<\/p>\n","protected":false},"author":1,"featured_media":2370,"comment_status":"open","ping_status":"open","sticky":false,"template":"","format":"standard","meta":{"footnotes":""},"categories":[6],"tags":[311,307,310,309,201,308,203],"class_list":["post-2366","post","type-post","status-publish","format-standard","has-post-thumbnail","hentry","category-beitrag","tag-alp-muot-selvas","tag-fextal","tag-hotel-fex","tag-hotel-waldhaus","tag-oberengadin","tag-sils-maria","tag-winterwandern"],"yoast_head":"<!-- This site is optimized with the Yoast SEO plugin v27.8 - https:\/\/yoast.com\/product\/yoast-seo-wordpress\/ -->\n<title>Wintertraum im Fextal &#8211; Reiseblock<\/title>\n<meta name=\"description\" content=\"Ein Ausflug ins Fextal im Oberengadin bei Sils Maria ist ein Winterm\u00e4rchen, ob mit Kutsche, zu Fuss oder mit den Langlaufskis.\" \/>\n<meta name=\"robots\" content=\"index, follow, max-snippet:-1, max-image-preview:large, max-video-preview:-1\" \/>\n<link rel=\"canonical\" href=\"https:\/\/reiseblock.ch\/wordpress\/wintertraum-im-fextal\/\" \/>\n<meta property=\"og:locale\" content=\"de_DE\" \/>\n<meta property=\"og:type\" content=\"article\" \/>\n<meta property=\"og:title\" content=\"Wintertraum im Fextal &#8211; Reiseblock\" \/>\n<meta property=\"og:description\" content=\"Ein Ausflug ins Fextal im Oberengadin bei Sils Maria ist ein Winterm\u00e4rchen, ob mit Kutsche, zu Fuss oder mit den Langlaufskis.\" \/>\n<meta property=\"og:url\" content=\"https:\/\/reiseblock.ch\/wordpress\/wintertraum-im-fextal\/\" \/>\n<meta property=\"og:site_name\" content=\"Reiseblock\" \/>\n<meta property=\"article:published_time\" content=\"2018-01-15T20:48:31+00:00\" \/>\n<meta property=\"article:modified_time\" content=\"2018-01-15T20:52:00+00:00\" \/>\n<meta property=\"og:image\" content=\"https:\/\/reiseblock.ch\/wordpress\/wp-content\/uploads\/2018\/01\/Fextal_2.jpg\" \/>\n\t<meta property=\"og:image:width\" content=\"800\" \/>\n\t<meta property=\"og:image:height\" content=\"533\" \/>\n\t<meta property=\"og:image:type\" content=\"image\/jpeg\" \/>\n<meta name=\"author\" content=\"admin\" \/>\n<meta name=\"twitter:label1\" content=\"Verfasst von\" \/>\n\t<meta name=\"twitter:data1\" content=\"admin\" \/>\n\t<meta name=\"twitter:label2\" content=\"Gesch\u00e4tzte Lesezeit\" \/>\n\t<meta name=\"twitter:data2\" content=\"1\u00a0Minute\" \/>\n<script type=\"application\/ld+json\" class=\"yoast-schema-graph\">{\"@context\":\"https:\\\/\\\/schema.org\",\"@graph\":[{\"@type\":\"Article\",\"@id\":\"https:\\\/\\\/reiseblock.ch\\\/wordpress\\\/wintertraum-im-fextal\\\/#article\",\"isPartOf\":{\"@id\":\"https:\\\/\\\/reiseblock.ch\\\/wordpress\\\/wintertraum-im-fextal\\\/\"},\"author\":{\"name\":\"admin\",\"@id\":\"https:\\\/\\\/reiseblock.ch\\\/wordpress\\\/#\\\/schema\\\/person\\\/739b103f8e7941f579794d17e2187721\"},\"headline\":\"Wintertraum im Fextal\",\"datePublished\":\"2018-01-15T20:48:31+00:00\",\"dateModified\":\"2018-01-15T20:52:00+00:00\",\"mainEntityOfPage\":{\"@id\":\"https:\\\/\\\/reiseblock.ch\\\/wordpress\\\/wintertraum-im-fextal\\\/\"},\"wordCount\":296,\"commentCount\":0,\"publisher\":{\"@id\":\"https:\\\/\\\/reiseblock.ch\\\/wordpress\\\/#\\\/schema\\\/person\\\/eafba14374f16d5fa4f73efd49243014\"},\"image\":{\"@id\":\"https:\\\/\\\/reiseblock.ch\\\/wordpress\\\/wintertraum-im-fextal\\\/#primaryimage\"},\"thumbnailUrl\":\"https:\\\/\\\/reiseblock.ch\\\/wordpress\\\/wp-content\\\/uploads\\\/2018\\\/01\\\/Fextal_2.jpg\",\"keywords\":[\"Alp Muot Selvas\",\"Fextal\",\"Hotel Fex\",\"Hotel Waldhaus\",\"Oberengadin\",\"Sils Maria\",\"Winterwandern\"],\"articleSection\":[\"Beitrag\"],\"inLanguage\":\"de\",\"potentialAction\":[{\"@type\":\"CommentAction\",\"name\":\"Comment\",\"target\":[\"https:\\\/\\\/reiseblock.ch\\\/wordpress\\\/wintertraum-im-fextal\\\/#respond\"]}]},{\"@type\":\"WebPage\",\"@id\":\"https:\\\/\\\/reiseblock.ch\\\/wordpress\\\/wintertraum-im-fextal\\\/\",\"url\":\"https:\\\/\\\/reiseblock.ch\\\/wordpress\\\/wintertraum-im-fextal\\\/\",\"name\":\"Wintertraum im Fextal &#8211; Reiseblock\",\"isPartOf\":{\"@id\":\"https:\\\/\\\/reiseblock.ch\\\/wordpress\\\/#website\"},\"primaryImageOfPage\":{\"@id\":\"https:\\\/\\\/reiseblock.ch\\\/wordpress\\\/wintertraum-im-fextal\\\/#primaryimage\"},\"image\":{\"@id\":\"https:\\\/\\\/reiseblock.ch\\\/wordpress\\\/wintertraum-im-fextal\\\/#primaryimage\"},\"thumbnailUrl\":\"https:\\\/\\\/reiseblock.ch\\\/wordpress\\\/wp-content\\\/uploads\\\/2018\\\/01\\\/Fextal_2.jpg\",\"datePublished\":\"2018-01-15T20:48:31+00:00\",\"dateModified\":\"2018-01-15T20:52:00+00:00\",\"description\":\"Ein Ausflug ins Fextal im Oberengadin bei Sils Maria ist ein Winterm\u00e4rchen, ob mit Kutsche, zu Fuss oder mit den Langlaufskis.\",\"breadcrumb\":{\"@id\":\"https:\\\/\\\/reiseblock.ch\\\/wordpress\\\/wintertraum-im-fextal\\\/#breadcrumb\"},\"inLanguage\":\"de\",\"potentialAction\":[{\"@type\":\"ReadAction\",\"target\":[\"https:\\\/\\\/reiseblock.ch\\\/wordpress\\\/wintertraum-im-fextal\\\/\"]}]},{\"@type\":\"ImageObject\",\"inLanguage\":\"de\",\"@id\":\"https:\\\/\\\/reiseblock.ch\\\/wordpress\\\/wintertraum-im-fextal\\\/#primaryimage\",\"url\":\"https:\\\/\\\/reiseblock.ch\\\/wordpress\\\/wp-content\\\/uploads\\\/2018\\\/01\\\/Fextal_2.jpg\",\"contentUrl\":\"https:\\\/\\\/reiseblock.ch\\\/wordpress\\\/wp-content\\\/uploads\\\/2018\\\/01\\\/Fextal_2.jpg\",\"width\":800,\"height\":533,\"caption\":\"Unterwegs im Fextal\"},{\"@type\":\"BreadcrumbList\",\"@id\":\"https:\\\/\\\/reiseblock.ch\\\/wordpress\\\/wintertraum-im-fextal\\\/#breadcrumb\",\"itemListElement\":[{\"@type\":\"ListItem\",\"position\":1,\"name\":\"Home\",\"item\":\"https:\\\/\\\/reiseblock.ch\\\/wordpress\\\/\"},{\"@type\":\"ListItem\",\"position\":2,\"name\":\"Wintertraum im Fextal\"}]},{\"@type\":\"WebSite\",\"@id\":\"https:\\\/\\\/reiseblock.ch\\\/wordpress\\\/#website\",\"url\":\"https:\\\/\\\/reiseblock.ch\\\/wordpress\\\/\",\"name\":\"Reiseblock\",\"description\":\"Ursula Kohlers ReiseWeise\",\"publisher\":{\"@id\":\"https:\\\/\\\/reiseblock.ch\\\/wordpress\\\/#\\\/schema\\\/person\\\/eafba14374f16d5fa4f73efd49243014\"},\"potentialAction\":[{\"@type\":\"SearchAction\",\"target\":{\"@type\":\"EntryPoint\",\"urlTemplate\":\"https:\\\/\\\/reiseblock.ch\\\/wordpress\\\/?s={search_term_string}\"},\"query-input\":{\"@type\":\"PropertyValueSpecification\",\"valueRequired\":true,\"valueName\":\"search_term_string\"}}],\"inLanguage\":\"de\"},{\"@type\":[\"Person\",\"Organization\"],\"@id\":\"https:\\\/\\\/reiseblock.ch\\\/wordpress\\\/#\\\/schema\\\/person\\\/eafba14374f16d5fa4f73efd49243014\",\"name\":\"Ursula Kohler\",\"image\":{\"@type\":\"ImageObject\",\"inLanguage\":\"de\",\"@id\":\"https:\\\/\\\/secure.gravatar.com\\\/avatar\\\/014d9b9a971f617638f4298cbb55f92d20b3bf0d1c9cc32f65333b2769bcf867?s=96&d=blank&r=g\",\"url\":\"https:\\\/\\\/secure.gravatar.com\\\/avatar\\\/014d9b9a971f617638f4298cbb55f92d20b3bf0d1c9cc32f65333b2769bcf867?s=96&d=blank&r=g\",\"contentUrl\":\"https:\\\/\\\/secure.gravatar.com\\\/avatar\\\/014d9b9a971f617638f4298cbb55f92d20b3bf0d1c9cc32f65333b2769bcf867?s=96&d=blank&r=g\",\"caption\":\"Ursula Kohler\"},\"logo\":{\"@id\":\"https:\\\/\\\/secure.gravatar.com\\\/avatar\\\/014d9b9a971f617638f4298cbb55f92d20b3bf0d1c9cc32f65333b2769bcf867?s=96&d=blank&r=g\"}},{\"@type\":\"Person\",\"@id\":\"https:\\\/\\\/reiseblock.ch\\\/wordpress\\\/#\\\/schema\\\/person\\\/739b103f8e7941f579794d17e2187721\",\"name\":\"admin\",\"image\":{\"@type\":\"ImageObject\",\"inLanguage\":\"de\",\"@id\":\"https:\\\/\\\/secure.gravatar.com\\\/avatar\\\/a0f702f22ecd58ce02800a54cb2055cabe1fa8d7cf75ab377ce2f2b8503f188c?s=96&d=blank&r=g\",\"url\":\"https:\\\/\\\/secure.gravatar.com\\\/avatar\\\/a0f702f22ecd58ce02800a54cb2055cabe1fa8d7cf75ab377ce2f2b8503f188c?s=96&d=blank&r=g\",\"contentUrl\":\"https:\\\/\\\/secure.gravatar.com\\\/avatar\\\/a0f702f22ecd58ce02800a54cb2055cabe1fa8d7cf75ab377ce2f2b8503f188c?s=96&d=blank&r=g\",\"caption\":\"admin\"},\"url\":\"https:\\\/\\\/reiseblock.ch\\\/wordpress\\\/author\\\/admin\\\/\"}]}<\/script>\n<!-- \/ Yoast SEO plugin. -->","yoast_head_json":{"title":"Wintertraum im Fextal &#8211; Reiseblock","description":"Ein Ausflug ins Fextal im Oberengadin bei Sils Maria ist ein Winterm\u00e4rchen, ob mit Kutsche, zu Fuss oder mit den Langlaufskis.","robots":{"index":"index","follow":"follow","max-snippet":"max-snippet:-1","max-image-preview":"max-image-preview:large","max-video-preview":"max-video-preview:-1"},"canonical":"https:\/\/reiseblock.ch\/wordpress\/wintertraum-im-fextal\/","og_locale":"de_DE","og_type":"article","og_title":"Wintertraum im Fextal &#8211; Reiseblock","og_description":"Ein Ausflug ins Fextal im Oberengadin bei Sils Maria ist ein Winterm\u00e4rchen, ob mit Kutsche, zu Fuss oder mit den Langlaufskis.","og_url":"https:\/\/reiseblock.ch\/wordpress\/wintertraum-im-fextal\/","og_site_name":"Reiseblock","article_published_time":"2018-01-15T20:48:31+00:00","article_modified_time":"2018-01-15T20:52:00+00:00","og_image":[{"width":800,"height":533,"url":"https:\/\/reiseblock.ch\/wordpress\/wp-content\/uploads\/2018\/01\/Fextal_2.jpg","type":"image\/jpeg"}],"author":"admin","twitter_misc":{"Verfasst von":"admin","Gesch\u00e4tzte Lesezeit":"1\u00a0Minute"},"schema":{"@context":"https:\/\/schema.org","@graph":[{"@type":"Article","@id":"https:\/\/reiseblock.ch\/wordpress\/wintertraum-im-fextal\/#article","isPartOf":{"@id":"https:\/\/reiseblock.ch\/wordpress\/wintertraum-im-fextal\/"},"author":{"name":"admin","@id":"https:\/\/reiseblock.ch\/wordpress\/#\/schema\/person\/739b103f8e7941f579794d17e2187721"},"headline":"Wintertraum im Fextal","datePublished":"2018-01-15T20:48:31+00:00","dateModified":"2018-01-15T20:52:00+00:00","mainEntityOfPage":{"@id":"https:\/\/reiseblock.ch\/wordpress\/wintertraum-im-fextal\/"},"wordCount":296,"commentCount":0,"publisher":{"@id":"https:\/\/reiseblock.ch\/wordpress\/#\/schema\/person\/eafba14374f16d5fa4f73efd49243014"},"image":{"@id":"https:\/\/reiseblock.ch\/wordpress\/wintertraum-im-fextal\/#primaryimage"},"thumbnailUrl":"https:\/\/reiseblock.ch\/wordpress\/wp-content\/uploads\/2018\/01\/Fextal_2.jpg","keywords":["Alp Muot Selvas","Fextal","Hotel Fex","Hotel Waldhaus","Oberengadin","Sils Maria","Winterwandern"],"articleSection":["Beitrag"],"inLanguage":"de","potentialAction":[{"@type":"CommentAction","name":"Comment","target":["https:\/\/reiseblock.ch\/wordpress\/wintertraum-im-fextal\/#respond"]}]},{"@type":"WebPage","@id":"https:\/\/reiseblock.ch\/wordpress\/wintertraum-im-fextal\/","url":"https:\/\/reiseblock.ch\/wordpress\/wintertraum-im-fextal\/","name":"Wintertraum im Fextal &#8211; Reiseblock","isPartOf":{"@id":"https:\/\/reiseblock.ch\/wordpress\/#website"},"primaryImageOfPage":{"@id":"https:\/\/reiseblock.ch\/wordpress\/wintertraum-im-fextal\/#primaryimage"},"image":{"@id":"https:\/\/reiseblock.ch\/wordpress\/wintertraum-im-fextal\/#primaryimage"},"thumbnailUrl":"https:\/\/reiseblock.ch\/wordpress\/wp-content\/uploads\/2018\/01\/Fextal_2.jpg","datePublished":"2018-01-15T20:48:31+00:00","dateModified":"2018-01-15T20:52:00+00:00","description":"Ein Ausflug ins Fextal im Oberengadin bei Sils Maria ist ein Winterm\u00e4rchen, ob mit Kutsche, zu Fuss oder mit den Langlaufskis.","breadcrumb":{"@id":"https:\/\/reiseblock.ch\/wordpress\/wintertraum-im-fextal\/#breadcrumb"},"inLanguage":"de","potentialAction":[{"@type":"ReadAction","target":["https:\/\/reiseblock.ch\/wordpress\/wintertraum-im-fextal\/"]}]},{"@type":"ImageObject","inLanguage":"de","@id":"https:\/\/reiseblock.ch\/wordpress\/wintertraum-im-fextal\/#primaryimage","url":"https:\/\/reiseblock.ch\/wordpress\/wp-content\/uploads\/2018\/01\/Fextal_2.jpg","contentUrl":"https:\/\/reiseblock.ch\/wordpress\/wp-content\/uploads\/2018\/01\/Fextal_2.jpg","width":800,"height":533,"caption":"Unterwegs im Fextal"},{"@type":"BreadcrumbList","@id":"https:\/\/reiseblock.ch\/wordpress\/wintertraum-im-fextal\/#breadcrumb","itemListElement":[{"@type":"ListItem","position":1,"name":"Home","item":"https:\/\/reiseblock.ch\/wordpress\/"},{"@type":"ListItem","position":2,"name":"Wintertraum im Fextal"}]},{"@type":"WebSite","@id":"https:\/\/reiseblock.ch\/wordpress\/#website","url":"https:\/\/reiseblock.ch\/wordpress\/","name":"Reiseblock","description":"Ursula Kohlers ReiseWeise","publisher":{"@id":"https:\/\/reiseblock.ch\/wordpress\/#\/schema\/person\/eafba14374f16d5fa4f73efd49243014"},"potentialAction":[{"@type":"SearchAction","target":{"@type":"EntryPoint","urlTemplate":"https:\/\/reiseblock.ch\/wordpress\/?s={search_term_string}"},"query-input":{"@type":"PropertyValueSpecification","valueRequired":true,"valueName":"search_term_string"}}],"inLanguage":"de"},{"@type":["Person","Organization"],"@id":"https:\/\/reiseblock.ch\/wordpress\/#\/schema\/person\/eafba14374f16d5fa4f73efd49243014","name":"Ursula Kohler","image":{"@type":"ImageObject","inLanguage":"de","@id":"https:\/\/secure.gravatar.com\/avatar\/014d9b9a971f617638f4298cbb55f92d20b3bf0d1c9cc32f65333b2769bcf867?s=96&d=blank&r=g","url":"https:\/\/secure.gravatar.com\/avatar\/014d9b9a971f617638f4298cbb55f92d20b3bf0d1c9cc32f65333b2769bcf867?s=96&d=blank&r=g","contentUrl":"https:\/\/secure.gravatar.com\/avatar\/014d9b9a971f617638f4298cbb55f92d20b3bf0d1c9cc32f65333b2769bcf867?s=96&d=blank&r=g","caption":"Ursula Kohler"},"logo":{"@id":"https:\/\/secure.gravatar.com\/avatar\/014d9b9a971f617638f4298cbb55f92d20b3bf0d1c9cc32f65333b2769bcf867?s=96&d=blank&r=g"}},{"@type":"Person","@id":"https:\/\/reiseblock.ch\/wordpress\/#\/schema\/person\/739b103f8e7941f579794d17e2187721","name":"admin","image":{"@type":"ImageObject","inLanguage":"de","@id":"https:\/\/secure.gravatar.com\/avatar\/a0f702f22ecd58ce02800a54cb2055cabe1fa8d7cf75ab377ce2f2b8503f188c?s=96&d=blank&r=g","url":"https:\/\/secure.gravatar.com\/avatar\/a0f702f22ecd58ce02800a54cb2055cabe1fa8d7cf75ab377ce2f2b8503f188c?s=96&d=blank&r=g","contentUrl":"https:\/\/secure.gravatar.com\/avatar\/a0f702f22ecd58ce02800a54cb2055cabe1fa8d7cf75ab377ce2f2b8503f188c?s=96&d=blank&r=g","caption":"admin"},"url":"https:\/\/reiseblock.ch\/wordpress\/author\/admin\/"}]}},"_links":{"self":[{"href":"https:\/\/reiseblock.ch\/wordpress\/wp-json\/wp\/v2\/posts\/2366","targetHints":{"allow":["GET"]}}],"collection":[{"href":"https:\/\/reiseblock.ch\/wordpress\/wp-json\/wp\/v2\/posts"}],"about":[{"href":"https:\/\/reiseblock.ch\/wordpress\/wp-json\/wp\/v2\/types\/post"}],"author":[{"embeddable":true,"href":"https:\/\/reiseblock.ch\/wordpress\/wp-json\/wp\/v2\/users\/1"}],"replies":[{"embeddable":true,"href":"https:\/\/reiseblock.ch\/wordpress\/wp-json\/wp\/v2\/comments?post=2366"}],"version-history":[{"count":5,"href":"https:\/\/reiseblock.ch\/wordpress\/wp-json\/wp\/v2\/posts\/2366\/revisions"}],"predecessor-version":[{"id":2379,"href":"https:\/\/reiseblock.ch\/wordpress\/wp-json\/wp\/v2\/posts\/2366\/revisions\/2379"}],"wp:featuredmedia":[{"embeddable":true,"href":"https:\/\/reiseblock.ch\/wordpress\/wp-json\/wp\/v2\/media\/2370"}],"wp:attachment":[{"href":"https:\/\/reiseblock.ch\/wordpress\/wp-json\/wp\/v2\/media?parent=2366"}],"wp:term":[{"taxonomy":"category","embeddable":true,"href":"https:\/\/reiseblock.ch\/wordpress\/wp-json\/wp\/v2\/categories?post=2366"},{"taxonomy":"post_tag","embeddable":true,"href":"https:\/\/reiseblock.ch\/wordpress\/wp-json\/wp\/v2\/tags?post=2366"}],"curies":[{"name":"wp","href":"https:\/\/api.w.org\/{rel}","templated":true}]}}