{"id":2331,"date":"2025-01-18T07:06:00","date_gmt":"2025-01-18T06:06:00","guid":{"rendered":"http:\/\/reiseblock.ch\/?p=2331"},"modified":"2025-02-02T18:24:39","modified_gmt":"2025-02-02T17:24:39","slug":"das-neue-jahr-mit-einer-winterwanderung-begruessen","status":"publish","type":"post","link":"https:\/\/reiseblock.ch\/wordpress\/das-neue-jahr-mit-einer-winterwanderung-begruessen\/","title":{"rendered":"Einen Klassiker der Winterwanderwege entdecken"},"content":{"rendered":"\n<p style=\"font-size:18px\"><em>Im Aletschgletscher ist im Winter alles m\u00f6glich: Skifahren, Snowboarden, Langlaufen, Schlitteln und Wandern. Gerade wer es nicht so mit Skifahren hat, findet hier auch fantastische Winterwanderwege \u2013 Aussicht immer inbegriffen.<\/em><\/p>\n\n\n\n<!--more-->\n\n\n\n<p><span style=\"font-size: 12pt; font-family: Book Antiqua, Palatino;\"><div id=\"metaslider-id-3193\" style=\"max-width: 750px; margin: 0 auto;\" class=\"ml-slider-3-109-0 metaslider metaslider-nivo metaslider-3193 ml-slider ms-theme-default\" role=\"region\" aria-label=\"New Slideshow\" data-height=\"550\" data-width=\"750\">\n    <div id=\"metaslider_container_3193\">\n        <div class='slider-wrapper theme-default'><div class='ribbon'><\/div><div id='metaslider_3193' class='nivoSlider'><img loading=\"lazy\" decoding=\"async\" src=\"https:\/\/reiseblock.ch\/wordpress\/wp-content\/uploads\/2020\/01\/IMG_6378-scaled-750x550.jpg\" height=\"550\" width=\"750\" data-caption=\"Start auf der Riederalp beim Sessellift Hohfluh\" title=\"IMG_6378\" alt=\"\" class=\"slider-3193 slide-3202 msDefaultImage\" \/><img loading=\"lazy\" decoding=\"async\" src=\"https:\/\/reiseblock.ch\/wordpress\/wp-content\/uploads\/2020\/01\/Hohfluh-scaled-750x550.jpg\" height=\"550\" width=\"750\" data-caption=\"Die Sesselbahn bringt Wanderer auf die Hohfluh\" title=\"Hohfluh\" alt=\"\" class=\"slider-3193 slide-3207 msDefaultImage\" \/><img loading=\"lazy\" decoding=\"async\" src=\"https:\/\/reiseblock.ch\/wordpress\/wp-content\/uploads\/2018\/01\/Aletschgletscher-750x550.jpg\" height=\"550\" width=\"750\" data-caption=\"Immer wieder sch&ouml;n: Der Blick auf den Aletschgletscher\" title=\"Aletschgletscher\" alt=\"Immer wieder sch\u00f6n: Der Blick auf den Aletschgletscher\" class=\"slider-3193 slide-3195 msDefaultImage\" \/><img loading=\"lazy\" decoding=\"async\" src=\"https:\/\/reiseblock.ch\/wordpress\/wp-content\/uploads\/2018\/01\/Matterhorn_3-750x550.jpg\" height=\"550\" width=\"750\" data-caption=\"Traumhafte Wege\" title=\"Matterhorn_3\" alt=\"\" class=\"slider-3193 slide-3194 msDefaultImage\" \/><img loading=\"lazy\" decoding=\"async\" src=\"https:\/\/reiseblock.ch\/wordpress\/wp-content\/uploads\/2018\/01\/Matterhorn_2-750x550.jpg\" height=\"550\" width=\"750\" data-caption=\"Der Winterwanderweg von der Riederfurka auf die Hohfluh\" title=\"Matterhorn_2\" alt=\"Der Winterwanderweg von der Riederfurka auf die Hohfluh\" class=\"slider-3193 slide-3196 msDefaultImage\" \/><img loading=\"lazy\" decoding=\"async\" src=\"https:\/\/reiseblock.ch\/wordpress\/wp-content\/uploads\/2020\/01\/IMG_6379-scaled-750x550.jpg\" height=\"550\" width=\"750\" data-caption=\"Der Winterweg von der Hohfluh Richtung Moosfluh\" title=\"IMG_6379\" alt=\"\" class=\"slider-3193 slide-3203 msDefaultImage\" \/><img loading=\"lazy\" decoding=\"async\" src=\"https:\/\/reiseblock.ch\/wordpress\/wp-content\/uploads\/2020\/01\/IMG_6389-scaled-750x550.jpg\" height=\"550\" width=\"750\" data-caption=\"Nicht immer muss nur eitel Sonnenschein sein\" title=\"IMG_6389\" alt=\"\" class=\"slider-3193 slide-3205 msDefaultImage\" \/><\/div><\/div>\n        \n    <\/div>\n<\/div><\/span><\/p>\n\n\n\n<p style=\"font-size:17px\"><span style=\"font-size: 12pt; font-family: Book Antiqua, Palatino;\">Zu Beginn des neuen Jahres einmal mehr gegangen und nur zu empfehlen: Von der Riederalp gehts in einer guten halben Stunde zur Riederfurka. Hier lohnt sich ein erster Kaffee. Weiter geht der Aufstieg bis zur Hohfluh. Wer noch h\u00f6her hinauswill, geht zur Moosfluh weiter. Alle anderen gehen Richtung Bettmeralp. Unterwegs trifft man auf das Restaurant <a href=\"https:\/\/www.chuestall-blausee.ch\/\" target=\"_blank\" rel=\"noreferrer noopener\">Ch\u00fcestall<\/a>, das mit einer sch\u00f6nen Terrasse punktet.  Oberhalb des Bettmersees hat man zudem die M\u00f6glichkeit, zur\u00fcck zur Riederalp zu gelangen. Die Rundwanderung zur\u00fcck zur Riederalp dauert alles in allem knapp drei Stunden.<\/span><\/p>\n\n\n\n<h3 class=\"wp-block-heading\">Verschiedene Wege<\/h3>\n\n\n\n<p style=\"font-size:17px\"><span style=\"font-size: 12pt; font-family: Book Antiqua, Palatino;\"><a href=\"http:\/\/www.infosnow.ch\/~apgmontagne\/?sid=98cca09fef04ae6fabe17aed51fa129c&amp;lang=de&amp;pid=51&amp;tab=map-wi\" target=\"_blank\" rel=\"noopener noreferrer\">Zahlreiche Varianten<\/a> sind m\u00f6glich. Wer lieber abw\u00e4rts geht, f\u00e4hrt auf die Hohfluh oder Moosfluh, wer gerne ein St\u00fcck anh\u00e4ngt, hat die M\u00f6glichkeit, von der Bettmeralp bis zur Fiescheralp weiterzuziehen. Und wer es gem\u00fctlich m\u00f6chte, w\u00e4hlt ein St\u00fcck mit Einkehrm\u00f6glichkeit auf der Bettmer- oder Riederalp.<\/span><\/p>\n\n\n\n<p style=\"font-size:17px\"><span style=\"font-size: 12pt; font-family: Book Antiqua, Palatino;\">Ein gelungener Start ins neue Jahr.<\/span><\/p>\n\n\n\n<div class=\"wp-block-image size-full wp-image-2338\"><figure class=\"alignleft\"><img loading=\"lazy\" decoding=\"async\" width=\"800\" height=\"617\" src=\"http:\/\/reiseblock.ch\/wordpress\/wp-content\/uploads\/2018\/01\/Mond.jpg\" alt=\"Und am Abend zeigt sich der Mond am Himmel\" class=\"wp-image-2338\" srcset=\"https:\/\/reiseblock.ch\/wordpress\/wp-content\/uploads\/2018\/01\/Mond.jpg 800w, https:\/\/reiseblock.ch\/wordpress\/wp-content\/uploads\/2018\/01\/Mond-300x231.jpg 300w, https:\/\/reiseblock.ch\/wordpress\/wp-content\/uploads\/2018\/01\/Mond-768x592.jpg 768w\" sizes=\"auto, (max-width: 800px) 100vw, 800px\" \/><figcaption>Und am Abend zeigt sich der Mond am Himmel<\/figcaption><\/figure><\/div>\n\n\n\n<p><span style=\"font-size: 12pt; font-family: Book Antiqua, Palatino;\">&nbsp;<\/span><\/p>\n","protected":false},"excerpt":{"rendered":"<p>Im Aletschgletscher ist im Winter alles m\u00f6glich: Skifahren, Snowboarden, Langlaufen, Schlitteln und Wandern. Gerade wer es nicht so mit Skifahren hat, findet hier auch fantastische [&#8230;]<\/p>\n","protected":false},"author":1,"featured_media":3548,"comment_status":"open","ping_status":"open","sticky":false,"template":"","format":"standard","meta":{"footnotes":""},"categories":[8],"tags":[303,255,187,203],"class_list":["post-2331","post","type-post","status-publish","format-standard","has-post-thumbnail","hentry","category-tipp","tag-aletscharena","tag-aletschgletscher","tag-riederalp","tag-winterwandern"],"yoast_head":"<!-- This site is optimized with the Yoast SEO plugin v27.8 - https:\/\/yoast.com\/product\/yoast-seo-wordpress\/ -->\n<title>Einen Klassiker der Winterwanderwege entdecken &#8211; Reiseblock<\/title>\n<meta name=\"robots\" content=\"index, follow, max-snippet:-1, max-image-preview:large, max-video-preview:-1\" \/>\n<link rel=\"canonical\" href=\"https:\/\/reiseblock.ch\/wordpress\/das-neue-jahr-mit-einer-winterwanderung-begruessen\/\" \/>\n<meta property=\"og:locale\" content=\"de_DE\" \/>\n<meta property=\"og:type\" content=\"article\" \/>\n<meta property=\"og:title\" content=\"Einen Klassiker der Winterwanderwege entdecken &#8211; Reiseblock\" \/>\n<meta property=\"og:description\" content=\"Im Aletschgletscher ist im Winter alles m\u00f6glich: Skifahren, Snowboarden, Langlaufen, Schlitteln und Wandern. Gerade wer es nicht so mit Skifahren hat, findet hier auch fantastische [...]\" \/>\n<meta property=\"og:url\" content=\"https:\/\/reiseblock.ch\/wordpress\/das-neue-jahr-mit-einer-winterwanderung-begruessen\/\" \/>\n<meta property=\"og:site_name\" content=\"Reiseblock\" \/>\n<meta property=\"article:published_time\" content=\"2025-01-18T06:06:00+00:00\" \/>\n<meta property=\"article:modified_time\" content=\"2025-02-02T17:24:39+00:00\" \/>\n<meta property=\"og:image\" content=\"https:\/\/reiseblock.ch\/wordpress\/wp-content\/uploads\/2022\/01\/IMG_6544.jpg\" \/>\n\t<meta property=\"og:image:width\" content=\"1024\" \/>\n\t<meta property=\"og:image:height\" content=\"768\" \/>\n\t<meta property=\"og:image:type\" content=\"image\/jpeg\" \/>\n<meta name=\"author\" content=\"admin\" \/>\n<meta name=\"twitter:label1\" content=\"Verfasst von\" \/>\n\t<meta name=\"twitter:data1\" content=\"admin\" \/>\n\t<meta name=\"twitter:label2\" content=\"Gesch\u00e4tzte Lesezeit\" \/>\n\t<meta name=\"twitter:data2\" content=\"2\u00a0Minuten\" \/>\n<script type=\"application\/ld+json\" class=\"yoast-schema-graph\">{\"@context\":\"https:\\\/\\\/schema.org\",\"@graph\":[{\"@type\":\"Article\",\"@id\":\"https:\\\/\\\/reiseblock.ch\\\/wordpress\\\/das-neue-jahr-mit-einer-winterwanderung-begruessen\\\/#article\",\"isPartOf\":{\"@id\":\"https:\\\/\\\/reiseblock.ch\\\/wordpress\\\/das-neue-jahr-mit-einer-winterwanderung-begruessen\\\/\"},\"author\":{\"name\":\"admin\",\"@id\":\"https:\\\/\\\/reiseblock.ch\\\/wordpress\\\/#\\\/schema\\\/person\\\/739b103f8e7941f579794d17e2187721\"},\"headline\":\"Einen Klassiker der Winterwanderwege entdecken\",\"datePublished\":\"2025-01-18T06:06:00+00:00\",\"dateModified\":\"2025-02-02T17:24:39+00:00\",\"mainEntityOfPage\":{\"@id\":\"https:\\\/\\\/reiseblock.ch\\\/wordpress\\\/das-neue-jahr-mit-einer-winterwanderung-begruessen\\\/\"},\"wordCount\":203,\"commentCount\":0,\"publisher\":{\"@id\":\"https:\\\/\\\/reiseblock.ch\\\/wordpress\\\/#\\\/schema\\\/person\\\/eafba14374f16d5fa4f73efd49243014\"},\"image\":{\"@id\":\"https:\\\/\\\/reiseblock.ch\\\/wordpress\\\/das-neue-jahr-mit-einer-winterwanderung-begruessen\\\/#primaryimage\"},\"thumbnailUrl\":\"https:\\\/\\\/reiseblock.ch\\\/wordpress\\\/wp-content\\\/uploads\\\/2022\\\/01\\\/IMG_6544.jpg\",\"keywords\":[\"Aletscharena\",\"Aletschgletscher\",\"Riederalp\",\"Winterwandern\"],\"articleSection\":[\"Tipp\"],\"inLanguage\":\"de\",\"potentialAction\":[{\"@type\":\"CommentAction\",\"name\":\"Comment\",\"target\":[\"https:\\\/\\\/reiseblock.ch\\\/wordpress\\\/das-neue-jahr-mit-einer-winterwanderung-begruessen\\\/#respond\"]}]},{\"@type\":\"WebPage\",\"@id\":\"https:\\\/\\\/reiseblock.ch\\\/wordpress\\\/das-neue-jahr-mit-einer-winterwanderung-begruessen\\\/\",\"url\":\"https:\\\/\\\/reiseblock.ch\\\/wordpress\\\/das-neue-jahr-mit-einer-winterwanderung-begruessen\\\/\",\"name\":\"Einen Klassiker der Winterwanderwege entdecken &#8211; Reiseblock\",\"isPartOf\":{\"@id\":\"https:\\\/\\\/reiseblock.ch\\\/wordpress\\\/#website\"},\"primaryImageOfPage\":{\"@id\":\"https:\\\/\\\/reiseblock.ch\\\/wordpress\\\/das-neue-jahr-mit-einer-winterwanderung-begruessen\\\/#primaryimage\"},\"image\":{\"@id\":\"https:\\\/\\\/reiseblock.ch\\\/wordpress\\\/das-neue-jahr-mit-einer-winterwanderung-begruessen\\\/#primaryimage\"},\"thumbnailUrl\":\"https:\\\/\\\/reiseblock.ch\\\/wordpress\\\/wp-content\\\/uploads\\\/2022\\\/01\\\/IMG_6544.jpg\",\"datePublished\":\"2025-01-18T06:06:00+00:00\",\"dateModified\":\"2025-02-02T17:24:39+00:00\",\"breadcrumb\":{\"@id\":\"https:\\\/\\\/reiseblock.ch\\\/wordpress\\\/das-neue-jahr-mit-einer-winterwanderung-begruessen\\\/#breadcrumb\"},\"inLanguage\":\"de\",\"potentialAction\":[{\"@type\":\"ReadAction\",\"target\":[\"https:\\\/\\\/reiseblock.ch\\\/wordpress\\\/das-neue-jahr-mit-einer-winterwanderung-begruessen\\\/\"]}]},{\"@type\":\"ImageObject\",\"inLanguage\":\"de\",\"@id\":\"https:\\\/\\\/reiseblock.ch\\\/wordpress\\\/das-neue-jahr-mit-einer-winterwanderung-begruessen\\\/#primaryimage\",\"url\":\"https:\\\/\\\/reiseblock.ch\\\/wordpress\\\/wp-content\\\/uploads\\\/2022\\\/01\\\/IMG_6544.jpg\",\"contentUrl\":\"https:\\\/\\\/reiseblock.ch\\\/wordpress\\\/wp-content\\\/uploads\\\/2022\\\/01\\\/IMG_6544.jpg\",\"width\":1024,\"height\":768},{\"@type\":\"BreadcrumbList\",\"@id\":\"https:\\\/\\\/reiseblock.ch\\\/wordpress\\\/das-neue-jahr-mit-einer-winterwanderung-begruessen\\\/#breadcrumb\",\"itemListElement\":[{\"@type\":\"ListItem\",\"position\":1,\"name\":\"Home\",\"item\":\"https:\\\/\\\/reiseblock.ch\\\/wordpress\\\/\"},{\"@type\":\"ListItem\",\"position\":2,\"name\":\"Einen Klassiker der Winterwanderwege entdecken\"}]},{\"@type\":\"WebSite\",\"@id\":\"https:\\\/\\\/reiseblock.ch\\\/wordpress\\\/#website\",\"url\":\"https:\\\/\\\/reiseblock.ch\\\/wordpress\\\/\",\"name\":\"Reiseblock\",\"description\":\"Ursula Kohlers ReiseWeise\",\"publisher\":{\"@id\":\"https:\\\/\\\/reiseblock.ch\\\/wordpress\\\/#\\\/schema\\\/person\\\/eafba14374f16d5fa4f73efd49243014\"},\"potentialAction\":[{\"@type\":\"SearchAction\",\"target\":{\"@type\":\"EntryPoint\",\"urlTemplate\":\"https:\\\/\\\/reiseblock.ch\\\/wordpress\\\/?s={search_term_string}\"},\"query-input\":{\"@type\":\"PropertyValueSpecification\",\"valueRequired\":true,\"valueName\":\"search_term_string\"}}],\"inLanguage\":\"de\"},{\"@type\":[\"Person\",\"Organization\"],\"@id\":\"https:\\\/\\\/reiseblock.ch\\\/wordpress\\\/#\\\/schema\\\/person\\\/eafba14374f16d5fa4f73efd49243014\",\"name\":\"Ursula Kohler\",\"image\":{\"@type\":\"ImageObject\",\"inLanguage\":\"de\",\"@id\":\"https:\\\/\\\/secure.gravatar.com\\\/avatar\\\/014d9b9a971f617638f4298cbb55f92d20b3bf0d1c9cc32f65333b2769bcf867?s=96&d=blank&r=g\",\"url\":\"https:\\\/\\\/secure.gravatar.com\\\/avatar\\\/014d9b9a971f617638f4298cbb55f92d20b3bf0d1c9cc32f65333b2769bcf867?s=96&d=blank&r=g\",\"contentUrl\":\"https:\\\/\\\/secure.gravatar.com\\\/avatar\\\/014d9b9a971f617638f4298cbb55f92d20b3bf0d1c9cc32f65333b2769bcf867?s=96&d=blank&r=g\",\"caption\":\"Ursula Kohler\"},\"logo\":{\"@id\":\"https:\\\/\\\/secure.gravatar.com\\\/avatar\\\/014d9b9a971f617638f4298cbb55f92d20b3bf0d1c9cc32f65333b2769bcf867?s=96&d=blank&r=g\"}},{\"@type\":\"Person\",\"@id\":\"https:\\\/\\\/reiseblock.ch\\\/wordpress\\\/#\\\/schema\\\/person\\\/739b103f8e7941f579794d17e2187721\",\"name\":\"admin\",\"image\":{\"@type\":\"ImageObject\",\"inLanguage\":\"de\",\"@id\":\"https:\\\/\\\/secure.gravatar.com\\\/avatar\\\/a0f702f22ecd58ce02800a54cb2055cabe1fa8d7cf75ab377ce2f2b8503f188c?s=96&d=blank&r=g\",\"url\":\"https:\\\/\\\/secure.gravatar.com\\\/avatar\\\/a0f702f22ecd58ce02800a54cb2055cabe1fa8d7cf75ab377ce2f2b8503f188c?s=96&d=blank&r=g\",\"contentUrl\":\"https:\\\/\\\/secure.gravatar.com\\\/avatar\\\/a0f702f22ecd58ce02800a54cb2055cabe1fa8d7cf75ab377ce2f2b8503f188c?s=96&d=blank&r=g\",\"caption\":\"admin\"},\"url\":\"https:\\\/\\\/reiseblock.ch\\\/wordpress\\\/author\\\/admin\\\/\"}]}<\/script>\n<!-- \/ Yoast SEO plugin. -->","yoast_head_json":{"title":"Einen Klassiker der Winterwanderwege entdecken &#8211; Reiseblock","robots":{"index":"index","follow":"follow","max-snippet":"max-snippet:-1","max-image-preview":"max-image-preview:large","max-video-preview":"max-video-preview:-1"},"canonical":"https:\/\/reiseblock.ch\/wordpress\/das-neue-jahr-mit-einer-winterwanderung-begruessen\/","og_locale":"de_DE","og_type":"article","og_title":"Einen Klassiker der Winterwanderwege entdecken &#8211; Reiseblock","og_description":"Im Aletschgletscher ist im Winter alles m\u00f6glich: Skifahren, Snowboarden, Langlaufen, Schlitteln und Wandern. Gerade wer es nicht so mit Skifahren hat, findet hier auch fantastische [...]","og_url":"https:\/\/reiseblock.ch\/wordpress\/das-neue-jahr-mit-einer-winterwanderung-begruessen\/","og_site_name":"Reiseblock","article_published_time":"2025-01-18T06:06:00+00:00","article_modified_time":"2025-02-02T17:24:39+00:00","og_image":[{"width":1024,"height":768,"url":"https:\/\/reiseblock.ch\/wordpress\/wp-content\/uploads\/2022\/01\/IMG_6544.jpg","type":"image\/jpeg"}],"author":"admin","twitter_misc":{"Verfasst von":"admin","Gesch\u00e4tzte Lesezeit":"2\u00a0Minuten"},"schema":{"@context":"https:\/\/schema.org","@graph":[{"@type":"Article","@id":"https:\/\/reiseblock.ch\/wordpress\/das-neue-jahr-mit-einer-winterwanderung-begruessen\/#article","isPartOf":{"@id":"https:\/\/reiseblock.ch\/wordpress\/das-neue-jahr-mit-einer-winterwanderung-begruessen\/"},"author":{"name":"admin","@id":"https:\/\/reiseblock.ch\/wordpress\/#\/schema\/person\/739b103f8e7941f579794d17e2187721"},"headline":"Einen Klassiker der Winterwanderwege entdecken","datePublished":"2025-01-18T06:06:00+00:00","dateModified":"2025-02-02T17:24:39+00:00","mainEntityOfPage":{"@id":"https:\/\/reiseblock.ch\/wordpress\/das-neue-jahr-mit-einer-winterwanderung-begruessen\/"},"wordCount":203,"commentCount":0,"publisher":{"@id":"https:\/\/reiseblock.ch\/wordpress\/#\/schema\/person\/eafba14374f16d5fa4f73efd49243014"},"image":{"@id":"https:\/\/reiseblock.ch\/wordpress\/das-neue-jahr-mit-einer-winterwanderung-begruessen\/#primaryimage"},"thumbnailUrl":"https:\/\/reiseblock.ch\/wordpress\/wp-content\/uploads\/2022\/01\/IMG_6544.jpg","keywords":["Aletscharena","Aletschgletscher","Riederalp","Winterwandern"],"articleSection":["Tipp"],"inLanguage":"de","potentialAction":[{"@type":"CommentAction","name":"Comment","target":["https:\/\/reiseblock.ch\/wordpress\/das-neue-jahr-mit-einer-winterwanderung-begruessen\/#respond"]}]},{"@type":"WebPage","@id":"https:\/\/reiseblock.ch\/wordpress\/das-neue-jahr-mit-einer-winterwanderung-begruessen\/","url":"https:\/\/reiseblock.ch\/wordpress\/das-neue-jahr-mit-einer-winterwanderung-begruessen\/","name":"Einen Klassiker der Winterwanderwege entdecken &#8211; Reiseblock","isPartOf":{"@id":"https:\/\/reiseblock.ch\/wordpress\/#website"},"primaryImageOfPage":{"@id":"https:\/\/reiseblock.ch\/wordpress\/das-neue-jahr-mit-einer-winterwanderung-begruessen\/#primaryimage"},"image":{"@id":"https:\/\/reiseblock.ch\/wordpress\/das-neue-jahr-mit-einer-winterwanderung-begruessen\/#primaryimage"},"thumbnailUrl":"https:\/\/reiseblock.ch\/wordpress\/wp-content\/uploads\/2022\/01\/IMG_6544.jpg","datePublished":"2025-01-18T06:06:00+00:00","dateModified":"2025-02-02T17:24:39+00:00","breadcrumb":{"@id":"https:\/\/reiseblock.ch\/wordpress\/das-neue-jahr-mit-einer-winterwanderung-begruessen\/#breadcrumb"},"inLanguage":"de","potentialAction":[{"@type":"ReadAction","target":["https:\/\/reiseblock.ch\/wordpress\/das-neue-jahr-mit-einer-winterwanderung-begruessen\/"]}]},{"@type":"ImageObject","inLanguage":"de","@id":"https:\/\/reiseblock.ch\/wordpress\/das-neue-jahr-mit-einer-winterwanderung-begruessen\/#primaryimage","url":"https:\/\/reiseblock.ch\/wordpress\/wp-content\/uploads\/2022\/01\/IMG_6544.jpg","contentUrl":"https:\/\/reiseblock.ch\/wordpress\/wp-content\/uploads\/2022\/01\/IMG_6544.jpg","width":1024,"height":768},{"@type":"BreadcrumbList","@id":"https:\/\/reiseblock.ch\/wordpress\/das-neue-jahr-mit-einer-winterwanderung-begruessen\/#breadcrumb","itemListElement":[{"@type":"ListItem","position":1,"name":"Home","item":"https:\/\/reiseblock.ch\/wordpress\/"},{"@type":"ListItem","position":2,"name":"Einen Klassiker der Winterwanderwege entdecken"}]},{"@type":"WebSite","@id":"https:\/\/reiseblock.ch\/wordpress\/#website","url":"https:\/\/reiseblock.ch\/wordpress\/","name":"Reiseblock","description":"Ursula Kohlers ReiseWeise","publisher":{"@id":"https:\/\/reiseblock.ch\/wordpress\/#\/schema\/person\/eafba14374f16d5fa4f73efd49243014"},"potentialAction":[{"@type":"SearchAction","target":{"@type":"EntryPoint","urlTemplate":"https:\/\/reiseblock.ch\/wordpress\/?s={search_term_string}"},"query-input":{"@type":"PropertyValueSpecification","valueRequired":true,"valueName":"search_term_string"}}],"inLanguage":"de"},{"@type":["Person","Organization"],"@id":"https:\/\/reiseblock.ch\/wordpress\/#\/schema\/person\/eafba14374f16d5fa4f73efd49243014","name":"Ursula Kohler","image":{"@type":"ImageObject","inLanguage":"de","@id":"https:\/\/secure.gravatar.com\/avatar\/014d9b9a971f617638f4298cbb55f92d20b3bf0d1c9cc32f65333b2769bcf867?s=96&d=blank&r=g","url":"https:\/\/secure.gravatar.com\/avatar\/014d9b9a971f617638f4298cbb55f92d20b3bf0d1c9cc32f65333b2769bcf867?s=96&d=blank&r=g","contentUrl":"https:\/\/secure.gravatar.com\/avatar\/014d9b9a971f617638f4298cbb55f92d20b3bf0d1c9cc32f65333b2769bcf867?s=96&d=blank&r=g","caption":"Ursula Kohler"},"logo":{"@id":"https:\/\/secure.gravatar.com\/avatar\/014d9b9a971f617638f4298cbb55f92d20b3bf0d1c9cc32f65333b2769bcf867?s=96&d=blank&r=g"}},{"@type":"Person","@id":"https:\/\/reiseblock.ch\/wordpress\/#\/schema\/person\/739b103f8e7941f579794d17e2187721","name":"admin","image":{"@type":"ImageObject","inLanguage":"de","@id":"https:\/\/secure.gravatar.com\/avatar\/a0f702f22ecd58ce02800a54cb2055cabe1fa8d7cf75ab377ce2f2b8503f188c?s=96&d=blank&r=g","url":"https:\/\/secure.gravatar.com\/avatar\/a0f702f22ecd58ce02800a54cb2055cabe1fa8d7cf75ab377ce2f2b8503f188c?s=96&d=blank&r=g","contentUrl":"https:\/\/secure.gravatar.com\/avatar\/a0f702f22ecd58ce02800a54cb2055cabe1fa8d7cf75ab377ce2f2b8503f188c?s=96&d=blank&r=g","caption":"admin"},"url":"https:\/\/reiseblock.ch\/wordpress\/author\/admin\/"}]}},"_links":{"self":[{"href":"https:\/\/reiseblock.ch\/wordpress\/wp-json\/wp\/v2\/posts\/2331","targetHints":{"allow":["GET"]}}],"collection":[{"href":"https:\/\/reiseblock.ch\/wordpress\/wp-json\/wp\/v2\/posts"}],"about":[{"href":"https:\/\/reiseblock.ch\/wordpress\/wp-json\/wp\/v2\/types\/post"}],"author":[{"embeddable":true,"href":"https:\/\/reiseblock.ch\/wordpress\/wp-json\/wp\/v2\/users\/1"}],"replies":[{"embeddable":true,"href":"https:\/\/reiseblock.ch\/wordpress\/wp-json\/wp\/v2\/comments?post=2331"}],"version-history":[{"count":17,"href":"https:\/\/reiseblock.ch\/wordpress\/wp-json\/wp\/v2\/posts\/2331\/revisions"}],"predecessor-version":[{"id":3547,"href":"https:\/\/reiseblock.ch\/wordpress\/wp-json\/wp\/v2\/posts\/2331\/revisions\/3547"}],"wp:featuredmedia":[{"embeddable":true,"href":"https:\/\/reiseblock.ch\/wordpress\/wp-json\/wp\/v2\/media\/3548"}],"wp:attachment":[{"href":"https:\/\/reiseblock.ch\/wordpress\/wp-json\/wp\/v2\/media?parent=2331"}],"wp:term":[{"taxonomy":"category","embeddable":true,"href":"https:\/\/reiseblock.ch\/wordpress\/wp-json\/wp\/v2\/categories?post=2331"},{"taxonomy":"post_tag","embeddable":true,"href":"https:\/\/reiseblock.ch\/wordpress\/wp-json\/wp\/v2\/tags?post=2331"}],"curies":[{"name":"wp","href":"https:\/\/api.w.org\/{rel}","templated":true}]}}