{"id":2303,"date":"2017-12-11T22:18:12","date_gmt":"2017-12-11T21:18:12","guid":{"rendered":"http:\/\/reiseblock.ch\/?p=2303"},"modified":"2018-01-20T13:28:45","modified_gmt":"2018-01-20T12:28:45","slug":"2303-2","status":"publish","type":"post","link":"https:\/\/reiseblock.ch\/wordpress\/2303-2\/","title":{"rendered":"Der Wald, das Vierjahreszeiten-Paradies"},"content":{"rendered":"<div id=\"attachment_2306\" style=\"width: 810px\" class=\"wp-caption alignleft\"><img loading=\"lazy\" decoding=\"async\" aria-describedby=\"caption-attachment-2306\" class=\"size-full wp-image-2306\" src=\"http:\/\/reiseblock.ch\/wordpress\/wp-content\/uploads\/2017\/12\/Schlitten.jpg\" alt=\"Etwas Schnee, ein Hang \u2013 und schon gehts los mit dem Schlitteln\" width=\"800\" height=\"600\" srcset=\"https:\/\/reiseblock.ch\/wordpress\/wp-content\/uploads\/2017\/12\/Schlitten.jpg 800w, https:\/\/reiseblock.ch\/wordpress\/wp-content\/uploads\/2017\/12\/Schlitten-300x225.jpg 300w, https:\/\/reiseblock.ch\/wordpress\/wp-content\/uploads\/2017\/12\/Schlitten-768x576.jpg 768w\" sizes=\"auto, (max-width: 800px) 100vw, 800px\" \/><p id=\"caption-attachment-2306\" class=\"wp-caption-text\">Etwas Schnee, ein Hang \u2013 und schon gehts los mit dem Schlitteln<\/p><\/div>\n<p><span style=\"font-family: Book Antiqua, Palatino; font-size: 12pt;\">Welche Ausfl\u00fcge kann man beschreiben, wenn man die meiste Zeit im B\u00fcro verbringt? Da bleibt nur eines: in der n\u00e4heren Umgebung bleiben und den n\u00e4chsten Wald aufsuchen. Und das war ja in den letzten Tagen nicht schwierig. Dieser Wintereinbruch im Flachland hat die Umgebung in Weiss geh\u00fcllt. <\/span><\/p>\n<p><!--more--><\/p>\n<p><span style=\"font-family: Book Antiqua, Palatino; font-size: 12pt;\">Man musste nicht mal nach draussen gehen, um es zu geniessen. Die dichten Schneeflocken vor dem Fenster. Im Gegenteil, gerade am Abend war es besonders gem\u00fctlich, vor allem wenn ich aus dem Fenster die Autos auf der Strasse beobachtet habe. Das sah alles andere als sicher aus. <\/span><\/p>\n<div id=\"attachment_2308\" style=\"width: 810px\" class=\"wp-caption alignleft\"><img loading=\"lazy\" decoding=\"async\" aria-describedby=\"caption-attachment-2308\" class=\"size-full wp-image-2308\" src=\"http:\/\/reiseblock.ch\/wordpress\/wp-content\/uploads\/2017\/12\/wegweiser.jpg\" alt=\"Ob man den Wegweiser \u00fcberhaupt braucht? Es gibt so viele Wege im Wald.\" width=\"800\" height=\"656\" srcset=\"https:\/\/reiseblock.ch\/wordpress\/wp-content\/uploads\/2017\/12\/wegweiser.jpg 800w, https:\/\/reiseblock.ch\/wordpress\/wp-content\/uploads\/2017\/12\/wegweiser-300x246.jpg 300w, https:\/\/reiseblock.ch\/wordpress\/wp-content\/uploads\/2017\/12\/wegweiser-768x630.jpg 768w\" sizes=\"auto, (max-width: 800px) 100vw, 800px\" \/><p id=\"caption-attachment-2308\" class=\"wp-caption-text\">Ob man den Wegweiser \u00fcberhaupt braucht? Es gibt so viele Wege im Wald.<\/p><\/div>\n<p><span style=\"font-family: Book Antiqua, Palatino; font-size: 12pt;\">In letzter Zeit habe ich eh den Wald wieder entdeckt. Er ist wirklich ein Naherholungsgebiet. Man kann im Wald joggen, spazieren oder an einer Feuerstelle br\u00e4teln. Und jetzt im Winter verwandelt er sich sowieso zu einem Ort der Verzauberung und Stille. <\/span><\/p>\n<div id=\"attachment_2305\" style=\"width: 810px\" class=\"wp-caption alignleft\"><img loading=\"lazy\" decoding=\"async\" aria-describedby=\"caption-attachment-2305\" class=\"size-full wp-image-2305\" src=\"http:\/\/reiseblock.ch\/wordpress\/wp-content\/uploads\/2017\/12\/eth.jpg\" alt=\"Und immer wieder mal an der ETH H\u00f6nggerberg vorbei.\" width=\"800\" height=\"600\" srcset=\"https:\/\/reiseblock.ch\/wordpress\/wp-content\/uploads\/2017\/12\/eth.jpg 800w, https:\/\/reiseblock.ch\/wordpress\/wp-content\/uploads\/2017\/12\/eth-300x225.jpg 300w, https:\/\/reiseblock.ch\/wordpress\/wp-content\/uploads\/2017\/12\/eth-768x576.jpg 768w\" sizes=\"auto, (max-width: 800px) 100vw, 800px\" \/><p id=\"caption-attachment-2305\" class=\"wp-caption-text\">Und immer wieder mal an der ETH H\u00f6nggerberg vorbei.<\/p><\/div>\n<p><span style=\"font-family: Book Antiqua, Palatino; font-size: 12pt;\">Ja, w\u00e4re der Zauber mit dem Regen nur nich schon wieder verflogen. Da kann man nur den n\u00e4chsten Schneefall abwarten. Am n\u00e4chsten Samstag soll es bereits wieder so weit sein.<br \/>\n<\/span><\/p>\n<div id=\"attachment_2307\" style=\"width: 810px\" class=\"wp-caption alignleft\"><img loading=\"lazy\" decoding=\"async\" aria-describedby=\"caption-attachment-2307\" class=\"size-full wp-image-2307\" src=\"http:\/\/reiseblock.ch\/wordpress\/wp-content\/uploads\/2017\/12\/waid.jpg\" alt=\"Beim Ausflugsrestaurant Waid\" width=\"800\" height=\"568\" srcset=\"https:\/\/reiseblock.ch\/wordpress\/wp-content\/uploads\/2017\/12\/waid.jpg 800w, https:\/\/reiseblock.ch\/wordpress\/wp-content\/uploads\/2017\/12\/waid-300x213.jpg 300w, https:\/\/reiseblock.ch\/wordpress\/wp-content\/uploads\/2017\/12\/waid-768x545.jpg 768w\" sizes=\"auto, (max-width: 800px) 100vw, 800px\" \/><p id=\"caption-attachment-2307\" class=\"wp-caption-text\">Beim Ausflugsrestaurant Waid<\/p><\/div>\n","protected":false},"excerpt":{"rendered":"<p>Welche Ausfl\u00fcge kann man beschreiben, wenn man die meiste Zeit im B\u00fcro verbringt? Da bleibt nur eines: in der n\u00e4heren Umgebung bleiben und den n\u00e4chsten [&#8230;]<\/p>\n","protected":false},"author":1,"featured_media":2306,"comment_status":"open","ping_status":"open","sticky":false,"template":"","format":"standard","meta":{"footnotes":""},"categories":[8],"tags":[195,138,196],"class_list":["post-2303","post","type-post","status-publish","format-standard","has-post-thumbnail","hentry","category-tipp","tag-schnee","tag-wald","tag-winter"],"yoast_head":"<!-- This site is optimized with the Yoast SEO plugin v27.8 - https:\/\/yoast.com\/product\/yoast-seo-wordpress\/ -->\n<title>Der Wald, das Vierjahreszeiten-Paradies &#8211; Reiseblock<\/title>\n<meta name=\"description\" content=\"Der Wald ist im Winter besonders sch\u00f6n, vor allem wenn es frisch geschneit hat. Dann macht er seinem Ruf als Vierjahreszeiten-Paradies alle Ehre.\" \/>\n<meta name=\"robots\" content=\"index, follow, max-snippet:-1, max-image-preview:large, max-video-preview:-1\" \/>\n<link rel=\"canonical\" href=\"https:\/\/reiseblock.ch\/wordpress\/2303-2\/\" \/>\n<meta property=\"og:locale\" content=\"de_DE\" \/>\n<meta property=\"og:type\" content=\"article\" \/>\n<meta property=\"og:title\" content=\"Der Wald, das Vierjahreszeiten-Paradies &#8211; Reiseblock\" \/>\n<meta property=\"og:description\" content=\"Der Wald ist im Winter besonders sch\u00f6n, vor allem wenn es frisch geschneit hat. Dann macht er seinem Ruf als Vierjahreszeiten-Paradies alle Ehre.\" \/>\n<meta property=\"og:url\" content=\"https:\/\/reiseblock.ch\/wordpress\/2303-2\/\" \/>\n<meta property=\"og:site_name\" content=\"Reiseblock\" \/>\n<meta property=\"article:published_time\" content=\"2017-12-11T21:18:12+00:00\" \/>\n<meta property=\"article:modified_time\" content=\"2018-01-20T12:28:45+00:00\" \/>\n<meta property=\"og:image\" content=\"https:\/\/reiseblock.ch\/wordpress\/wp-content\/uploads\/2017\/12\/Schlitten.jpg\" \/>\n\t<meta property=\"og:image:width\" content=\"800\" \/>\n\t<meta property=\"og:image:height\" content=\"600\" \/>\n\t<meta property=\"og:image:type\" content=\"image\/jpeg\" \/>\n<meta name=\"author\" content=\"admin\" \/>\n<meta name=\"twitter:label1\" content=\"Verfasst von\" \/>\n\t<meta name=\"twitter:data1\" content=\"admin\" \/>\n\t<meta name=\"twitter:label2\" content=\"Gesch\u00e4tzte Lesezeit\" \/>\n\t<meta name=\"twitter:data2\" content=\"1\u00a0Minute\" \/>\n<script type=\"application\/ld+json\" class=\"yoast-schema-graph\">{\"@context\":\"https:\\\/\\\/schema.org\",\"@graph\":[{\"@type\":\"Article\",\"@id\":\"https:\\\/\\\/reiseblock.ch\\\/wordpress\\\/2303-2\\\/#article\",\"isPartOf\":{\"@id\":\"https:\\\/\\\/reiseblock.ch\\\/wordpress\\\/2303-2\\\/\"},\"author\":{\"name\":\"admin\",\"@id\":\"https:\\\/\\\/reiseblock.ch\\\/wordpress\\\/#\\\/schema\\\/person\\\/739b103f8e7941f579794d17e2187721\"},\"headline\":\"Der Wald, das Vierjahreszeiten-Paradies\",\"datePublished\":\"2017-12-11T21:18:12+00:00\",\"dateModified\":\"2018-01-20T12:28:45+00:00\",\"mainEntityOfPage\":{\"@id\":\"https:\\\/\\\/reiseblock.ch\\\/wordpress\\\/2303-2\\\/\"},\"wordCount\":244,\"commentCount\":0,\"publisher\":{\"@id\":\"https:\\\/\\\/reiseblock.ch\\\/wordpress\\\/#\\\/schema\\\/person\\\/eafba14374f16d5fa4f73efd49243014\"},\"image\":{\"@id\":\"https:\\\/\\\/reiseblock.ch\\\/wordpress\\\/2303-2\\\/#primaryimage\"},\"thumbnailUrl\":\"https:\\\/\\\/reiseblock.ch\\\/wordpress\\\/wp-content\\\/uploads\\\/2017\\\/12\\\/Schlitten.jpg\",\"keywords\":[\"Schnee\",\"Wald\",\"Winter\"],\"articleSection\":[\"Tipp\"],\"inLanguage\":\"de\",\"potentialAction\":[{\"@type\":\"CommentAction\",\"name\":\"Comment\",\"target\":[\"https:\\\/\\\/reiseblock.ch\\\/wordpress\\\/2303-2\\\/#respond\"]}]},{\"@type\":\"WebPage\",\"@id\":\"https:\\\/\\\/reiseblock.ch\\\/wordpress\\\/2303-2\\\/\",\"url\":\"https:\\\/\\\/reiseblock.ch\\\/wordpress\\\/2303-2\\\/\",\"name\":\"Der Wald, das Vierjahreszeiten-Paradies &#8211; Reiseblock\",\"isPartOf\":{\"@id\":\"https:\\\/\\\/reiseblock.ch\\\/wordpress\\\/#website\"},\"primaryImageOfPage\":{\"@id\":\"https:\\\/\\\/reiseblock.ch\\\/wordpress\\\/2303-2\\\/#primaryimage\"},\"image\":{\"@id\":\"https:\\\/\\\/reiseblock.ch\\\/wordpress\\\/2303-2\\\/#primaryimage\"},\"thumbnailUrl\":\"https:\\\/\\\/reiseblock.ch\\\/wordpress\\\/wp-content\\\/uploads\\\/2017\\\/12\\\/Schlitten.jpg\",\"datePublished\":\"2017-12-11T21:18:12+00:00\",\"dateModified\":\"2018-01-20T12:28:45+00:00\",\"description\":\"Der Wald ist im Winter besonders sch\u00f6n, vor allem wenn es frisch geschneit hat. Dann macht er seinem Ruf als Vierjahreszeiten-Paradies alle Ehre.\",\"breadcrumb\":{\"@id\":\"https:\\\/\\\/reiseblock.ch\\\/wordpress\\\/2303-2\\\/#breadcrumb\"},\"inLanguage\":\"de\",\"potentialAction\":[{\"@type\":\"ReadAction\",\"target\":[\"https:\\\/\\\/reiseblock.ch\\\/wordpress\\\/2303-2\\\/\"]}]},{\"@type\":\"ImageObject\",\"inLanguage\":\"de\",\"@id\":\"https:\\\/\\\/reiseblock.ch\\\/wordpress\\\/2303-2\\\/#primaryimage\",\"url\":\"https:\\\/\\\/reiseblock.ch\\\/wordpress\\\/wp-content\\\/uploads\\\/2017\\\/12\\\/Schlitten.jpg\",\"contentUrl\":\"https:\\\/\\\/reiseblock.ch\\\/wordpress\\\/wp-content\\\/uploads\\\/2017\\\/12\\\/Schlitten.jpg\",\"width\":800,\"height\":600,\"caption\":\"Etwas Schnee, ein Hang \u2013 und schon gehts los mit dem Schlitteln\"},{\"@type\":\"BreadcrumbList\",\"@id\":\"https:\\\/\\\/reiseblock.ch\\\/wordpress\\\/2303-2\\\/#breadcrumb\",\"itemListElement\":[{\"@type\":\"ListItem\",\"position\":1,\"name\":\"Home\",\"item\":\"https:\\\/\\\/reiseblock.ch\\\/wordpress\\\/\"},{\"@type\":\"ListItem\",\"position\":2,\"name\":\"Der Wald, das Vierjahreszeiten-Paradies\"}]},{\"@type\":\"WebSite\",\"@id\":\"https:\\\/\\\/reiseblock.ch\\\/wordpress\\\/#website\",\"url\":\"https:\\\/\\\/reiseblock.ch\\\/wordpress\\\/\",\"name\":\"Reiseblock\",\"description\":\"Ursula Kohlers ReiseWeise\",\"publisher\":{\"@id\":\"https:\\\/\\\/reiseblock.ch\\\/wordpress\\\/#\\\/schema\\\/person\\\/eafba14374f16d5fa4f73efd49243014\"},\"potentialAction\":[{\"@type\":\"SearchAction\",\"target\":{\"@type\":\"EntryPoint\",\"urlTemplate\":\"https:\\\/\\\/reiseblock.ch\\\/wordpress\\\/?s={search_term_string}\"},\"query-input\":{\"@type\":\"PropertyValueSpecification\",\"valueRequired\":true,\"valueName\":\"search_term_string\"}}],\"inLanguage\":\"de\"},{\"@type\":[\"Person\",\"Organization\"],\"@id\":\"https:\\\/\\\/reiseblock.ch\\\/wordpress\\\/#\\\/schema\\\/person\\\/eafba14374f16d5fa4f73efd49243014\",\"name\":\"Ursula Kohler\",\"image\":{\"@type\":\"ImageObject\",\"inLanguage\":\"de\",\"@id\":\"https:\\\/\\\/secure.gravatar.com\\\/avatar\\\/014d9b9a971f617638f4298cbb55f92d20b3bf0d1c9cc32f65333b2769bcf867?s=96&d=blank&r=g\",\"url\":\"https:\\\/\\\/secure.gravatar.com\\\/avatar\\\/014d9b9a971f617638f4298cbb55f92d20b3bf0d1c9cc32f65333b2769bcf867?s=96&d=blank&r=g\",\"contentUrl\":\"https:\\\/\\\/secure.gravatar.com\\\/avatar\\\/014d9b9a971f617638f4298cbb55f92d20b3bf0d1c9cc32f65333b2769bcf867?s=96&d=blank&r=g\",\"caption\":\"Ursula Kohler\"},\"logo\":{\"@id\":\"https:\\\/\\\/secure.gravatar.com\\\/avatar\\\/014d9b9a971f617638f4298cbb55f92d20b3bf0d1c9cc32f65333b2769bcf867?s=96&d=blank&r=g\"}},{\"@type\":\"Person\",\"@id\":\"https:\\\/\\\/reiseblock.ch\\\/wordpress\\\/#\\\/schema\\\/person\\\/739b103f8e7941f579794d17e2187721\",\"name\":\"admin\",\"image\":{\"@type\":\"ImageObject\",\"inLanguage\":\"de\",\"@id\":\"https:\\\/\\\/secure.gravatar.com\\\/avatar\\\/a0f702f22ecd58ce02800a54cb2055cabe1fa8d7cf75ab377ce2f2b8503f188c?s=96&d=blank&r=g\",\"url\":\"https:\\\/\\\/secure.gravatar.com\\\/avatar\\\/a0f702f22ecd58ce02800a54cb2055cabe1fa8d7cf75ab377ce2f2b8503f188c?s=96&d=blank&r=g\",\"contentUrl\":\"https:\\\/\\\/secure.gravatar.com\\\/avatar\\\/a0f702f22ecd58ce02800a54cb2055cabe1fa8d7cf75ab377ce2f2b8503f188c?s=96&d=blank&r=g\",\"caption\":\"admin\"},\"url\":\"https:\\\/\\\/reiseblock.ch\\\/wordpress\\\/author\\\/admin\\\/\"}]}<\/script>\n<!-- \/ Yoast SEO plugin. -->","yoast_head_json":{"title":"Der Wald, das Vierjahreszeiten-Paradies &#8211; Reiseblock","description":"Der Wald ist im Winter besonders sch\u00f6n, vor allem wenn es frisch geschneit hat. Dann macht er seinem Ruf als Vierjahreszeiten-Paradies alle Ehre.","robots":{"index":"index","follow":"follow","max-snippet":"max-snippet:-1","max-image-preview":"max-image-preview:large","max-video-preview":"max-video-preview:-1"},"canonical":"https:\/\/reiseblock.ch\/wordpress\/2303-2\/","og_locale":"de_DE","og_type":"article","og_title":"Der Wald, das Vierjahreszeiten-Paradies &#8211; Reiseblock","og_description":"Der Wald ist im Winter besonders sch\u00f6n, vor allem wenn es frisch geschneit hat. Dann macht er seinem Ruf als Vierjahreszeiten-Paradies alle Ehre.","og_url":"https:\/\/reiseblock.ch\/wordpress\/2303-2\/","og_site_name":"Reiseblock","article_published_time":"2017-12-11T21:18:12+00:00","article_modified_time":"2018-01-20T12:28:45+00:00","og_image":[{"width":800,"height":600,"url":"https:\/\/reiseblock.ch\/wordpress\/wp-content\/uploads\/2017\/12\/Schlitten.jpg","type":"image\/jpeg"}],"author":"admin","twitter_misc":{"Verfasst von":"admin","Gesch\u00e4tzte Lesezeit":"1\u00a0Minute"},"schema":{"@context":"https:\/\/schema.org","@graph":[{"@type":"Article","@id":"https:\/\/reiseblock.ch\/wordpress\/2303-2\/#article","isPartOf":{"@id":"https:\/\/reiseblock.ch\/wordpress\/2303-2\/"},"author":{"name":"admin","@id":"https:\/\/reiseblock.ch\/wordpress\/#\/schema\/person\/739b103f8e7941f579794d17e2187721"},"headline":"Der Wald, das Vierjahreszeiten-Paradies","datePublished":"2017-12-11T21:18:12+00:00","dateModified":"2018-01-20T12:28:45+00:00","mainEntityOfPage":{"@id":"https:\/\/reiseblock.ch\/wordpress\/2303-2\/"},"wordCount":244,"commentCount":0,"publisher":{"@id":"https:\/\/reiseblock.ch\/wordpress\/#\/schema\/person\/eafba14374f16d5fa4f73efd49243014"},"image":{"@id":"https:\/\/reiseblock.ch\/wordpress\/2303-2\/#primaryimage"},"thumbnailUrl":"https:\/\/reiseblock.ch\/wordpress\/wp-content\/uploads\/2017\/12\/Schlitten.jpg","keywords":["Schnee","Wald","Winter"],"articleSection":["Tipp"],"inLanguage":"de","potentialAction":[{"@type":"CommentAction","name":"Comment","target":["https:\/\/reiseblock.ch\/wordpress\/2303-2\/#respond"]}]},{"@type":"WebPage","@id":"https:\/\/reiseblock.ch\/wordpress\/2303-2\/","url":"https:\/\/reiseblock.ch\/wordpress\/2303-2\/","name":"Der Wald, das Vierjahreszeiten-Paradies &#8211; Reiseblock","isPartOf":{"@id":"https:\/\/reiseblock.ch\/wordpress\/#website"},"primaryImageOfPage":{"@id":"https:\/\/reiseblock.ch\/wordpress\/2303-2\/#primaryimage"},"image":{"@id":"https:\/\/reiseblock.ch\/wordpress\/2303-2\/#primaryimage"},"thumbnailUrl":"https:\/\/reiseblock.ch\/wordpress\/wp-content\/uploads\/2017\/12\/Schlitten.jpg","datePublished":"2017-12-11T21:18:12+00:00","dateModified":"2018-01-20T12:28:45+00:00","description":"Der Wald ist im Winter besonders sch\u00f6n, vor allem wenn es frisch geschneit hat. Dann macht er seinem Ruf als Vierjahreszeiten-Paradies alle Ehre.","breadcrumb":{"@id":"https:\/\/reiseblock.ch\/wordpress\/2303-2\/#breadcrumb"},"inLanguage":"de","potentialAction":[{"@type":"ReadAction","target":["https:\/\/reiseblock.ch\/wordpress\/2303-2\/"]}]},{"@type":"ImageObject","inLanguage":"de","@id":"https:\/\/reiseblock.ch\/wordpress\/2303-2\/#primaryimage","url":"https:\/\/reiseblock.ch\/wordpress\/wp-content\/uploads\/2017\/12\/Schlitten.jpg","contentUrl":"https:\/\/reiseblock.ch\/wordpress\/wp-content\/uploads\/2017\/12\/Schlitten.jpg","width":800,"height":600,"caption":"Etwas Schnee, ein Hang \u2013 und schon gehts los mit dem Schlitteln"},{"@type":"BreadcrumbList","@id":"https:\/\/reiseblock.ch\/wordpress\/2303-2\/#breadcrumb","itemListElement":[{"@type":"ListItem","position":1,"name":"Home","item":"https:\/\/reiseblock.ch\/wordpress\/"},{"@type":"ListItem","position":2,"name":"Der Wald, das Vierjahreszeiten-Paradies"}]},{"@type":"WebSite","@id":"https:\/\/reiseblock.ch\/wordpress\/#website","url":"https:\/\/reiseblock.ch\/wordpress\/","name":"Reiseblock","description":"Ursula Kohlers ReiseWeise","publisher":{"@id":"https:\/\/reiseblock.ch\/wordpress\/#\/schema\/person\/eafba14374f16d5fa4f73efd49243014"},"potentialAction":[{"@type":"SearchAction","target":{"@type":"EntryPoint","urlTemplate":"https:\/\/reiseblock.ch\/wordpress\/?s={search_term_string}"},"query-input":{"@type":"PropertyValueSpecification","valueRequired":true,"valueName":"search_term_string"}}],"inLanguage":"de"},{"@type":["Person","Organization"],"@id":"https:\/\/reiseblock.ch\/wordpress\/#\/schema\/person\/eafba14374f16d5fa4f73efd49243014","name":"Ursula Kohler","image":{"@type":"ImageObject","inLanguage":"de","@id":"https:\/\/secure.gravatar.com\/avatar\/014d9b9a971f617638f4298cbb55f92d20b3bf0d1c9cc32f65333b2769bcf867?s=96&d=blank&r=g","url":"https:\/\/secure.gravatar.com\/avatar\/014d9b9a971f617638f4298cbb55f92d20b3bf0d1c9cc32f65333b2769bcf867?s=96&d=blank&r=g","contentUrl":"https:\/\/secure.gravatar.com\/avatar\/014d9b9a971f617638f4298cbb55f92d20b3bf0d1c9cc32f65333b2769bcf867?s=96&d=blank&r=g","caption":"Ursula Kohler"},"logo":{"@id":"https:\/\/secure.gravatar.com\/avatar\/014d9b9a971f617638f4298cbb55f92d20b3bf0d1c9cc32f65333b2769bcf867?s=96&d=blank&r=g"}},{"@type":"Person","@id":"https:\/\/reiseblock.ch\/wordpress\/#\/schema\/person\/739b103f8e7941f579794d17e2187721","name":"admin","image":{"@type":"ImageObject","inLanguage":"de","@id":"https:\/\/secure.gravatar.com\/avatar\/a0f702f22ecd58ce02800a54cb2055cabe1fa8d7cf75ab377ce2f2b8503f188c?s=96&d=blank&r=g","url":"https:\/\/secure.gravatar.com\/avatar\/a0f702f22ecd58ce02800a54cb2055cabe1fa8d7cf75ab377ce2f2b8503f188c?s=96&d=blank&r=g","contentUrl":"https:\/\/secure.gravatar.com\/avatar\/a0f702f22ecd58ce02800a54cb2055cabe1fa8d7cf75ab377ce2f2b8503f188c?s=96&d=blank&r=g","caption":"admin"},"url":"https:\/\/reiseblock.ch\/wordpress\/author\/admin\/"}]}},"_links":{"self":[{"href":"https:\/\/reiseblock.ch\/wordpress\/wp-json\/wp\/v2\/posts\/2303","targetHints":{"allow":["GET"]}}],"collection":[{"href":"https:\/\/reiseblock.ch\/wordpress\/wp-json\/wp\/v2\/posts"}],"about":[{"href":"https:\/\/reiseblock.ch\/wordpress\/wp-json\/wp\/v2\/types\/post"}],"author":[{"embeddable":true,"href":"https:\/\/reiseblock.ch\/wordpress\/wp-json\/wp\/v2\/users\/1"}],"replies":[{"embeddable":true,"href":"https:\/\/reiseblock.ch\/wordpress\/wp-json\/wp\/v2\/comments?post=2303"}],"version-history":[{"count":6,"href":"https:\/\/reiseblock.ch\/wordpress\/wp-json\/wp\/v2\/posts\/2303\/revisions"}],"predecessor-version":[{"id":2314,"href":"https:\/\/reiseblock.ch\/wordpress\/wp-json\/wp\/v2\/posts\/2303\/revisions\/2314"}],"wp:featuredmedia":[{"embeddable":true,"href":"https:\/\/reiseblock.ch\/wordpress\/wp-json\/wp\/v2\/media\/2306"}],"wp:attachment":[{"href":"https:\/\/reiseblock.ch\/wordpress\/wp-json\/wp\/v2\/media?parent=2303"}],"wp:term":[{"taxonomy":"category","embeddable":true,"href":"https:\/\/reiseblock.ch\/wordpress\/wp-json\/wp\/v2\/categories?post=2303"},{"taxonomy":"post_tag","embeddable":true,"href":"https:\/\/reiseblock.ch\/wordpress\/wp-json\/wp\/v2\/tags?post=2303"}],"curies":[{"name":"wp","href":"https:\/\/api.w.org\/{rel}","templated":true}]}}