{"id":23,"date":"2008-05-15T13:47:47","date_gmt":"2008-05-15T13:47:47","guid":{"rendered":"http:\/\/reiseblock.ch\/wordpress\/?p=23"},"modified":"2017-05-24T11:04:19","modified_gmt":"2017-05-24T09:04:19","slug":"23","status":"publish","type":"post","link":"https:\/\/reiseblock.ch\/wordpress\/23\/","title":{"rendered":"Auf 16 R\u00e4dern unterwegs"},"content":{"rendered":"<p><a href=\"http:\/\/reiseblock.ch\/wordpress\/wp-content\/uploads\/2014\/02\/mob28_12108830471.jpg\"><img loading=\"lazy\" decoding=\"async\" class=\"alignnone wp-image-28 size-full\" src=\"http:\/\/reiseblock.ch\/wordpress\/wp-content\/uploads\/2014\/02\/mob28_12108830471-e1495616635719.jpg\" alt=\"mob28_1210883047\" width=\"800\" height=\"600\" \/><\/a><\/p>\n<p><span style=\"font-family: Book Antiqua,Palatino; font-size: 12pt;\">Vier Erwachsene und vier Kinder sind wir \u00fcber Pfingsten mit unseren Fahrr\u00e4dern losgefahren, drei Tage dem Rhein entlang. Start war das kleine St\u00e4dtchen Stein am Rhein. <!--more--><\/span><\/p>\n<p><span style=\"font-family: Book Antiqua,Palatino; font-size: 12pt;\">Bei fr\u00fchlingshaftem Wetter radelten wir die erste Etappe der sch\u00f6nsten Flussstrecke entlang bis zum Rheinfall bei Schaffhausen. Unbedingt reservieren: Jugi Dachsen direkt \u00fcber dem Rheinfall in einem alten Schl\u00f6sschen. Eine Treppe f\u00fchrt hinunter bis zur Kanzel, auf der man ganz sch\u00f6n nass gespritzt wird. Die Kinder liebten die feine Dusche.<\/span><\/p>\n<p><span style=\"font-family: Book Antiqua,Palatino; font-size: 12pt;\">Am n\u00e4chsten Tag gehts weiter, leider weniger dem Rhein entlang, aber mit Zwischenziel T\u00f6ssegg, ein sch\u00f6n gelegenes Rheinknie, bei dem die T\u00f6ss in den Strom fliesst. Die Mutigen wagen sich ins Wasser, die anderen legen sich auf der Wiese an die Sonne. In Eglisau warten unsere n\u00e4chsten Betten im Hotel Rheinfels. Zu den Schlafst\u00e4tten erhalten wir einige Quadratmeter Wohnfl\u00e4che dazu. Die zweist\u00f6ckige Wohnung begeistert die Kinder, uns allen schmeckt das Essen, das wir im Garten einnehmen k\u00f6nnen.<\/span><\/p>\n<p><span style=\"font-family: Book Antiqua,Palatino; font-size: 12pt;\">Bereits zieht uns das letzte Reiseziel, Zurzach, an. Wir nehmens gem\u00fctlich, bleiben lieber unterwegs etwas l\u00e4nger sitzen und verzichten auf das geplante Thermalbad.<\/span><\/p>\n<p><span style=\"font-family: Book Antiqua,Palatino; font-size: 12pt;\">Die gesamte Strecke auf der Route 2 von Veloland Schweiz betrug ca. 75 Kilometer, eine ideale L\u00e4nge mit unseren vier M\u00e4dchen im Alter von 6 bis 10 Jahren. Ein guter Dienst f\u00fcr die kleinste Fahrerin bietet der <i>follow me<\/i>, eine Einrichtung, mit der das Kindervelo an ein Erwachsenenvelo angeh\u00e4ngt wird &#8211; f\u00fcr m\u00fcde Beine und befahrene Strassenteilstrecken.<\/span><\/p>\n<p><span style=\"font-family: Book Antiqua,Palatino; font-size: 12pt;\">N\u00e4chstes Jahr gehts weiter bis nach Basel, mindestens &#8230;<\/span><\/p>\n","protected":false},"excerpt":{"rendered":"<p>Vier Erwachsene und vier Kinder sind wir \u00fcber Pfingsten mit unseren Fahrr\u00e4dern losgefahren, drei Tage dem Rhein entlang. Start war das kleine St\u00e4dtchen Stein am [&#8230;]<\/p>\n","protected":false},"author":1,"featured_media":24,"comment_status":"open","ping_status":"open","sticky":false,"template":"","format":"standard","meta":{"footnotes":""},"categories":[10],"tags":[126,52,127,15],"class_list":["post-23","post","type-post","status-publish","format-standard","has-post-thumbnail","hentry","category-erlebt","tag-eglisau","tag-rhein","tag-stein-am-rhein","tag-velo"],"yoast_head":"<!-- This site is optimized with the Yoast SEO plugin v27.8 - https:\/\/yoast.com\/product\/yoast-seo-wordpress\/ -->\n<title>Auf 16 R\u00e4dern unterwegs &#8211; Reiseblock<\/title>\n<meta name=\"robots\" content=\"index, follow, max-snippet:-1, max-image-preview:large, max-video-preview:-1\" \/>\n<link rel=\"canonical\" href=\"https:\/\/reiseblock.ch\/wordpress\/23\/\" \/>\n<meta property=\"og:locale\" content=\"de_DE\" \/>\n<meta property=\"og:type\" content=\"article\" \/>\n<meta property=\"og:title\" content=\"Auf 16 R\u00e4dern unterwegs &#8211; Reiseblock\" \/>\n<meta property=\"og:description\" content=\"Vier Erwachsene und vier Kinder sind wir \u00fcber Pfingsten mit unseren Fahrr\u00e4dern losgefahren, drei Tage dem Rhein entlang. Start war das kleine St\u00e4dtchen Stein am [...]\" \/>\n<meta property=\"og:url\" content=\"https:\/\/reiseblock.ch\/wordpress\/23\/\" \/>\n<meta property=\"og:site_name\" content=\"Reiseblock\" \/>\n<meta property=\"article:published_time\" content=\"2008-05-15T13:47:47+00:00\" \/>\n<meta property=\"article:modified_time\" content=\"2017-05-24T09:04:19+00:00\" \/>\n<meta property=\"og:image\" content=\"https:\/\/reiseblock.ch\/wordpress\/wp-content\/uploads\/2014\/02\/mob28_1210883047-1024x768.jpg\" \/>\n\t<meta property=\"og:image:width\" content=\"1024\" \/>\n\t<meta property=\"og:image:height\" content=\"768\" \/>\n\t<meta property=\"og:image:type\" content=\"image\/jpeg\" \/>\n<meta name=\"author\" content=\"admin\" \/>\n<meta name=\"twitter:label1\" content=\"Verfasst von\" \/>\n\t<meta name=\"twitter:data1\" content=\"admin\" \/>\n\t<meta name=\"twitter:label2\" content=\"Gesch\u00e4tzte Lesezeit\" \/>\n\t<meta name=\"twitter:data2\" content=\"1\u00a0Minute\" \/>\n<script type=\"application\/ld+json\" class=\"yoast-schema-graph\">{\"@context\":\"https:\\\/\\\/schema.org\",\"@graph\":[{\"@type\":\"Article\",\"@id\":\"https:\\\/\\\/reiseblock.ch\\\/wordpress\\\/23\\\/#article\",\"isPartOf\":{\"@id\":\"https:\\\/\\\/reiseblock.ch\\\/wordpress\\\/23\\\/\"},\"author\":{\"name\":\"admin\",\"@id\":\"https:\\\/\\\/reiseblock.ch\\\/wordpress\\\/#\\\/schema\\\/person\\\/739b103f8e7941f579794d17e2187721\"},\"headline\":\"Auf 16 R\u00e4dern unterwegs\",\"datePublished\":\"2008-05-15T13:47:47+00:00\",\"dateModified\":\"2017-05-24T09:04:19+00:00\",\"mainEntityOfPage\":{\"@id\":\"https:\\\/\\\/reiseblock.ch\\\/wordpress\\\/23\\\/\"},\"wordCount\":266,\"commentCount\":0,\"publisher\":{\"@id\":\"https:\\\/\\\/reiseblock.ch\\\/wordpress\\\/#\\\/schema\\\/person\\\/eafba14374f16d5fa4f73efd49243014\"},\"image\":{\"@id\":\"https:\\\/\\\/reiseblock.ch\\\/wordpress\\\/23\\\/#primaryimage\"},\"thumbnailUrl\":\"https:\\\/\\\/reiseblock.ch\\\/wordpress\\\/wp-content\\\/uploads\\\/2014\\\/02\\\/mob28_1210883047.jpg\",\"keywords\":[\"Eglisau\",\"Rhein\",\"Stein am Rhein\",\"Velo\"],\"articleSection\":[\"Erlebt\"],\"inLanguage\":\"de\",\"potentialAction\":[{\"@type\":\"CommentAction\",\"name\":\"Comment\",\"target\":[\"https:\\\/\\\/reiseblock.ch\\\/wordpress\\\/23\\\/#respond\"]}]},{\"@type\":\"WebPage\",\"@id\":\"https:\\\/\\\/reiseblock.ch\\\/wordpress\\\/23\\\/\",\"url\":\"https:\\\/\\\/reiseblock.ch\\\/wordpress\\\/23\\\/\",\"name\":\"Auf 16 R\u00e4dern unterwegs &#8211; Reiseblock\",\"isPartOf\":{\"@id\":\"https:\\\/\\\/reiseblock.ch\\\/wordpress\\\/#website\"},\"primaryImageOfPage\":{\"@id\":\"https:\\\/\\\/reiseblock.ch\\\/wordpress\\\/23\\\/#primaryimage\"},\"image\":{\"@id\":\"https:\\\/\\\/reiseblock.ch\\\/wordpress\\\/23\\\/#primaryimage\"},\"thumbnailUrl\":\"https:\\\/\\\/reiseblock.ch\\\/wordpress\\\/wp-content\\\/uploads\\\/2014\\\/02\\\/mob28_1210883047.jpg\",\"datePublished\":\"2008-05-15T13:47:47+00:00\",\"dateModified\":\"2017-05-24T09:04:19+00:00\",\"breadcrumb\":{\"@id\":\"https:\\\/\\\/reiseblock.ch\\\/wordpress\\\/23\\\/#breadcrumb\"},\"inLanguage\":\"de\",\"potentialAction\":[{\"@type\":\"ReadAction\",\"target\":[\"https:\\\/\\\/reiseblock.ch\\\/wordpress\\\/23\\\/\"]}]},{\"@type\":\"ImageObject\",\"inLanguage\":\"de\",\"@id\":\"https:\\\/\\\/reiseblock.ch\\\/wordpress\\\/23\\\/#primaryimage\",\"url\":\"https:\\\/\\\/reiseblock.ch\\\/wordpress\\\/wp-content\\\/uploads\\\/2014\\\/02\\\/mob28_1210883047.jpg\",\"contentUrl\":\"https:\\\/\\\/reiseblock.ch\\\/wordpress\\\/wp-content\\\/uploads\\\/2014\\\/02\\\/mob28_1210883047.jpg\",\"width\":3168,\"height\":2376},{\"@type\":\"BreadcrumbList\",\"@id\":\"https:\\\/\\\/reiseblock.ch\\\/wordpress\\\/23\\\/#breadcrumb\",\"itemListElement\":[{\"@type\":\"ListItem\",\"position\":1,\"name\":\"Home\",\"item\":\"https:\\\/\\\/reiseblock.ch\\\/wordpress\\\/\"},{\"@type\":\"ListItem\",\"position\":2,\"name\":\"Auf 16 R\u00e4dern unterwegs\"}]},{\"@type\":\"WebSite\",\"@id\":\"https:\\\/\\\/reiseblock.ch\\\/wordpress\\\/#website\",\"url\":\"https:\\\/\\\/reiseblock.ch\\\/wordpress\\\/\",\"name\":\"Reiseblock\",\"description\":\"Ursula Kohlers ReiseWeise\",\"publisher\":{\"@id\":\"https:\\\/\\\/reiseblock.ch\\\/wordpress\\\/#\\\/schema\\\/person\\\/eafba14374f16d5fa4f73efd49243014\"},\"potentialAction\":[{\"@type\":\"SearchAction\",\"target\":{\"@type\":\"EntryPoint\",\"urlTemplate\":\"https:\\\/\\\/reiseblock.ch\\\/wordpress\\\/?s={search_term_string}\"},\"query-input\":{\"@type\":\"PropertyValueSpecification\",\"valueRequired\":true,\"valueName\":\"search_term_string\"}}],\"inLanguage\":\"de\"},{\"@type\":[\"Person\",\"Organization\"],\"@id\":\"https:\\\/\\\/reiseblock.ch\\\/wordpress\\\/#\\\/schema\\\/person\\\/eafba14374f16d5fa4f73efd49243014\",\"name\":\"Ursula Kohler\",\"image\":{\"@type\":\"ImageObject\",\"inLanguage\":\"de\",\"@id\":\"https:\\\/\\\/secure.gravatar.com\\\/avatar\\\/014d9b9a971f617638f4298cbb55f92d20b3bf0d1c9cc32f65333b2769bcf867?s=96&d=blank&r=g\",\"url\":\"https:\\\/\\\/secure.gravatar.com\\\/avatar\\\/014d9b9a971f617638f4298cbb55f92d20b3bf0d1c9cc32f65333b2769bcf867?s=96&d=blank&r=g\",\"contentUrl\":\"https:\\\/\\\/secure.gravatar.com\\\/avatar\\\/014d9b9a971f617638f4298cbb55f92d20b3bf0d1c9cc32f65333b2769bcf867?s=96&d=blank&r=g\",\"caption\":\"Ursula Kohler\"},\"logo\":{\"@id\":\"https:\\\/\\\/secure.gravatar.com\\\/avatar\\\/014d9b9a971f617638f4298cbb55f92d20b3bf0d1c9cc32f65333b2769bcf867?s=96&d=blank&r=g\"}},{\"@type\":\"Person\",\"@id\":\"https:\\\/\\\/reiseblock.ch\\\/wordpress\\\/#\\\/schema\\\/person\\\/739b103f8e7941f579794d17e2187721\",\"name\":\"admin\",\"image\":{\"@type\":\"ImageObject\",\"inLanguage\":\"de\",\"@id\":\"https:\\\/\\\/secure.gravatar.com\\\/avatar\\\/a0f702f22ecd58ce02800a54cb2055cabe1fa8d7cf75ab377ce2f2b8503f188c?s=96&d=blank&r=g\",\"url\":\"https:\\\/\\\/secure.gravatar.com\\\/avatar\\\/a0f702f22ecd58ce02800a54cb2055cabe1fa8d7cf75ab377ce2f2b8503f188c?s=96&d=blank&r=g\",\"contentUrl\":\"https:\\\/\\\/secure.gravatar.com\\\/avatar\\\/a0f702f22ecd58ce02800a54cb2055cabe1fa8d7cf75ab377ce2f2b8503f188c?s=96&d=blank&r=g\",\"caption\":\"admin\"},\"url\":\"https:\\\/\\\/reiseblock.ch\\\/wordpress\\\/author\\\/admin\\\/\"}]}<\/script>\n<!-- \/ Yoast SEO plugin. -->","yoast_head_json":{"title":"Auf 16 R\u00e4dern unterwegs &#8211; Reiseblock","robots":{"index":"index","follow":"follow","max-snippet":"max-snippet:-1","max-image-preview":"max-image-preview:large","max-video-preview":"max-video-preview:-1"},"canonical":"https:\/\/reiseblock.ch\/wordpress\/23\/","og_locale":"de_DE","og_type":"article","og_title":"Auf 16 R\u00e4dern unterwegs &#8211; Reiseblock","og_description":"Vier Erwachsene und vier Kinder sind wir \u00fcber Pfingsten mit unseren Fahrr\u00e4dern losgefahren, drei Tage dem Rhein entlang. Start war das kleine St\u00e4dtchen Stein am [...]","og_url":"https:\/\/reiseblock.ch\/wordpress\/23\/","og_site_name":"Reiseblock","article_published_time":"2008-05-15T13:47:47+00:00","article_modified_time":"2017-05-24T09:04:19+00:00","og_image":[{"width":1024,"height":768,"url":"https:\/\/reiseblock.ch\/wordpress\/wp-content\/uploads\/2014\/02\/mob28_1210883047-1024x768.jpg","type":"image\/jpeg"}],"author":"admin","twitter_misc":{"Verfasst von":"admin","Gesch\u00e4tzte Lesezeit":"1\u00a0Minute"},"schema":{"@context":"https:\/\/schema.org","@graph":[{"@type":"Article","@id":"https:\/\/reiseblock.ch\/wordpress\/23\/#article","isPartOf":{"@id":"https:\/\/reiseblock.ch\/wordpress\/23\/"},"author":{"name":"admin","@id":"https:\/\/reiseblock.ch\/wordpress\/#\/schema\/person\/739b103f8e7941f579794d17e2187721"},"headline":"Auf 16 R\u00e4dern unterwegs","datePublished":"2008-05-15T13:47:47+00:00","dateModified":"2017-05-24T09:04:19+00:00","mainEntityOfPage":{"@id":"https:\/\/reiseblock.ch\/wordpress\/23\/"},"wordCount":266,"commentCount":0,"publisher":{"@id":"https:\/\/reiseblock.ch\/wordpress\/#\/schema\/person\/eafba14374f16d5fa4f73efd49243014"},"image":{"@id":"https:\/\/reiseblock.ch\/wordpress\/23\/#primaryimage"},"thumbnailUrl":"https:\/\/reiseblock.ch\/wordpress\/wp-content\/uploads\/2014\/02\/mob28_1210883047.jpg","keywords":["Eglisau","Rhein","Stein am Rhein","Velo"],"articleSection":["Erlebt"],"inLanguage":"de","potentialAction":[{"@type":"CommentAction","name":"Comment","target":["https:\/\/reiseblock.ch\/wordpress\/23\/#respond"]}]},{"@type":"WebPage","@id":"https:\/\/reiseblock.ch\/wordpress\/23\/","url":"https:\/\/reiseblock.ch\/wordpress\/23\/","name":"Auf 16 R\u00e4dern unterwegs &#8211; Reiseblock","isPartOf":{"@id":"https:\/\/reiseblock.ch\/wordpress\/#website"},"primaryImageOfPage":{"@id":"https:\/\/reiseblock.ch\/wordpress\/23\/#primaryimage"},"image":{"@id":"https:\/\/reiseblock.ch\/wordpress\/23\/#primaryimage"},"thumbnailUrl":"https:\/\/reiseblock.ch\/wordpress\/wp-content\/uploads\/2014\/02\/mob28_1210883047.jpg","datePublished":"2008-05-15T13:47:47+00:00","dateModified":"2017-05-24T09:04:19+00:00","breadcrumb":{"@id":"https:\/\/reiseblock.ch\/wordpress\/23\/#breadcrumb"},"inLanguage":"de","potentialAction":[{"@type":"ReadAction","target":["https:\/\/reiseblock.ch\/wordpress\/23\/"]}]},{"@type":"ImageObject","inLanguage":"de","@id":"https:\/\/reiseblock.ch\/wordpress\/23\/#primaryimage","url":"https:\/\/reiseblock.ch\/wordpress\/wp-content\/uploads\/2014\/02\/mob28_1210883047.jpg","contentUrl":"https:\/\/reiseblock.ch\/wordpress\/wp-content\/uploads\/2014\/02\/mob28_1210883047.jpg","width":3168,"height":2376},{"@type":"BreadcrumbList","@id":"https:\/\/reiseblock.ch\/wordpress\/23\/#breadcrumb","itemListElement":[{"@type":"ListItem","position":1,"name":"Home","item":"https:\/\/reiseblock.ch\/wordpress\/"},{"@type":"ListItem","position":2,"name":"Auf 16 R\u00e4dern unterwegs"}]},{"@type":"WebSite","@id":"https:\/\/reiseblock.ch\/wordpress\/#website","url":"https:\/\/reiseblock.ch\/wordpress\/","name":"Reiseblock","description":"Ursula Kohlers ReiseWeise","publisher":{"@id":"https:\/\/reiseblock.ch\/wordpress\/#\/schema\/person\/eafba14374f16d5fa4f73efd49243014"},"potentialAction":[{"@type":"SearchAction","target":{"@type":"EntryPoint","urlTemplate":"https:\/\/reiseblock.ch\/wordpress\/?s={search_term_string}"},"query-input":{"@type":"PropertyValueSpecification","valueRequired":true,"valueName":"search_term_string"}}],"inLanguage":"de"},{"@type":["Person","Organization"],"@id":"https:\/\/reiseblock.ch\/wordpress\/#\/schema\/person\/eafba14374f16d5fa4f73efd49243014","name":"Ursula Kohler","image":{"@type":"ImageObject","inLanguage":"de","@id":"https:\/\/secure.gravatar.com\/avatar\/014d9b9a971f617638f4298cbb55f92d20b3bf0d1c9cc32f65333b2769bcf867?s=96&d=blank&r=g","url":"https:\/\/secure.gravatar.com\/avatar\/014d9b9a971f617638f4298cbb55f92d20b3bf0d1c9cc32f65333b2769bcf867?s=96&d=blank&r=g","contentUrl":"https:\/\/secure.gravatar.com\/avatar\/014d9b9a971f617638f4298cbb55f92d20b3bf0d1c9cc32f65333b2769bcf867?s=96&d=blank&r=g","caption":"Ursula Kohler"},"logo":{"@id":"https:\/\/secure.gravatar.com\/avatar\/014d9b9a971f617638f4298cbb55f92d20b3bf0d1c9cc32f65333b2769bcf867?s=96&d=blank&r=g"}},{"@type":"Person","@id":"https:\/\/reiseblock.ch\/wordpress\/#\/schema\/person\/739b103f8e7941f579794d17e2187721","name":"admin","image":{"@type":"ImageObject","inLanguage":"de","@id":"https:\/\/secure.gravatar.com\/avatar\/a0f702f22ecd58ce02800a54cb2055cabe1fa8d7cf75ab377ce2f2b8503f188c?s=96&d=blank&r=g","url":"https:\/\/secure.gravatar.com\/avatar\/a0f702f22ecd58ce02800a54cb2055cabe1fa8d7cf75ab377ce2f2b8503f188c?s=96&d=blank&r=g","contentUrl":"https:\/\/secure.gravatar.com\/avatar\/a0f702f22ecd58ce02800a54cb2055cabe1fa8d7cf75ab377ce2f2b8503f188c?s=96&d=blank&r=g","caption":"admin"},"url":"https:\/\/reiseblock.ch\/wordpress\/author\/admin\/"}]}},"_links":{"self":[{"href":"https:\/\/reiseblock.ch\/wordpress\/wp-json\/wp\/v2\/posts\/23","targetHints":{"allow":["GET"]}}],"collection":[{"href":"https:\/\/reiseblock.ch\/wordpress\/wp-json\/wp\/v2\/posts"}],"about":[{"href":"https:\/\/reiseblock.ch\/wordpress\/wp-json\/wp\/v2\/types\/post"}],"author":[{"embeddable":true,"href":"https:\/\/reiseblock.ch\/wordpress\/wp-json\/wp\/v2\/users\/1"}],"replies":[{"embeddable":true,"href":"https:\/\/reiseblock.ch\/wordpress\/wp-json\/wp\/v2\/comments?post=23"}],"version-history":[{"count":7,"href":"https:\/\/reiseblock.ch\/wordpress\/wp-json\/wp\/v2\/posts\/23\/revisions"}],"predecessor-version":[{"id":1887,"href":"https:\/\/reiseblock.ch\/wordpress\/wp-json\/wp\/v2\/posts\/23\/revisions\/1887"}],"wp:featuredmedia":[{"embeddable":true,"href":"https:\/\/reiseblock.ch\/wordpress\/wp-json\/wp\/v2\/media\/24"}],"wp:attachment":[{"href":"https:\/\/reiseblock.ch\/wordpress\/wp-json\/wp\/v2\/media?parent=23"}],"wp:term":[{"taxonomy":"category","embeddable":true,"href":"https:\/\/reiseblock.ch\/wordpress\/wp-json\/wp\/v2\/categories?post=23"},{"taxonomy":"post_tag","embeddable":true,"href":"https:\/\/reiseblock.ch\/wordpress\/wp-json\/wp\/v2\/tags?post=23"}],"curies":[{"name":"wp","href":"https:\/\/api.w.org\/{rel}","templated":true}]}}