{"id":2281,"date":"2017-11-27T15:24:23","date_gmt":"2017-11-27T14:24:23","guid":{"rendered":"http:\/\/reiseblock.ch\/?p=2281"},"modified":"2017-11-27T15:26:17","modified_gmt":"2017-11-27T14:26:17","slug":"die-ersten-schneeflocken-gesichtet","status":"publish","type":"post","link":"https:\/\/reiseblock.ch\/wordpress\/die-ersten-schneeflocken-gesichtet\/","title":{"rendered":"Die ersten Schneeflocken gesichtet"},"content":{"rendered":"<div id=\"attachment_2282\" style=\"width: 810px\" class=\"wp-caption alignleft\"><img loading=\"lazy\" decoding=\"async\" aria-describedby=\"caption-attachment-2282\" class=\"size-full wp-image-2282\" src=\"http:\/\/reiseblock.ch\/wordpress\/wp-content\/uploads\/2017\/11\/Schneeflocken.jpg\" alt=\"Ein paar kl\u00e4gliche Schneeflocken sind auf dem Balkon auszumachen\" width=\"800\" height=\"600\" srcset=\"https:\/\/reiseblock.ch\/wordpress\/wp-content\/uploads\/2017\/11\/Schneeflocken.jpg 800w, https:\/\/reiseblock.ch\/wordpress\/wp-content\/uploads\/2017\/11\/Schneeflocken-300x225.jpg 300w, https:\/\/reiseblock.ch\/wordpress\/wp-content\/uploads\/2017\/11\/Schneeflocken-768x576.jpg 768w\" sizes=\"auto, (max-width: 800px) 100vw, 800px\" \/><p id=\"caption-attachment-2282\" class=\"wp-caption-text\">Ein paar kl\u00e4gliche Schneeflocken sind auf dem Balkon auszumachen<\/p><\/div>\n<p><span style=\"font-family: Book Antiqua, Palatino; font-size: 12pt;\">Es schneit! Es ist fast wie fr\u00fcher, als die kleinen Kinder vor Begeisterung an den Fensterscheiben geklebt haben. Auch mich hat es dieses Jahr auf den Balkon gezogen, um die ersten sichtbaren Schneeflocken zu erhaschen. <\/span><\/p>\n<p><!--more--><\/p>\n<p><span style=\"font-family: Book Antiqua, Palatino; font-size: 12pt;\">Auf den H\u00fcgeln rundherum bleibt es weiss. Und so kommt Vorfreude auf die Berge auf. Wer nicht warten kann, dem sei ein kleiner Abstecher nach oben empfohlen, zum Beispiel nach Davos.<\/span><\/p>\n<div id=\"attachment_2283\" style=\"width: 810px\" class=\"wp-caption alignleft\"><img loading=\"lazy\" decoding=\"async\" aria-describedby=\"caption-attachment-2283\" class=\"size-full wp-image-2283\" src=\"http:\/\/reiseblock.ch\/wordpress\/wp-content\/uploads\/2017\/11\/Davos_Eisfeld.jpg\" alt=\"Das Eisfeld in Davos\" width=\"800\" height=\"533\" srcset=\"https:\/\/reiseblock.ch\/wordpress\/wp-content\/uploads\/2017\/11\/Davos_Eisfeld.jpg 800w, https:\/\/reiseblock.ch\/wordpress\/wp-content\/uploads\/2017\/11\/Davos_Eisfeld-300x200.jpg 300w, https:\/\/reiseblock.ch\/wordpress\/wp-content\/uploads\/2017\/11\/Davos_Eisfeld-768x512.jpg 768w\" sizes=\"auto, (max-width: 800px) 100vw, 800px\" \/><p id=\"caption-attachment-2283\" class=\"wp-caption-text\">Das Eisfeld in Davos<\/p><\/div>\n<p><span style=\"font-family: Book Antiqua, Palatino; font-size: 12pt;\">Davos bietet im Winter einfach f\u00fcr alle etwas. Ob Skifahren, Langlaufen, Schlitteln oder Winterwandern. Gerade f\u00fcr die <a href=\"http:\/\/www.davos.ch\/winter\/aktivitaeten\/winterwandern\/\" target=\"_blank\" rel=\"noopener\">Winterwanderwege<\/a> hat Davos eine interessante L\u00f6sung getroffen. Viele Wege auf der weiten Ebene sind sowohl im Sommer wie auch im Winter begehbar. Werden die Wege im Winter unterhalten, sind sie mit einer rosa Schneeflocke gekennzeichnet. <\/span><\/p>\n<div id=\"attachment_2284\" style=\"width: 810px\" class=\"wp-caption alignleft\"><img loading=\"lazy\" decoding=\"async\" aria-describedby=\"caption-attachment-2284\" class=\"wp-image-2284 size-full\" src=\"http:\/\/reiseblock.ch\/wordpress\/wp-content\/uploads\/2017\/11\/Wegweiser-1.jpg\" alt=\"Wanderwegnetz im Winter\" width=\"800\" height=\"533\" srcset=\"https:\/\/reiseblock.ch\/wordpress\/wp-content\/uploads\/2017\/11\/Wegweiser-1.jpg 800w, https:\/\/reiseblock.ch\/wordpress\/wp-content\/uploads\/2017\/11\/Wegweiser-1-300x200.jpg 300w, https:\/\/reiseblock.ch\/wordpress\/wp-content\/uploads\/2017\/11\/Wegweiser-1-768x512.jpg 768w\" sizes=\"auto, (max-width: 800px) 100vw, 800px\" \/><p id=\"caption-attachment-2284\" class=\"wp-caption-text\">Wanderwegnetz im Winter: Rote Schneefocken weisen den Weg.<\/p><\/div>\n<p><span style=\"font-family: Book Antiqua, Palatino; font-size: 12pt;\">Das hat den Vorteil, dass einerseits ein grosses Wandernetz zur Verf\u00fcgung steht und anderseits die Wege bei mehr oder weniger Schnee gut zu erwandern sind.\u00a0 <\/span><\/p>\n<div id=\"attachment_2285\" style=\"width: 810px\" class=\"wp-caption alignleft\"><img loading=\"lazy\" decoding=\"async\" aria-describedby=\"caption-attachment-2285\" class=\"size-full wp-image-2285\" src=\"http:\/\/reiseblock.ch\/wordpress\/wp-content\/uploads\/2017\/11\/Weg.jpg\" alt=\"Hohe Promenade in Davos\" width=\"800\" height=\"533\" srcset=\"https:\/\/reiseblock.ch\/wordpress\/wp-content\/uploads\/2017\/11\/Weg.jpg 800w, https:\/\/reiseblock.ch\/wordpress\/wp-content\/uploads\/2017\/11\/Weg-300x200.jpg 300w, https:\/\/reiseblock.ch\/wordpress\/wp-content\/uploads\/2017\/11\/Weg-768x512.jpg 768w\" sizes=\"auto, (max-width: 800px) 100vw, 800px\" \/><p id=\"caption-attachment-2285\" class=\"wp-caption-text\">Hohe Promenade in Davos<\/p><\/div>\n","protected":false},"excerpt":{"rendered":"<p>Es schneit! Es ist fast wie fr\u00fcher, als die kleinen Kinder vor Begeisterung an den Fensterscheiben geklebt haben. Auch mich hat es dieses Jahr auf [&#8230;]<\/p>\n","protected":false},"author":1,"featured_media":2282,"comment_status":"open","ping_status":"open","sticky":false,"template":"","format":"standard","meta":{"footnotes":""},"categories":[10],"tags":[296,295,203],"class_list":["post-2281","post","type-post","status-publish","format-standard","has-post-thumbnail","hentry","category-erlebt","tag-davos","tag-schneeflocken","tag-winterwandern"],"yoast_head":"<!-- This site is optimized with the Yoast SEO plugin v27.8 - https:\/\/yoast.com\/product\/yoast-seo-wordpress\/ -->\n<title>Die ersten Schneeflocken gesichtet &#8211; Reiseblock<\/title>\n<meta name=\"description\" content=\"Die ersten Schneeflocken sind immer faszinierend \u2013 f\u00fcr Kinder genauso wie f\u00fcr Erwachsene. Und sie lassen von den tief verschneiden Bergen tr\u00e4umen.\" \/>\n<meta name=\"robots\" content=\"index, follow, max-snippet:-1, max-image-preview:large, max-video-preview:-1\" \/>\n<link rel=\"canonical\" href=\"https:\/\/reiseblock.ch\/wordpress\/die-ersten-schneeflocken-gesichtet\/\" \/>\n<meta property=\"og:locale\" content=\"de_DE\" \/>\n<meta property=\"og:type\" content=\"article\" \/>\n<meta property=\"og:title\" content=\"Die ersten Schneeflocken gesichtet &#8211; Reiseblock\" \/>\n<meta property=\"og:description\" content=\"Die ersten Schneeflocken sind immer faszinierend \u2013 f\u00fcr Kinder genauso wie f\u00fcr Erwachsene. Und sie lassen von den tief verschneiden Bergen tr\u00e4umen.\" \/>\n<meta property=\"og:url\" content=\"https:\/\/reiseblock.ch\/wordpress\/die-ersten-schneeflocken-gesichtet\/\" \/>\n<meta property=\"og:site_name\" content=\"Reiseblock\" \/>\n<meta property=\"article:published_time\" content=\"2017-11-27T14:24:23+00:00\" \/>\n<meta property=\"article:modified_time\" content=\"2017-11-27T14:26:17+00:00\" \/>\n<meta property=\"og:image\" content=\"https:\/\/reiseblock.ch\/wordpress\/wp-content\/uploads\/2017\/11\/Schneeflocken.jpg\" \/>\n\t<meta property=\"og:image:width\" content=\"800\" \/>\n\t<meta property=\"og:image:height\" content=\"600\" \/>\n\t<meta property=\"og:image:type\" content=\"image\/jpeg\" \/>\n<meta name=\"author\" content=\"admin\" \/>\n<meta name=\"twitter:label1\" content=\"Verfasst von\" \/>\n\t<meta name=\"twitter:data1\" content=\"admin\" \/>\n\t<meta name=\"twitter:label2\" content=\"Gesch\u00e4tzte Lesezeit\" \/>\n\t<meta name=\"twitter:data2\" content=\"1\u00a0Minute\" \/>\n<script type=\"application\/ld+json\" class=\"yoast-schema-graph\">{\"@context\":\"https:\\\/\\\/schema.org\",\"@graph\":[{\"@type\":\"Article\",\"@id\":\"https:\\\/\\\/reiseblock.ch\\\/wordpress\\\/die-ersten-schneeflocken-gesichtet\\\/#article\",\"isPartOf\":{\"@id\":\"https:\\\/\\\/reiseblock.ch\\\/wordpress\\\/die-ersten-schneeflocken-gesichtet\\\/\"},\"author\":{\"name\":\"admin\",\"@id\":\"https:\\\/\\\/reiseblock.ch\\\/wordpress\\\/#\\\/schema\\\/person\\\/739b103f8e7941f579794d17e2187721\"},\"headline\":\"Die ersten Schneeflocken gesichtet\",\"datePublished\":\"2017-11-27T14:24:23+00:00\",\"dateModified\":\"2017-11-27T14:26:17+00:00\",\"mainEntityOfPage\":{\"@id\":\"https:\\\/\\\/reiseblock.ch\\\/wordpress\\\/die-ersten-schneeflocken-gesichtet\\\/\"},\"wordCount\":207,\"commentCount\":0,\"publisher\":{\"@id\":\"https:\\\/\\\/reiseblock.ch\\\/wordpress\\\/#\\\/schema\\\/person\\\/eafba14374f16d5fa4f73efd49243014\"},\"image\":{\"@id\":\"https:\\\/\\\/reiseblock.ch\\\/wordpress\\\/die-ersten-schneeflocken-gesichtet\\\/#primaryimage\"},\"thumbnailUrl\":\"https:\\\/\\\/reiseblock.ch\\\/wordpress\\\/wp-content\\\/uploads\\\/2017\\\/11\\\/Schneeflocken.jpg\",\"keywords\":[\"Davos\",\"Schneeflocken\",\"Winterwandern\"],\"articleSection\":[\"Erlebt\"],\"inLanguage\":\"de\",\"potentialAction\":[{\"@type\":\"CommentAction\",\"name\":\"Comment\",\"target\":[\"https:\\\/\\\/reiseblock.ch\\\/wordpress\\\/die-ersten-schneeflocken-gesichtet\\\/#respond\"]}]},{\"@type\":\"WebPage\",\"@id\":\"https:\\\/\\\/reiseblock.ch\\\/wordpress\\\/die-ersten-schneeflocken-gesichtet\\\/\",\"url\":\"https:\\\/\\\/reiseblock.ch\\\/wordpress\\\/die-ersten-schneeflocken-gesichtet\\\/\",\"name\":\"Die ersten Schneeflocken gesichtet &#8211; Reiseblock\",\"isPartOf\":{\"@id\":\"https:\\\/\\\/reiseblock.ch\\\/wordpress\\\/#website\"},\"primaryImageOfPage\":{\"@id\":\"https:\\\/\\\/reiseblock.ch\\\/wordpress\\\/die-ersten-schneeflocken-gesichtet\\\/#primaryimage\"},\"image\":{\"@id\":\"https:\\\/\\\/reiseblock.ch\\\/wordpress\\\/die-ersten-schneeflocken-gesichtet\\\/#primaryimage\"},\"thumbnailUrl\":\"https:\\\/\\\/reiseblock.ch\\\/wordpress\\\/wp-content\\\/uploads\\\/2017\\\/11\\\/Schneeflocken.jpg\",\"datePublished\":\"2017-11-27T14:24:23+00:00\",\"dateModified\":\"2017-11-27T14:26:17+00:00\",\"description\":\"Die ersten Schneeflocken sind immer faszinierend \u2013 f\u00fcr Kinder genauso wie f\u00fcr Erwachsene. Und sie lassen von den tief verschneiden Bergen tr\u00e4umen.\",\"breadcrumb\":{\"@id\":\"https:\\\/\\\/reiseblock.ch\\\/wordpress\\\/die-ersten-schneeflocken-gesichtet\\\/#breadcrumb\"},\"inLanguage\":\"de\",\"potentialAction\":[{\"@type\":\"ReadAction\",\"target\":[\"https:\\\/\\\/reiseblock.ch\\\/wordpress\\\/die-ersten-schneeflocken-gesichtet\\\/\"]}]},{\"@type\":\"ImageObject\",\"inLanguage\":\"de\",\"@id\":\"https:\\\/\\\/reiseblock.ch\\\/wordpress\\\/die-ersten-schneeflocken-gesichtet\\\/#primaryimage\",\"url\":\"https:\\\/\\\/reiseblock.ch\\\/wordpress\\\/wp-content\\\/uploads\\\/2017\\\/11\\\/Schneeflocken.jpg\",\"contentUrl\":\"https:\\\/\\\/reiseblock.ch\\\/wordpress\\\/wp-content\\\/uploads\\\/2017\\\/11\\\/Schneeflocken.jpg\",\"width\":800,\"height\":600,\"caption\":\"Ein paar kl\u00e4gliche Schneeflocken sind auf dem Balkon auszumachen\"},{\"@type\":\"BreadcrumbList\",\"@id\":\"https:\\\/\\\/reiseblock.ch\\\/wordpress\\\/die-ersten-schneeflocken-gesichtet\\\/#breadcrumb\",\"itemListElement\":[{\"@type\":\"ListItem\",\"position\":1,\"name\":\"Home\",\"item\":\"https:\\\/\\\/reiseblock.ch\\\/wordpress\\\/\"},{\"@type\":\"ListItem\",\"position\":2,\"name\":\"Die ersten Schneeflocken gesichtet\"}]},{\"@type\":\"WebSite\",\"@id\":\"https:\\\/\\\/reiseblock.ch\\\/wordpress\\\/#website\",\"url\":\"https:\\\/\\\/reiseblock.ch\\\/wordpress\\\/\",\"name\":\"Reiseblock\",\"description\":\"Ursula Kohlers ReiseWeise\",\"publisher\":{\"@id\":\"https:\\\/\\\/reiseblock.ch\\\/wordpress\\\/#\\\/schema\\\/person\\\/eafba14374f16d5fa4f73efd49243014\"},\"potentialAction\":[{\"@type\":\"SearchAction\",\"target\":{\"@type\":\"EntryPoint\",\"urlTemplate\":\"https:\\\/\\\/reiseblock.ch\\\/wordpress\\\/?s={search_term_string}\"},\"query-input\":{\"@type\":\"PropertyValueSpecification\",\"valueRequired\":true,\"valueName\":\"search_term_string\"}}],\"inLanguage\":\"de\"},{\"@type\":[\"Person\",\"Organization\"],\"@id\":\"https:\\\/\\\/reiseblock.ch\\\/wordpress\\\/#\\\/schema\\\/person\\\/eafba14374f16d5fa4f73efd49243014\",\"name\":\"Ursula Kohler\",\"image\":{\"@type\":\"ImageObject\",\"inLanguage\":\"de\",\"@id\":\"https:\\\/\\\/secure.gravatar.com\\\/avatar\\\/014d9b9a971f617638f4298cbb55f92d20b3bf0d1c9cc32f65333b2769bcf867?s=96&d=blank&r=g\",\"url\":\"https:\\\/\\\/secure.gravatar.com\\\/avatar\\\/014d9b9a971f617638f4298cbb55f92d20b3bf0d1c9cc32f65333b2769bcf867?s=96&d=blank&r=g\",\"contentUrl\":\"https:\\\/\\\/secure.gravatar.com\\\/avatar\\\/014d9b9a971f617638f4298cbb55f92d20b3bf0d1c9cc32f65333b2769bcf867?s=96&d=blank&r=g\",\"caption\":\"Ursula Kohler\"},\"logo\":{\"@id\":\"https:\\\/\\\/secure.gravatar.com\\\/avatar\\\/014d9b9a971f617638f4298cbb55f92d20b3bf0d1c9cc32f65333b2769bcf867?s=96&d=blank&r=g\"}},{\"@type\":\"Person\",\"@id\":\"https:\\\/\\\/reiseblock.ch\\\/wordpress\\\/#\\\/schema\\\/person\\\/739b103f8e7941f579794d17e2187721\",\"name\":\"admin\",\"image\":{\"@type\":\"ImageObject\",\"inLanguage\":\"de\",\"@id\":\"https:\\\/\\\/secure.gravatar.com\\\/avatar\\\/a0f702f22ecd58ce02800a54cb2055cabe1fa8d7cf75ab377ce2f2b8503f188c?s=96&d=blank&r=g\",\"url\":\"https:\\\/\\\/secure.gravatar.com\\\/avatar\\\/a0f702f22ecd58ce02800a54cb2055cabe1fa8d7cf75ab377ce2f2b8503f188c?s=96&d=blank&r=g\",\"contentUrl\":\"https:\\\/\\\/secure.gravatar.com\\\/avatar\\\/a0f702f22ecd58ce02800a54cb2055cabe1fa8d7cf75ab377ce2f2b8503f188c?s=96&d=blank&r=g\",\"caption\":\"admin\"},\"url\":\"https:\\\/\\\/reiseblock.ch\\\/wordpress\\\/author\\\/admin\\\/\"}]}<\/script>\n<!-- \/ Yoast SEO plugin. -->","yoast_head_json":{"title":"Die ersten Schneeflocken gesichtet &#8211; Reiseblock","description":"Die ersten Schneeflocken sind immer faszinierend \u2013 f\u00fcr Kinder genauso wie f\u00fcr Erwachsene. Und sie lassen von den tief verschneiden Bergen tr\u00e4umen.","robots":{"index":"index","follow":"follow","max-snippet":"max-snippet:-1","max-image-preview":"max-image-preview:large","max-video-preview":"max-video-preview:-1"},"canonical":"https:\/\/reiseblock.ch\/wordpress\/die-ersten-schneeflocken-gesichtet\/","og_locale":"de_DE","og_type":"article","og_title":"Die ersten Schneeflocken gesichtet &#8211; Reiseblock","og_description":"Die ersten Schneeflocken sind immer faszinierend \u2013 f\u00fcr Kinder genauso wie f\u00fcr Erwachsene. Und sie lassen von den tief verschneiden Bergen tr\u00e4umen.","og_url":"https:\/\/reiseblock.ch\/wordpress\/die-ersten-schneeflocken-gesichtet\/","og_site_name":"Reiseblock","article_published_time":"2017-11-27T14:24:23+00:00","article_modified_time":"2017-11-27T14:26:17+00:00","og_image":[{"width":800,"height":600,"url":"https:\/\/reiseblock.ch\/wordpress\/wp-content\/uploads\/2017\/11\/Schneeflocken.jpg","type":"image\/jpeg"}],"author":"admin","twitter_misc":{"Verfasst von":"admin","Gesch\u00e4tzte Lesezeit":"1\u00a0Minute"},"schema":{"@context":"https:\/\/schema.org","@graph":[{"@type":"Article","@id":"https:\/\/reiseblock.ch\/wordpress\/die-ersten-schneeflocken-gesichtet\/#article","isPartOf":{"@id":"https:\/\/reiseblock.ch\/wordpress\/die-ersten-schneeflocken-gesichtet\/"},"author":{"name":"admin","@id":"https:\/\/reiseblock.ch\/wordpress\/#\/schema\/person\/739b103f8e7941f579794d17e2187721"},"headline":"Die ersten Schneeflocken gesichtet","datePublished":"2017-11-27T14:24:23+00:00","dateModified":"2017-11-27T14:26:17+00:00","mainEntityOfPage":{"@id":"https:\/\/reiseblock.ch\/wordpress\/die-ersten-schneeflocken-gesichtet\/"},"wordCount":207,"commentCount":0,"publisher":{"@id":"https:\/\/reiseblock.ch\/wordpress\/#\/schema\/person\/eafba14374f16d5fa4f73efd49243014"},"image":{"@id":"https:\/\/reiseblock.ch\/wordpress\/die-ersten-schneeflocken-gesichtet\/#primaryimage"},"thumbnailUrl":"https:\/\/reiseblock.ch\/wordpress\/wp-content\/uploads\/2017\/11\/Schneeflocken.jpg","keywords":["Davos","Schneeflocken","Winterwandern"],"articleSection":["Erlebt"],"inLanguage":"de","potentialAction":[{"@type":"CommentAction","name":"Comment","target":["https:\/\/reiseblock.ch\/wordpress\/die-ersten-schneeflocken-gesichtet\/#respond"]}]},{"@type":"WebPage","@id":"https:\/\/reiseblock.ch\/wordpress\/die-ersten-schneeflocken-gesichtet\/","url":"https:\/\/reiseblock.ch\/wordpress\/die-ersten-schneeflocken-gesichtet\/","name":"Die ersten Schneeflocken gesichtet &#8211; Reiseblock","isPartOf":{"@id":"https:\/\/reiseblock.ch\/wordpress\/#website"},"primaryImageOfPage":{"@id":"https:\/\/reiseblock.ch\/wordpress\/die-ersten-schneeflocken-gesichtet\/#primaryimage"},"image":{"@id":"https:\/\/reiseblock.ch\/wordpress\/die-ersten-schneeflocken-gesichtet\/#primaryimage"},"thumbnailUrl":"https:\/\/reiseblock.ch\/wordpress\/wp-content\/uploads\/2017\/11\/Schneeflocken.jpg","datePublished":"2017-11-27T14:24:23+00:00","dateModified":"2017-11-27T14:26:17+00:00","description":"Die ersten Schneeflocken sind immer faszinierend \u2013 f\u00fcr Kinder genauso wie f\u00fcr Erwachsene. Und sie lassen von den tief verschneiden Bergen tr\u00e4umen.","breadcrumb":{"@id":"https:\/\/reiseblock.ch\/wordpress\/die-ersten-schneeflocken-gesichtet\/#breadcrumb"},"inLanguage":"de","potentialAction":[{"@type":"ReadAction","target":["https:\/\/reiseblock.ch\/wordpress\/die-ersten-schneeflocken-gesichtet\/"]}]},{"@type":"ImageObject","inLanguage":"de","@id":"https:\/\/reiseblock.ch\/wordpress\/die-ersten-schneeflocken-gesichtet\/#primaryimage","url":"https:\/\/reiseblock.ch\/wordpress\/wp-content\/uploads\/2017\/11\/Schneeflocken.jpg","contentUrl":"https:\/\/reiseblock.ch\/wordpress\/wp-content\/uploads\/2017\/11\/Schneeflocken.jpg","width":800,"height":600,"caption":"Ein paar kl\u00e4gliche Schneeflocken sind auf dem Balkon auszumachen"},{"@type":"BreadcrumbList","@id":"https:\/\/reiseblock.ch\/wordpress\/die-ersten-schneeflocken-gesichtet\/#breadcrumb","itemListElement":[{"@type":"ListItem","position":1,"name":"Home","item":"https:\/\/reiseblock.ch\/wordpress\/"},{"@type":"ListItem","position":2,"name":"Die ersten Schneeflocken gesichtet"}]},{"@type":"WebSite","@id":"https:\/\/reiseblock.ch\/wordpress\/#website","url":"https:\/\/reiseblock.ch\/wordpress\/","name":"Reiseblock","description":"Ursula Kohlers ReiseWeise","publisher":{"@id":"https:\/\/reiseblock.ch\/wordpress\/#\/schema\/person\/eafba14374f16d5fa4f73efd49243014"},"potentialAction":[{"@type":"SearchAction","target":{"@type":"EntryPoint","urlTemplate":"https:\/\/reiseblock.ch\/wordpress\/?s={search_term_string}"},"query-input":{"@type":"PropertyValueSpecification","valueRequired":true,"valueName":"search_term_string"}}],"inLanguage":"de"},{"@type":["Person","Organization"],"@id":"https:\/\/reiseblock.ch\/wordpress\/#\/schema\/person\/eafba14374f16d5fa4f73efd49243014","name":"Ursula Kohler","image":{"@type":"ImageObject","inLanguage":"de","@id":"https:\/\/secure.gravatar.com\/avatar\/014d9b9a971f617638f4298cbb55f92d20b3bf0d1c9cc32f65333b2769bcf867?s=96&d=blank&r=g","url":"https:\/\/secure.gravatar.com\/avatar\/014d9b9a971f617638f4298cbb55f92d20b3bf0d1c9cc32f65333b2769bcf867?s=96&d=blank&r=g","contentUrl":"https:\/\/secure.gravatar.com\/avatar\/014d9b9a971f617638f4298cbb55f92d20b3bf0d1c9cc32f65333b2769bcf867?s=96&d=blank&r=g","caption":"Ursula Kohler"},"logo":{"@id":"https:\/\/secure.gravatar.com\/avatar\/014d9b9a971f617638f4298cbb55f92d20b3bf0d1c9cc32f65333b2769bcf867?s=96&d=blank&r=g"}},{"@type":"Person","@id":"https:\/\/reiseblock.ch\/wordpress\/#\/schema\/person\/739b103f8e7941f579794d17e2187721","name":"admin","image":{"@type":"ImageObject","inLanguage":"de","@id":"https:\/\/secure.gravatar.com\/avatar\/a0f702f22ecd58ce02800a54cb2055cabe1fa8d7cf75ab377ce2f2b8503f188c?s=96&d=blank&r=g","url":"https:\/\/secure.gravatar.com\/avatar\/a0f702f22ecd58ce02800a54cb2055cabe1fa8d7cf75ab377ce2f2b8503f188c?s=96&d=blank&r=g","contentUrl":"https:\/\/secure.gravatar.com\/avatar\/a0f702f22ecd58ce02800a54cb2055cabe1fa8d7cf75ab377ce2f2b8503f188c?s=96&d=blank&r=g","caption":"admin"},"url":"https:\/\/reiseblock.ch\/wordpress\/author\/admin\/"}]}},"_links":{"self":[{"href":"https:\/\/reiseblock.ch\/wordpress\/wp-json\/wp\/v2\/posts\/2281","targetHints":{"allow":["GET"]}}],"collection":[{"href":"https:\/\/reiseblock.ch\/wordpress\/wp-json\/wp\/v2\/posts"}],"about":[{"href":"https:\/\/reiseblock.ch\/wordpress\/wp-json\/wp\/v2\/types\/post"}],"author":[{"embeddable":true,"href":"https:\/\/reiseblock.ch\/wordpress\/wp-json\/wp\/v2\/users\/1"}],"replies":[{"embeddable":true,"href":"https:\/\/reiseblock.ch\/wordpress\/wp-json\/wp\/v2\/comments?post=2281"}],"version-history":[{"count":2,"href":"https:\/\/reiseblock.ch\/wordpress\/wp-json\/wp\/v2\/posts\/2281\/revisions"}],"predecessor-version":[{"id":2287,"href":"https:\/\/reiseblock.ch\/wordpress\/wp-json\/wp\/v2\/posts\/2281\/revisions\/2287"}],"wp:featuredmedia":[{"embeddable":true,"href":"https:\/\/reiseblock.ch\/wordpress\/wp-json\/wp\/v2\/media\/2282"}],"wp:attachment":[{"href":"https:\/\/reiseblock.ch\/wordpress\/wp-json\/wp\/v2\/media?parent=2281"}],"wp:term":[{"taxonomy":"category","embeddable":true,"href":"https:\/\/reiseblock.ch\/wordpress\/wp-json\/wp\/v2\/categories?post=2281"},{"taxonomy":"post_tag","embeddable":true,"href":"https:\/\/reiseblock.ch\/wordpress\/wp-json\/wp\/v2\/tags?post=2281"}],"curies":[{"name":"wp","href":"https:\/\/api.w.org\/{rel}","templated":true}]}}