{"id":2269,"date":"2017-11-19T21:48:35","date_gmt":"2017-11-19T20:48:35","guid":{"rendered":"http:\/\/reiseblock.ch\/?p=2269"},"modified":"2017-11-19T21:50:56","modified_gmt":"2017-11-19T20:50:56","slug":"luzern-im-november","status":"publish","type":"post","link":"https:\/\/reiseblock.ch\/wordpress\/luzern-im-november\/","title":{"rendered":"Luzern im November"},"content":{"rendered":"<div id=\"attachment_2273\" style=\"width: 810px\" class=\"wp-caption alignleft\"><img loading=\"lazy\" decoding=\"async\" aria-describedby=\"caption-attachment-2273\" class=\"size-full wp-image-2273\" src=\"http:\/\/reiseblock.ch\/wordpress\/wp-content\/uploads\/2017\/11\/Luzern_Stadt.jpg\" alt=\"Luzern\" width=\"800\" height=\"600\" srcset=\"https:\/\/reiseblock.ch\/wordpress\/wp-content\/uploads\/2017\/11\/Luzern_Stadt.jpg 800w, https:\/\/reiseblock.ch\/wordpress\/wp-content\/uploads\/2017\/11\/Luzern_Stadt-300x225.jpg 300w, https:\/\/reiseblock.ch\/wordpress\/wp-content\/uploads\/2017\/11\/Luzern_Stadt-768x576.jpg 768w\" sizes=\"auto, (max-width: 800px) 100vw, 800px\" \/><p id=\"caption-attachment-2273\" class=\"wp-caption-text\">Luzern<\/p><\/div>\n<p><span style=\"font-family: Book Antiqua, Palatino; font-size: 12pt;\">Was macht man an einem (wirklich) verregneten Novembertag in Luzern? Das ist gar nicht schwierig, sondern eher eine Frage der Qual der Wahl. F\u00fcr Musikliebhaber gibts gleich zwei Festivals, im Natur-Museum kann man sich mit Kr\u00e4utern befassen, auf dem Schiff das Mittagessen einnehmen oder sich durch die Stadt f\u00fchren lassen.<br \/>\n<\/span><\/p>\n<p><!--more--><\/p>\n<div id=\"attachment_2277\" style=\"width: 810px\" class=\"wp-caption alignleft\"><img loading=\"lazy\" decoding=\"async\" aria-describedby=\"caption-attachment-2277\" class=\"size-full wp-image-2277\" src=\"http:\/\/reiseblock.ch\/wordpress\/wp-content\/uploads\/2017\/11\/Schiff.jpg\" alt=\"Mit dem Schiff auf den Vierwaldst\u00e4ttersee (Foto Nina Kohler)\" width=\"800\" height=\"533\" srcset=\"https:\/\/reiseblock.ch\/wordpress\/wp-content\/uploads\/2017\/11\/Schiff.jpg 800w, https:\/\/reiseblock.ch\/wordpress\/wp-content\/uploads\/2017\/11\/Schiff-300x200.jpg 300w, https:\/\/reiseblock.ch\/wordpress\/wp-content\/uploads\/2017\/11\/Schiff-768x512.jpg 768w\" sizes=\"auto, (max-width: 800px) 100vw, 800px\" \/><p id=\"caption-attachment-2277\" class=\"wp-caption-text\">Mit dem Schiff auf den Vierwaldst\u00e4ttersee (Foto Nina Kohler)<\/p><\/div>\n<p><span style=\"font-family: Book Antiqua, Palatino;\"><span style=\"font-size: 12pt;\">Mich hat an diesem Tag etwas ganz anderes nach Luzern gef\u00fchrt: die Vernissage von Jos\u00e9 Amreins erstem Roman <a href=\"http:\/\/www.praxis-amrein.ch\/erzaehlung-neu\/\" target=\"_blank\" rel=\"noopener\">\u00abDas Geheimnis der Katzenfrau\u00bb<\/a> \u2013 eine Liebesgeschichte aus dem Kanton Uri und Mexiko. <\/span><\/span><span style=\"font-size: 12pt; font-family: Book Antiqua, Palatino;\">Die Erz\u00e4hlung dreht sich \u00abin heiterer und zugleich tiefgr\u00fcndiger Art um die Themen Sprachlosigkeit und Vergangenheitsbew\u00e4ltigung\u00bb. Als Lektorin des Textes kann ich das Buch w\u00e4rmstens empfehlen.<\/span><\/p>\n<p><span style=\"font-family: Book Antiqua, Palatino; font-size: 12pt;\">Luzern\u00a0 \u2013 dazu geh\u00f6ren nat\u00fcrlich auch die Wahrzeichen der Stadt: Seit der Er\u00f6ffnung im Jahr 2000 ist das zum Beispiel das Kultur- und Kongresszentrum <a href=\"https:\/\/www.kkl-luzern.ch\/de\/\" target=\"_blank\" rel=\"noopener\">KKL<\/a>, ein Konzerthaus, das f\u00fcr seine Architektur und Akustik ber\u00fchmt ist. <\/span><\/p>\n<div id=\"attachment_2274\" style=\"width: 810px\" class=\"wp-caption alignleft\"><img loading=\"lazy\" decoding=\"async\" aria-describedby=\"caption-attachment-2274\" class=\"size-full wp-image-2274\" src=\"http:\/\/reiseblock.ch\/wordpress\/wp-content\/uploads\/2017\/11\/KKL.jpg\" alt=\"Das KKL direkt neben dem Bahnhof am See (Foto Nina Kohler)\" width=\"800\" height=\"533\" srcset=\"https:\/\/reiseblock.ch\/wordpress\/wp-content\/uploads\/2017\/11\/KKL.jpg 800w, https:\/\/reiseblock.ch\/wordpress\/wp-content\/uploads\/2017\/11\/KKL-300x200.jpg 300w, https:\/\/reiseblock.ch\/wordpress\/wp-content\/uploads\/2017\/11\/KKL-768x512.jpg 768w\" sizes=\"auto, (max-width: 800px) 100vw, 800px\" \/><p id=\"caption-attachment-2274\" class=\"wp-caption-text\">Das KKL direkt neben dem Bahnhof am See (Foto Nina Kohler)<\/p><\/div>\n<p><span style=\"font-family: Book Antiqua, Palatino; font-size: 12pt;\">Das Anziehungsmagnet in Luzern ist definitiv die Kapellbr\u00fccke mit dem Wasserturm. In 204 Metern f\u00fchrt sie \u00fcber die Reuss. Ihr Ursprung geht ins 14. Jahrhundert zur\u00fcck. 1993 brannte die Br\u00fccke fast vollst\u00e4ndig nieder und wurde in k\u00fcrzester Zeit wieder aufgebaut.<br \/>\n<\/span><\/p>\n<div id=\"attachment_2276\" style=\"width: 810px\" class=\"wp-caption alignleft\"><img loading=\"lazy\" decoding=\"async\" aria-describedby=\"caption-attachment-2276\" class=\"size-full wp-image-2276\" src=\"http:\/\/reiseblock.ch\/wordpress\/wp-content\/uploads\/2017\/11\/c0d12ed7370072a59bf0281096197c7c.jpg\" alt=\"Die br\u00fchmte Kapellbr\u00fccke\" width=\"800\" height=\"533\" srcset=\"https:\/\/reiseblock.ch\/wordpress\/wp-content\/uploads\/2017\/11\/c0d12ed7370072a59bf0281096197c7c.jpg 800w, https:\/\/reiseblock.ch\/wordpress\/wp-content\/uploads\/2017\/11\/c0d12ed7370072a59bf0281096197c7c-300x200.jpg 300w, https:\/\/reiseblock.ch\/wordpress\/wp-content\/uploads\/2017\/11\/c0d12ed7370072a59bf0281096197c7c-768x512.jpg 768w\" sizes=\"auto, (max-width: 800px) 100vw, 800px\" \/><p id=\"caption-attachment-2276\" class=\"wp-caption-text\">Die br\u00fchmte Kapellbr\u00fccke<\/p><\/div>\n<p><span style=\"font-family: Book Antiqua, Palatino; font-size: 12pt;\">Neben der Kapellbr\u00fccke gibt es in Luzern eine andere Br\u00fccke, die <a href=\"http:\/\/www.luzern.com\/de\/sightseeing-fuehrungen\/sehenswuerdigkeiten\/spreuerbruecke\" target=\"_blank\" rel=\"noopener\">Spreuerbr\u00fccke<\/a>, die ihrem ber\u00fchmtem Nachbarn eigentlich in nichts nachsteht. Als ich zum ersten Mal zuf\u00e4llig mit dem Velo daran vorbeifuhr, war ich ziemlich verwirrt, gleicht sie doch der Kapellbr\u00fccke um einiges. Nach dem Brand der Kapellbr\u00fccke ist sie die \u00e4lteste Hozbr\u00fccke der Schweiz. Ihr Name geht \u00fcbrigens darauf zur\u00fcck, dass sie dazu diente, den Spreu der Stadtm\u00fchlen in die Reuss zu kippen.<\/span><\/p>\n<div id=\"attachment_2275\" style=\"width: 810px\" class=\"wp-caption alignleft\"><img loading=\"lazy\" decoding=\"async\" aria-describedby=\"caption-attachment-2275\" class=\"size-full wp-image-2275\" src=\"http:\/\/reiseblock.ch\/wordpress\/wp-content\/uploads\/2017\/11\/64bd6b142fedc1822c14ce8189d4b573.jpg\" alt=\"Die Spreuerbr\u00fccke gleicht ihrem ber\u00fchmten Nachbarn, der Kapellbr\u00fccke\" width=\"800\" height=\"533\" srcset=\"https:\/\/reiseblock.ch\/wordpress\/wp-content\/uploads\/2017\/11\/64bd6b142fedc1822c14ce8189d4b573.jpg 800w, https:\/\/reiseblock.ch\/wordpress\/wp-content\/uploads\/2017\/11\/64bd6b142fedc1822c14ce8189d4b573-300x200.jpg 300w, https:\/\/reiseblock.ch\/wordpress\/wp-content\/uploads\/2017\/11\/64bd6b142fedc1822c14ce8189d4b573-768x512.jpg 768w\" sizes=\"auto, (max-width: 800px) 100vw, 800px\" \/><p id=\"caption-attachment-2275\" class=\"wp-caption-text\">Die Spreuerbr\u00fccke gleicht ihrem ber\u00fchmten Nachbarn, der Kapellbr\u00fccke<\/p><\/div>\n","protected":false},"excerpt":{"rendered":"<p>Was macht man an einem (wirklich) verregneten Novembertag in Luzern? Das ist gar nicht schwierig, sondern eher eine Frage der Qual der Wahl. F\u00fcr Musikliebhaber [&#8230;]<\/p>\n","protected":false},"author":1,"featured_media":2277,"comment_status":"open","ping_status":"open","sticky":false,"template":"","format":"standard","meta":{"footnotes":""},"categories":[8],"tags":[293,292,54,294,141],"class_list":["post-2269","post","type-post","status-publish","format-standard","has-post-thumbnail","hentry","category-tipp","tag-kapellbruecke","tag-kkl","tag-luzern","tag-schiff","tag-spreuerbruecke"],"yoast_head":"<!-- This site is optimized with the Yoast SEO plugin v27.8 - https:\/\/yoast.com\/product\/yoast-seo-wordpress\/ -->\n<title>Luzern im November &#8211; Reiseblock<\/title>\n<meta name=\"description\" content=\"Was macht man an einem regnerischen Tag in Luzern? Viel mehr, als man denken k\u00f6nnte. Die Stadt ist bei jedem Wetter und zu jeder Jahreszeit eine Reise wert.\" \/>\n<meta name=\"robots\" content=\"index, follow, max-snippet:-1, max-image-preview:large, max-video-preview:-1\" \/>\n<link rel=\"canonical\" href=\"https:\/\/reiseblock.ch\/wordpress\/luzern-im-november\/\" \/>\n<meta property=\"og:locale\" content=\"de_DE\" \/>\n<meta property=\"og:type\" content=\"article\" \/>\n<meta property=\"og:title\" content=\"Luzern im November &#8211; Reiseblock\" \/>\n<meta property=\"og:description\" content=\"Was macht man an einem regnerischen Tag in Luzern? Viel mehr, als man denken k\u00f6nnte. Die Stadt ist bei jedem Wetter und zu jeder Jahreszeit eine Reise wert.\" \/>\n<meta property=\"og:url\" content=\"https:\/\/reiseblock.ch\/wordpress\/luzern-im-november\/\" \/>\n<meta property=\"og:site_name\" content=\"Reiseblock\" \/>\n<meta property=\"article:published_time\" content=\"2017-11-19T20:48:35+00:00\" \/>\n<meta property=\"article:modified_time\" content=\"2017-11-19T20:50:56+00:00\" \/>\n<meta property=\"og:image\" content=\"https:\/\/reiseblock.ch\/wordpress\/wp-content\/uploads\/2017\/11\/Schiff.jpg\" \/>\n\t<meta property=\"og:image:width\" content=\"800\" \/>\n\t<meta property=\"og:image:height\" content=\"533\" \/>\n\t<meta property=\"og:image:type\" content=\"image\/jpeg\" \/>\n<meta name=\"author\" content=\"admin\" \/>\n<meta name=\"twitter:label1\" content=\"Verfasst von\" \/>\n\t<meta name=\"twitter:data1\" content=\"admin\" \/>\n\t<meta name=\"twitter:label2\" content=\"Gesch\u00e4tzte Lesezeit\" \/>\n\t<meta name=\"twitter:data2\" content=\"2\u00a0Minuten\" \/>\n<script type=\"application\/ld+json\" class=\"yoast-schema-graph\">{\"@context\":\"https:\\\/\\\/schema.org\",\"@graph\":[{\"@type\":\"Article\",\"@id\":\"https:\\\/\\\/reiseblock.ch\\\/wordpress\\\/luzern-im-november\\\/#article\",\"isPartOf\":{\"@id\":\"https:\\\/\\\/reiseblock.ch\\\/wordpress\\\/luzern-im-november\\\/\"},\"author\":{\"name\":\"admin\",\"@id\":\"https:\\\/\\\/reiseblock.ch\\\/wordpress\\\/#\\\/schema\\\/person\\\/739b103f8e7941f579794d17e2187721\"},\"headline\":\"Luzern im November\",\"datePublished\":\"2017-11-19T20:48:35+00:00\",\"dateModified\":\"2017-11-19T20:50:56+00:00\",\"mainEntityOfPage\":{\"@id\":\"https:\\\/\\\/reiseblock.ch\\\/wordpress\\\/luzern-im-november\\\/\"},\"wordCount\":354,\"commentCount\":0,\"publisher\":{\"@id\":\"https:\\\/\\\/reiseblock.ch\\\/wordpress\\\/#\\\/schema\\\/person\\\/eafba14374f16d5fa4f73efd49243014\"},\"image\":{\"@id\":\"https:\\\/\\\/reiseblock.ch\\\/wordpress\\\/luzern-im-november\\\/#primaryimage\"},\"thumbnailUrl\":\"https:\\\/\\\/reiseblock.ch\\\/wordpress\\\/wp-content\\\/uploads\\\/2017\\\/11\\\/Schiff.jpg\",\"keywords\":[\"Kapellbr\u00fccke\",\"KKL\",\"Luzern\",\"Schiff\",\"Spreuerbr\u00fccke\"],\"articleSection\":[\"Tipp\"],\"inLanguage\":\"de\",\"potentialAction\":[{\"@type\":\"CommentAction\",\"name\":\"Comment\",\"target\":[\"https:\\\/\\\/reiseblock.ch\\\/wordpress\\\/luzern-im-november\\\/#respond\"]}]},{\"@type\":\"WebPage\",\"@id\":\"https:\\\/\\\/reiseblock.ch\\\/wordpress\\\/luzern-im-november\\\/\",\"url\":\"https:\\\/\\\/reiseblock.ch\\\/wordpress\\\/luzern-im-november\\\/\",\"name\":\"Luzern im November &#8211; Reiseblock\",\"isPartOf\":{\"@id\":\"https:\\\/\\\/reiseblock.ch\\\/wordpress\\\/#website\"},\"primaryImageOfPage\":{\"@id\":\"https:\\\/\\\/reiseblock.ch\\\/wordpress\\\/luzern-im-november\\\/#primaryimage\"},\"image\":{\"@id\":\"https:\\\/\\\/reiseblock.ch\\\/wordpress\\\/luzern-im-november\\\/#primaryimage\"},\"thumbnailUrl\":\"https:\\\/\\\/reiseblock.ch\\\/wordpress\\\/wp-content\\\/uploads\\\/2017\\\/11\\\/Schiff.jpg\",\"datePublished\":\"2017-11-19T20:48:35+00:00\",\"dateModified\":\"2017-11-19T20:50:56+00:00\",\"description\":\"Was macht man an einem regnerischen Tag in Luzern? Viel mehr, als man denken k\u00f6nnte. Die Stadt ist bei jedem Wetter und zu jeder Jahreszeit eine Reise wert.\",\"breadcrumb\":{\"@id\":\"https:\\\/\\\/reiseblock.ch\\\/wordpress\\\/luzern-im-november\\\/#breadcrumb\"},\"inLanguage\":\"de\",\"potentialAction\":[{\"@type\":\"ReadAction\",\"target\":[\"https:\\\/\\\/reiseblock.ch\\\/wordpress\\\/luzern-im-november\\\/\"]}]},{\"@type\":\"ImageObject\",\"inLanguage\":\"de\",\"@id\":\"https:\\\/\\\/reiseblock.ch\\\/wordpress\\\/luzern-im-november\\\/#primaryimage\",\"url\":\"https:\\\/\\\/reiseblock.ch\\\/wordpress\\\/wp-content\\\/uploads\\\/2017\\\/11\\\/Schiff.jpg\",\"contentUrl\":\"https:\\\/\\\/reiseblock.ch\\\/wordpress\\\/wp-content\\\/uploads\\\/2017\\\/11\\\/Schiff.jpg\",\"width\":800,\"height\":533,\"caption\":\"Mit dem Schiff auf den Vierwaldst\u00e4ttersee (Foto Nina Kohler)\"},{\"@type\":\"BreadcrumbList\",\"@id\":\"https:\\\/\\\/reiseblock.ch\\\/wordpress\\\/luzern-im-november\\\/#breadcrumb\",\"itemListElement\":[{\"@type\":\"ListItem\",\"position\":1,\"name\":\"Home\",\"item\":\"https:\\\/\\\/reiseblock.ch\\\/wordpress\\\/\"},{\"@type\":\"ListItem\",\"position\":2,\"name\":\"Luzern im November\"}]},{\"@type\":\"WebSite\",\"@id\":\"https:\\\/\\\/reiseblock.ch\\\/wordpress\\\/#website\",\"url\":\"https:\\\/\\\/reiseblock.ch\\\/wordpress\\\/\",\"name\":\"Reiseblock\",\"description\":\"Ursula Kohlers ReiseWeise\",\"publisher\":{\"@id\":\"https:\\\/\\\/reiseblock.ch\\\/wordpress\\\/#\\\/schema\\\/person\\\/eafba14374f16d5fa4f73efd49243014\"},\"potentialAction\":[{\"@type\":\"SearchAction\",\"target\":{\"@type\":\"EntryPoint\",\"urlTemplate\":\"https:\\\/\\\/reiseblock.ch\\\/wordpress\\\/?s={search_term_string}\"},\"query-input\":{\"@type\":\"PropertyValueSpecification\",\"valueRequired\":true,\"valueName\":\"search_term_string\"}}],\"inLanguage\":\"de\"},{\"@type\":[\"Person\",\"Organization\"],\"@id\":\"https:\\\/\\\/reiseblock.ch\\\/wordpress\\\/#\\\/schema\\\/person\\\/eafba14374f16d5fa4f73efd49243014\",\"name\":\"Ursula Kohler\",\"image\":{\"@type\":\"ImageObject\",\"inLanguage\":\"de\",\"@id\":\"https:\\\/\\\/secure.gravatar.com\\\/avatar\\\/014d9b9a971f617638f4298cbb55f92d20b3bf0d1c9cc32f65333b2769bcf867?s=96&d=blank&r=g\",\"url\":\"https:\\\/\\\/secure.gravatar.com\\\/avatar\\\/014d9b9a971f617638f4298cbb55f92d20b3bf0d1c9cc32f65333b2769bcf867?s=96&d=blank&r=g\",\"contentUrl\":\"https:\\\/\\\/secure.gravatar.com\\\/avatar\\\/014d9b9a971f617638f4298cbb55f92d20b3bf0d1c9cc32f65333b2769bcf867?s=96&d=blank&r=g\",\"caption\":\"Ursula Kohler\"},\"logo\":{\"@id\":\"https:\\\/\\\/secure.gravatar.com\\\/avatar\\\/014d9b9a971f617638f4298cbb55f92d20b3bf0d1c9cc32f65333b2769bcf867?s=96&d=blank&r=g\"}},{\"@type\":\"Person\",\"@id\":\"https:\\\/\\\/reiseblock.ch\\\/wordpress\\\/#\\\/schema\\\/person\\\/739b103f8e7941f579794d17e2187721\",\"name\":\"admin\",\"image\":{\"@type\":\"ImageObject\",\"inLanguage\":\"de\",\"@id\":\"https:\\\/\\\/secure.gravatar.com\\\/avatar\\\/a0f702f22ecd58ce02800a54cb2055cabe1fa8d7cf75ab377ce2f2b8503f188c?s=96&d=blank&r=g\",\"url\":\"https:\\\/\\\/secure.gravatar.com\\\/avatar\\\/a0f702f22ecd58ce02800a54cb2055cabe1fa8d7cf75ab377ce2f2b8503f188c?s=96&d=blank&r=g\",\"contentUrl\":\"https:\\\/\\\/secure.gravatar.com\\\/avatar\\\/a0f702f22ecd58ce02800a54cb2055cabe1fa8d7cf75ab377ce2f2b8503f188c?s=96&d=blank&r=g\",\"caption\":\"admin\"},\"url\":\"https:\\\/\\\/reiseblock.ch\\\/wordpress\\\/author\\\/admin\\\/\"}]}<\/script>\n<!-- \/ Yoast SEO plugin. -->","yoast_head_json":{"title":"Luzern im November &#8211; Reiseblock","description":"Was macht man an einem regnerischen Tag in Luzern? Viel mehr, als man denken k\u00f6nnte. Die Stadt ist bei jedem Wetter und zu jeder Jahreszeit eine Reise wert.","robots":{"index":"index","follow":"follow","max-snippet":"max-snippet:-1","max-image-preview":"max-image-preview:large","max-video-preview":"max-video-preview:-1"},"canonical":"https:\/\/reiseblock.ch\/wordpress\/luzern-im-november\/","og_locale":"de_DE","og_type":"article","og_title":"Luzern im November &#8211; Reiseblock","og_description":"Was macht man an einem regnerischen Tag in Luzern? Viel mehr, als man denken k\u00f6nnte. Die Stadt ist bei jedem Wetter und zu jeder Jahreszeit eine Reise wert.","og_url":"https:\/\/reiseblock.ch\/wordpress\/luzern-im-november\/","og_site_name":"Reiseblock","article_published_time":"2017-11-19T20:48:35+00:00","article_modified_time":"2017-11-19T20:50:56+00:00","og_image":[{"width":800,"height":533,"url":"https:\/\/reiseblock.ch\/wordpress\/wp-content\/uploads\/2017\/11\/Schiff.jpg","type":"image\/jpeg"}],"author":"admin","twitter_misc":{"Verfasst von":"admin","Gesch\u00e4tzte Lesezeit":"2\u00a0Minuten"},"schema":{"@context":"https:\/\/schema.org","@graph":[{"@type":"Article","@id":"https:\/\/reiseblock.ch\/wordpress\/luzern-im-november\/#article","isPartOf":{"@id":"https:\/\/reiseblock.ch\/wordpress\/luzern-im-november\/"},"author":{"name":"admin","@id":"https:\/\/reiseblock.ch\/wordpress\/#\/schema\/person\/739b103f8e7941f579794d17e2187721"},"headline":"Luzern im November","datePublished":"2017-11-19T20:48:35+00:00","dateModified":"2017-11-19T20:50:56+00:00","mainEntityOfPage":{"@id":"https:\/\/reiseblock.ch\/wordpress\/luzern-im-november\/"},"wordCount":354,"commentCount":0,"publisher":{"@id":"https:\/\/reiseblock.ch\/wordpress\/#\/schema\/person\/eafba14374f16d5fa4f73efd49243014"},"image":{"@id":"https:\/\/reiseblock.ch\/wordpress\/luzern-im-november\/#primaryimage"},"thumbnailUrl":"https:\/\/reiseblock.ch\/wordpress\/wp-content\/uploads\/2017\/11\/Schiff.jpg","keywords":["Kapellbr\u00fccke","KKL","Luzern","Schiff","Spreuerbr\u00fccke"],"articleSection":["Tipp"],"inLanguage":"de","potentialAction":[{"@type":"CommentAction","name":"Comment","target":["https:\/\/reiseblock.ch\/wordpress\/luzern-im-november\/#respond"]}]},{"@type":"WebPage","@id":"https:\/\/reiseblock.ch\/wordpress\/luzern-im-november\/","url":"https:\/\/reiseblock.ch\/wordpress\/luzern-im-november\/","name":"Luzern im November &#8211; Reiseblock","isPartOf":{"@id":"https:\/\/reiseblock.ch\/wordpress\/#website"},"primaryImageOfPage":{"@id":"https:\/\/reiseblock.ch\/wordpress\/luzern-im-november\/#primaryimage"},"image":{"@id":"https:\/\/reiseblock.ch\/wordpress\/luzern-im-november\/#primaryimage"},"thumbnailUrl":"https:\/\/reiseblock.ch\/wordpress\/wp-content\/uploads\/2017\/11\/Schiff.jpg","datePublished":"2017-11-19T20:48:35+00:00","dateModified":"2017-11-19T20:50:56+00:00","description":"Was macht man an einem regnerischen Tag in Luzern? Viel mehr, als man denken k\u00f6nnte. Die Stadt ist bei jedem Wetter und zu jeder Jahreszeit eine Reise wert.","breadcrumb":{"@id":"https:\/\/reiseblock.ch\/wordpress\/luzern-im-november\/#breadcrumb"},"inLanguage":"de","potentialAction":[{"@type":"ReadAction","target":["https:\/\/reiseblock.ch\/wordpress\/luzern-im-november\/"]}]},{"@type":"ImageObject","inLanguage":"de","@id":"https:\/\/reiseblock.ch\/wordpress\/luzern-im-november\/#primaryimage","url":"https:\/\/reiseblock.ch\/wordpress\/wp-content\/uploads\/2017\/11\/Schiff.jpg","contentUrl":"https:\/\/reiseblock.ch\/wordpress\/wp-content\/uploads\/2017\/11\/Schiff.jpg","width":800,"height":533,"caption":"Mit dem Schiff auf den Vierwaldst\u00e4ttersee (Foto Nina Kohler)"},{"@type":"BreadcrumbList","@id":"https:\/\/reiseblock.ch\/wordpress\/luzern-im-november\/#breadcrumb","itemListElement":[{"@type":"ListItem","position":1,"name":"Home","item":"https:\/\/reiseblock.ch\/wordpress\/"},{"@type":"ListItem","position":2,"name":"Luzern im November"}]},{"@type":"WebSite","@id":"https:\/\/reiseblock.ch\/wordpress\/#website","url":"https:\/\/reiseblock.ch\/wordpress\/","name":"Reiseblock","description":"Ursula Kohlers ReiseWeise","publisher":{"@id":"https:\/\/reiseblock.ch\/wordpress\/#\/schema\/person\/eafba14374f16d5fa4f73efd49243014"},"potentialAction":[{"@type":"SearchAction","target":{"@type":"EntryPoint","urlTemplate":"https:\/\/reiseblock.ch\/wordpress\/?s={search_term_string}"},"query-input":{"@type":"PropertyValueSpecification","valueRequired":true,"valueName":"search_term_string"}}],"inLanguage":"de"},{"@type":["Person","Organization"],"@id":"https:\/\/reiseblock.ch\/wordpress\/#\/schema\/person\/eafba14374f16d5fa4f73efd49243014","name":"Ursula Kohler","image":{"@type":"ImageObject","inLanguage":"de","@id":"https:\/\/secure.gravatar.com\/avatar\/014d9b9a971f617638f4298cbb55f92d20b3bf0d1c9cc32f65333b2769bcf867?s=96&d=blank&r=g","url":"https:\/\/secure.gravatar.com\/avatar\/014d9b9a971f617638f4298cbb55f92d20b3bf0d1c9cc32f65333b2769bcf867?s=96&d=blank&r=g","contentUrl":"https:\/\/secure.gravatar.com\/avatar\/014d9b9a971f617638f4298cbb55f92d20b3bf0d1c9cc32f65333b2769bcf867?s=96&d=blank&r=g","caption":"Ursula Kohler"},"logo":{"@id":"https:\/\/secure.gravatar.com\/avatar\/014d9b9a971f617638f4298cbb55f92d20b3bf0d1c9cc32f65333b2769bcf867?s=96&d=blank&r=g"}},{"@type":"Person","@id":"https:\/\/reiseblock.ch\/wordpress\/#\/schema\/person\/739b103f8e7941f579794d17e2187721","name":"admin","image":{"@type":"ImageObject","inLanguage":"de","@id":"https:\/\/secure.gravatar.com\/avatar\/a0f702f22ecd58ce02800a54cb2055cabe1fa8d7cf75ab377ce2f2b8503f188c?s=96&d=blank&r=g","url":"https:\/\/secure.gravatar.com\/avatar\/a0f702f22ecd58ce02800a54cb2055cabe1fa8d7cf75ab377ce2f2b8503f188c?s=96&d=blank&r=g","contentUrl":"https:\/\/secure.gravatar.com\/avatar\/a0f702f22ecd58ce02800a54cb2055cabe1fa8d7cf75ab377ce2f2b8503f188c?s=96&d=blank&r=g","caption":"admin"},"url":"https:\/\/reiseblock.ch\/wordpress\/author\/admin\/"}]}},"_links":{"self":[{"href":"https:\/\/reiseblock.ch\/wordpress\/wp-json\/wp\/v2\/posts\/2269","targetHints":{"allow":["GET"]}}],"collection":[{"href":"https:\/\/reiseblock.ch\/wordpress\/wp-json\/wp\/v2\/posts"}],"about":[{"href":"https:\/\/reiseblock.ch\/wordpress\/wp-json\/wp\/v2\/types\/post"}],"author":[{"embeddable":true,"href":"https:\/\/reiseblock.ch\/wordpress\/wp-json\/wp\/v2\/users\/1"}],"replies":[{"embeddable":true,"href":"https:\/\/reiseblock.ch\/wordpress\/wp-json\/wp\/v2\/comments?post=2269"}],"version-history":[{"count":5,"href":"https:\/\/reiseblock.ch\/wordpress\/wp-json\/wp\/v2\/posts\/2269\/revisions"}],"predecessor-version":[{"id":2279,"href":"https:\/\/reiseblock.ch\/wordpress\/wp-json\/wp\/v2\/posts\/2269\/revisions\/2279"}],"wp:featuredmedia":[{"embeddable":true,"href":"https:\/\/reiseblock.ch\/wordpress\/wp-json\/wp\/v2\/media\/2277"}],"wp:attachment":[{"href":"https:\/\/reiseblock.ch\/wordpress\/wp-json\/wp\/v2\/media?parent=2269"}],"wp:term":[{"taxonomy":"category","embeddable":true,"href":"https:\/\/reiseblock.ch\/wordpress\/wp-json\/wp\/v2\/categories?post=2269"},{"taxonomy":"post_tag","embeddable":true,"href":"https:\/\/reiseblock.ch\/wordpress\/wp-json\/wp\/v2\/tags?post=2269"}],"curies":[{"name":"wp","href":"https:\/\/api.w.org\/{rel}","templated":true}]}}