{"id":2254,"date":"2017-11-12T14:52:30","date_gmt":"2017-11-12T13:52:30","guid":{"rendered":"http:\/\/reiseblock.ch\/?p=2254"},"modified":"2017-11-12T15:07:33","modified_gmt":"2017-11-12T14:07:33","slug":"unterwegs-im-emmental-kaese-oder-luegen","status":"publish","type":"post","link":"https:\/\/reiseblock.ch\/wordpress\/unterwegs-im-emmental-kaese-oder-luegen\/","title":{"rendered":"Unterwegs im Emmental: K\u00e4se oder Luegen?"},"content":{"rendered":"<div id=\"attachment_2260\" style=\"width: 810px\" class=\"wp-caption alignleft\"><img loading=\"lazy\" decoding=\"async\" aria-describedby=\"caption-attachment-2260\" class=\"size-full wp-image-2260\" src=\"http:\/\/reiseblock.ch\/wordpress\/wp-content\/uploads\/2017\/11\/70f01f4ba5ac4de3ab4278de2d7fb356.jpg\" alt=\"Bei der Schauk\u00e4serei in Affoltern im Emmental\" width=\"800\" height=\"533\" srcset=\"https:\/\/reiseblock.ch\/wordpress\/wp-content\/uploads\/2017\/11\/70f01f4ba5ac4de3ab4278de2d7fb356.jpg 800w, https:\/\/reiseblock.ch\/wordpress\/wp-content\/uploads\/2017\/11\/70f01f4ba5ac4de3ab4278de2d7fb356-300x200.jpg 300w, https:\/\/reiseblock.ch\/wordpress\/wp-content\/uploads\/2017\/11\/70f01f4ba5ac4de3ab4278de2d7fb356-768x512.jpg 768w\" sizes=\"auto, (max-width: 800px) 100vw, 800px\" \/><p id=\"caption-attachment-2260\" class=\"wp-caption-text\">Bei der Schauk\u00e4serei in Affoltern im Emmental<\/p><\/div>\n<p><span style=\"font-size: 12pt; font-family: Book Antiqua,Palatino;\">Wer gerne K\u00e4se isst, ist hier am richtigen Ort: in der Emmentaler Schauk\u00e4serei in Affoltern. Gerade wenn das Wetter nicht mitspielt und viele kleinere Museen ihren Winterschlaf machen, kann man sich hier auf einem Rundgang \u00fcber den Emmentaler K\u00e4se kundig machen. <\/span><\/p>\n<p><!--more--><\/p>\n<div id=\"attachment_2261\" style=\"width: 810px\" class=\"wp-caption alignleft\"><img loading=\"lazy\" decoding=\"async\" aria-describedby=\"caption-attachment-2261\" class=\"size-full wp-image-2261\" src=\"http:\/\/reiseblock.ch\/wordpress\/wp-content\/uploads\/2017\/11\/Kessel.jpg\" alt=\"Die grossen K\u00e4sekessel sind beeindruckend\" width=\"800\" height=\"533\" srcset=\"https:\/\/reiseblock.ch\/wordpress\/wp-content\/uploads\/2017\/11\/Kessel.jpg 800w, https:\/\/reiseblock.ch\/wordpress\/wp-content\/uploads\/2017\/11\/Kessel-300x200.jpg 300w, https:\/\/reiseblock.ch\/wordpress\/wp-content\/uploads\/2017\/11\/Kessel-768x512.jpg 768w\" sizes=\"auto, (max-width: 800px) 100vw, 800px\" \/><p id=\"caption-attachment-2261\" class=\"wp-caption-text\">Die grossen K\u00e4sekessel sind beeindruckend<\/p><\/div>\n<p><span style=\"font-family: Book Antiqua,Palatino; font-size: 12pt;\">Das <a href=\"http:\/\/emmentaler-schaukaeserei.ch\/\" target=\"_blank\" rel=\"noopener\">Angebot <\/a>ist vielf\u00e4ltig, den Rundgang kann man mit einem Audioguide oder am Wochenende an einer F\u00fchrung erleben. Aber man kann auch selbst aktiv werden und f\u00fcr Familien wird eh einiges geboten.<\/span><\/p>\n<p><span style=\"font-family: Book Antiqua,Palatino; font-size: 12pt;\">Affoltern im Emmental liegt aber auch ideal als Ausgangs- oder Endpunkt einer Tour durch die Emmentaler H\u00fcgel. Das Sch\u00f6ne an dieser Gegend: Hier kann man praktisch ganzj\u00e4hrig zu Fuss unterwegs sein und gerade Herbst und Winter bieten sch\u00f6ne Stimmungen in der Landschaft.<\/span><\/p>\n<div id=\"attachment_2262\" style=\"width: 810px\" class=\"wp-caption alignleft\"><img loading=\"lazy\" decoding=\"async\" aria-describedby=\"caption-attachment-2262\" class=\"size-full wp-image-2262\" src=\"http:\/\/reiseblock.ch\/wordpress\/wp-content\/uploads\/2017\/11\/Nebel.jpg\" alt=\"Herbststimmung im Emmental\" width=\"800\" height=\"533\" srcset=\"https:\/\/reiseblock.ch\/wordpress\/wp-content\/uploads\/2017\/11\/Nebel.jpg 800w, https:\/\/reiseblock.ch\/wordpress\/wp-content\/uploads\/2017\/11\/Nebel-300x200.jpg 300w, https:\/\/reiseblock.ch\/wordpress\/wp-content\/uploads\/2017\/11\/Nebel-768x512.jpg 768w\" sizes=\"auto, (max-width: 800px) 100vw, 800px\" \/><p id=\"caption-attachment-2262\" class=\"wp-caption-text\">Herbststimmung im Emmental<\/p><\/div>\n<p><span style=\"font-family: Book Antiqua,Palatino; font-size: 12pt;\">Eine knappe Stunde entfernt liegt zum Beispiel das bekannte Aussichtspunkt Lueg. Von hier aus hat man eine herrliche Aussicht \u00fcbers Emmental. Das Denkmal erinnert an Berner Kavalleristen, die 1918 an der Spanischen Grippe gestorben sind. Errichtet wurde die St\u00e4tte drei Jahre sp\u00e4ter, im Jahr 1921. Heute steht sie unter Denkmalschutz. <\/span><\/p>\n<div id=\"attachment_2263\" style=\"width: 810px\" class=\"wp-caption alignleft\"><img loading=\"lazy\" decoding=\"async\" aria-describedby=\"caption-attachment-2263\" class=\"size-full wp-image-2263\" src=\"http:\/\/reiseblock.ch\/wordpress\/wp-content\/uploads\/2017\/11\/Lueg.jpg\" alt=\"Von der Lueg aus hat man eine herrliche Sicht ins Emmental\" width=\"800\" height=\"533\" srcset=\"https:\/\/reiseblock.ch\/wordpress\/wp-content\/uploads\/2017\/11\/Lueg.jpg 800w, https:\/\/reiseblock.ch\/wordpress\/wp-content\/uploads\/2017\/11\/Lueg-300x200.jpg 300w, https:\/\/reiseblock.ch\/wordpress\/wp-content\/uploads\/2017\/11\/Lueg-768x512.jpg 768w\" sizes=\"auto, (max-width: 800px) 100vw, 800px\" \/><p id=\"caption-attachment-2263\" class=\"wp-caption-text\">Von der Lueg aus hat man eine herrliche Sicht ins Emmental<\/p><\/div>\n<p><span style=\"font-family: Book Antiqua,Palatino; font-size: 12pt;\">Wer mit \u00d6V unterwegs ist, kann in zwei Stunden nach Burgdorf absteigen oder an die Emme nach R\u00fcegsauschachen oder sogar bis nach L\u00fctzefl\u00fch. In den Sommermonaten empfiehlt sich hier der Besuch des <a href=\"http:\/\/www.gotthelf.ch\" target=\"_blank\" rel=\"noopener\">Gotthelf Zentrums<\/a>.<\/span><\/p>\n<div id=\"attachment_2264\" style=\"width: 810px\" class=\"wp-caption alignleft\"><img loading=\"lazy\" decoding=\"async\" aria-describedby=\"caption-attachment-2264\" class=\"size-full wp-image-2264\" src=\"http:\/\/reiseblock.ch\/wordpress\/wp-content\/uploads\/2017\/11\/Wegweiser.jpg\" alt=\"Die m\u00f6glichen Wege ab Affoltern im Emmental sind vielf\u00e4ltig\" width=\"800\" height=\"533\" srcset=\"https:\/\/reiseblock.ch\/wordpress\/wp-content\/uploads\/2017\/11\/Wegweiser.jpg 800w, https:\/\/reiseblock.ch\/wordpress\/wp-content\/uploads\/2017\/11\/Wegweiser-300x200.jpg 300w, https:\/\/reiseblock.ch\/wordpress\/wp-content\/uploads\/2017\/11\/Wegweiser-768x512.jpg 768w\" sizes=\"auto, (max-width: 800px) 100vw, 800px\" \/><p id=\"caption-attachment-2264\" class=\"wp-caption-text\">Die m\u00f6glichen Wege ab Affoltern im Emmental sind vielf\u00e4ltig<\/p><\/div>\n<p><span style=\"font-family: Book Antiqua,Palatino; font-size: 12pt;\">Aber nichts hindert daran, einfach einfach zur\u00fcck nach Affoltern zu gehen und nochmals ein St\u00fcckchen K\u00e4se zu degustieren.<\/span><\/p>\n<p>&nbsp;<\/p>\n<p>&nbsp;<\/p>\n<h3 class=\"lead\"><\/h3>\n<p>&nbsp;<\/p>\n","protected":false},"excerpt":{"rendered":"<p>Wer gerne K\u00e4se isst, ist hier am richtigen Ort: in der Emmentaler Schauk\u00e4serei in Affoltern. Gerade wenn das Wetter nicht mitspielt und viele kleinere Museen [&#8230;]<\/p>\n","protected":false},"author":1,"featured_media":2263,"comment_status":"open","ping_status":"open","sticky":false,"template":"","format":"standard","meta":{"footnotes":""},"categories":[6],"tags":[288,291,290,289],"class_list":["post-2254","post","type-post","status-publish","format-standard","has-post-thumbnail","hentry","category-beitrag","tag-emmental","tag-gotthelf","tag-lueg","tag-schaukaeserei"],"yoast_head":"<!-- This site is optimized with the Yoast SEO plugin v27.8 - https:\/\/yoast.com\/product\/yoast-seo-wordpress\/ -->\n<title>Unterwegs im Emmental: K\u00e4se oder Luegen? &#8211; Reiseblock<\/title>\n<meta name=\"description\" content=\"In Affoltern im Emmental befindet sich eine Schauk\u00e4serei, die ganzj\u00e4hrig besucht werden kann. Gerade in der k\u00e4lteren Jahreszeit einen Ausflug wert.\" \/>\n<meta name=\"robots\" content=\"index, follow, max-snippet:-1, max-image-preview:large, max-video-preview:-1\" \/>\n<link rel=\"canonical\" href=\"https:\/\/reiseblock.ch\/wordpress\/unterwegs-im-emmental-kaese-oder-luegen\/\" \/>\n<meta property=\"og:locale\" content=\"de_DE\" \/>\n<meta property=\"og:type\" content=\"article\" \/>\n<meta property=\"og:title\" content=\"Unterwegs im Emmental: K\u00e4se oder Luegen? &#8211; Reiseblock\" \/>\n<meta property=\"og:description\" content=\"In Affoltern im Emmental befindet sich eine Schauk\u00e4serei, die ganzj\u00e4hrig besucht werden kann. Gerade in der k\u00e4lteren Jahreszeit einen Ausflug wert.\" \/>\n<meta property=\"og:url\" content=\"https:\/\/reiseblock.ch\/wordpress\/unterwegs-im-emmental-kaese-oder-luegen\/\" \/>\n<meta property=\"og:site_name\" content=\"Reiseblock\" \/>\n<meta property=\"article:published_time\" content=\"2017-11-12T13:52:30+00:00\" \/>\n<meta property=\"article:modified_time\" content=\"2017-11-12T14:07:33+00:00\" \/>\n<meta property=\"og:image\" content=\"https:\/\/reiseblock.ch\/wordpress\/wp-content\/uploads\/2017\/11\/Lueg.jpg\" \/>\n\t<meta property=\"og:image:width\" content=\"800\" \/>\n\t<meta property=\"og:image:height\" content=\"533\" \/>\n\t<meta property=\"og:image:type\" content=\"image\/jpeg\" \/>\n<meta name=\"author\" content=\"admin\" \/>\n<meta name=\"twitter:label1\" content=\"Verfasst von\" \/>\n\t<meta name=\"twitter:data1\" content=\"admin\" \/>\n\t<meta name=\"twitter:label2\" content=\"Gesch\u00e4tzte Lesezeit\" \/>\n\t<meta name=\"twitter:data2\" content=\"2\u00a0Minuten\" \/>\n<script type=\"application\/ld+json\" class=\"yoast-schema-graph\">{\"@context\":\"https:\\\/\\\/schema.org\",\"@graph\":[{\"@type\":\"Article\",\"@id\":\"https:\\\/\\\/reiseblock.ch\\\/wordpress\\\/unterwegs-im-emmental-kaese-oder-luegen\\\/#article\",\"isPartOf\":{\"@id\":\"https:\\\/\\\/reiseblock.ch\\\/wordpress\\\/unterwegs-im-emmental-kaese-oder-luegen\\\/\"},\"author\":{\"name\":\"admin\",\"@id\":\"https:\\\/\\\/reiseblock.ch\\\/wordpress\\\/#\\\/schema\\\/person\\\/739b103f8e7941f579794d17e2187721\"},\"headline\":\"Unterwegs im Emmental: K\u00e4se oder Luegen?\",\"datePublished\":\"2017-11-12T13:52:30+00:00\",\"dateModified\":\"2017-11-12T14:07:33+00:00\",\"mainEntityOfPage\":{\"@id\":\"https:\\\/\\\/reiseblock.ch\\\/wordpress\\\/unterwegs-im-emmental-kaese-oder-luegen\\\/\"},\"wordCount\":317,\"commentCount\":0,\"publisher\":{\"@id\":\"https:\\\/\\\/reiseblock.ch\\\/wordpress\\\/#\\\/schema\\\/person\\\/eafba14374f16d5fa4f73efd49243014\"},\"image\":{\"@id\":\"https:\\\/\\\/reiseblock.ch\\\/wordpress\\\/unterwegs-im-emmental-kaese-oder-luegen\\\/#primaryimage\"},\"thumbnailUrl\":\"https:\\\/\\\/reiseblock.ch\\\/wordpress\\\/wp-content\\\/uploads\\\/2017\\\/11\\\/Lueg.jpg\",\"keywords\":[\"Emmental\",\"Gotthelf\",\"Lueg\",\"Schauk\u00e4serei\"],\"articleSection\":[\"Beitrag\"],\"inLanguage\":\"de\",\"potentialAction\":[{\"@type\":\"CommentAction\",\"name\":\"Comment\",\"target\":[\"https:\\\/\\\/reiseblock.ch\\\/wordpress\\\/unterwegs-im-emmental-kaese-oder-luegen\\\/#respond\"]}]},{\"@type\":\"WebPage\",\"@id\":\"https:\\\/\\\/reiseblock.ch\\\/wordpress\\\/unterwegs-im-emmental-kaese-oder-luegen\\\/\",\"url\":\"https:\\\/\\\/reiseblock.ch\\\/wordpress\\\/unterwegs-im-emmental-kaese-oder-luegen\\\/\",\"name\":\"Unterwegs im Emmental: K\u00e4se oder Luegen? &#8211; Reiseblock\",\"isPartOf\":{\"@id\":\"https:\\\/\\\/reiseblock.ch\\\/wordpress\\\/#website\"},\"primaryImageOfPage\":{\"@id\":\"https:\\\/\\\/reiseblock.ch\\\/wordpress\\\/unterwegs-im-emmental-kaese-oder-luegen\\\/#primaryimage\"},\"image\":{\"@id\":\"https:\\\/\\\/reiseblock.ch\\\/wordpress\\\/unterwegs-im-emmental-kaese-oder-luegen\\\/#primaryimage\"},\"thumbnailUrl\":\"https:\\\/\\\/reiseblock.ch\\\/wordpress\\\/wp-content\\\/uploads\\\/2017\\\/11\\\/Lueg.jpg\",\"datePublished\":\"2017-11-12T13:52:30+00:00\",\"dateModified\":\"2017-11-12T14:07:33+00:00\",\"description\":\"In Affoltern im Emmental befindet sich eine Schauk\u00e4serei, die ganzj\u00e4hrig besucht werden kann. Gerade in der k\u00e4lteren Jahreszeit einen Ausflug wert.\",\"breadcrumb\":{\"@id\":\"https:\\\/\\\/reiseblock.ch\\\/wordpress\\\/unterwegs-im-emmental-kaese-oder-luegen\\\/#breadcrumb\"},\"inLanguage\":\"de\",\"potentialAction\":[{\"@type\":\"ReadAction\",\"target\":[\"https:\\\/\\\/reiseblock.ch\\\/wordpress\\\/unterwegs-im-emmental-kaese-oder-luegen\\\/\"]}]},{\"@type\":\"ImageObject\",\"inLanguage\":\"de\",\"@id\":\"https:\\\/\\\/reiseblock.ch\\\/wordpress\\\/unterwegs-im-emmental-kaese-oder-luegen\\\/#primaryimage\",\"url\":\"https:\\\/\\\/reiseblock.ch\\\/wordpress\\\/wp-content\\\/uploads\\\/2017\\\/11\\\/Lueg.jpg\",\"contentUrl\":\"https:\\\/\\\/reiseblock.ch\\\/wordpress\\\/wp-content\\\/uploads\\\/2017\\\/11\\\/Lueg.jpg\",\"width\":800,\"height\":533,\"caption\":\"Von der Lueg aus hat man eine herrliche Sicht ins Emmental\"},{\"@type\":\"BreadcrumbList\",\"@id\":\"https:\\\/\\\/reiseblock.ch\\\/wordpress\\\/unterwegs-im-emmental-kaese-oder-luegen\\\/#breadcrumb\",\"itemListElement\":[{\"@type\":\"ListItem\",\"position\":1,\"name\":\"Home\",\"item\":\"https:\\\/\\\/reiseblock.ch\\\/wordpress\\\/\"},{\"@type\":\"ListItem\",\"position\":2,\"name\":\"Unterwegs im Emmental: K\u00e4se oder Luegen?\"}]},{\"@type\":\"WebSite\",\"@id\":\"https:\\\/\\\/reiseblock.ch\\\/wordpress\\\/#website\",\"url\":\"https:\\\/\\\/reiseblock.ch\\\/wordpress\\\/\",\"name\":\"Reiseblock\",\"description\":\"Ursula Kohlers ReiseWeise\",\"publisher\":{\"@id\":\"https:\\\/\\\/reiseblock.ch\\\/wordpress\\\/#\\\/schema\\\/person\\\/eafba14374f16d5fa4f73efd49243014\"},\"potentialAction\":[{\"@type\":\"SearchAction\",\"target\":{\"@type\":\"EntryPoint\",\"urlTemplate\":\"https:\\\/\\\/reiseblock.ch\\\/wordpress\\\/?s={search_term_string}\"},\"query-input\":{\"@type\":\"PropertyValueSpecification\",\"valueRequired\":true,\"valueName\":\"search_term_string\"}}],\"inLanguage\":\"de\"},{\"@type\":[\"Person\",\"Organization\"],\"@id\":\"https:\\\/\\\/reiseblock.ch\\\/wordpress\\\/#\\\/schema\\\/person\\\/eafba14374f16d5fa4f73efd49243014\",\"name\":\"Ursula Kohler\",\"image\":{\"@type\":\"ImageObject\",\"inLanguage\":\"de\",\"@id\":\"https:\\\/\\\/secure.gravatar.com\\\/avatar\\\/014d9b9a971f617638f4298cbb55f92d20b3bf0d1c9cc32f65333b2769bcf867?s=96&d=blank&r=g\",\"url\":\"https:\\\/\\\/secure.gravatar.com\\\/avatar\\\/014d9b9a971f617638f4298cbb55f92d20b3bf0d1c9cc32f65333b2769bcf867?s=96&d=blank&r=g\",\"contentUrl\":\"https:\\\/\\\/secure.gravatar.com\\\/avatar\\\/014d9b9a971f617638f4298cbb55f92d20b3bf0d1c9cc32f65333b2769bcf867?s=96&d=blank&r=g\",\"caption\":\"Ursula Kohler\"},\"logo\":{\"@id\":\"https:\\\/\\\/secure.gravatar.com\\\/avatar\\\/014d9b9a971f617638f4298cbb55f92d20b3bf0d1c9cc32f65333b2769bcf867?s=96&d=blank&r=g\"}},{\"@type\":\"Person\",\"@id\":\"https:\\\/\\\/reiseblock.ch\\\/wordpress\\\/#\\\/schema\\\/person\\\/739b103f8e7941f579794d17e2187721\",\"name\":\"admin\",\"image\":{\"@type\":\"ImageObject\",\"inLanguage\":\"de\",\"@id\":\"https:\\\/\\\/secure.gravatar.com\\\/avatar\\\/a0f702f22ecd58ce02800a54cb2055cabe1fa8d7cf75ab377ce2f2b8503f188c?s=96&d=blank&r=g\",\"url\":\"https:\\\/\\\/secure.gravatar.com\\\/avatar\\\/a0f702f22ecd58ce02800a54cb2055cabe1fa8d7cf75ab377ce2f2b8503f188c?s=96&d=blank&r=g\",\"contentUrl\":\"https:\\\/\\\/secure.gravatar.com\\\/avatar\\\/a0f702f22ecd58ce02800a54cb2055cabe1fa8d7cf75ab377ce2f2b8503f188c?s=96&d=blank&r=g\",\"caption\":\"admin\"},\"url\":\"https:\\\/\\\/reiseblock.ch\\\/wordpress\\\/author\\\/admin\\\/\"}]}<\/script>\n<!-- \/ Yoast SEO plugin. -->","yoast_head_json":{"title":"Unterwegs im Emmental: K\u00e4se oder Luegen? &#8211; Reiseblock","description":"In Affoltern im Emmental befindet sich eine Schauk\u00e4serei, die ganzj\u00e4hrig besucht werden kann. Gerade in der k\u00e4lteren Jahreszeit einen Ausflug wert.","robots":{"index":"index","follow":"follow","max-snippet":"max-snippet:-1","max-image-preview":"max-image-preview:large","max-video-preview":"max-video-preview:-1"},"canonical":"https:\/\/reiseblock.ch\/wordpress\/unterwegs-im-emmental-kaese-oder-luegen\/","og_locale":"de_DE","og_type":"article","og_title":"Unterwegs im Emmental: K\u00e4se oder Luegen? &#8211; Reiseblock","og_description":"In Affoltern im Emmental befindet sich eine Schauk\u00e4serei, die ganzj\u00e4hrig besucht werden kann. Gerade in der k\u00e4lteren Jahreszeit einen Ausflug wert.","og_url":"https:\/\/reiseblock.ch\/wordpress\/unterwegs-im-emmental-kaese-oder-luegen\/","og_site_name":"Reiseblock","article_published_time":"2017-11-12T13:52:30+00:00","article_modified_time":"2017-11-12T14:07:33+00:00","og_image":[{"width":800,"height":533,"url":"https:\/\/reiseblock.ch\/wordpress\/wp-content\/uploads\/2017\/11\/Lueg.jpg","type":"image\/jpeg"}],"author":"admin","twitter_misc":{"Verfasst von":"admin","Gesch\u00e4tzte Lesezeit":"2\u00a0Minuten"},"schema":{"@context":"https:\/\/schema.org","@graph":[{"@type":"Article","@id":"https:\/\/reiseblock.ch\/wordpress\/unterwegs-im-emmental-kaese-oder-luegen\/#article","isPartOf":{"@id":"https:\/\/reiseblock.ch\/wordpress\/unterwegs-im-emmental-kaese-oder-luegen\/"},"author":{"name":"admin","@id":"https:\/\/reiseblock.ch\/wordpress\/#\/schema\/person\/739b103f8e7941f579794d17e2187721"},"headline":"Unterwegs im Emmental: K\u00e4se oder Luegen?","datePublished":"2017-11-12T13:52:30+00:00","dateModified":"2017-11-12T14:07:33+00:00","mainEntityOfPage":{"@id":"https:\/\/reiseblock.ch\/wordpress\/unterwegs-im-emmental-kaese-oder-luegen\/"},"wordCount":317,"commentCount":0,"publisher":{"@id":"https:\/\/reiseblock.ch\/wordpress\/#\/schema\/person\/eafba14374f16d5fa4f73efd49243014"},"image":{"@id":"https:\/\/reiseblock.ch\/wordpress\/unterwegs-im-emmental-kaese-oder-luegen\/#primaryimage"},"thumbnailUrl":"https:\/\/reiseblock.ch\/wordpress\/wp-content\/uploads\/2017\/11\/Lueg.jpg","keywords":["Emmental","Gotthelf","Lueg","Schauk\u00e4serei"],"articleSection":["Beitrag"],"inLanguage":"de","potentialAction":[{"@type":"CommentAction","name":"Comment","target":["https:\/\/reiseblock.ch\/wordpress\/unterwegs-im-emmental-kaese-oder-luegen\/#respond"]}]},{"@type":"WebPage","@id":"https:\/\/reiseblock.ch\/wordpress\/unterwegs-im-emmental-kaese-oder-luegen\/","url":"https:\/\/reiseblock.ch\/wordpress\/unterwegs-im-emmental-kaese-oder-luegen\/","name":"Unterwegs im Emmental: K\u00e4se oder Luegen? &#8211; Reiseblock","isPartOf":{"@id":"https:\/\/reiseblock.ch\/wordpress\/#website"},"primaryImageOfPage":{"@id":"https:\/\/reiseblock.ch\/wordpress\/unterwegs-im-emmental-kaese-oder-luegen\/#primaryimage"},"image":{"@id":"https:\/\/reiseblock.ch\/wordpress\/unterwegs-im-emmental-kaese-oder-luegen\/#primaryimage"},"thumbnailUrl":"https:\/\/reiseblock.ch\/wordpress\/wp-content\/uploads\/2017\/11\/Lueg.jpg","datePublished":"2017-11-12T13:52:30+00:00","dateModified":"2017-11-12T14:07:33+00:00","description":"In Affoltern im Emmental befindet sich eine Schauk\u00e4serei, die ganzj\u00e4hrig besucht werden kann. Gerade in der k\u00e4lteren Jahreszeit einen Ausflug wert.","breadcrumb":{"@id":"https:\/\/reiseblock.ch\/wordpress\/unterwegs-im-emmental-kaese-oder-luegen\/#breadcrumb"},"inLanguage":"de","potentialAction":[{"@type":"ReadAction","target":["https:\/\/reiseblock.ch\/wordpress\/unterwegs-im-emmental-kaese-oder-luegen\/"]}]},{"@type":"ImageObject","inLanguage":"de","@id":"https:\/\/reiseblock.ch\/wordpress\/unterwegs-im-emmental-kaese-oder-luegen\/#primaryimage","url":"https:\/\/reiseblock.ch\/wordpress\/wp-content\/uploads\/2017\/11\/Lueg.jpg","contentUrl":"https:\/\/reiseblock.ch\/wordpress\/wp-content\/uploads\/2017\/11\/Lueg.jpg","width":800,"height":533,"caption":"Von der Lueg aus hat man eine herrliche Sicht ins Emmental"},{"@type":"BreadcrumbList","@id":"https:\/\/reiseblock.ch\/wordpress\/unterwegs-im-emmental-kaese-oder-luegen\/#breadcrumb","itemListElement":[{"@type":"ListItem","position":1,"name":"Home","item":"https:\/\/reiseblock.ch\/wordpress\/"},{"@type":"ListItem","position":2,"name":"Unterwegs im Emmental: K\u00e4se oder Luegen?"}]},{"@type":"WebSite","@id":"https:\/\/reiseblock.ch\/wordpress\/#website","url":"https:\/\/reiseblock.ch\/wordpress\/","name":"Reiseblock","description":"Ursula Kohlers ReiseWeise","publisher":{"@id":"https:\/\/reiseblock.ch\/wordpress\/#\/schema\/person\/eafba14374f16d5fa4f73efd49243014"},"potentialAction":[{"@type":"SearchAction","target":{"@type":"EntryPoint","urlTemplate":"https:\/\/reiseblock.ch\/wordpress\/?s={search_term_string}"},"query-input":{"@type":"PropertyValueSpecification","valueRequired":true,"valueName":"search_term_string"}}],"inLanguage":"de"},{"@type":["Person","Organization"],"@id":"https:\/\/reiseblock.ch\/wordpress\/#\/schema\/person\/eafba14374f16d5fa4f73efd49243014","name":"Ursula Kohler","image":{"@type":"ImageObject","inLanguage":"de","@id":"https:\/\/secure.gravatar.com\/avatar\/014d9b9a971f617638f4298cbb55f92d20b3bf0d1c9cc32f65333b2769bcf867?s=96&d=blank&r=g","url":"https:\/\/secure.gravatar.com\/avatar\/014d9b9a971f617638f4298cbb55f92d20b3bf0d1c9cc32f65333b2769bcf867?s=96&d=blank&r=g","contentUrl":"https:\/\/secure.gravatar.com\/avatar\/014d9b9a971f617638f4298cbb55f92d20b3bf0d1c9cc32f65333b2769bcf867?s=96&d=blank&r=g","caption":"Ursula Kohler"},"logo":{"@id":"https:\/\/secure.gravatar.com\/avatar\/014d9b9a971f617638f4298cbb55f92d20b3bf0d1c9cc32f65333b2769bcf867?s=96&d=blank&r=g"}},{"@type":"Person","@id":"https:\/\/reiseblock.ch\/wordpress\/#\/schema\/person\/739b103f8e7941f579794d17e2187721","name":"admin","image":{"@type":"ImageObject","inLanguage":"de","@id":"https:\/\/secure.gravatar.com\/avatar\/a0f702f22ecd58ce02800a54cb2055cabe1fa8d7cf75ab377ce2f2b8503f188c?s=96&d=blank&r=g","url":"https:\/\/secure.gravatar.com\/avatar\/a0f702f22ecd58ce02800a54cb2055cabe1fa8d7cf75ab377ce2f2b8503f188c?s=96&d=blank&r=g","contentUrl":"https:\/\/secure.gravatar.com\/avatar\/a0f702f22ecd58ce02800a54cb2055cabe1fa8d7cf75ab377ce2f2b8503f188c?s=96&d=blank&r=g","caption":"admin"},"url":"https:\/\/reiseblock.ch\/wordpress\/author\/admin\/"}]}},"_links":{"self":[{"href":"https:\/\/reiseblock.ch\/wordpress\/wp-json\/wp\/v2\/posts\/2254","targetHints":{"allow":["GET"]}}],"collection":[{"href":"https:\/\/reiseblock.ch\/wordpress\/wp-json\/wp\/v2\/posts"}],"about":[{"href":"https:\/\/reiseblock.ch\/wordpress\/wp-json\/wp\/v2\/types\/post"}],"author":[{"embeddable":true,"href":"https:\/\/reiseblock.ch\/wordpress\/wp-json\/wp\/v2\/users\/1"}],"replies":[{"embeddable":true,"href":"https:\/\/reiseblock.ch\/wordpress\/wp-json\/wp\/v2\/comments?post=2254"}],"version-history":[{"count":8,"href":"https:\/\/reiseblock.ch\/wordpress\/wp-json\/wp\/v2\/posts\/2254\/revisions"}],"predecessor-version":[{"id":2267,"href":"https:\/\/reiseblock.ch\/wordpress\/wp-json\/wp\/v2\/posts\/2254\/revisions\/2267"}],"wp:featuredmedia":[{"embeddable":true,"href":"https:\/\/reiseblock.ch\/wordpress\/wp-json\/wp\/v2\/media\/2263"}],"wp:attachment":[{"href":"https:\/\/reiseblock.ch\/wordpress\/wp-json\/wp\/v2\/media?parent=2254"}],"wp:term":[{"taxonomy":"category","embeddable":true,"href":"https:\/\/reiseblock.ch\/wordpress\/wp-json\/wp\/v2\/categories?post=2254"},{"taxonomy":"post_tag","embeddable":true,"href":"https:\/\/reiseblock.ch\/wordpress\/wp-json\/wp\/v2\/tags?post=2254"}],"curies":[{"name":"wp","href":"https:\/\/api.w.org\/{rel}","templated":true}]}}