{"id":2236,"date":"2017-11-05T16:34:55","date_gmt":"2017-11-05T15:34:55","guid":{"rendered":"http:\/\/reiseblock.ch\/?p=2236"},"modified":"2017-11-05T16:43:07","modified_gmt":"2017-11-05T15:43:07","slug":"herbstwanderung-ueber-die-forch","status":"publish","type":"post","link":"https:\/\/reiseblock.ch\/wordpress\/herbstwanderung-ueber-die-forch\/","title":{"rendered":"Herbstwanderung \u00fcber die Forch"},"content":{"rendered":"<div id=\"attachment_2242\" style=\"width: 810px\" class=\"wp-caption alignleft\"><img loading=\"lazy\" decoding=\"async\" aria-describedby=\"caption-attachment-2242\" class=\"size-full wp-image-2242\" src=\"http:\/\/reiseblock.ch\/wordpress\/wp-content\/uploads\/2017\/11\/Forch_Bahnhof_2.jpg\" alt=\"Beim Bahnhof Forch\" width=\"800\" height=\"533\" srcset=\"https:\/\/reiseblock.ch\/wordpress\/wp-content\/uploads\/2017\/11\/Forch_Bahnhof_2.jpg 800w, https:\/\/reiseblock.ch\/wordpress\/wp-content\/uploads\/2017\/11\/Forch_Bahnhof_2-300x200.jpg 300w, https:\/\/reiseblock.ch\/wordpress\/wp-content\/uploads\/2017\/11\/Forch_Bahnhof_2-768x512.jpg 768w\" sizes=\"auto, (max-width: 800px) 100vw, 800px\" \/><p id=\"caption-attachment-2242\" class=\"wp-caption-text\">Beim Bahnhof Forch<\/p><\/div>\n<p><span style=\"font-family: Book Antiqua,Palatino; font-size: 12pt;\">Mit einer H\u00f6he von 689 Metern \u00fcber Meer eignet sich die Forch ideal f\u00fcr Wanderungen w\u00e4hrend des ganzen Jahrs. Gerade wenn in den Bergen Zwischensaison herrscht, alle Bahnen geschlossen sind, die Skiorte bereits in den Startl\u00f6chern f\u00fcr die Skisaison stehen, eignen sich die Touren im Mittelland. Wer Herbststimmungen liebt, f\u00fcr den gilt: nichts wie raus, und zwar bei jedem Wetter.<\/span><\/p>\n<p><!--more--><\/p>\n<div id=\"attachment_2246\" style=\"width: 810px\" class=\"wp-caption alignleft\"><img loading=\"lazy\" decoding=\"async\" aria-describedby=\"caption-attachment-2246\" class=\"size-full wp-image-2246\" src=\"http:\/\/reiseblock.ch\/wordpress\/wp-content\/uploads\/2017\/11\/Schild.jpg\" alt=\"Wandern oder Zugfahren? Bahnhof Forch\" width=\"800\" height=\"533\" srcset=\"https:\/\/reiseblock.ch\/wordpress\/wp-content\/uploads\/2017\/11\/Schild.jpg 800w, https:\/\/reiseblock.ch\/wordpress\/wp-content\/uploads\/2017\/11\/Schild-300x200.jpg 300w, https:\/\/reiseblock.ch\/wordpress\/wp-content\/uploads\/2017\/11\/Schild-768x512.jpg 768w\" sizes=\"auto, (max-width: 800px) 100vw, 800px\" \/><p id=\"caption-attachment-2246\" class=\"wp-caption-text\">Wandern oder Zugfahren? Bahnhof Forch<\/p><\/div>\n<p><span style=\"font-family: Book Antiqua,Palatino;\"><span style=\"font-size: 12pt;\">Nat\u00fcrlich kann man gleich auf der Forch starten \u2013 mit der Forchbahn von Z\u00fcrich Stadelhofen aus \u2013\u00a0 und von dort aus in alle m\u00f6gliche Richtungen wandern. Aber mindestens so sch\u00f6n ist eine kleine Tour von See zu See: Start ist in Maur am Greifensee. <\/span><\/span><\/p>\n<div id=\"attachment_2243\" style=\"width: 810px\" class=\"wp-caption alignleft\"><img loading=\"lazy\" decoding=\"async\" aria-describedby=\"caption-attachment-2243\" class=\"wp-image-2243 size-full\" src=\"http:\/\/reiseblock.ch\/wordpress\/wp-content\/uploads\/2017\/11\/Freifensee_2.jpg\" alt=\"Startpunkt am Greifensee\" width=\"800\" height=\"533\" srcset=\"https:\/\/reiseblock.ch\/wordpress\/wp-content\/uploads\/2017\/11\/Freifensee_2.jpg 800w, https:\/\/reiseblock.ch\/wordpress\/wp-content\/uploads\/2017\/11\/Freifensee_2-300x200.jpg 300w, https:\/\/reiseblock.ch\/wordpress\/wp-content\/uploads\/2017\/11\/Freifensee_2-768x512.jpg 768w\" sizes=\"auto, (max-width: 800px) 100vw, 800px\" \/><p id=\"caption-attachment-2243\" class=\"wp-caption-text\">Startpunkt am Greifensee<\/p><\/div>\n<p><span style=\"font-family: Book Antiqua,Palatino;\"><span style=\"font-size: 12pt;\">Durch das Bachtobel gelangt man zur \u00abKrone\u00bb. Dieses alte Gasthaus liegt auf der Passh\u00f6he und hat schon fr\u00fcher Reisenden als Zwischenhalt gedient. In den Stallungen wurden indessen die Pferde versorgt.<\/span><\/span><\/p>\n<div id=\"attachment_2245\" style=\"width: 810px\" class=\"wp-caption alignleft\"><img loading=\"lazy\" decoding=\"async\" aria-describedby=\"caption-attachment-2245\" class=\"size-full wp-image-2245\" src=\"http:\/\/reiseblock.ch\/wordpress\/wp-content\/uploads\/2017\/11\/Krone.jpg\" alt=\"Gasthof \u00abKrone\u00bb auf der Forch\" width=\"800\" height=\"533\" srcset=\"https:\/\/reiseblock.ch\/wordpress\/wp-content\/uploads\/2017\/11\/Krone.jpg 800w, https:\/\/reiseblock.ch\/wordpress\/wp-content\/uploads\/2017\/11\/Krone-300x200.jpg 300w, https:\/\/reiseblock.ch\/wordpress\/wp-content\/uploads\/2017\/11\/Krone-768x512.jpg 768w\" sizes=\"auto, (max-width: 800px) 100vw, 800px\" \/><p id=\"caption-attachment-2245\" class=\"wp-caption-text\">Gasthof \u00abKrone\u00bb auf der Forch<\/p><\/div>\n<p><span style=\"font-family: Book Antiqua,Palatino; font-size: 12pt;\">Von der Forch aus f\u00fchrt eine sch\u00f6ne Wanderungen durchs Erlenbacher Tobel direkt an den Z\u00fcrichsee. Genauso attraktiv ist die Tour durchs K\u00fcsnachter Tobel. Auf der Forch startet zudem der Pfannenstil-Weg, der via Pfannenstil-Turm und Hochwacht nach Meilen f\u00fchrt. Die Touren befinden sich im Rahmen von 2 bis 3 Stunden, was eine angenehme Halbtagestour ergibt.<\/span><\/p>\n<div id=\"attachment_2249\" style=\"width: 810px\" class=\"wp-caption alignleft\"><img loading=\"lazy\" decoding=\"async\" aria-describedby=\"caption-attachment-2249\" class=\"size-full wp-image-2249\" src=\"http:\/\/reiseblock.ch\/wordpress\/wp-content\/uploads\/2017\/11\/Zuerichsee.jpg\" alt=\"Ankunft am Z\u00fcrichsee\" width=\"800\" height=\"533\" srcset=\"https:\/\/reiseblock.ch\/wordpress\/wp-content\/uploads\/2017\/11\/Zuerichsee.jpg 800w, https:\/\/reiseblock.ch\/wordpress\/wp-content\/uploads\/2017\/11\/Zuerichsee-300x200.jpg 300w, https:\/\/reiseblock.ch\/wordpress\/wp-content\/uploads\/2017\/11\/Zuerichsee-768x512.jpg 768w\" sizes=\"auto, (max-width: 800px) 100vw, 800px\" \/><p id=\"caption-attachment-2249\" class=\"wp-caption-text\">Ankunft am Z\u00fcrichsee<\/p><\/div>\n<p>&nbsp;<\/p>\n<p><span style=\"font-family: Book Antiqua,Palatino; font-size: 12pt;\">Bei dieser Gelegenheit lohnt es sich, die Zeichenfunktion von <a href=\"http:\/\/www.schweizmobil.ch\/de\/schweizmobil.html\" target=\"_blank\" rel=\"noopener\">SchweizMobil<\/a> vorzustellen. Auf der Karte von SchweizMobil sind alle Wanderwege der Schweiz sichtbar. Das alleine ist schon wertvoll. Aber richtig hilfreich wird erst die (kostenpflichtige) Zeichenfunktion der App. Mit ihrer Hilfe kann man jede Tour im Voraus planen und H\u00f6henmeter sowie Zeit berechnen. <\/span><\/p>\n<p><span style=\"font-family: Book Antiqua,Palatino; font-size: 12pt;\">Wer ein Smartphone dabei hat, kann unterwegs pr\u00fcfen, ob er sich auf dem richtigen Weg befindet. Wie oft war ich um diese M\u00f6glichkeit schon froh!<\/span><\/p>\n<p>&nbsp;<\/p>\n<p>&nbsp;<\/p>\n<p>&nbsp;<\/p>\n","protected":false},"excerpt":{"rendered":"<p>Mit einer H\u00f6he von 689 Metern \u00fcber Meer eignet sich die Forch ideal f\u00fcr Wanderungen w\u00e4hrend des ganzen Jahrs. Gerade wenn in den Bergen Zwischensaison [&#8230;]<\/p>\n","protected":false},"author":1,"featured_media":2246,"comment_status":"open","ping_status":"open","sticky":false,"template":"","format":"standard","meta":{"footnotes":""},"categories":[6],"tags":[286,285,11,287,12,247],"class_list":["post-2236","post","type-post","status-publish","format-standard","has-post-thumbnail","hentry","category-beitrag","tag-erlenbacher-tobel","tag-forch","tag-greifensee","tag-kuesnachter-tobel","tag-wandern","tag-zuerichsee"],"yoast_head":"<!-- This site is optimized with the Yoast SEO plugin v27.8 - https:\/\/yoast.com\/product\/yoast-seo-wordpress\/ -->\n<title>Herbstwanderung \u00fcber die Forch &#8211; Reiseblock<\/title>\n<meta name=\"description\" content=\"Die Forch ist zu jeder Jahreszeit f\u00fcr eine attraktive Tour geeignet. Besonders im Herbst lockt der alte Pass\u00fcbergang beim Pfannenstil.\" \/>\n<meta name=\"robots\" content=\"index, follow, max-snippet:-1, max-image-preview:large, max-video-preview:-1\" \/>\n<link rel=\"canonical\" href=\"https:\/\/reiseblock.ch\/wordpress\/herbstwanderung-ueber-die-forch\/\" \/>\n<meta property=\"og:locale\" content=\"de_DE\" \/>\n<meta property=\"og:type\" content=\"article\" \/>\n<meta property=\"og:title\" content=\"Herbstwanderung \u00fcber die Forch &#8211; Reiseblock\" \/>\n<meta property=\"og:description\" content=\"Die Forch ist zu jeder Jahreszeit f\u00fcr eine attraktive Tour geeignet. Besonders im Herbst lockt der alte Pass\u00fcbergang beim Pfannenstil.\" \/>\n<meta property=\"og:url\" content=\"https:\/\/reiseblock.ch\/wordpress\/herbstwanderung-ueber-die-forch\/\" \/>\n<meta property=\"og:site_name\" content=\"Reiseblock\" \/>\n<meta property=\"article:published_time\" content=\"2017-11-05T15:34:55+00:00\" \/>\n<meta property=\"article:modified_time\" content=\"2017-11-05T15:43:07+00:00\" \/>\n<meta property=\"og:image\" content=\"https:\/\/reiseblock.ch\/wordpress\/wp-content\/uploads\/2017\/11\/Schild.jpg\" \/>\n\t<meta property=\"og:image:width\" content=\"800\" \/>\n\t<meta property=\"og:image:height\" content=\"533\" \/>\n\t<meta property=\"og:image:type\" content=\"image\/jpeg\" \/>\n<meta name=\"author\" content=\"admin\" \/>\n<meta name=\"twitter:label1\" content=\"Verfasst von\" \/>\n\t<meta name=\"twitter:data1\" content=\"admin\" \/>\n\t<meta name=\"twitter:label2\" content=\"Gesch\u00e4tzte Lesezeit\" \/>\n\t<meta name=\"twitter:data2\" content=\"2\u00a0Minuten\" \/>\n<script type=\"application\/ld+json\" class=\"yoast-schema-graph\">{\"@context\":\"https:\\\/\\\/schema.org\",\"@graph\":[{\"@type\":\"Article\",\"@id\":\"https:\\\/\\\/reiseblock.ch\\\/wordpress\\\/herbstwanderung-ueber-die-forch\\\/#article\",\"isPartOf\":{\"@id\":\"https:\\\/\\\/reiseblock.ch\\\/wordpress\\\/herbstwanderung-ueber-die-forch\\\/\"},\"author\":{\"name\":\"admin\",\"@id\":\"https:\\\/\\\/reiseblock.ch\\\/wordpress\\\/#\\\/schema\\\/person\\\/739b103f8e7941f579794d17e2187721\"},\"headline\":\"Herbstwanderung \u00fcber die Forch\",\"datePublished\":\"2017-11-05T15:34:55+00:00\",\"dateModified\":\"2017-11-05T15:43:07+00:00\",\"mainEntityOfPage\":{\"@id\":\"https:\\\/\\\/reiseblock.ch\\\/wordpress\\\/herbstwanderung-ueber-die-forch\\\/\"},\"wordCount\":343,\"commentCount\":0,\"publisher\":{\"@id\":\"https:\\\/\\\/reiseblock.ch\\\/wordpress\\\/#\\\/schema\\\/person\\\/eafba14374f16d5fa4f73efd49243014\"},\"image\":{\"@id\":\"https:\\\/\\\/reiseblock.ch\\\/wordpress\\\/herbstwanderung-ueber-die-forch\\\/#primaryimage\"},\"thumbnailUrl\":\"https:\\\/\\\/reiseblock.ch\\\/wordpress\\\/wp-content\\\/uploads\\\/2017\\\/11\\\/Schild.jpg\",\"keywords\":[\"Erlenbacher Tobel\",\"Forch\",\"Greifensee\",\"K\u00fcsnachter Tobel\",\"Wandern\",\"Z\u00fcrichsee\"],\"articleSection\":[\"Beitrag\"],\"inLanguage\":\"de\",\"potentialAction\":[{\"@type\":\"CommentAction\",\"name\":\"Comment\",\"target\":[\"https:\\\/\\\/reiseblock.ch\\\/wordpress\\\/herbstwanderung-ueber-die-forch\\\/#respond\"]}]},{\"@type\":\"WebPage\",\"@id\":\"https:\\\/\\\/reiseblock.ch\\\/wordpress\\\/herbstwanderung-ueber-die-forch\\\/\",\"url\":\"https:\\\/\\\/reiseblock.ch\\\/wordpress\\\/herbstwanderung-ueber-die-forch\\\/\",\"name\":\"Herbstwanderung \u00fcber die Forch &#8211; Reiseblock\",\"isPartOf\":{\"@id\":\"https:\\\/\\\/reiseblock.ch\\\/wordpress\\\/#website\"},\"primaryImageOfPage\":{\"@id\":\"https:\\\/\\\/reiseblock.ch\\\/wordpress\\\/herbstwanderung-ueber-die-forch\\\/#primaryimage\"},\"image\":{\"@id\":\"https:\\\/\\\/reiseblock.ch\\\/wordpress\\\/herbstwanderung-ueber-die-forch\\\/#primaryimage\"},\"thumbnailUrl\":\"https:\\\/\\\/reiseblock.ch\\\/wordpress\\\/wp-content\\\/uploads\\\/2017\\\/11\\\/Schild.jpg\",\"datePublished\":\"2017-11-05T15:34:55+00:00\",\"dateModified\":\"2017-11-05T15:43:07+00:00\",\"description\":\"Die Forch ist zu jeder Jahreszeit f\u00fcr eine attraktive Tour geeignet. Besonders im Herbst lockt der alte Pass\u00fcbergang beim Pfannenstil.\",\"breadcrumb\":{\"@id\":\"https:\\\/\\\/reiseblock.ch\\\/wordpress\\\/herbstwanderung-ueber-die-forch\\\/#breadcrumb\"},\"inLanguage\":\"de\",\"potentialAction\":[{\"@type\":\"ReadAction\",\"target\":[\"https:\\\/\\\/reiseblock.ch\\\/wordpress\\\/herbstwanderung-ueber-die-forch\\\/\"]}]},{\"@type\":\"ImageObject\",\"inLanguage\":\"de\",\"@id\":\"https:\\\/\\\/reiseblock.ch\\\/wordpress\\\/herbstwanderung-ueber-die-forch\\\/#primaryimage\",\"url\":\"https:\\\/\\\/reiseblock.ch\\\/wordpress\\\/wp-content\\\/uploads\\\/2017\\\/11\\\/Schild.jpg\",\"contentUrl\":\"https:\\\/\\\/reiseblock.ch\\\/wordpress\\\/wp-content\\\/uploads\\\/2017\\\/11\\\/Schild.jpg\",\"width\":800,\"height\":533,\"caption\":\"Wandern oder Zugfahren? Bahnhof Forch\"},{\"@type\":\"BreadcrumbList\",\"@id\":\"https:\\\/\\\/reiseblock.ch\\\/wordpress\\\/herbstwanderung-ueber-die-forch\\\/#breadcrumb\",\"itemListElement\":[{\"@type\":\"ListItem\",\"position\":1,\"name\":\"Home\",\"item\":\"https:\\\/\\\/reiseblock.ch\\\/wordpress\\\/\"},{\"@type\":\"ListItem\",\"position\":2,\"name\":\"Herbstwanderung \u00fcber die Forch\"}]},{\"@type\":\"WebSite\",\"@id\":\"https:\\\/\\\/reiseblock.ch\\\/wordpress\\\/#website\",\"url\":\"https:\\\/\\\/reiseblock.ch\\\/wordpress\\\/\",\"name\":\"Reiseblock\",\"description\":\"Ursula Kohlers ReiseWeise\",\"publisher\":{\"@id\":\"https:\\\/\\\/reiseblock.ch\\\/wordpress\\\/#\\\/schema\\\/person\\\/eafba14374f16d5fa4f73efd49243014\"},\"potentialAction\":[{\"@type\":\"SearchAction\",\"target\":{\"@type\":\"EntryPoint\",\"urlTemplate\":\"https:\\\/\\\/reiseblock.ch\\\/wordpress\\\/?s={search_term_string}\"},\"query-input\":{\"@type\":\"PropertyValueSpecification\",\"valueRequired\":true,\"valueName\":\"search_term_string\"}}],\"inLanguage\":\"de\"},{\"@type\":[\"Person\",\"Organization\"],\"@id\":\"https:\\\/\\\/reiseblock.ch\\\/wordpress\\\/#\\\/schema\\\/person\\\/eafba14374f16d5fa4f73efd49243014\",\"name\":\"Ursula Kohler\",\"image\":{\"@type\":\"ImageObject\",\"inLanguage\":\"de\",\"@id\":\"https:\\\/\\\/secure.gravatar.com\\\/avatar\\\/014d9b9a971f617638f4298cbb55f92d20b3bf0d1c9cc32f65333b2769bcf867?s=96&d=blank&r=g\",\"url\":\"https:\\\/\\\/secure.gravatar.com\\\/avatar\\\/014d9b9a971f617638f4298cbb55f92d20b3bf0d1c9cc32f65333b2769bcf867?s=96&d=blank&r=g\",\"contentUrl\":\"https:\\\/\\\/secure.gravatar.com\\\/avatar\\\/014d9b9a971f617638f4298cbb55f92d20b3bf0d1c9cc32f65333b2769bcf867?s=96&d=blank&r=g\",\"caption\":\"Ursula Kohler\"},\"logo\":{\"@id\":\"https:\\\/\\\/secure.gravatar.com\\\/avatar\\\/014d9b9a971f617638f4298cbb55f92d20b3bf0d1c9cc32f65333b2769bcf867?s=96&d=blank&r=g\"}},{\"@type\":\"Person\",\"@id\":\"https:\\\/\\\/reiseblock.ch\\\/wordpress\\\/#\\\/schema\\\/person\\\/739b103f8e7941f579794d17e2187721\",\"name\":\"admin\",\"image\":{\"@type\":\"ImageObject\",\"inLanguage\":\"de\",\"@id\":\"https:\\\/\\\/secure.gravatar.com\\\/avatar\\\/a0f702f22ecd58ce02800a54cb2055cabe1fa8d7cf75ab377ce2f2b8503f188c?s=96&d=blank&r=g\",\"url\":\"https:\\\/\\\/secure.gravatar.com\\\/avatar\\\/a0f702f22ecd58ce02800a54cb2055cabe1fa8d7cf75ab377ce2f2b8503f188c?s=96&d=blank&r=g\",\"contentUrl\":\"https:\\\/\\\/secure.gravatar.com\\\/avatar\\\/a0f702f22ecd58ce02800a54cb2055cabe1fa8d7cf75ab377ce2f2b8503f188c?s=96&d=blank&r=g\",\"caption\":\"admin\"},\"url\":\"https:\\\/\\\/reiseblock.ch\\\/wordpress\\\/author\\\/admin\\\/\"}]}<\/script>\n<!-- \/ Yoast SEO plugin. -->","yoast_head_json":{"title":"Herbstwanderung \u00fcber die Forch &#8211; Reiseblock","description":"Die Forch ist zu jeder Jahreszeit f\u00fcr eine attraktive Tour geeignet. Besonders im Herbst lockt der alte Pass\u00fcbergang beim Pfannenstil.","robots":{"index":"index","follow":"follow","max-snippet":"max-snippet:-1","max-image-preview":"max-image-preview:large","max-video-preview":"max-video-preview:-1"},"canonical":"https:\/\/reiseblock.ch\/wordpress\/herbstwanderung-ueber-die-forch\/","og_locale":"de_DE","og_type":"article","og_title":"Herbstwanderung \u00fcber die Forch &#8211; Reiseblock","og_description":"Die Forch ist zu jeder Jahreszeit f\u00fcr eine attraktive Tour geeignet. Besonders im Herbst lockt der alte Pass\u00fcbergang beim Pfannenstil.","og_url":"https:\/\/reiseblock.ch\/wordpress\/herbstwanderung-ueber-die-forch\/","og_site_name":"Reiseblock","article_published_time":"2017-11-05T15:34:55+00:00","article_modified_time":"2017-11-05T15:43:07+00:00","og_image":[{"width":800,"height":533,"url":"https:\/\/reiseblock.ch\/wordpress\/wp-content\/uploads\/2017\/11\/Schild.jpg","type":"image\/jpeg"}],"author":"admin","twitter_misc":{"Verfasst von":"admin","Gesch\u00e4tzte Lesezeit":"2\u00a0Minuten"},"schema":{"@context":"https:\/\/schema.org","@graph":[{"@type":"Article","@id":"https:\/\/reiseblock.ch\/wordpress\/herbstwanderung-ueber-die-forch\/#article","isPartOf":{"@id":"https:\/\/reiseblock.ch\/wordpress\/herbstwanderung-ueber-die-forch\/"},"author":{"name":"admin","@id":"https:\/\/reiseblock.ch\/wordpress\/#\/schema\/person\/739b103f8e7941f579794d17e2187721"},"headline":"Herbstwanderung \u00fcber die Forch","datePublished":"2017-11-05T15:34:55+00:00","dateModified":"2017-11-05T15:43:07+00:00","mainEntityOfPage":{"@id":"https:\/\/reiseblock.ch\/wordpress\/herbstwanderung-ueber-die-forch\/"},"wordCount":343,"commentCount":0,"publisher":{"@id":"https:\/\/reiseblock.ch\/wordpress\/#\/schema\/person\/eafba14374f16d5fa4f73efd49243014"},"image":{"@id":"https:\/\/reiseblock.ch\/wordpress\/herbstwanderung-ueber-die-forch\/#primaryimage"},"thumbnailUrl":"https:\/\/reiseblock.ch\/wordpress\/wp-content\/uploads\/2017\/11\/Schild.jpg","keywords":["Erlenbacher Tobel","Forch","Greifensee","K\u00fcsnachter Tobel","Wandern","Z\u00fcrichsee"],"articleSection":["Beitrag"],"inLanguage":"de","potentialAction":[{"@type":"CommentAction","name":"Comment","target":["https:\/\/reiseblock.ch\/wordpress\/herbstwanderung-ueber-die-forch\/#respond"]}]},{"@type":"WebPage","@id":"https:\/\/reiseblock.ch\/wordpress\/herbstwanderung-ueber-die-forch\/","url":"https:\/\/reiseblock.ch\/wordpress\/herbstwanderung-ueber-die-forch\/","name":"Herbstwanderung \u00fcber die Forch &#8211; Reiseblock","isPartOf":{"@id":"https:\/\/reiseblock.ch\/wordpress\/#website"},"primaryImageOfPage":{"@id":"https:\/\/reiseblock.ch\/wordpress\/herbstwanderung-ueber-die-forch\/#primaryimage"},"image":{"@id":"https:\/\/reiseblock.ch\/wordpress\/herbstwanderung-ueber-die-forch\/#primaryimage"},"thumbnailUrl":"https:\/\/reiseblock.ch\/wordpress\/wp-content\/uploads\/2017\/11\/Schild.jpg","datePublished":"2017-11-05T15:34:55+00:00","dateModified":"2017-11-05T15:43:07+00:00","description":"Die Forch ist zu jeder Jahreszeit f\u00fcr eine attraktive Tour geeignet. Besonders im Herbst lockt der alte Pass\u00fcbergang beim Pfannenstil.","breadcrumb":{"@id":"https:\/\/reiseblock.ch\/wordpress\/herbstwanderung-ueber-die-forch\/#breadcrumb"},"inLanguage":"de","potentialAction":[{"@type":"ReadAction","target":["https:\/\/reiseblock.ch\/wordpress\/herbstwanderung-ueber-die-forch\/"]}]},{"@type":"ImageObject","inLanguage":"de","@id":"https:\/\/reiseblock.ch\/wordpress\/herbstwanderung-ueber-die-forch\/#primaryimage","url":"https:\/\/reiseblock.ch\/wordpress\/wp-content\/uploads\/2017\/11\/Schild.jpg","contentUrl":"https:\/\/reiseblock.ch\/wordpress\/wp-content\/uploads\/2017\/11\/Schild.jpg","width":800,"height":533,"caption":"Wandern oder Zugfahren? Bahnhof Forch"},{"@type":"BreadcrumbList","@id":"https:\/\/reiseblock.ch\/wordpress\/herbstwanderung-ueber-die-forch\/#breadcrumb","itemListElement":[{"@type":"ListItem","position":1,"name":"Home","item":"https:\/\/reiseblock.ch\/wordpress\/"},{"@type":"ListItem","position":2,"name":"Herbstwanderung \u00fcber die Forch"}]},{"@type":"WebSite","@id":"https:\/\/reiseblock.ch\/wordpress\/#website","url":"https:\/\/reiseblock.ch\/wordpress\/","name":"Reiseblock","description":"Ursula Kohlers ReiseWeise","publisher":{"@id":"https:\/\/reiseblock.ch\/wordpress\/#\/schema\/person\/eafba14374f16d5fa4f73efd49243014"},"potentialAction":[{"@type":"SearchAction","target":{"@type":"EntryPoint","urlTemplate":"https:\/\/reiseblock.ch\/wordpress\/?s={search_term_string}"},"query-input":{"@type":"PropertyValueSpecification","valueRequired":true,"valueName":"search_term_string"}}],"inLanguage":"de"},{"@type":["Person","Organization"],"@id":"https:\/\/reiseblock.ch\/wordpress\/#\/schema\/person\/eafba14374f16d5fa4f73efd49243014","name":"Ursula Kohler","image":{"@type":"ImageObject","inLanguage":"de","@id":"https:\/\/secure.gravatar.com\/avatar\/014d9b9a971f617638f4298cbb55f92d20b3bf0d1c9cc32f65333b2769bcf867?s=96&d=blank&r=g","url":"https:\/\/secure.gravatar.com\/avatar\/014d9b9a971f617638f4298cbb55f92d20b3bf0d1c9cc32f65333b2769bcf867?s=96&d=blank&r=g","contentUrl":"https:\/\/secure.gravatar.com\/avatar\/014d9b9a971f617638f4298cbb55f92d20b3bf0d1c9cc32f65333b2769bcf867?s=96&d=blank&r=g","caption":"Ursula Kohler"},"logo":{"@id":"https:\/\/secure.gravatar.com\/avatar\/014d9b9a971f617638f4298cbb55f92d20b3bf0d1c9cc32f65333b2769bcf867?s=96&d=blank&r=g"}},{"@type":"Person","@id":"https:\/\/reiseblock.ch\/wordpress\/#\/schema\/person\/739b103f8e7941f579794d17e2187721","name":"admin","image":{"@type":"ImageObject","inLanguage":"de","@id":"https:\/\/secure.gravatar.com\/avatar\/a0f702f22ecd58ce02800a54cb2055cabe1fa8d7cf75ab377ce2f2b8503f188c?s=96&d=blank&r=g","url":"https:\/\/secure.gravatar.com\/avatar\/a0f702f22ecd58ce02800a54cb2055cabe1fa8d7cf75ab377ce2f2b8503f188c?s=96&d=blank&r=g","contentUrl":"https:\/\/secure.gravatar.com\/avatar\/a0f702f22ecd58ce02800a54cb2055cabe1fa8d7cf75ab377ce2f2b8503f188c?s=96&d=blank&r=g","caption":"admin"},"url":"https:\/\/reiseblock.ch\/wordpress\/author\/admin\/"}]}},"_links":{"self":[{"href":"https:\/\/reiseblock.ch\/wordpress\/wp-json\/wp\/v2\/posts\/2236","targetHints":{"allow":["GET"]}}],"collection":[{"href":"https:\/\/reiseblock.ch\/wordpress\/wp-json\/wp\/v2\/posts"}],"about":[{"href":"https:\/\/reiseblock.ch\/wordpress\/wp-json\/wp\/v2\/types\/post"}],"author":[{"embeddable":true,"href":"https:\/\/reiseblock.ch\/wordpress\/wp-json\/wp\/v2\/users\/1"}],"replies":[{"embeddable":true,"href":"https:\/\/reiseblock.ch\/wordpress\/wp-json\/wp\/v2\/comments?post=2236"}],"version-history":[{"count":6,"href":"https:\/\/reiseblock.ch\/wordpress\/wp-json\/wp\/v2\/posts\/2236\/revisions"}],"predecessor-version":[{"id":2252,"href":"https:\/\/reiseblock.ch\/wordpress\/wp-json\/wp\/v2\/posts\/2236\/revisions\/2252"}],"wp:featuredmedia":[{"embeddable":true,"href":"https:\/\/reiseblock.ch\/wordpress\/wp-json\/wp\/v2\/media\/2246"}],"wp:attachment":[{"href":"https:\/\/reiseblock.ch\/wordpress\/wp-json\/wp\/v2\/media?parent=2236"}],"wp:term":[{"taxonomy":"category","embeddable":true,"href":"https:\/\/reiseblock.ch\/wordpress\/wp-json\/wp\/v2\/categories?post=2236"},{"taxonomy":"post_tag","embeddable":true,"href":"https:\/\/reiseblock.ch\/wordpress\/wp-json\/wp\/v2\/tags?post=2236"}],"curies":[{"name":"wp","href":"https:\/\/api.w.org\/{rel}","templated":true}]}}