{"id":2225,"date":"2017-10-30T20:47:04","date_gmt":"2017-10-30T19:47:04","guid":{"rendered":"http:\/\/reiseblock.ch\/?p=2225"},"modified":"2025-11-08T21:34:54","modified_gmt":"2025-11-08T20:34:54","slug":"spaziergang-durch-die-altstadt-von-zuerich","status":"publish","type":"post","link":"https:\/\/reiseblock.ch\/wordpress\/spaziergang-durch-die-altstadt-von-zuerich\/","title":{"rendered":"Spaziergang durch die Altstadt von Z\u00fcrich"},"content":{"rendered":"<div id=\"attachment_2228\" style=\"width: 810px\" class=\"wp-caption alignleft\"><img loading=\"lazy\" decoding=\"async\" aria-describedby=\"caption-attachment-2228\" class=\"size-full wp-image-2228\" src=\"http:\/\/reiseblock.ch\/wordpress\/wp-content\/uploads\/2017\/10\/Stadt.jpg\" alt=\"Die Stadt Z\u00fcrich in Abendstimmung\" width=\"800\" height=\"600\" srcset=\"https:\/\/reiseblock.ch\/wordpress\/wp-content\/uploads\/2017\/10\/Stadt.jpg 800w, https:\/\/reiseblock.ch\/wordpress\/wp-content\/uploads\/2017\/10\/Stadt-300x225.jpg 300w, https:\/\/reiseblock.ch\/wordpress\/wp-content\/uploads\/2017\/10\/Stadt-768x576.jpg 768w\" sizes=\"auto, (max-width: 800px) 100vw, 800px\" \/><p id=\"caption-attachment-2228\" class=\"wp-caption-text\">Die Stadt Z\u00fcrich in Abendstimmung<\/p><\/div>\n<p><span style=\"font-size: 12pt; font-family: Book Antiqua,Palatino;\">Gerade erst ist das Buchfestival in Z\u00fcrich vor\u00fcber. Dieses Jahr durfte ich einen kleinen Rundgang durch die Altstadt anbieten, auf den Spuren von Schweizer Schriftstellerinnen und Schriftstellern. Befasst man sich mit einem Schweizer Dichter, einer K\u00fcnstlerin, dann f\u00fchrt die Spur unweigerlich irgendwann nach Z\u00fcrich. Viele bekannte Pers\u00f6nlichkeiten haben, vielleicht nur eine kurze Zeit, in Z\u00fcrich gelebt oder hier studiert.<br \/>\n<\/span><\/p>\n<p><!--more--><\/p>\n<p><span style=\"font-size: 12pt; font-family: Book Antiqua,Palatino;\">Friedrich Glauser lebte von 1916 bis 1918 an der Z\u00e4hringerstrasse 40. Hier kam er mit den Dada-Kreisen in Ber\u00fchrung. Es war auch die Z\u00fcrcher Amtsvormundschaftsbeh\u00f6rde, die ihn entm\u00fcndigt hat. Auf Empfehlung des eigenen Vaters. 2001 wurde eine kleine Gasse nach Friedrich-Glauser-Gasse benannt. Sie ist ganze 40 Meter lang, eine kleine Querstrasse zwischen der Z\u00e4hringerstrasse und der Niederdorfstrasse nahe vom Central.<br \/>\n<\/span><\/p>\n<div id=\"attachment_2229\" style=\"width: 810px\" class=\"wp-caption alignleft\"><img loading=\"lazy\" decoding=\"async\" aria-describedby=\"caption-attachment-2229\" class=\"size-full wp-image-2229\" src=\"http:\/\/reiseblock.ch\/wordpress\/wp-content\/uploads\/2017\/10\/Glauser.jpg\" alt=\"Die Friedrich-Glauser-Gasse in Z\u00fcrich\" width=\"800\" height=\"533\" srcset=\"https:\/\/reiseblock.ch\/wordpress\/wp-content\/uploads\/2017\/10\/Glauser.jpg 800w, https:\/\/reiseblock.ch\/wordpress\/wp-content\/uploads\/2017\/10\/Glauser-300x200.jpg 300w, https:\/\/reiseblock.ch\/wordpress\/wp-content\/uploads\/2017\/10\/Glauser-768x512.jpg 768w\" sizes=\"auto, (max-width: 800px) 100vw, 800px\" \/><p id=\"caption-attachment-2229\" class=\"wp-caption-text\">Die Friedrich-Glauser-Gasse in Z\u00fcrich<\/p><\/div>\n<p><span style=\"font-family: Book Antiqua,Palatino; font-size: 12pt;\">Laure Wyss verbrachte den Grossteil ihres Lebens an der Winkelwiese 6 in Z\u00fcrich. Die engagierte und bekannte Journalistin, Gr\u00fcnderin und Leiterin des TA-Magazins begann nach ihrer Pensionierung ein literarisches Werk zu ver\u00f6ffentlichen. Heute erinnert eine Gedenktafel an die F\u00f6rderin junger Autoren und Wegbereiterin der Emanzipation.<\/span><\/p>\n<div id=\"attachment_2230\" style=\"width: 810px\" class=\"wp-caption alignleft\"><img loading=\"lazy\" decoding=\"async\" aria-describedby=\"caption-attachment-2230\" class=\"size-full wp-image-2230\" src=\"http:\/\/reiseblock.ch\/wordpress\/wp-content\/uploads\/2017\/10\/Schild_Wyss.jpg\" alt=\"Gedenktafel an der Winkelwiese 6\" width=\"800\" height=\"533\" srcset=\"https:\/\/reiseblock.ch\/wordpress\/wp-content\/uploads\/2017\/10\/Schild_Wyss.jpg 800w, https:\/\/reiseblock.ch\/wordpress\/wp-content\/uploads\/2017\/10\/Schild_Wyss-300x200.jpg 300w, https:\/\/reiseblock.ch\/wordpress\/wp-content\/uploads\/2017\/10\/Schild_Wyss-768x512.jpg 768w\" sizes=\"auto, (max-width: 800px) 100vw, 800px\" \/><p id=\"caption-attachment-2230\" class=\"wp-caption-text\">Gedenktafel an der Winkelwiese 6<\/p><\/div>\n<p><span style=\"font-family: Book Antiqua,Palatino; font-size: 12pt;\">Max Frisch ist 1911 in Z\u00fcrich geboren und 80 Jahre auch in seiner Geburtsstadt geboren. Auch wenn er im Laufe seines Lebens an verschiedenen weltweite Stationen lebte, finden sich doch \u00fcberall in Z\u00fcrich Spuren des bekannten Schriftstellers. Das Max-Frisch-Archiv der ETH bietet auf einer App drei Stadtspazierg\u00e4nge an, die zu Wirkorten Frischs f\u00fchren. In der Bodega hat er viel Zeit verbracht, sie war ihm eine erweiterte Wohnstube. Das spanische Lokal ist auch heute jederzeit einen Besuch wert. <\/span><\/p>\n<div id=\"attachment_2231\" style=\"width: 810px\" class=\"wp-caption alignleft\"><img loading=\"lazy\" decoding=\"async\" aria-describedby=\"caption-attachment-2231\" class=\"wp-image-2231 size-full\" src=\"http:\/\/reiseblock.ch\/wordpress\/wp-content\/uploads\/2017\/10\/Bodega.jpg\" alt=\"Auf dem Stadtspaziergang von Z\u00fcrich liest: im Hintergrund die Bodega\" width=\"800\" height=\"533\" srcset=\"https:\/\/reiseblock.ch\/wordpress\/wp-content\/uploads\/2017\/10\/Bodega.jpg 800w, https:\/\/reiseblock.ch\/wordpress\/wp-content\/uploads\/2017\/10\/Bodega-300x200.jpg 300w, https:\/\/reiseblock.ch\/wordpress\/wp-content\/uploads\/2017\/10\/Bodega-768x512.jpg 768w\" sizes=\"auto, (max-width: 800px) 100vw, 800px\" \/><p id=\"caption-attachment-2231\" class=\"wp-caption-text\">Auf dem Stadtspaziergang von \u00abZ\u00fcrich liest\u00bb: im Hintergrund die Bodega<\/p><\/div>\n<p><span style=\"font-family: Book Antiqua,Palatino; font-size: 12pt;\">Es gibt viele weitere Schriftstellerinnen und Schriftsteller zu entdecken, die in Z\u00fcrich ihre Spuren hinterlassen haben. Und diese Spuren f\u00fchren uns immer wieder an verborgene, h\u00fcbsche Winkel der Stadt. <\/span><\/p>\n<div id=\"attachment_2232\" style=\"width: 810px\" class=\"wp-caption alignleft\"><img loading=\"lazy\" decoding=\"async\" aria-describedby=\"caption-attachment-2232\" class=\"size-full wp-image-2232\" src=\"http:\/\/reiseblock.ch\/wordpress\/wp-content\/uploads\/2017\/10\/Altstadt.jpg\" alt=\"Z\u00fcrichs Altstadt: Irgendwo wird immer gebaut\" width=\"800\" height=\"533\" srcset=\"https:\/\/reiseblock.ch\/wordpress\/wp-content\/uploads\/2017\/10\/Altstadt.jpg 800w, https:\/\/reiseblock.ch\/wordpress\/wp-content\/uploads\/2017\/10\/Altstadt-300x200.jpg 300w, https:\/\/reiseblock.ch\/wordpress\/wp-content\/uploads\/2017\/10\/Altstadt-768x512.jpg 768w\" sizes=\"auto, (max-width: 800px) 100vw, 800px\" \/><p id=\"caption-attachment-2232\" class=\"wp-caption-text\">Z\u00fcrichs Altstadt: Irgendwo wird immer gebaut<\/p><\/div>\n","protected":false},"excerpt":{"rendered":"<p>Gerade erst ist das Buchfestival in Z\u00fcrich vor\u00fcber. Dieses Jahr durfte ich einen kleinen Rundgang durch die Altstadt anbieten, auf den Spuren von Schweizer Schriftstellerinnen [&#8230;]<\/p>\n","protected":false},"author":1,"featured_media":2228,"comment_status":"open","ping_status":"open","sticky":false,"template":"","format":"standard","meta":{"footnotes":""},"categories":[8],"tags":[282,283,284,41,281],"class_list":["post-2225","post","type-post","status-publish","format-standard","has-post-thumbnail","hentry","category-tipp","tag-frisch","tag-glauser","tag-laure-wyss","tag-zuerich","tag-zuerich-liest"],"yoast_head":"<!-- This site is optimized with the Yoast SEO plugin v27.8 - https:\/\/yoast.com\/product\/yoast-seo-wordpress\/ -->\n<title>Spaziergang durch die Altstadt von Z\u00fcrich &#8211; Reiseblock<\/title>\n<meta name=\"description\" content=\"Auf einem Spaziergang durch die Altstadt von Z\u00fcrich trifft man immer wieder auf Spuren bekannter Schriftstellerinnen und Schriftsteller.\" \/>\n<meta name=\"robots\" content=\"index, follow, max-snippet:-1, max-image-preview:large, max-video-preview:-1\" \/>\n<link rel=\"canonical\" href=\"https:\/\/reiseblock.ch\/wordpress\/spaziergang-durch-die-altstadt-von-zuerich\/\" \/>\n<meta property=\"og:locale\" content=\"de_DE\" \/>\n<meta property=\"og:type\" content=\"article\" \/>\n<meta property=\"og:title\" content=\"Spaziergang durch die Altstadt von Z\u00fcrich &#8211; Reiseblock\" \/>\n<meta property=\"og:description\" content=\"Auf einem Spaziergang durch die Altstadt von Z\u00fcrich trifft man immer wieder auf Spuren bekannter Schriftstellerinnen und Schriftsteller.\" \/>\n<meta property=\"og:url\" content=\"https:\/\/reiseblock.ch\/wordpress\/spaziergang-durch-die-altstadt-von-zuerich\/\" \/>\n<meta property=\"og:site_name\" content=\"Reiseblock\" \/>\n<meta property=\"article:published_time\" content=\"2017-10-30T19:47:04+00:00\" \/>\n<meta property=\"article:modified_time\" content=\"2025-11-08T20:34:54+00:00\" \/>\n<meta property=\"og:image\" content=\"https:\/\/reiseblock.ch\/wordpress\/wp-content\/uploads\/2017\/10\/Stadt.jpg\" \/>\n\t<meta property=\"og:image:width\" content=\"800\" \/>\n\t<meta property=\"og:image:height\" content=\"600\" \/>\n\t<meta property=\"og:image:type\" content=\"image\/jpeg\" \/>\n<meta name=\"author\" content=\"admin\" \/>\n<meta name=\"twitter:label1\" content=\"Verfasst von\" \/>\n\t<meta name=\"twitter:data1\" content=\"admin\" \/>\n\t<meta name=\"twitter:label2\" content=\"Gesch\u00e4tzte Lesezeit\" \/>\n\t<meta name=\"twitter:data2\" content=\"3\u00a0Minuten\" \/>\n<script type=\"application\/ld+json\" class=\"yoast-schema-graph\">{\"@context\":\"https:\\\/\\\/schema.org\",\"@graph\":[{\"@type\":\"Article\",\"@id\":\"https:\\\/\\\/reiseblock.ch\\\/wordpress\\\/spaziergang-durch-die-altstadt-von-zuerich\\\/#article\",\"isPartOf\":{\"@id\":\"https:\\\/\\\/reiseblock.ch\\\/wordpress\\\/spaziergang-durch-die-altstadt-von-zuerich\\\/\"},\"author\":{\"name\":\"admin\",\"@id\":\"https:\\\/\\\/reiseblock.ch\\\/wordpress\\\/#\\\/schema\\\/person\\\/739b103f8e7941f579794d17e2187721\"},\"headline\":\"Spaziergang durch die Altstadt von Z\u00fcrich\",\"datePublished\":\"2017-10-30T19:47:04+00:00\",\"dateModified\":\"2025-11-08T20:34:54+00:00\",\"mainEntityOfPage\":{\"@id\":\"https:\\\/\\\/reiseblock.ch\\\/wordpress\\\/spaziergang-durch-die-altstadt-von-zuerich\\\/\"},\"wordCount\":361,\"commentCount\":0,\"publisher\":{\"@id\":\"https:\\\/\\\/reiseblock.ch\\\/wordpress\\\/#\\\/schema\\\/person\\\/eafba14374f16d5fa4f73efd49243014\"},\"image\":{\"@id\":\"https:\\\/\\\/reiseblock.ch\\\/wordpress\\\/spaziergang-durch-die-altstadt-von-zuerich\\\/#primaryimage\"},\"thumbnailUrl\":\"https:\\\/\\\/reiseblock.ch\\\/wordpress\\\/wp-content\\\/uploads\\\/2017\\\/10\\\/Stadt.jpg\",\"keywords\":[\"Frisch\",\"Glauser\",\"Laure Wyss\",\"Z\u00fcrich\",\"Z\u00fcrich liest\"],\"articleSection\":[\"Tipp\"],\"inLanguage\":\"de\",\"potentialAction\":[{\"@type\":\"CommentAction\",\"name\":\"Comment\",\"target\":[\"https:\\\/\\\/reiseblock.ch\\\/wordpress\\\/spaziergang-durch-die-altstadt-von-zuerich\\\/#respond\"]}]},{\"@type\":\"WebPage\",\"@id\":\"https:\\\/\\\/reiseblock.ch\\\/wordpress\\\/spaziergang-durch-die-altstadt-von-zuerich\\\/\",\"url\":\"https:\\\/\\\/reiseblock.ch\\\/wordpress\\\/spaziergang-durch-die-altstadt-von-zuerich\\\/\",\"name\":\"Spaziergang durch die Altstadt von Z\u00fcrich &#8211; Reiseblock\",\"isPartOf\":{\"@id\":\"https:\\\/\\\/reiseblock.ch\\\/wordpress\\\/#website\"},\"primaryImageOfPage\":{\"@id\":\"https:\\\/\\\/reiseblock.ch\\\/wordpress\\\/spaziergang-durch-die-altstadt-von-zuerich\\\/#primaryimage\"},\"image\":{\"@id\":\"https:\\\/\\\/reiseblock.ch\\\/wordpress\\\/spaziergang-durch-die-altstadt-von-zuerich\\\/#primaryimage\"},\"thumbnailUrl\":\"https:\\\/\\\/reiseblock.ch\\\/wordpress\\\/wp-content\\\/uploads\\\/2017\\\/10\\\/Stadt.jpg\",\"datePublished\":\"2017-10-30T19:47:04+00:00\",\"dateModified\":\"2025-11-08T20:34:54+00:00\",\"description\":\"Auf einem Spaziergang durch die Altstadt von Z\u00fcrich trifft man immer wieder auf Spuren bekannter Schriftstellerinnen und Schriftsteller.\",\"breadcrumb\":{\"@id\":\"https:\\\/\\\/reiseblock.ch\\\/wordpress\\\/spaziergang-durch-die-altstadt-von-zuerich\\\/#breadcrumb\"},\"inLanguage\":\"de\",\"potentialAction\":[{\"@type\":\"ReadAction\",\"target\":[\"https:\\\/\\\/reiseblock.ch\\\/wordpress\\\/spaziergang-durch-die-altstadt-von-zuerich\\\/\"]}]},{\"@type\":\"ImageObject\",\"inLanguage\":\"de\",\"@id\":\"https:\\\/\\\/reiseblock.ch\\\/wordpress\\\/spaziergang-durch-die-altstadt-von-zuerich\\\/#primaryimage\",\"url\":\"https:\\\/\\\/reiseblock.ch\\\/wordpress\\\/wp-content\\\/uploads\\\/2017\\\/10\\\/Stadt.jpg\",\"contentUrl\":\"https:\\\/\\\/reiseblock.ch\\\/wordpress\\\/wp-content\\\/uploads\\\/2017\\\/10\\\/Stadt.jpg\",\"width\":800,\"height\":600,\"caption\":\"Die Stadt Z\u00fcrich in Abendstimmung\"},{\"@type\":\"BreadcrumbList\",\"@id\":\"https:\\\/\\\/reiseblock.ch\\\/wordpress\\\/spaziergang-durch-die-altstadt-von-zuerich\\\/#breadcrumb\",\"itemListElement\":[{\"@type\":\"ListItem\",\"position\":1,\"name\":\"Home\",\"item\":\"https:\\\/\\\/reiseblock.ch\\\/wordpress\\\/\"},{\"@type\":\"ListItem\",\"position\":2,\"name\":\"Spaziergang durch die Altstadt von Z\u00fcrich\"}]},{\"@type\":\"WebSite\",\"@id\":\"https:\\\/\\\/reiseblock.ch\\\/wordpress\\\/#website\",\"url\":\"https:\\\/\\\/reiseblock.ch\\\/wordpress\\\/\",\"name\":\"Reiseblock\",\"description\":\"Ursula Kohlers ReiseWeise\",\"publisher\":{\"@id\":\"https:\\\/\\\/reiseblock.ch\\\/wordpress\\\/#\\\/schema\\\/person\\\/eafba14374f16d5fa4f73efd49243014\"},\"potentialAction\":[{\"@type\":\"SearchAction\",\"target\":{\"@type\":\"EntryPoint\",\"urlTemplate\":\"https:\\\/\\\/reiseblock.ch\\\/wordpress\\\/?s={search_term_string}\"},\"query-input\":{\"@type\":\"PropertyValueSpecification\",\"valueRequired\":true,\"valueName\":\"search_term_string\"}}],\"inLanguage\":\"de\"},{\"@type\":[\"Person\",\"Organization\"],\"@id\":\"https:\\\/\\\/reiseblock.ch\\\/wordpress\\\/#\\\/schema\\\/person\\\/eafba14374f16d5fa4f73efd49243014\",\"name\":\"Ursula Kohler\",\"image\":{\"@type\":\"ImageObject\",\"inLanguage\":\"de\",\"@id\":\"https:\\\/\\\/secure.gravatar.com\\\/avatar\\\/014d9b9a971f617638f4298cbb55f92d20b3bf0d1c9cc32f65333b2769bcf867?s=96&d=blank&r=g\",\"url\":\"https:\\\/\\\/secure.gravatar.com\\\/avatar\\\/014d9b9a971f617638f4298cbb55f92d20b3bf0d1c9cc32f65333b2769bcf867?s=96&d=blank&r=g\",\"contentUrl\":\"https:\\\/\\\/secure.gravatar.com\\\/avatar\\\/014d9b9a971f617638f4298cbb55f92d20b3bf0d1c9cc32f65333b2769bcf867?s=96&d=blank&r=g\",\"caption\":\"Ursula Kohler\"},\"logo\":{\"@id\":\"https:\\\/\\\/secure.gravatar.com\\\/avatar\\\/014d9b9a971f617638f4298cbb55f92d20b3bf0d1c9cc32f65333b2769bcf867?s=96&d=blank&r=g\"}},{\"@type\":\"Person\",\"@id\":\"https:\\\/\\\/reiseblock.ch\\\/wordpress\\\/#\\\/schema\\\/person\\\/739b103f8e7941f579794d17e2187721\",\"name\":\"admin\",\"image\":{\"@type\":\"ImageObject\",\"inLanguage\":\"de\",\"@id\":\"https:\\\/\\\/secure.gravatar.com\\\/avatar\\\/a0f702f22ecd58ce02800a54cb2055cabe1fa8d7cf75ab377ce2f2b8503f188c?s=96&d=blank&r=g\",\"url\":\"https:\\\/\\\/secure.gravatar.com\\\/avatar\\\/a0f702f22ecd58ce02800a54cb2055cabe1fa8d7cf75ab377ce2f2b8503f188c?s=96&d=blank&r=g\",\"contentUrl\":\"https:\\\/\\\/secure.gravatar.com\\\/avatar\\\/a0f702f22ecd58ce02800a54cb2055cabe1fa8d7cf75ab377ce2f2b8503f188c?s=96&d=blank&r=g\",\"caption\":\"admin\"},\"url\":\"https:\\\/\\\/reiseblock.ch\\\/wordpress\\\/author\\\/admin\\\/\"}]}<\/script>\n<!-- \/ Yoast SEO plugin. -->","yoast_head_json":{"title":"Spaziergang durch die Altstadt von Z\u00fcrich &#8211; Reiseblock","description":"Auf einem Spaziergang durch die Altstadt von Z\u00fcrich trifft man immer wieder auf Spuren bekannter Schriftstellerinnen und Schriftsteller.","robots":{"index":"index","follow":"follow","max-snippet":"max-snippet:-1","max-image-preview":"max-image-preview:large","max-video-preview":"max-video-preview:-1"},"canonical":"https:\/\/reiseblock.ch\/wordpress\/spaziergang-durch-die-altstadt-von-zuerich\/","og_locale":"de_DE","og_type":"article","og_title":"Spaziergang durch die Altstadt von Z\u00fcrich &#8211; Reiseblock","og_description":"Auf einem Spaziergang durch die Altstadt von Z\u00fcrich trifft man immer wieder auf Spuren bekannter Schriftstellerinnen und Schriftsteller.","og_url":"https:\/\/reiseblock.ch\/wordpress\/spaziergang-durch-die-altstadt-von-zuerich\/","og_site_name":"Reiseblock","article_published_time":"2017-10-30T19:47:04+00:00","article_modified_time":"2025-11-08T20:34:54+00:00","og_image":[{"width":800,"height":600,"url":"https:\/\/reiseblock.ch\/wordpress\/wp-content\/uploads\/2017\/10\/Stadt.jpg","type":"image\/jpeg"}],"author":"admin","twitter_misc":{"Verfasst von":"admin","Gesch\u00e4tzte Lesezeit":"3\u00a0Minuten"},"schema":{"@context":"https:\/\/schema.org","@graph":[{"@type":"Article","@id":"https:\/\/reiseblock.ch\/wordpress\/spaziergang-durch-die-altstadt-von-zuerich\/#article","isPartOf":{"@id":"https:\/\/reiseblock.ch\/wordpress\/spaziergang-durch-die-altstadt-von-zuerich\/"},"author":{"name":"admin","@id":"https:\/\/reiseblock.ch\/wordpress\/#\/schema\/person\/739b103f8e7941f579794d17e2187721"},"headline":"Spaziergang durch die Altstadt von Z\u00fcrich","datePublished":"2017-10-30T19:47:04+00:00","dateModified":"2025-11-08T20:34:54+00:00","mainEntityOfPage":{"@id":"https:\/\/reiseblock.ch\/wordpress\/spaziergang-durch-die-altstadt-von-zuerich\/"},"wordCount":361,"commentCount":0,"publisher":{"@id":"https:\/\/reiseblock.ch\/wordpress\/#\/schema\/person\/eafba14374f16d5fa4f73efd49243014"},"image":{"@id":"https:\/\/reiseblock.ch\/wordpress\/spaziergang-durch-die-altstadt-von-zuerich\/#primaryimage"},"thumbnailUrl":"https:\/\/reiseblock.ch\/wordpress\/wp-content\/uploads\/2017\/10\/Stadt.jpg","keywords":["Frisch","Glauser","Laure Wyss","Z\u00fcrich","Z\u00fcrich liest"],"articleSection":["Tipp"],"inLanguage":"de","potentialAction":[{"@type":"CommentAction","name":"Comment","target":["https:\/\/reiseblock.ch\/wordpress\/spaziergang-durch-die-altstadt-von-zuerich\/#respond"]}]},{"@type":"WebPage","@id":"https:\/\/reiseblock.ch\/wordpress\/spaziergang-durch-die-altstadt-von-zuerich\/","url":"https:\/\/reiseblock.ch\/wordpress\/spaziergang-durch-die-altstadt-von-zuerich\/","name":"Spaziergang durch die Altstadt von Z\u00fcrich &#8211; Reiseblock","isPartOf":{"@id":"https:\/\/reiseblock.ch\/wordpress\/#website"},"primaryImageOfPage":{"@id":"https:\/\/reiseblock.ch\/wordpress\/spaziergang-durch-die-altstadt-von-zuerich\/#primaryimage"},"image":{"@id":"https:\/\/reiseblock.ch\/wordpress\/spaziergang-durch-die-altstadt-von-zuerich\/#primaryimage"},"thumbnailUrl":"https:\/\/reiseblock.ch\/wordpress\/wp-content\/uploads\/2017\/10\/Stadt.jpg","datePublished":"2017-10-30T19:47:04+00:00","dateModified":"2025-11-08T20:34:54+00:00","description":"Auf einem Spaziergang durch die Altstadt von Z\u00fcrich trifft man immer wieder auf Spuren bekannter Schriftstellerinnen und Schriftsteller.","breadcrumb":{"@id":"https:\/\/reiseblock.ch\/wordpress\/spaziergang-durch-die-altstadt-von-zuerich\/#breadcrumb"},"inLanguage":"de","potentialAction":[{"@type":"ReadAction","target":["https:\/\/reiseblock.ch\/wordpress\/spaziergang-durch-die-altstadt-von-zuerich\/"]}]},{"@type":"ImageObject","inLanguage":"de","@id":"https:\/\/reiseblock.ch\/wordpress\/spaziergang-durch-die-altstadt-von-zuerich\/#primaryimage","url":"https:\/\/reiseblock.ch\/wordpress\/wp-content\/uploads\/2017\/10\/Stadt.jpg","contentUrl":"https:\/\/reiseblock.ch\/wordpress\/wp-content\/uploads\/2017\/10\/Stadt.jpg","width":800,"height":600,"caption":"Die Stadt Z\u00fcrich in Abendstimmung"},{"@type":"BreadcrumbList","@id":"https:\/\/reiseblock.ch\/wordpress\/spaziergang-durch-die-altstadt-von-zuerich\/#breadcrumb","itemListElement":[{"@type":"ListItem","position":1,"name":"Home","item":"https:\/\/reiseblock.ch\/wordpress\/"},{"@type":"ListItem","position":2,"name":"Spaziergang durch die Altstadt von Z\u00fcrich"}]},{"@type":"WebSite","@id":"https:\/\/reiseblock.ch\/wordpress\/#website","url":"https:\/\/reiseblock.ch\/wordpress\/","name":"Reiseblock","description":"Ursula Kohlers ReiseWeise","publisher":{"@id":"https:\/\/reiseblock.ch\/wordpress\/#\/schema\/person\/eafba14374f16d5fa4f73efd49243014"},"potentialAction":[{"@type":"SearchAction","target":{"@type":"EntryPoint","urlTemplate":"https:\/\/reiseblock.ch\/wordpress\/?s={search_term_string}"},"query-input":{"@type":"PropertyValueSpecification","valueRequired":true,"valueName":"search_term_string"}}],"inLanguage":"de"},{"@type":["Person","Organization"],"@id":"https:\/\/reiseblock.ch\/wordpress\/#\/schema\/person\/eafba14374f16d5fa4f73efd49243014","name":"Ursula Kohler","image":{"@type":"ImageObject","inLanguage":"de","@id":"https:\/\/secure.gravatar.com\/avatar\/014d9b9a971f617638f4298cbb55f92d20b3bf0d1c9cc32f65333b2769bcf867?s=96&d=blank&r=g","url":"https:\/\/secure.gravatar.com\/avatar\/014d9b9a971f617638f4298cbb55f92d20b3bf0d1c9cc32f65333b2769bcf867?s=96&d=blank&r=g","contentUrl":"https:\/\/secure.gravatar.com\/avatar\/014d9b9a971f617638f4298cbb55f92d20b3bf0d1c9cc32f65333b2769bcf867?s=96&d=blank&r=g","caption":"Ursula Kohler"},"logo":{"@id":"https:\/\/secure.gravatar.com\/avatar\/014d9b9a971f617638f4298cbb55f92d20b3bf0d1c9cc32f65333b2769bcf867?s=96&d=blank&r=g"}},{"@type":"Person","@id":"https:\/\/reiseblock.ch\/wordpress\/#\/schema\/person\/739b103f8e7941f579794d17e2187721","name":"admin","image":{"@type":"ImageObject","inLanguage":"de","@id":"https:\/\/secure.gravatar.com\/avatar\/a0f702f22ecd58ce02800a54cb2055cabe1fa8d7cf75ab377ce2f2b8503f188c?s=96&d=blank&r=g","url":"https:\/\/secure.gravatar.com\/avatar\/a0f702f22ecd58ce02800a54cb2055cabe1fa8d7cf75ab377ce2f2b8503f188c?s=96&d=blank&r=g","contentUrl":"https:\/\/secure.gravatar.com\/avatar\/a0f702f22ecd58ce02800a54cb2055cabe1fa8d7cf75ab377ce2f2b8503f188c?s=96&d=blank&r=g","caption":"admin"},"url":"https:\/\/reiseblock.ch\/wordpress\/author\/admin\/"}]}},"_links":{"self":[{"href":"https:\/\/reiseblock.ch\/wordpress\/wp-json\/wp\/v2\/posts\/2225","targetHints":{"allow":["GET"]}}],"collection":[{"href":"https:\/\/reiseblock.ch\/wordpress\/wp-json\/wp\/v2\/posts"}],"about":[{"href":"https:\/\/reiseblock.ch\/wordpress\/wp-json\/wp\/v2\/types\/post"}],"author":[{"embeddable":true,"href":"https:\/\/reiseblock.ch\/wordpress\/wp-json\/wp\/v2\/users\/1"}],"replies":[{"embeddable":true,"href":"https:\/\/reiseblock.ch\/wordpress\/wp-json\/wp\/v2\/comments?post=2225"}],"version-history":[{"count":4,"href":"https:\/\/reiseblock.ch\/wordpress\/wp-json\/wp\/v2\/posts\/2225\/revisions"}],"predecessor-version":[{"id":2234,"href":"https:\/\/reiseblock.ch\/wordpress\/wp-json\/wp\/v2\/posts\/2225\/revisions\/2234"}],"wp:featuredmedia":[{"embeddable":true,"href":"https:\/\/reiseblock.ch\/wordpress\/wp-json\/wp\/v2\/media\/2228"}],"wp:attachment":[{"href":"https:\/\/reiseblock.ch\/wordpress\/wp-json\/wp\/v2\/media?parent=2225"}],"wp:term":[{"taxonomy":"category","embeddable":true,"href":"https:\/\/reiseblock.ch\/wordpress\/wp-json\/wp\/v2\/categories?post=2225"},{"taxonomy":"post_tag","embeddable":true,"href":"https:\/\/reiseblock.ch\/wordpress\/wp-json\/wp\/v2\/tags?post=2225"}],"curies":[{"name":"wp","href":"https:\/\/api.w.org\/{rel}","templated":true}]}}