{"id":2208,"date":"2017-10-23T10:11:39","date_gmt":"2017-10-23T08:11:39","guid":{"rendered":"http:\/\/reiseblock.ch\/?p=2208"},"modified":"2025-11-08T21:36:18","modified_gmt":"2025-11-08T20:36:18","slug":"herbsttage-im-suedtirol","status":"publish","type":"post","link":"https:\/\/reiseblock.ch\/wordpress\/herbsttage-im-suedtirol\/","title":{"rendered":"Sonnige Herbsttage im S\u00fcdtirol"},"content":{"rendered":"<div id=\"attachment_2211\" style=\"width: 810px\" class=\"wp-caption alignleft\"><img loading=\"lazy\" decoding=\"async\" aria-describedby=\"caption-attachment-2211\" class=\"size-full wp-image-2211\" src=\"http:\/\/reiseblock.ch\/wordpress\/wp-content\/uploads\/2017\/10\/Kalch.jpg\" alt=\"Kalch am Jaufenpass mit dem Hotel Kalcherhof\" width=\"800\" height=\"600\" srcset=\"https:\/\/reiseblock.ch\/wordpress\/wp-content\/uploads\/2017\/10\/Kalch.jpg 800w, https:\/\/reiseblock.ch\/wordpress\/wp-content\/uploads\/2017\/10\/Kalch-300x225.jpg 300w, https:\/\/reiseblock.ch\/wordpress\/wp-content\/uploads\/2017\/10\/Kalch-768x576.jpg 768w\" sizes=\"auto, (max-width: 800px) 100vw, 800px\" \/><p id=\"caption-attachment-2211\" class=\"wp-caption-text\">Kalch am Jaufenpass mit dem Hotel Kalcherhof<\/p><\/div>\n<p><span style=\"font-size: 12pt; font-family: Verdana,Geneva;\"><span style=\"font-family: Book Antiqua,Palatino;\">Dieses Jahr suchten (vor allem) meine j\u00fcngere Tochter und ich einen Ort, an dem wir reiten konnten. Toscana, Camargue oder S\u00fcdtirol? Wir entschieden uns mutig f\u00fcr Letzteres. Eine Woche Ende Oktober auf 1400 Meter H\u00f6he in Kalch beim Jaufenpass. Winterjacke, M\u00fctze, Handschuhe eingepackt \u2013 und den ersten Tag am Pool in den Badehosen auf dem Liegestuhl verbracht.<\/span><\/span><\/p>\n<p><!--more--><\/p>\n<div id=\"attachment_2212\" style=\"width: 8010px\" class=\"wp-caption alignleft\"><img loading=\"lazy\" decoding=\"async\" aria-describedby=\"caption-attachment-2212\" class=\"size-full wp-image-2212\" src=\"http:\/\/reiseblock.ch\/wordpress\/wp-content\/uploads\/2017\/10\/Sterzing.jpg\" alt=\"Sterzing ist ein h\u00fcbsches kleines St\u00e4dchen mit einer kleinen Fussg\u00e4ngerzone\" width=\"8000\" height=\"6000\" srcset=\"https:\/\/reiseblock.ch\/wordpress\/wp-content\/uploads\/2017\/10\/Sterzing.jpg 8000w, https:\/\/reiseblock.ch\/wordpress\/wp-content\/uploads\/2017\/10\/Sterzing-300x225.jpg 300w, https:\/\/reiseblock.ch\/wordpress\/wp-content\/uploads\/2017\/10\/Sterzing-768x576.jpg 768w, https:\/\/reiseblock.ch\/wordpress\/wp-content\/uploads\/2017\/10\/Sterzing-1024x768.jpg 1024w\" sizes=\"auto, (max-width: 8000px) 100vw, 8000px\" \/><p id=\"caption-attachment-2212\" class=\"wp-caption-text\">Sterzing ist ein h\u00fcbsches kleines St\u00e4dchen mit einer kleinen Fussg\u00e4ngerzone<\/p><\/div>\n<p><span style=\"font-size: 12pt; font-family: Verdana,Geneva;\"><span style=\"font-family: Book Antiqua,Palatino;\">Die Anreise bis Sterzing\/Vipiteno dauert mit dem Zug gut 5 Stunden, via Innsbruck und Brenner. Das Ticket von Innsbruck ins S\u00fcdtirol konnte man seltsamerweise nicht in der Schweiz l\u00f6sen, was aber letztlich kein Problem war, weil der Aufenthalt in Innsbruck f\u00fcrs L\u00f6sen eines Anschlusstickets ausreicht.<\/span> <\/span><\/p>\n<p><span style=\"font-size: 12pt; font-family: Book Antiqua,Palatino;\">Die Ankunft war dann eher \u00abitalienisch\u00bb. Weit und breit keiner am Bahnhof, um uns abzuholen, daf\u00fcr auf Nachfrage schnell ein Transport organisiert. Reitstunden zwar gebucht, aber ob wir auch f\u00fcr Ausritte taugen? Bei meiner Tochter wars nach einem Tag so weit, bei mir dann Mitte Woche. Und ich muss gestehen, das Gel\u00e4nde war echt schwierig zu bew\u00e4ltigen, H\u00f6henmeter rauf und runter. Mir hat das Pferd leidgetan, was dann f\u00fcr die sichere F\u00fchrung weniger getaugt hat.<\/span><\/p>\n<div id=\"attachment_2213\" style=\"width: 810px\" class=\"wp-caption alignleft\"><img loading=\"lazy\" decoding=\"async\" aria-describedby=\"caption-attachment-2213\" class=\"size-full wp-image-2213\" src=\"http:\/\/reiseblock.ch\/wordpress\/wp-content\/uploads\/2017\/10\/Pferde_1.jpg\" alt=\"Die Pferdekoppel \u2013 der sichere Ort f\u00fcr Reitunerfahrene\" width=\"800\" height=\"600\" srcset=\"https:\/\/reiseblock.ch\/wordpress\/wp-content\/uploads\/2017\/10\/Pferde_1.jpg 800w, https:\/\/reiseblock.ch\/wordpress\/wp-content\/uploads\/2017\/10\/Pferde_1-300x225.jpg 300w, https:\/\/reiseblock.ch\/wordpress\/wp-content\/uploads\/2017\/10\/Pferde_1-768x576.jpg 768w\" sizes=\"auto, (max-width: 800px) 100vw, 800px\" \/><p id=\"caption-attachment-2213\" class=\"wp-caption-text\">Die Pferdekoppel \u2013 der sichere Ort f\u00fcr Reitunerfahrene<\/p><\/div>\n<p><span style=\"font-family: Book Antiqua,Palatino; font-size: 12pt;\">Das S\u00fcdtirol ist geschichtlich \u00e4usserst interessant. Nach dem Ende des Ersten Weltkriegs wurde es von \u00d6sterreich abgetrennt und Italien zugesprochen. Die verbreitete Sprache ist folglich in dieser Gegend Deutsch. Zu Beginn des Zweiten Weltkriegs wurden Zehntausende von S\u00fcdtirolern ins Deutsche Reich umgesiedelt und gegen Ende des Kriegs geriet das Gebiet unter Nationalsozialistische Kontrolle. Heute ist das S\u00fcdtirol eine autonome Provinz. Darauf bestehen die Leute. Wie sagte es ein Taxifahrer? \u00abIch bin S\u00fcdtiroler mit einem italienischen Pass.\u00bb<\/span><\/p>\n<div id=\"attachment_2214\" style=\"width: 810px\" class=\"wp-caption alignleft\"><img loading=\"lazy\" decoding=\"async\" aria-describedby=\"caption-attachment-2214\" class=\"size-full wp-image-2214\" src=\"http:\/\/reiseblock.ch\/wordpress\/wp-content\/uploads\/2017\/10\/Jaufenhaus.jpg\" alt=\"Das Jaufenhaus liegt direkt unterhalb des Jaufenpasses und f\u00fchrt ins Skigebiet Ratschings\" width=\"800\" height=\"600\" srcset=\"https:\/\/reiseblock.ch\/wordpress\/wp-content\/uploads\/2017\/10\/Jaufenhaus.jpg 800w, https:\/\/reiseblock.ch\/wordpress\/wp-content\/uploads\/2017\/10\/Jaufenhaus-300x225.jpg 300w, https:\/\/reiseblock.ch\/wordpress\/wp-content\/uploads\/2017\/10\/Jaufenhaus-768x576.jpg 768w\" sizes=\"auto, (max-width: 800px) 100vw, 800px\" \/><p id=\"caption-attachment-2214\" class=\"wp-caption-text\">Das Jaufenhaus liegt direkt unterhalb des Jaufenpasses und f\u00fchrt ins Skigebiet Ratschings<\/p><\/div>\n<p><span style=\"font-family: Book Antiqua,Palatino; font-size: 12pt;\">Leider haben wir nicht viel vom S\u00fcdtirol gesehen. Einerseits lag das an unserem Sportprogramm im Hotel Kalcherhof. Anderseits war Kalch zu dieser Zeit mit den \u00f6ffentlichen Verkehrsmitteln bereits vom Rest der Gegend abgeschnitten. Ein Grund, um wiederzukommen und <a href=\"https:\/\/www.suedtirol.info\/de\" target=\"_blank\" rel=\"noopener\">andere Pl\u00e4tzchen<\/a> im S\u00fcdtirol zu entdecken.<\/span><\/p>\n<div id=\"attachment_2216\" style=\"width: 810px\" class=\"wp-caption alignleft\"><img loading=\"lazy\" decoding=\"async\" aria-describedby=\"caption-attachment-2216\" class=\"size-full wp-image-2216\" src=\"http:\/\/reiseblock.ch\/wordpress\/wp-content\/uploads\/2017\/10\/Wegweiser.jpg\" alt=\"Das Wegnetz f\u00fcr Wanderfreudige ist gut ausgeschildert\" width=\"800\" height=\"600\" srcset=\"https:\/\/reiseblock.ch\/wordpress\/wp-content\/uploads\/2017\/10\/Wegweiser.jpg 800w, https:\/\/reiseblock.ch\/wordpress\/wp-content\/uploads\/2017\/10\/Wegweiser-300x225.jpg 300w, https:\/\/reiseblock.ch\/wordpress\/wp-content\/uploads\/2017\/10\/Wegweiser-768x576.jpg 768w\" sizes=\"auto, (max-width: 800px) 100vw, 800px\" \/><p id=\"caption-attachment-2216\" class=\"wp-caption-text\">Das Wegnetz f\u00fcr Wanderfreudige ist gut ausgeschildert<\/p><\/div>\n<p>&nbsp;<\/p>\n<p><span style=\"font-family: Book Antiqua,Palatino; font-size: 12pt;\">\u00a0 <\/span><\/p>\n<p>&nbsp;<\/p>\n<p>&nbsp;<\/p>\n<p>&nbsp;<\/p>\n","protected":false},"excerpt":{"rendered":"<p>Dieses Jahr suchten (vor allem) meine j\u00fcngere Tochter und ich einen Ort, an dem wir reiten konnten. Toscana, Camargue oder S\u00fcdtirol? Wir entschieden uns mutig [&#8230;]<\/p>\n","protected":false},"author":1,"featured_media":2211,"comment_status":"open","ping_status":"open","sticky":false,"template":"","format":"standard","meta":{"footnotes":""},"categories":[6],"tags":[280,279,278],"class_list":["post-2208","post","type-post","status-publish","format-standard","has-post-thumbnail","hentry","category-beitrag","tag-jaufenpass","tag-kalch","tag-suedtirol"],"yoast_head":"<!-- This site is optimized with the Yoast SEO plugin v27.8 - https:\/\/yoast.com\/product\/yoast-seo-wordpress\/ -->\n<title>Sonnige Herbsttage im S\u00fcdtirol &#8211; Reiseblock<\/title>\n<meta name=\"description\" content=\"Der Herbst ist wundersch\u00f6n im S\u00fcdtirol, vor allem wenn das Wetter mitspielt. F\u00fcr Naturliebhaber wie f\u00fcr Kulturinteressierte zu empfehlen.\" \/>\n<meta name=\"robots\" content=\"index, follow, max-snippet:-1, max-image-preview:large, max-video-preview:-1\" \/>\n<link rel=\"canonical\" href=\"https:\/\/reiseblock.ch\/wordpress\/herbsttage-im-suedtirol\/\" \/>\n<meta property=\"og:locale\" content=\"de_DE\" \/>\n<meta property=\"og:type\" content=\"article\" \/>\n<meta property=\"og:title\" content=\"Sonnige Herbsttage im S\u00fcdtirol &#8211; Reiseblock\" \/>\n<meta property=\"og:description\" content=\"Der Herbst ist wundersch\u00f6n im S\u00fcdtirol, vor allem wenn das Wetter mitspielt. F\u00fcr Naturliebhaber wie f\u00fcr Kulturinteressierte zu empfehlen.\" \/>\n<meta property=\"og:url\" content=\"https:\/\/reiseblock.ch\/wordpress\/herbsttage-im-suedtirol\/\" \/>\n<meta property=\"og:site_name\" content=\"Reiseblock\" \/>\n<meta property=\"article:published_time\" content=\"2017-10-23T08:11:39+00:00\" \/>\n<meta property=\"article:modified_time\" content=\"2025-11-08T20:36:18+00:00\" \/>\n<meta property=\"og:image\" content=\"https:\/\/reiseblock.ch\/wordpress\/wp-content\/uploads\/2017\/10\/Kalch.jpg\" \/>\n\t<meta property=\"og:image:width\" content=\"800\" \/>\n\t<meta property=\"og:image:height\" content=\"600\" \/>\n\t<meta property=\"og:image:type\" content=\"image\/jpeg\" \/>\n<meta name=\"author\" content=\"admin\" \/>\n<meta name=\"twitter:label1\" content=\"Verfasst von\" \/>\n\t<meta name=\"twitter:data1\" content=\"admin\" \/>\n\t<meta name=\"twitter:label2\" content=\"Gesch\u00e4tzte Lesezeit\" \/>\n\t<meta name=\"twitter:data2\" content=\"4\u00a0Minuten\" \/>\n<script type=\"application\/ld+json\" class=\"yoast-schema-graph\">{\"@context\":\"https:\\\/\\\/schema.org\",\"@graph\":[{\"@type\":\"Article\",\"@id\":\"https:\\\/\\\/reiseblock.ch\\\/wordpress\\\/herbsttage-im-suedtirol\\\/#article\",\"isPartOf\":{\"@id\":\"https:\\\/\\\/reiseblock.ch\\\/wordpress\\\/herbsttage-im-suedtirol\\\/\"},\"author\":{\"name\":\"admin\",\"@id\":\"https:\\\/\\\/reiseblock.ch\\\/wordpress\\\/#\\\/schema\\\/person\\\/739b103f8e7941f579794d17e2187721\"},\"headline\":\"Sonnige Herbsttage im S\u00fcdtirol\",\"datePublished\":\"2017-10-23T08:11:39+00:00\",\"dateModified\":\"2025-11-08T20:36:18+00:00\",\"mainEntityOfPage\":{\"@id\":\"https:\\\/\\\/reiseblock.ch\\\/wordpress\\\/herbsttage-im-suedtirol\\\/\"},\"wordCount\":411,\"commentCount\":0,\"publisher\":{\"@id\":\"https:\\\/\\\/reiseblock.ch\\\/wordpress\\\/#\\\/schema\\\/person\\\/eafba14374f16d5fa4f73efd49243014\"},\"image\":{\"@id\":\"https:\\\/\\\/reiseblock.ch\\\/wordpress\\\/herbsttage-im-suedtirol\\\/#primaryimage\"},\"thumbnailUrl\":\"https:\\\/\\\/reiseblock.ch\\\/wordpress\\\/wp-content\\\/uploads\\\/2017\\\/10\\\/Kalch.jpg\",\"keywords\":[\"Jaufenpass\",\"Kalch\",\"S\u00fcdtirol\"],\"articleSection\":[\"Beitrag\"],\"inLanguage\":\"de\",\"potentialAction\":[{\"@type\":\"CommentAction\",\"name\":\"Comment\",\"target\":[\"https:\\\/\\\/reiseblock.ch\\\/wordpress\\\/herbsttage-im-suedtirol\\\/#respond\"]}]},{\"@type\":\"WebPage\",\"@id\":\"https:\\\/\\\/reiseblock.ch\\\/wordpress\\\/herbsttage-im-suedtirol\\\/\",\"url\":\"https:\\\/\\\/reiseblock.ch\\\/wordpress\\\/herbsttage-im-suedtirol\\\/\",\"name\":\"Sonnige Herbsttage im S\u00fcdtirol &#8211; Reiseblock\",\"isPartOf\":{\"@id\":\"https:\\\/\\\/reiseblock.ch\\\/wordpress\\\/#website\"},\"primaryImageOfPage\":{\"@id\":\"https:\\\/\\\/reiseblock.ch\\\/wordpress\\\/herbsttage-im-suedtirol\\\/#primaryimage\"},\"image\":{\"@id\":\"https:\\\/\\\/reiseblock.ch\\\/wordpress\\\/herbsttage-im-suedtirol\\\/#primaryimage\"},\"thumbnailUrl\":\"https:\\\/\\\/reiseblock.ch\\\/wordpress\\\/wp-content\\\/uploads\\\/2017\\\/10\\\/Kalch.jpg\",\"datePublished\":\"2017-10-23T08:11:39+00:00\",\"dateModified\":\"2025-11-08T20:36:18+00:00\",\"description\":\"Der Herbst ist wundersch\u00f6n im S\u00fcdtirol, vor allem wenn das Wetter mitspielt. F\u00fcr Naturliebhaber wie f\u00fcr Kulturinteressierte zu empfehlen.\",\"breadcrumb\":{\"@id\":\"https:\\\/\\\/reiseblock.ch\\\/wordpress\\\/herbsttage-im-suedtirol\\\/#breadcrumb\"},\"inLanguage\":\"de\",\"potentialAction\":[{\"@type\":\"ReadAction\",\"target\":[\"https:\\\/\\\/reiseblock.ch\\\/wordpress\\\/herbsttage-im-suedtirol\\\/\"]}]},{\"@type\":\"ImageObject\",\"inLanguage\":\"de\",\"@id\":\"https:\\\/\\\/reiseblock.ch\\\/wordpress\\\/herbsttage-im-suedtirol\\\/#primaryimage\",\"url\":\"https:\\\/\\\/reiseblock.ch\\\/wordpress\\\/wp-content\\\/uploads\\\/2017\\\/10\\\/Kalch.jpg\",\"contentUrl\":\"https:\\\/\\\/reiseblock.ch\\\/wordpress\\\/wp-content\\\/uploads\\\/2017\\\/10\\\/Kalch.jpg\",\"width\":800,\"height\":600,\"caption\":\"Kalch am Jaufenpass mit dem Hotel Kalcherhof\"},{\"@type\":\"BreadcrumbList\",\"@id\":\"https:\\\/\\\/reiseblock.ch\\\/wordpress\\\/herbsttage-im-suedtirol\\\/#breadcrumb\",\"itemListElement\":[{\"@type\":\"ListItem\",\"position\":1,\"name\":\"Home\",\"item\":\"https:\\\/\\\/reiseblock.ch\\\/wordpress\\\/\"},{\"@type\":\"ListItem\",\"position\":2,\"name\":\"Sonnige Herbsttage im S\u00fcdtirol\"}]},{\"@type\":\"WebSite\",\"@id\":\"https:\\\/\\\/reiseblock.ch\\\/wordpress\\\/#website\",\"url\":\"https:\\\/\\\/reiseblock.ch\\\/wordpress\\\/\",\"name\":\"Reiseblock\",\"description\":\"Ursula Kohlers ReiseWeise\",\"publisher\":{\"@id\":\"https:\\\/\\\/reiseblock.ch\\\/wordpress\\\/#\\\/schema\\\/person\\\/eafba14374f16d5fa4f73efd49243014\"},\"potentialAction\":[{\"@type\":\"SearchAction\",\"target\":{\"@type\":\"EntryPoint\",\"urlTemplate\":\"https:\\\/\\\/reiseblock.ch\\\/wordpress\\\/?s={search_term_string}\"},\"query-input\":{\"@type\":\"PropertyValueSpecification\",\"valueRequired\":true,\"valueName\":\"search_term_string\"}}],\"inLanguage\":\"de\"},{\"@type\":[\"Person\",\"Organization\"],\"@id\":\"https:\\\/\\\/reiseblock.ch\\\/wordpress\\\/#\\\/schema\\\/person\\\/eafba14374f16d5fa4f73efd49243014\",\"name\":\"Ursula Kohler\",\"image\":{\"@type\":\"ImageObject\",\"inLanguage\":\"de\",\"@id\":\"https:\\\/\\\/secure.gravatar.com\\\/avatar\\\/014d9b9a971f617638f4298cbb55f92d20b3bf0d1c9cc32f65333b2769bcf867?s=96&d=blank&r=g\",\"url\":\"https:\\\/\\\/secure.gravatar.com\\\/avatar\\\/014d9b9a971f617638f4298cbb55f92d20b3bf0d1c9cc32f65333b2769bcf867?s=96&d=blank&r=g\",\"contentUrl\":\"https:\\\/\\\/secure.gravatar.com\\\/avatar\\\/014d9b9a971f617638f4298cbb55f92d20b3bf0d1c9cc32f65333b2769bcf867?s=96&d=blank&r=g\",\"caption\":\"Ursula Kohler\"},\"logo\":{\"@id\":\"https:\\\/\\\/secure.gravatar.com\\\/avatar\\\/014d9b9a971f617638f4298cbb55f92d20b3bf0d1c9cc32f65333b2769bcf867?s=96&d=blank&r=g\"}},{\"@type\":\"Person\",\"@id\":\"https:\\\/\\\/reiseblock.ch\\\/wordpress\\\/#\\\/schema\\\/person\\\/739b103f8e7941f579794d17e2187721\",\"name\":\"admin\",\"image\":{\"@type\":\"ImageObject\",\"inLanguage\":\"de\",\"@id\":\"https:\\\/\\\/secure.gravatar.com\\\/avatar\\\/a0f702f22ecd58ce02800a54cb2055cabe1fa8d7cf75ab377ce2f2b8503f188c?s=96&d=blank&r=g\",\"url\":\"https:\\\/\\\/secure.gravatar.com\\\/avatar\\\/a0f702f22ecd58ce02800a54cb2055cabe1fa8d7cf75ab377ce2f2b8503f188c?s=96&d=blank&r=g\",\"contentUrl\":\"https:\\\/\\\/secure.gravatar.com\\\/avatar\\\/a0f702f22ecd58ce02800a54cb2055cabe1fa8d7cf75ab377ce2f2b8503f188c?s=96&d=blank&r=g\",\"caption\":\"admin\"},\"url\":\"https:\\\/\\\/reiseblock.ch\\\/wordpress\\\/author\\\/admin\\\/\"}]}<\/script>\n<!-- \/ Yoast SEO plugin. -->","yoast_head_json":{"title":"Sonnige Herbsttage im S\u00fcdtirol &#8211; Reiseblock","description":"Der Herbst ist wundersch\u00f6n im S\u00fcdtirol, vor allem wenn das Wetter mitspielt. F\u00fcr Naturliebhaber wie f\u00fcr Kulturinteressierte zu empfehlen.","robots":{"index":"index","follow":"follow","max-snippet":"max-snippet:-1","max-image-preview":"max-image-preview:large","max-video-preview":"max-video-preview:-1"},"canonical":"https:\/\/reiseblock.ch\/wordpress\/herbsttage-im-suedtirol\/","og_locale":"de_DE","og_type":"article","og_title":"Sonnige Herbsttage im S\u00fcdtirol &#8211; Reiseblock","og_description":"Der Herbst ist wundersch\u00f6n im S\u00fcdtirol, vor allem wenn das Wetter mitspielt. F\u00fcr Naturliebhaber wie f\u00fcr Kulturinteressierte zu empfehlen.","og_url":"https:\/\/reiseblock.ch\/wordpress\/herbsttage-im-suedtirol\/","og_site_name":"Reiseblock","article_published_time":"2017-10-23T08:11:39+00:00","article_modified_time":"2025-11-08T20:36:18+00:00","og_image":[{"width":800,"height":600,"url":"https:\/\/reiseblock.ch\/wordpress\/wp-content\/uploads\/2017\/10\/Kalch.jpg","type":"image\/jpeg"}],"author":"admin","twitter_misc":{"Verfasst von":"admin","Gesch\u00e4tzte Lesezeit":"4\u00a0Minuten"},"schema":{"@context":"https:\/\/schema.org","@graph":[{"@type":"Article","@id":"https:\/\/reiseblock.ch\/wordpress\/herbsttage-im-suedtirol\/#article","isPartOf":{"@id":"https:\/\/reiseblock.ch\/wordpress\/herbsttage-im-suedtirol\/"},"author":{"name":"admin","@id":"https:\/\/reiseblock.ch\/wordpress\/#\/schema\/person\/739b103f8e7941f579794d17e2187721"},"headline":"Sonnige Herbsttage im S\u00fcdtirol","datePublished":"2017-10-23T08:11:39+00:00","dateModified":"2025-11-08T20:36:18+00:00","mainEntityOfPage":{"@id":"https:\/\/reiseblock.ch\/wordpress\/herbsttage-im-suedtirol\/"},"wordCount":411,"commentCount":0,"publisher":{"@id":"https:\/\/reiseblock.ch\/wordpress\/#\/schema\/person\/eafba14374f16d5fa4f73efd49243014"},"image":{"@id":"https:\/\/reiseblock.ch\/wordpress\/herbsttage-im-suedtirol\/#primaryimage"},"thumbnailUrl":"https:\/\/reiseblock.ch\/wordpress\/wp-content\/uploads\/2017\/10\/Kalch.jpg","keywords":["Jaufenpass","Kalch","S\u00fcdtirol"],"articleSection":["Beitrag"],"inLanguage":"de","potentialAction":[{"@type":"CommentAction","name":"Comment","target":["https:\/\/reiseblock.ch\/wordpress\/herbsttage-im-suedtirol\/#respond"]}]},{"@type":"WebPage","@id":"https:\/\/reiseblock.ch\/wordpress\/herbsttage-im-suedtirol\/","url":"https:\/\/reiseblock.ch\/wordpress\/herbsttage-im-suedtirol\/","name":"Sonnige Herbsttage im S\u00fcdtirol &#8211; Reiseblock","isPartOf":{"@id":"https:\/\/reiseblock.ch\/wordpress\/#website"},"primaryImageOfPage":{"@id":"https:\/\/reiseblock.ch\/wordpress\/herbsttage-im-suedtirol\/#primaryimage"},"image":{"@id":"https:\/\/reiseblock.ch\/wordpress\/herbsttage-im-suedtirol\/#primaryimage"},"thumbnailUrl":"https:\/\/reiseblock.ch\/wordpress\/wp-content\/uploads\/2017\/10\/Kalch.jpg","datePublished":"2017-10-23T08:11:39+00:00","dateModified":"2025-11-08T20:36:18+00:00","description":"Der Herbst ist wundersch\u00f6n im S\u00fcdtirol, vor allem wenn das Wetter mitspielt. F\u00fcr Naturliebhaber wie f\u00fcr Kulturinteressierte zu empfehlen.","breadcrumb":{"@id":"https:\/\/reiseblock.ch\/wordpress\/herbsttage-im-suedtirol\/#breadcrumb"},"inLanguage":"de","potentialAction":[{"@type":"ReadAction","target":["https:\/\/reiseblock.ch\/wordpress\/herbsttage-im-suedtirol\/"]}]},{"@type":"ImageObject","inLanguage":"de","@id":"https:\/\/reiseblock.ch\/wordpress\/herbsttage-im-suedtirol\/#primaryimage","url":"https:\/\/reiseblock.ch\/wordpress\/wp-content\/uploads\/2017\/10\/Kalch.jpg","contentUrl":"https:\/\/reiseblock.ch\/wordpress\/wp-content\/uploads\/2017\/10\/Kalch.jpg","width":800,"height":600,"caption":"Kalch am Jaufenpass mit dem Hotel Kalcherhof"},{"@type":"BreadcrumbList","@id":"https:\/\/reiseblock.ch\/wordpress\/herbsttage-im-suedtirol\/#breadcrumb","itemListElement":[{"@type":"ListItem","position":1,"name":"Home","item":"https:\/\/reiseblock.ch\/wordpress\/"},{"@type":"ListItem","position":2,"name":"Sonnige Herbsttage im S\u00fcdtirol"}]},{"@type":"WebSite","@id":"https:\/\/reiseblock.ch\/wordpress\/#website","url":"https:\/\/reiseblock.ch\/wordpress\/","name":"Reiseblock","description":"Ursula Kohlers ReiseWeise","publisher":{"@id":"https:\/\/reiseblock.ch\/wordpress\/#\/schema\/person\/eafba14374f16d5fa4f73efd49243014"},"potentialAction":[{"@type":"SearchAction","target":{"@type":"EntryPoint","urlTemplate":"https:\/\/reiseblock.ch\/wordpress\/?s={search_term_string}"},"query-input":{"@type":"PropertyValueSpecification","valueRequired":true,"valueName":"search_term_string"}}],"inLanguage":"de"},{"@type":["Person","Organization"],"@id":"https:\/\/reiseblock.ch\/wordpress\/#\/schema\/person\/eafba14374f16d5fa4f73efd49243014","name":"Ursula Kohler","image":{"@type":"ImageObject","inLanguage":"de","@id":"https:\/\/secure.gravatar.com\/avatar\/014d9b9a971f617638f4298cbb55f92d20b3bf0d1c9cc32f65333b2769bcf867?s=96&d=blank&r=g","url":"https:\/\/secure.gravatar.com\/avatar\/014d9b9a971f617638f4298cbb55f92d20b3bf0d1c9cc32f65333b2769bcf867?s=96&d=blank&r=g","contentUrl":"https:\/\/secure.gravatar.com\/avatar\/014d9b9a971f617638f4298cbb55f92d20b3bf0d1c9cc32f65333b2769bcf867?s=96&d=blank&r=g","caption":"Ursula Kohler"},"logo":{"@id":"https:\/\/secure.gravatar.com\/avatar\/014d9b9a971f617638f4298cbb55f92d20b3bf0d1c9cc32f65333b2769bcf867?s=96&d=blank&r=g"}},{"@type":"Person","@id":"https:\/\/reiseblock.ch\/wordpress\/#\/schema\/person\/739b103f8e7941f579794d17e2187721","name":"admin","image":{"@type":"ImageObject","inLanguage":"de","@id":"https:\/\/secure.gravatar.com\/avatar\/a0f702f22ecd58ce02800a54cb2055cabe1fa8d7cf75ab377ce2f2b8503f188c?s=96&d=blank&r=g","url":"https:\/\/secure.gravatar.com\/avatar\/a0f702f22ecd58ce02800a54cb2055cabe1fa8d7cf75ab377ce2f2b8503f188c?s=96&d=blank&r=g","contentUrl":"https:\/\/secure.gravatar.com\/avatar\/a0f702f22ecd58ce02800a54cb2055cabe1fa8d7cf75ab377ce2f2b8503f188c?s=96&d=blank&r=g","caption":"admin"},"url":"https:\/\/reiseblock.ch\/wordpress\/author\/admin\/"}]}},"_links":{"self":[{"href":"https:\/\/reiseblock.ch\/wordpress\/wp-json\/wp\/v2\/posts\/2208","targetHints":{"allow":["GET"]}}],"collection":[{"href":"https:\/\/reiseblock.ch\/wordpress\/wp-json\/wp\/v2\/posts"}],"about":[{"href":"https:\/\/reiseblock.ch\/wordpress\/wp-json\/wp\/v2\/types\/post"}],"author":[{"embeddable":true,"href":"https:\/\/reiseblock.ch\/wordpress\/wp-json\/wp\/v2\/users\/1"}],"replies":[{"embeddable":true,"href":"https:\/\/reiseblock.ch\/wordpress\/wp-json\/wp\/v2\/comments?post=2208"}],"version-history":[{"count":8,"href":"https:\/\/reiseblock.ch\/wordpress\/wp-json\/wp\/v2\/posts\/2208\/revisions"}],"predecessor-version":[{"id":2222,"href":"https:\/\/reiseblock.ch\/wordpress\/wp-json\/wp\/v2\/posts\/2208\/revisions\/2222"}],"wp:featuredmedia":[{"embeddable":true,"href":"https:\/\/reiseblock.ch\/wordpress\/wp-json\/wp\/v2\/media\/2211"}],"wp:attachment":[{"href":"https:\/\/reiseblock.ch\/wordpress\/wp-json\/wp\/v2\/media?parent=2208"}],"wp:term":[{"taxonomy":"category","embeddable":true,"href":"https:\/\/reiseblock.ch\/wordpress\/wp-json\/wp\/v2\/categories?post=2208"},{"taxonomy":"post_tag","embeddable":true,"href":"https:\/\/reiseblock.ch\/wordpress\/wp-json\/wp\/v2\/tags?post=2208"}],"curies":[{"name":"wp","href":"https:\/\/api.w.org\/{rel}","templated":true}]}}