{"id":2174,"date":"2017-10-09T11:19:50","date_gmt":"2017-10-09T09:19:50","guid":{"rendered":"http:\/\/reiseblock.ch\/?p=2174"},"modified":"2025-11-08T21:38:19","modified_gmt":"2025-11-08T20:38:19","slug":"fantastischer-blick-vom-riederhorn-aus","status":"publish","type":"post","link":"https:\/\/reiseblock.ch\/wordpress\/fantastischer-blick-vom-riederhorn-aus\/","title":{"rendered":"Fantastischer Blick vom Riederhorn aus"},"content":{"rendered":"<div id=\"attachment_2179\" style=\"width: 810px\" class=\"wp-caption alignleft\"><img loading=\"lazy\" decoding=\"async\" aria-describedby=\"caption-attachment-2179\" class=\"size-full wp-image-2179\" src=\"http:\/\/reiseblock.ch\/wordpress\/wp-content\/uploads\/2017\/10\/Riederalp_3.jpg\" alt=\"Riederhorn: Sicht auf die Riederalp und den Aletschgletscher\" width=\"800\" height=\"543\" srcset=\"https:\/\/reiseblock.ch\/wordpress\/wp-content\/uploads\/2017\/10\/Riederalp_3.jpg 800w, https:\/\/reiseblock.ch\/wordpress\/wp-content\/uploads\/2017\/10\/Riederalp_3-300x204.jpg 300w, https:\/\/reiseblock.ch\/wordpress\/wp-content\/uploads\/2017\/10\/Riederalp_3-768x521.jpg 768w\" sizes=\"auto, (max-width: 800px) 100vw, 800px\" \/><p id=\"caption-attachment-2179\" class=\"wp-caption-text\">Auf dem Weg zum Riederhorn: Sicht auf die Riederalp und den Aletschgletscher<\/p><\/div>\n<p><span style=\"font-family: Book Antiqua,Palatino; font-size: 12pt;\">Die Wanderm\u00f6glichkeiten in der Aletscharena sind sehr vielf\u00e4ltig. Die Verbindung von Riederalp, Bettmeralp und Fiescheralp erlaubt viele Touren, die wenig H\u00f6henmeter beinhalten. Wer aber H\u00f6henmeter rauf und runter sucht, wird hier genauso f\u00fcndig: Aufstiege aufs Bettmerhorn und Eggishorn bieten sportliche Touren an.<\/span><\/p>\n<h3>Rundblick auf 2230 Metern<!--more--><\/h3>\n<p><span style=\"font-family: Book Antiqua,Palatino; font-size: 12pt;\">Und genau zwischen der leichten und anstrengenden Tour liegt der relativ kurze Aufstieg auf das Riederhorn. Von weitem sieht die Bergspitze auf 2230 Metern \u00fcber Meer sch\u00f6n imposant aus. <\/span><\/p>\n<p><span style=\"font-family: Book Antiqua,Palatino; font-size: 12pt;\">In einer ersten halben Stunde erreicht man von der Station Riederalp West die Riederfurka und die <a href=\"https:\/\/www.pronatura-aletsch.ch\" target=\"_blank\" rel=\"noopener\">Villa Cassel<\/a>. Heute befindet sich das Pro Natura Zentrum in der Villa. Das Zentrum bietet Ausstellungen, Exkursionen, \u00dcbernachtungen und ein Caf\u00e9 an \u2013 und einen Alpengarten, Veranstaltungen etc.\u00a0<\/span><\/p>\n<div id=\"attachment_2182\" style=\"width: 5194px\" class=\"wp-caption alignleft\"><img loading=\"lazy\" decoding=\"async\" aria-describedby=\"caption-attachment-2182\" class=\"size-full wp-image-2182\" src=\"http:\/\/reiseblock.ch\/wordpress\/wp-content\/uploads\/2017\/10\/Villa_Cassel_2.jpg\" alt=\"Die Villa Cassel inmitten einer wunderbaren Landschaft\" width=\"5184\" height=\"3456\" srcset=\"https:\/\/reiseblock.ch\/wordpress\/wp-content\/uploads\/2017\/10\/Villa_Cassel_2.jpg 5184w, https:\/\/reiseblock.ch\/wordpress\/wp-content\/uploads\/2017\/10\/Villa_Cassel_2-300x200.jpg 300w, https:\/\/reiseblock.ch\/wordpress\/wp-content\/uploads\/2017\/10\/Villa_Cassel_2-768x512.jpg 768w, https:\/\/reiseblock.ch\/wordpress\/wp-content\/uploads\/2017\/10\/Villa_Cassel_2-1024x683.jpg 1024w\" sizes=\"auto, (max-width: 5184px) 100vw, 5184px\" \/><p id=\"caption-attachment-2182\" class=\"wp-caption-text\">Die Villa Cassel inmitten einer wunderbaren Landschaft<\/p><\/div>\n<p><span style=\"font-size: 12pt; font-family: Book Antiqua,Palatino;\">Gebaut wurde die vronehme Villa von Sir Ernest Cassel, einem wohlhabenden englischen Bankier, der gesundheitshalber von seinem Arzt auf die Riederalp geschickt wurde. Zu Beginn des 20. Jahrhunderts war die Villa, die mit viel Aufwand gebaut wurde, bezugsbereit. Ernest Cassel verbrachte in den Folgejahren die Sommermonate auf der Riederfurka und empfing G\u00e4ste der h\u00f6heren Bev\u00f6lkerungsschicht. Der Erste Weltkrieg zerst\u00f6rte das wohlhabende Leben und 1921 starb der Gr\u00fcnder der Villa. Seine Enkelin verkaufte das Anwesen an eine ans\u00e4ssige Hotelierfamilie. Bis 1969 diente es als Hotel. Darauf drohte es abgerissen zu werden, bis die Pro Natura (ehemals Bund f\u00fcr Naturschutz) das Haus zum Gl\u00fcck \u00fcbernam und renovierte.\u00a0<\/span><\/p>\n<h3>Pro Natura Zentrum Aletsch<\/h3>\n<p><span style=\"font-family: Book Antiqua,Palatino; font-size: 12pt;\">Wer das Pro Natura Zentrum noch dieses Jahr besuchen m\u00f6chte, muss sich beeilen. Ge\u00f6ffnet sind die Tore bis 14. Oktober. Daf\u00fcr bleibt bis zum ersten Schneeeinbruch eine Zeitspanne f\u00fcr den Aufstieg aufs Riederhorn, ohne von diesem faszinierenden Ort aufgehalten zu werden.\u00a0 Der Aufstieg von 150 Metern ist in einer halben Stunde zu schaffen. Von der Bergspitze aus geniesst man den Blick auf die Riederalp. Im Hintergrund ist der Aletschgletscher sichtbar.<\/span><\/p>\n<div id=\"attachment_2188\" style=\"width: 810px\" class=\"wp-caption alignleft\"><img loading=\"lazy\" decoding=\"async\" aria-describedby=\"caption-attachment-2188\" class=\"size-full wp-image-2188\" src=\"http:\/\/reiseblock.ch\/wordpress\/wp-content\/uploads\/2017\/10\/Riederhorn_2.jpg\" alt=\"Die Bergspitze des Riederhorns\" width=\"800\" height=\"536\" srcset=\"https:\/\/reiseblock.ch\/wordpress\/wp-content\/uploads\/2017\/10\/Riederhorn_2.jpg 800w, https:\/\/reiseblock.ch\/wordpress\/wp-content\/uploads\/2017\/10\/Riederhorn_2-300x201.jpg 300w, https:\/\/reiseblock.ch\/wordpress\/wp-content\/uploads\/2017\/10\/Riederhorn_2-768x515.jpg 768w\" sizes=\"auto, (max-width: 800px) 100vw, 800px\" \/><p id=\"caption-attachment-2188\" class=\"wp-caption-text\">Die Bergspitze des Riederhorns<\/p><\/div>\n<p><span style=\"font-family: Book Antiqua,Palatino; font-size: 12pt;\">30 Minuten sp\u00e4ter gelangt man auf den Cassel-Weg, der rund ums Riederhorn f\u00fchrt. Dieser gut st\u00fcndige Rundweg ist eine gute Alternative f\u00fcr diejenigen, die den steilen Aufsteig aufs Riederhorn nicht machen m\u00f6chten oder k\u00f6nnen.\u00a0 <\/span><\/p>\n","protected":false},"excerpt":{"rendered":"<p>Die Wanderm\u00f6glichkeiten in der Aletscharena sind sehr vielf\u00e4ltig. Die Verbindung von Riederalp, Bettmeralp und Fiescheralp erlaubt viele Touren, die wenig H\u00f6henmeter beinhalten. Wer aber H\u00f6henmeter [&#8230;]<\/p>\n","protected":false},"author":1,"featured_media":2188,"comment_status":"open","ping_status":"open","sticky":false,"template":"","format":"standard","meta":{"footnotes":""},"categories":[8],"tags":[255,187,273,274],"class_list":["post-2174","post","type-post","status-publish","format-standard","has-post-thumbnail","hentry","category-tipp","tag-aletschgletscher","tag-riederalp","tag-riederhorn","tag-villa-cassel"],"yoast_head":"<!-- This site is optimized with the Yoast SEO plugin v27.8 - https:\/\/yoast.com\/product\/yoast-seo-wordpress\/ -->\n<title>Fantastischer Blick vom Riederhorn aus &#8211; Reiseblock<\/title>\n<meta name=\"description\" content=\"Von der Villa Cassel auf das Riederhorn: Eine fantastische Wanderung in der Aletscharena, auf der man mit einer tollen Aussicht belohnt wird.\" \/>\n<meta name=\"robots\" content=\"index, follow, max-snippet:-1, max-image-preview:large, max-video-preview:-1\" \/>\n<link rel=\"canonical\" href=\"https:\/\/reiseblock.ch\/wordpress\/fantastischer-blick-vom-riederhorn-aus\/\" \/>\n<meta property=\"og:locale\" content=\"de_DE\" \/>\n<meta property=\"og:type\" content=\"article\" \/>\n<meta property=\"og:title\" content=\"Fantastischer Blick vom Riederhorn aus &#8211; Reiseblock\" \/>\n<meta property=\"og:description\" content=\"Von der Villa Cassel auf das Riederhorn: Eine fantastische Wanderung in der Aletscharena, auf der man mit einer tollen Aussicht belohnt wird.\" \/>\n<meta property=\"og:url\" content=\"https:\/\/reiseblock.ch\/wordpress\/fantastischer-blick-vom-riederhorn-aus\/\" \/>\n<meta property=\"og:site_name\" content=\"Reiseblock\" \/>\n<meta property=\"article:published_time\" content=\"2017-10-09T09:19:50+00:00\" \/>\n<meta property=\"article:modified_time\" content=\"2025-11-08T20:38:19+00:00\" \/>\n<meta property=\"og:image\" content=\"https:\/\/reiseblock.ch\/wordpress\/wp-content\/uploads\/2017\/10\/Riederhorn_2.jpg\" \/>\n\t<meta property=\"og:image:width\" content=\"800\" \/>\n\t<meta property=\"og:image:height\" content=\"536\" \/>\n\t<meta property=\"og:image:type\" content=\"image\/jpeg\" \/>\n<meta name=\"author\" content=\"admin\" \/>\n<meta name=\"twitter:label1\" content=\"Verfasst von\" \/>\n\t<meta name=\"twitter:data1\" content=\"admin\" \/>\n\t<meta name=\"twitter:label2\" content=\"Gesch\u00e4tzte Lesezeit\" \/>\n\t<meta name=\"twitter:data2\" content=\"3\u00a0Minuten\" \/>\n<script type=\"application\/ld+json\" class=\"yoast-schema-graph\">{\"@context\":\"https:\\\/\\\/schema.org\",\"@graph\":[{\"@type\":\"Article\",\"@id\":\"https:\\\/\\\/reiseblock.ch\\\/wordpress\\\/fantastischer-blick-vom-riederhorn-aus\\\/#article\",\"isPartOf\":{\"@id\":\"https:\\\/\\\/reiseblock.ch\\\/wordpress\\\/fantastischer-blick-vom-riederhorn-aus\\\/\"},\"author\":{\"name\":\"admin\",\"@id\":\"https:\\\/\\\/reiseblock.ch\\\/wordpress\\\/#\\\/schema\\\/person\\\/739b103f8e7941f579794d17e2187721\"},\"headline\":\"Fantastischer Blick vom Riederhorn aus\",\"datePublished\":\"2017-10-09T09:19:50+00:00\",\"dateModified\":\"2025-11-08T20:38:19+00:00\",\"mainEntityOfPage\":{\"@id\":\"https:\\\/\\\/reiseblock.ch\\\/wordpress\\\/fantastischer-blick-vom-riederhorn-aus\\\/\"},\"wordCount\":396,\"commentCount\":0,\"publisher\":{\"@id\":\"https:\\\/\\\/reiseblock.ch\\\/wordpress\\\/#\\\/schema\\\/person\\\/eafba14374f16d5fa4f73efd49243014\"},\"image\":{\"@id\":\"https:\\\/\\\/reiseblock.ch\\\/wordpress\\\/fantastischer-blick-vom-riederhorn-aus\\\/#primaryimage\"},\"thumbnailUrl\":\"https:\\\/\\\/reiseblock.ch\\\/wordpress\\\/wp-content\\\/uploads\\\/2017\\\/10\\\/Riederhorn_2.jpg\",\"keywords\":[\"Aletschgletscher\",\"Riederalp\",\"Riederhorn\",\"Villa Cassel\"],\"articleSection\":[\"Tipp\"],\"inLanguage\":\"de\",\"potentialAction\":[{\"@type\":\"CommentAction\",\"name\":\"Comment\",\"target\":[\"https:\\\/\\\/reiseblock.ch\\\/wordpress\\\/fantastischer-blick-vom-riederhorn-aus\\\/#respond\"]}]},{\"@type\":\"WebPage\",\"@id\":\"https:\\\/\\\/reiseblock.ch\\\/wordpress\\\/fantastischer-blick-vom-riederhorn-aus\\\/\",\"url\":\"https:\\\/\\\/reiseblock.ch\\\/wordpress\\\/fantastischer-blick-vom-riederhorn-aus\\\/\",\"name\":\"Fantastischer Blick vom Riederhorn aus &#8211; Reiseblock\",\"isPartOf\":{\"@id\":\"https:\\\/\\\/reiseblock.ch\\\/wordpress\\\/#website\"},\"primaryImageOfPage\":{\"@id\":\"https:\\\/\\\/reiseblock.ch\\\/wordpress\\\/fantastischer-blick-vom-riederhorn-aus\\\/#primaryimage\"},\"image\":{\"@id\":\"https:\\\/\\\/reiseblock.ch\\\/wordpress\\\/fantastischer-blick-vom-riederhorn-aus\\\/#primaryimage\"},\"thumbnailUrl\":\"https:\\\/\\\/reiseblock.ch\\\/wordpress\\\/wp-content\\\/uploads\\\/2017\\\/10\\\/Riederhorn_2.jpg\",\"datePublished\":\"2017-10-09T09:19:50+00:00\",\"dateModified\":\"2025-11-08T20:38:19+00:00\",\"description\":\"Von der Villa Cassel auf das Riederhorn: Eine fantastische Wanderung in der Aletscharena, auf der man mit einer tollen Aussicht belohnt wird.\",\"breadcrumb\":{\"@id\":\"https:\\\/\\\/reiseblock.ch\\\/wordpress\\\/fantastischer-blick-vom-riederhorn-aus\\\/#breadcrumb\"},\"inLanguage\":\"de\",\"potentialAction\":[{\"@type\":\"ReadAction\",\"target\":[\"https:\\\/\\\/reiseblock.ch\\\/wordpress\\\/fantastischer-blick-vom-riederhorn-aus\\\/\"]}]},{\"@type\":\"ImageObject\",\"inLanguage\":\"de\",\"@id\":\"https:\\\/\\\/reiseblock.ch\\\/wordpress\\\/fantastischer-blick-vom-riederhorn-aus\\\/#primaryimage\",\"url\":\"https:\\\/\\\/reiseblock.ch\\\/wordpress\\\/wp-content\\\/uploads\\\/2017\\\/10\\\/Riederhorn_2.jpg\",\"contentUrl\":\"https:\\\/\\\/reiseblock.ch\\\/wordpress\\\/wp-content\\\/uploads\\\/2017\\\/10\\\/Riederhorn_2.jpg\",\"width\":800,\"height\":536,\"caption\":\"Die Bergspitze des Riederhorns\"},{\"@type\":\"BreadcrumbList\",\"@id\":\"https:\\\/\\\/reiseblock.ch\\\/wordpress\\\/fantastischer-blick-vom-riederhorn-aus\\\/#breadcrumb\",\"itemListElement\":[{\"@type\":\"ListItem\",\"position\":1,\"name\":\"Home\",\"item\":\"https:\\\/\\\/reiseblock.ch\\\/wordpress\\\/\"},{\"@type\":\"ListItem\",\"position\":2,\"name\":\"Fantastischer Blick vom Riederhorn aus\"}]},{\"@type\":\"WebSite\",\"@id\":\"https:\\\/\\\/reiseblock.ch\\\/wordpress\\\/#website\",\"url\":\"https:\\\/\\\/reiseblock.ch\\\/wordpress\\\/\",\"name\":\"Reiseblock\",\"description\":\"Ursula Kohlers ReiseWeise\",\"publisher\":{\"@id\":\"https:\\\/\\\/reiseblock.ch\\\/wordpress\\\/#\\\/schema\\\/person\\\/eafba14374f16d5fa4f73efd49243014\"},\"potentialAction\":[{\"@type\":\"SearchAction\",\"target\":{\"@type\":\"EntryPoint\",\"urlTemplate\":\"https:\\\/\\\/reiseblock.ch\\\/wordpress\\\/?s={search_term_string}\"},\"query-input\":{\"@type\":\"PropertyValueSpecification\",\"valueRequired\":true,\"valueName\":\"search_term_string\"}}],\"inLanguage\":\"de\"},{\"@type\":[\"Person\",\"Organization\"],\"@id\":\"https:\\\/\\\/reiseblock.ch\\\/wordpress\\\/#\\\/schema\\\/person\\\/eafba14374f16d5fa4f73efd49243014\",\"name\":\"Ursula Kohler\",\"image\":{\"@type\":\"ImageObject\",\"inLanguage\":\"de\",\"@id\":\"https:\\\/\\\/secure.gravatar.com\\\/avatar\\\/014d9b9a971f617638f4298cbb55f92d20b3bf0d1c9cc32f65333b2769bcf867?s=96&d=blank&r=g\",\"url\":\"https:\\\/\\\/secure.gravatar.com\\\/avatar\\\/014d9b9a971f617638f4298cbb55f92d20b3bf0d1c9cc32f65333b2769bcf867?s=96&d=blank&r=g\",\"contentUrl\":\"https:\\\/\\\/secure.gravatar.com\\\/avatar\\\/014d9b9a971f617638f4298cbb55f92d20b3bf0d1c9cc32f65333b2769bcf867?s=96&d=blank&r=g\",\"caption\":\"Ursula Kohler\"},\"logo\":{\"@id\":\"https:\\\/\\\/secure.gravatar.com\\\/avatar\\\/014d9b9a971f617638f4298cbb55f92d20b3bf0d1c9cc32f65333b2769bcf867?s=96&d=blank&r=g\"}},{\"@type\":\"Person\",\"@id\":\"https:\\\/\\\/reiseblock.ch\\\/wordpress\\\/#\\\/schema\\\/person\\\/739b103f8e7941f579794d17e2187721\",\"name\":\"admin\",\"image\":{\"@type\":\"ImageObject\",\"inLanguage\":\"de\",\"@id\":\"https:\\\/\\\/secure.gravatar.com\\\/avatar\\\/a0f702f22ecd58ce02800a54cb2055cabe1fa8d7cf75ab377ce2f2b8503f188c?s=96&d=blank&r=g\",\"url\":\"https:\\\/\\\/secure.gravatar.com\\\/avatar\\\/a0f702f22ecd58ce02800a54cb2055cabe1fa8d7cf75ab377ce2f2b8503f188c?s=96&d=blank&r=g\",\"contentUrl\":\"https:\\\/\\\/secure.gravatar.com\\\/avatar\\\/a0f702f22ecd58ce02800a54cb2055cabe1fa8d7cf75ab377ce2f2b8503f188c?s=96&d=blank&r=g\",\"caption\":\"admin\"},\"url\":\"https:\\\/\\\/reiseblock.ch\\\/wordpress\\\/author\\\/admin\\\/\"}]}<\/script>\n<!-- \/ Yoast SEO plugin. -->","yoast_head_json":{"title":"Fantastischer Blick vom Riederhorn aus &#8211; Reiseblock","description":"Von der Villa Cassel auf das Riederhorn: Eine fantastische Wanderung in der Aletscharena, auf der man mit einer tollen Aussicht belohnt wird.","robots":{"index":"index","follow":"follow","max-snippet":"max-snippet:-1","max-image-preview":"max-image-preview:large","max-video-preview":"max-video-preview:-1"},"canonical":"https:\/\/reiseblock.ch\/wordpress\/fantastischer-blick-vom-riederhorn-aus\/","og_locale":"de_DE","og_type":"article","og_title":"Fantastischer Blick vom Riederhorn aus &#8211; Reiseblock","og_description":"Von der Villa Cassel auf das Riederhorn: Eine fantastische Wanderung in der Aletscharena, auf der man mit einer tollen Aussicht belohnt wird.","og_url":"https:\/\/reiseblock.ch\/wordpress\/fantastischer-blick-vom-riederhorn-aus\/","og_site_name":"Reiseblock","article_published_time":"2017-10-09T09:19:50+00:00","article_modified_time":"2025-11-08T20:38:19+00:00","og_image":[{"width":800,"height":536,"url":"https:\/\/reiseblock.ch\/wordpress\/wp-content\/uploads\/2017\/10\/Riederhorn_2.jpg","type":"image\/jpeg"}],"author":"admin","twitter_misc":{"Verfasst von":"admin","Gesch\u00e4tzte Lesezeit":"3\u00a0Minuten"},"schema":{"@context":"https:\/\/schema.org","@graph":[{"@type":"Article","@id":"https:\/\/reiseblock.ch\/wordpress\/fantastischer-blick-vom-riederhorn-aus\/#article","isPartOf":{"@id":"https:\/\/reiseblock.ch\/wordpress\/fantastischer-blick-vom-riederhorn-aus\/"},"author":{"name":"admin","@id":"https:\/\/reiseblock.ch\/wordpress\/#\/schema\/person\/739b103f8e7941f579794d17e2187721"},"headline":"Fantastischer Blick vom Riederhorn aus","datePublished":"2017-10-09T09:19:50+00:00","dateModified":"2025-11-08T20:38:19+00:00","mainEntityOfPage":{"@id":"https:\/\/reiseblock.ch\/wordpress\/fantastischer-blick-vom-riederhorn-aus\/"},"wordCount":396,"commentCount":0,"publisher":{"@id":"https:\/\/reiseblock.ch\/wordpress\/#\/schema\/person\/eafba14374f16d5fa4f73efd49243014"},"image":{"@id":"https:\/\/reiseblock.ch\/wordpress\/fantastischer-blick-vom-riederhorn-aus\/#primaryimage"},"thumbnailUrl":"https:\/\/reiseblock.ch\/wordpress\/wp-content\/uploads\/2017\/10\/Riederhorn_2.jpg","keywords":["Aletschgletscher","Riederalp","Riederhorn","Villa Cassel"],"articleSection":["Tipp"],"inLanguage":"de","potentialAction":[{"@type":"CommentAction","name":"Comment","target":["https:\/\/reiseblock.ch\/wordpress\/fantastischer-blick-vom-riederhorn-aus\/#respond"]}]},{"@type":"WebPage","@id":"https:\/\/reiseblock.ch\/wordpress\/fantastischer-blick-vom-riederhorn-aus\/","url":"https:\/\/reiseblock.ch\/wordpress\/fantastischer-blick-vom-riederhorn-aus\/","name":"Fantastischer Blick vom Riederhorn aus &#8211; Reiseblock","isPartOf":{"@id":"https:\/\/reiseblock.ch\/wordpress\/#website"},"primaryImageOfPage":{"@id":"https:\/\/reiseblock.ch\/wordpress\/fantastischer-blick-vom-riederhorn-aus\/#primaryimage"},"image":{"@id":"https:\/\/reiseblock.ch\/wordpress\/fantastischer-blick-vom-riederhorn-aus\/#primaryimage"},"thumbnailUrl":"https:\/\/reiseblock.ch\/wordpress\/wp-content\/uploads\/2017\/10\/Riederhorn_2.jpg","datePublished":"2017-10-09T09:19:50+00:00","dateModified":"2025-11-08T20:38:19+00:00","description":"Von der Villa Cassel auf das Riederhorn: Eine fantastische Wanderung in der Aletscharena, auf der man mit einer tollen Aussicht belohnt wird.","breadcrumb":{"@id":"https:\/\/reiseblock.ch\/wordpress\/fantastischer-blick-vom-riederhorn-aus\/#breadcrumb"},"inLanguage":"de","potentialAction":[{"@type":"ReadAction","target":["https:\/\/reiseblock.ch\/wordpress\/fantastischer-blick-vom-riederhorn-aus\/"]}]},{"@type":"ImageObject","inLanguage":"de","@id":"https:\/\/reiseblock.ch\/wordpress\/fantastischer-blick-vom-riederhorn-aus\/#primaryimage","url":"https:\/\/reiseblock.ch\/wordpress\/wp-content\/uploads\/2017\/10\/Riederhorn_2.jpg","contentUrl":"https:\/\/reiseblock.ch\/wordpress\/wp-content\/uploads\/2017\/10\/Riederhorn_2.jpg","width":800,"height":536,"caption":"Die Bergspitze des Riederhorns"},{"@type":"BreadcrumbList","@id":"https:\/\/reiseblock.ch\/wordpress\/fantastischer-blick-vom-riederhorn-aus\/#breadcrumb","itemListElement":[{"@type":"ListItem","position":1,"name":"Home","item":"https:\/\/reiseblock.ch\/wordpress\/"},{"@type":"ListItem","position":2,"name":"Fantastischer Blick vom Riederhorn aus"}]},{"@type":"WebSite","@id":"https:\/\/reiseblock.ch\/wordpress\/#website","url":"https:\/\/reiseblock.ch\/wordpress\/","name":"Reiseblock","description":"Ursula Kohlers ReiseWeise","publisher":{"@id":"https:\/\/reiseblock.ch\/wordpress\/#\/schema\/person\/eafba14374f16d5fa4f73efd49243014"},"potentialAction":[{"@type":"SearchAction","target":{"@type":"EntryPoint","urlTemplate":"https:\/\/reiseblock.ch\/wordpress\/?s={search_term_string}"},"query-input":{"@type":"PropertyValueSpecification","valueRequired":true,"valueName":"search_term_string"}}],"inLanguage":"de"},{"@type":["Person","Organization"],"@id":"https:\/\/reiseblock.ch\/wordpress\/#\/schema\/person\/eafba14374f16d5fa4f73efd49243014","name":"Ursula Kohler","image":{"@type":"ImageObject","inLanguage":"de","@id":"https:\/\/secure.gravatar.com\/avatar\/014d9b9a971f617638f4298cbb55f92d20b3bf0d1c9cc32f65333b2769bcf867?s=96&d=blank&r=g","url":"https:\/\/secure.gravatar.com\/avatar\/014d9b9a971f617638f4298cbb55f92d20b3bf0d1c9cc32f65333b2769bcf867?s=96&d=blank&r=g","contentUrl":"https:\/\/secure.gravatar.com\/avatar\/014d9b9a971f617638f4298cbb55f92d20b3bf0d1c9cc32f65333b2769bcf867?s=96&d=blank&r=g","caption":"Ursula Kohler"},"logo":{"@id":"https:\/\/secure.gravatar.com\/avatar\/014d9b9a971f617638f4298cbb55f92d20b3bf0d1c9cc32f65333b2769bcf867?s=96&d=blank&r=g"}},{"@type":"Person","@id":"https:\/\/reiseblock.ch\/wordpress\/#\/schema\/person\/739b103f8e7941f579794d17e2187721","name":"admin","image":{"@type":"ImageObject","inLanguage":"de","@id":"https:\/\/secure.gravatar.com\/avatar\/a0f702f22ecd58ce02800a54cb2055cabe1fa8d7cf75ab377ce2f2b8503f188c?s=96&d=blank&r=g","url":"https:\/\/secure.gravatar.com\/avatar\/a0f702f22ecd58ce02800a54cb2055cabe1fa8d7cf75ab377ce2f2b8503f188c?s=96&d=blank&r=g","contentUrl":"https:\/\/secure.gravatar.com\/avatar\/a0f702f22ecd58ce02800a54cb2055cabe1fa8d7cf75ab377ce2f2b8503f188c?s=96&d=blank&r=g","caption":"admin"},"url":"https:\/\/reiseblock.ch\/wordpress\/author\/admin\/"}]}},"_links":{"self":[{"href":"https:\/\/reiseblock.ch\/wordpress\/wp-json\/wp\/v2\/posts\/2174","targetHints":{"allow":["GET"]}}],"collection":[{"href":"https:\/\/reiseblock.ch\/wordpress\/wp-json\/wp\/v2\/posts"}],"about":[{"href":"https:\/\/reiseblock.ch\/wordpress\/wp-json\/wp\/v2\/types\/post"}],"author":[{"embeddable":true,"href":"https:\/\/reiseblock.ch\/wordpress\/wp-json\/wp\/v2\/users\/1"}],"replies":[{"embeddable":true,"href":"https:\/\/reiseblock.ch\/wordpress\/wp-json\/wp\/v2\/comments?post=2174"}],"version-history":[{"count":10,"href":"https:\/\/reiseblock.ch\/wordpress\/wp-json\/wp\/v2\/posts\/2174\/revisions"}],"predecessor-version":[{"id":3879,"href":"https:\/\/reiseblock.ch\/wordpress\/wp-json\/wp\/v2\/posts\/2174\/revisions\/3879"}],"wp:featuredmedia":[{"embeddable":true,"href":"https:\/\/reiseblock.ch\/wordpress\/wp-json\/wp\/v2\/media\/2188"}],"wp:attachment":[{"href":"https:\/\/reiseblock.ch\/wordpress\/wp-json\/wp\/v2\/media?parent=2174"}],"wp:term":[{"taxonomy":"category","embeddable":true,"href":"https:\/\/reiseblock.ch\/wordpress\/wp-json\/wp\/v2\/categories?post=2174"},{"taxonomy":"post_tag","embeddable":true,"href":"https:\/\/reiseblock.ch\/wordpress\/wp-json\/wp\/v2\/tags?post=2174"}],"curies":[{"name":"wp","href":"https:\/\/api.w.org\/{rel}","templated":true}]}}