{"id":2162,"date":"2017-10-02T19:29:18","date_gmt":"2017-10-02T17:29:18","guid":{"rendered":"http:\/\/reiseblock.ch\/?p=2162"},"modified":"2017-10-02T19:29:18","modified_gmt":"2017-10-02T17:29:18","slug":"leichte-herbstwanderung-zum-huettnerseeli-angesagt","status":"publish","type":"post","link":"https:\/\/reiseblock.ch\/wordpress\/leichte-herbstwanderung-zum-huettnerseeli-angesagt\/","title":{"rendered":"Leichte Herbstwanderung zum H\u00fcttnerseeli angesagt"},"content":{"rendered":"<div id=\"attachment_2165\" style=\"width: 810px\" class=\"wp-caption alignleft\"><img loading=\"lazy\" decoding=\"async\" aria-describedby=\"caption-attachment-2165\" class=\"size-full wp-image-2165\" src=\"http:\/\/reiseblock.ch\/wordpress\/wp-content\/uploads\/2017\/10\/Huettnersee.jpg\" alt=\"Idylle am H\u00fcttnerseeli\" width=\"800\" height=\"533\" srcset=\"https:\/\/reiseblock.ch\/wordpress\/wp-content\/uploads\/2017\/10\/Huettnersee.jpg 800w, https:\/\/reiseblock.ch\/wordpress\/wp-content\/uploads\/2017\/10\/Huettnersee-300x200.jpg 300w, https:\/\/reiseblock.ch\/wordpress\/wp-content\/uploads\/2017\/10\/Huettnersee-768x512.jpg 768w\" sizes=\"auto, (max-width: 800px) 100vw, 800px\" \/><p id=\"caption-attachment-2165\" class=\"wp-caption-text\">Idylle am H\u00fcttnerseeli<\/p><\/div>\n<p><span style=\"font-family: Book Antiqua,Palatino; font-size: 12pt;\">Eine Wanderung, die schon lange geplant war, aber immer wieder hintanstehen musste: der <a href=\"http:\/\/www.schweizmobil.ch\/de\/wanderland\/routen\/route-0870.html\" target=\"_blank\" rel=\"noopener\">M\u00fclitobel-Sihl-Weg<\/a> von Richterswil nach Sch\u00f6nenberg. Gespannt war ich vor allem auf den H\u00fcttnerseeli. Die Wanderung dauert knapp vier Stunden. <\/span><\/p>\n<p><!--more--><\/p>\n<p><span style=\"font-family: Book Antiqua,Palatino; font-size: 12pt;\">Ich habe es mir diesmal etwa einfacher gemacht und die umgekehrte Route gew\u00e4hlt: Start in Sch\u00f6nenberg. Das spart eine gute halbe Stunde.<\/span><\/p>\n<div id=\"attachment_2166\" style=\"width: 810px\" class=\"wp-caption alignleft\"><img loading=\"lazy\" decoding=\"async\" aria-describedby=\"caption-attachment-2166\" class=\"size-full wp-image-2166\" src=\"http:\/\/reiseblock.ch\/wordpress\/wp-content\/uploads\/2017\/10\/Huetten.jpg\" alt=\"Die weissen H\u00e4user von H\u00fctten leuchten schon von weitem\" width=\"800\" height=\"533\" srcset=\"https:\/\/reiseblock.ch\/wordpress\/wp-content\/uploads\/2017\/10\/Huetten.jpg 800w, https:\/\/reiseblock.ch\/wordpress\/wp-content\/uploads\/2017\/10\/Huetten-300x200.jpg 300w, https:\/\/reiseblock.ch\/wordpress\/wp-content\/uploads\/2017\/10\/Huetten-768x512.jpg 768w\" sizes=\"auto, (max-width: 800px) 100vw, 800px\" \/><p id=\"caption-attachment-2166\" class=\"wp-caption-text\">Die weissen H\u00e4user von H\u00fctten leuchten schon von weitem<\/p><\/div>\n<p><span style=\"font-family: Book Antiqua,Palatino; font-size: 12pt;\">Am Teufenbach vorbei gehts an die Sihl, der man eine halbe Stunde folgt, bevor der Aufstieg nach H\u00fctten folgt. H\u00fctten ist ein kleines Dort mit weniger als 1000 Einwohnern. Die H\u00e4user strahlen von weitem in sch\u00f6nstem Weiss. Hinter dem Dorf erblickt man den <a href=\"https:\/\/www.schweizersee.ch\/huettnersee\/\" target=\"_blank\" rel=\"noopener\">See<\/a>. Mein Ziel ist die Badeanstalt mit Restaurant. Fast schaffe ich es nicht so weit, weil unterwegs die <a href=\"https:\/\/www.besenbeiz-knobel.ch\/\" target=\"_blank\" rel=\"noopener\">Besenbeiz Knobel<\/a> lockt. Da gerade eine gr\u00f6ssere Gruppe bewirtet wird, gehe ich am sch\u00f6nen Haus vorbei. N\u00e4chstes Mal. <\/span><\/p>\n<div id=\"attachment_2167\" style=\"width: 810px\" class=\"wp-caption alignleft\"><img loading=\"lazy\" decoding=\"async\" aria-describedby=\"caption-attachment-2167\" class=\"size-full wp-image-2167\" src=\"http:\/\/reiseblock.ch\/wordpress\/wp-content\/uploads\/2017\/10\/Besenbeiz.jpg\" alt=\"Die Besenbeiz Knobel am H\u00fcttnerseeli\" width=\"800\" height=\"533\" srcset=\"https:\/\/reiseblock.ch\/wordpress\/wp-content\/uploads\/2017\/10\/Besenbeiz.jpg 800w, https:\/\/reiseblock.ch\/wordpress\/wp-content\/uploads\/2017\/10\/Besenbeiz-300x200.jpg 300w, https:\/\/reiseblock.ch\/wordpress\/wp-content\/uploads\/2017\/10\/Besenbeiz-768x512.jpg 768w\" sizes=\"auto, (max-width: 800px) 100vw, 800px\" \/><p id=\"caption-attachment-2167\" class=\"wp-caption-text\">Die Besenbeiz Knobel am H\u00fcttnerseeli<\/p><\/div>\n<p><span style=\"font-family: Book Antiqua,Palatino; font-size: 12pt;\">Nach dem Besuch im Strandbad f\u00fchrt der Weg durch Samstagern zum Sternenweiher \u2013 einem Stauweiher \u2013 und den M\u00fclibach entlang bis nach Richterswil. Eine tolle Ankunft am See.<\/span><\/p>\n<div id=\"attachment_2168\" style=\"width: 810px\" class=\"wp-caption alignleft\"><img loading=\"lazy\" decoding=\"async\" aria-describedby=\"caption-attachment-2168\" class=\"size-full wp-image-2168\" src=\"http:\/\/reiseblock.ch\/wordpress\/wp-content\/uploads\/2017\/10\/Sternenweiher.jpg\" alt=\"Der Sternenweiher ist auch h\u00fcbsch\" width=\"800\" height=\"600\" srcset=\"https:\/\/reiseblock.ch\/wordpress\/wp-content\/uploads\/2017\/10\/Sternenweiher.jpg 800w, https:\/\/reiseblock.ch\/wordpress\/wp-content\/uploads\/2017\/10\/Sternenweiher-300x225.jpg 300w, https:\/\/reiseblock.ch\/wordpress\/wp-content\/uploads\/2017\/10\/Sternenweiher-768x576.jpg 768w\" sizes=\"auto, (max-width: 800px) 100vw, 800px\" \/><p id=\"caption-attachment-2168\" class=\"wp-caption-text\">Der Sternenweiher ist auch h\u00fcbsch<\/p><\/div>\n<p><span style=\"font-size: 12pt; font-family: Book Antiqua,Palatino;\">Es hat sich gelohnt, diesen Wanderplan mal umzusetzen. Die Tour ist sehr empfehlenswert, kann auch angepasst und gek\u00fcrzt werden. Im Sommer wird man den Schatten an der Sihl geniessen oder ein Bad im See nehmen. Im Fr\u00fchling und Herbst kann man die Natur beobachten. Im Winter stelle ich mir die Stimmung besonders sch\u00f6n vor. Diesen Plan gilt es noch umzusetzen.<br \/>\n<\/span><\/p>\n<div id=\"attachment_2170\" style=\"width: 810px\" class=\"wp-caption alignleft\"><img loading=\"lazy\" decoding=\"async\" aria-describedby=\"caption-attachment-2170\" class=\"size-full wp-image-2170\" src=\"http:\/\/reiseblock.ch\/wordpress\/wp-content\/uploads\/2017\/10\/Huettnersee_2.jpg\" alt=\"Im Winter wird das Schild im H\u00fcttnerseeli wohl weniger n\u00f6tig sein\" width=\"800\" height=\"600\" srcset=\"https:\/\/reiseblock.ch\/wordpress\/wp-content\/uploads\/2017\/10\/Huettnersee_2.jpg 800w, https:\/\/reiseblock.ch\/wordpress\/wp-content\/uploads\/2017\/10\/Huettnersee_2-300x225.jpg 300w, https:\/\/reiseblock.ch\/wordpress\/wp-content\/uploads\/2017\/10\/Huettnersee_2-768x576.jpg 768w\" sizes=\"auto, (max-width: 800px) 100vw, 800px\" \/><p id=\"caption-attachment-2170\" class=\"wp-caption-text\">Im Winter wird das Schild im H\u00fcttnerseeli wohl weniger n\u00f6tig sein<\/p><\/div>\n<p>&nbsp;<\/p>\n","protected":false},"excerpt":{"rendered":"<p>Eine Wanderung, die schon lange geplant war, aber immer wieder hintanstehen musste: der M\u00fclitobel-Sihl-Weg von Richterswil nach Sch\u00f6nenberg. Gespannt war ich vor allem auf den [&#8230;]<\/p>\n","protected":false},"author":1,"featured_media":2165,"comment_status":"open","ping_status":"open","sticky":false,"template":"","format":"standard","meta":{"footnotes":""},"categories":[6],"tags":[270,269,272,271,12],"class_list":["post-2162","post","type-post","status-publish","format-standard","has-post-thumbnail","hentry","category-beitrag","tag-huetten","tag-huettnerseeli","tag-richterswil","tag-schoenenberg","tag-wandern"],"yoast_head":"<!-- This site is optimized with the Yoast SEO plugin v27.8 - https:\/\/yoast.com\/product\/yoast-seo-wordpress\/ -->\n<title>Leichte Herbstwanderung zum H\u00fcttnerseeli angesagt &#8211; Reiseblock<\/title>\n<meta name=\"description\" content=\"Eine Wanderung zum H\u00fcttnerseeli ist in jeder Jahreszeit ein Genuss. Zwischen Richterswil und Sch\u00f6nenberg bietet sie viele verschiedene Varianten.\" \/>\n<meta name=\"robots\" content=\"index, follow, max-snippet:-1, max-image-preview:large, max-video-preview:-1\" \/>\n<link rel=\"canonical\" href=\"https:\/\/reiseblock.ch\/wordpress\/leichte-herbstwanderung-zum-huettnerseeli-angesagt\/\" \/>\n<meta property=\"og:locale\" content=\"de_DE\" \/>\n<meta property=\"og:type\" content=\"article\" \/>\n<meta property=\"og:title\" content=\"Leichte Herbstwanderung zum H\u00fcttnerseeli angesagt &#8211; Reiseblock\" \/>\n<meta property=\"og:description\" content=\"Eine Wanderung zum H\u00fcttnerseeli ist in jeder Jahreszeit ein Genuss. Zwischen Richterswil und Sch\u00f6nenberg bietet sie viele verschiedene Varianten.\" \/>\n<meta property=\"og:url\" content=\"https:\/\/reiseblock.ch\/wordpress\/leichte-herbstwanderung-zum-huettnerseeli-angesagt\/\" \/>\n<meta property=\"og:site_name\" content=\"Reiseblock\" \/>\n<meta property=\"article:published_time\" content=\"2017-10-02T17:29:18+00:00\" \/>\n<meta property=\"og:image\" content=\"https:\/\/reiseblock.ch\/wordpress\/wp-content\/uploads\/2017\/10\/Huettnersee.jpg\" \/>\n\t<meta property=\"og:image:width\" content=\"800\" \/>\n\t<meta property=\"og:image:height\" content=\"533\" \/>\n\t<meta property=\"og:image:type\" content=\"image\/jpeg\" \/>\n<meta name=\"author\" content=\"admin\" \/>\n<meta name=\"twitter:label1\" content=\"Verfasst von\" \/>\n\t<meta name=\"twitter:data1\" content=\"admin\" \/>\n\t<meta name=\"twitter:label2\" content=\"Gesch\u00e4tzte Lesezeit\" \/>\n\t<meta name=\"twitter:data2\" content=\"2\u00a0Minuten\" \/>\n<script type=\"application\/ld+json\" class=\"yoast-schema-graph\">{\"@context\":\"https:\\\/\\\/schema.org\",\"@graph\":[{\"@type\":\"Article\",\"@id\":\"https:\\\/\\\/reiseblock.ch\\\/wordpress\\\/leichte-herbstwanderung-zum-huettnerseeli-angesagt\\\/#article\",\"isPartOf\":{\"@id\":\"https:\\\/\\\/reiseblock.ch\\\/wordpress\\\/leichte-herbstwanderung-zum-huettnerseeli-angesagt\\\/\"},\"author\":{\"name\":\"admin\",\"@id\":\"https:\\\/\\\/reiseblock.ch\\\/wordpress\\\/#\\\/schema\\\/person\\\/739b103f8e7941f579794d17e2187721\"},\"headline\":\"Leichte Herbstwanderung zum H\u00fcttnerseeli angesagt\",\"datePublished\":\"2017-10-02T17:29:18+00:00\",\"mainEntityOfPage\":{\"@id\":\"https:\\\/\\\/reiseblock.ch\\\/wordpress\\\/leichte-herbstwanderung-zum-huettnerseeli-angesagt\\\/\"},\"wordCount\":317,\"commentCount\":0,\"publisher\":{\"@id\":\"https:\\\/\\\/reiseblock.ch\\\/wordpress\\\/#\\\/schema\\\/person\\\/eafba14374f16d5fa4f73efd49243014\"},\"image\":{\"@id\":\"https:\\\/\\\/reiseblock.ch\\\/wordpress\\\/leichte-herbstwanderung-zum-huettnerseeli-angesagt\\\/#primaryimage\"},\"thumbnailUrl\":\"https:\\\/\\\/reiseblock.ch\\\/wordpress\\\/wp-content\\\/uploads\\\/2017\\\/10\\\/Huettnersee.jpg\",\"keywords\":[\"H\u00fctten\",\"H\u00fcttnerseeli\",\"Richterswil\",\"Sch\u00f6nenberg\",\"Wandern\"],\"articleSection\":[\"Beitrag\"],\"inLanguage\":\"de\",\"potentialAction\":[{\"@type\":\"CommentAction\",\"name\":\"Comment\",\"target\":[\"https:\\\/\\\/reiseblock.ch\\\/wordpress\\\/leichte-herbstwanderung-zum-huettnerseeli-angesagt\\\/#respond\"]}]},{\"@type\":\"WebPage\",\"@id\":\"https:\\\/\\\/reiseblock.ch\\\/wordpress\\\/leichte-herbstwanderung-zum-huettnerseeli-angesagt\\\/\",\"url\":\"https:\\\/\\\/reiseblock.ch\\\/wordpress\\\/leichte-herbstwanderung-zum-huettnerseeli-angesagt\\\/\",\"name\":\"Leichte Herbstwanderung zum H\u00fcttnerseeli angesagt &#8211; Reiseblock\",\"isPartOf\":{\"@id\":\"https:\\\/\\\/reiseblock.ch\\\/wordpress\\\/#website\"},\"primaryImageOfPage\":{\"@id\":\"https:\\\/\\\/reiseblock.ch\\\/wordpress\\\/leichte-herbstwanderung-zum-huettnerseeli-angesagt\\\/#primaryimage\"},\"image\":{\"@id\":\"https:\\\/\\\/reiseblock.ch\\\/wordpress\\\/leichte-herbstwanderung-zum-huettnerseeli-angesagt\\\/#primaryimage\"},\"thumbnailUrl\":\"https:\\\/\\\/reiseblock.ch\\\/wordpress\\\/wp-content\\\/uploads\\\/2017\\\/10\\\/Huettnersee.jpg\",\"datePublished\":\"2017-10-02T17:29:18+00:00\",\"description\":\"Eine Wanderung zum H\u00fcttnerseeli ist in jeder Jahreszeit ein Genuss. Zwischen Richterswil und Sch\u00f6nenberg bietet sie viele verschiedene Varianten.\",\"breadcrumb\":{\"@id\":\"https:\\\/\\\/reiseblock.ch\\\/wordpress\\\/leichte-herbstwanderung-zum-huettnerseeli-angesagt\\\/#breadcrumb\"},\"inLanguage\":\"de\",\"potentialAction\":[{\"@type\":\"ReadAction\",\"target\":[\"https:\\\/\\\/reiseblock.ch\\\/wordpress\\\/leichte-herbstwanderung-zum-huettnerseeli-angesagt\\\/\"]}]},{\"@type\":\"ImageObject\",\"inLanguage\":\"de\",\"@id\":\"https:\\\/\\\/reiseblock.ch\\\/wordpress\\\/leichte-herbstwanderung-zum-huettnerseeli-angesagt\\\/#primaryimage\",\"url\":\"https:\\\/\\\/reiseblock.ch\\\/wordpress\\\/wp-content\\\/uploads\\\/2017\\\/10\\\/Huettnersee.jpg\",\"contentUrl\":\"https:\\\/\\\/reiseblock.ch\\\/wordpress\\\/wp-content\\\/uploads\\\/2017\\\/10\\\/Huettnersee.jpg\",\"width\":800,\"height\":533,\"caption\":\"H\u00fctten: H\u00fcttnerseeli\"},{\"@type\":\"BreadcrumbList\",\"@id\":\"https:\\\/\\\/reiseblock.ch\\\/wordpress\\\/leichte-herbstwanderung-zum-huettnerseeli-angesagt\\\/#breadcrumb\",\"itemListElement\":[{\"@type\":\"ListItem\",\"position\":1,\"name\":\"Home\",\"item\":\"https:\\\/\\\/reiseblock.ch\\\/wordpress\\\/\"},{\"@type\":\"ListItem\",\"position\":2,\"name\":\"Leichte Herbstwanderung zum H\u00fcttnerseeli angesagt\"}]},{\"@type\":\"WebSite\",\"@id\":\"https:\\\/\\\/reiseblock.ch\\\/wordpress\\\/#website\",\"url\":\"https:\\\/\\\/reiseblock.ch\\\/wordpress\\\/\",\"name\":\"Reiseblock\",\"description\":\"Ursula Kohlers ReiseWeise\",\"publisher\":{\"@id\":\"https:\\\/\\\/reiseblock.ch\\\/wordpress\\\/#\\\/schema\\\/person\\\/eafba14374f16d5fa4f73efd49243014\"},\"potentialAction\":[{\"@type\":\"SearchAction\",\"target\":{\"@type\":\"EntryPoint\",\"urlTemplate\":\"https:\\\/\\\/reiseblock.ch\\\/wordpress\\\/?s={search_term_string}\"},\"query-input\":{\"@type\":\"PropertyValueSpecification\",\"valueRequired\":true,\"valueName\":\"search_term_string\"}}],\"inLanguage\":\"de\"},{\"@type\":[\"Person\",\"Organization\"],\"@id\":\"https:\\\/\\\/reiseblock.ch\\\/wordpress\\\/#\\\/schema\\\/person\\\/eafba14374f16d5fa4f73efd49243014\",\"name\":\"Ursula Kohler\",\"image\":{\"@type\":\"ImageObject\",\"inLanguage\":\"de\",\"@id\":\"https:\\\/\\\/secure.gravatar.com\\\/avatar\\\/014d9b9a971f617638f4298cbb55f92d20b3bf0d1c9cc32f65333b2769bcf867?s=96&d=blank&r=g\",\"url\":\"https:\\\/\\\/secure.gravatar.com\\\/avatar\\\/014d9b9a971f617638f4298cbb55f92d20b3bf0d1c9cc32f65333b2769bcf867?s=96&d=blank&r=g\",\"contentUrl\":\"https:\\\/\\\/secure.gravatar.com\\\/avatar\\\/014d9b9a971f617638f4298cbb55f92d20b3bf0d1c9cc32f65333b2769bcf867?s=96&d=blank&r=g\",\"caption\":\"Ursula Kohler\"},\"logo\":{\"@id\":\"https:\\\/\\\/secure.gravatar.com\\\/avatar\\\/014d9b9a971f617638f4298cbb55f92d20b3bf0d1c9cc32f65333b2769bcf867?s=96&d=blank&r=g\"}},{\"@type\":\"Person\",\"@id\":\"https:\\\/\\\/reiseblock.ch\\\/wordpress\\\/#\\\/schema\\\/person\\\/739b103f8e7941f579794d17e2187721\",\"name\":\"admin\",\"image\":{\"@type\":\"ImageObject\",\"inLanguage\":\"de\",\"@id\":\"https:\\\/\\\/secure.gravatar.com\\\/avatar\\\/a0f702f22ecd58ce02800a54cb2055cabe1fa8d7cf75ab377ce2f2b8503f188c?s=96&d=blank&r=g\",\"url\":\"https:\\\/\\\/secure.gravatar.com\\\/avatar\\\/a0f702f22ecd58ce02800a54cb2055cabe1fa8d7cf75ab377ce2f2b8503f188c?s=96&d=blank&r=g\",\"contentUrl\":\"https:\\\/\\\/secure.gravatar.com\\\/avatar\\\/a0f702f22ecd58ce02800a54cb2055cabe1fa8d7cf75ab377ce2f2b8503f188c?s=96&d=blank&r=g\",\"caption\":\"admin\"},\"url\":\"https:\\\/\\\/reiseblock.ch\\\/wordpress\\\/author\\\/admin\\\/\"}]}<\/script>\n<!-- \/ Yoast SEO plugin. -->","yoast_head_json":{"title":"Leichte Herbstwanderung zum H\u00fcttnerseeli angesagt &#8211; Reiseblock","description":"Eine Wanderung zum H\u00fcttnerseeli ist in jeder Jahreszeit ein Genuss. Zwischen Richterswil und Sch\u00f6nenberg bietet sie viele verschiedene Varianten.","robots":{"index":"index","follow":"follow","max-snippet":"max-snippet:-1","max-image-preview":"max-image-preview:large","max-video-preview":"max-video-preview:-1"},"canonical":"https:\/\/reiseblock.ch\/wordpress\/leichte-herbstwanderung-zum-huettnerseeli-angesagt\/","og_locale":"de_DE","og_type":"article","og_title":"Leichte Herbstwanderung zum H\u00fcttnerseeli angesagt &#8211; Reiseblock","og_description":"Eine Wanderung zum H\u00fcttnerseeli ist in jeder Jahreszeit ein Genuss. Zwischen Richterswil und Sch\u00f6nenberg bietet sie viele verschiedene Varianten.","og_url":"https:\/\/reiseblock.ch\/wordpress\/leichte-herbstwanderung-zum-huettnerseeli-angesagt\/","og_site_name":"Reiseblock","article_published_time":"2017-10-02T17:29:18+00:00","og_image":[{"width":800,"height":533,"url":"https:\/\/reiseblock.ch\/wordpress\/wp-content\/uploads\/2017\/10\/Huettnersee.jpg","type":"image\/jpeg"}],"author":"admin","twitter_misc":{"Verfasst von":"admin","Gesch\u00e4tzte Lesezeit":"2\u00a0Minuten"},"schema":{"@context":"https:\/\/schema.org","@graph":[{"@type":"Article","@id":"https:\/\/reiseblock.ch\/wordpress\/leichte-herbstwanderung-zum-huettnerseeli-angesagt\/#article","isPartOf":{"@id":"https:\/\/reiseblock.ch\/wordpress\/leichte-herbstwanderung-zum-huettnerseeli-angesagt\/"},"author":{"name":"admin","@id":"https:\/\/reiseblock.ch\/wordpress\/#\/schema\/person\/739b103f8e7941f579794d17e2187721"},"headline":"Leichte Herbstwanderung zum H\u00fcttnerseeli angesagt","datePublished":"2017-10-02T17:29:18+00:00","mainEntityOfPage":{"@id":"https:\/\/reiseblock.ch\/wordpress\/leichte-herbstwanderung-zum-huettnerseeli-angesagt\/"},"wordCount":317,"commentCount":0,"publisher":{"@id":"https:\/\/reiseblock.ch\/wordpress\/#\/schema\/person\/eafba14374f16d5fa4f73efd49243014"},"image":{"@id":"https:\/\/reiseblock.ch\/wordpress\/leichte-herbstwanderung-zum-huettnerseeli-angesagt\/#primaryimage"},"thumbnailUrl":"https:\/\/reiseblock.ch\/wordpress\/wp-content\/uploads\/2017\/10\/Huettnersee.jpg","keywords":["H\u00fctten","H\u00fcttnerseeli","Richterswil","Sch\u00f6nenberg","Wandern"],"articleSection":["Beitrag"],"inLanguage":"de","potentialAction":[{"@type":"CommentAction","name":"Comment","target":["https:\/\/reiseblock.ch\/wordpress\/leichte-herbstwanderung-zum-huettnerseeli-angesagt\/#respond"]}]},{"@type":"WebPage","@id":"https:\/\/reiseblock.ch\/wordpress\/leichte-herbstwanderung-zum-huettnerseeli-angesagt\/","url":"https:\/\/reiseblock.ch\/wordpress\/leichte-herbstwanderung-zum-huettnerseeli-angesagt\/","name":"Leichte Herbstwanderung zum H\u00fcttnerseeli angesagt &#8211; Reiseblock","isPartOf":{"@id":"https:\/\/reiseblock.ch\/wordpress\/#website"},"primaryImageOfPage":{"@id":"https:\/\/reiseblock.ch\/wordpress\/leichte-herbstwanderung-zum-huettnerseeli-angesagt\/#primaryimage"},"image":{"@id":"https:\/\/reiseblock.ch\/wordpress\/leichte-herbstwanderung-zum-huettnerseeli-angesagt\/#primaryimage"},"thumbnailUrl":"https:\/\/reiseblock.ch\/wordpress\/wp-content\/uploads\/2017\/10\/Huettnersee.jpg","datePublished":"2017-10-02T17:29:18+00:00","description":"Eine Wanderung zum H\u00fcttnerseeli ist in jeder Jahreszeit ein Genuss. Zwischen Richterswil und Sch\u00f6nenberg bietet sie viele verschiedene Varianten.","breadcrumb":{"@id":"https:\/\/reiseblock.ch\/wordpress\/leichte-herbstwanderung-zum-huettnerseeli-angesagt\/#breadcrumb"},"inLanguage":"de","potentialAction":[{"@type":"ReadAction","target":["https:\/\/reiseblock.ch\/wordpress\/leichte-herbstwanderung-zum-huettnerseeli-angesagt\/"]}]},{"@type":"ImageObject","inLanguage":"de","@id":"https:\/\/reiseblock.ch\/wordpress\/leichte-herbstwanderung-zum-huettnerseeli-angesagt\/#primaryimage","url":"https:\/\/reiseblock.ch\/wordpress\/wp-content\/uploads\/2017\/10\/Huettnersee.jpg","contentUrl":"https:\/\/reiseblock.ch\/wordpress\/wp-content\/uploads\/2017\/10\/Huettnersee.jpg","width":800,"height":533,"caption":"H\u00fctten: H\u00fcttnerseeli"},{"@type":"BreadcrumbList","@id":"https:\/\/reiseblock.ch\/wordpress\/leichte-herbstwanderung-zum-huettnerseeli-angesagt\/#breadcrumb","itemListElement":[{"@type":"ListItem","position":1,"name":"Home","item":"https:\/\/reiseblock.ch\/wordpress\/"},{"@type":"ListItem","position":2,"name":"Leichte Herbstwanderung zum H\u00fcttnerseeli angesagt"}]},{"@type":"WebSite","@id":"https:\/\/reiseblock.ch\/wordpress\/#website","url":"https:\/\/reiseblock.ch\/wordpress\/","name":"Reiseblock","description":"Ursula Kohlers ReiseWeise","publisher":{"@id":"https:\/\/reiseblock.ch\/wordpress\/#\/schema\/person\/eafba14374f16d5fa4f73efd49243014"},"potentialAction":[{"@type":"SearchAction","target":{"@type":"EntryPoint","urlTemplate":"https:\/\/reiseblock.ch\/wordpress\/?s={search_term_string}"},"query-input":{"@type":"PropertyValueSpecification","valueRequired":true,"valueName":"search_term_string"}}],"inLanguage":"de"},{"@type":["Person","Organization"],"@id":"https:\/\/reiseblock.ch\/wordpress\/#\/schema\/person\/eafba14374f16d5fa4f73efd49243014","name":"Ursula Kohler","image":{"@type":"ImageObject","inLanguage":"de","@id":"https:\/\/secure.gravatar.com\/avatar\/014d9b9a971f617638f4298cbb55f92d20b3bf0d1c9cc32f65333b2769bcf867?s=96&d=blank&r=g","url":"https:\/\/secure.gravatar.com\/avatar\/014d9b9a971f617638f4298cbb55f92d20b3bf0d1c9cc32f65333b2769bcf867?s=96&d=blank&r=g","contentUrl":"https:\/\/secure.gravatar.com\/avatar\/014d9b9a971f617638f4298cbb55f92d20b3bf0d1c9cc32f65333b2769bcf867?s=96&d=blank&r=g","caption":"Ursula Kohler"},"logo":{"@id":"https:\/\/secure.gravatar.com\/avatar\/014d9b9a971f617638f4298cbb55f92d20b3bf0d1c9cc32f65333b2769bcf867?s=96&d=blank&r=g"}},{"@type":"Person","@id":"https:\/\/reiseblock.ch\/wordpress\/#\/schema\/person\/739b103f8e7941f579794d17e2187721","name":"admin","image":{"@type":"ImageObject","inLanguage":"de","@id":"https:\/\/secure.gravatar.com\/avatar\/a0f702f22ecd58ce02800a54cb2055cabe1fa8d7cf75ab377ce2f2b8503f188c?s=96&d=blank&r=g","url":"https:\/\/secure.gravatar.com\/avatar\/a0f702f22ecd58ce02800a54cb2055cabe1fa8d7cf75ab377ce2f2b8503f188c?s=96&d=blank&r=g","contentUrl":"https:\/\/secure.gravatar.com\/avatar\/a0f702f22ecd58ce02800a54cb2055cabe1fa8d7cf75ab377ce2f2b8503f188c?s=96&d=blank&r=g","caption":"admin"},"url":"https:\/\/reiseblock.ch\/wordpress\/author\/admin\/"}]}},"_links":{"self":[{"href":"https:\/\/reiseblock.ch\/wordpress\/wp-json\/wp\/v2\/posts\/2162","targetHints":{"allow":["GET"]}}],"collection":[{"href":"https:\/\/reiseblock.ch\/wordpress\/wp-json\/wp\/v2\/posts"}],"about":[{"href":"https:\/\/reiseblock.ch\/wordpress\/wp-json\/wp\/v2\/types\/post"}],"author":[{"embeddable":true,"href":"https:\/\/reiseblock.ch\/wordpress\/wp-json\/wp\/v2\/users\/1"}],"replies":[{"embeddable":true,"href":"https:\/\/reiseblock.ch\/wordpress\/wp-json\/wp\/v2\/comments?post=2162"}],"version-history":[{"count":6,"href":"https:\/\/reiseblock.ch\/wordpress\/wp-json\/wp\/v2\/posts\/2162\/revisions"}],"predecessor-version":[{"id":2173,"href":"https:\/\/reiseblock.ch\/wordpress\/wp-json\/wp\/v2\/posts\/2162\/revisions\/2173"}],"wp:featuredmedia":[{"embeddable":true,"href":"https:\/\/reiseblock.ch\/wordpress\/wp-json\/wp\/v2\/media\/2165"}],"wp:attachment":[{"href":"https:\/\/reiseblock.ch\/wordpress\/wp-json\/wp\/v2\/media?parent=2162"}],"wp:term":[{"taxonomy":"category","embeddable":true,"href":"https:\/\/reiseblock.ch\/wordpress\/wp-json\/wp\/v2\/categories?post=2162"},{"taxonomy":"post_tag","embeddable":true,"href":"https:\/\/reiseblock.ch\/wordpress\/wp-json\/wp\/v2\/tags?post=2162"}],"curies":[{"name":"wp","href":"https:\/\/api.w.org\/{rel}","templated":true}]}}