{"id":2135,"date":"2017-09-18T14:34:49","date_gmt":"2017-09-18T12:34:49","guid":{"rendered":"http:\/\/reiseblock.ch\/?p=2135"},"modified":"2017-09-18T14:38:49","modified_gmt":"2017-09-18T12:38:49","slug":"herbststimmung-an-den-haengen-des-lavaux","status":"publish","type":"post","link":"https:\/\/reiseblock.ch\/wordpress\/herbststimmung-an-den-haengen-des-lavaux\/","title":{"rendered":"Herbststimmung an den H\u00e4ngen des Lavaux"},"content":{"rendered":"<div id=\"attachment_2139\" style=\"width: 810px\" class=\"wp-caption alignleft\"><img loading=\"lazy\" decoding=\"async\" aria-describedby=\"caption-attachment-2139\" class=\"wp-image-2139 size-full\" src=\"http:\/\/reiseblock.ch\/wordpress\/wp-content\/uploads\/2017\/09\/Landschaft_3.jpg\" alt=\"Unterwegs in den Rebbergen des Lavaux am Genfersee\" width=\"800\" height=\"533\" srcset=\"https:\/\/reiseblock.ch\/wordpress\/wp-content\/uploads\/2017\/09\/Landschaft_3.jpg 800w, https:\/\/reiseblock.ch\/wordpress\/wp-content\/uploads\/2017\/09\/Landschaft_3-300x200.jpg 300w, https:\/\/reiseblock.ch\/wordpress\/wp-content\/uploads\/2017\/09\/Landschaft_3-768x512.jpg 768w\" sizes=\"auto, (max-width: 800px) 100vw, 800px\" \/><p id=\"caption-attachment-2139\" class=\"wp-caption-text\">Unterwegs in den Rebbergen des Lavaux am Genfersee<\/p><\/div>\n<p><span style=\"font-size: 12pt; font-family: Book Antiqua,Palatino;\">Hat der Herbst bereits begonnen oder nicht? Meteorologisch betrachtet hat er bereits einen halben Monat hinter sich mit Beginn am 1. September. Astronomisch gesehen beginnt der Herbst am 22. September. <\/span><\/p>\n<p><!--more--><\/p>\n<p><span style=\"font-size: 12pt; font-family: Book Antiqua,Palatino;\">Doch warum genau zu diesem Zeitpunkt? Weil nun der Tag und die Nacht gleich lang sind. <\/span><\/p>\n<p><span style=\"font-family: Book Antiqua,Palatino; font-size: 12pt;\">Um der meteorologisch-astronomischen Einleitung kurzen Sinn zu enth\u00fcllen: Der sch\u00f6ne Herbst ist da \u2013 und mit ihm die wechselnden Farben und Stimmungen. Eine Gegend, die im Herbst zu einer wahren Traumlandschaft mutiert, ist das Lavaux. Das Weinbaugebiet am nord\u00f6stlichen Ufer des Genfersees geh\u00f6rt zum UNESCO-Welterbe. Am sch\u00f6nsten ist es, die H\u00e4nge zu Fuss zu erkunden, wobei die Tour von St-Saphorin nach Lutry am bekanntesten ist. Unter dem Namen <a href=\"http:\/\/www.schweizmobil.ch\/de\/wanderland\/routen\/route-0113.html\" target=\"_blank\" rel=\"noopener\">\u00abTerrasses de Lavaux\u00bb<\/a> schl\u00e4ngelt sie sich auf gut 3 Stunden durch die Rebberge.<\/span><\/p>\n<div id=\"attachment_2141\" style=\"width: 810px\" class=\"wp-caption alignleft\"><img loading=\"lazy\" decoding=\"async\" aria-describedby=\"caption-attachment-2141\" class=\"size-full wp-image-2141\" src=\"http:\/\/reiseblock.ch\/wordpress\/wp-content\/uploads\/2017\/09\/Wegweiser.jpg\" alt=\"Viele Wege f\u00fchren durch die Rebberge\" width=\"800\" height=\"533\" srcset=\"https:\/\/reiseblock.ch\/wordpress\/wp-content\/uploads\/2017\/09\/Wegweiser.jpg 800w, https:\/\/reiseblock.ch\/wordpress\/wp-content\/uploads\/2017\/09\/Wegweiser-300x200.jpg 300w, https:\/\/reiseblock.ch\/wordpress\/wp-content\/uploads\/2017\/09\/Wegweiser-768x512.jpg 768w\" sizes=\"auto, (max-width: 800px) 100vw, 800px\" \/><p id=\"caption-attachment-2141\" class=\"wp-caption-text\">Viele Wege f\u00fchren durch die Rebberge<\/p><\/div>\n<p><span style=\"font-family: Book Antiqua,Palatino; font-size: 12pt;\">Es gibt noch eine gem\u00fctlichere Variante: Man nehme den <a href=\"http:\/\/www.lavauxexpress.ch\/de\/\" target=\"_blank\" rel=\"noopener\">Lavaux Express<\/a>, ein kleines, offenes Z\u00fcglein, das eine ca. einst\u00fcndige Tour durch das Gel\u00e4nde unternimmt, Start in Lutry oder Cully.<\/span><\/p>\n<p><span style=\"font-size: 12pt; font-family: Book Antiqua,Palatino;\">In den Weinbergen wird aber nicht nur Freizeit genossen, sondern auch gearbeitet. Schon bald beginnt die Weinlese im Herbst. Als Jugendliche war ich mal dabei: Von der m\u00e4rchenhaften Landschaft habe ich damals nicht viel mitbekommen!<\/span><\/p>\n<div id=\"attachment_2137\" style=\"width: 810px\" class=\"wp-caption alignleft\"><img loading=\"lazy\" decoding=\"async\" aria-describedby=\"caption-attachment-2137\" class=\"size-full wp-image-2137\" src=\"http:\/\/reiseblock.ch\/wordpress\/wp-content\/uploads\/2017\/09\/Baum.jpg\" alt=\"Auch das gibt es unterwegs: geschm\u00fcckte B\u00e4ume nach Art des Lavaux\" width=\"800\" height=\"533\" srcset=\"https:\/\/reiseblock.ch\/wordpress\/wp-content\/uploads\/2017\/09\/Baum.jpg 800w, https:\/\/reiseblock.ch\/wordpress\/wp-content\/uploads\/2017\/09\/Baum-300x200.jpg 300w, https:\/\/reiseblock.ch\/wordpress\/wp-content\/uploads\/2017\/09\/Baum-768x512.jpg 768w\" sizes=\"auto, (max-width: 800px) 100vw, 800px\" \/><p id=\"caption-attachment-2137\" class=\"wp-caption-text\">Auch das gibt es unterwegs: geschm\u00fcckte B\u00e4ume nach Art des Lavaux<\/p><\/div>\n<p>&nbsp;<\/p>\n","protected":false},"excerpt":{"rendered":"<p>Hat der Herbst bereits begonnen oder nicht? Meteorologisch betrachtet hat er bereits einen halben Monat hinter sich mit Beginn am 1. September. Astronomisch gesehen beginnt [&#8230;]<\/p>\n","protected":false},"author":1,"featured_media":2139,"comment_status":"open","ping_status":"open","sticky":false,"template":"","format":"standard","meta":{"footnotes":""},"categories":[7,8],"tags":[265,192,266,12],"class_list":["post-2135","post","type-post","status-publish","format-standard","has-post-thumbnail","hentry","category-gesehen","category-tipp","tag-genfersee","tag-lavaux","tag-unesco","tag-wandern"],"yoast_head":"<!-- This site is optimized with the Yoast SEO plugin v27.8 - https:\/\/yoast.com\/product\/yoast-seo-wordpress\/ -->\n<title>Herbststimmung an den H\u00e4ngen des Lavaux &#8211; Reiseblock<\/title>\n<meta name=\"description\" content=\"Das Lavaux ist zu jeder Jahreszeit einen Besuch wert, besonders stimmungsvoll wird die UNESCO-Landschaft aber erst so richtig im Herbst.\" \/>\n<meta name=\"robots\" content=\"index, follow, max-snippet:-1, max-image-preview:large, max-video-preview:-1\" \/>\n<link rel=\"canonical\" href=\"https:\/\/reiseblock.ch\/wordpress\/herbststimmung-an-den-haengen-des-lavaux\/\" \/>\n<meta property=\"og:locale\" content=\"de_DE\" \/>\n<meta property=\"og:type\" content=\"article\" \/>\n<meta property=\"og:title\" content=\"Herbststimmung an den H\u00e4ngen des Lavaux &#8211; Reiseblock\" \/>\n<meta property=\"og:description\" content=\"Das Lavaux ist zu jeder Jahreszeit einen Besuch wert, besonders stimmungsvoll wird die UNESCO-Landschaft aber erst so richtig im Herbst.\" \/>\n<meta property=\"og:url\" content=\"https:\/\/reiseblock.ch\/wordpress\/herbststimmung-an-den-haengen-des-lavaux\/\" \/>\n<meta property=\"og:site_name\" content=\"Reiseblock\" \/>\n<meta property=\"article:published_time\" content=\"2017-09-18T12:34:49+00:00\" \/>\n<meta property=\"article:modified_time\" content=\"2017-09-18T12:38:49+00:00\" \/>\n<meta property=\"og:image\" content=\"https:\/\/reiseblock.ch\/wordpress\/wp-content\/uploads\/2017\/09\/Landschaft_3.jpg\" \/>\n\t<meta property=\"og:image:width\" content=\"800\" \/>\n\t<meta property=\"og:image:height\" content=\"533\" \/>\n\t<meta property=\"og:image:type\" content=\"image\/jpeg\" \/>\n<meta name=\"author\" content=\"admin\" \/>\n<meta name=\"twitter:label1\" content=\"Verfasst von\" \/>\n\t<meta name=\"twitter:data1\" content=\"admin\" \/>\n\t<meta name=\"twitter:label2\" content=\"Gesch\u00e4tzte Lesezeit\" \/>\n\t<meta name=\"twitter:data2\" content=\"1\u00a0Minute\" \/>\n<script type=\"application\/ld+json\" class=\"yoast-schema-graph\">{\"@context\":\"https:\\\/\\\/schema.org\",\"@graph\":[{\"@type\":\"Article\",\"@id\":\"https:\\\/\\\/reiseblock.ch\\\/wordpress\\\/herbststimmung-an-den-haengen-des-lavaux\\\/#article\",\"isPartOf\":{\"@id\":\"https:\\\/\\\/reiseblock.ch\\\/wordpress\\\/herbststimmung-an-den-haengen-des-lavaux\\\/\"},\"author\":{\"name\":\"admin\",\"@id\":\"https:\\\/\\\/reiseblock.ch\\\/wordpress\\\/#\\\/schema\\\/person\\\/739b103f8e7941f579794d17e2187721\"},\"headline\":\"Herbststimmung an den H\u00e4ngen des Lavaux\",\"datePublished\":\"2017-09-18T12:34:49+00:00\",\"dateModified\":\"2017-09-18T12:38:49+00:00\",\"mainEntityOfPage\":{\"@id\":\"https:\\\/\\\/reiseblock.ch\\\/wordpress\\\/herbststimmung-an-den-haengen-des-lavaux\\\/\"},\"wordCount\":256,\"commentCount\":0,\"publisher\":{\"@id\":\"https:\\\/\\\/reiseblock.ch\\\/wordpress\\\/#\\\/schema\\\/person\\\/eafba14374f16d5fa4f73efd49243014\"},\"image\":{\"@id\":\"https:\\\/\\\/reiseblock.ch\\\/wordpress\\\/herbststimmung-an-den-haengen-des-lavaux\\\/#primaryimage\"},\"thumbnailUrl\":\"https:\\\/\\\/reiseblock.ch\\\/wordpress\\\/wp-content\\\/uploads\\\/2017\\\/09\\\/Landschaft_3.jpg\",\"keywords\":[\"Genfersee\",\"Lavaux\",\"UNESCO\",\"Wandern\"],\"articleSection\":[\"Gesehen\",\"Tipp\"],\"inLanguage\":\"de\",\"potentialAction\":[{\"@type\":\"CommentAction\",\"name\":\"Comment\",\"target\":[\"https:\\\/\\\/reiseblock.ch\\\/wordpress\\\/herbststimmung-an-den-haengen-des-lavaux\\\/#respond\"]}]},{\"@type\":\"WebPage\",\"@id\":\"https:\\\/\\\/reiseblock.ch\\\/wordpress\\\/herbststimmung-an-den-haengen-des-lavaux\\\/\",\"url\":\"https:\\\/\\\/reiseblock.ch\\\/wordpress\\\/herbststimmung-an-den-haengen-des-lavaux\\\/\",\"name\":\"Herbststimmung an den H\u00e4ngen des Lavaux &#8211; Reiseblock\",\"isPartOf\":{\"@id\":\"https:\\\/\\\/reiseblock.ch\\\/wordpress\\\/#website\"},\"primaryImageOfPage\":{\"@id\":\"https:\\\/\\\/reiseblock.ch\\\/wordpress\\\/herbststimmung-an-den-haengen-des-lavaux\\\/#primaryimage\"},\"image\":{\"@id\":\"https:\\\/\\\/reiseblock.ch\\\/wordpress\\\/herbststimmung-an-den-haengen-des-lavaux\\\/#primaryimage\"},\"thumbnailUrl\":\"https:\\\/\\\/reiseblock.ch\\\/wordpress\\\/wp-content\\\/uploads\\\/2017\\\/09\\\/Landschaft_3.jpg\",\"datePublished\":\"2017-09-18T12:34:49+00:00\",\"dateModified\":\"2017-09-18T12:38:49+00:00\",\"description\":\"Das Lavaux ist zu jeder Jahreszeit einen Besuch wert, besonders stimmungsvoll wird die UNESCO-Landschaft aber erst so richtig im Herbst.\",\"breadcrumb\":{\"@id\":\"https:\\\/\\\/reiseblock.ch\\\/wordpress\\\/herbststimmung-an-den-haengen-des-lavaux\\\/#breadcrumb\"},\"inLanguage\":\"de\",\"potentialAction\":[{\"@type\":\"ReadAction\",\"target\":[\"https:\\\/\\\/reiseblock.ch\\\/wordpress\\\/herbststimmung-an-den-haengen-des-lavaux\\\/\"]}]},{\"@type\":\"ImageObject\",\"inLanguage\":\"de\",\"@id\":\"https:\\\/\\\/reiseblock.ch\\\/wordpress\\\/herbststimmung-an-den-haengen-des-lavaux\\\/#primaryimage\",\"url\":\"https:\\\/\\\/reiseblock.ch\\\/wordpress\\\/wp-content\\\/uploads\\\/2017\\\/09\\\/Landschaft_3.jpg\",\"contentUrl\":\"https:\\\/\\\/reiseblock.ch\\\/wordpress\\\/wp-content\\\/uploads\\\/2017\\\/09\\\/Landschaft_3.jpg\",\"width\":800,\"height\":533},{\"@type\":\"BreadcrumbList\",\"@id\":\"https:\\\/\\\/reiseblock.ch\\\/wordpress\\\/herbststimmung-an-den-haengen-des-lavaux\\\/#breadcrumb\",\"itemListElement\":[{\"@type\":\"ListItem\",\"position\":1,\"name\":\"Home\",\"item\":\"https:\\\/\\\/reiseblock.ch\\\/wordpress\\\/\"},{\"@type\":\"ListItem\",\"position\":2,\"name\":\"Herbststimmung an den H\u00e4ngen des Lavaux\"}]},{\"@type\":\"WebSite\",\"@id\":\"https:\\\/\\\/reiseblock.ch\\\/wordpress\\\/#website\",\"url\":\"https:\\\/\\\/reiseblock.ch\\\/wordpress\\\/\",\"name\":\"Reiseblock\",\"description\":\"Ursula Kohlers ReiseWeise\",\"publisher\":{\"@id\":\"https:\\\/\\\/reiseblock.ch\\\/wordpress\\\/#\\\/schema\\\/person\\\/eafba14374f16d5fa4f73efd49243014\"},\"potentialAction\":[{\"@type\":\"SearchAction\",\"target\":{\"@type\":\"EntryPoint\",\"urlTemplate\":\"https:\\\/\\\/reiseblock.ch\\\/wordpress\\\/?s={search_term_string}\"},\"query-input\":{\"@type\":\"PropertyValueSpecification\",\"valueRequired\":true,\"valueName\":\"search_term_string\"}}],\"inLanguage\":\"de\"},{\"@type\":[\"Person\",\"Organization\"],\"@id\":\"https:\\\/\\\/reiseblock.ch\\\/wordpress\\\/#\\\/schema\\\/person\\\/eafba14374f16d5fa4f73efd49243014\",\"name\":\"Ursula Kohler\",\"image\":{\"@type\":\"ImageObject\",\"inLanguage\":\"de\",\"@id\":\"https:\\\/\\\/secure.gravatar.com\\\/avatar\\\/014d9b9a971f617638f4298cbb55f92d20b3bf0d1c9cc32f65333b2769bcf867?s=96&d=blank&r=g\",\"url\":\"https:\\\/\\\/secure.gravatar.com\\\/avatar\\\/014d9b9a971f617638f4298cbb55f92d20b3bf0d1c9cc32f65333b2769bcf867?s=96&d=blank&r=g\",\"contentUrl\":\"https:\\\/\\\/secure.gravatar.com\\\/avatar\\\/014d9b9a971f617638f4298cbb55f92d20b3bf0d1c9cc32f65333b2769bcf867?s=96&d=blank&r=g\",\"caption\":\"Ursula Kohler\"},\"logo\":{\"@id\":\"https:\\\/\\\/secure.gravatar.com\\\/avatar\\\/014d9b9a971f617638f4298cbb55f92d20b3bf0d1c9cc32f65333b2769bcf867?s=96&d=blank&r=g\"}},{\"@type\":\"Person\",\"@id\":\"https:\\\/\\\/reiseblock.ch\\\/wordpress\\\/#\\\/schema\\\/person\\\/739b103f8e7941f579794d17e2187721\",\"name\":\"admin\",\"image\":{\"@type\":\"ImageObject\",\"inLanguage\":\"de\",\"@id\":\"https:\\\/\\\/secure.gravatar.com\\\/avatar\\\/a0f702f22ecd58ce02800a54cb2055cabe1fa8d7cf75ab377ce2f2b8503f188c?s=96&d=blank&r=g\",\"url\":\"https:\\\/\\\/secure.gravatar.com\\\/avatar\\\/a0f702f22ecd58ce02800a54cb2055cabe1fa8d7cf75ab377ce2f2b8503f188c?s=96&d=blank&r=g\",\"contentUrl\":\"https:\\\/\\\/secure.gravatar.com\\\/avatar\\\/a0f702f22ecd58ce02800a54cb2055cabe1fa8d7cf75ab377ce2f2b8503f188c?s=96&d=blank&r=g\",\"caption\":\"admin\"},\"url\":\"https:\\\/\\\/reiseblock.ch\\\/wordpress\\\/author\\\/admin\\\/\"}]}<\/script>\n<!-- \/ Yoast SEO plugin. -->","yoast_head_json":{"title":"Herbststimmung an den H\u00e4ngen des Lavaux &#8211; Reiseblock","description":"Das Lavaux ist zu jeder Jahreszeit einen Besuch wert, besonders stimmungsvoll wird die UNESCO-Landschaft aber erst so richtig im Herbst.","robots":{"index":"index","follow":"follow","max-snippet":"max-snippet:-1","max-image-preview":"max-image-preview:large","max-video-preview":"max-video-preview:-1"},"canonical":"https:\/\/reiseblock.ch\/wordpress\/herbststimmung-an-den-haengen-des-lavaux\/","og_locale":"de_DE","og_type":"article","og_title":"Herbststimmung an den H\u00e4ngen des Lavaux &#8211; Reiseblock","og_description":"Das Lavaux ist zu jeder Jahreszeit einen Besuch wert, besonders stimmungsvoll wird die UNESCO-Landschaft aber erst so richtig im Herbst.","og_url":"https:\/\/reiseblock.ch\/wordpress\/herbststimmung-an-den-haengen-des-lavaux\/","og_site_name":"Reiseblock","article_published_time":"2017-09-18T12:34:49+00:00","article_modified_time":"2017-09-18T12:38:49+00:00","og_image":[{"width":800,"height":533,"url":"https:\/\/reiseblock.ch\/wordpress\/wp-content\/uploads\/2017\/09\/Landschaft_3.jpg","type":"image\/jpeg"}],"author":"admin","twitter_misc":{"Verfasst von":"admin","Gesch\u00e4tzte Lesezeit":"1\u00a0Minute"},"schema":{"@context":"https:\/\/schema.org","@graph":[{"@type":"Article","@id":"https:\/\/reiseblock.ch\/wordpress\/herbststimmung-an-den-haengen-des-lavaux\/#article","isPartOf":{"@id":"https:\/\/reiseblock.ch\/wordpress\/herbststimmung-an-den-haengen-des-lavaux\/"},"author":{"name":"admin","@id":"https:\/\/reiseblock.ch\/wordpress\/#\/schema\/person\/739b103f8e7941f579794d17e2187721"},"headline":"Herbststimmung an den H\u00e4ngen des Lavaux","datePublished":"2017-09-18T12:34:49+00:00","dateModified":"2017-09-18T12:38:49+00:00","mainEntityOfPage":{"@id":"https:\/\/reiseblock.ch\/wordpress\/herbststimmung-an-den-haengen-des-lavaux\/"},"wordCount":256,"commentCount":0,"publisher":{"@id":"https:\/\/reiseblock.ch\/wordpress\/#\/schema\/person\/eafba14374f16d5fa4f73efd49243014"},"image":{"@id":"https:\/\/reiseblock.ch\/wordpress\/herbststimmung-an-den-haengen-des-lavaux\/#primaryimage"},"thumbnailUrl":"https:\/\/reiseblock.ch\/wordpress\/wp-content\/uploads\/2017\/09\/Landschaft_3.jpg","keywords":["Genfersee","Lavaux","UNESCO","Wandern"],"articleSection":["Gesehen","Tipp"],"inLanguage":"de","potentialAction":[{"@type":"CommentAction","name":"Comment","target":["https:\/\/reiseblock.ch\/wordpress\/herbststimmung-an-den-haengen-des-lavaux\/#respond"]}]},{"@type":"WebPage","@id":"https:\/\/reiseblock.ch\/wordpress\/herbststimmung-an-den-haengen-des-lavaux\/","url":"https:\/\/reiseblock.ch\/wordpress\/herbststimmung-an-den-haengen-des-lavaux\/","name":"Herbststimmung an den H\u00e4ngen des Lavaux &#8211; Reiseblock","isPartOf":{"@id":"https:\/\/reiseblock.ch\/wordpress\/#website"},"primaryImageOfPage":{"@id":"https:\/\/reiseblock.ch\/wordpress\/herbststimmung-an-den-haengen-des-lavaux\/#primaryimage"},"image":{"@id":"https:\/\/reiseblock.ch\/wordpress\/herbststimmung-an-den-haengen-des-lavaux\/#primaryimage"},"thumbnailUrl":"https:\/\/reiseblock.ch\/wordpress\/wp-content\/uploads\/2017\/09\/Landschaft_3.jpg","datePublished":"2017-09-18T12:34:49+00:00","dateModified":"2017-09-18T12:38:49+00:00","description":"Das Lavaux ist zu jeder Jahreszeit einen Besuch wert, besonders stimmungsvoll wird die UNESCO-Landschaft aber erst so richtig im Herbst.","breadcrumb":{"@id":"https:\/\/reiseblock.ch\/wordpress\/herbststimmung-an-den-haengen-des-lavaux\/#breadcrumb"},"inLanguage":"de","potentialAction":[{"@type":"ReadAction","target":["https:\/\/reiseblock.ch\/wordpress\/herbststimmung-an-den-haengen-des-lavaux\/"]}]},{"@type":"ImageObject","inLanguage":"de","@id":"https:\/\/reiseblock.ch\/wordpress\/herbststimmung-an-den-haengen-des-lavaux\/#primaryimage","url":"https:\/\/reiseblock.ch\/wordpress\/wp-content\/uploads\/2017\/09\/Landschaft_3.jpg","contentUrl":"https:\/\/reiseblock.ch\/wordpress\/wp-content\/uploads\/2017\/09\/Landschaft_3.jpg","width":800,"height":533},{"@type":"BreadcrumbList","@id":"https:\/\/reiseblock.ch\/wordpress\/herbststimmung-an-den-haengen-des-lavaux\/#breadcrumb","itemListElement":[{"@type":"ListItem","position":1,"name":"Home","item":"https:\/\/reiseblock.ch\/wordpress\/"},{"@type":"ListItem","position":2,"name":"Herbststimmung an den H\u00e4ngen des Lavaux"}]},{"@type":"WebSite","@id":"https:\/\/reiseblock.ch\/wordpress\/#website","url":"https:\/\/reiseblock.ch\/wordpress\/","name":"Reiseblock","description":"Ursula Kohlers ReiseWeise","publisher":{"@id":"https:\/\/reiseblock.ch\/wordpress\/#\/schema\/person\/eafba14374f16d5fa4f73efd49243014"},"potentialAction":[{"@type":"SearchAction","target":{"@type":"EntryPoint","urlTemplate":"https:\/\/reiseblock.ch\/wordpress\/?s={search_term_string}"},"query-input":{"@type":"PropertyValueSpecification","valueRequired":true,"valueName":"search_term_string"}}],"inLanguage":"de"},{"@type":["Person","Organization"],"@id":"https:\/\/reiseblock.ch\/wordpress\/#\/schema\/person\/eafba14374f16d5fa4f73efd49243014","name":"Ursula Kohler","image":{"@type":"ImageObject","inLanguage":"de","@id":"https:\/\/secure.gravatar.com\/avatar\/014d9b9a971f617638f4298cbb55f92d20b3bf0d1c9cc32f65333b2769bcf867?s=96&d=blank&r=g","url":"https:\/\/secure.gravatar.com\/avatar\/014d9b9a971f617638f4298cbb55f92d20b3bf0d1c9cc32f65333b2769bcf867?s=96&d=blank&r=g","contentUrl":"https:\/\/secure.gravatar.com\/avatar\/014d9b9a971f617638f4298cbb55f92d20b3bf0d1c9cc32f65333b2769bcf867?s=96&d=blank&r=g","caption":"Ursula Kohler"},"logo":{"@id":"https:\/\/secure.gravatar.com\/avatar\/014d9b9a971f617638f4298cbb55f92d20b3bf0d1c9cc32f65333b2769bcf867?s=96&d=blank&r=g"}},{"@type":"Person","@id":"https:\/\/reiseblock.ch\/wordpress\/#\/schema\/person\/739b103f8e7941f579794d17e2187721","name":"admin","image":{"@type":"ImageObject","inLanguage":"de","@id":"https:\/\/secure.gravatar.com\/avatar\/a0f702f22ecd58ce02800a54cb2055cabe1fa8d7cf75ab377ce2f2b8503f188c?s=96&d=blank&r=g","url":"https:\/\/secure.gravatar.com\/avatar\/a0f702f22ecd58ce02800a54cb2055cabe1fa8d7cf75ab377ce2f2b8503f188c?s=96&d=blank&r=g","contentUrl":"https:\/\/secure.gravatar.com\/avatar\/a0f702f22ecd58ce02800a54cb2055cabe1fa8d7cf75ab377ce2f2b8503f188c?s=96&d=blank&r=g","caption":"admin"},"url":"https:\/\/reiseblock.ch\/wordpress\/author\/admin\/"}]}},"_links":{"self":[{"href":"https:\/\/reiseblock.ch\/wordpress\/wp-json\/wp\/v2\/posts\/2135","targetHints":{"allow":["GET"]}}],"collection":[{"href":"https:\/\/reiseblock.ch\/wordpress\/wp-json\/wp\/v2\/posts"}],"about":[{"href":"https:\/\/reiseblock.ch\/wordpress\/wp-json\/wp\/v2\/types\/post"}],"author":[{"embeddable":true,"href":"https:\/\/reiseblock.ch\/wordpress\/wp-json\/wp\/v2\/users\/1"}],"replies":[{"embeddable":true,"href":"https:\/\/reiseblock.ch\/wordpress\/wp-json\/wp\/v2\/comments?post=2135"}],"version-history":[{"count":5,"href":"https:\/\/reiseblock.ch\/wordpress\/wp-json\/wp\/v2\/posts\/2135\/revisions"}],"predecessor-version":[{"id":2145,"href":"https:\/\/reiseblock.ch\/wordpress\/wp-json\/wp\/v2\/posts\/2135\/revisions\/2145"}],"wp:featuredmedia":[{"embeddable":true,"href":"https:\/\/reiseblock.ch\/wordpress\/wp-json\/wp\/v2\/media\/2139"}],"wp:attachment":[{"href":"https:\/\/reiseblock.ch\/wordpress\/wp-json\/wp\/v2\/media?parent=2135"}],"wp:term":[{"taxonomy":"category","embeddable":true,"href":"https:\/\/reiseblock.ch\/wordpress\/wp-json\/wp\/v2\/categories?post=2135"},{"taxonomy":"post_tag","embeddable":true,"href":"https:\/\/reiseblock.ch\/wordpress\/wp-json\/wp\/v2\/tags?post=2135"}],"curies":[{"name":"wp","href":"https:\/\/api.w.org\/{rel}","templated":true}]}}