{"id":2123,"date":"2017-09-11T10:01:17","date_gmt":"2017-09-11T08:01:17","guid":{"rendered":"http:\/\/reiseblock.ch\/?p=2123"},"modified":"2017-09-11T10:10:55","modified_gmt":"2017-09-11T08:10:55","slug":"arosa-eine-leichte-herbstwanderung-fuehrt-zu-mehreren-highlights","status":"publish","type":"post","link":"https:\/\/reiseblock.ch\/wordpress\/arosa-eine-leichte-herbstwanderung-fuehrt-zu-mehreren-highlights\/","title":{"rendered":"Arosa: eine leichte Herbstwanderung f\u00fchrt zu mehreren Highlights"},"content":{"rendered":"<div id=\"attachment_2114\" style=\"width: 810px\" class=\"wp-caption alignleft\"><img loading=\"lazy\" decoding=\"async\" aria-describedby=\"caption-attachment-2114\" class=\"size-full wp-image-2114\" src=\"http:\/\/reiseblock.ch\/wordpress\/wp-content\/uploads\/2017\/09\/Schanfigg.jpg\" alt=\"Blick ins traumhafte Schanfigg\" width=\"800\" height=\"533\" srcset=\"https:\/\/reiseblock.ch\/wordpress\/wp-content\/uploads\/2017\/09\/Schanfigg.jpg 800w, https:\/\/reiseblock.ch\/wordpress\/wp-content\/uploads\/2017\/09\/Schanfigg-300x200.jpg 300w, https:\/\/reiseblock.ch\/wordpress\/wp-content\/uploads\/2017\/09\/Schanfigg-768x512.jpg 768w\" sizes=\"auto, (max-width: 800px) 100vw, 800px\" \/><p id=\"caption-attachment-2114\" class=\"wp-caption-text\">Blick ins traumhafte Schanfigg<\/p><\/div>\n<p><span style=\"font-family: Book Antiqua,Palatino; font-size: 12pt;\">Die Anfahrt durch das Schanfigg l\u00e4sst bereits Vorfreude aufkommen. Die gut einst\u00fcndige Fahrt durch das Tal ist ein Genuss \u2013 und obwohl ich gar nicht so oft in Arosa war, gibt es einen Hauch des Gef\u00fchls, heimzukommen. Seltsam, wie schnell das manchmal geht.<\/span><\/p>\n<p><!--more--><\/p>\n<p><span style=\"font-family: Book Antiqua,Palatino; font-size: 12pt;\">Wir machen uns an diesem warmen Septembertag zu einer leichten, aber reizvollen Wanderung auf. Startpunkt ist Maran oder Pr\u00e4tschli. Mit dem Bus ab Arosa gewinnt man in wenigen Minuten rund 150 H\u00f6henmeter. In Maran kann man sich gleich mal verpflegen, mit einem Kaffee auf der Terrasse des <a href=\"http:\/\/hofmaran.ch\/\" target=\"_blank\" rel=\"noopener\">Golf- und Sporthotels<\/a> oder im Laden der <a href=\"http:\/\/www.sennerei-maran.ch\/\" target=\"_blank\" rel=\"noopener\">Sennerei Maran<\/a>. Wie immer, wenn man an einem Ort mit feinen lokalen Produkten vorbeikommt, w\u00fcrde man die Wanderung am liebsten umgekehrt machen, um zum Schluss den Rucksack zu f\u00fcllen. Ein paar getrocknete Fr\u00fcchte zu Beginn der Tour belasten das Gewicht aber nicht.<\/span><\/p>\n<div id=\"attachment_2115\" style=\"width: 810px\" class=\"wp-caption alignleft\"><img loading=\"lazy\" decoding=\"async\" aria-describedby=\"caption-attachment-2115\" class=\"size-full wp-image-2115\" src=\"http:\/\/reiseblock.ch\/wordpress\/wp-content\/uploads\/2017\/09\/Sennerei.jpg\" alt=\"Zwischenstopp in der Sennerei Maran\" width=\"800\" height=\"600\" srcset=\"https:\/\/reiseblock.ch\/wordpress\/wp-content\/uploads\/2017\/09\/Sennerei.jpg 800w, https:\/\/reiseblock.ch\/wordpress\/wp-content\/uploads\/2017\/09\/Sennerei-300x225.jpg 300w, https:\/\/reiseblock.ch\/wordpress\/wp-content\/uploads\/2017\/09\/Sennerei-768x576.jpg 768w\" sizes=\"auto, (max-width: 800px) 100vw, 800px\" \/><p id=\"caption-attachment-2115\" class=\"wp-caption-text\">Zwischenstopp in der Sennerei Maran<\/p><\/div>\n<p><span style=\"font-family: Book Antiqua,Palatino; font-size: 12pt;\">Erstes Etappenziel ist die Mittelstation der Weisshornbahn. Das w\u00e4re in 40 Minuten zu machen, w\u00e4re da nicht eine etwas fiese Umleitung, nachdem wir die H\u00f6henmeter bereits hinter uns haben. Wir m\u00fcssen nochmals hinunter und \u00fcber das <a href=\"http:\/\/www.praetschli.ch\/\" target=\"_blank\" rel=\"noopener\">Pr\u00e4tschli<\/a> wieder hoch. Wer m\u00f6chte, kann von hier aus auch Richtung <a href=\"http:\/\/ochsenalp-arosa.ch\/\" target=\"_blank\" rel=\"noopener\">Ochsenalp<\/a> wandern, absolut empfehlenswert.<\/span><\/p>\n<div id=\"attachment_2125\" style=\"width: 810px\" class=\"wp-caption alignleft\"><img loading=\"lazy\" decoding=\"async\" aria-describedby=\"caption-attachment-2125\" class=\"size-full wp-image-2125\" src=\"http:\/\/reiseblock.ch\/wordpress\/wp-content\/uploads\/2017\/09\/Praetschli.jpg\" alt=\"Blick aufs Pr\u00e4tschli, im Hintergrund Arosa\" width=\"800\" height=\"533\" srcset=\"https:\/\/reiseblock.ch\/wordpress\/wp-content\/uploads\/2017\/09\/Praetschli.jpg 800w, https:\/\/reiseblock.ch\/wordpress\/wp-content\/uploads\/2017\/09\/Praetschli-300x200.jpg 300w, https:\/\/reiseblock.ch\/wordpress\/wp-content\/uploads\/2017\/09\/Praetschli-768x512.jpg 768w\" sizes=\"auto, (max-width: 800px) 100vw, 800px\" \/><p id=\"caption-attachment-2125\" class=\"wp-caption-text\">Blick aufs Pr\u00e4tschli, im Hintergrund Arosa<\/p><\/div>\n<p><span style=\"font-family: Book Antiqua,Palatino; font-size: 12pt;\">Wir nehmens gem\u00fctlich und gehen nach Innerarosa weiter. \u00dcber uns sehen wir das Weisshorn mit dem tollen Panoramarestaurant. Es wurde von der bekannten Architektin Tilla Theus erbaut. Mit der Bahn ein lockerer, zu Fuss ein herausfordernder Abstecher. Auch empfehlenswert ist ein k\u00fcrzerer Abstecher zur <a href=\"http:\/\/www.carmennahuette.ch\/\" target=\"_blank\" rel=\"noopener\">Carmennah\u00fctte<\/a>.<\/span><\/p>\n<div id=\"attachment_2117\" style=\"width: 810px\" class=\"wp-caption alignleft\"><img loading=\"lazy\" decoding=\"async\" aria-describedby=\"caption-attachment-2117\" class=\"size-full wp-image-2117\" src=\"http:\/\/reiseblock.ch\/wordpress\/wp-content\/uploads\/2017\/09\/Weisshorn.jpg\" alt=\"Das imposante Panoramarestaurant auf dem Weisshorn\" width=\"800\" height=\"533\" srcset=\"https:\/\/reiseblock.ch\/wordpress\/wp-content\/uploads\/2017\/09\/Weisshorn.jpg 800w, https:\/\/reiseblock.ch\/wordpress\/wp-content\/uploads\/2017\/09\/Weisshorn-300x200.jpg 300w, https:\/\/reiseblock.ch\/wordpress\/wp-content\/uploads\/2017\/09\/Weisshorn-768x512.jpg 768w\" sizes=\"auto, (max-width: 800px) 100vw, 800px\" \/><p id=\"caption-attachment-2117\" class=\"wp-caption-text\">Das imposante Panoramarestaurant auf dem Weisshorn<\/p><\/div>\n<p><span style=\"font-family: Book Antiqua,Palatino; font-size: 12pt;\">In Innerarosa gelangen wir direkt zum <a href=\"http:\/\/www.gspan.ch\/\" target=\"_blank\" rel=\"noopener\">Hotel Gspan<\/a>, aber nur, weil wir uns nicht auf die offiziellen Wegweiser verlassen, sondern uns durchs Handy lotsen lassen. Auf der Terrasse l\u00e4sst es sich k\u00f6stlich verpflegen.<\/span><\/p>\n<div id=\"attachment_2126\" style=\"width: 810px\" class=\"wp-caption alignleft\"><img loading=\"lazy\" decoding=\"async\" aria-describedby=\"caption-attachment-2126\" class=\"size-full wp-image-2126\" src=\"http:\/\/reiseblock.ch\/wordpress\/wp-content\/uploads\/2017\/09\/Innerarosa.jpg\" alt=\"Ankunft in Innerarosa\" width=\"800\" height=\"533\" srcset=\"https:\/\/reiseblock.ch\/wordpress\/wp-content\/uploads\/2017\/09\/Innerarosa.jpg 800w, https:\/\/reiseblock.ch\/wordpress\/wp-content\/uploads\/2017\/09\/Innerarosa-300x200.jpg 300w, https:\/\/reiseblock.ch\/wordpress\/wp-content\/uploads\/2017\/09\/Innerarosa-768x512.jpg 768w\" sizes=\"auto, (max-width: 800px) 100vw, 800px\" \/><p id=\"caption-attachment-2126\" class=\"wp-caption-text\">Ankunft in Innerarosa<\/p><\/div>\n<p><span style=\"font-family: Book Antiqua,Palatino; font-size: 12pt;\">Ein Tag nur in Arosa \u2013 und Empfehlungen zuhauf. Wer zur rechten Zeit in Innerarosa ankommt, sollte das <a href=\"http:\/\/www.arosa-museum.ch\/\" target=\"_blank\" rel=\"noopener\">Schanfigger Heimatmuseum<\/a> nicht verpassen. Klein und pers\u00f6nlich, bietet es den perfekten Abschluss einer Wanderung \u2013 w\u00e4re da nicht noch als perfekter Ausklang das Cafe in Arosa, wenige Minuten vom Bahnhof entfernt, wo der Zug zur\u00fcck durchs Schanfigg nach Chur wartet.<\/span><\/p>\n","protected":false},"excerpt":{"rendered":"<p>Die Anfahrt durch das Schanfigg l\u00e4sst bereits Vorfreude aufkommen. Die gut einst\u00fcndige Fahrt durch das Tal ist ein Genuss \u2013 und obwohl ich gar nicht [&#8230;]<\/p>\n","protected":false},"author":1,"featured_media":2126,"comment_status":"open","ping_status":"open","sticky":false,"template":"","format":"standard","meta":{"footnotes":""},"categories":[10,8],"tags":[260,264,263,262,12,261],"class_list":["post-2123","post","type-post","status-publish","format-standard","has-post-thumbnail","hentry","category-erlebt","category-tipp","tag-arosa","tag-innerarosa","tag-maran","tag-praetschli","tag-wandern","tag-weisshorn"],"yoast_head":"<!-- This site is optimized with the Yoast SEO plugin v27.8 - https:\/\/yoast.com\/product\/yoast-seo-wordpress\/ -->\n<title>Arosa: eine leichte Herbstwanderung f\u00fchrt zu mehreren Highlights<\/title>\n<meta name=\"description\" content=\"Eine leichte Herbstwanderung in Arosa bietet an einem Tag sehr viel. Maran, Pr\u00e4tschli, Weisshorn, Innerarosa sind alle f\u00fcr sich ein Highlight.\" \/>\n<meta name=\"robots\" content=\"index, follow, max-snippet:-1, max-image-preview:large, max-video-preview:-1\" \/>\n<link rel=\"canonical\" href=\"https:\/\/reiseblock.ch\/wordpress\/arosa-eine-leichte-herbstwanderung-fuehrt-zu-mehreren-highlights\/\" \/>\n<meta property=\"og:locale\" content=\"de_DE\" \/>\n<meta property=\"og:type\" content=\"article\" \/>\n<meta property=\"og:title\" content=\"Arosa: eine leichte Herbstwanderung f\u00fchrt zu mehreren Highlights\" \/>\n<meta property=\"og:description\" content=\"Eine leichte Herbstwanderung in Arosa bietet an einem Tag sehr viel. Maran, Pr\u00e4tschli, Weisshorn, Innerarosa sind alle f\u00fcr sich ein Highlight.\" \/>\n<meta property=\"og:url\" content=\"https:\/\/reiseblock.ch\/wordpress\/arosa-eine-leichte-herbstwanderung-fuehrt-zu-mehreren-highlights\/\" \/>\n<meta property=\"og:site_name\" content=\"Reiseblock\" \/>\n<meta property=\"article:published_time\" content=\"2017-09-11T08:01:17+00:00\" \/>\n<meta property=\"article:modified_time\" content=\"2017-09-11T08:10:55+00:00\" \/>\n<meta property=\"og:image\" content=\"https:\/\/reiseblock.ch\/wordpress\/wp-content\/uploads\/2017\/09\/Innerarosa.jpg\" \/>\n\t<meta property=\"og:image:width\" content=\"800\" \/>\n\t<meta property=\"og:image:height\" content=\"533\" \/>\n\t<meta property=\"og:image:type\" content=\"image\/jpeg\" \/>\n<meta name=\"author\" content=\"admin\" \/>\n<meta name=\"twitter:label1\" content=\"Verfasst von\" \/>\n\t<meta name=\"twitter:data1\" content=\"admin\" \/>\n\t<meta name=\"twitter:label2\" content=\"Gesch\u00e4tzte Lesezeit\" \/>\n\t<meta name=\"twitter:data2\" content=\"2\u00a0Minuten\" \/>\n<script type=\"application\/ld+json\" class=\"yoast-schema-graph\">{\"@context\":\"https:\\\/\\\/schema.org\",\"@graph\":[{\"@type\":\"Article\",\"@id\":\"https:\\\/\\\/reiseblock.ch\\\/wordpress\\\/arosa-eine-leichte-herbstwanderung-fuehrt-zu-mehreren-highlights\\\/#article\",\"isPartOf\":{\"@id\":\"https:\\\/\\\/reiseblock.ch\\\/wordpress\\\/arosa-eine-leichte-herbstwanderung-fuehrt-zu-mehreren-highlights\\\/\"},\"author\":{\"name\":\"admin\",\"@id\":\"https:\\\/\\\/reiseblock.ch\\\/wordpress\\\/#\\\/schema\\\/person\\\/739b103f8e7941f579794d17e2187721\"},\"headline\":\"Arosa: eine leichte Herbstwanderung f\u00fchrt zu mehreren Highlights\",\"datePublished\":\"2017-09-11T08:01:17+00:00\",\"dateModified\":\"2017-09-11T08:10:55+00:00\",\"mainEntityOfPage\":{\"@id\":\"https:\\\/\\\/reiseblock.ch\\\/wordpress\\\/arosa-eine-leichte-herbstwanderung-fuehrt-zu-mehreren-highlights\\\/\"},\"wordCount\":412,\"commentCount\":1,\"publisher\":{\"@id\":\"https:\\\/\\\/reiseblock.ch\\\/wordpress\\\/#\\\/schema\\\/person\\\/eafba14374f16d5fa4f73efd49243014\"},\"image\":{\"@id\":\"https:\\\/\\\/reiseblock.ch\\\/wordpress\\\/arosa-eine-leichte-herbstwanderung-fuehrt-zu-mehreren-highlights\\\/#primaryimage\"},\"thumbnailUrl\":\"https:\\\/\\\/reiseblock.ch\\\/wordpress\\\/wp-content\\\/uploads\\\/2017\\\/09\\\/Innerarosa.jpg\",\"keywords\":[\"Arosa\",\"Innerarosa\",\"Maran\",\"Pr\u00e4tschli\",\"Wandern\",\"Weisshorn\"],\"articleSection\":[\"Erlebt\",\"Tipp\"],\"inLanguage\":\"de\",\"potentialAction\":[{\"@type\":\"CommentAction\",\"name\":\"Comment\",\"target\":[\"https:\\\/\\\/reiseblock.ch\\\/wordpress\\\/arosa-eine-leichte-herbstwanderung-fuehrt-zu-mehreren-highlights\\\/#respond\"]}]},{\"@type\":\"WebPage\",\"@id\":\"https:\\\/\\\/reiseblock.ch\\\/wordpress\\\/arosa-eine-leichte-herbstwanderung-fuehrt-zu-mehreren-highlights\\\/\",\"url\":\"https:\\\/\\\/reiseblock.ch\\\/wordpress\\\/arosa-eine-leichte-herbstwanderung-fuehrt-zu-mehreren-highlights\\\/\",\"name\":\"Arosa: eine leichte Herbstwanderung f\u00fchrt zu mehreren Highlights\",\"isPartOf\":{\"@id\":\"https:\\\/\\\/reiseblock.ch\\\/wordpress\\\/#website\"},\"primaryImageOfPage\":{\"@id\":\"https:\\\/\\\/reiseblock.ch\\\/wordpress\\\/arosa-eine-leichte-herbstwanderung-fuehrt-zu-mehreren-highlights\\\/#primaryimage\"},\"image\":{\"@id\":\"https:\\\/\\\/reiseblock.ch\\\/wordpress\\\/arosa-eine-leichte-herbstwanderung-fuehrt-zu-mehreren-highlights\\\/#primaryimage\"},\"thumbnailUrl\":\"https:\\\/\\\/reiseblock.ch\\\/wordpress\\\/wp-content\\\/uploads\\\/2017\\\/09\\\/Innerarosa.jpg\",\"datePublished\":\"2017-09-11T08:01:17+00:00\",\"dateModified\":\"2017-09-11T08:10:55+00:00\",\"description\":\"Eine leichte Herbstwanderung in Arosa bietet an einem Tag sehr viel. Maran, Pr\u00e4tschli, Weisshorn, Innerarosa sind alle f\u00fcr sich ein Highlight.\",\"breadcrumb\":{\"@id\":\"https:\\\/\\\/reiseblock.ch\\\/wordpress\\\/arosa-eine-leichte-herbstwanderung-fuehrt-zu-mehreren-highlights\\\/#breadcrumb\"},\"inLanguage\":\"de\",\"potentialAction\":[{\"@type\":\"ReadAction\",\"target\":[\"https:\\\/\\\/reiseblock.ch\\\/wordpress\\\/arosa-eine-leichte-herbstwanderung-fuehrt-zu-mehreren-highlights\\\/\"]}]},{\"@type\":\"ImageObject\",\"inLanguage\":\"de\",\"@id\":\"https:\\\/\\\/reiseblock.ch\\\/wordpress\\\/arosa-eine-leichte-herbstwanderung-fuehrt-zu-mehreren-highlights\\\/#primaryimage\",\"url\":\"https:\\\/\\\/reiseblock.ch\\\/wordpress\\\/wp-content\\\/uploads\\\/2017\\\/09\\\/Innerarosa.jpg\",\"contentUrl\":\"https:\\\/\\\/reiseblock.ch\\\/wordpress\\\/wp-content\\\/uploads\\\/2017\\\/09\\\/Innerarosa.jpg\",\"width\":800,\"height\":533,\"caption\":\"Ankunft in Innerarosa\"},{\"@type\":\"BreadcrumbList\",\"@id\":\"https:\\\/\\\/reiseblock.ch\\\/wordpress\\\/arosa-eine-leichte-herbstwanderung-fuehrt-zu-mehreren-highlights\\\/#breadcrumb\",\"itemListElement\":[{\"@type\":\"ListItem\",\"position\":1,\"name\":\"Home\",\"item\":\"https:\\\/\\\/reiseblock.ch\\\/wordpress\\\/\"},{\"@type\":\"ListItem\",\"position\":2,\"name\":\"Arosa: eine leichte Herbstwanderung f\u00fchrt zu mehreren Highlights\"}]},{\"@type\":\"WebSite\",\"@id\":\"https:\\\/\\\/reiseblock.ch\\\/wordpress\\\/#website\",\"url\":\"https:\\\/\\\/reiseblock.ch\\\/wordpress\\\/\",\"name\":\"Reiseblock\",\"description\":\"Ursula Kohlers ReiseWeise\",\"publisher\":{\"@id\":\"https:\\\/\\\/reiseblock.ch\\\/wordpress\\\/#\\\/schema\\\/person\\\/eafba14374f16d5fa4f73efd49243014\"},\"potentialAction\":[{\"@type\":\"SearchAction\",\"target\":{\"@type\":\"EntryPoint\",\"urlTemplate\":\"https:\\\/\\\/reiseblock.ch\\\/wordpress\\\/?s={search_term_string}\"},\"query-input\":{\"@type\":\"PropertyValueSpecification\",\"valueRequired\":true,\"valueName\":\"search_term_string\"}}],\"inLanguage\":\"de\"},{\"@type\":[\"Person\",\"Organization\"],\"@id\":\"https:\\\/\\\/reiseblock.ch\\\/wordpress\\\/#\\\/schema\\\/person\\\/eafba14374f16d5fa4f73efd49243014\",\"name\":\"Ursula Kohler\",\"image\":{\"@type\":\"ImageObject\",\"inLanguage\":\"de\",\"@id\":\"https:\\\/\\\/secure.gravatar.com\\\/avatar\\\/014d9b9a971f617638f4298cbb55f92d20b3bf0d1c9cc32f65333b2769bcf867?s=96&d=blank&r=g\",\"url\":\"https:\\\/\\\/secure.gravatar.com\\\/avatar\\\/014d9b9a971f617638f4298cbb55f92d20b3bf0d1c9cc32f65333b2769bcf867?s=96&d=blank&r=g\",\"contentUrl\":\"https:\\\/\\\/secure.gravatar.com\\\/avatar\\\/014d9b9a971f617638f4298cbb55f92d20b3bf0d1c9cc32f65333b2769bcf867?s=96&d=blank&r=g\",\"caption\":\"Ursula Kohler\"},\"logo\":{\"@id\":\"https:\\\/\\\/secure.gravatar.com\\\/avatar\\\/014d9b9a971f617638f4298cbb55f92d20b3bf0d1c9cc32f65333b2769bcf867?s=96&d=blank&r=g\"}},{\"@type\":\"Person\",\"@id\":\"https:\\\/\\\/reiseblock.ch\\\/wordpress\\\/#\\\/schema\\\/person\\\/739b103f8e7941f579794d17e2187721\",\"name\":\"admin\",\"image\":{\"@type\":\"ImageObject\",\"inLanguage\":\"de\",\"@id\":\"https:\\\/\\\/secure.gravatar.com\\\/avatar\\\/a0f702f22ecd58ce02800a54cb2055cabe1fa8d7cf75ab377ce2f2b8503f188c?s=96&d=blank&r=g\",\"url\":\"https:\\\/\\\/secure.gravatar.com\\\/avatar\\\/a0f702f22ecd58ce02800a54cb2055cabe1fa8d7cf75ab377ce2f2b8503f188c?s=96&d=blank&r=g\",\"contentUrl\":\"https:\\\/\\\/secure.gravatar.com\\\/avatar\\\/a0f702f22ecd58ce02800a54cb2055cabe1fa8d7cf75ab377ce2f2b8503f188c?s=96&d=blank&r=g\",\"caption\":\"admin\"},\"url\":\"https:\\\/\\\/reiseblock.ch\\\/wordpress\\\/author\\\/admin\\\/\"}]}<\/script>\n<!-- \/ Yoast SEO plugin. -->","yoast_head_json":{"title":"Arosa: eine leichte Herbstwanderung f\u00fchrt zu mehreren Highlights","description":"Eine leichte Herbstwanderung in Arosa bietet an einem Tag sehr viel. Maran, Pr\u00e4tschli, Weisshorn, Innerarosa sind alle f\u00fcr sich ein Highlight.","robots":{"index":"index","follow":"follow","max-snippet":"max-snippet:-1","max-image-preview":"max-image-preview:large","max-video-preview":"max-video-preview:-1"},"canonical":"https:\/\/reiseblock.ch\/wordpress\/arosa-eine-leichte-herbstwanderung-fuehrt-zu-mehreren-highlights\/","og_locale":"de_DE","og_type":"article","og_title":"Arosa: eine leichte Herbstwanderung f\u00fchrt zu mehreren Highlights","og_description":"Eine leichte Herbstwanderung in Arosa bietet an einem Tag sehr viel. Maran, Pr\u00e4tschli, Weisshorn, Innerarosa sind alle f\u00fcr sich ein Highlight.","og_url":"https:\/\/reiseblock.ch\/wordpress\/arosa-eine-leichte-herbstwanderung-fuehrt-zu-mehreren-highlights\/","og_site_name":"Reiseblock","article_published_time":"2017-09-11T08:01:17+00:00","article_modified_time":"2017-09-11T08:10:55+00:00","og_image":[{"width":800,"height":533,"url":"https:\/\/reiseblock.ch\/wordpress\/wp-content\/uploads\/2017\/09\/Innerarosa.jpg","type":"image\/jpeg"}],"author":"admin","twitter_misc":{"Verfasst von":"admin","Gesch\u00e4tzte Lesezeit":"2\u00a0Minuten"},"schema":{"@context":"https:\/\/schema.org","@graph":[{"@type":"Article","@id":"https:\/\/reiseblock.ch\/wordpress\/arosa-eine-leichte-herbstwanderung-fuehrt-zu-mehreren-highlights\/#article","isPartOf":{"@id":"https:\/\/reiseblock.ch\/wordpress\/arosa-eine-leichte-herbstwanderung-fuehrt-zu-mehreren-highlights\/"},"author":{"name":"admin","@id":"https:\/\/reiseblock.ch\/wordpress\/#\/schema\/person\/739b103f8e7941f579794d17e2187721"},"headline":"Arosa: eine leichte Herbstwanderung f\u00fchrt zu mehreren Highlights","datePublished":"2017-09-11T08:01:17+00:00","dateModified":"2017-09-11T08:10:55+00:00","mainEntityOfPage":{"@id":"https:\/\/reiseblock.ch\/wordpress\/arosa-eine-leichte-herbstwanderung-fuehrt-zu-mehreren-highlights\/"},"wordCount":412,"commentCount":1,"publisher":{"@id":"https:\/\/reiseblock.ch\/wordpress\/#\/schema\/person\/eafba14374f16d5fa4f73efd49243014"},"image":{"@id":"https:\/\/reiseblock.ch\/wordpress\/arosa-eine-leichte-herbstwanderung-fuehrt-zu-mehreren-highlights\/#primaryimage"},"thumbnailUrl":"https:\/\/reiseblock.ch\/wordpress\/wp-content\/uploads\/2017\/09\/Innerarosa.jpg","keywords":["Arosa","Innerarosa","Maran","Pr\u00e4tschli","Wandern","Weisshorn"],"articleSection":["Erlebt","Tipp"],"inLanguage":"de","potentialAction":[{"@type":"CommentAction","name":"Comment","target":["https:\/\/reiseblock.ch\/wordpress\/arosa-eine-leichte-herbstwanderung-fuehrt-zu-mehreren-highlights\/#respond"]}]},{"@type":"WebPage","@id":"https:\/\/reiseblock.ch\/wordpress\/arosa-eine-leichte-herbstwanderung-fuehrt-zu-mehreren-highlights\/","url":"https:\/\/reiseblock.ch\/wordpress\/arosa-eine-leichte-herbstwanderung-fuehrt-zu-mehreren-highlights\/","name":"Arosa: eine leichte Herbstwanderung f\u00fchrt zu mehreren Highlights","isPartOf":{"@id":"https:\/\/reiseblock.ch\/wordpress\/#website"},"primaryImageOfPage":{"@id":"https:\/\/reiseblock.ch\/wordpress\/arosa-eine-leichte-herbstwanderung-fuehrt-zu-mehreren-highlights\/#primaryimage"},"image":{"@id":"https:\/\/reiseblock.ch\/wordpress\/arosa-eine-leichte-herbstwanderung-fuehrt-zu-mehreren-highlights\/#primaryimage"},"thumbnailUrl":"https:\/\/reiseblock.ch\/wordpress\/wp-content\/uploads\/2017\/09\/Innerarosa.jpg","datePublished":"2017-09-11T08:01:17+00:00","dateModified":"2017-09-11T08:10:55+00:00","description":"Eine leichte Herbstwanderung in Arosa bietet an einem Tag sehr viel. Maran, Pr\u00e4tschli, Weisshorn, Innerarosa sind alle f\u00fcr sich ein Highlight.","breadcrumb":{"@id":"https:\/\/reiseblock.ch\/wordpress\/arosa-eine-leichte-herbstwanderung-fuehrt-zu-mehreren-highlights\/#breadcrumb"},"inLanguage":"de","potentialAction":[{"@type":"ReadAction","target":["https:\/\/reiseblock.ch\/wordpress\/arosa-eine-leichte-herbstwanderung-fuehrt-zu-mehreren-highlights\/"]}]},{"@type":"ImageObject","inLanguage":"de","@id":"https:\/\/reiseblock.ch\/wordpress\/arosa-eine-leichte-herbstwanderung-fuehrt-zu-mehreren-highlights\/#primaryimage","url":"https:\/\/reiseblock.ch\/wordpress\/wp-content\/uploads\/2017\/09\/Innerarosa.jpg","contentUrl":"https:\/\/reiseblock.ch\/wordpress\/wp-content\/uploads\/2017\/09\/Innerarosa.jpg","width":800,"height":533,"caption":"Ankunft in Innerarosa"},{"@type":"BreadcrumbList","@id":"https:\/\/reiseblock.ch\/wordpress\/arosa-eine-leichte-herbstwanderung-fuehrt-zu-mehreren-highlights\/#breadcrumb","itemListElement":[{"@type":"ListItem","position":1,"name":"Home","item":"https:\/\/reiseblock.ch\/wordpress\/"},{"@type":"ListItem","position":2,"name":"Arosa: eine leichte Herbstwanderung f\u00fchrt zu mehreren Highlights"}]},{"@type":"WebSite","@id":"https:\/\/reiseblock.ch\/wordpress\/#website","url":"https:\/\/reiseblock.ch\/wordpress\/","name":"Reiseblock","description":"Ursula Kohlers ReiseWeise","publisher":{"@id":"https:\/\/reiseblock.ch\/wordpress\/#\/schema\/person\/eafba14374f16d5fa4f73efd49243014"},"potentialAction":[{"@type":"SearchAction","target":{"@type":"EntryPoint","urlTemplate":"https:\/\/reiseblock.ch\/wordpress\/?s={search_term_string}"},"query-input":{"@type":"PropertyValueSpecification","valueRequired":true,"valueName":"search_term_string"}}],"inLanguage":"de"},{"@type":["Person","Organization"],"@id":"https:\/\/reiseblock.ch\/wordpress\/#\/schema\/person\/eafba14374f16d5fa4f73efd49243014","name":"Ursula Kohler","image":{"@type":"ImageObject","inLanguage":"de","@id":"https:\/\/secure.gravatar.com\/avatar\/014d9b9a971f617638f4298cbb55f92d20b3bf0d1c9cc32f65333b2769bcf867?s=96&d=blank&r=g","url":"https:\/\/secure.gravatar.com\/avatar\/014d9b9a971f617638f4298cbb55f92d20b3bf0d1c9cc32f65333b2769bcf867?s=96&d=blank&r=g","contentUrl":"https:\/\/secure.gravatar.com\/avatar\/014d9b9a971f617638f4298cbb55f92d20b3bf0d1c9cc32f65333b2769bcf867?s=96&d=blank&r=g","caption":"Ursula Kohler"},"logo":{"@id":"https:\/\/secure.gravatar.com\/avatar\/014d9b9a971f617638f4298cbb55f92d20b3bf0d1c9cc32f65333b2769bcf867?s=96&d=blank&r=g"}},{"@type":"Person","@id":"https:\/\/reiseblock.ch\/wordpress\/#\/schema\/person\/739b103f8e7941f579794d17e2187721","name":"admin","image":{"@type":"ImageObject","inLanguage":"de","@id":"https:\/\/secure.gravatar.com\/avatar\/a0f702f22ecd58ce02800a54cb2055cabe1fa8d7cf75ab377ce2f2b8503f188c?s=96&d=blank&r=g","url":"https:\/\/secure.gravatar.com\/avatar\/a0f702f22ecd58ce02800a54cb2055cabe1fa8d7cf75ab377ce2f2b8503f188c?s=96&d=blank&r=g","contentUrl":"https:\/\/secure.gravatar.com\/avatar\/a0f702f22ecd58ce02800a54cb2055cabe1fa8d7cf75ab377ce2f2b8503f188c?s=96&d=blank&r=g","caption":"admin"},"url":"https:\/\/reiseblock.ch\/wordpress\/author\/admin\/"}]}},"_links":{"self":[{"href":"https:\/\/reiseblock.ch\/wordpress\/wp-json\/wp\/v2\/posts\/2123","targetHints":{"allow":["GET"]}}],"collection":[{"href":"https:\/\/reiseblock.ch\/wordpress\/wp-json\/wp\/v2\/posts"}],"about":[{"href":"https:\/\/reiseblock.ch\/wordpress\/wp-json\/wp\/v2\/types\/post"}],"author":[{"embeddable":true,"href":"https:\/\/reiseblock.ch\/wordpress\/wp-json\/wp\/v2\/users\/1"}],"replies":[{"embeddable":true,"href":"https:\/\/reiseblock.ch\/wordpress\/wp-json\/wp\/v2\/comments?post=2123"}],"version-history":[{"count":4,"href":"https:\/\/reiseblock.ch\/wordpress\/wp-json\/wp\/v2\/posts\/2123\/revisions"}],"predecessor-version":[{"id":2130,"href":"https:\/\/reiseblock.ch\/wordpress\/wp-json\/wp\/v2\/posts\/2123\/revisions\/2130"}],"wp:featuredmedia":[{"embeddable":true,"href":"https:\/\/reiseblock.ch\/wordpress\/wp-json\/wp\/v2\/media\/2126"}],"wp:attachment":[{"href":"https:\/\/reiseblock.ch\/wordpress\/wp-json\/wp\/v2\/media?parent=2123"}],"wp:term":[{"taxonomy":"category","embeddable":true,"href":"https:\/\/reiseblock.ch\/wordpress\/wp-json\/wp\/v2\/categories?post=2123"},{"taxonomy":"post_tag","embeddable":true,"href":"https:\/\/reiseblock.ch\/wordpress\/wp-json\/wp\/v2\/tags?post=2123"}],"curies":[{"name":"wp","href":"https:\/\/api.w.org\/{rel}","templated":true}]}}